{"id":59522,"date":"2024-03-07T07:43:59","date_gmt":"2024-03-07T07:43:59","guid":{"rendered":"https:\/\/www.africa-press.net\/niger\/politique\/a-la-primature-le-premier-ministre-recoit-le-chef-de-mission-pour-le-niger-du-departement-africain-du-fonds-monetaire-international-fmi"},"modified":"2024-03-07T08:41:48","modified_gmt":"2024-03-07T08:41:48","slug":"a-la-primature-le-premier-ministre-recoit-le-chef-de-mission-pour-le-niger-du-departement-africain-du-fonds-monetaire-international-fmi","status":"publish","type":"post","link":"https:\/\/www.africa-press.net\/niger\/politique\/a-la-primature-le-premier-ministre-recoit-le-chef-de-mission-pour-le-niger-du-departement-africain-du-fonds-monetaire-international-fmi","title":{"rendered":"\u00c0 la primature : Le Premier ministre re\u00e7oit le Chef de mission pour le Niger du d\u00e9partement Africain du Fonds Mon\u00e9taire International (FMI)"},"content":{"rendered":"<p><span style=\"color: #ff6600\"><strong>Africa-Press &#8211; Niger. <\/strong><\/span><b>Le Premier ministre, ministre de l\u2019E\u0301conomie et des Finances, M. Ali Mahaman Lamine Zeine a rec\u0327u, le mercredi 6 mars 2024 a\u0300 son cabinet, le Chef de mission pour le Niger du de\u0301partement Africain du Fonds Mone\u0301taire International (FMI), M. Antonio David. Cette audience s\u2019est de\u0301roule\u0301e en pre\u0301sence du Repre\u0301sentant re\u0301sident pour le Niger, M. Rasmane Ouedraogo.<\/b><\/p>\n<p>A\u0300 l\u2019issue de cette audience, le Chef de mission pour le Niger du de\u0301partement Africain du FMI a souligne\u0301 les grands points qui ont marque\u0301 cet entretien. \u00ab Nous avons eu l\u2019honneur d\u2019e\u0301changer avec le Premier ministre dans le cadre d\u2019une visite des services du Fonds Mone\u0301taire International sur les de\u0301veloppements re\u0301cents de l\u2019e\u0301conomie nige\u0301rienne ainsi que des perspectives a\u0300 court et moyen termes. Nous avons aussi discute\u0301 de la mise en \u0153uvre des reformes et des priorite\u0301s du Gouvernement nige\u0301rien dans le cadre des programmes appuye\u0301s par le FMI \u00bb, a de\u0301clare\u0301 M. Antonio David.<\/p>\n<p>Par ailleurs, le Chef de mission a indique\u0301 qu\u2019au terme de cette visite, toutes les questions techniques seront prises en compte. \u00ab Ce fut une rencontre tre\u0300s productive et fructueuse. Nous allons poursuivre les discussions techniques au cours de cette mission jusqu\u2019au vendredi prochain \u00bb, a-t- il conclu.<\/p>\n<p><b>Massaouda Abdou Ibrahim (ONEP)<\/b><\/p>\n<p><strong>Pour plus d&rsquo;informations et d&rsquo;analyses sur la <a href=\"https:\/\/www.africa-press.net\/niger\">Niger<\/a>, suivez <a href=\"https:\/\/www.africa-press.net\/\">Africa-Press<\/a><\/strong><\/p>\n","protected":false},"excerpt":{"rendered":"<p>Africa-Press &#8211; Niger. Le Premier ministre, ministre de l\u2019E\u0301conomie et des Finances, M. Ali Mahaman Lamine Zeine a rec\u0327u, le mercredi 6 mars 2024 a\u0300 son cabinet, le Chef de mission pour le Niger du de\u0301partement Africain du Fonds Mone\u0301taire International (FMI), M. Antonio David. Cette audience s\u2019est de\u0301roule\u0301e en pre\u0301sence du Repre\u0301sentant re\u0301sident pour [&hellip;]<\/p>\n","protected":false},"author":82,"featured_media":59521,"comment_status":"open","ping_status":"closed","sticky":false,"template":"","format":"standard","meta":{"footnotes":""},"categories":[2,10],"tags":[55,60,29],"class_list":["post-59522","post","type-post","status-publish","format-standard","has-post-thumbnail","hentry","category-politique","category-toutes-les-actualites","tag-africa-press","tag-africa-press-niger","tag-niger"],"yoast_head":"<!-- This site is optimized with the Yoast SEO Premium plugin v26.1 (Yoast SEO v27.0) - https:\/\/yoast.com\/product\/yoast-seo-premium-wordpress\/ -->\n<title>\u00c0 la primature : Le Premier ministre re\u00e7oit le Chef de mission pour le Niger du d\u00e9partement Africain du Fonds Mon\u00e9taire International (FMI) - niger<\/title>\n<meta name=\"description\" content=\"Le Premier ministre, ministre de l\u2019E\u0301conomie et des Finances, M. Ali Mahaman Lamine Zeine a rec\u0327u, le mercredi 6 mars ...\" \/>\n<meta name=\"robots\" content=\"index, follow, max-snippet:-1, max-image-preview:large, max-video-preview:-1\" \/>\n<link rel=\"canonical\" href=\"https:\/\/www.africa-press.net\/niger\/politique\/a-la-primature-le-premier-ministre-recoit-le-chef-de-mission-pour-le-niger-du-departement-africain-du-fonds-monetaire-international-fmi\" \/>\n<meta property=\"og:locale\" content=\"fr_FR\" \/>\n<meta property=\"og:type\" content=\"article\" \/>\n<meta property=\"og:title\" content=\"\u00c0 la primature : Le Premier ministre re\u00e7oit le Chef de mission pour le Niger du d\u00e9partement Africain du Fonds Mon\u00e9taire International (FMI)\" \/>\n<meta property=\"og:description\" content=\"Le Premier ministre, ministre de l\u2019E\u0301conomie et des Finances, M. Ali Mahaman Lamine Zeine a rec\u0327u, le mercredi 6 mars ...\" \/>\n<meta property=\"og:url\" content=\"https:\/\/www.africa-press.net\/niger\/politique\/a-la-primature-le-premier-ministre-recoit-le-chef-de-mission-pour-le-niger-du-departement-africain-du-fonds-monetaire-international-fmi\" \/>\n<meta property=\"og:site_name\" content=\"niger\" \/>\n<meta property=\"article:published_time\" content=\"2024-03-07T07:43:59+00:00\" \/>\n<meta property=\"article:modified_time\" content=\"2024-03-07T08:41:48+00:00\" \/>\n<meta property=\"og:image\" content=\"https:\/\/static.africa-press.net\/niger\/sites\/40\/2024\/03\/sm_1709788019.541952.jpg\" \/>\n\t<meta property=\"og:image:width\" content=\"800\" \/>\n\t<meta property=\"og:image:height\" content=\"514\" \/>\n\t<meta property=\"og:image:type\" content=\"image\/jpeg\" \/>\n<meta name=\"author\" content=\"cfeditorfr\" \/>\n<meta name=\"twitter:card\" content=\"summary_large_image\" \/>\n<meta name=\"twitter:label1\" content=\"\u00c9crit par\" \/>\n\t<meta name=\"twitter:data1\" content=\"cfeditorfr\" \/>\n\t<meta name=\"twitter:label2\" content=\"Dur\u00e9e de lecture estim\u00e9e\" \/>\n\t<meta name=\"twitter:data2\" content=\"1 minute\" \/>\n<script type=\"application\/ld+json\" class=\"yoast-schema-graph\">{\"@context\":\"https:\/\/schema.org\",\"@graph\":[{\"@type\":\"Article\",\"@id\":\"https:\/\/www.africa-press.net\/niger\/politique\/a-la-primature-le-premier-ministre-recoit-le-chef-de-mission-pour-le-niger-du-departement-africain-du-fonds-monetaire-international-fmi#article\",\"isPartOf\":{\"@id\":\"https:\/\/www.africa-press.net\/niger\/politique\/a-la-primature-le-premier-ministre-recoit-le-chef-de-mission-pour-le-niger-du-departement-africain-du-fonds-monetaire-international-fmi\"},\"author\":{\"name\":\"cfeditorfr\",\"@id\":\"https:\/\/www.africa-press.net\/niger\/#\/schema\/person\/2b1cf3cd81a31e3cd26889ca66d677f1\"},\"headline\":\"\u00c0 la primature : Le Premier ministre re\u00e7oit le Chef de mission pour le Niger du d\u00e9partement Africain du Fonds Mon\u00e9taire International (FMI)\",\"datePublished\":\"2024-03-07T07:43:59+00:00\",\"dateModified\":\"2024-03-07T08:41:48+00:00\",\"mainEntityOfPage\":{\"@id\":\"https:\/\/www.africa-press.net\/niger\/politique\/a-la-primature-le-premier-ministre-recoit-le-chef-de-mission-pour-le-niger-du-departement-africain-du-fonds-monetaire-international-fmi\"},\"wordCount\":268,\"commentCount\":0,\"image\":{\"@id\":\"https:\/\/www.africa-press.net\/niger\/politique\/a-la-primature-le-premier-ministre-recoit-le-chef-de-mission-pour-le-niger-du-departement-africain-du-fonds-monetaire-international-fmi#primaryimage\"},\"thumbnailUrl\":\"https:\/\/static.africa-press.net\/niger\/sites\/40\/2024\/03\/sm_1709788019.541952.jpg\",\"keywords\":[\"Africa Press\",\"Africa Press-Niger\",\"Niger\"],\"articleSection\":[\"Politique\",\"Toutes les actualit\u00e9s\"],\"inLanguage\":\"fr-FR\",\"potentialAction\":[{\"@type\":\"CommentAction\",\"name\":\"Comment\",\"target\":[\"https:\/\/www.africa-press.net\/niger\/politique\/a-la-primature-le-premier-ministre-recoit-le-chef-de-mission-pour-le-niger-du-departement-africain-du-fonds-monetaire-international-fmi#respond\"]}]},{\"@type\":\"WebPage\",\"@id\":\"https:\/\/www.africa-press.net\/niger\/politique\/a-la-primature-le-premier-ministre-recoit-le-chef-de-mission-pour-le-niger-du-departement-africain-du-fonds-monetaire-international-fmi\",\"url\":\"https:\/\/www.africa-press.net\/niger\/politique\/a-la-primature-le-premier-ministre-recoit-le-chef-de-mission-pour-le-niger-du-departement-africain-du-fonds-monetaire-international-fmi\",\"name\":\"\u00c0 la primature : Le Premier ministre re\u00e7oit le Chef de mission pour le Niger du d\u00e9partement Africain du Fonds Mon\u00e9taire International (FMI) - niger\",\"isPartOf\":{\"@id\":\"https:\/\/www.africa-press.net\/niger\/#website\"},\"primaryImageOfPage\":{\"@id\":\"https:\/\/www.africa-press.net\/niger\/politique\/a-la-primature-le-premier-ministre-recoit-le-chef-de-mission-pour-le-niger-du-departement-africain-du-fonds-monetaire-international-fmi#primaryimage\"},\"image\":{\"@id\":\"https:\/\/www.africa-press.net\/niger\/politique\/a-la-primature-le-premier-ministre-recoit-le-chef-de-mission-pour-le-niger-du-departement-africain-du-fonds-monetaire-international-fmi#primaryimage\"},\"thumbnailUrl\":\"https:\/\/static.africa-press.net\/niger\/sites\/40\/2024\/03\/sm_1709788019.541952.jpg\",\"datePublished\":\"2024-03-07T07:43:59+00:00\",\"dateModified\":\"2024-03-07T08:41:48+00:00\",\"author\":{\"@id\":\"https:\/\/www.africa-press.net\/niger\/#\/schema\/person\/2b1cf3cd81a31e3cd26889ca66d677f1\"},\"description\":\"Le Premier ministre, ministre de l\u2019E\u0301conomie et des Finances, M. Ali Mahaman Lamine Zeine a rec\u0327u, le mercredi 6 mars ...\",\"breadcrumb\":{\"@id\":\"https:\/\/www.africa-press.net\/niger\/politique\/a-la-primature-le-premier-ministre-recoit-le-chef-de-mission-pour-le-niger-du-departement-africain-du-fonds-monetaire-international-fmi#breadcrumb\"},\"inLanguage\":\"fr-FR\",\"potentialAction\":[{\"@type\":\"ReadAction\",\"target\":[\"https:\/\/www.africa-press.net\/niger\/politique\/a-la-primature-le-premier-ministre-recoit-le-chef-de-mission-pour-le-niger-du-departement-africain-du-fonds-monetaire-international-fmi\"]}]},{\"@type\":\"ImageObject\",\"inLanguage\":\"fr-FR\",\"@id\":\"https:\/\/www.africa-press.net\/niger\/politique\/a-la-primature-le-premier-ministre-recoit-le-chef-de-mission-pour-le-niger-du-departement-africain-du-fonds-monetaire-international-fmi#primaryimage\",\"url\":\"https:\/\/static.africa-press.net\/niger\/sites\/40\/2024\/03\/sm_1709788019.541952.jpg\",\"contentUrl\":\"https:\/\/static.africa-press.net\/niger\/sites\/40\/2024\/03\/sm_1709788019.541952.jpg\",\"width\":800,\"height\":514,\"caption\":\"\u00c0 la primature : Le Premier ministre re\u00e7oit le Chef de mission pour le Niger du d\u00e9partement Africain du Fonds Mon\u00e9taire International (FMI)\"},{\"@type\":\"BreadcrumbList\",\"@id\":\"https:\/\/www.africa-press.net\/niger\/politique\/a-la-primature-le-premier-ministre-recoit-le-chef-de-mission-pour-le-niger-du-departement-africain-du-fonds-monetaire-international-fmi#breadcrumb\",\"itemListElement\":[{\"@type\":\"ListItem\",\"position\":1,\"name\":\"Accueil\",\"item\":\"https:\/\/www.africa-press.net\/niger\/\"},{\"@type\":\"ListItem\",\"position\":2,\"name\":\"\u00c0 la primature : Le Premier ministre re\u00e7oit le Chef de mission pour le Niger du d\u00e9partement Africain du Fonds Mon\u00e9taire International (FMI)\"}]},{\"@type\":\"WebSite\",\"@id\":\"https:\/\/www.africa-press.net\/niger\/#website\",\"url\":\"https:\/\/www.africa-press.net\/niger\/\",\"name\":\"niger\",\"description\":\"Just another Africa News Agency Sites site\",\"potentialAction\":[{\"@type\":\"SearchAction\",\"target\":{\"@type\":\"EntryPoint\",\"urlTemplate\":\"https:\/\/www.africa-press.net\/niger\/?s={search_term_string}\"},\"query-input\":{\"@type\":\"PropertyValueSpecification\",\"valueRequired\":true,\"valueName\":\"search_term_string\"}}],\"inLanguage\":\"fr-FR\"},{\"@type\":\"Person\",\"@id\":\"https:\/\/www.africa-press.net\/niger\/#\/schema\/person\/2b1cf3cd81a31e3cd26889ca66d677f1\",\"name\":\"cfeditorfr\"}]}<\/script>\n<!-- \/ Yoast SEO Premium plugin. -->","yoast_head_json":{"title":"\u00c0 la primature : Le Premier ministre re\u00e7oit le Chef de mission pour le Niger du d\u00e9partement Africain du Fonds Mon\u00e9taire International (FMI) - niger","description":"Le Premier ministre, ministre de l\u2019E\u0301conomie et des Finances, M. Ali Mahaman Lamine Zeine a rec\u0327u, le mercredi 6 mars ...","robots":{"index":"index","follow":"follow","max-snippet":"max-snippet:-1","max-image-preview":"max-image-preview:large","max-video-preview":"max-video-preview:-1"},"canonical":"https:\/\/www.africa-press.net\/niger\/politique\/a-la-primature-le-premier-ministre-recoit-le-chef-de-mission-pour-le-niger-du-departement-africain-du-fonds-monetaire-international-fmi","og_locale":"fr_FR","og_type":"article","og_title":"\u00c0 la primature : Le Premier ministre re\u00e7oit le Chef de mission pour le Niger du d\u00e9partement Africain du Fonds Mon\u00e9taire International (FMI)","og_description":"Le Premier ministre, ministre de l\u2019E\u0301conomie et des Finances, M. Ali Mahaman Lamine Zeine a rec\u0327u, le mercredi 6 mars ...","og_url":"https:\/\/www.africa-press.net\/niger\/politique\/a-la-primature-le-premier-ministre-recoit-le-chef-de-mission-pour-le-niger-du-departement-africain-du-fonds-monetaire-international-fmi","og_site_name":"niger","article_published_time":"2024-03-07T07:43:59+00:00","article_modified_time":"2024-03-07T08:41:48+00:00","og_image":[{"width":800,"height":514,"url":"https:\/\/static.africa-press.net\/niger\/sites\/40\/2024\/03\/sm_1709788019.541952.jpg","type":"image\/jpeg"}],"author":"cfeditorfr","twitter_card":"summary_large_image","twitter_misc":{"\u00c9crit par":"cfeditorfr","Dur\u00e9e de lecture estim\u00e9e":"1 minute"},"schema":{"@context":"https:\/\/schema.org","@graph":[{"@type":"Article","@id":"https:\/\/www.africa-press.net\/niger\/politique\/a-la-primature-le-premier-ministre-recoit-le-chef-de-mission-pour-le-niger-du-departement-africain-du-fonds-monetaire-international-fmi#article","isPartOf":{"@id":"https:\/\/www.africa-press.net\/niger\/politique\/a-la-primature-le-premier-ministre-recoit-le-chef-de-mission-pour-le-niger-du-departement-africain-du-fonds-monetaire-international-fmi"},"author":{"name":"cfeditorfr","@id":"https:\/\/www.africa-press.net\/niger\/#\/schema\/person\/2b1cf3cd81a31e3cd26889ca66d677f1"},"headline":"\u00c0 la primature : Le Premier ministre re\u00e7oit le Chef de mission pour le Niger du d\u00e9partement Africain du Fonds Mon\u00e9taire International (FMI)","datePublished":"2024-03-07T07:43:59+00:00","dateModified":"2024-03-07T08:41:48+00:00","mainEntityOfPage":{"@id":"https:\/\/www.africa-press.net\/niger\/politique\/a-la-primature-le-premier-ministre-recoit-le-chef-de-mission-pour-le-niger-du-departement-africain-du-fonds-monetaire-international-fmi"},"wordCount":268,"commentCount":0,"image":{"@id":"https:\/\/www.africa-press.net\/niger\/politique\/a-la-primature-le-premier-ministre-recoit-le-chef-de-mission-pour-le-niger-du-departement-africain-du-fonds-monetaire-international-fmi#primaryimage"},"thumbnailUrl":"https:\/\/static.africa-press.net\/niger\/sites\/40\/2024\/03\/sm_1709788019.541952.jpg","keywords":["Africa Press","Africa Press-Niger","Niger"],"articleSection":["Politique","Toutes les actualit\u00e9s"],"inLanguage":"fr-FR","potentialAction":[{"@type":"CommentAction","name":"Comment","target":["https:\/\/www.africa-press.net\/niger\/politique\/a-la-primature-le-premier-ministre-recoit-le-chef-de-mission-pour-le-niger-du-departement-africain-du-fonds-monetaire-international-fmi#respond"]}]},{"@type":"WebPage","@id":"https:\/\/www.africa-press.net\/niger\/politique\/a-la-primature-le-premier-ministre-recoit-le-chef-de-mission-pour-le-niger-du-departement-africain-du-fonds-monetaire-international-fmi","url":"https:\/\/www.africa-press.net\/niger\/politique\/a-la-primature-le-premier-ministre-recoit-le-chef-de-mission-pour-le-niger-du-departement-africain-du-fonds-monetaire-international-fmi","name":"\u00c0 la primature : Le Premier ministre re\u00e7oit le Chef de mission pour le Niger du d\u00e9partement Africain du Fonds Mon\u00e9taire International (FMI) - niger","isPartOf":{"@id":"https:\/\/www.africa-press.net\/niger\/#website"},"primaryImageOfPage":{"@id":"https:\/\/www.africa-press.net\/niger\/politique\/a-la-primature-le-premier-ministre-recoit-le-chef-de-mission-pour-le-niger-du-departement-africain-du-fonds-monetaire-international-fmi#primaryimage"},"image":{"@id":"https:\/\/www.africa-press.net\/niger\/politique\/a-la-primature-le-premier-ministre-recoit-le-chef-de-mission-pour-le-niger-du-departement-africain-du-fonds-monetaire-international-fmi#primaryimage"},"thumbnailUrl":"https:\/\/static.africa-press.net\/niger\/sites\/40\/2024\/03\/sm_1709788019.541952.jpg","datePublished":"2024-03-07T07:43:59+00:00","dateModified":"2024-03-07T08:41:48+00:00","author":{"@id":"https:\/\/www.africa-press.net\/niger\/#\/schema\/person\/2b1cf3cd81a31e3cd26889ca66d677f1"},"description":"Le Premier ministre, ministre de l\u2019E\u0301conomie et des Finances, M. Ali Mahaman Lamine Zeine a rec\u0327u, le mercredi 6 mars ...","breadcrumb":{"@id":"https:\/\/www.africa-press.net\/niger\/politique\/a-la-primature-le-premier-ministre-recoit-le-chef-de-mission-pour-le-niger-du-departement-africain-du-fonds-monetaire-international-fmi#breadcrumb"},"inLanguage":"fr-FR","potentialAction":[{"@type":"ReadAction","target":["https:\/\/www.africa-press.net\/niger\/politique\/a-la-primature-le-premier-ministre-recoit-le-chef-de-mission-pour-le-niger-du-departement-africain-du-fonds-monetaire-international-fmi"]}]},{"@type":"ImageObject","inLanguage":"fr-FR","@id":"https:\/\/www.africa-press.net\/niger\/politique\/a-la-primature-le-premier-ministre-recoit-le-chef-de-mission-pour-le-niger-du-departement-africain-du-fonds-monetaire-international-fmi#primaryimage","url":"https:\/\/static.africa-press.net\/niger\/sites\/40\/2024\/03\/sm_1709788019.541952.jpg","contentUrl":"https:\/\/static.africa-press.net\/niger\/sites\/40\/2024\/03\/sm_1709788019.541952.jpg","width":800,"height":514,"caption":"\u00c0 la primature : Le Premier ministre re\u00e7oit le Chef de mission pour le Niger du d\u00e9partement Africain du Fonds Mon\u00e9taire International (FMI)"},{"@type":"BreadcrumbList","@id":"https:\/\/www.africa-press.net\/niger\/politique\/a-la-primature-le-premier-ministre-recoit-le-chef-de-mission-pour-le-niger-du-departement-africain-du-fonds-monetaire-international-fmi#breadcrumb","itemListElement":[{"@type":"ListItem","position":1,"name":"Accueil","item":"https:\/\/www.africa-press.net\/niger\/"},{"@type":"ListItem","position":2,"name":"\u00c0 la primature : Le Premier ministre re\u00e7oit le Chef de mission pour le Niger du d\u00e9partement Africain du Fonds Mon\u00e9taire International (FMI)"}]},{"@type":"WebSite","@id":"https:\/\/www.africa-press.net\/niger\/#website","url":"https:\/\/www.africa-press.net\/niger\/","name":"niger","description":"Just another Africa News Agency Sites site","potentialAction":[{"@type":"SearchAction","target":{"@type":"EntryPoint","urlTemplate":"https:\/\/www.africa-press.net\/niger\/?s={search_term_string}"},"query-input":{"@type":"PropertyValueSpecification","valueRequired":true,"valueName":"search_term_string"}}],"inLanguage":"fr-FR"},{"@type":"Person","@id":"https:\/\/www.africa-press.net\/niger\/#\/schema\/person\/2b1cf3cd81a31e3cd26889ca66d677f1","name":"cfeditorfr"}]}},"_links":{"self":[{"href":"https:\/\/www.africa-press.net\/niger\/wp-json\/wp\/v2\/posts\/59522","targetHints":{"allow":["GET"]}}],"collection":[{"href":"https:\/\/www.africa-press.net\/niger\/wp-json\/wp\/v2\/posts"}],"about":[{"href":"https:\/\/www.africa-press.net\/niger\/wp-json\/wp\/v2\/types\/post"}],"author":[{"embeddable":true,"href":"https:\/\/www.africa-press.net\/niger\/wp-json\/wp\/v2\/users\/82"}],"replies":[{"embeddable":true,"href":"https:\/\/www.africa-press.net\/niger\/wp-json\/wp\/v2\/comments?post=59522"}],"version-history":[{"count":0,"href":"https:\/\/www.africa-press.net\/niger\/wp-json\/wp\/v2\/posts\/59522\/revisions"}],"wp:featuredmedia":[{"embeddable":true,"href":"https:\/\/www.africa-press.net\/niger\/wp-json\/wp\/v2\/media\/59521"}],"wp:attachment":[{"href":"https:\/\/www.africa-press.net\/niger\/wp-json\/wp\/v2\/media?parent=59522"}],"wp:term":[{"taxonomy":"category","embeddable":true,"href":"https:\/\/www.africa-press.net\/niger\/wp-json\/wp\/v2\/categories?post=59522"},{"taxonomy":"post_tag","embeddable":true,"href":"https:\/\/www.africa-press.net\/niger\/wp-json\/wp\/v2\/tags?post=59522"}],"curies":[{"name":"wp","href":"https:\/\/api.w.org\/{rel}","templated":true}]}}