{"id":59524,"date":"2024-03-07T07:44:24","date_gmt":"2024-03-07T07:44:24","guid":{"rendered":"https:\/\/www.africa-press.net\/niger\/politique\/campagne-de-vaccination-gratuite-du-cheptel-dans-la-region-de-zinder-le-ministre-de-lagriculture-et-de-lelevage-preside-une-reunion-de-synthese"},"modified":"2024-03-07T08:42:14","modified_gmt":"2024-03-07T08:42:14","slug":"campagne-de-vaccination-gratuite-du-cheptel-dans-la-region-de-zinder-le-ministre-de-lagriculture-et-de-lelevage-preside-une-reunion-de-synthese","status":"publish","type":"post","link":"https:\/\/www.africa-press.net\/niger\/politique\/campagne-de-vaccination-gratuite-du-cheptel-dans-la-region-de-zinder-le-ministre-de-lagriculture-et-de-lelevage-preside-une-reunion-de-synthese","title":{"rendered":"Campagne de vaccination gratuite du cheptel dans la r\u00e9gion de Zinder : Le ministre de l\u2019Agriculture et de l\u2019Elevage pr\u00e9side une r\u00e9union de synth\u00e8se"},"content":{"rendered":"<p><span style=\"color: #ff6600\"><strong>Africa-Press &#8211; Niger. <\/strong><\/span><b>Le ministre de l\u2019Agriculture et de l\u2019Elevage, le Colonel Mahamane Elhadj Ousmane a pre\u0301side\u0301 le lundi 05 mars 2024 a\u0300 Zinder, la re\u0301union de synthe\u0300se consacre\u0301e a\u0300 la supervision de la campagne de vaccination gratuite du cheptel 2023-2024 dans les de\u0301partements de Goure\u0301, Tesker, Tanout, Damagaram Takaya, Mirriah et Magaria.<\/b><\/p>\n<p>Cette campagne de vaccination gratuite du cheptel contre la pe\u0301ripneumonie contagieuse bovine (PPCB), la peste des petits ruminants (PPR) et la pasteurellose des camelins (PC)) qui a dure\u0301 neuf jours a permis a\u0300 la mission ministe\u0301rielle de \u2018\u2019ve\u0301rifier la disponibilite\u0301 des vaccins, l\u2019e\u0301tat de la chaine de froid, l\u2019exe\u0301cution de l\u2019acte vaccinal, d\u2019e\u0301valuer le degre\u0301 de mobilisation des e\u0301leveurs, d\u2019entretenir les communaute\u0301s sur les questions sociopolitiques et e\u0301conomiques en lien avec les e\u0301ve\u0301nements du 26 Juillet 2023, de transmettre les salutations des autorite\u0301s du CNSP, d\u2019informer les populations sur les priorite\u0301s de la transition, notamment le Programme de Re\u0301silience pour la Sauvegarde de la Patrie(PRSP), de sensibiliser les chefs traditionnels et les leaders d\u2019opinion sur la veille informative en matie\u0300re de se\u0301curite\u0301, notamment la collaboration avec les FDS afin de contribuer au maintien de la paix et de la cohe\u0301sion sociale\u2019\u2019.<\/p>\n<p>A chaque e\u0301tape, la de\u0301le\u0301gation ministe\u0301rielle s\u2019est penche\u0301e sur la sensibilisation des e\u0301leveurs issus des diffe\u0301rentes communaute\u0301s pastorales pour apporter leurs soutiens aux e\u0301quipes de\u0301ploye\u0301es sur le terrain en pre\u0301sentant massivement leurs animaux sur les sites de vaccination, afin d\u2019atteindre les objectifs fixe\u0301s de 90 % du cheptel vaccine\u0301 contre respectivement la PPCB, la PPR et la PC.<\/p>\n<p>Au cours de ses rencontres avec les communaute\u0301s de base, le ministre Mahamane Elhadj Ousmane a de\u0301cline\u0301 les principales priorite\u0301s de la transition qui se rapportent a\u0300 la se\u0301curite\u0301 du territoire, des personnes et de leurs biens, l\u2019e\u0301ducation, la sante\u0301 et la souverainete\u0301 alimentaire.<\/p>\n<p>A l\u2019issue des diffe\u0301rentes rencontres et visites effectue\u0301es, les principales pre\u0301occupations souleve\u0301es par les communaute\u0301s ont pour noms l\u2019insuffisance des infrastructures sociales (e\u0301ducation, sante\u0301, hydraulique et e\u0301levage), le manque d\u2019emplois pour les jeunes, le de\u0301ficit fourrager re\u0301current, l\u2019inflation sur les prix des produits de premie\u0300re ne\u0301cessite\u0301 (ce\u0301re\u0301ales), le manque d\u2019ame\u0301nagement pour les cultures irrigue\u0301es notamment.<\/p>\n<p>&nbsp;<\/p>\n<p><strong>Pour plus d&rsquo;informations et d&rsquo;analyses sur la <a href=\"https:\/\/www.africa-press.net\/niger\">Niger<\/a>, suivez <a href=\"https:\/\/www.africa-press.net\/\">Africa-Press<\/a><\/strong><\/p>\n","protected":false},"excerpt":{"rendered":"<p>Africa-Press &#8211; Niger. Le ministre de l\u2019Agriculture et de l\u2019Elevage, le Colonel Mahamane Elhadj Ousmane a pre\u0301side\u0301 le lundi 05 mars 2024 a\u0300 Zinder, la re\u0301union de synthe\u0300se consacre\u0301e a\u0300 la supervision de la campagne de vaccination gratuite du cheptel 2023-2024 dans les de\u0301partements de Goure\u0301, Tesker, Tanout, Damagaram Takaya, Mirriah et Magaria. Cette campagne [&hellip;]<\/p>\n","protected":false},"author":82,"featured_media":59523,"comment_status":"open","ping_status":"closed","sticky":false,"template":"","format":"standard","meta":{"footnotes":""},"categories":[2,10],"tags":[55,60,29],"class_list":["post-59524","post","type-post","status-publish","format-standard","has-post-thumbnail","hentry","category-politique","category-toutes-les-actualites","tag-africa-press","tag-africa-press-niger","tag-niger"],"yoast_head":"<!-- This site is optimized with the Yoast SEO Premium plugin v26.1 (Yoast SEO v27.0) - https:\/\/yoast.com\/product\/yoast-seo-premium-wordpress\/ -->\n<title>Campagne de vaccination gratuite du cheptel dans la r\u00e9gion de Zinder : Le ministre de l\u2019Agriculture et de l\u2019Elevage pr\u00e9side une r\u00e9union de synth\u00e8se - niger<\/title>\n<meta name=\"description\" content=\"Le ministre de l\u2019Agriculture et de l\u2019Elevage, le Colonel Mahamane Elhadj Ousmane a pre\u0301side\u0301 le lundi 05 mars 2024 a\u0300 ...\" \/>\n<meta name=\"robots\" content=\"index, follow, max-snippet:-1, max-image-preview:large, max-video-preview:-1\" \/>\n<link rel=\"canonical\" href=\"https:\/\/www.africa-press.net\/niger\/politique\/campagne-de-vaccination-gratuite-du-cheptel-dans-la-region-de-zinder-le-ministre-de-lagriculture-et-de-lelevage-preside-une-reunion-de-synthese\" \/>\n<meta property=\"og:locale\" content=\"fr_FR\" \/>\n<meta property=\"og:type\" content=\"article\" \/>\n<meta property=\"og:title\" content=\"Campagne de vaccination gratuite du cheptel dans la r\u00e9gion de Zinder : Le ministre de l\u2019Agriculture et de l\u2019Elevage pr\u00e9side une r\u00e9union de synth\u00e8se\" \/>\n<meta property=\"og:description\" content=\"Le ministre de l\u2019Agriculture et de l\u2019Elevage, le Colonel Mahamane Elhadj Ousmane a pre\u0301side\u0301 le lundi 05 mars 2024 a\u0300 ...\" \/>\n<meta property=\"og:url\" content=\"https:\/\/www.africa-press.net\/niger\/politique\/campagne-de-vaccination-gratuite-du-cheptel-dans-la-region-de-zinder-le-ministre-de-lagriculture-et-de-lelevage-preside-une-reunion-de-synthese\" \/>\n<meta property=\"og:site_name\" content=\"niger\" \/>\n<meta property=\"article:published_time\" content=\"2024-03-07T07:44:24+00:00\" \/>\n<meta property=\"article:modified_time\" content=\"2024-03-07T08:42:14+00:00\" \/>\n<meta property=\"og:image\" content=\"https:\/\/static.africa-press.net\/niger\/sites\/40\/2024\/03\/sm_1709788037.106848.jpg\" \/>\n\t<meta property=\"og:image:width\" content=\"720\" \/>\n\t<meta property=\"og:image:height\" content=\"404\" \/>\n\t<meta property=\"og:image:type\" content=\"image\/jpeg\" \/>\n<meta name=\"author\" content=\"cfeditorfr\" \/>\n<meta name=\"twitter:card\" content=\"summary_large_image\" \/>\n<meta name=\"twitter:label1\" content=\"\u00c9crit par\" \/>\n\t<meta name=\"twitter:data1\" content=\"cfeditorfr\" \/>\n\t<meta name=\"twitter:label2\" content=\"Dur\u00e9e de lecture estim\u00e9e\" \/>\n\t<meta name=\"twitter:data2\" content=\"2 minutes\" \/>\n<script type=\"application\/ld+json\" class=\"yoast-schema-graph\">{\"@context\":\"https:\/\/schema.org\",\"@graph\":[{\"@type\":\"Article\",\"@id\":\"https:\/\/www.africa-press.net\/niger\/politique\/campagne-de-vaccination-gratuite-du-cheptel-dans-la-region-de-zinder-le-ministre-de-lagriculture-et-de-lelevage-preside-une-reunion-de-synthese#article\",\"isPartOf\":{\"@id\":\"https:\/\/www.africa-press.net\/niger\/politique\/campagne-de-vaccination-gratuite-du-cheptel-dans-la-region-de-zinder-le-ministre-de-lagriculture-et-de-lelevage-preside-une-reunion-de-synthese\"},\"author\":{\"name\":\"cfeditorfr\",\"@id\":\"https:\/\/www.africa-press.net\/niger\/#\/schema\/person\/2b1cf3cd81a31e3cd26889ca66d677f1\"},\"headline\":\"Campagne de vaccination gratuite du cheptel dans la r\u00e9gion de Zinder : Le ministre de l\u2019Agriculture et de l\u2019Elevage pr\u00e9side une r\u00e9union de synth\u00e8se\",\"datePublished\":\"2024-03-07T07:44:24+00:00\",\"dateModified\":\"2024-03-07T08:42:14+00:00\",\"mainEntityOfPage\":{\"@id\":\"https:\/\/www.africa-press.net\/niger\/politique\/campagne-de-vaccination-gratuite-du-cheptel-dans-la-region-de-zinder-le-ministre-de-lagriculture-et-de-lelevage-preside-une-reunion-de-synthese\"},\"wordCount\":460,\"commentCount\":0,\"image\":{\"@id\":\"https:\/\/www.africa-press.net\/niger\/politique\/campagne-de-vaccination-gratuite-du-cheptel-dans-la-region-de-zinder-le-ministre-de-lagriculture-et-de-lelevage-preside-une-reunion-de-synthese#primaryimage\"},\"thumbnailUrl\":\"https:\/\/static.africa-press.net\/niger\/sites\/40\/2024\/03\/sm_1709788037.106848.jpg\",\"keywords\":[\"Africa Press\",\"Africa Press-Niger\",\"Niger\"],\"articleSection\":[\"Politique\",\"Toutes les actualit\u00e9s\"],\"inLanguage\":\"fr-FR\",\"potentialAction\":[{\"@type\":\"CommentAction\",\"name\":\"Comment\",\"target\":[\"https:\/\/www.africa-press.net\/niger\/politique\/campagne-de-vaccination-gratuite-du-cheptel-dans-la-region-de-zinder-le-ministre-de-lagriculture-et-de-lelevage-preside-une-reunion-de-synthese#respond\"]}]},{\"@type\":\"WebPage\",\"@id\":\"https:\/\/www.africa-press.net\/niger\/politique\/campagne-de-vaccination-gratuite-du-cheptel-dans-la-region-de-zinder-le-ministre-de-lagriculture-et-de-lelevage-preside-une-reunion-de-synthese\",\"url\":\"https:\/\/www.africa-press.net\/niger\/politique\/campagne-de-vaccination-gratuite-du-cheptel-dans-la-region-de-zinder-le-ministre-de-lagriculture-et-de-lelevage-preside-une-reunion-de-synthese\",\"name\":\"Campagne de vaccination gratuite du cheptel dans la r\u00e9gion de Zinder : Le ministre de l\u2019Agriculture et de l\u2019Elevage pr\u00e9side une r\u00e9union de synth\u00e8se - niger\",\"isPartOf\":{\"@id\":\"https:\/\/www.africa-press.net\/niger\/#website\"},\"primaryImageOfPage\":{\"@id\":\"https:\/\/www.africa-press.net\/niger\/politique\/campagne-de-vaccination-gratuite-du-cheptel-dans-la-region-de-zinder-le-ministre-de-lagriculture-et-de-lelevage-preside-une-reunion-de-synthese#primaryimage\"},\"image\":{\"@id\":\"https:\/\/www.africa-press.net\/niger\/politique\/campagne-de-vaccination-gratuite-du-cheptel-dans-la-region-de-zinder-le-ministre-de-lagriculture-et-de-lelevage-preside-une-reunion-de-synthese#primaryimage\"},\"thumbnailUrl\":\"https:\/\/static.africa-press.net\/niger\/sites\/40\/2024\/03\/sm_1709788037.106848.jpg\",\"datePublished\":\"2024-03-07T07:44:24+00:00\",\"dateModified\":\"2024-03-07T08:42:14+00:00\",\"author\":{\"@id\":\"https:\/\/www.africa-press.net\/niger\/#\/schema\/person\/2b1cf3cd81a31e3cd26889ca66d677f1\"},\"description\":\"Le ministre de l\u2019Agriculture et de l\u2019Elevage, le Colonel Mahamane Elhadj Ousmane a pre\u0301side\u0301 le lundi 05 mars 2024 a\u0300 ...\",\"breadcrumb\":{\"@id\":\"https:\/\/www.africa-press.net\/niger\/politique\/campagne-de-vaccination-gratuite-du-cheptel-dans-la-region-de-zinder-le-ministre-de-lagriculture-et-de-lelevage-preside-une-reunion-de-synthese#breadcrumb\"},\"inLanguage\":\"fr-FR\",\"potentialAction\":[{\"@type\":\"ReadAction\",\"target\":[\"https:\/\/www.africa-press.net\/niger\/politique\/campagne-de-vaccination-gratuite-du-cheptel-dans-la-region-de-zinder-le-ministre-de-lagriculture-et-de-lelevage-preside-une-reunion-de-synthese\"]}]},{\"@type\":\"ImageObject\",\"inLanguage\":\"fr-FR\",\"@id\":\"https:\/\/www.africa-press.net\/niger\/politique\/campagne-de-vaccination-gratuite-du-cheptel-dans-la-region-de-zinder-le-ministre-de-lagriculture-et-de-lelevage-preside-une-reunion-de-synthese#primaryimage\",\"url\":\"https:\/\/static.africa-press.net\/niger\/sites\/40\/2024\/03\/sm_1709788037.106848.jpg\",\"contentUrl\":\"https:\/\/static.africa-press.net\/niger\/sites\/40\/2024\/03\/sm_1709788037.106848.jpg\",\"width\":720,\"height\":404,\"caption\":\"Campagne de vaccination gratuite du cheptel dans la r\u00e9gion de Zinder : Le ministre de l\u2019Agriculture et de l\u2019Elevage pr\u00e9side une r\u00e9union de synth\u00e8se\"},{\"@type\":\"BreadcrumbList\",\"@id\":\"https:\/\/www.africa-press.net\/niger\/politique\/campagne-de-vaccination-gratuite-du-cheptel-dans-la-region-de-zinder-le-ministre-de-lagriculture-et-de-lelevage-preside-une-reunion-de-synthese#breadcrumb\",\"itemListElement\":[{\"@type\":\"ListItem\",\"position\":1,\"name\":\"Accueil\",\"item\":\"https:\/\/www.africa-press.net\/niger\/\"},{\"@type\":\"ListItem\",\"position\":2,\"name\":\"Campagne de vaccination gratuite du cheptel dans la r\u00e9gion de Zinder : Le ministre de l\u2019Agriculture et de l\u2019Elevage pr\u00e9side une r\u00e9union de synth\u00e8se\"}]},{\"@type\":\"WebSite\",\"@id\":\"https:\/\/www.africa-press.net\/niger\/#website\",\"url\":\"https:\/\/www.africa-press.net\/niger\/\",\"name\":\"niger\",\"description\":\"Just another Africa News Agency Sites site\",\"potentialAction\":[{\"@type\":\"SearchAction\",\"target\":{\"@type\":\"EntryPoint\",\"urlTemplate\":\"https:\/\/www.africa-press.net\/niger\/?s={search_term_string}\"},\"query-input\":{\"@type\":\"PropertyValueSpecification\",\"valueRequired\":true,\"valueName\":\"search_term_string\"}}],\"inLanguage\":\"fr-FR\"},{\"@type\":\"Person\",\"@id\":\"https:\/\/www.africa-press.net\/niger\/#\/schema\/person\/2b1cf3cd81a31e3cd26889ca66d677f1\",\"name\":\"cfeditorfr\"}]}<\/script>\n<!-- \/ Yoast SEO Premium plugin. -->","yoast_head_json":{"title":"Campagne de vaccination gratuite du cheptel dans la r\u00e9gion de Zinder : Le ministre de l\u2019Agriculture et de l\u2019Elevage pr\u00e9side une r\u00e9union de synth\u00e8se - niger","description":"Le ministre de l\u2019Agriculture et de l\u2019Elevage, le Colonel Mahamane Elhadj Ousmane a pre\u0301side\u0301 le lundi 05 mars 2024 a\u0300 ...","robots":{"index":"index","follow":"follow","max-snippet":"max-snippet:-1","max-image-preview":"max-image-preview:large","max-video-preview":"max-video-preview:-1"},"canonical":"https:\/\/www.africa-press.net\/niger\/politique\/campagne-de-vaccination-gratuite-du-cheptel-dans-la-region-de-zinder-le-ministre-de-lagriculture-et-de-lelevage-preside-une-reunion-de-synthese","og_locale":"fr_FR","og_type":"article","og_title":"Campagne de vaccination gratuite du cheptel dans la r\u00e9gion de Zinder : Le ministre de l\u2019Agriculture et de l\u2019Elevage pr\u00e9side une r\u00e9union de synth\u00e8se","og_description":"Le ministre de l\u2019Agriculture et de l\u2019Elevage, le Colonel Mahamane Elhadj Ousmane a pre\u0301side\u0301 le lundi 05 mars 2024 a\u0300 ...","og_url":"https:\/\/www.africa-press.net\/niger\/politique\/campagne-de-vaccination-gratuite-du-cheptel-dans-la-region-de-zinder-le-ministre-de-lagriculture-et-de-lelevage-preside-une-reunion-de-synthese","og_site_name":"niger","article_published_time":"2024-03-07T07:44:24+00:00","article_modified_time":"2024-03-07T08:42:14+00:00","og_image":[{"width":720,"height":404,"url":"https:\/\/static.africa-press.net\/niger\/sites\/40\/2024\/03\/sm_1709788037.106848.jpg","type":"image\/jpeg"}],"author":"cfeditorfr","twitter_card":"summary_large_image","twitter_misc":{"\u00c9crit par":"cfeditorfr","Dur\u00e9e de lecture estim\u00e9e":"2 minutes"},"schema":{"@context":"https:\/\/schema.org","@graph":[{"@type":"Article","@id":"https:\/\/www.africa-press.net\/niger\/politique\/campagne-de-vaccination-gratuite-du-cheptel-dans-la-region-de-zinder-le-ministre-de-lagriculture-et-de-lelevage-preside-une-reunion-de-synthese#article","isPartOf":{"@id":"https:\/\/www.africa-press.net\/niger\/politique\/campagne-de-vaccination-gratuite-du-cheptel-dans-la-region-de-zinder-le-ministre-de-lagriculture-et-de-lelevage-preside-une-reunion-de-synthese"},"author":{"name":"cfeditorfr","@id":"https:\/\/www.africa-press.net\/niger\/#\/schema\/person\/2b1cf3cd81a31e3cd26889ca66d677f1"},"headline":"Campagne de vaccination gratuite du cheptel dans la r\u00e9gion de Zinder : Le ministre de l\u2019Agriculture et de l\u2019Elevage pr\u00e9side une r\u00e9union de synth\u00e8se","datePublished":"2024-03-07T07:44:24+00:00","dateModified":"2024-03-07T08:42:14+00:00","mainEntityOfPage":{"@id":"https:\/\/www.africa-press.net\/niger\/politique\/campagne-de-vaccination-gratuite-du-cheptel-dans-la-region-de-zinder-le-ministre-de-lagriculture-et-de-lelevage-preside-une-reunion-de-synthese"},"wordCount":460,"commentCount":0,"image":{"@id":"https:\/\/www.africa-press.net\/niger\/politique\/campagne-de-vaccination-gratuite-du-cheptel-dans-la-region-de-zinder-le-ministre-de-lagriculture-et-de-lelevage-preside-une-reunion-de-synthese#primaryimage"},"thumbnailUrl":"https:\/\/static.africa-press.net\/niger\/sites\/40\/2024\/03\/sm_1709788037.106848.jpg","keywords":["Africa Press","Africa Press-Niger","Niger"],"articleSection":["Politique","Toutes les actualit\u00e9s"],"inLanguage":"fr-FR","potentialAction":[{"@type":"CommentAction","name":"Comment","target":["https:\/\/www.africa-press.net\/niger\/politique\/campagne-de-vaccination-gratuite-du-cheptel-dans-la-region-de-zinder-le-ministre-de-lagriculture-et-de-lelevage-preside-une-reunion-de-synthese#respond"]}]},{"@type":"WebPage","@id":"https:\/\/www.africa-press.net\/niger\/politique\/campagne-de-vaccination-gratuite-du-cheptel-dans-la-region-de-zinder-le-ministre-de-lagriculture-et-de-lelevage-preside-une-reunion-de-synthese","url":"https:\/\/www.africa-press.net\/niger\/politique\/campagne-de-vaccination-gratuite-du-cheptel-dans-la-region-de-zinder-le-ministre-de-lagriculture-et-de-lelevage-preside-une-reunion-de-synthese","name":"Campagne de vaccination gratuite du cheptel dans la r\u00e9gion de Zinder : Le ministre de l\u2019Agriculture et de l\u2019Elevage pr\u00e9side une r\u00e9union de synth\u00e8se - niger","isPartOf":{"@id":"https:\/\/www.africa-press.net\/niger\/#website"},"primaryImageOfPage":{"@id":"https:\/\/www.africa-press.net\/niger\/politique\/campagne-de-vaccination-gratuite-du-cheptel-dans-la-region-de-zinder-le-ministre-de-lagriculture-et-de-lelevage-preside-une-reunion-de-synthese#primaryimage"},"image":{"@id":"https:\/\/www.africa-press.net\/niger\/politique\/campagne-de-vaccination-gratuite-du-cheptel-dans-la-region-de-zinder-le-ministre-de-lagriculture-et-de-lelevage-preside-une-reunion-de-synthese#primaryimage"},"thumbnailUrl":"https:\/\/static.africa-press.net\/niger\/sites\/40\/2024\/03\/sm_1709788037.106848.jpg","datePublished":"2024-03-07T07:44:24+00:00","dateModified":"2024-03-07T08:42:14+00:00","author":{"@id":"https:\/\/www.africa-press.net\/niger\/#\/schema\/person\/2b1cf3cd81a31e3cd26889ca66d677f1"},"description":"Le ministre de l\u2019Agriculture et de l\u2019Elevage, le Colonel Mahamane Elhadj Ousmane a pre\u0301side\u0301 le lundi 05 mars 2024 a\u0300 ...","breadcrumb":{"@id":"https:\/\/www.africa-press.net\/niger\/politique\/campagne-de-vaccination-gratuite-du-cheptel-dans-la-region-de-zinder-le-ministre-de-lagriculture-et-de-lelevage-preside-une-reunion-de-synthese#breadcrumb"},"inLanguage":"fr-FR","potentialAction":[{"@type":"ReadAction","target":["https:\/\/www.africa-press.net\/niger\/politique\/campagne-de-vaccination-gratuite-du-cheptel-dans-la-region-de-zinder-le-ministre-de-lagriculture-et-de-lelevage-preside-une-reunion-de-synthese"]}]},{"@type":"ImageObject","inLanguage":"fr-FR","@id":"https:\/\/www.africa-press.net\/niger\/politique\/campagne-de-vaccination-gratuite-du-cheptel-dans-la-region-de-zinder-le-ministre-de-lagriculture-et-de-lelevage-preside-une-reunion-de-synthese#primaryimage","url":"https:\/\/static.africa-press.net\/niger\/sites\/40\/2024\/03\/sm_1709788037.106848.jpg","contentUrl":"https:\/\/static.africa-press.net\/niger\/sites\/40\/2024\/03\/sm_1709788037.106848.jpg","width":720,"height":404,"caption":"Campagne de vaccination gratuite du cheptel dans la r\u00e9gion de Zinder : Le ministre de l\u2019Agriculture et de l\u2019Elevage pr\u00e9side une r\u00e9union de synth\u00e8se"},{"@type":"BreadcrumbList","@id":"https:\/\/www.africa-press.net\/niger\/politique\/campagne-de-vaccination-gratuite-du-cheptel-dans-la-region-de-zinder-le-ministre-de-lagriculture-et-de-lelevage-preside-une-reunion-de-synthese#breadcrumb","itemListElement":[{"@type":"ListItem","position":1,"name":"Accueil","item":"https:\/\/www.africa-press.net\/niger\/"},{"@type":"ListItem","position":2,"name":"Campagne de vaccination gratuite du cheptel dans la r\u00e9gion de Zinder : Le ministre de l\u2019Agriculture et de l\u2019Elevage pr\u00e9side une r\u00e9union de synth\u00e8se"}]},{"@type":"WebSite","@id":"https:\/\/www.africa-press.net\/niger\/#website","url":"https:\/\/www.africa-press.net\/niger\/","name":"niger","description":"Just another Africa News Agency Sites site","potentialAction":[{"@type":"SearchAction","target":{"@type":"EntryPoint","urlTemplate":"https:\/\/www.africa-press.net\/niger\/?s={search_term_string}"},"query-input":{"@type":"PropertyValueSpecification","valueRequired":true,"valueName":"search_term_string"}}],"inLanguage":"fr-FR"},{"@type":"Person","@id":"https:\/\/www.africa-press.net\/niger\/#\/schema\/person\/2b1cf3cd81a31e3cd26889ca66d677f1","name":"cfeditorfr"}]}},"_links":{"self":[{"href":"https:\/\/www.africa-press.net\/niger\/wp-json\/wp\/v2\/posts\/59524","targetHints":{"allow":["GET"]}}],"collection":[{"href":"https:\/\/www.africa-press.net\/niger\/wp-json\/wp\/v2\/posts"}],"about":[{"href":"https:\/\/www.africa-press.net\/niger\/wp-json\/wp\/v2\/types\/post"}],"author":[{"embeddable":true,"href":"https:\/\/www.africa-press.net\/niger\/wp-json\/wp\/v2\/users\/82"}],"replies":[{"embeddable":true,"href":"https:\/\/www.africa-press.net\/niger\/wp-json\/wp\/v2\/comments?post=59524"}],"version-history":[{"count":0,"href":"https:\/\/www.africa-press.net\/niger\/wp-json\/wp\/v2\/posts\/59524\/revisions"}],"wp:featuredmedia":[{"embeddable":true,"href":"https:\/\/www.africa-press.net\/niger\/wp-json\/wp\/v2\/media\/59523"}],"wp:attachment":[{"href":"https:\/\/www.africa-press.net\/niger\/wp-json\/wp\/v2\/media?parent=59524"}],"wp:term":[{"taxonomy":"category","embeddable":true,"href":"https:\/\/www.africa-press.net\/niger\/wp-json\/wp\/v2\/categories?post=59524"},{"taxonomy":"post_tag","embeddable":true,"href":"https:\/\/www.africa-press.net\/niger\/wp-json\/wp\/v2\/tags?post=59524"}],"curies":[{"name":"wp","href":"https:\/\/api.w.org\/{rel}","templated":true}]}}