{"id":59526,"date":"2024-03-07T07:30:44","date_gmt":"2024-03-07T07:30:44","guid":{"rendered":"https:\/\/www.africa-press.net\/niger\/politique\/fonds-de-solidarite-pour-la-sauvegarde-de-la-patrie-le-comite-de-gestion-du-fssp-rencontre-le-noyau-central-de-sensibilisation"},"modified":"2024-03-07T08:42:42","modified_gmt":"2024-03-07T08:42:42","slug":"fonds-de-solidarite-pour-la-sauvegarde-de-la-patrie-le-comite-de-gestion-du-fssp-rencontre-le-noyau-central-de-sensibilisation","status":"publish","type":"post","link":"https:\/\/www.africa-press.net\/niger\/politique\/fonds-de-solidarite-pour-la-sauvegarde-de-la-patrie-le-comite-de-gestion-du-fssp-rencontre-le-noyau-central-de-sensibilisation","title":{"rendered":"Fonds de Solidarit\u00e9 pour la Sauvegarde de la Patrie : Le comit\u00e9 de gestion du FSSP rencontre le noyau central de sensibilisation"},"content":{"rendered":"<p><span style=\"color: #ff6600\"><strong>Africa-Press &#8211; Niger. <\/strong><\/span><b>Une re\u0301union d\u2019e\u0301changes s\u2019est tenue hier, mercredi 6 mars 2024 a\u0300 Niamey, entre les membres du Comite\u0301 de gestion du Fonds de Solidarite\u0301 pour la Sauvegarde de la Patrie et ceux du noyau central de sensibilisation sur les actions du FSSP. Ce noyau central est compose\u0301 des repre\u0301sentants des centrales syndicales, des associations fe\u0301minines, celles des jeunes, des leaders religieux et des chefs traditionnels. Cette rencontre pre\u0301side\u0301e par le Secre\u0301taire ge\u0301ne\u0301ral du comite\u0301 de gestion dudit fonds, M. Oumarou Ibrahim, a pour objectif de recueillir la contribution du noyau dans le cadre de l\u2019e\u0301laboration du plan strate\u0301gique de communication. Elle a e\u0301te\u0301 e\u0301galement l\u2019occasion de partager les conclusions de la mission du comite\u0301 de gestion du FSSP au niveau des sept re\u0301gions du pays et de proce\u0301der a\u0300 la formation des commissions de communication.<\/b><\/p>\n<p>Ces diffe\u0301rentes commissions sont la commission charge\u0301e de la communication institutionnelle, la communication en temps de crise, la communication sur les missions et les activite\u0301s du FSSP, la communication sur la promotion de nos valeurs et une commission sur la communication interprofessionnelle. A l\u2019issue de la rencontre les responsables de chacune des commissions ont e\u0301te\u0301 choisis.<\/p>\n<p>Cette rencontre a permis aussi aux acteurs pre\u0301sents de s\u2019enque\u0301rir du fonctionnement du FSSP. Pour rappel, a\u0300 cette date, le fonds a pu collecter, apre\u0300s cinq mois d\u2019exercice, une somme de 8.416.290.542 FCFA.<\/p>\n<p>Au cours de cette rencontre, le Secre\u0301taire ge\u0301ne\u0301ral du comite\u0301 de gestion du Fonds de Solidarite\u0301 pour la Sauvegarde de la Patrie, M. Oumarou Ibrahim a rappele\u0301 que ledit fonds a effectue\u0301 une tourne\u0301e a\u0300 l\u2019inte\u0301rieur du pays ce qui lui a permis d\u2019e\u0301changer avec les acteurs locaux. Selon lui, cette mission a pour but d\u2019expliquer a\u0300 la population les priorite\u0301s, objectifs et visions du FSSP afin que ces acteurs puissent connaitre le fonds, y adhe\u0301rer et soutenir le fonds qui constitue un levier de reconque\u0302te de la souverainete\u0301 nationale et alimentaire du pays. Evoquant les recommandations issues de ces rencontres en profondeur du pays, il a souligne\u0301 que les acteurs locaux ont sollicite\u0301, entre autres, l\u2019e\u0301largissement des niches d\u2019alimentation du FSSP au niveau des produits miniers, l\u2019uranium, l\u2019or et autres, autant qu\u2019il est pre\u0301leve\u0301 sur le pe\u0301trole.<\/p>\n<p>En conclusion, M. Oumarou Ibrahim a releve\u0301 l\u2019adhe\u0301sion de la population, un fort engagement des acteurs re\u0301gionaux a\u0300 accompagner le CNSP et le comite\u0301 de gestion du FSSP, un fort engagement de la chefferie traditionnelle et des leaders religieux ainsi que des responsables syndicaux, la ne\u0301cessite\u0301 de re\u0301fle\u0301chir sur le fonds d\u2019investissement pour faire en sorte que ce fonds commence a\u0300 soutenir les femmes et les jeunes dans les activite\u0301s socio-e\u0301conomiques avant la fin de la transition. Les acteurs ont encourage\u0301 le FSSP a\u0300 initier des actions urgentes de soutien en faveur des Forces de de\u0301fense et de se\u0301curite\u0301 en leur dotant des moyens et e\u0301quipements ne\u0301cessaires pour qu\u2019ils puissent mener leurs missions de de\u0301fense et de se\u0301curisation du pays. Ils ont demande\u0301 au comite\u0301 de concevoir et financer dans les meilleurs de\u0301lais quelques projets en faveur de l\u2019employabilite\u0301 des femmes. D\u2019ores et de\u0301ja\u0300 des re\u0301flexions sont en cours dans ce sens.<\/p>\n<p>Il faut noter que peu avant l\u2019ouverture de la rencontre, le comite\u0301 de gestion du fonds a re\u0301ceptionne\u0301 une somme d\u2019un million de FCFA de la part des membres de l\u2019ordre des inge\u0301nieurs art et ge\u0301nie du Niger.<\/p>\n<p>&nbsp;<\/p>\n<p><strong>Pour plus d&rsquo;informations et d&rsquo;analyses sur la <a href=\"https:\/\/www.africa-press.net\/niger\">Niger<\/a>, suivez <a href=\"https:\/\/www.africa-press.net\/\">Africa-Press<\/a><\/strong><\/p>\n","protected":false},"excerpt":{"rendered":"<p>Africa-Press &#8211; Niger. Une re\u0301union d\u2019e\u0301changes s\u2019est tenue hier, mercredi 6 mars 2024 a\u0300 Niamey, entre les membres du Comite\u0301 de gestion du Fonds de Solidarite\u0301 pour la Sauvegarde de la Patrie et ceux du noyau central de sensibilisation sur les actions du FSSP. Ce noyau central est compose\u0301 des repre\u0301sentants des centrales syndicales, des [&hellip;]<\/p>\n","protected":false},"author":82,"featured_media":59525,"comment_status":"open","ping_status":"closed","sticky":false,"template":"","format":"standard","meta":{"footnotes":""},"categories":[2,10],"tags":[55,60,29],"class_list":["post-59526","post","type-post","status-publish","format-standard","has-post-thumbnail","hentry","category-politique","category-toutes-les-actualites","tag-africa-press","tag-africa-press-niger","tag-niger"],"yoast_head":"<!-- This site is optimized with the Yoast SEO Premium plugin v26.1 (Yoast SEO v27.0) - https:\/\/yoast.com\/product\/yoast-seo-premium-wordpress\/ -->\n<title>Fonds de Solidarit\u00e9 pour la Sauvegarde de la Patrie : Le comit\u00e9 de gestion du FSSP rencontre le noyau central de sensibilisation - niger<\/title>\n<meta name=\"description\" content=\"Une re\u0301union d\u2019e\u0301changes s\u2019est tenue hier, mercredi 6 mars 2024 a\u0300 Niamey, entre les membres du Comite\u0301 de gestion du ...\" \/>\n<meta name=\"robots\" content=\"index, follow, max-snippet:-1, max-image-preview:large, max-video-preview:-1\" \/>\n<link rel=\"canonical\" href=\"https:\/\/www.africa-press.net\/niger\/politique\/fonds-de-solidarite-pour-la-sauvegarde-de-la-patrie-le-comite-de-gestion-du-fssp-rencontre-le-noyau-central-de-sensibilisation\" \/>\n<meta property=\"og:locale\" content=\"fr_FR\" \/>\n<meta property=\"og:type\" content=\"article\" \/>\n<meta property=\"og:title\" content=\"Fonds de Solidarit\u00e9 pour la Sauvegarde de la Patrie : Le comit\u00e9 de gestion du FSSP rencontre le noyau central de sensibilisation\" \/>\n<meta property=\"og:description\" content=\"Une re\u0301union d\u2019e\u0301changes s\u2019est tenue hier, mercredi 6 mars 2024 a\u0300 Niamey, entre les membres du Comite\u0301 de gestion du ...\" \/>\n<meta property=\"og:url\" content=\"https:\/\/www.africa-press.net\/niger\/politique\/fonds-de-solidarite-pour-la-sauvegarde-de-la-patrie-le-comite-de-gestion-du-fssp-rencontre-le-noyau-central-de-sensibilisation\" \/>\n<meta property=\"og:site_name\" content=\"niger\" \/>\n<meta property=\"article:published_time\" content=\"2024-03-07T07:30:44+00:00\" \/>\n<meta property=\"article:modified_time\" content=\"2024-03-07T08:42:42+00:00\" \/>\n<meta property=\"og:image\" content=\"https:\/\/static.africa-press.net\/niger\/sites\/40\/2024\/03\/sm_1709788055.993523.jpg\" \/>\n\t<meta property=\"og:image:width\" content=\"800\" \/>\n\t<meta property=\"og:image:height\" content=\"534\" \/>\n\t<meta property=\"og:image:type\" content=\"image\/jpeg\" \/>\n<meta name=\"author\" content=\"cfeditorfr\" \/>\n<meta name=\"twitter:card\" content=\"summary_large_image\" \/>\n<meta name=\"twitter:label1\" content=\"\u00c9crit par\" \/>\n\t<meta name=\"twitter:data1\" content=\"cfeditorfr\" \/>\n\t<meta name=\"twitter:label2\" content=\"Dur\u00e9e de lecture estim\u00e9e\" \/>\n\t<meta name=\"twitter:data2\" content=\"3 minutes\" \/>\n<script type=\"application\/ld+json\" class=\"yoast-schema-graph\">{\"@context\":\"https:\/\/schema.org\",\"@graph\":[{\"@type\":\"Article\",\"@id\":\"https:\/\/www.africa-press.net\/niger\/politique\/fonds-de-solidarite-pour-la-sauvegarde-de-la-patrie-le-comite-de-gestion-du-fssp-rencontre-le-noyau-central-de-sensibilisation#article\",\"isPartOf\":{\"@id\":\"https:\/\/www.africa-press.net\/niger\/politique\/fonds-de-solidarite-pour-la-sauvegarde-de-la-patrie-le-comite-de-gestion-du-fssp-rencontre-le-noyau-central-de-sensibilisation\"},\"author\":{\"name\":\"cfeditorfr\",\"@id\":\"https:\/\/www.africa-press.net\/niger\/#\/schema\/person\/2b1cf3cd81a31e3cd26889ca66d677f1\"},\"headline\":\"Fonds de Solidarit\u00e9 pour la Sauvegarde de la Patrie : Le comit\u00e9 de gestion du FSSP rencontre le noyau central de sensibilisation\",\"datePublished\":\"2024-03-07T07:30:44+00:00\",\"dateModified\":\"2024-03-07T08:42:42+00:00\",\"mainEntityOfPage\":{\"@id\":\"https:\/\/www.africa-press.net\/niger\/politique\/fonds-de-solidarite-pour-la-sauvegarde-de-la-patrie-le-comite-de-gestion-du-fssp-rencontre-le-noyau-central-de-sensibilisation\"},\"wordCount\":661,\"commentCount\":0,\"image\":{\"@id\":\"https:\/\/www.africa-press.net\/niger\/politique\/fonds-de-solidarite-pour-la-sauvegarde-de-la-patrie-le-comite-de-gestion-du-fssp-rencontre-le-noyau-central-de-sensibilisation#primaryimage\"},\"thumbnailUrl\":\"https:\/\/static.africa-press.net\/niger\/sites\/40\/2024\/03\/sm_1709788055.993523.jpg\",\"keywords\":[\"Africa Press\",\"Africa Press-Niger\",\"Niger\"],\"articleSection\":[\"Politique\",\"Toutes les actualit\u00e9s\"],\"inLanguage\":\"fr-FR\",\"potentialAction\":[{\"@type\":\"CommentAction\",\"name\":\"Comment\",\"target\":[\"https:\/\/www.africa-press.net\/niger\/politique\/fonds-de-solidarite-pour-la-sauvegarde-de-la-patrie-le-comite-de-gestion-du-fssp-rencontre-le-noyau-central-de-sensibilisation#respond\"]}]},{\"@type\":\"WebPage\",\"@id\":\"https:\/\/www.africa-press.net\/niger\/politique\/fonds-de-solidarite-pour-la-sauvegarde-de-la-patrie-le-comite-de-gestion-du-fssp-rencontre-le-noyau-central-de-sensibilisation\",\"url\":\"https:\/\/www.africa-press.net\/niger\/politique\/fonds-de-solidarite-pour-la-sauvegarde-de-la-patrie-le-comite-de-gestion-du-fssp-rencontre-le-noyau-central-de-sensibilisation\",\"name\":\"Fonds de Solidarit\u00e9 pour la Sauvegarde de la Patrie : Le comit\u00e9 de gestion du FSSP rencontre le noyau central de sensibilisation - niger\",\"isPartOf\":{\"@id\":\"https:\/\/www.africa-press.net\/niger\/#website\"},\"primaryImageOfPage\":{\"@id\":\"https:\/\/www.africa-press.net\/niger\/politique\/fonds-de-solidarite-pour-la-sauvegarde-de-la-patrie-le-comite-de-gestion-du-fssp-rencontre-le-noyau-central-de-sensibilisation#primaryimage\"},\"image\":{\"@id\":\"https:\/\/www.africa-press.net\/niger\/politique\/fonds-de-solidarite-pour-la-sauvegarde-de-la-patrie-le-comite-de-gestion-du-fssp-rencontre-le-noyau-central-de-sensibilisation#primaryimage\"},\"thumbnailUrl\":\"https:\/\/static.africa-press.net\/niger\/sites\/40\/2024\/03\/sm_1709788055.993523.jpg\",\"datePublished\":\"2024-03-07T07:30:44+00:00\",\"dateModified\":\"2024-03-07T08:42:42+00:00\",\"author\":{\"@id\":\"https:\/\/www.africa-press.net\/niger\/#\/schema\/person\/2b1cf3cd81a31e3cd26889ca66d677f1\"},\"description\":\"Une re\u0301union d\u2019e\u0301changes s\u2019est tenue hier, mercredi 6 mars 2024 a\u0300 Niamey, entre les membres du Comite\u0301 de gestion du ...\",\"breadcrumb\":{\"@id\":\"https:\/\/www.africa-press.net\/niger\/politique\/fonds-de-solidarite-pour-la-sauvegarde-de-la-patrie-le-comite-de-gestion-du-fssp-rencontre-le-noyau-central-de-sensibilisation#breadcrumb\"},\"inLanguage\":\"fr-FR\",\"potentialAction\":[{\"@type\":\"ReadAction\",\"target\":[\"https:\/\/www.africa-press.net\/niger\/politique\/fonds-de-solidarite-pour-la-sauvegarde-de-la-patrie-le-comite-de-gestion-du-fssp-rencontre-le-noyau-central-de-sensibilisation\"]}]},{\"@type\":\"ImageObject\",\"inLanguage\":\"fr-FR\",\"@id\":\"https:\/\/www.africa-press.net\/niger\/politique\/fonds-de-solidarite-pour-la-sauvegarde-de-la-patrie-le-comite-de-gestion-du-fssp-rencontre-le-noyau-central-de-sensibilisation#primaryimage\",\"url\":\"https:\/\/static.africa-press.net\/niger\/sites\/40\/2024\/03\/sm_1709788055.993523.jpg\",\"contentUrl\":\"https:\/\/static.africa-press.net\/niger\/sites\/40\/2024\/03\/sm_1709788055.993523.jpg\",\"width\":800,\"height\":534,\"caption\":\"Fonds de Solidarit\u00e9 pour la Sauvegarde de la Patrie : Le comit\u00e9 de gestion du FSSP rencontre le noyau central de sensibilisation\"},{\"@type\":\"BreadcrumbList\",\"@id\":\"https:\/\/www.africa-press.net\/niger\/politique\/fonds-de-solidarite-pour-la-sauvegarde-de-la-patrie-le-comite-de-gestion-du-fssp-rencontre-le-noyau-central-de-sensibilisation#breadcrumb\",\"itemListElement\":[{\"@type\":\"ListItem\",\"position\":1,\"name\":\"Accueil\",\"item\":\"https:\/\/www.africa-press.net\/niger\/\"},{\"@type\":\"ListItem\",\"position\":2,\"name\":\"Fonds de Solidarit\u00e9 pour la Sauvegarde de la Patrie : Le comit\u00e9 de gestion du FSSP rencontre le noyau central de sensibilisation\"}]},{\"@type\":\"WebSite\",\"@id\":\"https:\/\/www.africa-press.net\/niger\/#website\",\"url\":\"https:\/\/www.africa-press.net\/niger\/\",\"name\":\"niger\",\"description\":\"Just another Africa News Agency Sites site\",\"potentialAction\":[{\"@type\":\"SearchAction\",\"target\":{\"@type\":\"EntryPoint\",\"urlTemplate\":\"https:\/\/www.africa-press.net\/niger\/?s={search_term_string}\"},\"query-input\":{\"@type\":\"PropertyValueSpecification\",\"valueRequired\":true,\"valueName\":\"search_term_string\"}}],\"inLanguage\":\"fr-FR\"},{\"@type\":\"Person\",\"@id\":\"https:\/\/www.africa-press.net\/niger\/#\/schema\/person\/2b1cf3cd81a31e3cd26889ca66d677f1\",\"name\":\"cfeditorfr\"}]}<\/script>\n<!-- \/ Yoast SEO Premium plugin. -->","yoast_head_json":{"title":"Fonds de Solidarit\u00e9 pour la Sauvegarde de la Patrie : Le comit\u00e9 de gestion du FSSP rencontre le noyau central de sensibilisation - niger","description":"Une re\u0301union d\u2019e\u0301changes s\u2019est tenue hier, mercredi 6 mars 2024 a\u0300 Niamey, entre les membres du Comite\u0301 de gestion du ...","robots":{"index":"index","follow":"follow","max-snippet":"max-snippet:-1","max-image-preview":"max-image-preview:large","max-video-preview":"max-video-preview:-1"},"canonical":"https:\/\/www.africa-press.net\/niger\/politique\/fonds-de-solidarite-pour-la-sauvegarde-de-la-patrie-le-comite-de-gestion-du-fssp-rencontre-le-noyau-central-de-sensibilisation","og_locale":"fr_FR","og_type":"article","og_title":"Fonds de Solidarit\u00e9 pour la Sauvegarde de la Patrie : Le comit\u00e9 de gestion du FSSP rencontre le noyau central de sensibilisation","og_description":"Une re\u0301union d\u2019e\u0301changes s\u2019est tenue hier, mercredi 6 mars 2024 a\u0300 Niamey, entre les membres du Comite\u0301 de gestion du ...","og_url":"https:\/\/www.africa-press.net\/niger\/politique\/fonds-de-solidarite-pour-la-sauvegarde-de-la-patrie-le-comite-de-gestion-du-fssp-rencontre-le-noyau-central-de-sensibilisation","og_site_name":"niger","article_published_time":"2024-03-07T07:30:44+00:00","article_modified_time":"2024-03-07T08:42:42+00:00","og_image":[{"width":800,"height":534,"url":"https:\/\/static.africa-press.net\/niger\/sites\/40\/2024\/03\/sm_1709788055.993523.jpg","type":"image\/jpeg"}],"author":"cfeditorfr","twitter_card":"summary_large_image","twitter_misc":{"\u00c9crit par":"cfeditorfr","Dur\u00e9e de lecture estim\u00e9e":"3 minutes"},"schema":{"@context":"https:\/\/schema.org","@graph":[{"@type":"Article","@id":"https:\/\/www.africa-press.net\/niger\/politique\/fonds-de-solidarite-pour-la-sauvegarde-de-la-patrie-le-comite-de-gestion-du-fssp-rencontre-le-noyau-central-de-sensibilisation#article","isPartOf":{"@id":"https:\/\/www.africa-press.net\/niger\/politique\/fonds-de-solidarite-pour-la-sauvegarde-de-la-patrie-le-comite-de-gestion-du-fssp-rencontre-le-noyau-central-de-sensibilisation"},"author":{"name":"cfeditorfr","@id":"https:\/\/www.africa-press.net\/niger\/#\/schema\/person\/2b1cf3cd81a31e3cd26889ca66d677f1"},"headline":"Fonds de Solidarit\u00e9 pour la Sauvegarde de la Patrie : Le comit\u00e9 de gestion du FSSP rencontre le noyau central de sensibilisation","datePublished":"2024-03-07T07:30:44+00:00","dateModified":"2024-03-07T08:42:42+00:00","mainEntityOfPage":{"@id":"https:\/\/www.africa-press.net\/niger\/politique\/fonds-de-solidarite-pour-la-sauvegarde-de-la-patrie-le-comite-de-gestion-du-fssp-rencontre-le-noyau-central-de-sensibilisation"},"wordCount":661,"commentCount":0,"image":{"@id":"https:\/\/www.africa-press.net\/niger\/politique\/fonds-de-solidarite-pour-la-sauvegarde-de-la-patrie-le-comite-de-gestion-du-fssp-rencontre-le-noyau-central-de-sensibilisation#primaryimage"},"thumbnailUrl":"https:\/\/static.africa-press.net\/niger\/sites\/40\/2024\/03\/sm_1709788055.993523.jpg","keywords":["Africa Press","Africa Press-Niger","Niger"],"articleSection":["Politique","Toutes les actualit\u00e9s"],"inLanguage":"fr-FR","potentialAction":[{"@type":"CommentAction","name":"Comment","target":["https:\/\/www.africa-press.net\/niger\/politique\/fonds-de-solidarite-pour-la-sauvegarde-de-la-patrie-le-comite-de-gestion-du-fssp-rencontre-le-noyau-central-de-sensibilisation#respond"]}]},{"@type":"WebPage","@id":"https:\/\/www.africa-press.net\/niger\/politique\/fonds-de-solidarite-pour-la-sauvegarde-de-la-patrie-le-comite-de-gestion-du-fssp-rencontre-le-noyau-central-de-sensibilisation","url":"https:\/\/www.africa-press.net\/niger\/politique\/fonds-de-solidarite-pour-la-sauvegarde-de-la-patrie-le-comite-de-gestion-du-fssp-rencontre-le-noyau-central-de-sensibilisation","name":"Fonds de Solidarit\u00e9 pour la Sauvegarde de la Patrie : Le comit\u00e9 de gestion du FSSP rencontre le noyau central de sensibilisation - niger","isPartOf":{"@id":"https:\/\/www.africa-press.net\/niger\/#website"},"primaryImageOfPage":{"@id":"https:\/\/www.africa-press.net\/niger\/politique\/fonds-de-solidarite-pour-la-sauvegarde-de-la-patrie-le-comite-de-gestion-du-fssp-rencontre-le-noyau-central-de-sensibilisation#primaryimage"},"image":{"@id":"https:\/\/www.africa-press.net\/niger\/politique\/fonds-de-solidarite-pour-la-sauvegarde-de-la-patrie-le-comite-de-gestion-du-fssp-rencontre-le-noyau-central-de-sensibilisation#primaryimage"},"thumbnailUrl":"https:\/\/static.africa-press.net\/niger\/sites\/40\/2024\/03\/sm_1709788055.993523.jpg","datePublished":"2024-03-07T07:30:44+00:00","dateModified":"2024-03-07T08:42:42+00:00","author":{"@id":"https:\/\/www.africa-press.net\/niger\/#\/schema\/person\/2b1cf3cd81a31e3cd26889ca66d677f1"},"description":"Une re\u0301union d\u2019e\u0301changes s\u2019est tenue hier, mercredi 6 mars 2024 a\u0300 Niamey, entre les membres du Comite\u0301 de gestion du ...","breadcrumb":{"@id":"https:\/\/www.africa-press.net\/niger\/politique\/fonds-de-solidarite-pour-la-sauvegarde-de-la-patrie-le-comite-de-gestion-du-fssp-rencontre-le-noyau-central-de-sensibilisation#breadcrumb"},"inLanguage":"fr-FR","potentialAction":[{"@type":"ReadAction","target":["https:\/\/www.africa-press.net\/niger\/politique\/fonds-de-solidarite-pour-la-sauvegarde-de-la-patrie-le-comite-de-gestion-du-fssp-rencontre-le-noyau-central-de-sensibilisation"]}]},{"@type":"ImageObject","inLanguage":"fr-FR","@id":"https:\/\/www.africa-press.net\/niger\/politique\/fonds-de-solidarite-pour-la-sauvegarde-de-la-patrie-le-comite-de-gestion-du-fssp-rencontre-le-noyau-central-de-sensibilisation#primaryimage","url":"https:\/\/static.africa-press.net\/niger\/sites\/40\/2024\/03\/sm_1709788055.993523.jpg","contentUrl":"https:\/\/static.africa-press.net\/niger\/sites\/40\/2024\/03\/sm_1709788055.993523.jpg","width":800,"height":534,"caption":"Fonds de Solidarit\u00e9 pour la Sauvegarde de la Patrie : Le comit\u00e9 de gestion du FSSP rencontre le noyau central de sensibilisation"},{"@type":"BreadcrumbList","@id":"https:\/\/www.africa-press.net\/niger\/politique\/fonds-de-solidarite-pour-la-sauvegarde-de-la-patrie-le-comite-de-gestion-du-fssp-rencontre-le-noyau-central-de-sensibilisation#breadcrumb","itemListElement":[{"@type":"ListItem","position":1,"name":"Accueil","item":"https:\/\/www.africa-press.net\/niger\/"},{"@type":"ListItem","position":2,"name":"Fonds de Solidarit\u00e9 pour la Sauvegarde de la Patrie : Le comit\u00e9 de gestion du FSSP rencontre le noyau central de sensibilisation"}]},{"@type":"WebSite","@id":"https:\/\/www.africa-press.net\/niger\/#website","url":"https:\/\/www.africa-press.net\/niger\/","name":"niger","description":"Just another Africa News Agency Sites site","potentialAction":[{"@type":"SearchAction","target":{"@type":"EntryPoint","urlTemplate":"https:\/\/www.africa-press.net\/niger\/?s={search_term_string}"},"query-input":{"@type":"PropertyValueSpecification","valueRequired":true,"valueName":"search_term_string"}}],"inLanguage":"fr-FR"},{"@type":"Person","@id":"https:\/\/www.africa-press.net\/niger\/#\/schema\/person\/2b1cf3cd81a31e3cd26889ca66d677f1","name":"cfeditorfr"}]}},"_links":{"self":[{"href":"https:\/\/www.africa-press.net\/niger\/wp-json\/wp\/v2\/posts\/59526","targetHints":{"allow":["GET"]}}],"collection":[{"href":"https:\/\/www.africa-press.net\/niger\/wp-json\/wp\/v2\/posts"}],"about":[{"href":"https:\/\/www.africa-press.net\/niger\/wp-json\/wp\/v2\/types\/post"}],"author":[{"embeddable":true,"href":"https:\/\/www.africa-press.net\/niger\/wp-json\/wp\/v2\/users\/82"}],"replies":[{"embeddable":true,"href":"https:\/\/www.africa-press.net\/niger\/wp-json\/wp\/v2\/comments?post=59526"}],"version-history":[{"count":0,"href":"https:\/\/www.africa-press.net\/niger\/wp-json\/wp\/v2\/posts\/59526\/revisions"}],"wp:featuredmedia":[{"embeddable":true,"href":"https:\/\/www.africa-press.net\/niger\/wp-json\/wp\/v2\/media\/59525"}],"wp:attachment":[{"href":"https:\/\/www.africa-press.net\/niger\/wp-json\/wp\/v2\/media?parent=59526"}],"wp:term":[{"taxonomy":"category","embeddable":true,"href":"https:\/\/www.africa-press.net\/niger\/wp-json\/wp\/v2\/categories?post=59526"},{"taxonomy":"post_tag","embeddable":true,"href":"https:\/\/www.africa-press.net\/niger\/wp-json\/wp\/v2\/tags?post=59526"}],"curies":[{"name":"wp","href":"https:\/\/api.w.org\/{rel}","templated":true}]}}