{"id":59549,"date":"2024-03-07T07:00:41","date_gmt":"2024-03-07T07:00:41","guid":{"rendered":"https:\/\/www.africa-press.net\/niger\/politique\/pourquoi-air-cote-divoire-ne-peut-pas-atterrir-au-niger"},"modified":"2024-03-07T12:29:55","modified_gmt":"2024-03-07T12:29:55","slug":"pourquoi-air-cote-divoire-ne-peut-pas-atterrir-au-niger","status":"publish","type":"post","link":"https:\/\/www.africa-press.net\/niger\/dossiers\/pourquoi-air-cote-divoire-ne-peut-pas-atterrir-au-niger","title":{"rendered":"Pourquoi Air C\u00f4te d\u2019Ivoire ne peut pas atterrir au Niger"},"content":{"rendered":"<p><b>Nelly Fualdes<\/b><\/p>\n<p><span style=\"color: #ff6600\"><strong>Africa-Press &#8211; Niger. <\/strong><\/span><b>Malgre\u0301 la leve\u0301e de l\u2019embargo de la Cedeao, l\u2019aviation civile nige\u0301rienne n\u2019a pas valide\u0301, a\u0300 ce jour, le retour du pavillon ivoirien dans la capitale, alors que son concurrent, Asky, a de\u0301ja\u0300 repris ses vols vers Niamey. Explications.<\/b><\/p>\n<p>Moins d\u2019une semaine apre\u0300s la leve\u0301e de l\u2019embargo impose\u0301 au Niger par la Communaute\u0301 e\u0301conomique des E\u0301tats de l\u2019Afrique de l\u2019Ouest (Cedeao), deux compagnies ouest-africaines, Asky et Air Co\u0302te d\u2019Ivoire, avaient annonce\u0301 leur intention de reprendre leurs vols quotidiens vers Niamey. Toutes deux avaient donne\u0301 la me\u0302me date de de\u0301but d\u2019ope\u0301ration: le 2 mars.<\/p>\n<p>Moins d\u2019une semaine apre\u0300s la leve\u0301e de l\u2019embargo impose\u0301 au Niger par la Communaute\u0301 e\u0301conomique des E\u0301tats de l\u2019Afrique de l\u2019Ouest (Cedeao), deux compagnies ouest-africaines, Asky et Air Co\u0302te d\u2019Ivoire, avaient annonce\u0301 leur intention de reprendre leurs vols quotidiens vers Niamey. Toutes deux avaient donne\u0301 la me\u0302me date de de\u0301but d\u2019ope\u0301ration: le 2 mars.<\/p>\n<p>Mais le jour dit, seul l\u2019avion d\u2019Asky a pris son envol, depuis Lome\u0301, pour la capitale nige\u0301rienne. Interroge\u0301 par Jeune Afrique, Air Co\u0302te d\u2019Ivoire a pre\u0301cise\u0301 attendre encore les autorisations ne\u0301cessaires a\u0300 son retour.<\/p>\n<p><b>Interdiction prolonge\u0301e pour Air Co\u0302te d\u2019Ivoire<\/b><\/p>\n<p>Le 28 fe\u0301vrier, la compagnie avait assure\u0301 a\u0300 JA que le Notam (notification aux services de navigation ae\u0301rienne) signalant la fin de l\u2019embargo e\u0301tait la seule information ne\u0301cessaire a\u0300 la reprise de sa desserte. Une lecture que n\u2019a semble-t-il pas valide\u0301e le colonel Hamadou Ousseini Ibrahim, directeur ge\u0301ne\u0301ral de l\u2019aviation civile nige\u0301rienne (Anac) depuis novembre 2023, en remplacement d\u2019Elhadji Ayaha Ahmed, de\u0301ce\u0301de\u0301 en septembre de la me\u0302me anne\u0301e.<\/p>\n<p>Malgre\u0301 l\u2019affirmation des autorite\u0301s nige\u0301riennes \u2013 rappele\u0301e dans un Notam date\u0301 du 2 mars \u2013 selon laquelle les ae\u0301roports de Niamey, Zinder et Agadez e\u0301taient ouverts a\u0300 \u00ab tous les vols commerciaux, internationaux et domestiques \u00bb, la reprise d\u2019une liaison internationale interrompue reste avant tout sujette a\u0300 l\u2019assentiment des parties concerne\u0301es. Les agre\u0301ments et autorisations de vols doivent e\u0302tre re\u0301active\u0301s par les autorite\u0301s compe\u0301tentes. En Co\u0302te d\u2019Ivoire, c\u2019est sous la houlette de Sinaly Silue\u0301, directeur de l\u2019Anac CI, que doivent se tenir ces discussions.<\/p>\n<p>Pour le Togo, ou\u0300 l\u2019aviation civile est dirige\u0301e depuis janvier par Idrissou Abdou Ahabou, Asky avait confirme\u0301 a\u0300 JA avoir rec\u0327u de Niamey toutes les autorisations ne\u0301cessaires a\u0300 ses ope\u0301rations au Niger.<\/p>\n<p>Les autorite\u0301s ae\u0301ronautiques nige\u0301riennes ont en outre re\u0301ite\u0301re\u0301, le 4 mars, l\u2019interdiction de survol de leur territoire \u00ab aux ae\u0301ronefs franc\u0327ais ou affre\u0301te\u0301s par la France, y compris ceux de la compagnie ae\u0301rienne Air France \u00bb. Une restriction dont la limite de validite\u0301, sans cesse repousse\u0301e, est de\u0301sormais fixe\u0301e au 4 juin.<\/p>\n<p><b>Source: JeuneAfrique<\/b><\/p>\n<p><strong>Pour plus d&rsquo;informations et d&rsquo;analyses sur la <a href=\"https:\/\/www.africa-press.net\/niger\">Niger<\/a>, suivez <a href=\"https:\/\/www.africa-press.net\/\">Africa-Press<\/a><\/strong><\/p>\n","protected":false},"excerpt":{"rendered":"<p>Nelly Fualdes Africa-Press &#8211; Niger. Malgre\u0301 la leve\u0301e de l\u2019embargo de la Cedeao, l\u2019aviation civile nige\u0301rienne n\u2019a pas valide\u0301, a\u0300 ce jour, le retour du pavillon ivoirien dans la capitale, alors que son concurrent, Asky, a de\u0301ja\u0300 repris ses vols vers Niamey. Explications. Moins d\u2019une semaine apre\u0300s la leve\u0301e de l\u2019embargo impose\u0301 au Niger par [&hellip;]<\/p>\n","protected":false},"author":82,"featured_media":59548,"comment_status":"open","ping_status":"closed","sticky":false,"template":"","format":"standard","meta":{"footnotes":""},"categories":[7,73,20,10],"tags":[55,60,29],"class_list":["post-59549","post","type-post","status-publish","format-standard","has-post-thumbnail","hentry","category-dossiers","category-to-homepage","category-top-nouvelles","category-toutes-les-actualites","tag-africa-press","tag-africa-press-niger","tag-niger"],"yoast_head":"<!-- This site is optimized with the Yoast SEO Premium plugin v26.1 (Yoast SEO v27.0) - https:\/\/yoast.com\/product\/yoast-seo-premium-wordpress\/ -->\n<title>Pourquoi Air C\u00f4te d\u2019Ivoire ne peut pas atterrir au Niger - niger<\/title>\n<meta name=\"description\" content=\"Malgre\u0301 la leve\u0301e de l\u2019embargo de la Cedeao, l\u2019aviation civile nige\u0301rienne n\u2019a pas valide\u0301, a\u0300 ce jour, le retour du ...\" \/>\n<meta name=\"robots\" content=\"index, follow, max-snippet:-1, max-image-preview:large, max-video-preview:-1\" \/>\n<link rel=\"canonical\" href=\"https:\/\/www.africa-press.net\/niger\/dossiers\/pourquoi-air-cote-divoire-ne-peut-pas-atterrir-au-niger\" \/>\n<meta property=\"og:locale\" content=\"fr_FR\" \/>\n<meta property=\"og:type\" content=\"article\" \/>\n<meta property=\"og:title\" content=\"Pourquoi Air C\u00f4te d\u2019Ivoire ne peut pas atterrir au Niger\" \/>\n<meta property=\"og:description\" content=\"Malgre\u0301 la leve\u0301e de l\u2019embargo de la Cedeao, l\u2019aviation civile nige\u0301rienne n\u2019a pas valide\u0301, a\u0300 ce jour, le retour du ...\" \/>\n<meta property=\"og:url\" content=\"https:\/\/www.africa-press.net\/niger\/dossiers\/pourquoi-air-cote-divoire-ne-peut-pas-atterrir-au-niger\" \/>\n<meta property=\"og:site_name\" content=\"niger\" \/>\n<meta property=\"article:published_time\" content=\"2024-03-07T07:00:41+00:00\" \/>\n<meta property=\"article:modified_time\" content=\"2024-03-07T12:29:55+00:00\" \/>\n<meta property=\"og:image\" content=\"https:\/\/static.africa-press.net\/niger\/sites\/40\/2024\/03\/sm_1709788448.615241.jpg\" \/>\n\t<meta property=\"og:image:width\" content=\"1280\" \/>\n\t<meta property=\"og:image:height\" content=\"720\" \/>\n\t<meta property=\"og:image:type\" content=\"image\/jpeg\" \/>\n<meta name=\"author\" content=\"cfeditorfr\" \/>\n<meta name=\"twitter:card\" content=\"summary_large_image\" \/>\n<meta name=\"twitter:label1\" content=\"\u00c9crit par\" \/>\n\t<meta name=\"twitter:data1\" content=\"cfeditorfr\" \/>\n\t<meta name=\"twitter:label2\" content=\"Dur\u00e9e de lecture estim\u00e9e\" \/>\n\t<meta name=\"twitter:data2\" content=\"3 minutes\" \/>\n<script type=\"application\/ld+json\" class=\"yoast-schema-graph\">{\"@context\":\"https:\/\/schema.org\",\"@graph\":[{\"@type\":\"Article\",\"@id\":\"https:\/\/www.africa-press.net\/niger\/dossiers\/pourquoi-air-cote-divoire-ne-peut-pas-atterrir-au-niger#article\",\"isPartOf\":{\"@id\":\"https:\/\/www.africa-press.net\/niger\/dossiers\/pourquoi-air-cote-divoire-ne-peut-pas-atterrir-au-niger\"},\"author\":{\"name\":\"cfeditorfr\",\"@id\":\"https:\/\/www.africa-press.net\/niger\/#\/schema\/person\/2b1cf3cd81a31e3cd26889ca66d677f1\"},\"headline\":\"Pourquoi Air C\u00f4te d\u2019Ivoire ne peut pas atterrir au Niger\",\"datePublished\":\"2024-03-07T07:00:41+00:00\",\"dateModified\":\"2024-03-07T12:29:55+00:00\",\"mainEntityOfPage\":{\"@id\":\"https:\/\/www.africa-press.net\/niger\/dossiers\/pourquoi-air-cote-divoire-ne-peut-pas-atterrir-au-niger\"},\"wordCount\":538,\"commentCount\":0,\"image\":{\"@id\":\"https:\/\/www.africa-press.net\/niger\/dossiers\/pourquoi-air-cote-divoire-ne-peut-pas-atterrir-au-niger#primaryimage\"},\"thumbnailUrl\":\"https:\/\/static.africa-press.net\/niger\/sites\/40\/2024\/03\/sm_1709788448.615241.jpg\",\"keywords\":[\"Africa Press\",\"Africa Press-Niger\",\"Niger\"],\"articleSection\":[\"Dossiers\",\"to-homepage\",\"Top Nouvelles\",\"Toutes les actualit\u00e9s\"],\"inLanguage\":\"fr-FR\",\"potentialAction\":[{\"@type\":\"CommentAction\",\"name\":\"Comment\",\"target\":[\"https:\/\/www.africa-press.net\/niger\/dossiers\/pourquoi-air-cote-divoire-ne-peut-pas-atterrir-au-niger#respond\"]}]},{\"@type\":\"WebPage\",\"@id\":\"https:\/\/www.africa-press.net\/niger\/dossiers\/pourquoi-air-cote-divoire-ne-peut-pas-atterrir-au-niger\",\"url\":\"https:\/\/www.africa-press.net\/niger\/dossiers\/pourquoi-air-cote-divoire-ne-peut-pas-atterrir-au-niger\",\"name\":\"Pourquoi Air C\u00f4te d\u2019Ivoire ne peut pas atterrir au Niger - niger\",\"isPartOf\":{\"@id\":\"https:\/\/www.africa-press.net\/niger\/#website\"},\"primaryImageOfPage\":{\"@id\":\"https:\/\/www.africa-press.net\/niger\/dossiers\/pourquoi-air-cote-divoire-ne-peut-pas-atterrir-au-niger#primaryimage\"},\"image\":{\"@id\":\"https:\/\/www.africa-press.net\/niger\/dossiers\/pourquoi-air-cote-divoire-ne-peut-pas-atterrir-au-niger#primaryimage\"},\"thumbnailUrl\":\"https:\/\/static.africa-press.net\/niger\/sites\/40\/2024\/03\/sm_1709788448.615241.jpg\",\"datePublished\":\"2024-03-07T07:00:41+00:00\",\"dateModified\":\"2024-03-07T12:29:55+00:00\",\"author\":{\"@id\":\"https:\/\/www.africa-press.net\/niger\/#\/schema\/person\/2b1cf3cd81a31e3cd26889ca66d677f1\"},\"description\":\"Malgre\u0301 la leve\u0301e de l\u2019embargo de la Cedeao, l\u2019aviation civile nige\u0301rienne n\u2019a pas valide\u0301, a\u0300 ce jour, le retour du ...\",\"breadcrumb\":{\"@id\":\"https:\/\/www.africa-press.net\/niger\/dossiers\/pourquoi-air-cote-divoire-ne-peut-pas-atterrir-au-niger#breadcrumb\"},\"inLanguage\":\"fr-FR\",\"potentialAction\":[{\"@type\":\"ReadAction\",\"target\":[\"https:\/\/www.africa-press.net\/niger\/dossiers\/pourquoi-air-cote-divoire-ne-peut-pas-atterrir-au-niger\"]}]},{\"@type\":\"ImageObject\",\"inLanguage\":\"fr-FR\",\"@id\":\"https:\/\/www.africa-press.net\/niger\/dossiers\/pourquoi-air-cote-divoire-ne-peut-pas-atterrir-au-niger#primaryimage\",\"url\":\"https:\/\/static.africa-press.net\/niger\/sites\/40\/2024\/03\/sm_1709788448.615241.jpg\",\"contentUrl\":\"https:\/\/static.africa-press.net\/niger\/sites\/40\/2024\/03\/sm_1709788448.615241.jpg\",\"width\":1280,\"height\":720,\"caption\":\"Pourquoi Air C\u00f4te d\u2019Ivoire ne peut pas atterrir au Niger\"},{\"@type\":\"BreadcrumbList\",\"@id\":\"https:\/\/www.africa-press.net\/niger\/dossiers\/pourquoi-air-cote-divoire-ne-peut-pas-atterrir-au-niger#breadcrumb\",\"itemListElement\":[{\"@type\":\"ListItem\",\"position\":1,\"name\":\"Accueil\",\"item\":\"https:\/\/www.africa-press.net\/niger\/\"},{\"@type\":\"ListItem\",\"position\":2,\"name\":\"Pourquoi Air C\u00f4te d\u2019Ivoire ne peut pas atterrir au Niger\"}]},{\"@type\":\"WebSite\",\"@id\":\"https:\/\/www.africa-press.net\/niger\/#website\",\"url\":\"https:\/\/www.africa-press.net\/niger\/\",\"name\":\"niger\",\"description\":\"Just another Africa News Agency Sites site\",\"potentialAction\":[{\"@type\":\"SearchAction\",\"target\":{\"@type\":\"EntryPoint\",\"urlTemplate\":\"https:\/\/www.africa-press.net\/niger\/?s={search_term_string}\"},\"query-input\":{\"@type\":\"PropertyValueSpecification\",\"valueRequired\":true,\"valueName\":\"search_term_string\"}}],\"inLanguage\":\"fr-FR\"},{\"@type\":\"Person\",\"@id\":\"https:\/\/www.africa-press.net\/niger\/#\/schema\/person\/2b1cf3cd81a31e3cd26889ca66d677f1\",\"name\":\"cfeditorfr\"}]}<\/script>\n<!-- \/ Yoast SEO Premium plugin. -->","yoast_head_json":{"title":"Pourquoi Air C\u00f4te d\u2019Ivoire ne peut pas atterrir au Niger - niger","description":"Malgre\u0301 la leve\u0301e de l\u2019embargo de la Cedeao, l\u2019aviation civile nige\u0301rienne n\u2019a pas valide\u0301, a\u0300 ce jour, le retour du ...","robots":{"index":"index","follow":"follow","max-snippet":"max-snippet:-1","max-image-preview":"max-image-preview:large","max-video-preview":"max-video-preview:-1"},"canonical":"https:\/\/www.africa-press.net\/niger\/dossiers\/pourquoi-air-cote-divoire-ne-peut-pas-atterrir-au-niger","og_locale":"fr_FR","og_type":"article","og_title":"Pourquoi Air C\u00f4te d\u2019Ivoire ne peut pas atterrir au Niger","og_description":"Malgre\u0301 la leve\u0301e de l\u2019embargo de la Cedeao, l\u2019aviation civile nige\u0301rienne n\u2019a pas valide\u0301, a\u0300 ce jour, le retour du ...","og_url":"https:\/\/www.africa-press.net\/niger\/dossiers\/pourquoi-air-cote-divoire-ne-peut-pas-atterrir-au-niger","og_site_name":"niger","article_published_time":"2024-03-07T07:00:41+00:00","article_modified_time":"2024-03-07T12:29:55+00:00","og_image":[{"width":1280,"height":720,"url":"https:\/\/static.africa-press.net\/niger\/sites\/40\/2024\/03\/sm_1709788448.615241.jpg","type":"image\/jpeg"}],"author":"cfeditorfr","twitter_card":"summary_large_image","twitter_misc":{"\u00c9crit par":"cfeditorfr","Dur\u00e9e de lecture estim\u00e9e":"3 minutes"},"schema":{"@context":"https:\/\/schema.org","@graph":[{"@type":"Article","@id":"https:\/\/www.africa-press.net\/niger\/dossiers\/pourquoi-air-cote-divoire-ne-peut-pas-atterrir-au-niger#article","isPartOf":{"@id":"https:\/\/www.africa-press.net\/niger\/dossiers\/pourquoi-air-cote-divoire-ne-peut-pas-atterrir-au-niger"},"author":{"name":"cfeditorfr","@id":"https:\/\/www.africa-press.net\/niger\/#\/schema\/person\/2b1cf3cd81a31e3cd26889ca66d677f1"},"headline":"Pourquoi Air C\u00f4te d\u2019Ivoire ne peut pas atterrir au Niger","datePublished":"2024-03-07T07:00:41+00:00","dateModified":"2024-03-07T12:29:55+00:00","mainEntityOfPage":{"@id":"https:\/\/www.africa-press.net\/niger\/dossiers\/pourquoi-air-cote-divoire-ne-peut-pas-atterrir-au-niger"},"wordCount":538,"commentCount":0,"image":{"@id":"https:\/\/www.africa-press.net\/niger\/dossiers\/pourquoi-air-cote-divoire-ne-peut-pas-atterrir-au-niger#primaryimage"},"thumbnailUrl":"https:\/\/static.africa-press.net\/niger\/sites\/40\/2024\/03\/sm_1709788448.615241.jpg","keywords":["Africa Press","Africa Press-Niger","Niger"],"articleSection":["Dossiers","to-homepage","Top Nouvelles","Toutes les actualit\u00e9s"],"inLanguage":"fr-FR","potentialAction":[{"@type":"CommentAction","name":"Comment","target":["https:\/\/www.africa-press.net\/niger\/dossiers\/pourquoi-air-cote-divoire-ne-peut-pas-atterrir-au-niger#respond"]}]},{"@type":"WebPage","@id":"https:\/\/www.africa-press.net\/niger\/dossiers\/pourquoi-air-cote-divoire-ne-peut-pas-atterrir-au-niger","url":"https:\/\/www.africa-press.net\/niger\/dossiers\/pourquoi-air-cote-divoire-ne-peut-pas-atterrir-au-niger","name":"Pourquoi Air C\u00f4te d\u2019Ivoire ne peut pas atterrir au Niger - niger","isPartOf":{"@id":"https:\/\/www.africa-press.net\/niger\/#website"},"primaryImageOfPage":{"@id":"https:\/\/www.africa-press.net\/niger\/dossiers\/pourquoi-air-cote-divoire-ne-peut-pas-atterrir-au-niger#primaryimage"},"image":{"@id":"https:\/\/www.africa-press.net\/niger\/dossiers\/pourquoi-air-cote-divoire-ne-peut-pas-atterrir-au-niger#primaryimage"},"thumbnailUrl":"https:\/\/static.africa-press.net\/niger\/sites\/40\/2024\/03\/sm_1709788448.615241.jpg","datePublished":"2024-03-07T07:00:41+00:00","dateModified":"2024-03-07T12:29:55+00:00","author":{"@id":"https:\/\/www.africa-press.net\/niger\/#\/schema\/person\/2b1cf3cd81a31e3cd26889ca66d677f1"},"description":"Malgre\u0301 la leve\u0301e de l\u2019embargo de la Cedeao, l\u2019aviation civile nige\u0301rienne n\u2019a pas valide\u0301, a\u0300 ce jour, le retour du ...","breadcrumb":{"@id":"https:\/\/www.africa-press.net\/niger\/dossiers\/pourquoi-air-cote-divoire-ne-peut-pas-atterrir-au-niger#breadcrumb"},"inLanguage":"fr-FR","potentialAction":[{"@type":"ReadAction","target":["https:\/\/www.africa-press.net\/niger\/dossiers\/pourquoi-air-cote-divoire-ne-peut-pas-atterrir-au-niger"]}]},{"@type":"ImageObject","inLanguage":"fr-FR","@id":"https:\/\/www.africa-press.net\/niger\/dossiers\/pourquoi-air-cote-divoire-ne-peut-pas-atterrir-au-niger#primaryimage","url":"https:\/\/static.africa-press.net\/niger\/sites\/40\/2024\/03\/sm_1709788448.615241.jpg","contentUrl":"https:\/\/static.africa-press.net\/niger\/sites\/40\/2024\/03\/sm_1709788448.615241.jpg","width":1280,"height":720,"caption":"Pourquoi Air C\u00f4te d\u2019Ivoire ne peut pas atterrir au Niger"},{"@type":"BreadcrumbList","@id":"https:\/\/www.africa-press.net\/niger\/dossiers\/pourquoi-air-cote-divoire-ne-peut-pas-atterrir-au-niger#breadcrumb","itemListElement":[{"@type":"ListItem","position":1,"name":"Accueil","item":"https:\/\/www.africa-press.net\/niger\/"},{"@type":"ListItem","position":2,"name":"Pourquoi Air C\u00f4te d\u2019Ivoire ne peut pas atterrir au Niger"}]},{"@type":"WebSite","@id":"https:\/\/www.africa-press.net\/niger\/#website","url":"https:\/\/www.africa-press.net\/niger\/","name":"niger","description":"Just another Africa News Agency Sites site","potentialAction":[{"@type":"SearchAction","target":{"@type":"EntryPoint","urlTemplate":"https:\/\/www.africa-press.net\/niger\/?s={search_term_string}"},"query-input":{"@type":"PropertyValueSpecification","valueRequired":true,"valueName":"search_term_string"}}],"inLanguage":"fr-FR"},{"@type":"Person","@id":"https:\/\/www.africa-press.net\/niger\/#\/schema\/person\/2b1cf3cd81a31e3cd26889ca66d677f1","name":"cfeditorfr"}]}},"_links":{"self":[{"href":"https:\/\/www.africa-press.net\/niger\/wp-json\/wp\/v2\/posts\/59549","targetHints":{"allow":["GET"]}}],"collection":[{"href":"https:\/\/www.africa-press.net\/niger\/wp-json\/wp\/v2\/posts"}],"about":[{"href":"https:\/\/www.africa-press.net\/niger\/wp-json\/wp\/v2\/types\/post"}],"author":[{"embeddable":true,"href":"https:\/\/www.africa-press.net\/niger\/wp-json\/wp\/v2\/users\/82"}],"replies":[{"embeddable":true,"href":"https:\/\/www.africa-press.net\/niger\/wp-json\/wp\/v2\/comments?post=59549"}],"version-history":[{"count":0,"href":"https:\/\/www.africa-press.net\/niger\/wp-json\/wp\/v2\/posts\/59549\/revisions"}],"wp:featuredmedia":[{"embeddable":true,"href":"https:\/\/www.africa-press.net\/niger\/wp-json\/wp\/v2\/media\/59548"}],"wp:attachment":[{"href":"https:\/\/www.africa-press.net\/niger\/wp-json\/wp\/v2\/media?parent=59549"}],"wp:term":[{"taxonomy":"category","embeddable":true,"href":"https:\/\/www.africa-press.net\/niger\/wp-json\/wp\/v2\/categories?post=59549"},{"taxonomy":"post_tag","embeddable":true,"href":"https:\/\/www.africa-press.net\/niger\/wp-json\/wp\/v2\/tags?post=59549"}],"curies":[{"name":"wp","href":"https:\/\/api.w.org\/{rel}","templated":true}]}}