{"id":59631,"date":"2024-03-09T06:30:37","date_gmt":"2024-03-09T06:30:37","guid":{"rendered":"https:\/\/www.africa-press.net\/niger\/politique\/biodiversite-vegetale-au-niger-nous-navons-pas-de-jardin-botanique-ni-dherbier-national-deplore-m-arzika-tanimoune-encadreur-en-espece-vegetale-a-la-faculte-des-s"},"modified":"2024-03-09T07:14:25","modified_gmt":"2024-03-09T07:14:25","slug":"biodiversite-vegetale-au-niger-nous-navons-pas-de-jardin-botanique-ni-dherbier-national-deplore-m-arzika-tanimoune-encadreur-en-espece-vegetale-a-la-faculte-des-s","status":"publish","type":"post","link":"https:\/\/www.africa-press.net\/niger\/toutes-les-actualites\/biodiversite-vegetale-au-niger-nous-navons-pas-de-jardin-botanique-ni-dherbier-national-deplore-m-arzika-tanimoune-encadreur-en-espece-vegetale-a-la-faculte-des-s","title":{"rendered":"Biodiversit\u00e9 v\u00e9g\u00e9tale : \u00ab Au Niger, nous n\u2019avons pas de jardin botanique ni d\u2019herbier national \u00bb, d\u00e9plore M. Arzika Tanimoune, encadreur en esp\u00e8ce v\u00e9g\u00e9tale \u00e0 la Facult\u00e9 des Sciences et Techniques de l\u2019UAM"},"content":{"rendered":"<p><span style=\"color: #ff6600\"><strong>Africa-Press &#8211; Niger. <\/strong><\/span>La botanique est une e\u0301tude scientifique des ve\u0301ge\u0301taux. Elle comprend la science visant a\u0300 la description, au classement et a\u0300 l\u2019identification d\u2019espe\u0300ces ve\u0301ge\u0301tales, mais aussi la partie relative a\u0300 l\u2019anatomie et a\u0300 la physiologie ve\u0301ge\u0301tale. Elle a une grande importance dans la climatologie, avec l\u2019e\u0301tude des impacts sur l\u2019environnement, sur le choix d\u2019exploitation des cultures et de la fore\u0302t. Cette e\u0301tude peut dans le futur e\u0302tre une clef pour re\u0301soudre le proble\u0300me de production de nourriture en quantite\u0301 et en qualite\u0301 suffisante pour les habitants.<\/p>\n<p>Dans de nombreux pays, il existe des jardins botaniques mais pas au Niger. Manque d\u2019inte\u0301re\u0302t ou me\u0301connaissance de son importance ? \u00ab Au Niger, nous n\u2019avons pas de jardin botanique ni d\u2019herbier national \u00bb, dit avec de\u0301solation et amertume M. Arzika Tanimoune, technicien au laboratoire de biologie et encadreur en matie\u0300re d\u2019espe\u0300ces ve\u0301ge\u0301tales a\u0300 la Faculte\u0301 des Sciences et Techniques (FAST) de l\u2019Universite\u0301 Abdou Moumouni (UAM) de Niamey.<\/p>\n<p>Avec plus de vingt (20) ans d\u2019expe\u0301rience dans la botanique, Arzika Tanimoune est passionne\u0301 de cette science et tre\u0300s investi dans le domaine, avec un amour exceptionnel pour les plantes. \u00ab La botanique c\u2019est une passion pour moi, e\u0302tre en contact avec la nature, partager mon savoir avec les jeunes apprenants, c\u2019est ma vocation \u00bb, a-t-il fait savoir.<\/p>\n<p>Arzika Tanimoune a installe\u0301 en 1986 a\u0300 la faculte\u0301 des sciences techniques de l\u2019UAM, un jardin botanique ou\u0300 il a plante\u0301 plusieurs espe\u0300ces dont notamment celles en voie de disparition. \u00ab Le jardin que vous avez visite\u0301 date de 1986. C\u2019est en cette anne\u0301e que j\u2019ai commence\u0301 a\u0300 planter dedans. C\u2019e\u0301tait des espe\u0300ces en voie de disparition qu\u2019on cherchait. Ainsi on avait plante\u0301 des espe\u0300ces comme le Parkia Biglobosa connu sous le nom du ne\u0301re\u0301 (loutou en zarma et dorowa en haoussa), le prosopis africana (zantouri en zarma), le detarium microcarpum (fantou en zarma), caccia seberiana (sin-san en zarma), acacia sieberiana (souna en zarma) \u00bb, a-t-il pre\u0301cise\u0301. On apprend de lui qu\u2019en 1987, d\u2019autres plantes ont e\u0301te\u0301 ajoute\u0301es et les anne\u0301es qui ont suivi jusqu\u2019a\u0300 ce que ses efforts soient ane\u0301antis. M. Arzika a partage\u0301 avec nous une douloureuse expe\u0301rience qui a comple\u0300tement bouleverse\u0301e sa vie et sa vision des choses. En effet il y a quelques anne\u0301es de cela, ils ont pris l\u2019initiative de cre\u0301er un jardin botanique non loin de la faculte\u0301 des sciences techniques. Apre\u0300s s\u2019e\u0302tre investi corps et a\u0302me pour planter une diversite\u0301 d\u2019espe\u0300ces ve\u0301ge\u0301tales en voie de disparition, un matin, tout a e\u0301te\u0301 de\u0301truit. \u00ab Ils ont tout de\u0301truit \u00bb, re\u0301pe\u0300te-t-il a\u0300 volonte\u0301. \u00ab Si on m\u2019avait laisse\u0301 l\u2019espace la\u0300, aujourd\u2019hui si on vous dit d\u2019aller visiter, vous en serez fiers. Malheureusement ils ont tout de\u0301moli. Me\u0302me le terrain situe\u0301 sur la route de Torodi qu\u2019on avait confie\u0301 a\u0300 la faculte\u0301 aujourd\u2019hui, est loti totalement \u00bb, a-t-il dit avec amertume. \u00ab Tu produis, on de\u0301truit ! est ce que cela va t\u2019encourager, te motiver ? \u00bb, a-t-il lance\u0301 avec de\u0301solation.<\/p>\n<p>\u00ab Avec ce qui s\u2019est passe\u0301 et le de\u0301part des colle\u0300gues, je me sens isole\u0301. C\u2019est pour cela que je n\u2019ai plus le courage de parler de botanique. Cette salle que vous voyez (parlant du laboratoire botanique de la FAST dans lequel nous l\u2019avons trouve\u0301), c\u2019est cela notre herbier ici a\u0300 la faculte\u0301 des sciences. C\u2019est un grand de\u0301faut pour nous par rapport a\u0300 nos voisins \u00bb, a-t-il martele\u0301. Pour ce passionne\u0301 en Botanique, ce n\u2019est pas un herbier, c\u2019est juste une salle destine\u0301e a\u0300 la pre\u0301servation de quelques e\u0301chantillons car un herbier vaut au moins trois fois cette salle.<\/p>\n<p>En effet, un herbier a-t-il explique\u0301, est constitue\u0301 d\u2019armoire ou\u0300 il y a diffe\u0301rents e\u0301chantillons d\u2019espe\u0300ces. Et on peut facilement se re\u0301fe\u0301rer. Il constitue selon lui, un catalogue de la diversite\u0301 des plantes sur terre. Il sert a\u0300 leur identification et a\u0300 la conservation de leur me\u0301moire. C\u2019est une collection d\u2019e\u0301chantillons de plantes se\u0301che\u0301es pre\u0301sente\u0301es sous forme de planche. \u00ab C\u2019est une sorte de bibliothe\u0300que qui permet de diffe\u0301rencier les plantes dans les moindres de\u0301tails et de les comparer entre elles. Il repre\u0301sente donc une source importante d\u2019informations sur la diversite\u0301 ve\u0301ge\u0301tale \u00bb, a-t-il argumente\u0301.<\/p>\n<p>Se reme\u0301morant le passe\u0301, Arzika parle de ce qui se faisait avant dans l\u2019apprentissage en botanique a\u0300 l\u2019Universite\u0301 Abdou Moumouni. \u00ab Avant, il e\u0301tait organise\u0301 chaque anne\u0301e, une sortie en brousse pour ne pas oublier certaines plantes, savoir ou\u0300 elles se trouvent. Ce qui permettait aux e\u0301tudiants de mieux connai\u0302tre les re\u0301gions et les espe\u0300ces s\u2019y trouvant. On prenait des e\u0301chantillons parce qu\u2019un herbier, c\u2019est un muse\u0301e d\u2019espe\u0300ces herbace\u0301es et ligneuses. Il y a maintenant des espe\u0300ces qui ont disparu mais avec ces e\u0301chantillons, on peut facilement se re\u0301fe\u0301rer \u00bb, a-t-il souligne\u0301.<\/p>\n<p>D\u2019apre\u0300s ce spe\u0301cialiste en botanique, les sorties organise\u0301es par le passe\u0301 permettent de re\u0301colter beaucoup d\u2019espe\u0300ces. Pour la conservation, les e\u0301chantillons trouve\u0301s sont place\u0301s entre des feuilles de papier absorbant, sous presse. On positionne les diffe\u0301rentes parties de manie\u0300re a\u0300 faire ressortir les caracte\u0301ristiques de la plante (les feuilles avec une face infe\u0301rieure et supe\u0301rieure visible par exemple). Mais, a-t-il nuance\u0301, ces e\u0301chantillons sont au pre\u0301alable mis au se\u0301chage dans une e\u0301tuve afin de les de\u0301shydrater et d\u2019e\u0301liminer les insectes. Les plantes sont alors dispose\u0301es et colle\u0301es sur un papier bristol pour leur pre\u0301sentation de\u0301finitive avec toutes les informations (le nom de la plante, l\u2019anne\u0301e de re\u0301colte, le nom de l\u2019agent qui l\u2019a re\u0301colte\u0301e) et seront inte\u0301gre\u0301es dans l\u2019herbier. Les e\u0301chantillons sont ainsi conserve\u0301s tre\u0300s longtemps a\u0300 l\u2019abri de l\u2019humidite\u0301 et de la lumie\u0300re. \u00ab Il y a me\u0302me des e\u0301chantillons d\u2019espe\u0300ces qui ont mon a\u0302ge \u00bb, a-t-il assure\u0301 !<\/p>\n<p>Aujourd\u2019hui a de\u0301plore\u0301 M. Arzika, il n\u2019y a pas de sortie sur le terrain et sans sortie, il n\u2019y a pas de botanique. \u00ab Il y a beaucoup d\u2019e\u0301tudiants qui ne connaissent pas certaines espe\u0300ces, ils entendent juste leurs noms. Et moi-me\u0302me aujourd\u2019hui, si on me demande ou\u0300 se trouve certaines espe\u0300ces, je ne saurai re\u0301pondre car il n\u2019y a plus de sortie \u00bb, s\u2019est-il lamente\u0301.<\/p>\n<p>Les plantes sont de plus en plus menace\u0301es par les activite\u0301s humaines. Beaucoup de fore\u0302ts disparaissent sous les flammes ou par la destruction de l\u2019homme. Or, les plantes jouent un ro\u0302le majeur pour le sol. Sans les plantes, il n\u2019y aura pas de vie sur terre ; elles sont d\u2019une grande importance dans la pre\u0301servation de la nature. Il est plus qu\u2019indispensable de disposer d\u2019un jardin botanique national afin de pre\u0301server les espe\u0300ces en voie de disparition et pre\u0301server ainsi la biodiversite\u0301 ve\u0301ge\u0301tale qui forme le maillage de vie dont nous de\u0301pendons pour tant de choses: nourriture, eau, me\u0301dicaments, climat stable, croissance e\u0301conomique etc.<\/p>\n<p>&nbsp;<\/p>\n<p><strong>Pour plus d&rsquo;informations et d&rsquo;analyses sur la <a href=\"https:\/\/www.africa-press.net\/niger\">Niger<\/a>, suivez <a href=\"https:\/\/www.africa-press.net\/\">Africa-Press<\/a><\/strong><\/p>\n","protected":false},"excerpt":{"rendered":"<p>Africa-Press &#8211; Niger. La botanique est une e\u0301tude scientifique des ve\u0301ge\u0301taux. Elle comprend la science visant a\u0300 la description, au classement et a\u0300 l\u2019identification d\u2019espe\u0300ces ve\u0301ge\u0301tales, mais aussi la partie relative a\u0300 l\u2019anatomie et a\u0300 la physiologie ve\u0301ge\u0301tale. Elle a une grande importance dans la climatologie, avec l\u2019e\u0301tude des impacts sur l\u2019environnement, sur le choix [&hellip;]<\/p>\n","protected":false},"author":82,"featured_media":59630,"comment_status":"open","ping_status":"closed","sticky":false,"template":"","format":"standard","meta":{"footnotes":""},"categories":[21,10],"tags":[55,60,29],"class_list":["post-59631","post","type-post","status-publish","format-standard","has-post-thumbnail","hentry","category-communaute","category-toutes-les-actualites","tag-africa-press","tag-africa-press-niger","tag-niger"],"yoast_head":"<!-- This site is optimized with the Yoast SEO Premium plugin v26.1 (Yoast SEO v27.0) - https:\/\/yoast.com\/product\/yoast-seo-premium-wordpress\/ -->\n<title>Biodiversit\u00e9 v\u00e9g\u00e9tale : \u00ab Au Niger, nous n\u2019avons pas de jardin botanique ni d\u2019herbier national \u00bb, d\u00e9plore M. Arzika Tanimoune, encadreur en esp\u00e8ce v\u00e9g\u00e9tale \u00e0 la Facult\u00e9 des Sciences et Techniques de l\u2019UAM - niger<\/title>\n<meta name=\"description\" content=\"La botanique est une e\u0301tude scientifique des ve\u0301ge\u0301taux. Elle comprend la science visant a\u0300 la description, au classemen ...\" \/>\n<meta name=\"robots\" content=\"index, follow, max-snippet:-1, max-image-preview:large, max-video-preview:-1\" \/>\n<link rel=\"canonical\" href=\"https:\/\/www.africa-press.net\/niger\/toutes-les-actualites\/biodiversite-vegetale-au-niger-nous-navons-pas-de-jardin-botanique-ni-dherbier-national-deplore-m-arzika-tanimoune-encadreur-en-espece-vegetale-a-la-faculte-des-s\" \/>\n<meta property=\"og:locale\" content=\"fr_FR\" \/>\n<meta property=\"og:type\" content=\"article\" \/>\n<meta property=\"og:title\" content=\"Biodiversit\u00e9 v\u00e9g\u00e9tale : \u00ab Au Niger, nous n\u2019avons pas de jardin botanique ni d\u2019herbier national \u00bb, d\u00e9plore M. Arzika Tanimoune, encadreur en esp\u00e8ce v\u00e9g\u00e9tale \u00e0 la Facult\u00e9 des Sciences et Techniques de l\u2019UAM\" \/>\n<meta property=\"og:description\" content=\"La botanique est une e\u0301tude scientifique des ve\u0301ge\u0301taux. Elle comprend la science visant a\u0300 la description, au classemen ...\" \/>\n<meta property=\"og:url\" content=\"https:\/\/www.africa-press.net\/niger\/toutes-les-actualites\/biodiversite-vegetale-au-niger-nous-navons-pas-de-jardin-botanique-ni-dherbier-national-deplore-m-arzika-tanimoune-encadreur-en-espece-vegetale-a-la-faculte-des-s\" \/>\n<meta property=\"og:site_name\" content=\"niger\" \/>\n<meta property=\"article:published_time\" content=\"2024-03-09T06:30:37+00:00\" \/>\n<meta property=\"article:modified_time\" content=\"2024-03-09T07:14:25+00:00\" \/>\n<meta property=\"og:image\" content=\"https:\/\/static.africa-press.net\/niger\/sites\/40\/2024\/03\/sm_1709955727.735441.jpg\" \/>\n\t<meta property=\"og:image:width\" content=\"800\" \/>\n\t<meta property=\"og:image:height\" content=\"533\" \/>\n\t<meta property=\"og:image:type\" content=\"image\/jpeg\" \/>\n<meta name=\"author\" content=\"cfeditorfr\" \/>\n<meta name=\"twitter:card\" content=\"summary_large_image\" \/>\n<meta name=\"twitter:label1\" content=\"\u00c9crit par\" \/>\n\t<meta name=\"twitter:data1\" content=\"cfeditorfr\" \/>\n\t<meta name=\"twitter:label2\" content=\"Dur\u00e9e de lecture estim\u00e9e\" \/>\n\t<meta name=\"twitter:data2\" content=\"7 minutes\" \/>\n<script type=\"application\/ld+json\" class=\"yoast-schema-graph\">{\"@context\":\"https:\/\/schema.org\",\"@graph\":[{\"@type\":\"Article\",\"@id\":\"https:\/\/www.africa-press.net\/niger\/toutes-les-actualites\/biodiversite-vegetale-au-niger-nous-navons-pas-de-jardin-botanique-ni-dherbier-national-deplore-m-arzika-tanimoune-encadreur-en-espece-vegetale-a-la-faculte-des-s#article\",\"isPartOf\":{\"@id\":\"https:\/\/www.africa-press.net\/niger\/toutes-les-actualites\/biodiversite-vegetale-au-niger-nous-navons-pas-de-jardin-botanique-ni-dherbier-national-deplore-m-arzika-tanimoune-encadreur-en-espece-vegetale-a-la-faculte-des-s\"},\"author\":{\"name\":\"cfeditorfr\",\"@id\":\"https:\/\/www.africa-press.net\/niger\/#\/schema\/person\/2b1cf3cd81a31e3cd26889ca66d677f1\"},\"headline\":\"Biodiversit\u00e9 v\u00e9g\u00e9tale : \u00ab Au Niger, nous n\u2019avons pas de jardin botanique ni d\u2019herbier national \u00bb, d\u00e9plore M. Arzika Tanimoune, encadreur en esp\u00e8ce v\u00e9g\u00e9tale \u00e0 la Facult\u00e9 des Sciences et Techniques de l\u2019UAM\",\"datePublished\":\"2024-03-09T06:30:37+00:00\",\"dateModified\":\"2024-03-09T07:14:25+00:00\",\"mainEntityOfPage\":{\"@id\":\"https:\/\/www.africa-press.net\/niger\/toutes-les-actualites\/biodiversite-vegetale-au-niger-nous-navons-pas-de-jardin-botanique-ni-dherbier-national-deplore-m-arzika-tanimoune-encadreur-en-espece-vegetale-a-la-faculte-des-s\"},\"wordCount\":1340,\"commentCount\":0,\"image\":{\"@id\":\"https:\/\/www.africa-press.net\/niger\/toutes-les-actualites\/biodiversite-vegetale-au-niger-nous-navons-pas-de-jardin-botanique-ni-dherbier-national-deplore-m-arzika-tanimoune-encadreur-en-espece-vegetale-a-la-faculte-des-s#primaryimage\"},\"thumbnailUrl\":\"https:\/\/static.africa-press.net\/niger\/sites\/40\/2024\/03\/sm_1709955727.735441.jpg\",\"keywords\":[\"Africa Press\",\"Africa Press-Niger\",\"Niger\"],\"articleSection\":[\"Communaut\u00e9\",\"Toutes les actualit\u00e9s\"],\"inLanguage\":\"fr-FR\",\"potentialAction\":[{\"@type\":\"CommentAction\",\"name\":\"Comment\",\"target\":[\"https:\/\/www.africa-press.net\/niger\/toutes-les-actualites\/biodiversite-vegetale-au-niger-nous-navons-pas-de-jardin-botanique-ni-dherbier-national-deplore-m-arzika-tanimoune-encadreur-en-espece-vegetale-a-la-faculte-des-s#respond\"]}]},{\"@type\":\"WebPage\",\"@id\":\"https:\/\/www.africa-press.net\/niger\/toutes-les-actualites\/biodiversite-vegetale-au-niger-nous-navons-pas-de-jardin-botanique-ni-dherbier-national-deplore-m-arzika-tanimoune-encadreur-en-espece-vegetale-a-la-faculte-des-s\",\"url\":\"https:\/\/www.africa-press.net\/niger\/toutes-les-actualites\/biodiversite-vegetale-au-niger-nous-navons-pas-de-jardin-botanique-ni-dherbier-national-deplore-m-arzika-tanimoune-encadreur-en-espece-vegetale-a-la-faculte-des-s\",\"name\":\"Biodiversit\u00e9 v\u00e9g\u00e9tale : \u00ab Au Niger, nous n\u2019avons pas de jardin botanique ni d\u2019herbier national \u00bb, d\u00e9plore M. Arzika Tanimoune, encadreur en esp\u00e8ce v\u00e9g\u00e9tale \u00e0 la Facult\u00e9 des Sciences et Techniques de l\u2019UAM - niger\",\"isPartOf\":{\"@id\":\"https:\/\/www.africa-press.net\/niger\/#website\"},\"primaryImageOfPage\":{\"@id\":\"https:\/\/www.africa-press.net\/niger\/toutes-les-actualites\/biodiversite-vegetale-au-niger-nous-navons-pas-de-jardin-botanique-ni-dherbier-national-deplore-m-arzika-tanimoune-encadreur-en-espece-vegetale-a-la-faculte-des-s#primaryimage\"},\"image\":{\"@id\":\"https:\/\/www.africa-press.net\/niger\/toutes-les-actualites\/biodiversite-vegetale-au-niger-nous-navons-pas-de-jardin-botanique-ni-dherbier-national-deplore-m-arzika-tanimoune-encadreur-en-espece-vegetale-a-la-faculte-des-s#primaryimage\"},\"thumbnailUrl\":\"https:\/\/static.africa-press.net\/niger\/sites\/40\/2024\/03\/sm_1709955727.735441.jpg\",\"datePublished\":\"2024-03-09T06:30:37+00:00\",\"dateModified\":\"2024-03-09T07:14:25+00:00\",\"author\":{\"@id\":\"https:\/\/www.africa-press.net\/niger\/#\/schema\/person\/2b1cf3cd81a31e3cd26889ca66d677f1\"},\"description\":\"La botanique est une e\u0301tude scientifique des ve\u0301ge\u0301taux. Elle comprend la science visant a\u0300 la description, au classemen ...\",\"breadcrumb\":{\"@id\":\"https:\/\/www.africa-press.net\/niger\/toutes-les-actualites\/biodiversite-vegetale-au-niger-nous-navons-pas-de-jardin-botanique-ni-dherbier-national-deplore-m-arzika-tanimoune-encadreur-en-espece-vegetale-a-la-faculte-des-s#breadcrumb\"},\"inLanguage\":\"fr-FR\",\"potentialAction\":[{\"@type\":\"ReadAction\",\"target\":[\"https:\/\/www.africa-press.net\/niger\/toutes-les-actualites\/biodiversite-vegetale-au-niger-nous-navons-pas-de-jardin-botanique-ni-dherbier-national-deplore-m-arzika-tanimoune-encadreur-en-espece-vegetale-a-la-faculte-des-s\"]}]},{\"@type\":\"ImageObject\",\"inLanguage\":\"fr-FR\",\"@id\":\"https:\/\/www.africa-press.net\/niger\/toutes-les-actualites\/biodiversite-vegetale-au-niger-nous-navons-pas-de-jardin-botanique-ni-dherbier-national-deplore-m-arzika-tanimoune-encadreur-en-espece-vegetale-a-la-faculte-des-s#primaryimage\",\"url\":\"https:\/\/static.africa-press.net\/niger\/sites\/40\/2024\/03\/sm_1709955727.735441.jpg\",\"contentUrl\":\"https:\/\/static.africa-press.net\/niger\/sites\/40\/2024\/03\/sm_1709955727.735441.jpg\",\"width\":800,\"height\":533,\"caption\":\"Biodiversit\u00e9 v\u00e9g\u00e9tale : \u00ab Au Niger, nous n\u2019avons pas de jardin botanique ni d\u2019herbier national \u00bb, d\u00e9plore M. Arzika Tanimoune, encadreur en esp\u00e8ce v\u00e9g\u00e9tale \u00e0 la Facult\u00e9 des Sciences et Techniques de l\u2019UAM\"},{\"@type\":\"BreadcrumbList\",\"@id\":\"https:\/\/www.africa-press.net\/niger\/toutes-les-actualites\/biodiversite-vegetale-au-niger-nous-navons-pas-de-jardin-botanique-ni-dherbier-national-deplore-m-arzika-tanimoune-encadreur-en-espece-vegetale-a-la-faculte-des-s#breadcrumb\",\"itemListElement\":[{\"@type\":\"ListItem\",\"position\":1,\"name\":\"Accueil\",\"item\":\"https:\/\/www.africa-press.net\/niger\/\"},{\"@type\":\"ListItem\",\"position\":2,\"name\":\"Biodiversit\u00e9 v\u00e9g\u00e9tale : \u00ab Au Niger, nous n\u2019avons pas de jardin botanique ni d\u2019herbier national \u00bb, d\u00e9plore M. Arzika Tanimoune, encadreur en esp\u00e8ce v\u00e9g\u00e9tale \u00e0 la Facult\u00e9 des Sciences et Techniques de l\u2019UAM\"}]},{\"@type\":\"WebSite\",\"@id\":\"https:\/\/www.africa-press.net\/niger\/#website\",\"url\":\"https:\/\/www.africa-press.net\/niger\/\",\"name\":\"niger\",\"description\":\"Just another Africa News Agency Sites site\",\"potentialAction\":[{\"@type\":\"SearchAction\",\"target\":{\"@type\":\"EntryPoint\",\"urlTemplate\":\"https:\/\/www.africa-press.net\/niger\/?s={search_term_string}\"},\"query-input\":{\"@type\":\"PropertyValueSpecification\",\"valueRequired\":true,\"valueName\":\"search_term_string\"}}],\"inLanguage\":\"fr-FR\"},{\"@type\":\"Person\",\"@id\":\"https:\/\/www.africa-press.net\/niger\/#\/schema\/person\/2b1cf3cd81a31e3cd26889ca66d677f1\",\"name\":\"cfeditorfr\"}]}<\/script>\n<!-- \/ Yoast SEO Premium plugin. -->","yoast_head_json":{"title":"Biodiversit\u00e9 v\u00e9g\u00e9tale : \u00ab Au Niger, nous n\u2019avons pas de jardin botanique ni d\u2019herbier national \u00bb, d\u00e9plore M. Arzika Tanimoune, encadreur en esp\u00e8ce v\u00e9g\u00e9tale \u00e0 la Facult\u00e9 des Sciences et Techniques de l\u2019UAM - niger","description":"La botanique est une e\u0301tude scientifique des ve\u0301ge\u0301taux. Elle comprend la science visant a\u0300 la description, au classemen ...","robots":{"index":"index","follow":"follow","max-snippet":"max-snippet:-1","max-image-preview":"max-image-preview:large","max-video-preview":"max-video-preview:-1"},"canonical":"https:\/\/www.africa-press.net\/niger\/toutes-les-actualites\/biodiversite-vegetale-au-niger-nous-navons-pas-de-jardin-botanique-ni-dherbier-national-deplore-m-arzika-tanimoune-encadreur-en-espece-vegetale-a-la-faculte-des-s","og_locale":"fr_FR","og_type":"article","og_title":"Biodiversit\u00e9 v\u00e9g\u00e9tale : \u00ab Au Niger, nous n\u2019avons pas de jardin botanique ni d\u2019herbier national \u00bb, d\u00e9plore M. Arzika Tanimoune, encadreur en esp\u00e8ce v\u00e9g\u00e9tale \u00e0 la Facult\u00e9 des Sciences et Techniques de l\u2019UAM","og_description":"La botanique est une e\u0301tude scientifique des ve\u0301ge\u0301taux. Elle comprend la science visant a\u0300 la description, au classemen ...","og_url":"https:\/\/www.africa-press.net\/niger\/toutes-les-actualites\/biodiversite-vegetale-au-niger-nous-navons-pas-de-jardin-botanique-ni-dherbier-national-deplore-m-arzika-tanimoune-encadreur-en-espece-vegetale-a-la-faculte-des-s","og_site_name":"niger","article_published_time":"2024-03-09T06:30:37+00:00","article_modified_time":"2024-03-09T07:14:25+00:00","og_image":[{"width":800,"height":533,"url":"https:\/\/static.africa-press.net\/niger\/sites\/40\/2024\/03\/sm_1709955727.735441.jpg","type":"image\/jpeg"}],"author":"cfeditorfr","twitter_card":"summary_large_image","twitter_misc":{"\u00c9crit par":"cfeditorfr","Dur\u00e9e de lecture estim\u00e9e":"7 minutes"},"schema":{"@context":"https:\/\/schema.org","@graph":[{"@type":"Article","@id":"https:\/\/www.africa-press.net\/niger\/toutes-les-actualites\/biodiversite-vegetale-au-niger-nous-navons-pas-de-jardin-botanique-ni-dherbier-national-deplore-m-arzika-tanimoune-encadreur-en-espece-vegetale-a-la-faculte-des-s#article","isPartOf":{"@id":"https:\/\/www.africa-press.net\/niger\/toutes-les-actualites\/biodiversite-vegetale-au-niger-nous-navons-pas-de-jardin-botanique-ni-dherbier-national-deplore-m-arzika-tanimoune-encadreur-en-espece-vegetale-a-la-faculte-des-s"},"author":{"name":"cfeditorfr","@id":"https:\/\/www.africa-press.net\/niger\/#\/schema\/person\/2b1cf3cd81a31e3cd26889ca66d677f1"},"headline":"Biodiversit\u00e9 v\u00e9g\u00e9tale : \u00ab Au Niger, nous n\u2019avons pas de jardin botanique ni d\u2019herbier national \u00bb, d\u00e9plore M. Arzika Tanimoune, encadreur en esp\u00e8ce v\u00e9g\u00e9tale \u00e0 la Facult\u00e9 des Sciences et Techniques de l\u2019UAM","datePublished":"2024-03-09T06:30:37+00:00","dateModified":"2024-03-09T07:14:25+00:00","mainEntityOfPage":{"@id":"https:\/\/www.africa-press.net\/niger\/toutes-les-actualites\/biodiversite-vegetale-au-niger-nous-navons-pas-de-jardin-botanique-ni-dherbier-national-deplore-m-arzika-tanimoune-encadreur-en-espece-vegetale-a-la-faculte-des-s"},"wordCount":1340,"commentCount":0,"image":{"@id":"https:\/\/www.africa-press.net\/niger\/toutes-les-actualites\/biodiversite-vegetale-au-niger-nous-navons-pas-de-jardin-botanique-ni-dherbier-national-deplore-m-arzika-tanimoune-encadreur-en-espece-vegetale-a-la-faculte-des-s#primaryimage"},"thumbnailUrl":"https:\/\/static.africa-press.net\/niger\/sites\/40\/2024\/03\/sm_1709955727.735441.jpg","keywords":["Africa Press","Africa Press-Niger","Niger"],"articleSection":["Communaut\u00e9","Toutes les actualit\u00e9s"],"inLanguage":"fr-FR","potentialAction":[{"@type":"CommentAction","name":"Comment","target":["https:\/\/www.africa-press.net\/niger\/toutes-les-actualites\/biodiversite-vegetale-au-niger-nous-navons-pas-de-jardin-botanique-ni-dherbier-national-deplore-m-arzika-tanimoune-encadreur-en-espece-vegetale-a-la-faculte-des-s#respond"]}]},{"@type":"WebPage","@id":"https:\/\/www.africa-press.net\/niger\/toutes-les-actualites\/biodiversite-vegetale-au-niger-nous-navons-pas-de-jardin-botanique-ni-dherbier-national-deplore-m-arzika-tanimoune-encadreur-en-espece-vegetale-a-la-faculte-des-s","url":"https:\/\/www.africa-press.net\/niger\/toutes-les-actualites\/biodiversite-vegetale-au-niger-nous-navons-pas-de-jardin-botanique-ni-dherbier-national-deplore-m-arzika-tanimoune-encadreur-en-espece-vegetale-a-la-faculte-des-s","name":"Biodiversit\u00e9 v\u00e9g\u00e9tale : \u00ab Au Niger, nous n\u2019avons pas de jardin botanique ni d\u2019herbier national \u00bb, d\u00e9plore M. Arzika Tanimoune, encadreur en esp\u00e8ce v\u00e9g\u00e9tale \u00e0 la Facult\u00e9 des Sciences et Techniques de l\u2019UAM - niger","isPartOf":{"@id":"https:\/\/www.africa-press.net\/niger\/#website"},"primaryImageOfPage":{"@id":"https:\/\/www.africa-press.net\/niger\/toutes-les-actualites\/biodiversite-vegetale-au-niger-nous-navons-pas-de-jardin-botanique-ni-dherbier-national-deplore-m-arzika-tanimoune-encadreur-en-espece-vegetale-a-la-faculte-des-s#primaryimage"},"image":{"@id":"https:\/\/www.africa-press.net\/niger\/toutes-les-actualites\/biodiversite-vegetale-au-niger-nous-navons-pas-de-jardin-botanique-ni-dherbier-national-deplore-m-arzika-tanimoune-encadreur-en-espece-vegetale-a-la-faculte-des-s#primaryimage"},"thumbnailUrl":"https:\/\/static.africa-press.net\/niger\/sites\/40\/2024\/03\/sm_1709955727.735441.jpg","datePublished":"2024-03-09T06:30:37+00:00","dateModified":"2024-03-09T07:14:25+00:00","author":{"@id":"https:\/\/www.africa-press.net\/niger\/#\/schema\/person\/2b1cf3cd81a31e3cd26889ca66d677f1"},"description":"La botanique est une e\u0301tude scientifique des ve\u0301ge\u0301taux. Elle comprend la science visant a\u0300 la description, au classemen ...","breadcrumb":{"@id":"https:\/\/www.africa-press.net\/niger\/toutes-les-actualites\/biodiversite-vegetale-au-niger-nous-navons-pas-de-jardin-botanique-ni-dherbier-national-deplore-m-arzika-tanimoune-encadreur-en-espece-vegetale-a-la-faculte-des-s#breadcrumb"},"inLanguage":"fr-FR","potentialAction":[{"@type":"ReadAction","target":["https:\/\/www.africa-press.net\/niger\/toutes-les-actualites\/biodiversite-vegetale-au-niger-nous-navons-pas-de-jardin-botanique-ni-dherbier-national-deplore-m-arzika-tanimoune-encadreur-en-espece-vegetale-a-la-faculte-des-s"]}]},{"@type":"ImageObject","inLanguage":"fr-FR","@id":"https:\/\/www.africa-press.net\/niger\/toutes-les-actualites\/biodiversite-vegetale-au-niger-nous-navons-pas-de-jardin-botanique-ni-dherbier-national-deplore-m-arzika-tanimoune-encadreur-en-espece-vegetale-a-la-faculte-des-s#primaryimage","url":"https:\/\/static.africa-press.net\/niger\/sites\/40\/2024\/03\/sm_1709955727.735441.jpg","contentUrl":"https:\/\/static.africa-press.net\/niger\/sites\/40\/2024\/03\/sm_1709955727.735441.jpg","width":800,"height":533,"caption":"Biodiversit\u00e9 v\u00e9g\u00e9tale : \u00ab Au Niger, nous n\u2019avons pas de jardin botanique ni d\u2019herbier national \u00bb, d\u00e9plore M. Arzika Tanimoune, encadreur en esp\u00e8ce v\u00e9g\u00e9tale \u00e0 la Facult\u00e9 des Sciences et Techniques de l\u2019UAM"},{"@type":"BreadcrumbList","@id":"https:\/\/www.africa-press.net\/niger\/toutes-les-actualites\/biodiversite-vegetale-au-niger-nous-navons-pas-de-jardin-botanique-ni-dherbier-national-deplore-m-arzika-tanimoune-encadreur-en-espece-vegetale-a-la-faculte-des-s#breadcrumb","itemListElement":[{"@type":"ListItem","position":1,"name":"Accueil","item":"https:\/\/www.africa-press.net\/niger\/"},{"@type":"ListItem","position":2,"name":"Biodiversit\u00e9 v\u00e9g\u00e9tale : \u00ab Au Niger, nous n\u2019avons pas de jardin botanique ni d\u2019herbier national \u00bb, d\u00e9plore M. Arzika Tanimoune, encadreur en esp\u00e8ce v\u00e9g\u00e9tale \u00e0 la Facult\u00e9 des Sciences et Techniques de l\u2019UAM"}]},{"@type":"WebSite","@id":"https:\/\/www.africa-press.net\/niger\/#website","url":"https:\/\/www.africa-press.net\/niger\/","name":"niger","description":"Just another Africa News Agency Sites site","potentialAction":[{"@type":"SearchAction","target":{"@type":"EntryPoint","urlTemplate":"https:\/\/www.africa-press.net\/niger\/?s={search_term_string}"},"query-input":{"@type":"PropertyValueSpecification","valueRequired":true,"valueName":"search_term_string"}}],"inLanguage":"fr-FR"},{"@type":"Person","@id":"https:\/\/www.africa-press.net\/niger\/#\/schema\/person\/2b1cf3cd81a31e3cd26889ca66d677f1","name":"cfeditorfr"}]}},"_links":{"self":[{"href":"https:\/\/www.africa-press.net\/niger\/wp-json\/wp\/v2\/posts\/59631","targetHints":{"allow":["GET"]}}],"collection":[{"href":"https:\/\/www.africa-press.net\/niger\/wp-json\/wp\/v2\/posts"}],"about":[{"href":"https:\/\/www.africa-press.net\/niger\/wp-json\/wp\/v2\/types\/post"}],"author":[{"embeddable":true,"href":"https:\/\/www.africa-press.net\/niger\/wp-json\/wp\/v2\/users\/82"}],"replies":[{"embeddable":true,"href":"https:\/\/www.africa-press.net\/niger\/wp-json\/wp\/v2\/comments?post=59631"}],"version-history":[{"count":0,"href":"https:\/\/www.africa-press.net\/niger\/wp-json\/wp\/v2\/posts\/59631\/revisions"}],"wp:featuredmedia":[{"embeddable":true,"href":"https:\/\/www.africa-press.net\/niger\/wp-json\/wp\/v2\/media\/59630"}],"wp:attachment":[{"href":"https:\/\/www.africa-press.net\/niger\/wp-json\/wp\/v2\/media?parent=59631"}],"wp:term":[{"taxonomy":"category","embeddable":true,"href":"https:\/\/www.africa-press.net\/niger\/wp-json\/wp\/v2\/categories?post=59631"},{"taxonomy":"post_tag","embeddable":true,"href":"https:\/\/www.africa-press.net\/niger\/wp-json\/wp\/v2\/tags?post=59631"}],"curies":[{"name":"wp","href":"https:\/\/api.w.org\/{rel}","templated":true}]}}