{"id":59633,"date":"2024-03-09T06:31:15","date_gmt":"2024-03-09T06:31:15","guid":{"rendered":"https:\/\/www.africa-press.net\/niger\/politique\/economie-numerique-installation-dun-comite-charge-de-levaluation-de-leconomie-numerique-du-niger"},"modified":"2024-03-09T07:14:43","modified_gmt":"2024-03-09T07:14:43","slug":"economie-numerique-installation-dun-comite-charge-de-levaluation-de-leconomie-numerique-du-niger","status":"publish","type":"post","link":"https:\/\/www.africa-press.net\/niger\/economie\/economie-numerique-installation-dun-comite-charge-de-levaluation-de-leconomie-numerique-du-niger","title":{"rendered":"Economie Num\u00e9rique : Installation d\u2019un comit\u00e9 charg\u00e9 de l\u2019\u00e9valuation de l\u2019\u00e9conomie num\u00e9rique du Niger"},"content":{"rendered":"<p><span style=\"color: #ff6600\"><strong>Africa-Press &#8211; Niger. <\/strong><\/span>Le Secre\u0301taire Ge\u0301ne\u0301ral Adjoint du ministe\u0300re de l\u2019E\u0301conomie et des Finances, M. Sama Mamane a proce\u0301de\u0301, hier 7 mars 2024 a\u0300 Niamey, a\u0300 l\u2019installation officielle du comite\u0301 charge\u0301 de la collecte, du traitement et de la validation des donne\u0301es d\u2019e\u0301valuation de l\u2019e\u0301conomie nume\u0301rique du Niger. Ce comite\u0301 a pour mission de produire des rapports d\u2019e\u0301valuation du niveau de nume\u0301risation de l\u2019e\u0301conomie, qui serviront a\u0300 identifier les obstacles afin de mieux orienter les politiques mises en \u0153uvre dans le monde de la transformation nume\u0301rique. Pour mener a\u0300 bien ses activite\u0301s, ce comite\u0301 utilisera le tableau de bord de l\u2019e\u0301conomie nume\u0301rique inclusive (IDES).<\/p>\n<p>En proce\u0301dant a\u0300 la mise en place de ce comite\u0301, le Secre\u0301taire Ge\u0301ne\u0301ral adjoint du ministe\u0300re de l\u2019E\u0301conomie et des Finances a souligne\u0301 l\u2019importance de l\u2019e\u0301conomie nume\u0301rique qui est devenue un pilier essentiel du de\u0301veloppement e\u0301conomique et social dans le monde entier et le Niger ne fait pas exception. La transformation nume\u0301rique offre d\u2019innombrables opportunite\u0301s pour stimuler la croissance e\u0301conomique, promouvoir l\u2019innovation et ame\u0301liorer la prestation des services publics et prive\u0301s.<\/p>\n<p>Selon M. Sama Mamane, la mise en place de ce comite\u0301 te\u0301moigne de l\u2019engagement du gouvernement a\u0300 comprendre pleinement les de\u0301fis et les opportunite\u0301s qui se pre\u0301sentent dans ce domaine. \u00ab L\u2019outil IDES, avec sa capacite\u0301 a\u0300 fournir des analyses approfondies et des donne\u0301es pre\u0301cises, sera un atout pre\u0301cieux dans cette de\u0301marche. Il est un tableau de bord de l\u2019e\u0301valuation de l\u2019e\u0301conomie nume\u0301rique inclusive, visant a\u0300 aider les gouvernements a\u0300 mieux de\u0301finir leurs priorite\u0301s en termes de transformation nume\u0301rique. Il permet d\u2019identifier les principales contraintes du marche\u0301 qui entravent le de\u0301veloppement d\u2019une e\u0301conomie nume\u0301rique inclusive et aide a\u0300 de\u0301finir les bonnes priorite\u0301s avec les diffe\u0301rentes parties prenantes, publiques comme prive\u0301es, pour favoriser le de\u0301veloppement de l\u2019e\u0301conomie nume\u0301rique \u00bb, a-t-il explique\u0301.<\/p>\n<p>Pour rappel, a-t-il poursuivi, c\u2019est conscient des enjeux de la nume\u0301risation que notre pays a adopte\u0301 l\u2019outil IDES en septembre 2022, devenant ainsi le 3e pays de la zone UEMOA a\u0300 utiliser cet outil. \u00ab A\u0300 l\u2019e\u0301chelle des pays ACP, le Niger se classe a\u0300 la 17e\u0300me position des pays ayant adopte\u0301 IDES, sur un total de 33 pays actuellement \u00bb, s\u2019est-il re\u0301joui.<\/p>\n<p>D\u2019apre\u0300s M. Sama Mamane, ce comite\u0301 une fois mis en place, doit s\u2019organiser efficacement en mettant en place des sous-comite\u0301s selon les diffe\u0301rents piliers qui constituent l\u2019outil actuel pour l\u2019e\u0301laboration d\u2019une feuille de route. \u00ab En travaillant ensemble au sein de ce comite\u0301, nous pourrions e\u0301valuer de manie\u0300re exhaustive l\u2019e\u0301tat actuel de l\u2019e\u0301conomie du Niger, qui se stabilise a\u0300 36 % selon les donne\u0301es de l\u2019IDES 2022, identifier les domaines de forces et les faiblesses et par conse\u0301quent formuler des recommandations strate\u0301giques pour renforcer notre positionnement dans ce domaine \u00bb, a-t-il conclu.<\/p>\n<p>&nbsp;<\/p>\n<p><strong>Pour plus d&rsquo;informations et d&rsquo;analyses sur la <a href=\"https:\/\/www.africa-press.net\/niger\">Niger<\/a>, suivez <a href=\"https:\/\/www.africa-press.net\/\">Africa-Press<\/a><\/strong><\/p>\n","protected":false},"excerpt":{"rendered":"<p>Africa-Press &#8211; Niger. Le Secre\u0301taire Ge\u0301ne\u0301ral Adjoint du ministe\u0300re de l\u2019E\u0301conomie et des Finances, M. Sama Mamane a proce\u0301de\u0301, hier 7 mars 2024 a\u0300 Niamey, a\u0300 l\u2019installation officielle du comite\u0301 charge\u0301 de la collecte, du traitement et de la validation des donne\u0301es d\u2019e\u0301valuation de l\u2019e\u0301conomie nume\u0301rique du Niger. Ce comite\u0301 a pour mission de produire [&hellip;]<\/p>\n","protected":false},"author":82,"featured_media":59632,"comment_status":"open","ping_status":"closed","sticky":false,"template":"","format":"standard","meta":{"footnotes":""},"categories":[3,10],"tags":[55,60,29],"class_list":["post-59633","post","type-post","status-publish","format-standard","has-post-thumbnail","hentry","category-economie","category-toutes-les-actualites","tag-africa-press","tag-africa-press-niger","tag-niger"],"yoast_head":"<!-- This site is optimized with the Yoast SEO Premium plugin v26.1 (Yoast SEO v27.0) - https:\/\/yoast.com\/product\/yoast-seo-premium-wordpress\/ -->\n<title>Economie Num\u00e9rique : Installation d\u2019un comit\u00e9 charg\u00e9 de l\u2019\u00e9valuation de l\u2019\u00e9conomie num\u00e9rique du Niger - niger<\/title>\n<meta name=\"description\" content=\"Le Secre\u0301taire Ge\u0301ne\u0301ral Adjoint du ministe\u0300re de l\u2019E\u0301conomie et des Finances, M. Sama Mamane a proce\u0301de\u0301, hier 7 mars 2 ...\" \/>\n<meta name=\"robots\" content=\"index, follow, max-snippet:-1, max-image-preview:large, max-video-preview:-1\" \/>\n<link rel=\"canonical\" href=\"https:\/\/www.africa-press.net\/niger\/economie\/economie-numerique-installation-dun-comite-charge-de-levaluation-de-leconomie-numerique-du-niger\" \/>\n<meta property=\"og:locale\" content=\"fr_FR\" \/>\n<meta property=\"og:type\" content=\"article\" \/>\n<meta property=\"og:title\" content=\"Economie Num\u00e9rique : Installation d\u2019un comit\u00e9 charg\u00e9 de l\u2019\u00e9valuation de l\u2019\u00e9conomie num\u00e9rique du Niger\" \/>\n<meta property=\"og:description\" content=\"Le Secre\u0301taire Ge\u0301ne\u0301ral Adjoint du ministe\u0300re de l\u2019E\u0301conomie et des Finances, M. Sama Mamane a proce\u0301de\u0301, hier 7 mars 2 ...\" \/>\n<meta property=\"og:url\" content=\"https:\/\/www.africa-press.net\/niger\/economie\/economie-numerique-installation-dun-comite-charge-de-levaluation-de-leconomie-numerique-du-niger\" \/>\n<meta property=\"og:site_name\" content=\"niger\" \/>\n<meta property=\"article:published_time\" content=\"2024-03-09T06:31:15+00:00\" \/>\n<meta property=\"article:modified_time\" content=\"2024-03-09T07:14:43+00:00\" \/>\n<meta property=\"og:image\" content=\"https:\/\/static.africa-press.net\/niger\/sites\/40\/2024\/03\/sm_1709955746.072742.jpg\" \/>\n\t<meta property=\"og:image:width\" content=\"800\" \/>\n\t<meta property=\"og:image:height\" content=\"533\" \/>\n\t<meta property=\"og:image:type\" content=\"image\/jpeg\" \/>\n<meta name=\"author\" content=\"cfeditorfr\" \/>\n<meta name=\"twitter:card\" content=\"summary_large_image\" \/>\n<meta name=\"twitter:label1\" content=\"\u00c9crit par\" \/>\n\t<meta name=\"twitter:data1\" content=\"cfeditorfr\" \/>\n\t<meta name=\"twitter:label2\" content=\"Dur\u00e9e de lecture estim\u00e9e\" \/>\n\t<meta name=\"twitter:data2\" content=\"3 minutes\" \/>\n<script type=\"application\/ld+json\" class=\"yoast-schema-graph\">{\"@context\":\"https:\/\/schema.org\",\"@graph\":[{\"@type\":\"Article\",\"@id\":\"https:\/\/www.africa-press.net\/niger\/economie\/economie-numerique-installation-dun-comite-charge-de-levaluation-de-leconomie-numerique-du-niger#article\",\"isPartOf\":{\"@id\":\"https:\/\/www.africa-press.net\/niger\/economie\/economie-numerique-installation-dun-comite-charge-de-levaluation-de-leconomie-numerique-du-niger\"},\"author\":{\"name\":\"cfeditorfr\",\"@id\":\"https:\/\/www.africa-press.net\/niger\/#\/schema\/person\/2b1cf3cd81a31e3cd26889ca66d677f1\"},\"headline\":\"Economie Num\u00e9rique : Installation d\u2019un comit\u00e9 charg\u00e9 de l\u2019\u00e9valuation de l\u2019\u00e9conomie num\u00e9rique du Niger\",\"datePublished\":\"2024-03-09T06:31:15+00:00\",\"dateModified\":\"2024-03-09T07:14:43+00:00\",\"mainEntityOfPage\":{\"@id\":\"https:\/\/www.africa-press.net\/niger\/economie\/economie-numerique-installation-dun-comite-charge-de-levaluation-de-leconomie-numerique-du-niger\"},\"wordCount\":570,\"commentCount\":0,\"image\":{\"@id\":\"https:\/\/www.africa-press.net\/niger\/economie\/economie-numerique-installation-dun-comite-charge-de-levaluation-de-leconomie-numerique-du-niger#primaryimage\"},\"thumbnailUrl\":\"https:\/\/static.africa-press.net\/niger\/sites\/40\/2024\/03\/sm_1709955746.072742.jpg\",\"keywords\":[\"Africa Press\",\"Africa Press-Niger\",\"Niger\"],\"articleSection\":[\"\u00c9conomie\",\"Toutes les actualit\u00e9s\"],\"inLanguage\":\"fr-FR\",\"potentialAction\":[{\"@type\":\"CommentAction\",\"name\":\"Comment\",\"target\":[\"https:\/\/www.africa-press.net\/niger\/economie\/economie-numerique-installation-dun-comite-charge-de-levaluation-de-leconomie-numerique-du-niger#respond\"]}]},{\"@type\":\"WebPage\",\"@id\":\"https:\/\/www.africa-press.net\/niger\/economie\/economie-numerique-installation-dun-comite-charge-de-levaluation-de-leconomie-numerique-du-niger\",\"url\":\"https:\/\/www.africa-press.net\/niger\/economie\/economie-numerique-installation-dun-comite-charge-de-levaluation-de-leconomie-numerique-du-niger\",\"name\":\"Economie Num\u00e9rique : Installation d\u2019un comit\u00e9 charg\u00e9 de l\u2019\u00e9valuation de l\u2019\u00e9conomie num\u00e9rique du Niger - niger\",\"isPartOf\":{\"@id\":\"https:\/\/www.africa-press.net\/niger\/#website\"},\"primaryImageOfPage\":{\"@id\":\"https:\/\/www.africa-press.net\/niger\/economie\/economie-numerique-installation-dun-comite-charge-de-levaluation-de-leconomie-numerique-du-niger#primaryimage\"},\"image\":{\"@id\":\"https:\/\/www.africa-press.net\/niger\/economie\/economie-numerique-installation-dun-comite-charge-de-levaluation-de-leconomie-numerique-du-niger#primaryimage\"},\"thumbnailUrl\":\"https:\/\/static.africa-press.net\/niger\/sites\/40\/2024\/03\/sm_1709955746.072742.jpg\",\"datePublished\":\"2024-03-09T06:31:15+00:00\",\"dateModified\":\"2024-03-09T07:14:43+00:00\",\"author\":{\"@id\":\"https:\/\/www.africa-press.net\/niger\/#\/schema\/person\/2b1cf3cd81a31e3cd26889ca66d677f1\"},\"description\":\"Le Secre\u0301taire Ge\u0301ne\u0301ral Adjoint du ministe\u0300re de l\u2019E\u0301conomie et des Finances, M. Sama Mamane a proce\u0301de\u0301, hier 7 mars 2 ...\",\"breadcrumb\":{\"@id\":\"https:\/\/www.africa-press.net\/niger\/economie\/economie-numerique-installation-dun-comite-charge-de-levaluation-de-leconomie-numerique-du-niger#breadcrumb\"},\"inLanguage\":\"fr-FR\",\"potentialAction\":[{\"@type\":\"ReadAction\",\"target\":[\"https:\/\/www.africa-press.net\/niger\/economie\/economie-numerique-installation-dun-comite-charge-de-levaluation-de-leconomie-numerique-du-niger\"]}]},{\"@type\":\"ImageObject\",\"inLanguage\":\"fr-FR\",\"@id\":\"https:\/\/www.africa-press.net\/niger\/economie\/economie-numerique-installation-dun-comite-charge-de-levaluation-de-leconomie-numerique-du-niger#primaryimage\",\"url\":\"https:\/\/static.africa-press.net\/niger\/sites\/40\/2024\/03\/sm_1709955746.072742.jpg\",\"contentUrl\":\"https:\/\/static.africa-press.net\/niger\/sites\/40\/2024\/03\/sm_1709955746.072742.jpg\",\"width\":800,\"height\":533,\"caption\":\"Economie Num\u00e9rique : Installation d\u2019un comit\u00e9 charg\u00e9 de l\u2019\u00e9valuation de l\u2019\u00e9conomie num\u00e9rique du Niger\"},{\"@type\":\"BreadcrumbList\",\"@id\":\"https:\/\/www.africa-press.net\/niger\/economie\/economie-numerique-installation-dun-comite-charge-de-levaluation-de-leconomie-numerique-du-niger#breadcrumb\",\"itemListElement\":[{\"@type\":\"ListItem\",\"position\":1,\"name\":\"Accueil\",\"item\":\"https:\/\/www.africa-press.net\/niger\/\"},{\"@type\":\"ListItem\",\"position\":2,\"name\":\"Economie Num\u00e9rique : Installation d\u2019un comit\u00e9 charg\u00e9 de l\u2019\u00e9valuation de l\u2019\u00e9conomie num\u00e9rique du Niger\"}]},{\"@type\":\"WebSite\",\"@id\":\"https:\/\/www.africa-press.net\/niger\/#website\",\"url\":\"https:\/\/www.africa-press.net\/niger\/\",\"name\":\"niger\",\"description\":\"Just another Africa News Agency Sites site\",\"potentialAction\":[{\"@type\":\"SearchAction\",\"target\":{\"@type\":\"EntryPoint\",\"urlTemplate\":\"https:\/\/www.africa-press.net\/niger\/?s={search_term_string}\"},\"query-input\":{\"@type\":\"PropertyValueSpecification\",\"valueRequired\":true,\"valueName\":\"search_term_string\"}}],\"inLanguage\":\"fr-FR\"},{\"@type\":\"Person\",\"@id\":\"https:\/\/www.africa-press.net\/niger\/#\/schema\/person\/2b1cf3cd81a31e3cd26889ca66d677f1\",\"name\":\"cfeditorfr\"}]}<\/script>\n<!-- \/ Yoast SEO Premium plugin. -->","yoast_head_json":{"title":"Economie Num\u00e9rique : Installation d\u2019un comit\u00e9 charg\u00e9 de l\u2019\u00e9valuation de l\u2019\u00e9conomie num\u00e9rique du Niger - niger","description":"Le Secre\u0301taire Ge\u0301ne\u0301ral Adjoint du ministe\u0300re de l\u2019E\u0301conomie et des Finances, M. Sama Mamane a proce\u0301de\u0301, hier 7 mars 2 ...","robots":{"index":"index","follow":"follow","max-snippet":"max-snippet:-1","max-image-preview":"max-image-preview:large","max-video-preview":"max-video-preview:-1"},"canonical":"https:\/\/www.africa-press.net\/niger\/economie\/economie-numerique-installation-dun-comite-charge-de-levaluation-de-leconomie-numerique-du-niger","og_locale":"fr_FR","og_type":"article","og_title":"Economie Num\u00e9rique : Installation d\u2019un comit\u00e9 charg\u00e9 de l\u2019\u00e9valuation de l\u2019\u00e9conomie num\u00e9rique du Niger","og_description":"Le Secre\u0301taire Ge\u0301ne\u0301ral Adjoint du ministe\u0300re de l\u2019E\u0301conomie et des Finances, M. Sama Mamane a proce\u0301de\u0301, hier 7 mars 2 ...","og_url":"https:\/\/www.africa-press.net\/niger\/economie\/economie-numerique-installation-dun-comite-charge-de-levaluation-de-leconomie-numerique-du-niger","og_site_name":"niger","article_published_time":"2024-03-09T06:31:15+00:00","article_modified_time":"2024-03-09T07:14:43+00:00","og_image":[{"width":800,"height":533,"url":"https:\/\/static.africa-press.net\/niger\/sites\/40\/2024\/03\/sm_1709955746.072742.jpg","type":"image\/jpeg"}],"author":"cfeditorfr","twitter_card":"summary_large_image","twitter_misc":{"\u00c9crit par":"cfeditorfr","Dur\u00e9e de lecture estim\u00e9e":"3 minutes"},"schema":{"@context":"https:\/\/schema.org","@graph":[{"@type":"Article","@id":"https:\/\/www.africa-press.net\/niger\/economie\/economie-numerique-installation-dun-comite-charge-de-levaluation-de-leconomie-numerique-du-niger#article","isPartOf":{"@id":"https:\/\/www.africa-press.net\/niger\/economie\/economie-numerique-installation-dun-comite-charge-de-levaluation-de-leconomie-numerique-du-niger"},"author":{"name":"cfeditorfr","@id":"https:\/\/www.africa-press.net\/niger\/#\/schema\/person\/2b1cf3cd81a31e3cd26889ca66d677f1"},"headline":"Economie Num\u00e9rique : Installation d\u2019un comit\u00e9 charg\u00e9 de l\u2019\u00e9valuation de l\u2019\u00e9conomie num\u00e9rique du Niger","datePublished":"2024-03-09T06:31:15+00:00","dateModified":"2024-03-09T07:14:43+00:00","mainEntityOfPage":{"@id":"https:\/\/www.africa-press.net\/niger\/economie\/economie-numerique-installation-dun-comite-charge-de-levaluation-de-leconomie-numerique-du-niger"},"wordCount":570,"commentCount":0,"image":{"@id":"https:\/\/www.africa-press.net\/niger\/economie\/economie-numerique-installation-dun-comite-charge-de-levaluation-de-leconomie-numerique-du-niger#primaryimage"},"thumbnailUrl":"https:\/\/static.africa-press.net\/niger\/sites\/40\/2024\/03\/sm_1709955746.072742.jpg","keywords":["Africa Press","Africa Press-Niger","Niger"],"articleSection":["\u00c9conomie","Toutes les actualit\u00e9s"],"inLanguage":"fr-FR","potentialAction":[{"@type":"CommentAction","name":"Comment","target":["https:\/\/www.africa-press.net\/niger\/economie\/economie-numerique-installation-dun-comite-charge-de-levaluation-de-leconomie-numerique-du-niger#respond"]}]},{"@type":"WebPage","@id":"https:\/\/www.africa-press.net\/niger\/economie\/economie-numerique-installation-dun-comite-charge-de-levaluation-de-leconomie-numerique-du-niger","url":"https:\/\/www.africa-press.net\/niger\/economie\/economie-numerique-installation-dun-comite-charge-de-levaluation-de-leconomie-numerique-du-niger","name":"Economie Num\u00e9rique : Installation d\u2019un comit\u00e9 charg\u00e9 de l\u2019\u00e9valuation de l\u2019\u00e9conomie num\u00e9rique du Niger - niger","isPartOf":{"@id":"https:\/\/www.africa-press.net\/niger\/#website"},"primaryImageOfPage":{"@id":"https:\/\/www.africa-press.net\/niger\/economie\/economie-numerique-installation-dun-comite-charge-de-levaluation-de-leconomie-numerique-du-niger#primaryimage"},"image":{"@id":"https:\/\/www.africa-press.net\/niger\/economie\/economie-numerique-installation-dun-comite-charge-de-levaluation-de-leconomie-numerique-du-niger#primaryimage"},"thumbnailUrl":"https:\/\/static.africa-press.net\/niger\/sites\/40\/2024\/03\/sm_1709955746.072742.jpg","datePublished":"2024-03-09T06:31:15+00:00","dateModified":"2024-03-09T07:14:43+00:00","author":{"@id":"https:\/\/www.africa-press.net\/niger\/#\/schema\/person\/2b1cf3cd81a31e3cd26889ca66d677f1"},"description":"Le Secre\u0301taire Ge\u0301ne\u0301ral Adjoint du ministe\u0300re de l\u2019E\u0301conomie et des Finances, M. Sama Mamane a proce\u0301de\u0301, hier 7 mars 2 ...","breadcrumb":{"@id":"https:\/\/www.africa-press.net\/niger\/economie\/economie-numerique-installation-dun-comite-charge-de-levaluation-de-leconomie-numerique-du-niger#breadcrumb"},"inLanguage":"fr-FR","potentialAction":[{"@type":"ReadAction","target":["https:\/\/www.africa-press.net\/niger\/economie\/economie-numerique-installation-dun-comite-charge-de-levaluation-de-leconomie-numerique-du-niger"]}]},{"@type":"ImageObject","inLanguage":"fr-FR","@id":"https:\/\/www.africa-press.net\/niger\/economie\/economie-numerique-installation-dun-comite-charge-de-levaluation-de-leconomie-numerique-du-niger#primaryimage","url":"https:\/\/static.africa-press.net\/niger\/sites\/40\/2024\/03\/sm_1709955746.072742.jpg","contentUrl":"https:\/\/static.africa-press.net\/niger\/sites\/40\/2024\/03\/sm_1709955746.072742.jpg","width":800,"height":533,"caption":"Economie Num\u00e9rique : Installation d\u2019un comit\u00e9 charg\u00e9 de l\u2019\u00e9valuation de l\u2019\u00e9conomie num\u00e9rique du Niger"},{"@type":"BreadcrumbList","@id":"https:\/\/www.africa-press.net\/niger\/economie\/economie-numerique-installation-dun-comite-charge-de-levaluation-de-leconomie-numerique-du-niger#breadcrumb","itemListElement":[{"@type":"ListItem","position":1,"name":"Accueil","item":"https:\/\/www.africa-press.net\/niger\/"},{"@type":"ListItem","position":2,"name":"Economie Num\u00e9rique : Installation d\u2019un comit\u00e9 charg\u00e9 de l\u2019\u00e9valuation de l\u2019\u00e9conomie num\u00e9rique du Niger"}]},{"@type":"WebSite","@id":"https:\/\/www.africa-press.net\/niger\/#website","url":"https:\/\/www.africa-press.net\/niger\/","name":"niger","description":"Just another Africa News Agency Sites site","potentialAction":[{"@type":"SearchAction","target":{"@type":"EntryPoint","urlTemplate":"https:\/\/www.africa-press.net\/niger\/?s={search_term_string}"},"query-input":{"@type":"PropertyValueSpecification","valueRequired":true,"valueName":"search_term_string"}}],"inLanguage":"fr-FR"},{"@type":"Person","@id":"https:\/\/www.africa-press.net\/niger\/#\/schema\/person\/2b1cf3cd81a31e3cd26889ca66d677f1","name":"cfeditorfr"}]}},"_links":{"self":[{"href":"https:\/\/www.africa-press.net\/niger\/wp-json\/wp\/v2\/posts\/59633","targetHints":{"allow":["GET"]}}],"collection":[{"href":"https:\/\/www.africa-press.net\/niger\/wp-json\/wp\/v2\/posts"}],"about":[{"href":"https:\/\/www.africa-press.net\/niger\/wp-json\/wp\/v2\/types\/post"}],"author":[{"embeddable":true,"href":"https:\/\/www.africa-press.net\/niger\/wp-json\/wp\/v2\/users\/82"}],"replies":[{"embeddable":true,"href":"https:\/\/www.africa-press.net\/niger\/wp-json\/wp\/v2\/comments?post=59633"}],"version-history":[{"count":0,"href":"https:\/\/www.africa-press.net\/niger\/wp-json\/wp\/v2\/posts\/59633\/revisions"}],"wp:featuredmedia":[{"embeddable":true,"href":"https:\/\/www.africa-press.net\/niger\/wp-json\/wp\/v2\/media\/59632"}],"wp:attachment":[{"href":"https:\/\/www.africa-press.net\/niger\/wp-json\/wp\/v2\/media?parent=59633"}],"wp:term":[{"taxonomy":"category","embeddable":true,"href":"https:\/\/www.africa-press.net\/niger\/wp-json\/wp\/v2\/categories?post=59633"},{"taxonomy":"post_tag","embeddable":true,"href":"https:\/\/www.africa-press.net\/niger\/wp-json\/wp\/v2\/tags?post=59633"}],"curies":[{"name":"wp","href":"https:\/\/api.w.org\/{rel}","templated":true}]}}