{"id":59635,"date":"2024-03-09T06:31:33","date_gmt":"2024-03-09T06:31:33","guid":{"rendered":"https:\/\/www.africa-press.net\/niger\/politique\/visite-du-ministre-de-la-jeunesse-du-sport-de-la-culture-et-des-arts-a-maradi-je-suis-desole-de-ce-que-jai-vu-declare-le-colonel-major-abdourahmane-amadou"},"modified":"2024-03-09T07:15:05","modified_gmt":"2024-03-09T07:15:05","slug":"visite-du-ministre-de-la-jeunesse-du-sport-de-la-culture-et-des-arts-a-maradi-je-suis-desole-de-ce-que-jai-vu-declare-le-colonel-major-abdourahmane-amadou","status":"publish","type":"post","link":"https:\/\/www.africa-press.net\/niger\/culture-et-art\/visite-du-ministre-de-la-jeunesse-du-sport-de-la-culture-et-des-arts-a-maradi-je-suis-desole-de-ce-que-jai-vu-declare-le-colonel-major-abdourahmane-amadou","title":{"rendered":"Visite du Ministre de la jeunesse, du sport, de la Culture et des arts \u00e0 Maradi : \u00ab Je suis d\u00e9sol\u00e9 de ce que j\u2019ai vu \u00bb, d\u00e9clare le Colonel Major Abdourahmane Amadou"},"content":{"rendered":"<p><span style=\"color: #ff6600\"><strong>Africa-Press &#8211; Niger. <\/strong><\/span>Le Ministre de la Jeunesse, du Sport, de la Culture et des arts, le Colonel Major Abdourahmane Amadou a effectue\u0301 le mardi 05 mars 2024, une visite de travail a\u0300 Maradi. L\u2019objectif de cette mission est de prendre contact avec les services de\u0301concentre\u0301s de son de\u0301partement ministe\u0301riel, visiter les infrastructures et surtout vulgariser la lettre de mission de son Ministe\u0300re.<\/p>\n<p>Apre\u0300s une visite de courtoisie aux Sultans de Katsina et de Gobir, le ministre de la Jeunesse, du Sport, de la Culture et des Arts a visite\u0301 les infrastructures sportives et culturelles de la ville de Maradi, dont les chantiers abandonne\u0301s de l\u2019Acade\u0301mie des arts, et la maison des jeunes. A l\u2019issue de cette visite, le ministre a fait remarquer que Maradi ne manque pas d\u2019infrastructures de sport ou de culture, mais la population les a abandonne\u0301s.<\/p>\n<p>\u00ab Je suis de\u0301sole\u0301 de ce que j\u2019ai vu parce que tout ce qui existait a e\u0301te\u0301 abandonne\u0301. Tout ce qu\u2019on a entrepris depuis 2015 n\u2019a pas e\u0301te\u0301 acheve\u0301 \u00bb, s\u2019est-il indigne\u0301. Toutefois, le Colonel Major Abdourahmane Amadou a demande\u0301 a\u0300 la jeunesse de Maradi de s\u2019approprier les infrastructures existantes et d\u2019en faire bon usage. Il a promis que ces chantiers abandonne\u0301s seront acheve\u0301s Incha Allah et averti qu\u2019il reviendra a\u0300 Maradi pour le suivi parce que, indique-t-il, le Chef de l\u2019Etat tient a\u0300 l\u2019e\u0301panouissement de la jeunesse.<\/p>\n<p>Concernant le second volet de sa visite, la vulgarisation de la lettre de mission de son de\u0301partement ministe\u0301riel, un expose\u0301 des neuf (9) grandes orientations en faveur des jeunes dans divers domaines a e\u0301te\u0301 fait. Les jeunes venus nombreux ont pose\u0301 des questions d\u2019e\u0301claircissement sur certains points contenus dans cette lettre de mission, qui traduit la volonte\u0301 du CNSP a\u0300 faire de la jeunesse, un ve\u0301ritable moteur de de\u0301veloppement.<\/p>\n<p>&nbsp;<\/p>\n<p><strong>Pour plus d&rsquo;informations et d&rsquo;analyses sur la <a href=\"https:\/\/www.africa-press.net\/niger\">Niger<\/a>, suivez <a href=\"https:\/\/www.africa-press.net\/\">Africa-Press<\/a><\/strong><\/p>\n","protected":false},"excerpt":{"rendered":"<p>Africa-Press &#8211; Niger. Le Ministre de la Jeunesse, du Sport, de la Culture et des arts, le Colonel Major Abdourahmane Amadou a effectue\u0301 le mardi 05 mars 2024, une visite de travail a\u0300 Maradi. L\u2019objectif de cette mission est de prendre contact avec les services de\u0301concentre\u0301s de son de\u0301partement ministe\u0301riel, visiter les infrastructures et surtout [&hellip;]<\/p>\n","protected":false},"author":82,"featured_media":59634,"comment_status":"open","ping_status":"closed","sticky":false,"template":"","format":"standard","meta":{"footnotes":""},"categories":[5,10],"tags":[55,60,29],"class_list":["post-59635","post","type-post","status-publish","format-standard","has-post-thumbnail","hentry","category-culture-et-art","category-toutes-les-actualites","tag-africa-press","tag-africa-press-niger","tag-niger"],"yoast_head":"<!-- This site is optimized with the Yoast SEO Premium plugin v26.1 (Yoast SEO v27.0) - https:\/\/yoast.com\/product\/yoast-seo-premium-wordpress\/ -->\n<title>Visite du Ministre de la jeunesse, du sport, de la Culture et des arts \u00e0 Maradi : \u00ab Je suis d\u00e9sol\u00e9 de ce que j\u2019ai vu \u00bb, d\u00e9clare le Colonel Major Abdourahmane Amadou - niger<\/title>\n<meta name=\"description\" content=\"Le Ministre de la Jeunesse, du Sport, de la Culture et des arts, le Colonel Major Abdourahmane Amadou a effectue\u0301 le mar ...\" \/>\n<meta name=\"robots\" content=\"index, follow, max-snippet:-1, max-image-preview:large, max-video-preview:-1\" \/>\n<link rel=\"canonical\" href=\"https:\/\/www.africa-press.net\/niger\/culture-et-art\/visite-du-ministre-de-la-jeunesse-du-sport-de-la-culture-et-des-arts-a-maradi-je-suis-desole-de-ce-que-jai-vu-declare-le-colonel-major-abdourahmane-amadou\" \/>\n<meta property=\"og:locale\" content=\"fr_FR\" \/>\n<meta property=\"og:type\" content=\"article\" \/>\n<meta property=\"og:title\" content=\"Visite du Ministre de la jeunesse, du sport, de la Culture et des arts \u00e0 Maradi : \u00ab Je suis d\u00e9sol\u00e9 de ce que j\u2019ai vu \u00bb, d\u00e9clare le Colonel Major Abdourahmane Amadou\" \/>\n<meta property=\"og:description\" content=\"Le Ministre de la Jeunesse, du Sport, de la Culture et des arts, le Colonel Major Abdourahmane Amadou a effectue\u0301 le mar ...\" \/>\n<meta property=\"og:url\" content=\"https:\/\/www.africa-press.net\/niger\/culture-et-art\/visite-du-ministre-de-la-jeunesse-du-sport-de-la-culture-et-des-arts-a-maradi-je-suis-desole-de-ce-que-jai-vu-declare-le-colonel-major-abdourahmane-amadou\" \/>\n<meta property=\"og:site_name\" content=\"niger\" \/>\n<meta property=\"article:published_time\" content=\"2024-03-09T06:31:33+00:00\" \/>\n<meta property=\"article:modified_time\" content=\"2024-03-09T07:15:05+00:00\" \/>\n<meta property=\"og:image\" content=\"https:\/\/static.africa-press.net\/niger\/sites\/40\/2024\/03\/sm_1709955763.296699.jpg\" \/>\n\t<meta property=\"og:image:width\" content=\"1024\" \/>\n\t<meta property=\"og:image:height\" content=\"768\" \/>\n\t<meta property=\"og:image:type\" content=\"image\/jpeg\" \/>\n<meta name=\"author\" content=\"cfeditorfr\" \/>\n<meta name=\"twitter:card\" content=\"summary_large_image\" \/>\n<meta name=\"twitter:label1\" content=\"\u00c9crit par\" \/>\n\t<meta name=\"twitter:data1\" content=\"cfeditorfr\" \/>\n\t<meta name=\"twitter:label2\" content=\"Dur\u00e9e de lecture estim\u00e9e\" \/>\n\t<meta name=\"twitter:data2\" content=\"2 minutes\" \/>\n<script type=\"application\/ld+json\" class=\"yoast-schema-graph\">{\"@context\":\"https:\/\/schema.org\",\"@graph\":[{\"@type\":\"Article\",\"@id\":\"https:\/\/www.africa-press.net\/niger\/culture-et-art\/visite-du-ministre-de-la-jeunesse-du-sport-de-la-culture-et-des-arts-a-maradi-je-suis-desole-de-ce-que-jai-vu-declare-le-colonel-major-abdourahmane-amadou#article\",\"isPartOf\":{\"@id\":\"https:\/\/www.africa-press.net\/niger\/culture-et-art\/visite-du-ministre-de-la-jeunesse-du-sport-de-la-culture-et-des-arts-a-maradi-je-suis-desole-de-ce-que-jai-vu-declare-le-colonel-major-abdourahmane-amadou\"},\"author\":{\"name\":\"cfeditorfr\",\"@id\":\"https:\/\/www.africa-press.net\/niger\/#\/schema\/person\/2b1cf3cd81a31e3cd26889ca66d677f1\"},\"headline\":\"Visite du Ministre de la jeunesse, du sport, de la Culture et des arts \u00e0 Maradi : \u00ab Je suis d\u00e9sol\u00e9 de ce que j\u2019ai vu \u00bb, d\u00e9clare le Colonel Major Abdourahmane Amadou\",\"datePublished\":\"2024-03-09T06:31:33+00:00\",\"dateModified\":\"2024-03-09T07:15:05+00:00\",\"mainEntityOfPage\":{\"@id\":\"https:\/\/www.africa-press.net\/niger\/culture-et-art\/visite-du-ministre-de-la-jeunesse-du-sport-de-la-culture-et-des-arts-a-maradi-je-suis-desole-de-ce-que-jai-vu-declare-le-colonel-major-abdourahmane-amadou\"},\"wordCount\":371,\"commentCount\":0,\"image\":{\"@id\":\"https:\/\/www.africa-press.net\/niger\/culture-et-art\/visite-du-ministre-de-la-jeunesse-du-sport-de-la-culture-et-des-arts-a-maradi-je-suis-desole-de-ce-que-jai-vu-declare-le-colonel-major-abdourahmane-amadou#primaryimage\"},\"thumbnailUrl\":\"https:\/\/static.africa-press.net\/niger\/sites\/40\/2024\/03\/sm_1709955763.296699.jpg\",\"keywords\":[\"Africa Press\",\"Africa Press-Niger\",\"Niger\"],\"articleSection\":[\"Culture et Art\",\"Toutes les actualit\u00e9s\"],\"inLanguage\":\"fr-FR\",\"potentialAction\":[{\"@type\":\"CommentAction\",\"name\":\"Comment\",\"target\":[\"https:\/\/www.africa-press.net\/niger\/culture-et-art\/visite-du-ministre-de-la-jeunesse-du-sport-de-la-culture-et-des-arts-a-maradi-je-suis-desole-de-ce-que-jai-vu-declare-le-colonel-major-abdourahmane-amadou#respond\"]}]},{\"@type\":\"WebPage\",\"@id\":\"https:\/\/www.africa-press.net\/niger\/culture-et-art\/visite-du-ministre-de-la-jeunesse-du-sport-de-la-culture-et-des-arts-a-maradi-je-suis-desole-de-ce-que-jai-vu-declare-le-colonel-major-abdourahmane-amadou\",\"url\":\"https:\/\/www.africa-press.net\/niger\/culture-et-art\/visite-du-ministre-de-la-jeunesse-du-sport-de-la-culture-et-des-arts-a-maradi-je-suis-desole-de-ce-que-jai-vu-declare-le-colonel-major-abdourahmane-amadou\",\"name\":\"Visite du Ministre de la jeunesse, du sport, de la Culture et des arts \u00e0 Maradi : \u00ab Je suis d\u00e9sol\u00e9 de ce que j\u2019ai vu \u00bb, d\u00e9clare le Colonel Major Abdourahmane Amadou - niger\",\"isPartOf\":{\"@id\":\"https:\/\/www.africa-press.net\/niger\/#website\"},\"primaryImageOfPage\":{\"@id\":\"https:\/\/www.africa-press.net\/niger\/culture-et-art\/visite-du-ministre-de-la-jeunesse-du-sport-de-la-culture-et-des-arts-a-maradi-je-suis-desole-de-ce-que-jai-vu-declare-le-colonel-major-abdourahmane-amadou#primaryimage\"},\"image\":{\"@id\":\"https:\/\/www.africa-press.net\/niger\/culture-et-art\/visite-du-ministre-de-la-jeunesse-du-sport-de-la-culture-et-des-arts-a-maradi-je-suis-desole-de-ce-que-jai-vu-declare-le-colonel-major-abdourahmane-amadou#primaryimage\"},\"thumbnailUrl\":\"https:\/\/static.africa-press.net\/niger\/sites\/40\/2024\/03\/sm_1709955763.296699.jpg\",\"datePublished\":\"2024-03-09T06:31:33+00:00\",\"dateModified\":\"2024-03-09T07:15:05+00:00\",\"author\":{\"@id\":\"https:\/\/www.africa-press.net\/niger\/#\/schema\/person\/2b1cf3cd81a31e3cd26889ca66d677f1\"},\"description\":\"Le Ministre de la Jeunesse, du Sport, de la Culture et des arts, le Colonel Major Abdourahmane Amadou a effectue\u0301 le mar ...\",\"breadcrumb\":{\"@id\":\"https:\/\/www.africa-press.net\/niger\/culture-et-art\/visite-du-ministre-de-la-jeunesse-du-sport-de-la-culture-et-des-arts-a-maradi-je-suis-desole-de-ce-que-jai-vu-declare-le-colonel-major-abdourahmane-amadou#breadcrumb\"},\"inLanguage\":\"fr-FR\",\"potentialAction\":[{\"@type\":\"ReadAction\",\"target\":[\"https:\/\/www.africa-press.net\/niger\/culture-et-art\/visite-du-ministre-de-la-jeunesse-du-sport-de-la-culture-et-des-arts-a-maradi-je-suis-desole-de-ce-que-jai-vu-declare-le-colonel-major-abdourahmane-amadou\"]}]},{\"@type\":\"ImageObject\",\"inLanguage\":\"fr-FR\",\"@id\":\"https:\/\/www.africa-press.net\/niger\/culture-et-art\/visite-du-ministre-de-la-jeunesse-du-sport-de-la-culture-et-des-arts-a-maradi-je-suis-desole-de-ce-que-jai-vu-declare-le-colonel-major-abdourahmane-amadou#primaryimage\",\"url\":\"https:\/\/static.africa-press.net\/niger\/sites\/40\/2024\/03\/sm_1709955763.296699.jpg\",\"contentUrl\":\"https:\/\/static.africa-press.net\/niger\/sites\/40\/2024\/03\/sm_1709955763.296699.jpg\",\"width\":1024,\"height\":768,\"caption\":\"Visite du Ministre de la jeunesse, du sport, de la Culture et des arts \u00e0 Maradi : \u00ab Je suis d\u00e9sol\u00e9 de ce que j\u2019ai vu \u00bb, d\u00e9clare le Colonel Major Abdourahmane Amadou\"},{\"@type\":\"BreadcrumbList\",\"@id\":\"https:\/\/www.africa-press.net\/niger\/culture-et-art\/visite-du-ministre-de-la-jeunesse-du-sport-de-la-culture-et-des-arts-a-maradi-je-suis-desole-de-ce-que-jai-vu-declare-le-colonel-major-abdourahmane-amadou#breadcrumb\",\"itemListElement\":[{\"@type\":\"ListItem\",\"position\":1,\"name\":\"Accueil\",\"item\":\"https:\/\/www.africa-press.net\/niger\/\"},{\"@type\":\"ListItem\",\"position\":2,\"name\":\"Visite du Ministre de la jeunesse, du sport, de la Culture et des arts \u00e0 Maradi : \u00ab Je suis d\u00e9sol\u00e9 de ce que j\u2019ai vu \u00bb, d\u00e9clare le Colonel Major Abdourahmane Amadou\"}]},{\"@type\":\"WebSite\",\"@id\":\"https:\/\/www.africa-press.net\/niger\/#website\",\"url\":\"https:\/\/www.africa-press.net\/niger\/\",\"name\":\"niger\",\"description\":\"Just another Africa News Agency Sites site\",\"potentialAction\":[{\"@type\":\"SearchAction\",\"target\":{\"@type\":\"EntryPoint\",\"urlTemplate\":\"https:\/\/www.africa-press.net\/niger\/?s={search_term_string}\"},\"query-input\":{\"@type\":\"PropertyValueSpecification\",\"valueRequired\":true,\"valueName\":\"search_term_string\"}}],\"inLanguage\":\"fr-FR\"},{\"@type\":\"Person\",\"@id\":\"https:\/\/www.africa-press.net\/niger\/#\/schema\/person\/2b1cf3cd81a31e3cd26889ca66d677f1\",\"name\":\"cfeditorfr\"}]}<\/script>\n<!-- \/ Yoast SEO Premium plugin. -->","yoast_head_json":{"title":"Visite du Ministre de la jeunesse, du sport, de la Culture et des arts \u00e0 Maradi : \u00ab Je suis d\u00e9sol\u00e9 de ce que j\u2019ai vu \u00bb, d\u00e9clare le Colonel Major Abdourahmane Amadou - niger","description":"Le Ministre de la Jeunesse, du Sport, de la Culture et des arts, le Colonel Major Abdourahmane Amadou a effectue\u0301 le mar ...","robots":{"index":"index","follow":"follow","max-snippet":"max-snippet:-1","max-image-preview":"max-image-preview:large","max-video-preview":"max-video-preview:-1"},"canonical":"https:\/\/www.africa-press.net\/niger\/culture-et-art\/visite-du-ministre-de-la-jeunesse-du-sport-de-la-culture-et-des-arts-a-maradi-je-suis-desole-de-ce-que-jai-vu-declare-le-colonel-major-abdourahmane-amadou","og_locale":"fr_FR","og_type":"article","og_title":"Visite du Ministre de la jeunesse, du sport, de la Culture et des arts \u00e0 Maradi : \u00ab Je suis d\u00e9sol\u00e9 de ce que j\u2019ai vu \u00bb, d\u00e9clare le Colonel Major Abdourahmane Amadou","og_description":"Le Ministre de la Jeunesse, du Sport, de la Culture et des arts, le Colonel Major Abdourahmane Amadou a effectue\u0301 le mar ...","og_url":"https:\/\/www.africa-press.net\/niger\/culture-et-art\/visite-du-ministre-de-la-jeunesse-du-sport-de-la-culture-et-des-arts-a-maradi-je-suis-desole-de-ce-que-jai-vu-declare-le-colonel-major-abdourahmane-amadou","og_site_name":"niger","article_published_time":"2024-03-09T06:31:33+00:00","article_modified_time":"2024-03-09T07:15:05+00:00","og_image":[{"width":1024,"height":768,"url":"https:\/\/static.africa-press.net\/niger\/sites\/40\/2024\/03\/sm_1709955763.296699.jpg","type":"image\/jpeg"}],"author":"cfeditorfr","twitter_card":"summary_large_image","twitter_misc":{"\u00c9crit par":"cfeditorfr","Dur\u00e9e de lecture estim\u00e9e":"2 minutes"},"schema":{"@context":"https:\/\/schema.org","@graph":[{"@type":"Article","@id":"https:\/\/www.africa-press.net\/niger\/culture-et-art\/visite-du-ministre-de-la-jeunesse-du-sport-de-la-culture-et-des-arts-a-maradi-je-suis-desole-de-ce-que-jai-vu-declare-le-colonel-major-abdourahmane-amadou#article","isPartOf":{"@id":"https:\/\/www.africa-press.net\/niger\/culture-et-art\/visite-du-ministre-de-la-jeunesse-du-sport-de-la-culture-et-des-arts-a-maradi-je-suis-desole-de-ce-que-jai-vu-declare-le-colonel-major-abdourahmane-amadou"},"author":{"name":"cfeditorfr","@id":"https:\/\/www.africa-press.net\/niger\/#\/schema\/person\/2b1cf3cd81a31e3cd26889ca66d677f1"},"headline":"Visite du Ministre de la jeunesse, du sport, de la Culture et des arts \u00e0 Maradi : \u00ab Je suis d\u00e9sol\u00e9 de ce que j\u2019ai vu \u00bb, d\u00e9clare le Colonel Major Abdourahmane Amadou","datePublished":"2024-03-09T06:31:33+00:00","dateModified":"2024-03-09T07:15:05+00:00","mainEntityOfPage":{"@id":"https:\/\/www.africa-press.net\/niger\/culture-et-art\/visite-du-ministre-de-la-jeunesse-du-sport-de-la-culture-et-des-arts-a-maradi-je-suis-desole-de-ce-que-jai-vu-declare-le-colonel-major-abdourahmane-amadou"},"wordCount":371,"commentCount":0,"image":{"@id":"https:\/\/www.africa-press.net\/niger\/culture-et-art\/visite-du-ministre-de-la-jeunesse-du-sport-de-la-culture-et-des-arts-a-maradi-je-suis-desole-de-ce-que-jai-vu-declare-le-colonel-major-abdourahmane-amadou#primaryimage"},"thumbnailUrl":"https:\/\/static.africa-press.net\/niger\/sites\/40\/2024\/03\/sm_1709955763.296699.jpg","keywords":["Africa Press","Africa Press-Niger","Niger"],"articleSection":["Culture et Art","Toutes les actualit\u00e9s"],"inLanguage":"fr-FR","potentialAction":[{"@type":"CommentAction","name":"Comment","target":["https:\/\/www.africa-press.net\/niger\/culture-et-art\/visite-du-ministre-de-la-jeunesse-du-sport-de-la-culture-et-des-arts-a-maradi-je-suis-desole-de-ce-que-jai-vu-declare-le-colonel-major-abdourahmane-amadou#respond"]}]},{"@type":"WebPage","@id":"https:\/\/www.africa-press.net\/niger\/culture-et-art\/visite-du-ministre-de-la-jeunesse-du-sport-de-la-culture-et-des-arts-a-maradi-je-suis-desole-de-ce-que-jai-vu-declare-le-colonel-major-abdourahmane-amadou","url":"https:\/\/www.africa-press.net\/niger\/culture-et-art\/visite-du-ministre-de-la-jeunesse-du-sport-de-la-culture-et-des-arts-a-maradi-je-suis-desole-de-ce-que-jai-vu-declare-le-colonel-major-abdourahmane-amadou","name":"Visite du Ministre de la jeunesse, du sport, de la Culture et des arts \u00e0 Maradi : \u00ab Je suis d\u00e9sol\u00e9 de ce que j\u2019ai vu \u00bb, d\u00e9clare le Colonel Major Abdourahmane Amadou - niger","isPartOf":{"@id":"https:\/\/www.africa-press.net\/niger\/#website"},"primaryImageOfPage":{"@id":"https:\/\/www.africa-press.net\/niger\/culture-et-art\/visite-du-ministre-de-la-jeunesse-du-sport-de-la-culture-et-des-arts-a-maradi-je-suis-desole-de-ce-que-jai-vu-declare-le-colonel-major-abdourahmane-amadou#primaryimage"},"image":{"@id":"https:\/\/www.africa-press.net\/niger\/culture-et-art\/visite-du-ministre-de-la-jeunesse-du-sport-de-la-culture-et-des-arts-a-maradi-je-suis-desole-de-ce-que-jai-vu-declare-le-colonel-major-abdourahmane-amadou#primaryimage"},"thumbnailUrl":"https:\/\/static.africa-press.net\/niger\/sites\/40\/2024\/03\/sm_1709955763.296699.jpg","datePublished":"2024-03-09T06:31:33+00:00","dateModified":"2024-03-09T07:15:05+00:00","author":{"@id":"https:\/\/www.africa-press.net\/niger\/#\/schema\/person\/2b1cf3cd81a31e3cd26889ca66d677f1"},"description":"Le Ministre de la Jeunesse, du Sport, de la Culture et des arts, le Colonel Major Abdourahmane Amadou a effectue\u0301 le mar ...","breadcrumb":{"@id":"https:\/\/www.africa-press.net\/niger\/culture-et-art\/visite-du-ministre-de-la-jeunesse-du-sport-de-la-culture-et-des-arts-a-maradi-je-suis-desole-de-ce-que-jai-vu-declare-le-colonel-major-abdourahmane-amadou#breadcrumb"},"inLanguage":"fr-FR","potentialAction":[{"@type":"ReadAction","target":["https:\/\/www.africa-press.net\/niger\/culture-et-art\/visite-du-ministre-de-la-jeunesse-du-sport-de-la-culture-et-des-arts-a-maradi-je-suis-desole-de-ce-que-jai-vu-declare-le-colonel-major-abdourahmane-amadou"]}]},{"@type":"ImageObject","inLanguage":"fr-FR","@id":"https:\/\/www.africa-press.net\/niger\/culture-et-art\/visite-du-ministre-de-la-jeunesse-du-sport-de-la-culture-et-des-arts-a-maradi-je-suis-desole-de-ce-que-jai-vu-declare-le-colonel-major-abdourahmane-amadou#primaryimage","url":"https:\/\/static.africa-press.net\/niger\/sites\/40\/2024\/03\/sm_1709955763.296699.jpg","contentUrl":"https:\/\/static.africa-press.net\/niger\/sites\/40\/2024\/03\/sm_1709955763.296699.jpg","width":1024,"height":768,"caption":"Visite du Ministre de la jeunesse, du sport, de la Culture et des arts \u00e0 Maradi : \u00ab Je suis d\u00e9sol\u00e9 de ce que j\u2019ai vu \u00bb, d\u00e9clare le Colonel Major Abdourahmane Amadou"},{"@type":"BreadcrumbList","@id":"https:\/\/www.africa-press.net\/niger\/culture-et-art\/visite-du-ministre-de-la-jeunesse-du-sport-de-la-culture-et-des-arts-a-maradi-je-suis-desole-de-ce-que-jai-vu-declare-le-colonel-major-abdourahmane-amadou#breadcrumb","itemListElement":[{"@type":"ListItem","position":1,"name":"Accueil","item":"https:\/\/www.africa-press.net\/niger\/"},{"@type":"ListItem","position":2,"name":"Visite du Ministre de la jeunesse, du sport, de la Culture et des arts \u00e0 Maradi : \u00ab Je suis d\u00e9sol\u00e9 de ce que j\u2019ai vu \u00bb, d\u00e9clare le Colonel Major Abdourahmane Amadou"}]},{"@type":"WebSite","@id":"https:\/\/www.africa-press.net\/niger\/#website","url":"https:\/\/www.africa-press.net\/niger\/","name":"niger","description":"Just another Africa News Agency Sites site","potentialAction":[{"@type":"SearchAction","target":{"@type":"EntryPoint","urlTemplate":"https:\/\/www.africa-press.net\/niger\/?s={search_term_string}"},"query-input":{"@type":"PropertyValueSpecification","valueRequired":true,"valueName":"search_term_string"}}],"inLanguage":"fr-FR"},{"@type":"Person","@id":"https:\/\/www.africa-press.net\/niger\/#\/schema\/person\/2b1cf3cd81a31e3cd26889ca66d677f1","name":"cfeditorfr"}]}},"_links":{"self":[{"href":"https:\/\/www.africa-press.net\/niger\/wp-json\/wp\/v2\/posts\/59635","targetHints":{"allow":["GET"]}}],"collection":[{"href":"https:\/\/www.africa-press.net\/niger\/wp-json\/wp\/v2\/posts"}],"about":[{"href":"https:\/\/www.africa-press.net\/niger\/wp-json\/wp\/v2\/types\/post"}],"author":[{"embeddable":true,"href":"https:\/\/www.africa-press.net\/niger\/wp-json\/wp\/v2\/users\/82"}],"replies":[{"embeddable":true,"href":"https:\/\/www.africa-press.net\/niger\/wp-json\/wp\/v2\/comments?post=59635"}],"version-history":[{"count":0,"href":"https:\/\/www.africa-press.net\/niger\/wp-json\/wp\/v2\/posts\/59635\/revisions"}],"wp:featuredmedia":[{"embeddable":true,"href":"https:\/\/www.africa-press.net\/niger\/wp-json\/wp\/v2\/media\/59634"}],"wp:attachment":[{"href":"https:\/\/www.africa-press.net\/niger\/wp-json\/wp\/v2\/media?parent=59635"}],"wp:term":[{"taxonomy":"category","embeddable":true,"href":"https:\/\/www.africa-press.net\/niger\/wp-json\/wp\/v2\/categories?post=59635"},{"taxonomy":"post_tag","embeddable":true,"href":"https:\/\/www.africa-press.net\/niger\/wp-json\/wp\/v2\/tags?post=59635"}],"curies":[{"name":"wp","href":"https:\/\/api.w.org\/{rel}","templated":true}]}}