{"id":59640,"date":"2024-03-09T06:32:09","date_gmt":"2024-03-09T06:32:09","guid":{"rendered":"https:\/\/www.africa-press.net\/niger\/politique\/le-prix-du-riz-de-5-a-25-brisure-fixe-par-une-decision-du-ministere-du-commerce-dans-les-8-regions-du-niger"},"modified":"2024-03-09T07:15:27","modified_gmt":"2024-03-09T07:15:27","slug":"le-prix-du-riz-de-5-a-25-brisure-fixe-par-une-decision-du-ministere-du-commerce-dans-les-8-regions-du-niger","status":"publish","type":"post","link":"https:\/\/www.africa-press.net\/niger\/economie\/le-prix-du-riz-de-5-a-25-brisure-fixe-par-une-decision-du-ministere-du-commerce-dans-les-8-regions-du-niger","title":{"rendered":"Le prix du riz de 5 \u00e0 25 % brisure fix\u00e9 par une d\u00e9cision du Minist\u00e8re du commerce dans les 8 r\u00e9gions du Niger"},"content":{"rendered":"<p><span style=\"color: #ff6600\"><strong>Africa-Press &#8211; Niger. <\/strong><\/span>Lors du point de presse qu\u2019il a anime\u0301 le 21 fe\u0301vrier dernier, le ministre du Commerce et de l\u2019Industrie, M. Seydou Asman a annonce\u0301 une de\u0301cision qui de\u0301termine le prix du riz en fonction des re\u0301gions. Selon cette de\u0301cision signe\u0301e par le ministre en charge du commerce, le prix du sac du riz de 25kg pour 5 a\u0300 25 % brisure est fixe\u0301 a\u0300 13.500F a\u0300 Niamey, 13.675F a\u0300 Dosso, 13.825F a\u0300 Tahoua, 13.925F a\u0300 Maradi, 14.000F a\u0300 Zinder, 14.375F a\u0300 Diffa ; 14.125F a\u0300 Agadez et 13.650F a\u0300 Tillabe\u0301ri.<\/p>\n<p>Le ministre du Commerce et de l\u2019Industrie a de\u0301clare\u0301 que ces prix ont e\u0301te\u0301 fixe\u0301s sur la base des donne\u0301es recueillies au niveau des services douaniers, des ope\u0301rateurs e\u0301conomiques, etc. M. Seydou Asman a rappele\u0301 que depuis l\u2019ave\u0300nement du CNSP, sur instruction du Pre\u0301sident du CNSP, Chef de l\u2019Etat, SE le Ge\u0301ne\u0301ral de Brigade Abdourahamane Tiani, un certain nombre de mesures a e\u0301te\u0301 prises allant dans le sens d\u2019alle\u0301ger certaines difficulte\u0301s aux citoyens nige\u0301riens. Malheureusement, le constat est tout autre sur les marche\u0301s. \u00ab Les efforts fournis et les engagements pris de rendre les produits de premie\u0300re ne\u0301cessite\u0301 accessibles a\u0300 tous sont reste\u0301s vains. Depuis le mois de novembre, nous nous sommes livre\u0301s a\u0300 un exercice qui consiste a\u0300 confronter les e\u0301le\u0301ments d\u2019informations que nous avons demande\u0301 a\u0300 certaines structures et ope\u0301rateurs de nous fournir. Apre\u0300s toute tentative, nous nous sommes rendus compte que par rapport aux produits alimentaires on s\u2019adonne beaucoup a\u0300 la surenche\u0300re. Ce qui n\u2019est pas normal et ne se justifie pas \u00bb, a de\u0301plore\u0301 le ministre du commerce et de l\u2019Industrie.<\/p>\n<p>Par ailleurs, le ministre Seydou Asman a mis l\u2019accent sur les dispositions prises relativement au respect strict des prix sur l\u2019ensemble du territoire national. \u00ab Il faut qu\u2019on soit clair, ces prix vont s\u2019appliquer sur l\u2019ensemble du territoire. Nous allons informer les diffe\u0301rents acteurs de toutes les dispositions qui vont e\u0302tre prises pour que chacun s\u2019ate\u0300le au respect strict de cette mesure. Faisons l\u2019effort pour que le respect de cette mesure soit une re\u0301alite\u0301 car nous allons mettre toutes les dispositions possibles a\u0300 cet effet. C\u2019est pourquoi nous avons implique\u0301 les corps des FDS pouvant nous servir pour le respect scrupuleux de ces de\u0301cisions \u00bb, a insiste\u0301 le ministre du Commerce et de l\u2019Industrie avant d\u2019inviter les commerc\u0327ants a\u0300 plus de re\u0301silience.<\/p>\n\r\n                <style type=\"text\/css\">\r\n                    \r\n                    #td_uid_1_69f01644ad949  .td-doubleSlider-2 .td-item1 {\r\n                        background: url(https:\/\/static.africa-press.net\/niger\/sites\/40\/2024\/03\/sm_1709955790.82198-80x60.jpg) 0 0 no-repeat;\r\n                    }\r\n                    #td_uid_1_69f01644ad949  .td-doubleSlider-2 .td-item2 {\r\n                        background: url(https:\/\/static.africa-press.net\/niger\/sites\/40\/2024\/03\/sm_1709955800.645469-80x60.jpg) 0 0 no-repeat;\r\n                    }\r\n                <\/style>\r\n\r\n                <div id=\"td_uid_1_69f01644ad949\" class=\"td-gallery td-slide-on-2-columns\">\r\n                    <div class=\"post_td_gallery\">\r\n                        <div class=\"td-gallery-slide-top\">\r\n                           <div class=\"td-gallery-title\"><\/div>\r\n\r\n                            <div class=\"td-gallery-controls-wrapper\">\r\n                                <div class=\"td-gallery-slide-count\"><span class=\"td-gallery-slide-item-focus\">1<\/span> de 2<\/div>\r\n                                <div class=\"td-gallery-slide-prev-next-but\">\r\n                                    <i class = \"td-icon-left doubleSliderPrevButton\"><\/i>\r\n                                    <i class = \"td-icon-right doubleSliderNextButton\"><\/i>\r\n                                <\/div>\r\n                            <\/div>\r\n                        <\/div>\r\n\r\n                        <div class = \"td-doubleSlider-1 \">\r\n                            <div class = \"td-slider\">\r\n                                \r\n                    <div class = \"td-slide-item td-item1\">\r\n                        <figure class=\"td-slide-galery-figure td-slide-popup-gallery\">\r\n                            <a class=\"slide-gallery-image-link\" href=\"https:\/\/static.africa-press.net\/niger\/sites\/40\/2024\/03\/sm_1709955790.82198.jpg\" title=\"sm_1709955790.82198\"  data-caption=\"\"  data-description=\"\">\r\n                                <img decoding=\"async\" src=\"https:\/\/static.africa-press.net\/niger\/sites\/40\/2024\/03\/sm_1709955790.82198.jpg\" srcset=\"https:\/\/static.africa-press.net\/niger\/sites\/40\/2024\/03\/sm_1709955790.82198.jpg 531w, https:\/\/static.africa-press.net\/niger\/sites\/40\/2024\/03\/sm_1709955790.82198-300x206.jpg 300w, https:\/\/static.africa-press.net\/niger\/sites\/40\/2024\/03\/sm_1709955790.82198-100x70.jpg 100w, https:\/\/static.africa-press.net\/niger\/sites\/40\/2024\/03\/sm_1709955790.82198-218x150.jpg 218w\" sizes=\"(max-width: 531px) 100vw, 531px\" alt=\"\">\r\n                            <\/a>\r\n                            \r\n                        <\/figure>\r\n                    <\/div>\r\n                    <div class = \"td-slide-item td-item2\">\r\n                        <figure class=\"td-slide-galery-figure td-slide-popup-gallery\">\r\n                            <a class=\"slide-gallery-image-link\" href=\"https:\/\/static.africa-press.net\/niger\/sites\/40\/2024\/03\/sm_1709955800.645469.jpg\" title=\"sm_1709955800.645469\"  data-caption=\"\"  data-description=\"\">\r\n                                <img decoding=\"async\" src=\"https:\/\/static.africa-press.net\/niger\/sites\/40\/2024\/03\/sm_1709955800.645469.jpg\" srcset=\"https:\/\/static.africa-press.net\/niger\/sites\/40\/2024\/03\/sm_1709955800.645469.jpg 365w, https:\/\/static.africa-press.net\/niger\/sites\/40\/2024\/03\/sm_1709955800.645469-300x206.jpg 300w, https:\/\/static.africa-press.net\/niger\/sites\/40\/2024\/03\/sm_1709955800.645469-100x70.jpg 100w, https:\/\/static.africa-press.net\/niger\/sites\/40\/2024\/03\/sm_1709955800.645469-218x150.jpg 218w\" sizes=\"(max-width: 365px) 100vw, 365px\" alt=\"\">\r\n                            <\/a>\r\n                            \r\n                        <\/figure>\r\n                    <\/div>\r\n                            <\/div>\r\n                        <\/div>\r\n\r\n                        <div class = \"td-doubleSlider-2\">\r\n                            <div class = \"td-slider\">\r\n                                \r\n                    <div class = \"td-button td-item1\">\r\n                        <div class = \"td-border\"><\/div>\r\n                    <\/div>\r\n                    <div class = \"td-button td-item2\">\r\n                        <div class = \"td-border\"><\/div>\r\n                    <\/div>\r\n                            <\/div>\r\n                        <\/div>\r\n\r\n                    <\/div>\r\n\r\n                <\/div>\r\n                \n<p><strong>Pour plus d&rsquo;informations et d&rsquo;analyses sur la <a href=\"https:\/\/www.africa-press.net\/niger\">Niger<\/a>, suivez <a href=\"https:\/\/www.africa-press.net\/\">Africa-Press<\/a><\/strong><\/p>\n","protected":false},"excerpt":{"rendered":"<p>Africa-Press &#8211; Niger. Lors du point de presse qu\u2019il a anime\u0301 le 21 fe\u0301vrier dernier, le ministre du Commerce et de l\u2019Industrie, M. Seydou Asman a annonce\u0301 une de\u0301cision qui de\u0301termine le prix du riz en fonction des re\u0301gions. Selon cette de\u0301cision signe\u0301e par le ministre en charge du commerce, le prix du sac du [&hellip;]<\/p>\n","protected":false},"author":82,"featured_media":59638,"comment_status":"open","ping_status":"closed","sticky":false,"template":"","format":"standard","meta":{"footnotes":""},"categories":[3,8,10],"tags":[55,60,29],"class_list":["post-59640","post","type-post","status-publish","format-standard","has-post-thumbnail","hentry","category-economie","category-photo","category-toutes-les-actualites","tag-africa-press","tag-africa-press-niger","tag-niger"],"yoast_head":"<!-- This site is optimized with the Yoast SEO Premium plugin v26.1 (Yoast SEO v27.0) - https:\/\/yoast.com\/product\/yoast-seo-premium-wordpress\/ -->\n<title>Le prix du riz de 5 \u00e0 25 % brisure fix\u00e9 par une d\u00e9cision du Minist\u00e8re du commerce dans les 8 r\u00e9gions du Niger - niger<\/title>\n<meta name=\"description\" content=\"Lors du point de presse qu\u2019il a anime\u0301 le 21 fe\u0301vrier dernier, le ministre du Commerce et de l\u2019Industrie, M. Seydou Asma ...\" \/>\n<meta name=\"robots\" content=\"index, follow, max-snippet:-1, max-image-preview:large, max-video-preview:-1\" \/>\n<link rel=\"canonical\" href=\"https:\/\/www.africa-press.net\/niger\/economie\/le-prix-du-riz-de-5-a-25-brisure-fixe-par-une-decision-du-ministere-du-commerce-dans-les-8-regions-du-niger\" \/>\n<meta property=\"og:locale\" content=\"fr_FR\" \/>\n<meta property=\"og:type\" content=\"article\" \/>\n<meta property=\"og:title\" content=\"Le prix du riz de 5 \u00e0 25 % brisure fix\u00e9 par une d\u00e9cision du Minist\u00e8re du commerce dans les 8 r\u00e9gions du Niger\" \/>\n<meta property=\"og:description\" content=\"Lors du point de presse qu\u2019il a anime\u0301 le 21 fe\u0301vrier dernier, le ministre du Commerce et de l\u2019Industrie, M. Seydou Asma ...\" \/>\n<meta property=\"og:url\" content=\"https:\/\/www.africa-press.net\/niger\/economie\/le-prix-du-riz-de-5-a-25-brisure-fixe-par-une-decision-du-ministere-du-commerce-dans-les-8-regions-du-niger\" \/>\n<meta property=\"og:site_name\" content=\"niger\" \/>\n<meta property=\"article:published_time\" content=\"2024-03-09T06:32:09+00:00\" \/>\n<meta property=\"article:modified_time\" content=\"2024-03-09T07:15:27+00:00\" \/>\n<meta property=\"og:image\" content=\"https:\/\/static.africa-press.net\/niger\/sites\/40\/2024\/03\/sm_1709955806.861124.jpg\" \/>\n\t<meta property=\"og:image:width\" content=\"1024\" \/>\n\t<meta property=\"og:image:height\" content=\"683\" \/>\n\t<meta property=\"og:image:type\" content=\"image\/jpeg\" \/>\n<meta name=\"author\" content=\"cfeditorfr\" \/>\n<meta name=\"twitter:card\" content=\"summary_large_image\" \/>\n<meta name=\"twitter:label1\" content=\"\u00c9crit par\" \/>\n\t<meta name=\"twitter:data1\" content=\"cfeditorfr\" \/>\n\t<meta name=\"twitter:label2\" content=\"Dur\u00e9e de lecture estim\u00e9e\" \/>\n\t<meta name=\"twitter:data2\" content=\"2 minutes\" \/>\n<script type=\"application\/ld+json\" class=\"yoast-schema-graph\">{\"@context\":\"https:\/\/schema.org\",\"@graph\":[{\"@type\":\"Article\",\"@id\":\"https:\/\/www.africa-press.net\/niger\/economie\/le-prix-du-riz-de-5-a-25-brisure-fixe-par-une-decision-du-ministere-du-commerce-dans-les-8-regions-du-niger#article\",\"isPartOf\":{\"@id\":\"https:\/\/www.africa-press.net\/niger\/economie\/le-prix-du-riz-de-5-a-25-brisure-fixe-par-une-decision-du-ministere-du-commerce-dans-les-8-regions-du-niger\"},\"author\":{\"name\":\"cfeditorfr\",\"@id\":\"https:\/\/www.africa-press.net\/niger\/#\/schema\/person\/2b1cf3cd81a31e3cd26889ca66d677f1\"},\"headline\":\"Le prix du riz de 5 \u00e0 25 % brisure fix\u00e9 par une d\u00e9cision du Minist\u00e8re du commerce dans les 8 r\u00e9gions du Niger\",\"datePublished\":\"2024-03-09T06:32:09+00:00\",\"dateModified\":\"2024-03-09T07:15:27+00:00\",\"mainEntityOfPage\":{\"@id\":\"https:\/\/www.africa-press.net\/niger\/economie\/le-prix-du-riz-de-5-a-25-brisure-fixe-par-une-decision-du-ministere-du-commerce-dans-les-8-regions-du-niger\"},\"wordCount\":484,\"commentCount\":0,\"image\":{\"@id\":\"https:\/\/www.africa-press.net\/niger\/economie\/le-prix-du-riz-de-5-a-25-brisure-fixe-par-une-decision-du-ministere-du-commerce-dans-les-8-regions-du-niger#primaryimage\"},\"thumbnailUrl\":\"https:\/\/static.africa-press.net\/niger\/sites\/40\/2024\/03\/sm_1709955806.861124.jpg\",\"keywords\":[\"Africa Press\",\"Africa Press-Niger\",\"Niger\"],\"articleSection\":[\"\u00c9conomie\",\"Photo\",\"Toutes les actualit\u00e9s\"],\"inLanguage\":\"fr-FR\",\"potentialAction\":[{\"@type\":\"CommentAction\",\"name\":\"Comment\",\"target\":[\"https:\/\/www.africa-press.net\/niger\/economie\/le-prix-du-riz-de-5-a-25-brisure-fixe-par-une-decision-du-ministere-du-commerce-dans-les-8-regions-du-niger#respond\"]}]},{\"@type\":\"WebPage\",\"@id\":\"https:\/\/www.africa-press.net\/niger\/economie\/le-prix-du-riz-de-5-a-25-brisure-fixe-par-une-decision-du-ministere-du-commerce-dans-les-8-regions-du-niger\",\"url\":\"https:\/\/www.africa-press.net\/niger\/economie\/le-prix-du-riz-de-5-a-25-brisure-fixe-par-une-decision-du-ministere-du-commerce-dans-les-8-regions-du-niger\",\"name\":\"Le prix du riz de 5 \u00e0 25 % brisure fix\u00e9 par une d\u00e9cision du Minist\u00e8re du commerce dans les 8 r\u00e9gions du Niger - niger\",\"isPartOf\":{\"@id\":\"https:\/\/www.africa-press.net\/niger\/#website\"},\"primaryImageOfPage\":{\"@id\":\"https:\/\/www.africa-press.net\/niger\/economie\/le-prix-du-riz-de-5-a-25-brisure-fixe-par-une-decision-du-ministere-du-commerce-dans-les-8-regions-du-niger#primaryimage\"},\"image\":{\"@id\":\"https:\/\/www.africa-press.net\/niger\/economie\/le-prix-du-riz-de-5-a-25-brisure-fixe-par-une-decision-du-ministere-du-commerce-dans-les-8-regions-du-niger#primaryimage\"},\"thumbnailUrl\":\"https:\/\/static.africa-press.net\/niger\/sites\/40\/2024\/03\/sm_1709955806.861124.jpg\",\"datePublished\":\"2024-03-09T06:32:09+00:00\",\"dateModified\":\"2024-03-09T07:15:27+00:00\",\"author\":{\"@id\":\"https:\/\/www.africa-press.net\/niger\/#\/schema\/person\/2b1cf3cd81a31e3cd26889ca66d677f1\"},\"description\":\"Lors du point de presse qu\u2019il a anime\u0301 le 21 fe\u0301vrier dernier, le ministre du Commerce et de l\u2019Industrie, M. Seydou Asma ...\",\"breadcrumb\":{\"@id\":\"https:\/\/www.africa-press.net\/niger\/economie\/le-prix-du-riz-de-5-a-25-brisure-fixe-par-une-decision-du-ministere-du-commerce-dans-les-8-regions-du-niger#breadcrumb\"},\"inLanguage\":\"fr-FR\",\"potentialAction\":[{\"@type\":\"ReadAction\",\"target\":[\"https:\/\/www.africa-press.net\/niger\/economie\/le-prix-du-riz-de-5-a-25-brisure-fixe-par-une-decision-du-ministere-du-commerce-dans-les-8-regions-du-niger\"]}]},{\"@type\":\"ImageObject\",\"inLanguage\":\"fr-FR\",\"@id\":\"https:\/\/www.africa-press.net\/niger\/economie\/le-prix-du-riz-de-5-a-25-brisure-fixe-par-une-decision-du-ministere-du-commerce-dans-les-8-regions-du-niger#primaryimage\",\"url\":\"https:\/\/static.africa-press.net\/niger\/sites\/40\/2024\/03\/sm_1709955806.861124.jpg\",\"contentUrl\":\"https:\/\/static.africa-press.net\/niger\/sites\/40\/2024\/03\/sm_1709955806.861124.jpg\",\"width\":1024,\"height\":683,\"caption\":\"Le prix du riz de 5 \u00e0 25 % brisure fix\u00e9 par une d\u00e9cision du Minist\u00e8re du commerce dans les 8 r\u00e9gions du Niger\"},{\"@type\":\"BreadcrumbList\",\"@id\":\"https:\/\/www.africa-press.net\/niger\/economie\/le-prix-du-riz-de-5-a-25-brisure-fixe-par-une-decision-du-ministere-du-commerce-dans-les-8-regions-du-niger#breadcrumb\",\"itemListElement\":[{\"@type\":\"ListItem\",\"position\":1,\"name\":\"Accueil\",\"item\":\"https:\/\/www.africa-press.net\/niger\/\"},{\"@type\":\"ListItem\",\"position\":2,\"name\":\"Le prix du riz de 5 \u00e0 25 % brisure fix\u00e9 par une d\u00e9cision du Minist\u00e8re du commerce dans les 8 r\u00e9gions du Niger\"}]},{\"@type\":\"WebSite\",\"@id\":\"https:\/\/www.africa-press.net\/niger\/#website\",\"url\":\"https:\/\/www.africa-press.net\/niger\/\",\"name\":\"niger\",\"description\":\"Just another Africa News Agency Sites site\",\"potentialAction\":[{\"@type\":\"SearchAction\",\"target\":{\"@type\":\"EntryPoint\",\"urlTemplate\":\"https:\/\/www.africa-press.net\/niger\/?s={search_term_string}\"},\"query-input\":{\"@type\":\"PropertyValueSpecification\",\"valueRequired\":true,\"valueName\":\"search_term_string\"}}],\"inLanguage\":\"fr-FR\"},{\"@type\":\"Person\",\"@id\":\"https:\/\/www.africa-press.net\/niger\/#\/schema\/person\/2b1cf3cd81a31e3cd26889ca66d677f1\",\"name\":\"cfeditorfr\"}]}<\/script>\n<!-- \/ Yoast SEO Premium plugin. -->","yoast_head_json":{"title":"Le prix du riz de 5 \u00e0 25 % brisure fix\u00e9 par une d\u00e9cision du Minist\u00e8re du commerce dans les 8 r\u00e9gions du Niger - niger","description":"Lors du point de presse qu\u2019il a anime\u0301 le 21 fe\u0301vrier dernier, le ministre du Commerce et de l\u2019Industrie, M. Seydou Asma ...","robots":{"index":"index","follow":"follow","max-snippet":"max-snippet:-1","max-image-preview":"max-image-preview:large","max-video-preview":"max-video-preview:-1"},"canonical":"https:\/\/www.africa-press.net\/niger\/economie\/le-prix-du-riz-de-5-a-25-brisure-fixe-par-une-decision-du-ministere-du-commerce-dans-les-8-regions-du-niger","og_locale":"fr_FR","og_type":"article","og_title":"Le prix du riz de 5 \u00e0 25 % brisure fix\u00e9 par une d\u00e9cision du Minist\u00e8re du commerce dans les 8 r\u00e9gions du Niger","og_description":"Lors du point de presse qu\u2019il a anime\u0301 le 21 fe\u0301vrier dernier, le ministre du Commerce et de l\u2019Industrie, M. Seydou Asma ...","og_url":"https:\/\/www.africa-press.net\/niger\/economie\/le-prix-du-riz-de-5-a-25-brisure-fixe-par-une-decision-du-ministere-du-commerce-dans-les-8-regions-du-niger","og_site_name":"niger","article_published_time":"2024-03-09T06:32:09+00:00","article_modified_time":"2024-03-09T07:15:27+00:00","og_image":[{"width":1024,"height":683,"url":"https:\/\/static.africa-press.net\/niger\/sites\/40\/2024\/03\/sm_1709955806.861124.jpg","type":"image\/jpeg"}],"author":"cfeditorfr","twitter_card":"summary_large_image","twitter_misc":{"\u00c9crit par":"cfeditorfr","Dur\u00e9e de lecture estim\u00e9e":"2 minutes"},"schema":{"@context":"https:\/\/schema.org","@graph":[{"@type":"Article","@id":"https:\/\/www.africa-press.net\/niger\/economie\/le-prix-du-riz-de-5-a-25-brisure-fixe-par-une-decision-du-ministere-du-commerce-dans-les-8-regions-du-niger#article","isPartOf":{"@id":"https:\/\/www.africa-press.net\/niger\/economie\/le-prix-du-riz-de-5-a-25-brisure-fixe-par-une-decision-du-ministere-du-commerce-dans-les-8-regions-du-niger"},"author":{"name":"cfeditorfr","@id":"https:\/\/www.africa-press.net\/niger\/#\/schema\/person\/2b1cf3cd81a31e3cd26889ca66d677f1"},"headline":"Le prix du riz de 5 \u00e0 25 % brisure fix\u00e9 par une d\u00e9cision du Minist\u00e8re du commerce dans les 8 r\u00e9gions du Niger","datePublished":"2024-03-09T06:32:09+00:00","dateModified":"2024-03-09T07:15:27+00:00","mainEntityOfPage":{"@id":"https:\/\/www.africa-press.net\/niger\/economie\/le-prix-du-riz-de-5-a-25-brisure-fixe-par-une-decision-du-ministere-du-commerce-dans-les-8-regions-du-niger"},"wordCount":484,"commentCount":0,"image":{"@id":"https:\/\/www.africa-press.net\/niger\/economie\/le-prix-du-riz-de-5-a-25-brisure-fixe-par-une-decision-du-ministere-du-commerce-dans-les-8-regions-du-niger#primaryimage"},"thumbnailUrl":"https:\/\/static.africa-press.net\/niger\/sites\/40\/2024\/03\/sm_1709955806.861124.jpg","keywords":["Africa Press","Africa Press-Niger","Niger"],"articleSection":["\u00c9conomie","Photo","Toutes les actualit\u00e9s"],"inLanguage":"fr-FR","potentialAction":[{"@type":"CommentAction","name":"Comment","target":["https:\/\/www.africa-press.net\/niger\/economie\/le-prix-du-riz-de-5-a-25-brisure-fixe-par-une-decision-du-ministere-du-commerce-dans-les-8-regions-du-niger#respond"]}]},{"@type":"WebPage","@id":"https:\/\/www.africa-press.net\/niger\/economie\/le-prix-du-riz-de-5-a-25-brisure-fixe-par-une-decision-du-ministere-du-commerce-dans-les-8-regions-du-niger","url":"https:\/\/www.africa-press.net\/niger\/economie\/le-prix-du-riz-de-5-a-25-brisure-fixe-par-une-decision-du-ministere-du-commerce-dans-les-8-regions-du-niger","name":"Le prix du riz de 5 \u00e0 25 % brisure fix\u00e9 par une d\u00e9cision du Minist\u00e8re du commerce dans les 8 r\u00e9gions du Niger - niger","isPartOf":{"@id":"https:\/\/www.africa-press.net\/niger\/#website"},"primaryImageOfPage":{"@id":"https:\/\/www.africa-press.net\/niger\/economie\/le-prix-du-riz-de-5-a-25-brisure-fixe-par-une-decision-du-ministere-du-commerce-dans-les-8-regions-du-niger#primaryimage"},"image":{"@id":"https:\/\/www.africa-press.net\/niger\/economie\/le-prix-du-riz-de-5-a-25-brisure-fixe-par-une-decision-du-ministere-du-commerce-dans-les-8-regions-du-niger#primaryimage"},"thumbnailUrl":"https:\/\/static.africa-press.net\/niger\/sites\/40\/2024\/03\/sm_1709955806.861124.jpg","datePublished":"2024-03-09T06:32:09+00:00","dateModified":"2024-03-09T07:15:27+00:00","author":{"@id":"https:\/\/www.africa-press.net\/niger\/#\/schema\/person\/2b1cf3cd81a31e3cd26889ca66d677f1"},"description":"Lors du point de presse qu\u2019il a anime\u0301 le 21 fe\u0301vrier dernier, le ministre du Commerce et de l\u2019Industrie, M. Seydou Asma ...","breadcrumb":{"@id":"https:\/\/www.africa-press.net\/niger\/economie\/le-prix-du-riz-de-5-a-25-brisure-fixe-par-une-decision-du-ministere-du-commerce-dans-les-8-regions-du-niger#breadcrumb"},"inLanguage":"fr-FR","potentialAction":[{"@type":"ReadAction","target":["https:\/\/www.africa-press.net\/niger\/economie\/le-prix-du-riz-de-5-a-25-brisure-fixe-par-une-decision-du-ministere-du-commerce-dans-les-8-regions-du-niger"]}]},{"@type":"ImageObject","inLanguage":"fr-FR","@id":"https:\/\/www.africa-press.net\/niger\/economie\/le-prix-du-riz-de-5-a-25-brisure-fixe-par-une-decision-du-ministere-du-commerce-dans-les-8-regions-du-niger#primaryimage","url":"https:\/\/static.africa-press.net\/niger\/sites\/40\/2024\/03\/sm_1709955806.861124.jpg","contentUrl":"https:\/\/static.africa-press.net\/niger\/sites\/40\/2024\/03\/sm_1709955806.861124.jpg","width":1024,"height":683,"caption":"Le prix du riz de 5 \u00e0 25 % brisure fix\u00e9 par une d\u00e9cision du Minist\u00e8re du commerce dans les 8 r\u00e9gions du Niger"},{"@type":"BreadcrumbList","@id":"https:\/\/www.africa-press.net\/niger\/economie\/le-prix-du-riz-de-5-a-25-brisure-fixe-par-une-decision-du-ministere-du-commerce-dans-les-8-regions-du-niger#breadcrumb","itemListElement":[{"@type":"ListItem","position":1,"name":"Accueil","item":"https:\/\/www.africa-press.net\/niger\/"},{"@type":"ListItem","position":2,"name":"Le prix du riz de 5 \u00e0 25 % brisure fix\u00e9 par une d\u00e9cision du Minist\u00e8re du commerce dans les 8 r\u00e9gions du Niger"}]},{"@type":"WebSite","@id":"https:\/\/www.africa-press.net\/niger\/#website","url":"https:\/\/www.africa-press.net\/niger\/","name":"niger","description":"Just another Africa News Agency Sites site","potentialAction":[{"@type":"SearchAction","target":{"@type":"EntryPoint","urlTemplate":"https:\/\/www.africa-press.net\/niger\/?s={search_term_string}"},"query-input":{"@type":"PropertyValueSpecification","valueRequired":true,"valueName":"search_term_string"}}],"inLanguage":"fr-FR"},{"@type":"Person","@id":"https:\/\/www.africa-press.net\/niger\/#\/schema\/person\/2b1cf3cd81a31e3cd26889ca66d677f1","name":"cfeditorfr"}]}},"_links":{"self":[{"href":"https:\/\/www.africa-press.net\/niger\/wp-json\/wp\/v2\/posts\/59640","targetHints":{"allow":["GET"]}}],"collection":[{"href":"https:\/\/www.africa-press.net\/niger\/wp-json\/wp\/v2\/posts"}],"about":[{"href":"https:\/\/www.africa-press.net\/niger\/wp-json\/wp\/v2\/types\/post"}],"author":[{"embeddable":true,"href":"https:\/\/www.africa-press.net\/niger\/wp-json\/wp\/v2\/users\/82"}],"replies":[{"embeddable":true,"href":"https:\/\/www.africa-press.net\/niger\/wp-json\/wp\/v2\/comments?post=59640"}],"version-history":[{"count":0,"href":"https:\/\/www.africa-press.net\/niger\/wp-json\/wp\/v2\/posts\/59640\/revisions"}],"wp:featuredmedia":[{"embeddable":true,"href":"https:\/\/www.africa-press.net\/niger\/wp-json\/wp\/v2\/media\/59638"}],"wp:attachment":[{"href":"https:\/\/www.africa-press.net\/niger\/wp-json\/wp\/v2\/media?parent=59640"}],"wp:term":[{"taxonomy":"category","embeddable":true,"href":"https:\/\/www.africa-press.net\/niger\/wp-json\/wp\/v2\/categories?post=59640"},{"taxonomy":"post_tag","embeddable":true,"href":"https:\/\/www.africa-press.net\/niger\/wp-json\/wp\/v2\/tags?post=59640"}],"curies":[{"name":"wp","href":"https:\/\/api.w.org\/{rel}","templated":true}]}}