{"id":59651,"date":"2024-03-09T06:33:57","date_gmt":"2024-03-09T06:33:57","guid":{"rendered":"https:\/\/www.africa-press.net\/niger\/politique\/preparatifs-du-ramadan-les-fideles-entament-le-jeune-dans-un-contexte-de-surenchere-sur-les-marches"},"modified":"2024-03-09T07:16:14","modified_gmt":"2024-03-09T07:16:14","slug":"preparatifs-du-ramadan-les-fideles-entament-le-jeune-dans-un-contexte-de-surenchere-sur-les-marches","status":"publish","type":"post","link":"https:\/\/www.africa-press.net\/niger\/economie\/preparatifs-du-ramadan-les-fideles-entament-le-jeune-dans-un-contexte-de-surenchere-sur-les-marches","title":{"rendered":"Pr\u00e9paratifs du Ramadan : Les fid\u00e8les entament le je\u00fbne dans un contexte de surench\u00e8re sur les march\u00e9s"},"content":{"rendered":"<p><span style=\"color: #ff6600\"><strong>Africa-Press &#8211; Niger. <\/strong><\/span><b>Le mois be\u0301ni du Ramadan est un moment particulier d\u2019adoration pour les fide\u0300les musulmans qui observent le jeu\u0302ne pendant cette pe\u0301riode. Au Niger la population qui est largement musulmane se pre\u0301pare pour accomplir ce devoir religieux impliquant des changements syste\u0301matiques d\u2019habitudes tant dans le comportement du jeu\u0302neur que sur son alimentation. Sur le marche\u0301, en ville comme en campagne, l\u2019engouement des consommateurs penche de\u0301sormais vers les produits vedettes de l\u2019heure: sucre, mil, riz, dattes, entre autres. Certes, habituellement, en cette pe\u0301riode la forte demande fait monter les prix des produits mais le contexte du Ramadan de cette anne\u0301e fait craindre la surenche\u0300re.<\/b><\/p>\n<p>Les facilite\u0301s accorde\u0301es aux importateurs qui acheminent les produits par le corridor alternatif Lome\u0301-Kaya-Dori-Te\u0301ra-Niamey ne semblent pas profiter au consommateur lambda. A\u0300 une semaine du de\u0301but de Ramadan, la de\u0301cision du ministe\u0300re du commerce en date du 21 fe\u0301vrier 2024, fixant le prix du sac de riz de 25 kg entre 13.500 a\u0300 14.375 francs CFA selon les re\u0301gions du Niger, n\u2019est pas respecte\u0301e chez beaucoup de grossistes a\u0300 Niamey. Quid alors de l\u2019inte\u0301rieur du pays ?<\/p>\n<p>Certains importateurs et ge\u0301rants de supermarche\u0301 de la capitale ne veulent pas e\u0301voquer devant le micro de presse le sujet sur la situation des prix des produits comme le riz ou le mil. Du Petit marche\u0301 a\u0300 Katako, en passant par certains grands carrefours, il faut se faire passer pour un client si on veut prendre le pool du marche\u0301. \u00ab Il n\u2019y a pas assez de marchandises, revenez un peu plus tard, nous attendons des camions. Le prix, non ! C\u0327a peut changer a\u0300 tout moment \u00bb, pre\u0301vient, l\u2019air embarrasse\u0301, un grossiste au petit marche\u0301. Comme si les prix des stocks disponibles de\u0301pendaient de la situation d\u2019un pre\u0301tendu arrivage et non simplement sur le cou\u0302t de leur importation. \u00ab Voyez-vous, nous n\u2019avons pas encore du sucre en carton \u00bb, fait constater le proprie\u0301taire de l\u2019\u00ab alimentation ge\u0301ne\u0301rale \u00bb, de\u0301senchante\u0301 de notre visite. Il n\u2019a pas voulu dire son nom, feignant d\u2019e\u0302tre occupe\u0301 a\u0300 coordonner un chargement des sacs de farine dans une camionnette. \u00ab On parlera de la situation du marche\u0301 quand les marchandises seront la\u0300 \u00bb, a-t-il lance\u0301. Pourtant, dans la me\u0302me semaine, un important convoi d\u2019environ 2.000 camions est rentre\u0301 a\u0300 Niamey.<\/p>\n<p>Mais notre importateur n\u2019est pas le seul a\u0300 attendre un arrivage \u00ab spe\u0301cial Ramadan \u00bb, apparemment. Sur l\u2019autre fac\u0327ade du Petit marche\u0301, chez les E\u0301tablissements Houdou Younoussa, le sucre en carton n\u2019est pas non plus dans les rayons. Dans ce super marche\u0301 de renom qui aurait deux jours pluto\u0302t rec\u0327u la visite de la brigade de contro\u0302le des prix du ministe\u0300re du commerce, le riz 5% brisure est vendu a\u0300 13.500 FCFA, en conformite\u0301 avec l\u2019arre\u0302te\u0301 du ministre. Ici, le sucre en poudre est vendu a\u0300 700 FCFA le kg. A noter que l\u2019e\u0301tablissement est celui qui a pu garder, sous les premiers chocs des sanctions de la CEDEAO, les plus bas prix des denre\u0301es alimentaires. Un peu plus loin, aux abords de Gounti-yena, le carton de 25kg de sucre est disponible, aux rayons et en stocks, nous apprend un vendeur en blouse. \u00ab Le carton, est a\u0300 32.500 FCFA. Si vous voulez beaucoup, y en a dans le magasin, on vous ame\u0300ne voir le patron \u00bb, invite le jeune-homme. Dans le super marche\u0301, des clients vraisemblablement un peu aise\u0301s, puisque ve\u0301hicule\u0301s pour la plupart, se montrent plus soulage\u0301s d\u2019en trouver, ne se pre\u0301occupant pas trop du prix. Devant nous, en quelques minutes, pre\u0300s d\u2019une dizaine de personnes en ont emporte\u0301.<\/p>\n<p>Dans les marche\u0301s de quartier, tel qu\u2019a\u0300 la rive droite, les de\u0301taillants pointent du doigt les grossistes, comme d\u2019habitude. Daouda Dan Karami est vendeur de ce\u0301re\u0301ales en de\u0301tail, par mesure de tasse, au marche\u0301 Harobanda(rive droite). Il ache\u0300te le sac du mil de 40 tasses (100kg) a\u0300 32.000 FCFA et revend la mesure a\u0300 800 FCFA voire 900 FCFA. \u00ab Il y a quelques jours, moins de 2 semaines, je prenais le sac a\u0300 28.000 FCFA. Le marche\u0301, c\u2019est du jour au lendemain. Prochainement je pourrai l\u2019avoir a\u0300 34.000 FCFA chez le grossiste. Nous nous posons de questions sur le changement du prix. C\u2019est eux qui fixent. Et me\u0302me si je change de fournisseur, je trouverai la me\u0302me situation. Ils se concertent en re\u0301alite\u0301 \u00bb, explique le revendeur. Son fournisseur, non loin de lui, nous confirme le prix sans vouloir nous expliquer les raisons de la hausse ou parler de l\u2019approvisionnement.<\/p>\n<p>Au ce\u0301le\u0300bre marche\u0301 Katako, c\u2019est le mil a\u0300 la mention de Dogondoutchi qui saute a\u0300 l\u2019\u0153il, des rues jusqu\u2019aux magasins. \u00ab Effectivement, c\u2019e\u0301tait re\u0301cemment a\u0300 28.000 FCFA ou un peu moins me\u0302me. Moi, je ne m\u2019occupe que des ventes et distributions. Le prix n\u2019est pas ma sphe\u0300re de compe\u0301tence \u00bb, a laisse\u0301 entendre un ge\u0301rant de stocks, au c\u0153ur du quartier ge\u0301ne\u0301ral des ce\u0301re\u0301aliers.<\/p>\n\r\n                <style type=\"text\/css\">\r\n                    \r\n                    #td_uid_1_69f016447167c  .td-doubleSlider-2 .td-item1 {\r\n                        background: url(https:\/\/static.africa-press.net\/niger\/sites\/40\/2024\/03\/sm_1709955870.444463-80x60.jpg) 0 0 no-repeat;\r\n                    }\r\n                    #td_uid_1_69f016447167c  .td-doubleSlider-2 .td-item2 {\r\n                        background: url(https:\/\/static.africa-press.net\/niger\/sites\/40\/2024\/03\/sm_1709955879.573792-80x60.jpg) 0 0 no-repeat;\r\n                    }\r\n                <\/style>\r\n\r\n                <div id=\"td_uid_1_69f016447167c\" class=\"td-gallery td-slide-on-2-columns\">\r\n                    <div class=\"post_td_gallery\">\r\n                        <div class=\"td-gallery-slide-top\">\r\n                           <div class=\"td-gallery-title\"><\/div>\r\n\r\n                            <div class=\"td-gallery-controls-wrapper\">\r\n                                <div class=\"td-gallery-slide-count\"><span class=\"td-gallery-slide-item-focus\">1<\/span> de 2<\/div>\r\n                                <div class=\"td-gallery-slide-prev-next-but\">\r\n                                    <i class = \"td-icon-left doubleSliderPrevButton\"><\/i>\r\n                                    <i class = \"td-icon-right doubleSliderNextButton\"><\/i>\r\n                                <\/div>\r\n                            <\/div>\r\n                        <\/div>\r\n\r\n                        <div class = \"td-doubleSlider-1 \">\r\n                            <div class = \"td-slider\">\r\n                                \r\n                    <div class = \"td-slide-item td-item1\">\r\n                        <figure class=\"td-slide-galery-figure td-slide-popup-gallery\">\r\n                            <a class=\"slide-gallery-image-link\" href=\"https:\/\/static.africa-press.net\/niger\/sites\/40\/2024\/03\/sm_1709955870.444463.jpg\" title=\"sm_1709955870.444463\"  data-caption=\"\"  data-description=\"\">\r\n                                <img decoding=\"async\" src=\"https:\/\/static.africa-press.net\/niger\/sites\/40\/2024\/03\/sm_1709955870.444463.jpg\" srcset=\"https:\/\/static.africa-press.net\/niger\/sites\/40\/2024\/03\/sm_1709955870.444463.jpg 800w, https:\/\/static.africa-press.net\/niger\/sites\/40\/2024\/03\/sm_1709955870.444463-300x201.jpg 300w, https:\/\/static.africa-press.net\/niger\/sites\/40\/2024\/03\/sm_1709955870.444463-768x515.jpg 768w\" sizes=\"(max-width: 800px) 100vw, 800px\" alt=\"\">\r\n                            <\/a>\r\n                            \r\n                        <\/figure>\r\n                    <\/div>\r\n                    <div class = \"td-slide-item td-item2\">\r\n                        <figure class=\"td-slide-galery-figure td-slide-popup-gallery\">\r\n                            <a class=\"slide-gallery-image-link\" href=\"https:\/\/static.africa-press.net\/niger\/sites\/40\/2024\/03\/sm_1709955879.573792.jpg\" title=\"sm_1709955879.573792\"  data-caption=\"\"  data-description=\"\">\r\n                                <img decoding=\"async\" src=\"https:\/\/static.africa-press.net\/niger\/sites\/40\/2024\/03\/sm_1709955879.573792.jpg\" srcset=\"https:\/\/static.africa-press.net\/niger\/sites\/40\/2024\/03\/sm_1709955879.573792.jpg 800w, https:\/\/static.africa-press.net\/niger\/sites\/40\/2024\/03\/sm_1709955879.573792-300x200.jpg 300w, https:\/\/static.africa-press.net\/niger\/sites\/40\/2024\/03\/sm_1709955879.573792-768x513.jpg 768w\" sizes=\"(max-width: 800px) 100vw, 800px\" alt=\"\">\r\n                            <\/a>\r\n                            \r\n                        <\/figure>\r\n                    <\/div>\r\n                            <\/div>\r\n                        <\/div>\r\n\r\n                        <div class = \"td-doubleSlider-2\">\r\n                            <div class = \"td-slider\">\r\n                                \r\n                    <div class = \"td-button td-item1\">\r\n                        <div class = \"td-border\"><\/div>\r\n                    <\/div>\r\n                    <div class = \"td-button td-item2\">\r\n                        <div class = \"td-border\"><\/div>\r\n                    <\/div>\r\n                            <\/div>\r\n                        <\/div>\r\n\r\n                    <\/div>\r\n\r\n                <\/div>\r\n                \n<p><strong>Pour plus d&rsquo;informations et d&rsquo;analyses sur la <a href=\"https:\/\/www.africa-press.net\/niger\">Niger<\/a>, suivez <a href=\"https:\/\/www.africa-press.net\/\">Africa-Press<\/a><\/strong><\/p>\n","protected":false},"excerpt":{"rendered":"<p>Africa-Press &#8211; Niger. Le mois be\u0301ni du Ramadan est un moment particulier d\u2019adoration pour les fide\u0300les musulmans qui observent le jeu\u0302ne pendant cette pe\u0301riode. Au Niger la population qui est largement musulmane se pre\u0301pare pour accomplir ce devoir religieux impliquant des changements syste\u0301matiques d\u2019habitudes tant dans le comportement du jeu\u0302neur que sur son alimentation. Sur [&hellip;]<\/p>\n","protected":false},"author":82,"featured_media":59650,"comment_status":"open","ping_status":"closed","sticky":false,"template":"","format":"standard","meta":{"footnotes":""},"categories":[3,8,10],"tags":[55,60,29],"class_list":["post-59651","post","type-post","status-publish","format-standard","has-post-thumbnail","hentry","category-economie","category-photo","category-toutes-les-actualites","tag-africa-press","tag-africa-press-niger","tag-niger"],"yoast_head":"<!-- This site is optimized with the Yoast SEO Premium plugin v26.1 (Yoast SEO v27.0) - https:\/\/yoast.com\/product\/yoast-seo-premium-wordpress\/ -->\n<title>Pr\u00e9paratifs du Ramadan : Les fid\u00e8les entament le je\u00fbne dans un contexte de surench\u00e8re sur les march\u00e9s - niger<\/title>\n<meta name=\"description\" content=\"Le mois be\u0301ni du Ramadan est un moment particulier d\u2019adoration pour les fide\u0300les musulmans qui observent le jeu\u0302ne pe ...\" \/>\n<meta name=\"robots\" content=\"index, follow, max-snippet:-1, max-image-preview:large, max-video-preview:-1\" \/>\n<link rel=\"canonical\" href=\"https:\/\/www.africa-press.net\/niger\/economie\/preparatifs-du-ramadan-les-fideles-entament-le-jeune-dans-un-contexte-de-surenchere-sur-les-marches\" \/>\n<meta property=\"og:locale\" content=\"fr_FR\" \/>\n<meta property=\"og:type\" content=\"article\" \/>\n<meta property=\"og:title\" content=\"Pr\u00e9paratifs du Ramadan : Les fid\u00e8les entament le je\u00fbne dans un contexte de surench\u00e8re sur les march\u00e9s\" \/>\n<meta property=\"og:description\" content=\"Le mois be\u0301ni du Ramadan est un moment particulier d\u2019adoration pour les fide\u0300les musulmans qui observent le jeu\u0302ne pe ...\" \/>\n<meta property=\"og:url\" content=\"https:\/\/www.africa-press.net\/niger\/economie\/preparatifs-du-ramadan-les-fideles-entament-le-jeune-dans-un-contexte-de-surenchere-sur-les-marches\" \/>\n<meta property=\"og:site_name\" content=\"niger\" \/>\n<meta property=\"article:published_time\" content=\"2024-03-09T06:33:57+00:00\" \/>\n<meta property=\"article:modified_time\" content=\"2024-03-09T07:16:14+00:00\" \/>\n<meta property=\"og:image\" content=\"https:\/\/static.africa-press.net\/niger\/sites\/40\/2024\/03\/sm_1709955886.321913.jpg\" \/>\n\t<meta property=\"og:image:width\" content=\"800\" \/>\n\t<meta property=\"og:image:height\" content=\"534\" \/>\n\t<meta property=\"og:image:type\" content=\"image\/jpeg\" \/>\n<meta name=\"author\" content=\"cfeditorfr\" \/>\n<meta name=\"twitter:card\" content=\"summary_large_image\" \/>\n<meta name=\"twitter:label1\" content=\"\u00c9crit par\" \/>\n\t<meta name=\"twitter:data1\" content=\"cfeditorfr\" \/>\n\t<meta name=\"twitter:label2\" content=\"Dur\u00e9e de lecture estim\u00e9e\" \/>\n\t<meta name=\"twitter:data2\" content=\"4 minutes\" \/>\n<script type=\"application\/ld+json\" class=\"yoast-schema-graph\">{\"@context\":\"https:\/\/schema.org\",\"@graph\":[{\"@type\":\"Article\",\"@id\":\"https:\/\/www.africa-press.net\/niger\/economie\/preparatifs-du-ramadan-les-fideles-entament-le-jeune-dans-un-contexte-de-surenchere-sur-les-marches#article\",\"isPartOf\":{\"@id\":\"https:\/\/www.africa-press.net\/niger\/economie\/preparatifs-du-ramadan-les-fideles-entament-le-jeune-dans-un-contexte-de-surenchere-sur-les-marches\"},\"author\":{\"name\":\"cfeditorfr\",\"@id\":\"https:\/\/www.africa-press.net\/niger\/#\/schema\/person\/2b1cf3cd81a31e3cd26889ca66d677f1\"},\"headline\":\"Pr\u00e9paratifs du Ramadan : Les fid\u00e8les entament le je\u00fbne dans un contexte de surench\u00e8re sur les march\u00e9s\",\"datePublished\":\"2024-03-09T06:33:57+00:00\",\"dateModified\":\"2024-03-09T07:16:14+00:00\",\"mainEntityOfPage\":{\"@id\":\"https:\/\/www.africa-press.net\/niger\/economie\/preparatifs-du-ramadan-les-fideles-entament-le-jeune-dans-un-contexte-de-surenchere-sur-les-marches\"},\"wordCount\":918,\"commentCount\":0,\"image\":{\"@id\":\"https:\/\/www.africa-press.net\/niger\/economie\/preparatifs-du-ramadan-les-fideles-entament-le-jeune-dans-un-contexte-de-surenchere-sur-les-marches#primaryimage\"},\"thumbnailUrl\":\"https:\/\/static.africa-press.net\/niger\/sites\/40\/2024\/03\/sm_1709955886.321913.jpg\",\"keywords\":[\"Africa Press\",\"Africa Press-Niger\",\"Niger\"],\"articleSection\":[\"\u00c9conomie\",\"Photo\",\"Toutes les actualit\u00e9s\"],\"inLanguage\":\"fr-FR\",\"potentialAction\":[{\"@type\":\"CommentAction\",\"name\":\"Comment\",\"target\":[\"https:\/\/www.africa-press.net\/niger\/economie\/preparatifs-du-ramadan-les-fideles-entament-le-jeune-dans-un-contexte-de-surenchere-sur-les-marches#respond\"]}]},{\"@type\":\"WebPage\",\"@id\":\"https:\/\/www.africa-press.net\/niger\/economie\/preparatifs-du-ramadan-les-fideles-entament-le-jeune-dans-un-contexte-de-surenchere-sur-les-marches\",\"url\":\"https:\/\/www.africa-press.net\/niger\/economie\/preparatifs-du-ramadan-les-fideles-entament-le-jeune-dans-un-contexte-de-surenchere-sur-les-marches\",\"name\":\"Pr\u00e9paratifs du Ramadan : Les fid\u00e8les entament le je\u00fbne dans un contexte de surench\u00e8re sur les march\u00e9s - niger\",\"isPartOf\":{\"@id\":\"https:\/\/www.africa-press.net\/niger\/#website\"},\"primaryImageOfPage\":{\"@id\":\"https:\/\/www.africa-press.net\/niger\/economie\/preparatifs-du-ramadan-les-fideles-entament-le-jeune-dans-un-contexte-de-surenchere-sur-les-marches#primaryimage\"},\"image\":{\"@id\":\"https:\/\/www.africa-press.net\/niger\/economie\/preparatifs-du-ramadan-les-fideles-entament-le-jeune-dans-un-contexte-de-surenchere-sur-les-marches#primaryimage\"},\"thumbnailUrl\":\"https:\/\/static.africa-press.net\/niger\/sites\/40\/2024\/03\/sm_1709955886.321913.jpg\",\"datePublished\":\"2024-03-09T06:33:57+00:00\",\"dateModified\":\"2024-03-09T07:16:14+00:00\",\"author\":{\"@id\":\"https:\/\/www.africa-press.net\/niger\/#\/schema\/person\/2b1cf3cd81a31e3cd26889ca66d677f1\"},\"description\":\"Le mois be\u0301ni du Ramadan est un moment particulier d\u2019adoration pour les fide\u0300les musulmans qui observent le jeu\u0302ne pe ...\",\"breadcrumb\":{\"@id\":\"https:\/\/www.africa-press.net\/niger\/economie\/preparatifs-du-ramadan-les-fideles-entament-le-jeune-dans-un-contexte-de-surenchere-sur-les-marches#breadcrumb\"},\"inLanguage\":\"fr-FR\",\"potentialAction\":[{\"@type\":\"ReadAction\",\"target\":[\"https:\/\/www.africa-press.net\/niger\/economie\/preparatifs-du-ramadan-les-fideles-entament-le-jeune-dans-un-contexte-de-surenchere-sur-les-marches\"]}]},{\"@type\":\"ImageObject\",\"inLanguage\":\"fr-FR\",\"@id\":\"https:\/\/www.africa-press.net\/niger\/economie\/preparatifs-du-ramadan-les-fideles-entament-le-jeune-dans-un-contexte-de-surenchere-sur-les-marches#primaryimage\",\"url\":\"https:\/\/static.africa-press.net\/niger\/sites\/40\/2024\/03\/sm_1709955886.321913.jpg\",\"contentUrl\":\"https:\/\/static.africa-press.net\/niger\/sites\/40\/2024\/03\/sm_1709955886.321913.jpg\",\"width\":800,\"height\":534,\"caption\":\"Pr\u00e9paratifs du Ramadan : Les fid\u00e8les entament le je\u00fbne dans un contexte de surench\u00e8re sur les march\u00e9s\"},{\"@type\":\"BreadcrumbList\",\"@id\":\"https:\/\/www.africa-press.net\/niger\/economie\/preparatifs-du-ramadan-les-fideles-entament-le-jeune-dans-un-contexte-de-surenchere-sur-les-marches#breadcrumb\",\"itemListElement\":[{\"@type\":\"ListItem\",\"position\":1,\"name\":\"Accueil\",\"item\":\"https:\/\/www.africa-press.net\/niger\/\"},{\"@type\":\"ListItem\",\"position\":2,\"name\":\"Pr\u00e9paratifs du Ramadan : Les fid\u00e8les entament le je\u00fbne dans un contexte de surench\u00e8re sur les march\u00e9s\"}]},{\"@type\":\"WebSite\",\"@id\":\"https:\/\/www.africa-press.net\/niger\/#website\",\"url\":\"https:\/\/www.africa-press.net\/niger\/\",\"name\":\"niger\",\"description\":\"Just another Africa News Agency Sites site\",\"potentialAction\":[{\"@type\":\"SearchAction\",\"target\":{\"@type\":\"EntryPoint\",\"urlTemplate\":\"https:\/\/www.africa-press.net\/niger\/?s={search_term_string}\"},\"query-input\":{\"@type\":\"PropertyValueSpecification\",\"valueRequired\":true,\"valueName\":\"search_term_string\"}}],\"inLanguage\":\"fr-FR\"},{\"@type\":\"Person\",\"@id\":\"https:\/\/www.africa-press.net\/niger\/#\/schema\/person\/2b1cf3cd81a31e3cd26889ca66d677f1\",\"name\":\"cfeditorfr\"}]}<\/script>\n<!-- \/ Yoast SEO Premium plugin. -->","yoast_head_json":{"title":"Pr\u00e9paratifs du Ramadan : Les fid\u00e8les entament le je\u00fbne dans un contexte de surench\u00e8re sur les march\u00e9s - niger","description":"Le mois be\u0301ni du Ramadan est un moment particulier d\u2019adoration pour les fide\u0300les musulmans qui observent le jeu\u0302ne pe ...","robots":{"index":"index","follow":"follow","max-snippet":"max-snippet:-1","max-image-preview":"max-image-preview:large","max-video-preview":"max-video-preview:-1"},"canonical":"https:\/\/www.africa-press.net\/niger\/economie\/preparatifs-du-ramadan-les-fideles-entament-le-jeune-dans-un-contexte-de-surenchere-sur-les-marches","og_locale":"fr_FR","og_type":"article","og_title":"Pr\u00e9paratifs du Ramadan : Les fid\u00e8les entament le je\u00fbne dans un contexte de surench\u00e8re sur les march\u00e9s","og_description":"Le mois be\u0301ni du Ramadan est un moment particulier d\u2019adoration pour les fide\u0300les musulmans qui observent le jeu\u0302ne pe ...","og_url":"https:\/\/www.africa-press.net\/niger\/economie\/preparatifs-du-ramadan-les-fideles-entament-le-jeune-dans-un-contexte-de-surenchere-sur-les-marches","og_site_name":"niger","article_published_time":"2024-03-09T06:33:57+00:00","article_modified_time":"2024-03-09T07:16:14+00:00","og_image":[{"width":800,"height":534,"url":"https:\/\/static.africa-press.net\/niger\/sites\/40\/2024\/03\/sm_1709955886.321913.jpg","type":"image\/jpeg"}],"author":"cfeditorfr","twitter_card":"summary_large_image","twitter_misc":{"\u00c9crit par":"cfeditorfr","Dur\u00e9e de lecture estim\u00e9e":"4 minutes"},"schema":{"@context":"https:\/\/schema.org","@graph":[{"@type":"Article","@id":"https:\/\/www.africa-press.net\/niger\/economie\/preparatifs-du-ramadan-les-fideles-entament-le-jeune-dans-un-contexte-de-surenchere-sur-les-marches#article","isPartOf":{"@id":"https:\/\/www.africa-press.net\/niger\/economie\/preparatifs-du-ramadan-les-fideles-entament-le-jeune-dans-un-contexte-de-surenchere-sur-les-marches"},"author":{"name":"cfeditorfr","@id":"https:\/\/www.africa-press.net\/niger\/#\/schema\/person\/2b1cf3cd81a31e3cd26889ca66d677f1"},"headline":"Pr\u00e9paratifs du Ramadan : Les fid\u00e8les entament le je\u00fbne dans un contexte de surench\u00e8re sur les march\u00e9s","datePublished":"2024-03-09T06:33:57+00:00","dateModified":"2024-03-09T07:16:14+00:00","mainEntityOfPage":{"@id":"https:\/\/www.africa-press.net\/niger\/economie\/preparatifs-du-ramadan-les-fideles-entament-le-jeune-dans-un-contexte-de-surenchere-sur-les-marches"},"wordCount":918,"commentCount":0,"image":{"@id":"https:\/\/www.africa-press.net\/niger\/economie\/preparatifs-du-ramadan-les-fideles-entament-le-jeune-dans-un-contexte-de-surenchere-sur-les-marches#primaryimage"},"thumbnailUrl":"https:\/\/static.africa-press.net\/niger\/sites\/40\/2024\/03\/sm_1709955886.321913.jpg","keywords":["Africa Press","Africa Press-Niger","Niger"],"articleSection":["\u00c9conomie","Photo","Toutes les actualit\u00e9s"],"inLanguage":"fr-FR","potentialAction":[{"@type":"CommentAction","name":"Comment","target":["https:\/\/www.africa-press.net\/niger\/economie\/preparatifs-du-ramadan-les-fideles-entament-le-jeune-dans-un-contexte-de-surenchere-sur-les-marches#respond"]}]},{"@type":"WebPage","@id":"https:\/\/www.africa-press.net\/niger\/economie\/preparatifs-du-ramadan-les-fideles-entament-le-jeune-dans-un-contexte-de-surenchere-sur-les-marches","url":"https:\/\/www.africa-press.net\/niger\/economie\/preparatifs-du-ramadan-les-fideles-entament-le-jeune-dans-un-contexte-de-surenchere-sur-les-marches","name":"Pr\u00e9paratifs du Ramadan : Les fid\u00e8les entament le je\u00fbne dans un contexte de surench\u00e8re sur les march\u00e9s - niger","isPartOf":{"@id":"https:\/\/www.africa-press.net\/niger\/#website"},"primaryImageOfPage":{"@id":"https:\/\/www.africa-press.net\/niger\/economie\/preparatifs-du-ramadan-les-fideles-entament-le-jeune-dans-un-contexte-de-surenchere-sur-les-marches#primaryimage"},"image":{"@id":"https:\/\/www.africa-press.net\/niger\/economie\/preparatifs-du-ramadan-les-fideles-entament-le-jeune-dans-un-contexte-de-surenchere-sur-les-marches#primaryimage"},"thumbnailUrl":"https:\/\/static.africa-press.net\/niger\/sites\/40\/2024\/03\/sm_1709955886.321913.jpg","datePublished":"2024-03-09T06:33:57+00:00","dateModified":"2024-03-09T07:16:14+00:00","author":{"@id":"https:\/\/www.africa-press.net\/niger\/#\/schema\/person\/2b1cf3cd81a31e3cd26889ca66d677f1"},"description":"Le mois be\u0301ni du Ramadan est un moment particulier d\u2019adoration pour les fide\u0300les musulmans qui observent le jeu\u0302ne pe ...","breadcrumb":{"@id":"https:\/\/www.africa-press.net\/niger\/economie\/preparatifs-du-ramadan-les-fideles-entament-le-jeune-dans-un-contexte-de-surenchere-sur-les-marches#breadcrumb"},"inLanguage":"fr-FR","potentialAction":[{"@type":"ReadAction","target":["https:\/\/www.africa-press.net\/niger\/economie\/preparatifs-du-ramadan-les-fideles-entament-le-jeune-dans-un-contexte-de-surenchere-sur-les-marches"]}]},{"@type":"ImageObject","inLanguage":"fr-FR","@id":"https:\/\/www.africa-press.net\/niger\/economie\/preparatifs-du-ramadan-les-fideles-entament-le-jeune-dans-un-contexte-de-surenchere-sur-les-marches#primaryimage","url":"https:\/\/static.africa-press.net\/niger\/sites\/40\/2024\/03\/sm_1709955886.321913.jpg","contentUrl":"https:\/\/static.africa-press.net\/niger\/sites\/40\/2024\/03\/sm_1709955886.321913.jpg","width":800,"height":534,"caption":"Pr\u00e9paratifs du Ramadan : Les fid\u00e8les entament le je\u00fbne dans un contexte de surench\u00e8re sur les march\u00e9s"},{"@type":"BreadcrumbList","@id":"https:\/\/www.africa-press.net\/niger\/economie\/preparatifs-du-ramadan-les-fideles-entament-le-jeune-dans-un-contexte-de-surenchere-sur-les-marches#breadcrumb","itemListElement":[{"@type":"ListItem","position":1,"name":"Accueil","item":"https:\/\/www.africa-press.net\/niger\/"},{"@type":"ListItem","position":2,"name":"Pr\u00e9paratifs du Ramadan : Les fid\u00e8les entament le je\u00fbne dans un contexte de surench\u00e8re sur les march\u00e9s"}]},{"@type":"WebSite","@id":"https:\/\/www.africa-press.net\/niger\/#website","url":"https:\/\/www.africa-press.net\/niger\/","name":"niger","description":"Just another Africa News Agency Sites site","potentialAction":[{"@type":"SearchAction","target":{"@type":"EntryPoint","urlTemplate":"https:\/\/www.africa-press.net\/niger\/?s={search_term_string}"},"query-input":{"@type":"PropertyValueSpecification","valueRequired":true,"valueName":"search_term_string"}}],"inLanguage":"fr-FR"},{"@type":"Person","@id":"https:\/\/www.africa-press.net\/niger\/#\/schema\/person\/2b1cf3cd81a31e3cd26889ca66d677f1","name":"cfeditorfr"}]}},"_links":{"self":[{"href":"https:\/\/www.africa-press.net\/niger\/wp-json\/wp\/v2\/posts\/59651","targetHints":{"allow":["GET"]}}],"collection":[{"href":"https:\/\/www.africa-press.net\/niger\/wp-json\/wp\/v2\/posts"}],"about":[{"href":"https:\/\/www.africa-press.net\/niger\/wp-json\/wp\/v2\/types\/post"}],"author":[{"embeddable":true,"href":"https:\/\/www.africa-press.net\/niger\/wp-json\/wp\/v2\/users\/82"}],"replies":[{"embeddable":true,"href":"https:\/\/www.africa-press.net\/niger\/wp-json\/wp\/v2\/comments?post=59651"}],"version-history":[{"count":0,"href":"https:\/\/www.africa-press.net\/niger\/wp-json\/wp\/v2\/posts\/59651\/revisions"}],"wp:featuredmedia":[{"embeddable":true,"href":"https:\/\/www.africa-press.net\/niger\/wp-json\/wp\/v2\/media\/59650"}],"wp:attachment":[{"href":"https:\/\/www.africa-press.net\/niger\/wp-json\/wp\/v2\/media?parent=59651"}],"wp:term":[{"taxonomy":"category","embeddable":true,"href":"https:\/\/www.africa-press.net\/niger\/wp-json\/wp\/v2\/categories?post=59651"},{"taxonomy":"post_tag","embeddable":true,"href":"https:\/\/www.africa-press.net\/niger\/wp-json\/wp\/v2\/tags?post=59651"}],"curies":[{"name":"wp","href":"https:\/\/api.w.org\/{rel}","templated":true}]}}