{"id":59659,"date":"2024-03-09T06:34:53","date_gmt":"2024-03-09T06:34:53","guid":{"rendered":"https:\/\/www.africa-press.net\/niger\/politique\/initiative-insa-hassane-aminou-promoteur-de-lentreprise-le-pro-de-la-transformation-agro-alimentaire"},"modified":"2024-03-09T07:17:14","modified_gmt":"2024-03-09T07:17:14","slug":"initiative-insa-hassane-aminou-promoteur-de-lentreprise-le-pro-de-la-transformation-agro-alimentaire","status":"publish","type":"post","link":"https:\/\/www.africa-press.net\/niger\/toutes-les-actualites\/initiative-insa-hassane-aminou-promoteur-de-lentreprise-le-pro-de-la-transformation-agro-alimentaire","title":{"rendered":"Initiative : Insa Hassane Aminou, promoteur de l\u2019entreprise \u00able pro de la transformation agro-alimentaire\u00bb"},"content":{"rendered":"<p><span style=\"color: #ff6600\"><strong>Africa-Press &#8211; Niger. <\/strong><\/span>L\u2019entrepreneuriat est un domaine qui attire chaque jour des jeunes qui donnent vie a\u0300 leur projet. C\u2019est le cas de M. Insa Hassane Aminou, a\u0302ge\u0301 de 26 ans, diplo\u0302me\u0301 de l\u2019IPDR\/Kollo, option technicien supe\u0301rieur de de\u0301veloppement rural. Il est le promoteur de l\u2019entreprise \u00ab Le pro de la transformation agro-alimentaire\u2019\u2019.<\/p>\n<p>Dans son entreprise situe\u0301e a\u0300 Dosso, M. Insa Hassan Aminou offre trois types de service a\u0300 ses clients. Il utilise trois machines diffe\u0301rentes servant au de\u0301corticage, au moulage, et a\u0300 la torre\u0301faction. Son inte\u0301re\u0302t pour la transformation agro-alimentaire est d\u2019apre\u0300s lui, une manie\u0300re de lutter contre l\u2019inse\u0301curite\u0301 alimentaire dans sa re\u0301gion en particulier et au Niger en ge\u0301ne\u0301ral. \u00ab Mon entreprise de production agro-alimentaire est spe\u0301cialise\u0301e dans tout ce qui est lie\u0301 a\u0300 la transformation de l\u2019arachide. Nous faisons le de\u0301corticage du sac de l\u2019arachide a\u0300 400 F CFA, le moulage a\u0300 650 FCFA le sac et la torre\u0301faction a\u0300 1100 FCFA \u00bb, a-t-il pre\u0301cise\u0301.<\/p>\n<p>Gra\u0302ce aux outils techniques modernes dont il dispose, le jeune entrepreneur arrive a\u0300 transformer toute une kyrielle de produits de\u0301rive\u0301s de l\u2019arachide et a\u0300 fournir bien d\u2019autres services. Sur commande ou a\u0300 la demande du client, l\u2019entrepreneur transforme la matie\u0300re brute \u2018\u2019 l\u2019arachide\u2019\u2019 en huile, pa\u0302te d\u2019arachide et en farine de tourteau.<\/p>\n<p>L\u2019ide\u0301e de la mise en place de son entreprise est partie d\u2019un constat. La re\u0301gion de Dosso est une zone de re\u0301fe\u0301rence en matie\u0300re de production et de transformation de l\u2019arachide. Bien que son e\u0301tablissement soit en gestation, M. Insa Hassan Aminou a embauche\u0301 quelques personnes, contribuant a\u0300 re\u0301duire le cho\u0302mage dans sa re\u0301gion. \u00ab Actuellement, j\u2019ai (09) neuf employe\u0301s permanents et (05) cinq autres temporaires \u00bb, a de\u0301clare\u0301 M. Aminou.<\/p>\n<p>Le domaine entrepreneurial demande e\u0301norme\u0301ment de temps et de travail. M. Insa et son e\u0301quipe n\u2019e\u0301chappent pas a\u0300 la dure re\u0301alite\u0301 du domaine. \u00ab Notre souci principal, est la difficulte\u0301 d\u2019acce\u0300s a\u0300 la matie\u0300re premie\u0300re, le proble\u0300me de local, et surtout l\u2019esprit des Nige\u0301riens qui n\u2019aiment pas consommer les produits locaux. Mais toutes ces difficulte\u0301s ne m\u2019empe\u0302chent pas de me battre pour mettre sur pied une entreprise industrielle de transformation des produits locaux \u00bb, a affirme\u0301 le jeune homme plein d\u2019espoir.<\/p>\n<p>Pour re\u0301duire le cho\u0302mage et arre\u0302ter de tendre la main, la jeunesse nige\u0301rienne, estime-t-il, doit faire preuve de cre\u0301ativite\u0301 et emboi\u0302ter les pas des ai\u0302ne\u0301s en se lanc\u0327ant avec passion et de\u0301termination dans l\u2019entrepreneuriat. \u00ab La jeunesse doit prendre en main son destin et comprendre que rien n\u2019est facile dans cette vie. Nous jeunes, devons faire preuve de cre\u0301ativite\u0301 et nous mettre en re\u0301seau pour travailler, car seul on part vite mais ensemble nous pouvons aller loin. Je demande aux autorite\u0301s de soutenir les petites initiatives en alle\u0301geant les impo\u0302ts afin de permettre aux petites entreprises de se retrouver dans le domaine \u00bb, a conclu le promoteur de l\u2019entreprise \u2018\u2019Le pro de la transformation agro-alimentaire\u2019\u2019.<\/p>\n<p>&nbsp;<\/p>\n<p><strong>Pour plus d&rsquo;informations et d&rsquo;analyses sur la <a href=\"https:\/\/www.africa-press.net\/niger\">Niger<\/a>, suivez <a href=\"https:\/\/www.africa-press.net\/\">Africa-Press<\/a><\/strong><\/p>\n","protected":false},"excerpt":{"rendered":"<p>Africa-Press &#8211; Niger. L\u2019entrepreneuriat est un domaine qui attire chaque jour des jeunes qui donnent vie a\u0300 leur projet. C\u2019est le cas de M. Insa Hassane Aminou, a\u0302ge\u0301 de 26 ans, diplo\u0302me\u0301 de l\u2019IPDR\/Kollo, option technicien supe\u0301rieur de de\u0301veloppement rural. Il est le promoteur de l\u2019entreprise \u00ab Le pro de la transformation agro-alimentaire\u2019\u2019. Dans son [&hellip;]<\/p>\n","protected":false},"author":82,"featured_media":59658,"comment_status":"open","ping_status":"closed","sticky":false,"template":"","format":"standard","meta":{"footnotes":""},"categories":[21,10],"tags":[55,60,29],"class_list":["post-59659","post","type-post","status-publish","format-standard","has-post-thumbnail","hentry","category-communaute","category-toutes-les-actualites","tag-africa-press","tag-africa-press-niger","tag-niger"],"yoast_head":"<!-- This site is optimized with the Yoast SEO Premium plugin v26.1 (Yoast SEO v27.0) - https:\/\/yoast.com\/product\/yoast-seo-premium-wordpress\/ -->\n<title>Initiative : Insa Hassane Aminou, promoteur de l\u2019entreprise \u00able pro de la transformation agro-alimentaire\u00bb - niger<\/title>\n<meta name=\"description\" content=\"L\u2019entrepreneuriat est un domaine qui attire chaque jour des jeunes qui donnent vie a\u0300 leur projet. C\u2019est le cas de M. In ...\" \/>\n<meta name=\"robots\" content=\"index, follow, max-snippet:-1, max-image-preview:large, max-video-preview:-1\" \/>\n<link rel=\"canonical\" href=\"https:\/\/www.africa-press.net\/niger\/toutes-les-actualites\/initiative-insa-hassane-aminou-promoteur-de-lentreprise-le-pro-de-la-transformation-agro-alimentaire\" \/>\n<meta property=\"og:locale\" content=\"fr_FR\" \/>\n<meta property=\"og:type\" content=\"article\" \/>\n<meta property=\"og:title\" content=\"Initiative : Insa Hassane Aminou, promoteur de l\u2019entreprise \u00able pro de la transformation agro-alimentaire\u00bb\" \/>\n<meta property=\"og:description\" content=\"L\u2019entrepreneuriat est un domaine qui attire chaque jour des jeunes qui donnent vie a\u0300 leur projet. C\u2019est le cas de M. In ...\" \/>\n<meta property=\"og:url\" content=\"https:\/\/www.africa-press.net\/niger\/toutes-les-actualites\/initiative-insa-hassane-aminou-promoteur-de-lentreprise-le-pro-de-la-transformation-agro-alimentaire\" \/>\n<meta property=\"og:site_name\" content=\"niger\" \/>\n<meta property=\"article:published_time\" content=\"2024-03-09T06:34:53+00:00\" \/>\n<meta property=\"article:modified_time\" content=\"2024-03-09T07:17:14+00:00\" \/>\n<meta property=\"og:image\" content=\"https:\/\/static.africa-press.net\/niger\/sites\/40\/2024\/03\/sm_1709955942.486778.jpg\" \/>\n\t<meta property=\"og:image:width\" content=\"1024\" \/>\n\t<meta property=\"og:image:height\" content=\"683\" \/>\n\t<meta property=\"og:image:type\" content=\"image\/jpeg\" \/>\n<meta name=\"author\" content=\"cfeditorfr\" \/>\n<meta name=\"twitter:card\" content=\"summary_large_image\" \/>\n<meta name=\"twitter:label1\" content=\"\u00c9crit par\" \/>\n\t<meta name=\"twitter:data1\" content=\"cfeditorfr\" \/>\n\t<meta name=\"twitter:label2\" content=\"Dur\u00e9e de lecture estim\u00e9e\" \/>\n\t<meta name=\"twitter:data2\" content=\"3 minutes\" \/>\n<script type=\"application\/ld+json\" class=\"yoast-schema-graph\">{\"@context\":\"https:\/\/schema.org\",\"@graph\":[{\"@type\":\"Article\",\"@id\":\"https:\/\/www.africa-press.net\/niger\/toutes-les-actualites\/initiative-insa-hassane-aminou-promoteur-de-lentreprise-le-pro-de-la-transformation-agro-alimentaire#article\",\"isPartOf\":{\"@id\":\"https:\/\/www.africa-press.net\/niger\/toutes-les-actualites\/initiative-insa-hassane-aminou-promoteur-de-lentreprise-le-pro-de-la-transformation-agro-alimentaire\"},\"author\":{\"name\":\"cfeditorfr\",\"@id\":\"https:\/\/www.africa-press.net\/niger\/#\/schema\/person\/2b1cf3cd81a31e3cd26889ca66d677f1\"},\"headline\":\"Initiative : Insa Hassane Aminou, promoteur de l\u2019entreprise \u00able pro de la transformation agro-alimentaire\u00bb\",\"datePublished\":\"2024-03-09T06:34:53+00:00\",\"dateModified\":\"2024-03-09T07:17:14+00:00\",\"mainEntityOfPage\":{\"@id\":\"https:\/\/www.africa-press.net\/niger\/toutes-les-actualites\/initiative-insa-hassane-aminou-promoteur-de-lentreprise-le-pro-de-la-transformation-agro-alimentaire\"},\"wordCount\":579,\"commentCount\":0,\"image\":{\"@id\":\"https:\/\/www.africa-press.net\/niger\/toutes-les-actualites\/initiative-insa-hassane-aminou-promoteur-de-lentreprise-le-pro-de-la-transformation-agro-alimentaire#primaryimage\"},\"thumbnailUrl\":\"https:\/\/static.africa-press.net\/niger\/sites\/40\/2024\/03\/sm_1709955942.486778.jpg\",\"keywords\":[\"Africa Press\",\"Africa Press-Niger\",\"Niger\"],\"articleSection\":[\"Communaut\u00e9\",\"Toutes les actualit\u00e9s\"],\"inLanguage\":\"fr-FR\",\"potentialAction\":[{\"@type\":\"CommentAction\",\"name\":\"Comment\",\"target\":[\"https:\/\/www.africa-press.net\/niger\/toutes-les-actualites\/initiative-insa-hassane-aminou-promoteur-de-lentreprise-le-pro-de-la-transformation-agro-alimentaire#respond\"]}]},{\"@type\":\"WebPage\",\"@id\":\"https:\/\/www.africa-press.net\/niger\/toutes-les-actualites\/initiative-insa-hassane-aminou-promoteur-de-lentreprise-le-pro-de-la-transformation-agro-alimentaire\",\"url\":\"https:\/\/www.africa-press.net\/niger\/toutes-les-actualites\/initiative-insa-hassane-aminou-promoteur-de-lentreprise-le-pro-de-la-transformation-agro-alimentaire\",\"name\":\"Initiative : Insa Hassane Aminou, promoteur de l\u2019entreprise \u00able pro de la transformation agro-alimentaire\u00bb - niger\",\"isPartOf\":{\"@id\":\"https:\/\/www.africa-press.net\/niger\/#website\"},\"primaryImageOfPage\":{\"@id\":\"https:\/\/www.africa-press.net\/niger\/toutes-les-actualites\/initiative-insa-hassane-aminou-promoteur-de-lentreprise-le-pro-de-la-transformation-agro-alimentaire#primaryimage\"},\"image\":{\"@id\":\"https:\/\/www.africa-press.net\/niger\/toutes-les-actualites\/initiative-insa-hassane-aminou-promoteur-de-lentreprise-le-pro-de-la-transformation-agro-alimentaire#primaryimage\"},\"thumbnailUrl\":\"https:\/\/static.africa-press.net\/niger\/sites\/40\/2024\/03\/sm_1709955942.486778.jpg\",\"datePublished\":\"2024-03-09T06:34:53+00:00\",\"dateModified\":\"2024-03-09T07:17:14+00:00\",\"author\":{\"@id\":\"https:\/\/www.africa-press.net\/niger\/#\/schema\/person\/2b1cf3cd81a31e3cd26889ca66d677f1\"},\"description\":\"L\u2019entrepreneuriat est un domaine qui attire chaque jour des jeunes qui donnent vie a\u0300 leur projet. C\u2019est le cas de M. In ...\",\"breadcrumb\":{\"@id\":\"https:\/\/www.africa-press.net\/niger\/toutes-les-actualites\/initiative-insa-hassane-aminou-promoteur-de-lentreprise-le-pro-de-la-transformation-agro-alimentaire#breadcrumb\"},\"inLanguage\":\"fr-FR\",\"potentialAction\":[{\"@type\":\"ReadAction\",\"target\":[\"https:\/\/www.africa-press.net\/niger\/toutes-les-actualites\/initiative-insa-hassane-aminou-promoteur-de-lentreprise-le-pro-de-la-transformation-agro-alimentaire\"]}]},{\"@type\":\"ImageObject\",\"inLanguage\":\"fr-FR\",\"@id\":\"https:\/\/www.africa-press.net\/niger\/toutes-les-actualites\/initiative-insa-hassane-aminou-promoteur-de-lentreprise-le-pro-de-la-transformation-agro-alimentaire#primaryimage\",\"url\":\"https:\/\/static.africa-press.net\/niger\/sites\/40\/2024\/03\/sm_1709955942.486778.jpg\",\"contentUrl\":\"https:\/\/static.africa-press.net\/niger\/sites\/40\/2024\/03\/sm_1709955942.486778.jpg\",\"width\":1024,\"height\":683,\"caption\":\"Initiative : Insa Hassane Aminou, promoteur de l\u2019entreprise \u00able pro de la transformation agro-alimentaire\u00bb\"},{\"@type\":\"BreadcrumbList\",\"@id\":\"https:\/\/www.africa-press.net\/niger\/toutes-les-actualites\/initiative-insa-hassane-aminou-promoteur-de-lentreprise-le-pro-de-la-transformation-agro-alimentaire#breadcrumb\",\"itemListElement\":[{\"@type\":\"ListItem\",\"position\":1,\"name\":\"Accueil\",\"item\":\"https:\/\/www.africa-press.net\/niger\/\"},{\"@type\":\"ListItem\",\"position\":2,\"name\":\"Initiative : Insa Hassane Aminou, promoteur de l\u2019entreprise \u00able pro de la transformation agro-alimentaire\u00bb\"}]},{\"@type\":\"WebSite\",\"@id\":\"https:\/\/www.africa-press.net\/niger\/#website\",\"url\":\"https:\/\/www.africa-press.net\/niger\/\",\"name\":\"niger\",\"description\":\"Just another Africa News Agency Sites site\",\"potentialAction\":[{\"@type\":\"SearchAction\",\"target\":{\"@type\":\"EntryPoint\",\"urlTemplate\":\"https:\/\/www.africa-press.net\/niger\/?s={search_term_string}\"},\"query-input\":{\"@type\":\"PropertyValueSpecification\",\"valueRequired\":true,\"valueName\":\"search_term_string\"}}],\"inLanguage\":\"fr-FR\"},{\"@type\":\"Person\",\"@id\":\"https:\/\/www.africa-press.net\/niger\/#\/schema\/person\/2b1cf3cd81a31e3cd26889ca66d677f1\",\"name\":\"cfeditorfr\"}]}<\/script>\n<!-- \/ Yoast SEO Premium plugin. -->","yoast_head_json":{"title":"Initiative : Insa Hassane Aminou, promoteur de l\u2019entreprise \u00able pro de la transformation agro-alimentaire\u00bb - niger","description":"L\u2019entrepreneuriat est un domaine qui attire chaque jour des jeunes qui donnent vie a\u0300 leur projet. C\u2019est le cas de M. In ...","robots":{"index":"index","follow":"follow","max-snippet":"max-snippet:-1","max-image-preview":"max-image-preview:large","max-video-preview":"max-video-preview:-1"},"canonical":"https:\/\/www.africa-press.net\/niger\/toutes-les-actualites\/initiative-insa-hassane-aminou-promoteur-de-lentreprise-le-pro-de-la-transformation-agro-alimentaire","og_locale":"fr_FR","og_type":"article","og_title":"Initiative : Insa Hassane Aminou, promoteur de l\u2019entreprise \u00able pro de la transformation agro-alimentaire\u00bb","og_description":"L\u2019entrepreneuriat est un domaine qui attire chaque jour des jeunes qui donnent vie a\u0300 leur projet. C\u2019est le cas de M. In ...","og_url":"https:\/\/www.africa-press.net\/niger\/toutes-les-actualites\/initiative-insa-hassane-aminou-promoteur-de-lentreprise-le-pro-de-la-transformation-agro-alimentaire","og_site_name":"niger","article_published_time":"2024-03-09T06:34:53+00:00","article_modified_time":"2024-03-09T07:17:14+00:00","og_image":[{"width":1024,"height":683,"url":"https:\/\/static.africa-press.net\/niger\/sites\/40\/2024\/03\/sm_1709955942.486778.jpg","type":"image\/jpeg"}],"author":"cfeditorfr","twitter_card":"summary_large_image","twitter_misc":{"\u00c9crit par":"cfeditorfr","Dur\u00e9e de lecture estim\u00e9e":"3 minutes"},"schema":{"@context":"https:\/\/schema.org","@graph":[{"@type":"Article","@id":"https:\/\/www.africa-press.net\/niger\/toutes-les-actualites\/initiative-insa-hassane-aminou-promoteur-de-lentreprise-le-pro-de-la-transformation-agro-alimentaire#article","isPartOf":{"@id":"https:\/\/www.africa-press.net\/niger\/toutes-les-actualites\/initiative-insa-hassane-aminou-promoteur-de-lentreprise-le-pro-de-la-transformation-agro-alimentaire"},"author":{"name":"cfeditorfr","@id":"https:\/\/www.africa-press.net\/niger\/#\/schema\/person\/2b1cf3cd81a31e3cd26889ca66d677f1"},"headline":"Initiative : Insa Hassane Aminou, promoteur de l\u2019entreprise \u00able pro de la transformation agro-alimentaire\u00bb","datePublished":"2024-03-09T06:34:53+00:00","dateModified":"2024-03-09T07:17:14+00:00","mainEntityOfPage":{"@id":"https:\/\/www.africa-press.net\/niger\/toutes-les-actualites\/initiative-insa-hassane-aminou-promoteur-de-lentreprise-le-pro-de-la-transformation-agro-alimentaire"},"wordCount":579,"commentCount":0,"image":{"@id":"https:\/\/www.africa-press.net\/niger\/toutes-les-actualites\/initiative-insa-hassane-aminou-promoteur-de-lentreprise-le-pro-de-la-transformation-agro-alimentaire#primaryimage"},"thumbnailUrl":"https:\/\/static.africa-press.net\/niger\/sites\/40\/2024\/03\/sm_1709955942.486778.jpg","keywords":["Africa Press","Africa Press-Niger","Niger"],"articleSection":["Communaut\u00e9","Toutes les actualit\u00e9s"],"inLanguage":"fr-FR","potentialAction":[{"@type":"CommentAction","name":"Comment","target":["https:\/\/www.africa-press.net\/niger\/toutes-les-actualites\/initiative-insa-hassane-aminou-promoteur-de-lentreprise-le-pro-de-la-transformation-agro-alimentaire#respond"]}]},{"@type":"WebPage","@id":"https:\/\/www.africa-press.net\/niger\/toutes-les-actualites\/initiative-insa-hassane-aminou-promoteur-de-lentreprise-le-pro-de-la-transformation-agro-alimentaire","url":"https:\/\/www.africa-press.net\/niger\/toutes-les-actualites\/initiative-insa-hassane-aminou-promoteur-de-lentreprise-le-pro-de-la-transformation-agro-alimentaire","name":"Initiative : Insa Hassane Aminou, promoteur de l\u2019entreprise \u00able pro de la transformation agro-alimentaire\u00bb - niger","isPartOf":{"@id":"https:\/\/www.africa-press.net\/niger\/#website"},"primaryImageOfPage":{"@id":"https:\/\/www.africa-press.net\/niger\/toutes-les-actualites\/initiative-insa-hassane-aminou-promoteur-de-lentreprise-le-pro-de-la-transformation-agro-alimentaire#primaryimage"},"image":{"@id":"https:\/\/www.africa-press.net\/niger\/toutes-les-actualites\/initiative-insa-hassane-aminou-promoteur-de-lentreprise-le-pro-de-la-transformation-agro-alimentaire#primaryimage"},"thumbnailUrl":"https:\/\/static.africa-press.net\/niger\/sites\/40\/2024\/03\/sm_1709955942.486778.jpg","datePublished":"2024-03-09T06:34:53+00:00","dateModified":"2024-03-09T07:17:14+00:00","author":{"@id":"https:\/\/www.africa-press.net\/niger\/#\/schema\/person\/2b1cf3cd81a31e3cd26889ca66d677f1"},"description":"L\u2019entrepreneuriat est un domaine qui attire chaque jour des jeunes qui donnent vie a\u0300 leur projet. C\u2019est le cas de M. In ...","breadcrumb":{"@id":"https:\/\/www.africa-press.net\/niger\/toutes-les-actualites\/initiative-insa-hassane-aminou-promoteur-de-lentreprise-le-pro-de-la-transformation-agro-alimentaire#breadcrumb"},"inLanguage":"fr-FR","potentialAction":[{"@type":"ReadAction","target":["https:\/\/www.africa-press.net\/niger\/toutes-les-actualites\/initiative-insa-hassane-aminou-promoteur-de-lentreprise-le-pro-de-la-transformation-agro-alimentaire"]}]},{"@type":"ImageObject","inLanguage":"fr-FR","@id":"https:\/\/www.africa-press.net\/niger\/toutes-les-actualites\/initiative-insa-hassane-aminou-promoteur-de-lentreprise-le-pro-de-la-transformation-agro-alimentaire#primaryimage","url":"https:\/\/static.africa-press.net\/niger\/sites\/40\/2024\/03\/sm_1709955942.486778.jpg","contentUrl":"https:\/\/static.africa-press.net\/niger\/sites\/40\/2024\/03\/sm_1709955942.486778.jpg","width":1024,"height":683,"caption":"Initiative : Insa Hassane Aminou, promoteur de l\u2019entreprise \u00able pro de la transformation agro-alimentaire\u00bb"},{"@type":"BreadcrumbList","@id":"https:\/\/www.africa-press.net\/niger\/toutes-les-actualites\/initiative-insa-hassane-aminou-promoteur-de-lentreprise-le-pro-de-la-transformation-agro-alimentaire#breadcrumb","itemListElement":[{"@type":"ListItem","position":1,"name":"Accueil","item":"https:\/\/www.africa-press.net\/niger\/"},{"@type":"ListItem","position":2,"name":"Initiative : Insa Hassane Aminou, promoteur de l\u2019entreprise \u00able pro de la transformation agro-alimentaire\u00bb"}]},{"@type":"WebSite","@id":"https:\/\/www.africa-press.net\/niger\/#website","url":"https:\/\/www.africa-press.net\/niger\/","name":"niger","description":"Just another Africa News Agency Sites site","potentialAction":[{"@type":"SearchAction","target":{"@type":"EntryPoint","urlTemplate":"https:\/\/www.africa-press.net\/niger\/?s={search_term_string}"},"query-input":{"@type":"PropertyValueSpecification","valueRequired":true,"valueName":"search_term_string"}}],"inLanguage":"fr-FR"},{"@type":"Person","@id":"https:\/\/www.africa-press.net\/niger\/#\/schema\/person\/2b1cf3cd81a31e3cd26889ca66d677f1","name":"cfeditorfr"}]}},"_links":{"self":[{"href":"https:\/\/www.africa-press.net\/niger\/wp-json\/wp\/v2\/posts\/59659","targetHints":{"allow":["GET"]}}],"collection":[{"href":"https:\/\/www.africa-press.net\/niger\/wp-json\/wp\/v2\/posts"}],"about":[{"href":"https:\/\/www.africa-press.net\/niger\/wp-json\/wp\/v2\/types\/post"}],"author":[{"embeddable":true,"href":"https:\/\/www.africa-press.net\/niger\/wp-json\/wp\/v2\/users\/82"}],"replies":[{"embeddable":true,"href":"https:\/\/www.africa-press.net\/niger\/wp-json\/wp\/v2\/comments?post=59659"}],"version-history":[{"count":0,"href":"https:\/\/www.africa-press.net\/niger\/wp-json\/wp\/v2\/posts\/59659\/revisions"}],"wp:featuredmedia":[{"embeddable":true,"href":"https:\/\/www.africa-press.net\/niger\/wp-json\/wp\/v2\/media\/59658"}],"wp:attachment":[{"href":"https:\/\/www.africa-press.net\/niger\/wp-json\/wp\/v2\/media?parent=59659"}],"wp:term":[{"taxonomy":"category","embeddable":true,"href":"https:\/\/www.africa-press.net\/niger\/wp-json\/wp\/v2\/categories?post=59659"},{"taxonomy":"post_tag","embeddable":true,"href":"https:\/\/www.africa-press.net\/niger\/wp-json\/wp\/v2\/tags?post=59659"}],"curies":[{"name":"wp","href":"https:\/\/api.w.org\/{rel}","templated":true}]}}