{"id":59665,"date":"2024-03-09T06:35:34","date_gmt":"2024-03-09T06:35:34","guid":{"rendered":"https:\/\/www.africa-press.net\/niger\/politique\/68eme-edition-de-la-journee-internationale-de-la-femme-investir-en-faveur-de-lautonomisation-des-femmes-afin-dassurer-un-developpement-durable"},"modified":"2024-03-09T07:18:11","modified_gmt":"2024-03-09T07:18:11","slug":"68eme-edition-de-la-journee-internationale-de-la-femme-investir-en-faveur-de-lautonomisation-des-femmes-afin-dassurer-un-developpement-durable","status":"publish","type":"post","link":"https:\/\/www.africa-press.net\/niger\/toutes-les-actualites\/68eme-edition-de-la-journee-internationale-de-la-femme-investir-en-faveur-de-lautonomisation-des-femmes-afin-dassurer-un-developpement-durable","title":{"rendered":"68\u00e8me \u00e9dition de la Journ\u00e9e Internationale de la Femme : Investir en faveur de l\u2019autonomisation des femmes afin d\u2019assurer un d\u00e9veloppement durable"},"content":{"rendered":"<p><span style=\"color: #ff6600\"><strong>Africa-Press &#8211; Niger. <\/strong><\/span>A l\u2019instar des autres pays a\u0300 travers le monde, le Niger comme\u0301more ce vendredie 8 mars 2024, la 68e\u0300me e\u0301dition de la Journe\u0301e Internationale de la Femme. Cette anne\u0301e, le the\u0300me de la Journe\u0301e est \u00ab Investir en faveur des femmes: acce\u0301le\u0301rer le rythme \u00bb. Il s\u2019agit d\u2019attirer l\u2019attention de tous sur l\u2019inte\u0301re\u0302t d\u2019investir beaucoup plus et fre\u0301quemment en faveur de la femme pour le de\u0301veloppement de nos pays.<\/p>\n<p>Ce the\u0300me est associe\u0301 au the\u0300me prioritaire de la 68e\u0300me session de la condition fe\u0301minine a\u0300 savoir:<\/p>\n<p>\u00ab Acce\u0301le\u0301rer la re\u0301alisation des droits de la femme et l\u2019autonomisation de toutes les femmes et les filles en s\u2019attaquant a\u0300 la pauvrete\u0301 et en renforc\u0327ant les institutions et le financement dans une perspective genre \u00bb. Pour sa part, le Niger ce\u0301le\u0300bre la journe\u0301e du 8 mars sous le the\u0300me national intitule\u0301:<\/p>\n<p>\u00ab Entreprenariat fe\u0301minin: levier d\u2019un de\u0301veloppement durable d\u2019un Niger souverain \u00bb.<\/p>\n<p>A la veille de cette journe\u0301e, le ministre de la Sante\u0301 Publique, de la Population et des Affaires Sociales, le Me\u0301decin Colonel-major Garba Hakimi a explique\u0301 le choix de ce the\u0300me qui vise a\u0300 mettre en exergue la contribution des femmes et des filles dans le de\u0301veloppement social et e\u0301conomique ainsi que la re\u0301silience des femmes et des filles Nige\u0301riennes. Selon lui, ce the\u0300me cadre parfaitement avec les priorite\u0301s des autorite\u0301s du Conseil National pour la Sauvegarde de la Patrie.<\/p>\n<p>Le ministre en charge de la Population a indique\u0301 que l\u2019entreprenariat fe\u0301minin connai\u0302t une croissance significative ces dernie\u0300res anne\u0301es au Niger. \u00ab Cela s\u2019explique, sans doute, par le fait que les femmes ont pris conscience du ro\u0302le important qu\u2019elles jouent dans le de\u0301veloppement de l\u2019e\u0301conomie du pays. C\u2019est ainsi que beaucoup d\u2019entre elles e\u0301mergent dans divers domaines. Elles sont aujourd\u2019hui pre\u0301sentes dans tous les secteurs d\u2019activite\u0301s ge\u0301ne\u0301ratrices de revenu notamment le commerce, la microfinance, les textiles, l\u2019agriculture, l\u2019e\u0301levage, la transformation agro-alimentaire et bien d\u2019autres secteurs de l\u2019e\u0301conomie\u00bb, a-t-il souligne\u0301.<\/p>\n<p>Le ministre Me\u0301decin Colonel-major Garba Hakimi, a rappele\u0301 que cette journe\u0301e a e\u0301te\u0301 proclame\u0301e par l\u2019Assemble\u0301e Ge\u0301ne\u0301rale des Nations Unies, a\u0300 l\u2019occasion de la de\u0301cennie de la femme en 1975, pour marquer les marches historiques des femmes, organise\u0301es en mars 1907 et 1908, pour revendiquer leurs droits au suffrage universel. \u00ab La ce\u0301le\u0301bration de cette journe\u0301e nous offre toujours l\u2019occasion de faire le bilan des actions mene\u0301es en matie\u0300re de promotion de la femme et de tirer des lec\u0327ons en vue de de\u0301velopper et mettre en \u0153uvre des strate\u0301gies pour le futur \u00bb, a-t-il ajoute\u0301.<\/p>\n<p>Par ailleurs, le ministre en charge de la Population, a lance\u0301 un appel a\u0300 tous les acteurs intervenant dans cette the\u0301matique de conjuguer leurs efforts en vue de renforcer et promouvoir davantage l\u2019entreprenariat fe\u0301minin, l\u2019autonomisation des femmes et filles et consolider leurs capacite\u0301s de re\u0301silience. Il a e\u0301galement invite\u0301 tous les acteurs pour une synergie d\u2019actions afin d\u2019assurer l\u2019autonomisation en faveur des femmes et des filles.<\/p>\n<p>&nbsp;<\/p>\n<p><strong>Pour plus d&rsquo;informations et d&rsquo;analyses sur la <a href=\"https:\/\/www.africa-press.net\/niger\">Niger<\/a>, suivez <a href=\"https:\/\/www.africa-press.net\/\">Africa-Press<\/a><\/strong><\/p>\n","protected":false},"excerpt":{"rendered":"<p>Africa-Press &#8211; Niger. A l\u2019instar des autres pays a\u0300 travers le monde, le Niger comme\u0301more ce vendredie 8 mars 2024, la 68e\u0300me e\u0301dition de la Journe\u0301e Internationale de la Femme. Cette anne\u0301e, le the\u0300me de la Journe\u0301e est \u00ab Investir en faveur des femmes: acce\u0301le\u0301rer le rythme \u00bb. Il s\u2019agit d\u2019attirer l\u2019attention de tous sur [&hellip;]<\/p>\n","protected":false},"author":82,"featured_media":59664,"comment_status":"open","ping_status":"closed","sticky":false,"template":"","format":"standard","meta":{"footnotes":""},"categories":[21,10],"tags":[55,60,29],"class_list":["post-59665","post","type-post","status-publish","format-standard","has-post-thumbnail","hentry","category-communaute","category-toutes-les-actualites","tag-africa-press","tag-africa-press-niger","tag-niger"],"yoast_head":"<!-- This site is optimized with the Yoast SEO Premium plugin v26.1 (Yoast SEO v27.0) - https:\/\/yoast.com\/product\/yoast-seo-premium-wordpress\/ -->\n<title>68\u00e8me \u00e9dition de la Journ\u00e9e Internationale de la Femme : Investir en faveur de l\u2019autonomisation des femmes afin d\u2019assurer un d\u00e9veloppement durable - niger<\/title>\n<meta name=\"description\" content=\"A l\u2019instar des autres pays a\u0300 travers le monde, le Niger comme\u0301more ce vendredie 8 mars 2024, la 68e\u0300me e\u0301dition de la J ...\" \/>\n<meta name=\"robots\" content=\"index, follow, max-snippet:-1, max-image-preview:large, max-video-preview:-1\" \/>\n<link rel=\"canonical\" href=\"https:\/\/www.africa-press.net\/niger\/toutes-les-actualites\/68eme-edition-de-la-journee-internationale-de-la-femme-investir-en-faveur-de-lautonomisation-des-femmes-afin-dassurer-un-developpement-durable\" \/>\n<meta property=\"og:locale\" content=\"fr_FR\" \/>\n<meta property=\"og:type\" content=\"article\" \/>\n<meta property=\"og:title\" content=\"68\u00e8me \u00e9dition de la Journ\u00e9e Internationale de la Femme : Investir en faveur de l\u2019autonomisation des femmes afin d\u2019assurer un d\u00e9veloppement durable\" \/>\n<meta property=\"og:description\" content=\"A l\u2019instar des autres pays a\u0300 travers le monde, le Niger comme\u0301more ce vendredie 8 mars 2024, la 68e\u0300me e\u0301dition de la J ...\" \/>\n<meta property=\"og:url\" content=\"https:\/\/www.africa-press.net\/niger\/toutes-les-actualites\/68eme-edition-de-la-journee-internationale-de-la-femme-investir-en-faveur-de-lautonomisation-des-femmes-afin-dassurer-un-developpement-durable\" \/>\n<meta property=\"og:site_name\" content=\"niger\" \/>\n<meta property=\"article:published_time\" content=\"2024-03-09T06:35:34+00:00\" \/>\n<meta property=\"article:modified_time\" content=\"2024-03-09T07:18:11+00:00\" \/>\n<meta property=\"og:image\" content=\"https:\/\/static.africa-press.net\/niger\/sites\/40\/2024\/03\/sm_1709955979.841942.jpg\" \/>\n\t<meta property=\"og:image:width\" content=\"800\" \/>\n\t<meta property=\"og:image:height\" content=\"533\" \/>\n\t<meta property=\"og:image:type\" content=\"image\/jpeg\" \/>\n<meta name=\"author\" content=\"cfeditorfr\" \/>\n<meta name=\"twitter:card\" content=\"summary_large_image\" \/>\n<meta name=\"twitter:label1\" content=\"\u00c9crit par\" \/>\n\t<meta name=\"twitter:data1\" content=\"cfeditorfr\" \/>\n\t<meta name=\"twitter:label2\" content=\"Dur\u00e9e de lecture estim\u00e9e\" \/>\n\t<meta name=\"twitter:data2\" content=\"3 minutes\" \/>\n<script type=\"application\/ld+json\" class=\"yoast-schema-graph\">{\"@context\":\"https:\/\/schema.org\",\"@graph\":[{\"@type\":\"Article\",\"@id\":\"https:\/\/www.africa-press.net\/niger\/toutes-les-actualites\/68eme-edition-de-la-journee-internationale-de-la-femme-investir-en-faveur-de-lautonomisation-des-femmes-afin-dassurer-un-developpement-durable#article\",\"isPartOf\":{\"@id\":\"https:\/\/www.africa-press.net\/niger\/toutes-les-actualites\/68eme-edition-de-la-journee-internationale-de-la-femme-investir-en-faveur-de-lautonomisation-des-femmes-afin-dassurer-un-developpement-durable\"},\"author\":{\"name\":\"cfeditorfr\",\"@id\":\"https:\/\/www.africa-press.net\/niger\/#\/schema\/person\/2b1cf3cd81a31e3cd26889ca66d677f1\"},\"headline\":\"68\u00e8me \u00e9dition de la Journ\u00e9e Internationale de la Femme : Investir en faveur de l\u2019autonomisation des femmes afin d\u2019assurer un d\u00e9veloppement durable\",\"datePublished\":\"2024-03-09T06:35:34+00:00\",\"dateModified\":\"2024-03-09T07:18:11+00:00\",\"mainEntityOfPage\":{\"@id\":\"https:\/\/www.africa-press.net\/niger\/toutes-les-actualites\/68eme-edition-de-la-journee-internationale-de-la-femme-investir-en-faveur-de-lautonomisation-des-femmes-afin-dassurer-un-developpement-durable\"},\"wordCount\":608,\"commentCount\":0,\"image\":{\"@id\":\"https:\/\/www.africa-press.net\/niger\/toutes-les-actualites\/68eme-edition-de-la-journee-internationale-de-la-femme-investir-en-faveur-de-lautonomisation-des-femmes-afin-dassurer-un-developpement-durable#primaryimage\"},\"thumbnailUrl\":\"https:\/\/static.africa-press.net\/niger\/sites\/40\/2024\/03\/sm_1709955979.841942.jpg\",\"keywords\":[\"Africa Press\",\"Africa Press-Niger\",\"Niger\"],\"articleSection\":[\"Communaut\u00e9\",\"Toutes les actualit\u00e9s\"],\"inLanguage\":\"fr-FR\",\"potentialAction\":[{\"@type\":\"CommentAction\",\"name\":\"Comment\",\"target\":[\"https:\/\/www.africa-press.net\/niger\/toutes-les-actualites\/68eme-edition-de-la-journee-internationale-de-la-femme-investir-en-faveur-de-lautonomisation-des-femmes-afin-dassurer-un-developpement-durable#respond\"]}]},{\"@type\":\"WebPage\",\"@id\":\"https:\/\/www.africa-press.net\/niger\/toutes-les-actualites\/68eme-edition-de-la-journee-internationale-de-la-femme-investir-en-faveur-de-lautonomisation-des-femmes-afin-dassurer-un-developpement-durable\",\"url\":\"https:\/\/www.africa-press.net\/niger\/toutes-les-actualites\/68eme-edition-de-la-journee-internationale-de-la-femme-investir-en-faveur-de-lautonomisation-des-femmes-afin-dassurer-un-developpement-durable\",\"name\":\"68\u00e8me \u00e9dition de la Journ\u00e9e Internationale de la Femme : Investir en faveur de l\u2019autonomisation des femmes afin d\u2019assurer un d\u00e9veloppement durable - niger\",\"isPartOf\":{\"@id\":\"https:\/\/www.africa-press.net\/niger\/#website\"},\"primaryImageOfPage\":{\"@id\":\"https:\/\/www.africa-press.net\/niger\/toutes-les-actualites\/68eme-edition-de-la-journee-internationale-de-la-femme-investir-en-faveur-de-lautonomisation-des-femmes-afin-dassurer-un-developpement-durable#primaryimage\"},\"image\":{\"@id\":\"https:\/\/www.africa-press.net\/niger\/toutes-les-actualites\/68eme-edition-de-la-journee-internationale-de-la-femme-investir-en-faveur-de-lautonomisation-des-femmes-afin-dassurer-un-developpement-durable#primaryimage\"},\"thumbnailUrl\":\"https:\/\/static.africa-press.net\/niger\/sites\/40\/2024\/03\/sm_1709955979.841942.jpg\",\"datePublished\":\"2024-03-09T06:35:34+00:00\",\"dateModified\":\"2024-03-09T07:18:11+00:00\",\"author\":{\"@id\":\"https:\/\/www.africa-press.net\/niger\/#\/schema\/person\/2b1cf3cd81a31e3cd26889ca66d677f1\"},\"description\":\"A l\u2019instar des autres pays a\u0300 travers le monde, le Niger comme\u0301more ce vendredie 8 mars 2024, la 68e\u0300me e\u0301dition de la J ...\",\"breadcrumb\":{\"@id\":\"https:\/\/www.africa-press.net\/niger\/toutes-les-actualites\/68eme-edition-de-la-journee-internationale-de-la-femme-investir-en-faveur-de-lautonomisation-des-femmes-afin-dassurer-un-developpement-durable#breadcrumb\"},\"inLanguage\":\"fr-FR\",\"potentialAction\":[{\"@type\":\"ReadAction\",\"target\":[\"https:\/\/www.africa-press.net\/niger\/toutes-les-actualites\/68eme-edition-de-la-journee-internationale-de-la-femme-investir-en-faveur-de-lautonomisation-des-femmes-afin-dassurer-un-developpement-durable\"]}]},{\"@type\":\"ImageObject\",\"inLanguage\":\"fr-FR\",\"@id\":\"https:\/\/www.africa-press.net\/niger\/toutes-les-actualites\/68eme-edition-de-la-journee-internationale-de-la-femme-investir-en-faveur-de-lautonomisation-des-femmes-afin-dassurer-un-developpement-durable#primaryimage\",\"url\":\"https:\/\/static.africa-press.net\/niger\/sites\/40\/2024\/03\/sm_1709955979.841942.jpg\",\"contentUrl\":\"https:\/\/static.africa-press.net\/niger\/sites\/40\/2024\/03\/sm_1709955979.841942.jpg\",\"width\":800,\"height\":533,\"caption\":\"68\u00e8me \u00e9dition de la Journ\u00e9e Internationale de la Femme : Investir en faveur de l\u2019autonomisation des femmes afin d\u2019assurer un d\u00e9veloppement durable\"},{\"@type\":\"BreadcrumbList\",\"@id\":\"https:\/\/www.africa-press.net\/niger\/toutes-les-actualites\/68eme-edition-de-la-journee-internationale-de-la-femme-investir-en-faveur-de-lautonomisation-des-femmes-afin-dassurer-un-developpement-durable#breadcrumb\",\"itemListElement\":[{\"@type\":\"ListItem\",\"position\":1,\"name\":\"Accueil\",\"item\":\"https:\/\/www.africa-press.net\/niger\/\"},{\"@type\":\"ListItem\",\"position\":2,\"name\":\"68\u00e8me \u00e9dition de la Journ\u00e9e Internationale de la Femme : Investir en faveur de l\u2019autonomisation des femmes afin d\u2019assurer un d\u00e9veloppement durable\"}]},{\"@type\":\"WebSite\",\"@id\":\"https:\/\/www.africa-press.net\/niger\/#website\",\"url\":\"https:\/\/www.africa-press.net\/niger\/\",\"name\":\"niger\",\"description\":\"Just another Africa News Agency Sites site\",\"potentialAction\":[{\"@type\":\"SearchAction\",\"target\":{\"@type\":\"EntryPoint\",\"urlTemplate\":\"https:\/\/www.africa-press.net\/niger\/?s={search_term_string}\"},\"query-input\":{\"@type\":\"PropertyValueSpecification\",\"valueRequired\":true,\"valueName\":\"search_term_string\"}}],\"inLanguage\":\"fr-FR\"},{\"@type\":\"Person\",\"@id\":\"https:\/\/www.africa-press.net\/niger\/#\/schema\/person\/2b1cf3cd81a31e3cd26889ca66d677f1\",\"name\":\"cfeditorfr\"}]}<\/script>\n<!-- \/ Yoast SEO Premium plugin. -->","yoast_head_json":{"title":"68\u00e8me \u00e9dition de la Journ\u00e9e Internationale de la Femme : Investir en faveur de l\u2019autonomisation des femmes afin d\u2019assurer un d\u00e9veloppement durable - niger","description":"A l\u2019instar des autres pays a\u0300 travers le monde, le Niger comme\u0301more ce vendredie 8 mars 2024, la 68e\u0300me e\u0301dition de la J ...","robots":{"index":"index","follow":"follow","max-snippet":"max-snippet:-1","max-image-preview":"max-image-preview:large","max-video-preview":"max-video-preview:-1"},"canonical":"https:\/\/www.africa-press.net\/niger\/toutes-les-actualites\/68eme-edition-de-la-journee-internationale-de-la-femme-investir-en-faveur-de-lautonomisation-des-femmes-afin-dassurer-un-developpement-durable","og_locale":"fr_FR","og_type":"article","og_title":"68\u00e8me \u00e9dition de la Journ\u00e9e Internationale de la Femme : Investir en faveur de l\u2019autonomisation des femmes afin d\u2019assurer un d\u00e9veloppement durable","og_description":"A l\u2019instar des autres pays a\u0300 travers le monde, le Niger comme\u0301more ce vendredie 8 mars 2024, la 68e\u0300me e\u0301dition de la J ...","og_url":"https:\/\/www.africa-press.net\/niger\/toutes-les-actualites\/68eme-edition-de-la-journee-internationale-de-la-femme-investir-en-faveur-de-lautonomisation-des-femmes-afin-dassurer-un-developpement-durable","og_site_name":"niger","article_published_time":"2024-03-09T06:35:34+00:00","article_modified_time":"2024-03-09T07:18:11+00:00","og_image":[{"width":800,"height":533,"url":"https:\/\/static.africa-press.net\/niger\/sites\/40\/2024\/03\/sm_1709955979.841942.jpg","type":"image\/jpeg"}],"author":"cfeditorfr","twitter_card":"summary_large_image","twitter_misc":{"\u00c9crit par":"cfeditorfr","Dur\u00e9e de lecture estim\u00e9e":"3 minutes"},"schema":{"@context":"https:\/\/schema.org","@graph":[{"@type":"Article","@id":"https:\/\/www.africa-press.net\/niger\/toutes-les-actualites\/68eme-edition-de-la-journee-internationale-de-la-femme-investir-en-faveur-de-lautonomisation-des-femmes-afin-dassurer-un-developpement-durable#article","isPartOf":{"@id":"https:\/\/www.africa-press.net\/niger\/toutes-les-actualites\/68eme-edition-de-la-journee-internationale-de-la-femme-investir-en-faveur-de-lautonomisation-des-femmes-afin-dassurer-un-developpement-durable"},"author":{"name":"cfeditorfr","@id":"https:\/\/www.africa-press.net\/niger\/#\/schema\/person\/2b1cf3cd81a31e3cd26889ca66d677f1"},"headline":"68\u00e8me \u00e9dition de la Journ\u00e9e Internationale de la Femme : Investir en faveur de l\u2019autonomisation des femmes afin d\u2019assurer un d\u00e9veloppement durable","datePublished":"2024-03-09T06:35:34+00:00","dateModified":"2024-03-09T07:18:11+00:00","mainEntityOfPage":{"@id":"https:\/\/www.africa-press.net\/niger\/toutes-les-actualites\/68eme-edition-de-la-journee-internationale-de-la-femme-investir-en-faveur-de-lautonomisation-des-femmes-afin-dassurer-un-developpement-durable"},"wordCount":608,"commentCount":0,"image":{"@id":"https:\/\/www.africa-press.net\/niger\/toutes-les-actualites\/68eme-edition-de-la-journee-internationale-de-la-femme-investir-en-faveur-de-lautonomisation-des-femmes-afin-dassurer-un-developpement-durable#primaryimage"},"thumbnailUrl":"https:\/\/static.africa-press.net\/niger\/sites\/40\/2024\/03\/sm_1709955979.841942.jpg","keywords":["Africa Press","Africa Press-Niger","Niger"],"articleSection":["Communaut\u00e9","Toutes les actualit\u00e9s"],"inLanguage":"fr-FR","potentialAction":[{"@type":"CommentAction","name":"Comment","target":["https:\/\/www.africa-press.net\/niger\/toutes-les-actualites\/68eme-edition-de-la-journee-internationale-de-la-femme-investir-en-faveur-de-lautonomisation-des-femmes-afin-dassurer-un-developpement-durable#respond"]}]},{"@type":"WebPage","@id":"https:\/\/www.africa-press.net\/niger\/toutes-les-actualites\/68eme-edition-de-la-journee-internationale-de-la-femme-investir-en-faveur-de-lautonomisation-des-femmes-afin-dassurer-un-developpement-durable","url":"https:\/\/www.africa-press.net\/niger\/toutes-les-actualites\/68eme-edition-de-la-journee-internationale-de-la-femme-investir-en-faveur-de-lautonomisation-des-femmes-afin-dassurer-un-developpement-durable","name":"68\u00e8me \u00e9dition de la Journ\u00e9e Internationale de la Femme : Investir en faveur de l\u2019autonomisation des femmes afin d\u2019assurer un d\u00e9veloppement durable - niger","isPartOf":{"@id":"https:\/\/www.africa-press.net\/niger\/#website"},"primaryImageOfPage":{"@id":"https:\/\/www.africa-press.net\/niger\/toutes-les-actualites\/68eme-edition-de-la-journee-internationale-de-la-femme-investir-en-faveur-de-lautonomisation-des-femmes-afin-dassurer-un-developpement-durable#primaryimage"},"image":{"@id":"https:\/\/www.africa-press.net\/niger\/toutes-les-actualites\/68eme-edition-de-la-journee-internationale-de-la-femme-investir-en-faveur-de-lautonomisation-des-femmes-afin-dassurer-un-developpement-durable#primaryimage"},"thumbnailUrl":"https:\/\/static.africa-press.net\/niger\/sites\/40\/2024\/03\/sm_1709955979.841942.jpg","datePublished":"2024-03-09T06:35:34+00:00","dateModified":"2024-03-09T07:18:11+00:00","author":{"@id":"https:\/\/www.africa-press.net\/niger\/#\/schema\/person\/2b1cf3cd81a31e3cd26889ca66d677f1"},"description":"A l\u2019instar des autres pays a\u0300 travers le monde, le Niger comme\u0301more ce vendredie 8 mars 2024, la 68e\u0300me e\u0301dition de la J ...","breadcrumb":{"@id":"https:\/\/www.africa-press.net\/niger\/toutes-les-actualites\/68eme-edition-de-la-journee-internationale-de-la-femme-investir-en-faveur-de-lautonomisation-des-femmes-afin-dassurer-un-developpement-durable#breadcrumb"},"inLanguage":"fr-FR","potentialAction":[{"@type":"ReadAction","target":["https:\/\/www.africa-press.net\/niger\/toutes-les-actualites\/68eme-edition-de-la-journee-internationale-de-la-femme-investir-en-faveur-de-lautonomisation-des-femmes-afin-dassurer-un-developpement-durable"]}]},{"@type":"ImageObject","inLanguage":"fr-FR","@id":"https:\/\/www.africa-press.net\/niger\/toutes-les-actualites\/68eme-edition-de-la-journee-internationale-de-la-femme-investir-en-faveur-de-lautonomisation-des-femmes-afin-dassurer-un-developpement-durable#primaryimage","url":"https:\/\/static.africa-press.net\/niger\/sites\/40\/2024\/03\/sm_1709955979.841942.jpg","contentUrl":"https:\/\/static.africa-press.net\/niger\/sites\/40\/2024\/03\/sm_1709955979.841942.jpg","width":800,"height":533,"caption":"68\u00e8me \u00e9dition de la Journ\u00e9e Internationale de la Femme : Investir en faveur de l\u2019autonomisation des femmes afin d\u2019assurer un d\u00e9veloppement durable"},{"@type":"BreadcrumbList","@id":"https:\/\/www.africa-press.net\/niger\/toutes-les-actualites\/68eme-edition-de-la-journee-internationale-de-la-femme-investir-en-faveur-de-lautonomisation-des-femmes-afin-dassurer-un-developpement-durable#breadcrumb","itemListElement":[{"@type":"ListItem","position":1,"name":"Accueil","item":"https:\/\/www.africa-press.net\/niger\/"},{"@type":"ListItem","position":2,"name":"68\u00e8me \u00e9dition de la Journ\u00e9e Internationale de la Femme : Investir en faveur de l\u2019autonomisation des femmes afin d\u2019assurer un d\u00e9veloppement durable"}]},{"@type":"WebSite","@id":"https:\/\/www.africa-press.net\/niger\/#website","url":"https:\/\/www.africa-press.net\/niger\/","name":"niger","description":"Just another Africa News Agency Sites site","potentialAction":[{"@type":"SearchAction","target":{"@type":"EntryPoint","urlTemplate":"https:\/\/www.africa-press.net\/niger\/?s={search_term_string}"},"query-input":{"@type":"PropertyValueSpecification","valueRequired":true,"valueName":"search_term_string"}}],"inLanguage":"fr-FR"},{"@type":"Person","@id":"https:\/\/www.africa-press.net\/niger\/#\/schema\/person\/2b1cf3cd81a31e3cd26889ca66d677f1","name":"cfeditorfr"}]}},"_links":{"self":[{"href":"https:\/\/www.africa-press.net\/niger\/wp-json\/wp\/v2\/posts\/59665","targetHints":{"allow":["GET"]}}],"collection":[{"href":"https:\/\/www.africa-press.net\/niger\/wp-json\/wp\/v2\/posts"}],"about":[{"href":"https:\/\/www.africa-press.net\/niger\/wp-json\/wp\/v2\/types\/post"}],"author":[{"embeddable":true,"href":"https:\/\/www.africa-press.net\/niger\/wp-json\/wp\/v2\/users\/82"}],"replies":[{"embeddable":true,"href":"https:\/\/www.africa-press.net\/niger\/wp-json\/wp\/v2\/comments?post=59665"}],"version-history":[{"count":0,"href":"https:\/\/www.africa-press.net\/niger\/wp-json\/wp\/v2\/posts\/59665\/revisions"}],"wp:featuredmedia":[{"embeddable":true,"href":"https:\/\/www.africa-press.net\/niger\/wp-json\/wp\/v2\/media\/59664"}],"wp:attachment":[{"href":"https:\/\/www.africa-press.net\/niger\/wp-json\/wp\/v2\/media?parent=59665"}],"wp:term":[{"taxonomy":"category","embeddable":true,"href":"https:\/\/www.africa-press.net\/niger\/wp-json\/wp\/v2\/categories?post=59665"},{"taxonomy":"post_tag","embeddable":true,"href":"https:\/\/www.africa-press.net\/niger\/wp-json\/wp\/v2\/tags?post=59665"}],"curies":[{"name":"wp","href":"https:\/\/api.w.org\/{rel}","templated":true}]}}