{"id":59674,"date":"2024-03-09T06:36:47","date_gmt":"2024-03-09T06:36:47","guid":{"rendered":"https:\/\/www.africa-press.net\/niger\/politique\/premiere-edition-de-la-semaine-du-numerique-le-ministre-sidi-mohamed-raliou-annonce-solennellement-la-tenue-de-levenement-du-18-au-20-avril"},"modified":"2024-03-09T07:19:25","modified_gmt":"2024-03-09T07:19:25","slug":"premiere-edition-de-la-semaine-du-numerique-le-ministre-sidi-mohamed-raliou-annonce-solennellement-la-tenue-de-levenement-du-18-au-20-avril","status":"publish","type":"post","link":"https:\/\/www.africa-press.net\/niger\/economie\/premiere-edition-de-la-semaine-du-numerique-le-ministre-sidi-mohamed-raliou-annonce-solennellement-la-tenue-de-levenement-du-18-au-20-avril","title":{"rendered":"Premi\u00e8re \u00e9dition de la semaine du num\u00e9rique : Le ministre Sidi Mohamed Raliou annonce solennellement la tenue de l\u2019\u00e9v\u00e9nement du 18 au 20 avril"},"content":{"rendered":"<p><span style=\"color: #ff6600\"><strong>Africa-Press &#8211; Niger. <\/strong><\/span><b>Le ministre de la Communication, des Postes et de l\u2019Economie Nume\u0301rique, M. Sidi Mohamed Raliou, a anime\u0301 un point de presse le 8 mars 2024 au centre de confe\u0301rence international Mahatma Gandhi. Ce point de presse rentre dans le cadre des pre\u0301paratifs de la 1ere e\u0301dition de la semaine du nume\u0301rique du Niger qui aura lieu du 18 au 20 avril 2024 a\u0300 Niamey.<\/b><\/p>\n<p>Cette semaine du nume\u0301rique donnera l\u2019occasion de faire l\u2019e\u0301tat des lieux de l\u2019e\u0301volution dans l\u2019usage du nume\u0301rique au Niger, de cerner les nouveaux de\u0301fis, enjeux et opportunite\u0301s qui s\u2019offrent aux utilisateurs des technologies nume\u0301riques, en particulier les jeunes.<\/p>\n<p>La Pre\u0301sidente de la Haute Autorite\u0301 de Protection des Donne\u0301es a\u0300 caracte\u0300re Personnel (HAPDP) ; le Secre\u0301taire Ge\u0301ne\u0301ral du Ministe\u0300re de la Communication, des Postes et de l\u2019Economie Nume\u0301rique par ailleurs Pre\u0301sident du Comite\u0301 d\u2019organisation de la Semaine du Nume\u0301rique ; le Directeur Ge\u0301ne\u0301ral de l\u2019Autorite\u0301 de Re\u0301gulation des Communications Electroniques et de la Poste (ARCEP) ; le Directeur Ge\u0301ne\u0301ral de l\u2019Agence Nationale pour la Socie\u0301te\u0301 de l\u2019Information (ANSI) ; le Directeur Ge\u0301ne\u0301ral de Niger Poste, les Directeurs Ge\u0301ne\u0301raux des Socie\u0301te\u0301s de Te\u0301le\u0301communications et communication ainsi que de plusieurs autres participants e\u0301taient pre\u0301sents a\u0300 ce point de presse.<\/p>\n<p>&nbsp;<\/p>\n<p><strong>Pour plus d&rsquo;informations et d&rsquo;analyses sur la <a href=\"https:\/\/www.africa-press.net\/niger\">Niger<\/a>, suivez <a href=\"https:\/\/www.africa-press.net\/\">Africa-Press<\/a><\/strong><\/p>\n","protected":false},"excerpt":{"rendered":"<p>Africa-Press &#8211; Niger. Le ministre de la Communication, des Postes et de l\u2019Economie Nume\u0301rique, M. Sidi Mohamed Raliou, a anime\u0301 un point de presse le 8 mars 2024 au centre de confe\u0301rence international Mahatma Gandhi. Ce point de presse rentre dans le cadre des pre\u0301paratifs de la 1ere e\u0301dition de la semaine du nume\u0301rique du [&hellip;]<\/p>\n","protected":false},"author":82,"featured_media":59672,"comment_status":"open","ping_status":"closed","sticky":false,"template":"","format":"standard","meta":{"footnotes":""},"categories":[3,10],"tags":[55,60,29],"class_list":["post-59674","post","type-post","status-publish","format-standard","has-post-thumbnail","hentry","category-economie","category-toutes-les-actualites","tag-africa-press","tag-africa-press-niger","tag-niger"],"yoast_head":"<!-- This site is optimized with the Yoast SEO Premium plugin v26.1 (Yoast SEO v27.0) - https:\/\/yoast.com\/product\/yoast-seo-premium-wordpress\/ -->\n<title>Premi\u00e8re \u00e9dition de la semaine du num\u00e9rique : Le ministre Sidi Mohamed Raliou annonce solennellement la tenue de l\u2019\u00e9v\u00e9nement du 18 au 20 avril - niger<\/title>\n<meta name=\"description\" content=\"Le ministre de la Communication, des Postes et de l\u2019Economie Nume\u0301rique, M. Sidi Mohamed Raliou, a anime\u0301 un point de ...\" \/>\n<meta name=\"robots\" content=\"index, follow, max-snippet:-1, max-image-preview:large, max-video-preview:-1\" \/>\n<link rel=\"canonical\" href=\"https:\/\/www.africa-press.net\/niger\/economie\/premiere-edition-de-la-semaine-du-numerique-le-ministre-sidi-mohamed-raliou-annonce-solennellement-la-tenue-de-levenement-du-18-au-20-avril\" \/>\n<meta property=\"og:locale\" content=\"fr_FR\" \/>\n<meta property=\"og:type\" content=\"article\" \/>\n<meta property=\"og:title\" content=\"Premi\u00e8re \u00e9dition de la semaine du num\u00e9rique : Le ministre Sidi Mohamed Raliou annonce solennellement la tenue de l\u2019\u00e9v\u00e9nement du 18 au 20 avril\" \/>\n<meta property=\"og:description\" content=\"Le ministre de la Communication, des Postes et de l\u2019Economie Nume\u0301rique, M. Sidi Mohamed Raliou, a anime\u0301 un point de ...\" \/>\n<meta property=\"og:url\" content=\"https:\/\/www.africa-press.net\/niger\/economie\/premiere-edition-de-la-semaine-du-numerique-le-ministre-sidi-mohamed-raliou-annonce-solennellement-la-tenue-de-levenement-du-18-au-20-avril\" \/>\n<meta property=\"og:site_name\" content=\"niger\" \/>\n<meta property=\"article:published_time\" content=\"2024-03-09T06:36:47+00:00\" \/>\n<meta property=\"article:modified_time\" content=\"2024-03-09T07:19:25+00:00\" \/>\n<meta property=\"og:image\" content=\"https:\/\/static.africa-press.net\/niger\/sites\/40\/2024\/03\/sm_1709956025.349684.jpg\" \/>\n\t<meta property=\"og:image:width\" content=\"1024\" \/>\n\t<meta property=\"og:image:height\" content=\"683\" \/>\n\t<meta property=\"og:image:type\" content=\"image\/jpeg\" \/>\n<meta name=\"author\" content=\"cfeditorfr\" \/>\n<meta name=\"twitter:card\" content=\"summary_large_image\" \/>\n<meta name=\"twitter:label1\" content=\"\u00c9crit par\" \/>\n\t<meta name=\"twitter:data1\" content=\"cfeditorfr\" \/>\n\t<meta name=\"twitter:label2\" content=\"Dur\u00e9e de lecture estim\u00e9e\" \/>\n\t<meta name=\"twitter:data2\" content=\"1 minute\" \/>\n<script type=\"application\/ld+json\" class=\"yoast-schema-graph\">{\"@context\":\"https:\/\/schema.org\",\"@graph\":[{\"@type\":\"Article\",\"@id\":\"https:\/\/www.africa-press.net\/niger\/economie\/premiere-edition-de-la-semaine-du-numerique-le-ministre-sidi-mohamed-raliou-annonce-solennellement-la-tenue-de-levenement-du-18-au-20-avril#article\",\"isPartOf\":{\"@id\":\"https:\/\/www.africa-press.net\/niger\/economie\/premiere-edition-de-la-semaine-du-numerique-le-ministre-sidi-mohamed-raliou-annonce-solennellement-la-tenue-de-levenement-du-18-au-20-avril\"},\"author\":{\"name\":\"cfeditorfr\",\"@id\":\"https:\/\/www.africa-press.net\/niger\/#\/schema\/person\/2b1cf3cd81a31e3cd26889ca66d677f1\"},\"headline\":\"Premi\u00e8re \u00e9dition de la semaine du num\u00e9rique : Le ministre Sidi Mohamed Raliou annonce solennellement la tenue de l\u2019\u00e9v\u00e9nement du 18 au 20 avril\",\"datePublished\":\"2024-03-09T06:36:47+00:00\",\"dateModified\":\"2024-03-09T07:19:25+00:00\",\"mainEntityOfPage\":{\"@id\":\"https:\/\/www.africa-press.net\/niger\/economie\/premiere-edition-de-la-semaine-du-numerique-le-ministre-sidi-mohamed-raliou-annonce-solennellement-la-tenue-de-levenement-du-18-au-20-avril\"},\"wordCount\":281,\"commentCount\":0,\"image\":{\"@id\":\"https:\/\/www.africa-press.net\/niger\/economie\/premiere-edition-de-la-semaine-du-numerique-le-ministre-sidi-mohamed-raliou-annonce-solennellement-la-tenue-de-levenement-du-18-au-20-avril#primaryimage\"},\"thumbnailUrl\":\"https:\/\/static.africa-press.net\/niger\/sites\/40\/2024\/03\/sm_1709956025.349684.jpg\",\"keywords\":[\"Africa Press\",\"Africa Press-Niger\",\"Niger\"],\"articleSection\":[\"\u00c9conomie\",\"Toutes les actualit\u00e9s\"],\"inLanguage\":\"fr-FR\",\"potentialAction\":[{\"@type\":\"CommentAction\",\"name\":\"Comment\",\"target\":[\"https:\/\/www.africa-press.net\/niger\/economie\/premiere-edition-de-la-semaine-du-numerique-le-ministre-sidi-mohamed-raliou-annonce-solennellement-la-tenue-de-levenement-du-18-au-20-avril#respond\"]}]},{\"@type\":\"WebPage\",\"@id\":\"https:\/\/www.africa-press.net\/niger\/economie\/premiere-edition-de-la-semaine-du-numerique-le-ministre-sidi-mohamed-raliou-annonce-solennellement-la-tenue-de-levenement-du-18-au-20-avril\",\"url\":\"https:\/\/www.africa-press.net\/niger\/economie\/premiere-edition-de-la-semaine-du-numerique-le-ministre-sidi-mohamed-raliou-annonce-solennellement-la-tenue-de-levenement-du-18-au-20-avril\",\"name\":\"Premi\u00e8re \u00e9dition de la semaine du num\u00e9rique : Le ministre Sidi Mohamed Raliou annonce solennellement la tenue de l\u2019\u00e9v\u00e9nement du 18 au 20 avril - niger\",\"isPartOf\":{\"@id\":\"https:\/\/www.africa-press.net\/niger\/#website\"},\"primaryImageOfPage\":{\"@id\":\"https:\/\/www.africa-press.net\/niger\/economie\/premiere-edition-de-la-semaine-du-numerique-le-ministre-sidi-mohamed-raliou-annonce-solennellement-la-tenue-de-levenement-du-18-au-20-avril#primaryimage\"},\"image\":{\"@id\":\"https:\/\/www.africa-press.net\/niger\/economie\/premiere-edition-de-la-semaine-du-numerique-le-ministre-sidi-mohamed-raliou-annonce-solennellement-la-tenue-de-levenement-du-18-au-20-avril#primaryimage\"},\"thumbnailUrl\":\"https:\/\/static.africa-press.net\/niger\/sites\/40\/2024\/03\/sm_1709956025.349684.jpg\",\"datePublished\":\"2024-03-09T06:36:47+00:00\",\"dateModified\":\"2024-03-09T07:19:25+00:00\",\"author\":{\"@id\":\"https:\/\/www.africa-press.net\/niger\/#\/schema\/person\/2b1cf3cd81a31e3cd26889ca66d677f1\"},\"description\":\"Le ministre de la Communication, des Postes et de l\u2019Economie Nume\u0301rique, M. Sidi Mohamed Raliou, a anime\u0301 un point de ...\",\"breadcrumb\":{\"@id\":\"https:\/\/www.africa-press.net\/niger\/economie\/premiere-edition-de-la-semaine-du-numerique-le-ministre-sidi-mohamed-raliou-annonce-solennellement-la-tenue-de-levenement-du-18-au-20-avril#breadcrumb\"},\"inLanguage\":\"fr-FR\",\"potentialAction\":[{\"@type\":\"ReadAction\",\"target\":[\"https:\/\/www.africa-press.net\/niger\/economie\/premiere-edition-de-la-semaine-du-numerique-le-ministre-sidi-mohamed-raliou-annonce-solennellement-la-tenue-de-levenement-du-18-au-20-avril\"]}]},{\"@type\":\"ImageObject\",\"inLanguage\":\"fr-FR\",\"@id\":\"https:\/\/www.africa-press.net\/niger\/economie\/premiere-edition-de-la-semaine-du-numerique-le-ministre-sidi-mohamed-raliou-annonce-solennellement-la-tenue-de-levenement-du-18-au-20-avril#primaryimage\",\"url\":\"https:\/\/static.africa-press.net\/niger\/sites\/40\/2024\/03\/sm_1709956025.349684.jpg\",\"contentUrl\":\"https:\/\/static.africa-press.net\/niger\/sites\/40\/2024\/03\/sm_1709956025.349684.jpg\",\"width\":1024,\"height\":683,\"caption\":\"Premi\u00e8re \u00e9dition de la semaine du num\u00e9rique : Le ministre Sidi Mohamed Raliou annonce solennellement la tenue de l\u2019\u00e9v\u00e9nement du 18 au 20 avril\"},{\"@type\":\"BreadcrumbList\",\"@id\":\"https:\/\/www.africa-press.net\/niger\/economie\/premiere-edition-de-la-semaine-du-numerique-le-ministre-sidi-mohamed-raliou-annonce-solennellement-la-tenue-de-levenement-du-18-au-20-avril#breadcrumb\",\"itemListElement\":[{\"@type\":\"ListItem\",\"position\":1,\"name\":\"Accueil\",\"item\":\"https:\/\/www.africa-press.net\/niger\/\"},{\"@type\":\"ListItem\",\"position\":2,\"name\":\"Premi\u00e8re \u00e9dition de la semaine du num\u00e9rique : Le ministre Sidi Mohamed Raliou annonce solennellement la tenue de l\u2019\u00e9v\u00e9nement du 18 au 20 avril\"}]},{\"@type\":\"WebSite\",\"@id\":\"https:\/\/www.africa-press.net\/niger\/#website\",\"url\":\"https:\/\/www.africa-press.net\/niger\/\",\"name\":\"niger\",\"description\":\"Just another Africa News Agency Sites site\",\"potentialAction\":[{\"@type\":\"SearchAction\",\"target\":{\"@type\":\"EntryPoint\",\"urlTemplate\":\"https:\/\/www.africa-press.net\/niger\/?s={search_term_string}\"},\"query-input\":{\"@type\":\"PropertyValueSpecification\",\"valueRequired\":true,\"valueName\":\"search_term_string\"}}],\"inLanguage\":\"fr-FR\"},{\"@type\":\"Person\",\"@id\":\"https:\/\/www.africa-press.net\/niger\/#\/schema\/person\/2b1cf3cd81a31e3cd26889ca66d677f1\",\"name\":\"cfeditorfr\"}]}<\/script>\n<!-- \/ Yoast SEO Premium plugin. -->","yoast_head_json":{"title":"Premi\u00e8re \u00e9dition de la semaine du num\u00e9rique : Le ministre Sidi Mohamed Raliou annonce solennellement la tenue de l\u2019\u00e9v\u00e9nement du 18 au 20 avril - niger","description":"Le ministre de la Communication, des Postes et de l\u2019Economie Nume\u0301rique, M. Sidi Mohamed Raliou, a anime\u0301 un point de ...","robots":{"index":"index","follow":"follow","max-snippet":"max-snippet:-1","max-image-preview":"max-image-preview:large","max-video-preview":"max-video-preview:-1"},"canonical":"https:\/\/www.africa-press.net\/niger\/economie\/premiere-edition-de-la-semaine-du-numerique-le-ministre-sidi-mohamed-raliou-annonce-solennellement-la-tenue-de-levenement-du-18-au-20-avril","og_locale":"fr_FR","og_type":"article","og_title":"Premi\u00e8re \u00e9dition de la semaine du num\u00e9rique : Le ministre Sidi Mohamed Raliou annonce solennellement la tenue de l\u2019\u00e9v\u00e9nement du 18 au 20 avril","og_description":"Le ministre de la Communication, des Postes et de l\u2019Economie Nume\u0301rique, M. Sidi Mohamed Raliou, a anime\u0301 un point de ...","og_url":"https:\/\/www.africa-press.net\/niger\/economie\/premiere-edition-de-la-semaine-du-numerique-le-ministre-sidi-mohamed-raliou-annonce-solennellement-la-tenue-de-levenement-du-18-au-20-avril","og_site_name":"niger","article_published_time":"2024-03-09T06:36:47+00:00","article_modified_time":"2024-03-09T07:19:25+00:00","og_image":[{"width":1024,"height":683,"url":"https:\/\/static.africa-press.net\/niger\/sites\/40\/2024\/03\/sm_1709956025.349684.jpg","type":"image\/jpeg"}],"author":"cfeditorfr","twitter_card":"summary_large_image","twitter_misc":{"\u00c9crit par":"cfeditorfr","Dur\u00e9e de lecture estim\u00e9e":"1 minute"},"schema":{"@context":"https:\/\/schema.org","@graph":[{"@type":"Article","@id":"https:\/\/www.africa-press.net\/niger\/economie\/premiere-edition-de-la-semaine-du-numerique-le-ministre-sidi-mohamed-raliou-annonce-solennellement-la-tenue-de-levenement-du-18-au-20-avril#article","isPartOf":{"@id":"https:\/\/www.africa-press.net\/niger\/economie\/premiere-edition-de-la-semaine-du-numerique-le-ministre-sidi-mohamed-raliou-annonce-solennellement-la-tenue-de-levenement-du-18-au-20-avril"},"author":{"name":"cfeditorfr","@id":"https:\/\/www.africa-press.net\/niger\/#\/schema\/person\/2b1cf3cd81a31e3cd26889ca66d677f1"},"headline":"Premi\u00e8re \u00e9dition de la semaine du num\u00e9rique : Le ministre Sidi Mohamed Raliou annonce solennellement la tenue de l\u2019\u00e9v\u00e9nement du 18 au 20 avril","datePublished":"2024-03-09T06:36:47+00:00","dateModified":"2024-03-09T07:19:25+00:00","mainEntityOfPage":{"@id":"https:\/\/www.africa-press.net\/niger\/economie\/premiere-edition-de-la-semaine-du-numerique-le-ministre-sidi-mohamed-raliou-annonce-solennellement-la-tenue-de-levenement-du-18-au-20-avril"},"wordCount":281,"commentCount":0,"image":{"@id":"https:\/\/www.africa-press.net\/niger\/economie\/premiere-edition-de-la-semaine-du-numerique-le-ministre-sidi-mohamed-raliou-annonce-solennellement-la-tenue-de-levenement-du-18-au-20-avril#primaryimage"},"thumbnailUrl":"https:\/\/static.africa-press.net\/niger\/sites\/40\/2024\/03\/sm_1709956025.349684.jpg","keywords":["Africa Press","Africa Press-Niger","Niger"],"articleSection":["\u00c9conomie","Toutes les actualit\u00e9s"],"inLanguage":"fr-FR","potentialAction":[{"@type":"CommentAction","name":"Comment","target":["https:\/\/www.africa-press.net\/niger\/economie\/premiere-edition-de-la-semaine-du-numerique-le-ministre-sidi-mohamed-raliou-annonce-solennellement-la-tenue-de-levenement-du-18-au-20-avril#respond"]}]},{"@type":"WebPage","@id":"https:\/\/www.africa-press.net\/niger\/economie\/premiere-edition-de-la-semaine-du-numerique-le-ministre-sidi-mohamed-raliou-annonce-solennellement-la-tenue-de-levenement-du-18-au-20-avril","url":"https:\/\/www.africa-press.net\/niger\/economie\/premiere-edition-de-la-semaine-du-numerique-le-ministre-sidi-mohamed-raliou-annonce-solennellement-la-tenue-de-levenement-du-18-au-20-avril","name":"Premi\u00e8re \u00e9dition de la semaine du num\u00e9rique : Le ministre Sidi Mohamed Raliou annonce solennellement la tenue de l\u2019\u00e9v\u00e9nement du 18 au 20 avril - niger","isPartOf":{"@id":"https:\/\/www.africa-press.net\/niger\/#website"},"primaryImageOfPage":{"@id":"https:\/\/www.africa-press.net\/niger\/economie\/premiere-edition-de-la-semaine-du-numerique-le-ministre-sidi-mohamed-raliou-annonce-solennellement-la-tenue-de-levenement-du-18-au-20-avril#primaryimage"},"image":{"@id":"https:\/\/www.africa-press.net\/niger\/economie\/premiere-edition-de-la-semaine-du-numerique-le-ministre-sidi-mohamed-raliou-annonce-solennellement-la-tenue-de-levenement-du-18-au-20-avril#primaryimage"},"thumbnailUrl":"https:\/\/static.africa-press.net\/niger\/sites\/40\/2024\/03\/sm_1709956025.349684.jpg","datePublished":"2024-03-09T06:36:47+00:00","dateModified":"2024-03-09T07:19:25+00:00","author":{"@id":"https:\/\/www.africa-press.net\/niger\/#\/schema\/person\/2b1cf3cd81a31e3cd26889ca66d677f1"},"description":"Le ministre de la Communication, des Postes et de l\u2019Economie Nume\u0301rique, M. Sidi Mohamed Raliou, a anime\u0301 un point de ...","breadcrumb":{"@id":"https:\/\/www.africa-press.net\/niger\/economie\/premiere-edition-de-la-semaine-du-numerique-le-ministre-sidi-mohamed-raliou-annonce-solennellement-la-tenue-de-levenement-du-18-au-20-avril#breadcrumb"},"inLanguage":"fr-FR","potentialAction":[{"@type":"ReadAction","target":["https:\/\/www.africa-press.net\/niger\/economie\/premiere-edition-de-la-semaine-du-numerique-le-ministre-sidi-mohamed-raliou-annonce-solennellement-la-tenue-de-levenement-du-18-au-20-avril"]}]},{"@type":"ImageObject","inLanguage":"fr-FR","@id":"https:\/\/www.africa-press.net\/niger\/economie\/premiere-edition-de-la-semaine-du-numerique-le-ministre-sidi-mohamed-raliou-annonce-solennellement-la-tenue-de-levenement-du-18-au-20-avril#primaryimage","url":"https:\/\/static.africa-press.net\/niger\/sites\/40\/2024\/03\/sm_1709956025.349684.jpg","contentUrl":"https:\/\/static.africa-press.net\/niger\/sites\/40\/2024\/03\/sm_1709956025.349684.jpg","width":1024,"height":683,"caption":"Premi\u00e8re \u00e9dition de la semaine du num\u00e9rique : Le ministre Sidi Mohamed Raliou annonce solennellement la tenue de l\u2019\u00e9v\u00e9nement du 18 au 20 avril"},{"@type":"BreadcrumbList","@id":"https:\/\/www.africa-press.net\/niger\/economie\/premiere-edition-de-la-semaine-du-numerique-le-ministre-sidi-mohamed-raliou-annonce-solennellement-la-tenue-de-levenement-du-18-au-20-avril#breadcrumb","itemListElement":[{"@type":"ListItem","position":1,"name":"Accueil","item":"https:\/\/www.africa-press.net\/niger\/"},{"@type":"ListItem","position":2,"name":"Premi\u00e8re \u00e9dition de la semaine du num\u00e9rique : Le ministre Sidi Mohamed Raliou annonce solennellement la tenue de l\u2019\u00e9v\u00e9nement du 18 au 20 avril"}]},{"@type":"WebSite","@id":"https:\/\/www.africa-press.net\/niger\/#website","url":"https:\/\/www.africa-press.net\/niger\/","name":"niger","description":"Just another Africa News Agency Sites site","potentialAction":[{"@type":"SearchAction","target":{"@type":"EntryPoint","urlTemplate":"https:\/\/www.africa-press.net\/niger\/?s={search_term_string}"},"query-input":{"@type":"PropertyValueSpecification","valueRequired":true,"valueName":"search_term_string"}}],"inLanguage":"fr-FR"},{"@type":"Person","@id":"https:\/\/www.africa-press.net\/niger\/#\/schema\/person\/2b1cf3cd81a31e3cd26889ca66d677f1","name":"cfeditorfr"}]}},"_links":{"self":[{"href":"https:\/\/www.africa-press.net\/niger\/wp-json\/wp\/v2\/posts\/59674","targetHints":{"allow":["GET"]}}],"collection":[{"href":"https:\/\/www.africa-press.net\/niger\/wp-json\/wp\/v2\/posts"}],"about":[{"href":"https:\/\/www.africa-press.net\/niger\/wp-json\/wp\/v2\/types\/post"}],"author":[{"embeddable":true,"href":"https:\/\/www.africa-press.net\/niger\/wp-json\/wp\/v2\/users\/82"}],"replies":[{"embeddable":true,"href":"https:\/\/www.africa-press.net\/niger\/wp-json\/wp\/v2\/comments?post=59674"}],"version-history":[{"count":0,"href":"https:\/\/www.africa-press.net\/niger\/wp-json\/wp\/v2\/posts\/59674\/revisions"}],"wp:featuredmedia":[{"embeddable":true,"href":"https:\/\/www.africa-press.net\/niger\/wp-json\/wp\/v2\/media\/59672"}],"wp:attachment":[{"href":"https:\/\/www.africa-press.net\/niger\/wp-json\/wp\/v2\/media?parent=59674"}],"wp:term":[{"taxonomy":"category","embeddable":true,"href":"https:\/\/www.africa-press.net\/niger\/wp-json\/wp\/v2\/categories?post=59674"},{"taxonomy":"post_tag","embeddable":true,"href":"https:\/\/www.africa-press.net\/niger\/wp-json\/wp\/v2\/tags?post=59674"}],"curies":[{"name":"wp","href":"https:\/\/api.w.org\/{rel}","templated":true}]}}