{"id":59676,"date":"2024-03-09T06:37:15","date_gmt":"2024-03-09T06:37:15","guid":{"rendered":"https:\/\/www.africa-press.net\/niger\/politique\/audience-a-la-primature-le-premier-ministre-recoit-une-delegation-du-fmi"},"modified":"2024-03-09T07:19:50","modified_gmt":"2024-03-09T07:19:50","slug":"audience-a-la-primature-le-premier-ministre-recoit-une-delegation-du-fmi","status":"publish","type":"post","link":"https:\/\/www.africa-press.net\/niger\/economie\/audience-a-la-primature-le-premier-ministre-recoit-une-delegation-du-fmi","title":{"rendered":"Audience \u00e0 la primature : Le Premier Ministre re\u00e7oit une d\u00e9l\u00e9gation du FMI"},"content":{"rendered":"<p><span style=\"color: #ff6600\"><strong>Africa-Press &#8211; Niger. <\/strong><\/span>Le Premier Ministre, Ministre de l\u2019E\u0301conomie et des Finances, M. Ali Mahaman Lamine Zeine a rec\u0327u en audience, le vendredi 8 mars 2024 a\u0300 son cabinet, une de\u0301le\u0301gation du Fonds Mone\u0301taire International. Au cours de cette audience, cette de\u0301le\u0301gation, qui a se\u0301journe\u0301 sur le territoire nige\u0301rien, a expose\u0301 au Premier Ministre le bilan de sa mission.<\/p>\n<p><strong>Pour plus d&rsquo;informations et d&rsquo;analyses sur la <a href=\"https:\/\/www.africa-press.net\/niger\">Niger<\/a>, suivez <a href=\"https:\/\/www.africa-press.net\/\">Africa-Press<\/a><\/strong><\/p>\n","protected":false},"excerpt":{"rendered":"<p>Africa-Press &#8211; Niger. Le Premier Ministre, Ministre de l\u2019E\u0301conomie et des Finances, M. Ali Mahaman Lamine Zeine a rec\u0327u en audience, le vendredi 8 mars 2024 a\u0300 son cabinet, une de\u0301le\u0301gation du Fonds Mone\u0301taire International. Au cours de cette audience, cette de\u0301le\u0301gation, qui a se\u0301journe\u0301 sur le territoire nige\u0301rien, a expose\u0301 au Premier Ministre le [&hellip;]<\/p>\n","protected":false},"author":82,"featured_media":59675,"comment_status":"open","ping_status":"closed","sticky":false,"template":"","format":"standard","meta":{"footnotes":""},"categories":[3,10],"tags":[55,60,29],"class_list":["post-59676","post","type-post","status-publish","format-standard","has-post-thumbnail","hentry","category-economie","category-toutes-les-actualites","tag-africa-press","tag-africa-press-niger","tag-niger"],"yoast_head":"<!-- This site is optimized with the Yoast SEO Premium plugin v26.1 (Yoast SEO v27.0) - https:\/\/yoast.com\/product\/yoast-seo-premium-wordpress\/ -->\n<title>Audience \u00e0 la primature : Le Premier Ministre re\u00e7oit une d\u00e9l\u00e9gation du FMI - niger<\/title>\n<meta name=\"description\" content=\"Le Premier Ministre, Ministre de l\u2019E\u0301conomie et des Finances, M. Ali Mahaman Lamine Zeine a rec\u0327u en audience, le vendre ...\" \/>\n<meta name=\"robots\" content=\"index, follow, max-snippet:-1, max-image-preview:large, max-video-preview:-1\" \/>\n<link rel=\"canonical\" href=\"https:\/\/www.africa-press.net\/niger\/economie\/audience-a-la-primature-le-premier-ministre-recoit-une-delegation-du-fmi\" \/>\n<meta property=\"og:locale\" content=\"fr_FR\" \/>\n<meta property=\"og:type\" content=\"article\" \/>\n<meta property=\"og:title\" content=\"Audience \u00e0 la primature : Le Premier Ministre re\u00e7oit une d\u00e9l\u00e9gation du FMI\" \/>\n<meta property=\"og:description\" content=\"Le Premier Ministre, Ministre de l\u2019E\u0301conomie et des Finances, M. Ali Mahaman Lamine Zeine a rec\u0327u en audience, le vendre ...\" \/>\n<meta property=\"og:url\" content=\"https:\/\/www.africa-press.net\/niger\/economie\/audience-a-la-primature-le-premier-ministre-recoit-une-delegation-du-fmi\" \/>\n<meta property=\"og:site_name\" content=\"niger\" \/>\n<meta property=\"article:published_time\" content=\"2024-03-09T06:37:15+00:00\" \/>\n<meta property=\"article:modified_time\" content=\"2024-03-09T07:19:50+00:00\" \/>\n<meta property=\"og:image\" content=\"https:\/\/static.africa-press.net\/niger\/sites\/40\/2024\/03\/sm_1709956047.346649.jpg\" \/>\n\t<meta property=\"og:image:width\" content=\"1024\" \/>\n\t<meta property=\"og:image:height\" content=\"682\" \/>\n\t<meta property=\"og:image:type\" content=\"image\/jpeg\" \/>\n<meta name=\"author\" content=\"cfeditorfr\" \/>\n<meta name=\"twitter:card\" content=\"summary_large_image\" \/>\n<meta name=\"twitter:label1\" content=\"\u00c9crit par\" \/>\n\t<meta name=\"twitter:data1\" content=\"cfeditorfr\" \/>\n\t<meta name=\"twitter:label2\" content=\"Dur\u00e9e de lecture estim\u00e9e\" \/>\n\t<meta name=\"twitter:data2\" content=\"1 minute\" \/>\n<script type=\"application\/ld+json\" class=\"yoast-schema-graph\">{\"@context\":\"https:\/\/schema.org\",\"@graph\":[{\"@type\":\"Article\",\"@id\":\"https:\/\/www.africa-press.net\/niger\/economie\/audience-a-la-primature-le-premier-ministre-recoit-une-delegation-du-fmi#article\",\"isPartOf\":{\"@id\":\"https:\/\/www.africa-press.net\/niger\/economie\/audience-a-la-primature-le-premier-ministre-recoit-une-delegation-du-fmi\"},\"author\":{\"name\":\"cfeditorfr\",\"@id\":\"https:\/\/www.africa-press.net\/niger\/#\/schema\/person\/2b1cf3cd81a31e3cd26889ca66d677f1\"},\"headline\":\"Audience \u00e0 la primature : Le Premier Ministre re\u00e7oit une d\u00e9l\u00e9gation du FMI\",\"datePublished\":\"2024-03-09T06:37:15+00:00\",\"dateModified\":\"2024-03-09T07:19:50+00:00\",\"mainEntityOfPage\":{\"@id\":\"https:\/\/www.africa-press.net\/niger\/economie\/audience-a-la-primature-le-premier-ministre-recoit-une-delegation-du-fmi\"},\"wordCount\":93,\"commentCount\":0,\"image\":{\"@id\":\"https:\/\/www.africa-press.net\/niger\/economie\/audience-a-la-primature-le-premier-ministre-recoit-une-delegation-du-fmi#primaryimage\"},\"thumbnailUrl\":\"https:\/\/static.africa-press.net\/niger\/sites\/40\/2024\/03\/sm_1709956047.346649.jpg\",\"keywords\":[\"Africa Press\",\"Africa Press-Niger\",\"Niger\"],\"articleSection\":[\"\u00c9conomie\",\"Toutes les actualit\u00e9s\"],\"inLanguage\":\"fr-FR\",\"potentialAction\":[{\"@type\":\"CommentAction\",\"name\":\"Comment\",\"target\":[\"https:\/\/www.africa-press.net\/niger\/economie\/audience-a-la-primature-le-premier-ministre-recoit-une-delegation-du-fmi#respond\"]}]},{\"@type\":\"WebPage\",\"@id\":\"https:\/\/www.africa-press.net\/niger\/economie\/audience-a-la-primature-le-premier-ministre-recoit-une-delegation-du-fmi\",\"url\":\"https:\/\/www.africa-press.net\/niger\/economie\/audience-a-la-primature-le-premier-ministre-recoit-une-delegation-du-fmi\",\"name\":\"Audience \u00e0 la primature : Le Premier Ministre re\u00e7oit une d\u00e9l\u00e9gation du FMI - niger\",\"isPartOf\":{\"@id\":\"https:\/\/www.africa-press.net\/niger\/#website\"},\"primaryImageOfPage\":{\"@id\":\"https:\/\/www.africa-press.net\/niger\/economie\/audience-a-la-primature-le-premier-ministre-recoit-une-delegation-du-fmi#primaryimage\"},\"image\":{\"@id\":\"https:\/\/www.africa-press.net\/niger\/economie\/audience-a-la-primature-le-premier-ministre-recoit-une-delegation-du-fmi#primaryimage\"},\"thumbnailUrl\":\"https:\/\/static.africa-press.net\/niger\/sites\/40\/2024\/03\/sm_1709956047.346649.jpg\",\"datePublished\":\"2024-03-09T06:37:15+00:00\",\"dateModified\":\"2024-03-09T07:19:50+00:00\",\"author\":{\"@id\":\"https:\/\/www.africa-press.net\/niger\/#\/schema\/person\/2b1cf3cd81a31e3cd26889ca66d677f1\"},\"description\":\"Le Premier Ministre, Ministre de l\u2019E\u0301conomie et des Finances, M. Ali Mahaman Lamine Zeine a rec\u0327u en audience, le vendre ...\",\"breadcrumb\":{\"@id\":\"https:\/\/www.africa-press.net\/niger\/economie\/audience-a-la-primature-le-premier-ministre-recoit-une-delegation-du-fmi#breadcrumb\"},\"inLanguage\":\"fr-FR\",\"potentialAction\":[{\"@type\":\"ReadAction\",\"target\":[\"https:\/\/www.africa-press.net\/niger\/economie\/audience-a-la-primature-le-premier-ministre-recoit-une-delegation-du-fmi\"]}]},{\"@type\":\"ImageObject\",\"inLanguage\":\"fr-FR\",\"@id\":\"https:\/\/www.africa-press.net\/niger\/economie\/audience-a-la-primature-le-premier-ministre-recoit-une-delegation-du-fmi#primaryimage\",\"url\":\"https:\/\/static.africa-press.net\/niger\/sites\/40\/2024\/03\/sm_1709956047.346649.jpg\",\"contentUrl\":\"https:\/\/static.africa-press.net\/niger\/sites\/40\/2024\/03\/sm_1709956047.346649.jpg\",\"width\":1024,\"height\":682,\"caption\":\"Audience \u00e0 la primature : Le Premier Ministre re\u00e7oit une d\u00e9l\u00e9gation du FMI\"},{\"@type\":\"BreadcrumbList\",\"@id\":\"https:\/\/www.africa-press.net\/niger\/economie\/audience-a-la-primature-le-premier-ministre-recoit-une-delegation-du-fmi#breadcrumb\",\"itemListElement\":[{\"@type\":\"ListItem\",\"position\":1,\"name\":\"Accueil\",\"item\":\"https:\/\/www.africa-press.net\/niger\/\"},{\"@type\":\"ListItem\",\"position\":2,\"name\":\"Audience \u00e0 la primature : Le Premier Ministre re\u00e7oit une d\u00e9l\u00e9gation du FMI\"}]},{\"@type\":\"WebSite\",\"@id\":\"https:\/\/www.africa-press.net\/niger\/#website\",\"url\":\"https:\/\/www.africa-press.net\/niger\/\",\"name\":\"niger\",\"description\":\"Just another Africa News Agency Sites site\",\"potentialAction\":[{\"@type\":\"SearchAction\",\"target\":{\"@type\":\"EntryPoint\",\"urlTemplate\":\"https:\/\/www.africa-press.net\/niger\/?s={search_term_string}\"},\"query-input\":{\"@type\":\"PropertyValueSpecification\",\"valueRequired\":true,\"valueName\":\"search_term_string\"}}],\"inLanguage\":\"fr-FR\"},{\"@type\":\"Person\",\"@id\":\"https:\/\/www.africa-press.net\/niger\/#\/schema\/person\/2b1cf3cd81a31e3cd26889ca66d677f1\",\"name\":\"cfeditorfr\"}]}<\/script>\n<!-- \/ Yoast SEO Premium plugin. -->","yoast_head_json":{"title":"Audience \u00e0 la primature : Le Premier Ministre re\u00e7oit une d\u00e9l\u00e9gation du FMI - niger","description":"Le Premier Ministre, Ministre de l\u2019E\u0301conomie et des Finances, M. Ali Mahaman Lamine Zeine a rec\u0327u en audience, le vendre ...","robots":{"index":"index","follow":"follow","max-snippet":"max-snippet:-1","max-image-preview":"max-image-preview:large","max-video-preview":"max-video-preview:-1"},"canonical":"https:\/\/www.africa-press.net\/niger\/economie\/audience-a-la-primature-le-premier-ministre-recoit-une-delegation-du-fmi","og_locale":"fr_FR","og_type":"article","og_title":"Audience \u00e0 la primature : Le Premier Ministre re\u00e7oit une d\u00e9l\u00e9gation du FMI","og_description":"Le Premier Ministre, Ministre de l\u2019E\u0301conomie et des Finances, M. Ali Mahaman Lamine Zeine a rec\u0327u en audience, le vendre ...","og_url":"https:\/\/www.africa-press.net\/niger\/economie\/audience-a-la-primature-le-premier-ministre-recoit-une-delegation-du-fmi","og_site_name":"niger","article_published_time":"2024-03-09T06:37:15+00:00","article_modified_time":"2024-03-09T07:19:50+00:00","og_image":[{"width":1024,"height":682,"url":"https:\/\/static.africa-press.net\/niger\/sites\/40\/2024\/03\/sm_1709956047.346649.jpg","type":"image\/jpeg"}],"author":"cfeditorfr","twitter_card":"summary_large_image","twitter_misc":{"\u00c9crit par":"cfeditorfr","Dur\u00e9e de lecture estim\u00e9e":"1 minute"},"schema":{"@context":"https:\/\/schema.org","@graph":[{"@type":"Article","@id":"https:\/\/www.africa-press.net\/niger\/economie\/audience-a-la-primature-le-premier-ministre-recoit-une-delegation-du-fmi#article","isPartOf":{"@id":"https:\/\/www.africa-press.net\/niger\/economie\/audience-a-la-primature-le-premier-ministre-recoit-une-delegation-du-fmi"},"author":{"name":"cfeditorfr","@id":"https:\/\/www.africa-press.net\/niger\/#\/schema\/person\/2b1cf3cd81a31e3cd26889ca66d677f1"},"headline":"Audience \u00e0 la primature : Le Premier Ministre re\u00e7oit une d\u00e9l\u00e9gation du FMI","datePublished":"2024-03-09T06:37:15+00:00","dateModified":"2024-03-09T07:19:50+00:00","mainEntityOfPage":{"@id":"https:\/\/www.africa-press.net\/niger\/economie\/audience-a-la-primature-le-premier-ministre-recoit-une-delegation-du-fmi"},"wordCount":93,"commentCount":0,"image":{"@id":"https:\/\/www.africa-press.net\/niger\/economie\/audience-a-la-primature-le-premier-ministre-recoit-une-delegation-du-fmi#primaryimage"},"thumbnailUrl":"https:\/\/static.africa-press.net\/niger\/sites\/40\/2024\/03\/sm_1709956047.346649.jpg","keywords":["Africa Press","Africa Press-Niger","Niger"],"articleSection":["\u00c9conomie","Toutes les actualit\u00e9s"],"inLanguage":"fr-FR","potentialAction":[{"@type":"CommentAction","name":"Comment","target":["https:\/\/www.africa-press.net\/niger\/economie\/audience-a-la-primature-le-premier-ministre-recoit-une-delegation-du-fmi#respond"]}]},{"@type":"WebPage","@id":"https:\/\/www.africa-press.net\/niger\/economie\/audience-a-la-primature-le-premier-ministre-recoit-une-delegation-du-fmi","url":"https:\/\/www.africa-press.net\/niger\/economie\/audience-a-la-primature-le-premier-ministre-recoit-une-delegation-du-fmi","name":"Audience \u00e0 la primature : Le Premier Ministre re\u00e7oit une d\u00e9l\u00e9gation du FMI - niger","isPartOf":{"@id":"https:\/\/www.africa-press.net\/niger\/#website"},"primaryImageOfPage":{"@id":"https:\/\/www.africa-press.net\/niger\/economie\/audience-a-la-primature-le-premier-ministre-recoit-une-delegation-du-fmi#primaryimage"},"image":{"@id":"https:\/\/www.africa-press.net\/niger\/economie\/audience-a-la-primature-le-premier-ministre-recoit-une-delegation-du-fmi#primaryimage"},"thumbnailUrl":"https:\/\/static.africa-press.net\/niger\/sites\/40\/2024\/03\/sm_1709956047.346649.jpg","datePublished":"2024-03-09T06:37:15+00:00","dateModified":"2024-03-09T07:19:50+00:00","author":{"@id":"https:\/\/www.africa-press.net\/niger\/#\/schema\/person\/2b1cf3cd81a31e3cd26889ca66d677f1"},"description":"Le Premier Ministre, Ministre de l\u2019E\u0301conomie et des Finances, M. Ali Mahaman Lamine Zeine a rec\u0327u en audience, le vendre ...","breadcrumb":{"@id":"https:\/\/www.africa-press.net\/niger\/economie\/audience-a-la-primature-le-premier-ministre-recoit-une-delegation-du-fmi#breadcrumb"},"inLanguage":"fr-FR","potentialAction":[{"@type":"ReadAction","target":["https:\/\/www.africa-press.net\/niger\/economie\/audience-a-la-primature-le-premier-ministre-recoit-une-delegation-du-fmi"]}]},{"@type":"ImageObject","inLanguage":"fr-FR","@id":"https:\/\/www.africa-press.net\/niger\/economie\/audience-a-la-primature-le-premier-ministre-recoit-une-delegation-du-fmi#primaryimage","url":"https:\/\/static.africa-press.net\/niger\/sites\/40\/2024\/03\/sm_1709956047.346649.jpg","contentUrl":"https:\/\/static.africa-press.net\/niger\/sites\/40\/2024\/03\/sm_1709956047.346649.jpg","width":1024,"height":682,"caption":"Audience \u00e0 la primature : Le Premier Ministre re\u00e7oit une d\u00e9l\u00e9gation du FMI"},{"@type":"BreadcrumbList","@id":"https:\/\/www.africa-press.net\/niger\/economie\/audience-a-la-primature-le-premier-ministre-recoit-une-delegation-du-fmi#breadcrumb","itemListElement":[{"@type":"ListItem","position":1,"name":"Accueil","item":"https:\/\/www.africa-press.net\/niger\/"},{"@type":"ListItem","position":2,"name":"Audience \u00e0 la primature : Le Premier Ministre re\u00e7oit une d\u00e9l\u00e9gation du FMI"}]},{"@type":"WebSite","@id":"https:\/\/www.africa-press.net\/niger\/#website","url":"https:\/\/www.africa-press.net\/niger\/","name":"niger","description":"Just another Africa News Agency Sites site","potentialAction":[{"@type":"SearchAction","target":{"@type":"EntryPoint","urlTemplate":"https:\/\/www.africa-press.net\/niger\/?s={search_term_string}"},"query-input":{"@type":"PropertyValueSpecification","valueRequired":true,"valueName":"search_term_string"}}],"inLanguage":"fr-FR"},{"@type":"Person","@id":"https:\/\/www.africa-press.net\/niger\/#\/schema\/person\/2b1cf3cd81a31e3cd26889ca66d677f1","name":"cfeditorfr"}]}},"_links":{"self":[{"href":"https:\/\/www.africa-press.net\/niger\/wp-json\/wp\/v2\/posts\/59676","targetHints":{"allow":["GET"]}}],"collection":[{"href":"https:\/\/www.africa-press.net\/niger\/wp-json\/wp\/v2\/posts"}],"about":[{"href":"https:\/\/www.africa-press.net\/niger\/wp-json\/wp\/v2\/types\/post"}],"author":[{"embeddable":true,"href":"https:\/\/www.africa-press.net\/niger\/wp-json\/wp\/v2\/users\/82"}],"replies":[{"embeddable":true,"href":"https:\/\/www.africa-press.net\/niger\/wp-json\/wp\/v2\/comments?post=59676"}],"version-history":[{"count":0,"href":"https:\/\/www.africa-press.net\/niger\/wp-json\/wp\/v2\/posts\/59676\/revisions"}],"wp:featuredmedia":[{"embeddable":true,"href":"https:\/\/www.africa-press.net\/niger\/wp-json\/wp\/v2\/media\/59675"}],"wp:attachment":[{"href":"https:\/\/www.africa-press.net\/niger\/wp-json\/wp\/v2\/media?parent=59676"}],"wp:term":[{"taxonomy":"category","embeddable":true,"href":"https:\/\/www.africa-press.net\/niger\/wp-json\/wp\/v2\/categories?post=59676"},{"taxonomy":"post_tag","embeddable":true,"href":"https:\/\/www.africa-press.net\/niger\/wp-json\/wp\/v2\/tags?post=59676"}],"curies":[{"name":"wp","href":"https:\/\/api.w.org\/{rel}","templated":true}]}}