{"id":59687,"date":"2024-03-09T06:16:48","date_gmt":"2024-03-09T06:16:48","guid":{"rendered":"https:\/\/www.africa-press.net\/niger\/politique\/celebration-de-la-journee-internationale-des-droits-de-la-femme-a-tahoua"},"modified":"2024-03-09T07:21:52","modified_gmt":"2024-03-09T07:21:52","slug":"celebration-de-la-journee-internationale-des-droits-de-la-femme-a-tahoua","status":"publish","type":"post","link":"https:\/\/www.africa-press.net\/niger\/toutes-les-actualites\/celebration-de-la-journee-internationale-des-droits-de-la-femme-a-tahoua","title":{"rendered":"C\u00e9l\u00e9bration de la journ\u00e9e internationale des droits de la femme \u00e0 Tahoua"},"content":{"rendered":"<p><span style=\"color: #ff6600\"><strong>Africa-Press &#8211; Niger. <\/strong><\/span>Le Gouverneur de la Re\u0301gion de Tahoua Colonel Major Oumarou Tawaye\u0301 a pre\u0301side\u0301 ce vendredi 8 mars 2024 a\u0300 l&rsquo;Universite\u0301 Djibo Hamani de Tahoua, la ce\u0301re\u0301monie de lancement des festivite\u0301s marquant la ce\u0301le\u0301bration de la journe\u0301e internationale des droits de la femme.<\/p>\n<p>Deux the\u0300mes retenus pour cette JIF 2024 sont le the\u0300me international\u00a0\u00bb Investir en faveur des femmes pour acce\u0301le\u0301rer le rythme\u00a0\u00bb et le the\u0300me national \u00ab\u00a0Entreprenariat fe\u0301minin levier d&rsquo;un de\u0301veloppement durable du Niger souverain \u00ab\u00a0. Dans son allocution a\u0300 cette occasion, le Gouverneur de la re\u0301gion de Tahoua a tout d&rsquo;abord transmis les salutations des plus hautes autorite\u0301s nige\u0301riennes.<\/p>\n<p>Il a par la suite rappele\u0301 que la comme\u0301moration de la JIF offre chaque anne\u0301e aux femmes, l&rsquo;occasion de revendiquer l&rsquo;e\u0301galite\u0301 et de faire un bilan de leur situation dans la socie\u0301te\u0301.<\/p>\n<p>Le Gouverneur a aussi saisi cette occasion pour expliquer les origines de cette ce\u0301le\u0301bration au de\u0301but du 20e sie\u0300cle en Europe et aux E\u0301tats unis, re\u0301clamant l&rsquo;e\u0301galite\u0301 de droit et l&rsquo;ame\u0301lioration des conditions de vie et du travail. Depuis 1975 selon le Gouverneur, l&rsquo;Organisation des Nations unies a adopte\u0301 cette journe\u0301e comme un moment pour ce\u0301le\u0301brer les acquis et les victoires des femmes tout en se concentrant sur les revendications actuelles pour ame\u0301liorer leurs conditions de vie dans la socie\u0301te\u0301. Selon le Gouverneur, au Niger les analyses des situations ont montre\u0301 que les indicateurs sont plus alarmants chez les femmes que les hommes. Pour y reme\u0301dier a\u0300 cette situation les autorite\u0301s ont pris un certain nombre des mesures idoines en faveur des femmes et des filles de notre pays.<\/p>\n<p>Aussi le Gouverneur a souligne\u0301 le ro\u0302le e\u0301conomique important que les femmes jouent compte tenu de leur poids de\u0301mographique qui est de 52% de la population totale. Enfin, le Gouverneur a lance\u0301 un appel a\u0300 oeuvrer pour l&rsquo;autonomisation des femmes, a\u0300 initier des actions innovantes pour faire face aux risques se\u0301curitaires et au changement climatique avant d&rsquo;adresser ses remerciements aux ONG nationales et internationales, a\u0300 la Direction re\u0301gionale de la promotion de la femme ainsi que les FDS.<\/p>\n<p>Pour sa part, le Vice Recteur de l&rsquo;Universite\u0301 Djibo Hamani de Tahoua Dr Ouma Hachimou s&rsquo;est re\u0301joui d&rsquo;accueillir cet important e\u0301ve\u0301nement. Il a brosse\u0301 les conditions peu reluisantes dans lesquelles e\u0301voluent les femmes nige\u0301riennes. Abordant les the\u0300mes de cette e\u0301dition, le Vice Recteur a affirme\u0301 que c&rsquo;est des the\u0300mes d&rsquo;actualite\u0301 qui vont faciliter la participation politique effective des femmes.<\/p>\n<p>Il a rappele\u0301 la mission de son institution qui a contribue\u0301 a\u030019% de son effectif fe\u0301minin avant de souhaiter bonne fe\u0302te aux femmes nige\u0301riennes. Quant au Directeur re\u0301gional de la promotion de la femme de Tahoua M.Allassan Issa, il a tenu a\u0300 remercier l&rsquo;Universite\u0301 qui accueille la fe\u0302te et les participants qui ont effectue\u0301 le de\u0301placement. Le Directeur a indique\u0301 que cette fe\u0302te se de\u0301roule au-dela\u0300 du Niger dans le monde entier. E\u0301voquant les the\u0300mes de cette JIF 2024 Monsieur Allassan Issa a explique\u0301 le premier the\u0300me est international auquel le Niger a adhe\u0301re\u0301 tandis que le deuxie\u0300me est national sur lequel le Niger veut mettre l&rsquo;accent sur l&rsquo;entrepreneuriat fe\u0301minin, tout ce qu&rsquo;on fait c&rsquo;est investir en faveur de la femme a-t-il pre\u0301cise\u0301.<\/p>\n<p>Elle le me\u0301rite compte tenu de son ro\u0302le productif et reproductif, a\u0300 plus de 52% ,elle me\u0301rite tous ces investissements a insiste\u0301 le responsable re\u0301gional.<\/p>\n<p>Il faut noter que les repre\u0301sentants des ONG partenaires notamment Action pour le De\u0301veloppement e\u0301conomique et social des populations (ADESP), Association pour le Bien e\u0302tre(APBE) et ADKOUL ont tour a\u0300 tour pris la parole pour pre\u0301senter leurs ONG et leurs missions aux participants.<\/p>\n<p>Il faut noter e\u0301galement que la ce\u0301re\u0301monie a e\u0301te\u0301 marque\u0301e par des slam ,skech , poe\u0300mes de\u0301die\u0301s a\u0300 la femme ainsi qu&rsquo;une confe\u0301rence de\u0301bat.<\/p>\n<p><strong>Pour plus d&rsquo;informations et d&rsquo;analyses sur la <a href=\"https:\/\/www.africa-press.net\/niger\">Niger<\/a>, suivez <a href=\"https:\/\/www.africa-press.net\/\">Africa-Press<\/a><\/strong><\/p>\n","protected":false},"excerpt":{"rendered":"<p>Africa-Press &#8211; Niger. Le Gouverneur de la Re\u0301gion de Tahoua Colonel Major Oumarou Tawaye\u0301 a pre\u0301side\u0301 ce vendredi 8 mars 2024 a\u0300 l&rsquo;Universite\u0301 Djibo Hamani de Tahoua, la ce\u0301re\u0301monie de lancement des festivite\u0301s marquant la ce\u0301le\u0301bration de la journe\u0301e internationale des droits de la femme. Deux the\u0300mes retenus pour cette JIF 2024 sont le the\u0300me [&hellip;]<\/p>\n","protected":false},"author":82,"featured_media":59685,"comment_status":"open","ping_status":"closed","sticky":false,"template":"","format":"standard","meta":{"footnotes":""},"categories":[21,10],"tags":[55,60,29],"class_list":["post-59687","post","type-post","status-publish","format-standard","has-post-thumbnail","hentry","category-communaute","category-toutes-les-actualites","tag-africa-press","tag-africa-press-niger","tag-niger"],"yoast_head":"<!-- This site is optimized with the Yoast SEO Premium plugin v26.1 (Yoast SEO v27.0) - https:\/\/yoast.com\/product\/yoast-seo-premium-wordpress\/ -->\n<title>C\u00e9l\u00e9bration de la journ\u00e9e internationale des droits de la femme \u00e0 Tahoua - niger<\/title>\n<meta name=\"description\" content=\"Le Gouverneur de la Re\u0301gion de Tahoua Colonel Major Oumarou Tawaye\u0301 a pre\u0301side\u0301 ce vendredi 8 mars 2024 a\u0300 l&#039;Universite\u0301 ...\" \/>\n<meta name=\"robots\" content=\"index, follow, max-snippet:-1, max-image-preview:large, max-video-preview:-1\" \/>\n<link rel=\"canonical\" href=\"https:\/\/www.africa-press.net\/niger\/toutes-les-actualites\/celebration-de-la-journee-internationale-des-droits-de-la-femme-a-tahoua\" \/>\n<meta property=\"og:locale\" content=\"fr_FR\" \/>\n<meta property=\"og:type\" content=\"article\" \/>\n<meta property=\"og:title\" content=\"C\u00e9l\u00e9bration de la journ\u00e9e internationale des droits de la femme \u00e0 Tahoua\" \/>\n<meta property=\"og:description\" content=\"Le Gouverneur de la Re\u0301gion de Tahoua Colonel Major Oumarou Tawaye\u0301 a pre\u0301side\u0301 ce vendredi 8 mars 2024 a\u0300 l&#039;Universite\u0301 ...\" \/>\n<meta property=\"og:url\" content=\"https:\/\/www.africa-press.net\/niger\/toutes-les-actualites\/celebration-de-la-journee-internationale-des-droits-de-la-femme-a-tahoua\" \/>\n<meta property=\"og:site_name\" content=\"niger\" \/>\n<meta property=\"article:published_time\" content=\"2024-03-09T06:16:48+00:00\" \/>\n<meta property=\"article:modified_time\" content=\"2024-03-09T07:21:52+00:00\" \/>\n<meta property=\"og:image\" content=\"https:\/\/static.africa-press.net\/niger\/sites\/40\/2024\/03\/sm_1709956163.066867.jpg\" \/>\n\t<meta property=\"og:image:width\" content=\"1024\" \/>\n\t<meta property=\"og:image:height\" content=\"768\" \/>\n\t<meta property=\"og:image:type\" content=\"image\/jpeg\" \/>\n<meta name=\"author\" content=\"cfeditorfr\" \/>\n<meta name=\"twitter:card\" content=\"summary_large_image\" \/>\n<meta name=\"twitter:label1\" content=\"\u00c9crit par\" \/>\n\t<meta name=\"twitter:data1\" content=\"cfeditorfr\" \/>\n\t<meta name=\"twitter:label2\" content=\"Dur\u00e9e de lecture estim\u00e9e\" \/>\n\t<meta name=\"twitter:data2\" content=\"4 minutes\" \/>\n<script type=\"application\/ld+json\" class=\"yoast-schema-graph\">{\"@context\":\"https:\/\/schema.org\",\"@graph\":[{\"@type\":\"Article\",\"@id\":\"https:\/\/www.africa-press.net\/niger\/toutes-les-actualites\/celebration-de-la-journee-internationale-des-droits-de-la-femme-a-tahoua#article\",\"isPartOf\":{\"@id\":\"https:\/\/www.africa-press.net\/niger\/toutes-les-actualites\/celebration-de-la-journee-internationale-des-droits-de-la-femme-a-tahoua\"},\"author\":{\"name\":\"cfeditorfr\",\"@id\":\"https:\/\/www.africa-press.net\/niger\/#\/schema\/person\/2b1cf3cd81a31e3cd26889ca66d677f1\"},\"headline\":\"C\u00e9l\u00e9bration de la journ\u00e9e internationale des droits de la femme \u00e0 Tahoua\",\"datePublished\":\"2024-03-09T06:16:48+00:00\",\"dateModified\":\"2024-03-09T07:21:52+00:00\",\"mainEntityOfPage\":{\"@id\":\"https:\/\/www.africa-press.net\/niger\/toutes-les-actualites\/celebration-de-la-journee-internationale-des-droits-de-la-femme-a-tahoua\"},\"wordCount\":740,\"commentCount\":0,\"image\":{\"@id\":\"https:\/\/www.africa-press.net\/niger\/toutes-les-actualites\/celebration-de-la-journee-internationale-des-droits-de-la-femme-a-tahoua#primaryimage\"},\"thumbnailUrl\":\"https:\/\/static.africa-press.net\/niger\/sites\/40\/2024\/03\/sm_1709956163.066867.jpg\",\"keywords\":[\"Africa Press\",\"Africa Press-Niger\",\"Niger\"],\"articleSection\":[\"Communaut\u00e9\",\"Toutes les actualit\u00e9s\"],\"inLanguage\":\"fr-FR\",\"potentialAction\":[{\"@type\":\"CommentAction\",\"name\":\"Comment\",\"target\":[\"https:\/\/www.africa-press.net\/niger\/toutes-les-actualites\/celebration-de-la-journee-internationale-des-droits-de-la-femme-a-tahoua#respond\"]}]},{\"@type\":\"WebPage\",\"@id\":\"https:\/\/www.africa-press.net\/niger\/toutes-les-actualites\/celebration-de-la-journee-internationale-des-droits-de-la-femme-a-tahoua\",\"url\":\"https:\/\/www.africa-press.net\/niger\/toutes-les-actualites\/celebration-de-la-journee-internationale-des-droits-de-la-femme-a-tahoua\",\"name\":\"C\u00e9l\u00e9bration de la journ\u00e9e internationale des droits de la femme \u00e0 Tahoua - niger\",\"isPartOf\":{\"@id\":\"https:\/\/www.africa-press.net\/niger\/#website\"},\"primaryImageOfPage\":{\"@id\":\"https:\/\/www.africa-press.net\/niger\/toutes-les-actualites\/celebration-de-la-journee-internationale-des-droits-de-la-femme-a-tahoua#primaryimage\"},\"image\":{\"@id\":\"https:\/\/www.africa-press.net\/niger\/toutes-les-actualites\/celebration-de-la-journee-internationale-des-droits-de-la-femme-a-tahoua#primaryimage\"},\"thumbnailUrl\":\"https:\/\/static.africa-press.net\/niger\/sites\/40\/2024\/03\/sm_1709956163.066867.jpg\",\"datePublished\":\"2024-03-09T06:16:48+00:00\",\"dateModified\":\"2024-03-09T07:21:52+00:00\",\"author\":{\"@id\":\"https:\/\/www.africa-press.net\/niger\/#\/schema\/person\/2b1cf3cd81a31e3cd26889ca66d677f1\"},\"description\":\"Le Gouverneur de la Re\u0301gion de Tahoua Colonel Major Oumarou Tawaye\u0301 a pre\u0301side\u0301 ce vendredi 8 mars 2024 a\u0300 l'Universite\u0301 ...\",\"breadcrumb\":{\"@id\":\"https:\/\/www.africa-press.net\/niger\/toutes-les-actualites\/celebration-de-la-journee-internationale-des-droits-de-la-femme-a-tahoua#breadcrumb\"},\"inLanguage\":\"fr-FR\",\"potentialAction\":[{\"@type\":\"ReadAction\",\"target\":[\"https:\/\/www.africa-press.net\/niger\/toutes-les-actualites\/celebration-de-la-journee-internationale-des-droits-de-la-femme-a-tahoua\"]}]},{\"@type\":\"ImageObject\",\"inLanguage\":\"fr-FR\",\"@id\":\"https:\/\/www.africa-press.net\/niger\/toutes-les-actualites\/celebration-de-la-journee-internationale-des-droits-de-la-femme-a-tahoua#primaryimage\",\"url\":\"https:\/\/static.africa-press.net\/niger\/sites\/40\/2024\/03\/sm_1709956163.066867.jpg\",\"contentUrl\":\"https:\/\/static.africa-press.net\/niger\/sites\/40\/2024\/03\/sm_1709956163.066867.jpg\",\"width\":1024,\"height\":768,\"caption\":\"C\u00e9l\u00e9bration de la journ\u00e9e internationale des droits de la femme \u00e0 Tahoua\"},{\"@type\":\"BreadcrumbList\",\"@id\":\"https:\/\/www.africa-press.net\/niger\/toutes-les-actualites\/celebration-de-la-journee-internationale-des-droits-de-la-femme-a-tahoua#breadcrumb\",\"itemListElement\":[{\"@type\":\"ListItem\",\"position\":1,\"name\":\"Accueil\",\"item\":\"https:\/\/www.africa-press.net\/niger\/\"},{\"@type\":\"ListItem\",\"position\":2,\"name\":\"C\u00e9l\u00e9bration de la journ\u00e9e internationale des droits de la femme \u00e0 Tahoua\"}]},{\"@type\":\"WebSite\",\"@id\":\"https:\/\/www.africa-press.net\/niger\/#website\",\"url\":\"https:\/\/www.africa-press.net\/niger\/\",\"name\":\"niger\",\"description\":\"Just another Africa News Agency Sites site\",\"potentialAction\":[{\"@type\":\"SearchAction\",\"target\":{\"@type\":\"EntryPoint\",\"urlTemplate\":\"https:\/\/www.africa-press.net\/niger\/?s={search_term_string}\"},\"query-input\":{\"@type\":\"PropertyValueSpecification\",\"valueRequired\":true,\"valueName\":\"search_term_string\"}}],\"inLanguage\":\"fr-FR\"},{\"@type\":\"Person\",\"@id\":\"https:\/\/www.africa-press.net\/niger\/#\/schema\/person\/2b1cf3cd81a31e3cd26889ca66d677f1\",\"name\":\"cfeditorfr\"}]}<\/script>\n<!-- \/ Yoast SEO Premium plugin. -->","yoast_head_json":{"title":"C\u00e9l\u00e9bration de la journ\u00e9e internationale des droits de la femme \u00e0 Tahoua - niger","description":"Le Gouverneur de la Re\u0301gion de Tahoua Colonel Major Oumarou Tawaye\u0301 a pre\u0301side\u0301 ce vendredi 8 mars 2024 a\u0300 l'Universite\u0301 ...","robots":{"index":"index","follow":"follow","max-snippet":"max-snippet:-1","max-image-preview":"max-image-preview:large","max-video-preview":"max-video-preview:-1"},"canonical":"https:\/\/www.africa-press.net\/niger\/toutes-les-actualites\/celebration-de-la-journee-internationale-des-droits-de-la-femme-a-tahoua","og_locale":"fr_FR","og_type":"article","og_title":"C\u00e9l\u00e9bration de la journ\u00e9e internationale des droits de la femme \u00e0 Tahoua","og_description":"Le Gouverneur de la Re\u0301gion de Tahoua Colonel Major Oumarou Tawaye\u0301 a pre\u0301side\u0301 ce vendredi 8 mars 2024 a\u0300 l'Universite\u0301 ...","og_url":"https:\/\/www.africa-press.net\/niger\/toutes-les-actualites\/celebration-de-la-journee-internationale-des-droits-de-la-femme-a-tahoua","og_site_name":"niger","article_published_time":"2024-03-09T06:16:48+00:00","article_modified_time":"2024-03-09T07:21:52+00:00","og_image":[{"width":1024,"height":768,"url":"https:\/\/static.africa-press.net\/niger\/sites\/40\/2024\/03\/sm_1709956163.066867.jpg","type":"image\/jpeg"}],"author":"cfeditorfr","twitter_card":"summary_large_image","twitter_misc":{"\u00c9crit par":"cfeditorfr","Dur\u00e9e de lecture estim\u00e9e":"4 minutes"},"schema":{"@context":"https:\/\/schema.org","@graph":[{"@type":"Article","@id":"https:\/\/www.africa-press.net\/niger\/toutes-les-actualites\/celebration-de-la-journee-internationale-des-droits-de-la-femme-a-tahoua#article","isPartOf":{"@id":"https:\/\/www.africa-press.net\/niger\/toutes-les-actualites\/celebration-de-la-journee-internationale-des-droits-de-la-femme-a-tahoua"},"author":{"name":"cfeditorfr","@id":"https:\/\/www.africa-press.net\/niger\/#\/schema\/person\/2b1cf3cd81a31e3cd26889ca66d677f1"},"headline":"C\u00e9l\u00e9bration de la journ\u00e9e internationale des droits de la femme \u00e0 Tahoua","datePublished":"2024-03-09T06:16:48+00:00","dateModified":"2024-03-09T07:21:52+00:00","mainEntityOfPage":{"@id":"https:\/\/www.africa-press.net\/niger\/toutes-les-actualites\/celebration-de-la-journee-internationale-des-droits-de-la-femme-a-tahoua"},"wordCount":740,"commentCount":0,"image":{"@id":"https:\/\/www.africa-press.net\/niger\/toutes-les-actualites\/celebration-de-la-journee-internationale-des-droits-de-la-femme-a-tahoua#primaryimage"},"thumbnailUrl":"https:\/\/static.africa-press.net\/niger\/sites\/40\/2024\/03\/sm_1709956163.066867.jpg","keywords":["Africa Press","Africa Press-Niger","Niger"],"articleSection":["Communaut\u00e9","Toutes les actualit\u00e9s"],"inLanguage":"fr-FR","potentialAction":[{"@type":"CommentAction","name":"Comment","target":["https:\/\/www.africa-press.net\/niger\/toutes-les-actualites\/celebration-de-la-journee-internationale-des-droits-de-la-femme-a-tahoua#respond"]}]},{"@type":"WebPage","@id":"https:\/\/www.africa-press.net\/niger\/toutes-les-actualites\/celebration-de-la-journee-internationale-des-droits-de-la-femme-a-tahoua","url":"https:\/\/www.africa-press.net\/niger\/toutes-les-actualites\/celebration-de-la-journee-internationale-des-droits-de-la-femme-a-tahoua","name":"C\u00e9l\u00e9bration de la journ\u00e9e internationale des droits de la femme \u00e0 Tahoua - niger","isPartOf":{"@id":"https:\/\/www.africa-press.net\/niger\/#website"},"primaryImageOfPage":{"@id":"https:\/\/www.africa-press.net\/niger\/toutes-les-actualites\/celebration-de-la-journee-internationale-des-droits-de-la-femme-a-tahoua#primaryimage"},"image":{"@id":"https:\/\/www.africa-press.net\/niger\/toutes-les-actualites\/celebration-de-la-journee-internationale-des-droits-de-la-femme-a-tahoua#primaryimage"},"thumbnailUrl":"https:\/\/static.africa-press.net\/niger\/sites\/40\/2024\/03\/sm_1709956163.066867.jpg","datePublished":"2024-03-09T06:16:48+00:00","dateModified":"2024-03-09T07:21:52+00:00","author":{"@id":"https:\/\/www.africa-press.net\/niger\/#\/schema\/person\/2b1cf3cd81a31e3cd26889ca66d677f1"},"description":"Le Gouverneur de la Re\u0301gion de Tahoua Colonel Major Oumarou Tawaye\u0301 a pre\u0301side\u0301 ce vendredi 8 mars 2024 a\u0300 l'Universite\u0301 ...","breadcrumb":{"@id":"https:\/\/www.africa-press.net\/niger\/toutes-les-actualites\/celebration-de-la-journee-internationale-des-droits-de-la-femme-a-tahoua#breadcrumb"},"inLanguage":"fr-FR","potentialAction":[{"@type":"ReadAction","target":["https:\/\/www.africa-press.net\/niger\/toutes-les-actualites\/celebration-de-la-journee-internationale-des-droits-de-la-femme-a-tahoua"]}]},{"@type":"ImageObject","inLanguage":"fr-FR","@id":"https:\/\/www.africa-press.net\/niger\/toutes-les-actualites\/celebration-de-la-journee-internationale-des-droits-de-la-femme-a-tahoua#primaryimage","url":"https:\/\/static.africa-press.net\/niger\/sites\/40\/2024\/03\/sm_1709956163.066867.jpg","contentUrl":"https:\/\/static.africa-press.net\/niger\/sites\/40\/2024\/03\/sm_1709956163.066867.jpg","width":1024,"height":768,"caption":"C\u00e9l\u00e9bration de la journ\u00e9e internationale des droits de la femme \u00e0 Tahoua"},{"@type":"BreadcrumbList","@id":"https:\/\/www.africa-press.net\/niger\/toutes-les-actualites\/celebration-de-la-journee-internationale-des-droits-de-la-femme-a-tahoua#breadcrumb","itemListElement":[{"@type":"ListItem","position":1,"name":"Accueil","item":"https:\/\/www.africa-press.net\/niger\/"},{"@type":"ListItem","position":2,"name":"C\u00e9l\u00e9bration de la journ\u00e9e internationale des droits de la femme \u00e0 Tahoua"}]},{"@type":"WebSite","@id":"https:\/\/www.africa-press.net\/niger\/#website","url":"https:\/\/www.africa-press.net\/niger\/","name":"niger","description":"Just another Africa News Agency Sites site","potentialAction":[{"@type":"SearchAction","target":{"@type":"EntryPoint","urlTemplate":"https:\/\/www.africa-press.net\/niger\/?s={search_term_string}"},"query-input":{"@type":"PropertyValueSpecification","valueRequired":true,"valueName":"search_term_string"}}],"inLanguage":"fr-FR"},{"@type":"Person","@id":"https:\/\/www.africa-press.net\/niger\/#\/schema\/person\/2b1cf3cd81a31e3cd26889ca66d677f1","name":"cfeditorfr"}]}},"_links":{"self":[{"href":"https:\/\/www.africa-press.net\/niger\/wp-json\/wp\/v2\/posts\/59687","targetHints":{"allow":["GET"]}}],"collection":[{"href":"https:\/\/www.africa-press.net\/niger\/wp-json\/wp\/v2\/posts"}],"about":[{"href":"https:\/\/www.africa-press.net\/niger\/wp-json\/wp\/v2\/types\/post"}],"author":[{"embeddable":true,"href":"https:\/\/www.africa-press.net\/niger\/wp-json\/wp\/v2\/users\/82"}],"replies":[{"embeddable":true,"href":"https:\/\/www.africa-press.net\/niger\/wp-json\/wp\/v2\/comments?post=59687"}],"version-history":[{"count":0,"href":"https:\/\/www.africa-press.net\/niger\/wp-json\/wp\/v2\/posts\/59687\/revisions"}],"wp:featuredmedia":[{"embeddable":true,"href":"https:\/\/www.africa-press.net\/niger\/wp-json\/wp\/v2\/media\/59685"}],"wp:attachment":[{"href":"https:\/\/www.africa-press.net\/niger\/wp-json\/wp\/v2\/media?parent=59687"}],"wp:term":[{"taxonomy":"category","embeddable":true,"href":"https:\/\/www.africa-press.net\/niger\/wp-json\/wp\/v2\/categories?post=59687"},{"taxonomy":"post_tag","embeddable":true,"href":"https:\/\/www.africa-press.net\/niger\/wp-json\/wp\/v2\/tags?post=59687"}],"curies":[{"name":"wp","href":"https:\/\/api.w.org\/{rel}","templated":true}]}}