{"id":59722,"date":"2024-03-11T17:13:36","date_gmt":"2024-03-11T17:13:36","guid":{"rendered":"https:\/\/www.africa-press.net\/niger\/politique\/face-a-ladversite-le-front-patriotique-pour-la-souverainete-appelle-le-peuple-a-rester-serein-et-mobilise-2"},"modified":"2024-03-11T19:54:05","modified_gmt":"2024-03-11T19:54:05","slug":"face-a-ladversite-le-front-patriotique-pour-la-souverainete-appelle-le-peuple-a-rester-serein-et-mobilise-2","status":"publish","type":"post","link":"https:\/\/www.africa-press.net\/niger\/politique\/face-a-ladversite-le-front-patriotique-pour-la-souverainete-appelle-le-peuple-a-rester-serein-et-mobilise-2","title":{"rendered":"Face \u00e0 l&rsquo;adversit\u00e9 : Le Front patriotique pour la souverainet\u00e9 appelle le peuple \u00e0 rester serein et mobilis\u00e9"},"content":{"rendered":"<p><span style=\"color: #ff6600\"><strong>Africa-Press &#8211; Niger. <\/strong><\/span>Le front patriotique pour la souverainete\u0301 a ,dans une de\u0301claration rendue publique, dans la matine\u0301e de ce samedi 09 mars 2024 a\u0300 la maison du citoyen, appele\u0301 le peuple nige\u0301rien a\u0300 rester serein et mobilise\u0301 face a\u0300 l&rsquo;adversite\u0301.<\/p>\n<p>Dans cette de\u0301claration de presse lue par Maikoul Zodi, le Front patriotique pour la souverainete\u0301 demande au CNSP de \u00ab\u00a0continuer a\u0300 e\u0301couter le peuple souverain et de traduire ses aspirations en actes concrets\u00a0\u00bb.<\/p>\n<p>\u00ab\u00a0L&rsquo;ave\u0300nement du CNSP au pouvoir en juillet 2023 a montre\u0301 a\u0300 la face du monde la fragilite\u0301 des institutions de la Re\u0301publique et leur incapacite\u0301 a\u0300 re\u0301pondre aux besoins essentiels du peuple nige\u0301rien souverain\u00a0\u00bb a-t-il poursuivi tout indiquant que\u00a0\u00bb&lsquo;ce renversement de la situation au Niger a mis en exergue les maux qui minaient le quotidien du peuple nige\u0301rien, un peuple meurtri, divise\u0301, de\u0301shonore\u0301, un peuple traumatise\u0301 et trahi, bref un peuple de\u0301pouille\u0301 de toutes ses valeurs qui fondaient jadis sa fierte\u0301\u00a0\u00bb.<\/p>\n<p>Selon Maikoul, c&rsquo;est cette situation qui explique aujourd&rsquo;hui, \u00ab\u00a0l&rsquo;engouement, l&rsquo;adhe\u0301sion a\u0300 soutenir l&rsquo;action salvatrice et libe\u0301ratrice du 26 juillet2023 par le CNSP\u00a0\u00bb.<\/p>\n<p>L&rsquo;acteur de la socie\u0301te\u0301 civile a, a\u0300 cet effet, e\u0301nume\u0301re\u0301 les actions pose\u0301es jusque-la\u0300 par le CNSP que sont la remise en cause de tous les accords de de\u0301fense avec la France, la se\u0301curisation de notre espace face aux menaces d&rsquo;invasion de la CEDEAO; la fourniture d&rsquo;e\u0301lectricite\u0301 sur l&rsquo;ensemble du territoire et cela malgre\u0301 la suspension unilate\u0301rale et sans service minimum par le Nigeria de notre contrat d&rsquo;approvisionnement; le maintien en service de notre syste\u0300me bancaire et cela malgre\u0301 le gel des avoirs impose\u0301 par l&rsquo;UEMOA.<\/p>\n<p>Pour Maikoul, ce sont ces actions qui ont favorise\u0301 l&rsquo;adhe\u0301sion du vaillant peuple nige\u0301rien.<\/p>\n<p>E\u0301voquant la sortie de l&rsquo;alliance des Etats du Sahel de la CEDEAO, il a indique\u0301 que \u00ab\u00a0la cre\u0301ation de l&rsquo;Alliance des Etats du Sahel (AES) le 16 septembre 2023, le retrait des Etats de l&rsquo;AES de la CEDEAO le 28 janvier 2024 doivent servir de lec\u0327on aux impe\u0301rialistes et leurs suppo\u0302ts, pour leur faire comprendre que la pe\u0301riode coloniale et l&rsquo;esclavagisme qui ont meurtri le peuple africain restent de\u0301sormais un lointain souvenir pour notre continent\u00a0\u00bb.<\/p>\n<p>\u00ab\u00a0Nous sommes plus que jamais et sans complexe vis-a\u0300-vis de personne, dans une dynamique de rede\u0301finition et de reconfiguration de nos relations diplomatiques, commerciales, e\u0301conomiques, mone\u0301taires, culturelles et militaires\u00a0\u00bb a-t-il laisse\u0301 entendre.<\/p>\n<p>Par conse\u0301quent, a pre\u0301conise\u0301 Maikoul, \u00ab\u00a0dans cette dynamique communautaire, nos Etats se doivent de donner des exemples de discipline, de justice sociale et de bonne gestion Interne des deniers publics, seul gage de paix et de stabilite\u0301 pour tendre vers une inte\u0301gration sous re\u0301gionale solide et compe\u0301titive a\u0300 me\u0302me de faire face aux de\u0301fis du moment et de satisfaire les besoins des populations qui y vivent\u00a0\u00bb.<\/p>\n<p>Pour toute personne ou organisation qui tente de mettre les ba\u0302tons dans les roues la marche vers cette souverainete\u0301, l&rsquo;acteur de la socie\u0301te\u0301 civile avertit, \u00ab\u00a0le Front patriotique pour la souverainete\u0301 compte saisir les juridictions compe\u0301tentes sur toutes les questions de grandeur nature en lien avec la souverainete\u0301 nationale pour que lumie\u0300re soit faite sur les dossiers bru\u0302lants\u00a0\u00bb.<\/p>\n<p>Il par, ailleurs, demande\u0301 CNSP, et au nom du be\u0301ni de Ramadan, de \u00ab\u00a0prendre des mesures ade\u0301quates pour permettre a\u0300 la communaute\u0301 musulmane de passer son jeune dans la se\u0301re\u0301nite\u0301 en s&rsquo;impliquant au maximum pour re\u0301guler les prix des produits sur le marche\u0301 et a\u0300 amener toutes les parties prenantes, chacune en ce qui la concerne a\u0300 jouer sa partition en ce moment particulier\u00a0\u00bb.<\/p>\n<p>A S&rsquo;agissant de l&rsquo;inse\u0301curite\u0301, si des avance\u0301es significatives ont e\u0301te\u0301 enregistre\u0301es sur l&rsquo;ensemble du territoire national, a releve\u0301 Maikoul Zodi, \u00ab\u00a0la situation reste encore pre\u0301occupante dans la re\u0301gion de Tillabe\u0301ri, particulie\u0300rement sur sa rive droite, du Gorouol en passant par Bankilare\u0301, Te\u0301ra, Gotheye, Torodi et Say ou\u0300 les populations restent toujours a\u0300 la merci des attaques terroristes dans cette zone dite des trois frontie\u0300res et qui ne\u0301cessite une rede\u0301finition des missions et strate\u0301gies ope\u0301rationnelles des bases militaires qui s&rsquo;y trouvent (Gorouol et Bankilare\u0301)\u00a0\u00bb.<\/p>\n<p>\u00ab\u00a0Une synergie d&rsquo;action de la part des trois E\u0301tats de l&rsquo;AES s&rsquo;impose en urgence pour e\u0301viter une catastrophe humanitaire pouvant e\u0302tre irre\u0301versible\u00a0\u00bb a-t-il sugge\u0301re\u0301.<\/p>\n<p>A cet effet, il a salue\u0301 la cre\u0301ation re\u0301cente de la Force Conjointe Unifie\u0301e des e\u0301tats membres de l&rsquo;AES charge\u0301e de lutter efficacement contre le Terrorisme.<\/p>\n<p>Abordant la question des nominations dans l&rsquo;administration publique, Maikoul de constater \u00ab\u00a0la reproduction par les autorite\u0301s de certaines tares\u00a0\u00bb.<\/p>\n<p>\u00ab\u00a0C&rsquo;est ainsi qu&rsquo;on retrouve parmi ces personnes des individus du pouvoir de\u0301chu ayant me\u0302me appele\u0301 a\u0300 une intervention militaire contre le Niger et d&rsquo;autres lie\u0301s a\u0300 des affaires scandaleuses a\u0300 la te\u0302te des institutions de la re\u0301publique\u00a0\u00bb a-t-il annonce\u0301 avant de dire assister a\u0300 \u00ab\u00a0la me\u0302me concussion, le me\u0302me passe- droit et le me\u0302me cliente\u0301lisme dans l&rsquo;attribution des marche\u0301s publics a\u0300 hauteur des milliards de francs CFA a\u0300 des officines ou des individus ayant de\u0301ja\u0300 e\u0301te\u0301 e\u0301pingle\u0301s dans de scabreuses malversations financie\u0300res\u00a0\u00bb<\/p>\n<p>Enfin, poursuit la de\u0301claration, \u00ab\u00a0l&rsquo;on assiste impuissant a\u0300 une lenteur inexplicable dans le ne\u0301cessaire remplacement des maires malgre\u0301 la dissolution de la constitution dont ils tiraient pourtant toute leur le\u0301gitimite\u0301\u00a0\u00bb. Pour le front, \u00ab\u00a0autant donc dire que le fauve est toujours dans la bergerie\u00a0\u00bb.<\/p>\n<p>Le Front Patriotique pour la souverainete\u0301 exprime sa vive pre\u0301occupation par rapport aux militaires qui continuent toujours de garder prison apre\u0300s plus de sept (7) mois de changement de re\u0301gime et pour les me\u0302mes causes ayant pourtant conduit le CNSP au pouvoir.<\/p>\n<p>Il est temps, selon le mouvement de Maikoul, que \u00ab\u00a0les militaires ayant be\u0301ne\u0301ficie\u0301 d&rsquo;un non-lieu par la justice dans le cadre des diffe\u0301rentes tentatives de coups d&rsquo;Etat avorte\u0301es soient mis dans leurs droits, c&rsquo;est le me\u0302me souci de justice qui nous anime, parlant de dossier de recrutement de jeunes douaniers qui attendent toujours le de\u0301nouement heureux de leur situation, apre\u0300s que la plus haute juridiction en matie\u0300re administrative leur ait donne\u0301 raison\u00a0\u00bb.<\/p>\n<p>Le Front patriotique pour la souverainete\u0301 demande en plus au CNSP d&rsquo;ordonner dans les plus brefs de\u0301lais \u00ab\u00a0un audit global de la gestion des ressources naturelles et minie\u0300res du Niger, les institutions de la Re\u0301publique notamment la Pre\u0301sidence, l&rsquo;Assemble\u0301e Nationale et les ministe\u0300res-cle\u0301s comme celui de la De\u0301fense et du Pe\u0301trole\u00a0\u00bb.<\/p>\n<p>Le Front patriotique pour la souverainete\u0301 appelle le peuple nige\u0301rien a\u0300 \u00ab\u00a0rester serein et mobilise\u0301, a\u0300 ne pas perdre de vue l&rsquo;essentiel de son combat pour une souverainete\u0301 et une inde\u0301pendance ve\u0301ritable qui ne fait que commencer, et d&rsquo;e\u0301viter d&rsquo;e\u0302tre embarque\u0301 dans le de\u0301bat ste\u0301rile des clans\u00a0\u00bb.<\/p>\n<p><strong>Pour plus d&rsquo;informations et d&rsquo;analyses sur la <a href=\"https:\/\/www.africa-press.net\/niger\">Niger<\/a>, suivez <a href=\"https:\/\/www.africa-press.net\/\">Africa-Press<\/a><\/strong><\/p>\n","protected":false},"excerpt":{"rendered":"<p>Africa-Press &#8211; Niger. Le front patriotique pour la souverainete\u0301 a ,dans une de\u0301claration rendue publique, dans la matine\u0301e de ce samedi 09 mars 2024 a\u0300 la maison du citoyen, appele\u0301 le peuple nige\u0301rien a\u0300 rester serein et mobilise\u0301 face a\u0300 l&rsquo;adversite\u0301. Dans cette de\u0301claration de presse lue par Maikoul Zodi, le Front patriotique pour la [&hellip;]<\/p>\n","protected":false},"author":82,"featured_media":59721,"comment_status":"open","ping_status":"closed","sticky":false,"template":"","format":"standard","meta":{"footnotes":""},"categories":[2,10],"tags":[55,60,29],"class_list":["post-59722","post","type-post","status-publish","format-standard","has-post-thumbnail","hentry","category-politique","category-toutes-les-actualites","tag-africa-press","tag-africa-press-niger","tag-niger"],"yoast_head":"<!-- This site is optimized with the Yoast SEO Premium plugin v26.1 (Yoast SEO v27.0) - https:\/\/yoast.com\/product\/yoast-seo-premium-wordpress\/ -->\n<title>Face \u00e0 l&#039;adversit\u00e9 : Le Front patriotique pour la souverainet\u00e9 appelle le peuple \u00e0 rester serein et mobilis\u00e9 - niger<\/title>\n<meta name=\"description\" content=\"Le front patriotique pour la souverainete\u0301 a ,dans une de\u0301claration rendue publique, dans la matine\u0301e de ce samedi 09 ma ...\" \/>\n<meta name=\"robots\" content=\"index, follow, max-snippet:-1, max-image-preview:large, max-video-preview:-1\" \/>\n<link rel=\"canonical\" href=\"https:\/\/www.africa-press.net\/niger\/politique\/face-a-ladversite-le-front-patriotique-pour-la-souverainete-appelle-le-peuple-a-rester-serein-et-mobilise-2\" \/>\n<meta property=\"og:locale\" content=\"fr_FR\" \/>\n<meta property=\"og:type\" content=\"article\" \/>\n<meta property=\"og:title\" content=\"Face \u00e0 l&#039;adversit\u00e9 : Le Front patriotique pour la souverainet\u00e9 appelle le peuple \u00e0 rester serein et mobilis\u00e9\" \/>\n<meta property=\"og:description\" content=\"Le front patriotique pour la souverainete\u0301 a ,dans une de\u0301claration rendue publique, dans la matine\u0301e de ce samedi 09 ma ...\" \/>\n<meta property=\"og:url\" content=\"https:\/\/www.africa-press.net\/niger\/politique\/face-a-ladversite-le-front-patriotique-pour-la-souverainete-appelle-le-peuple-a-rester-serein-et-mobilise-2\" \/>\n<meta property=\"og:site_name\" content=\"niger\" \/>\n<meta property=\"article:published_time\" content=\"2024-03-11T17:13:36+00:00\" \/>\n<meta property=\"article:modified_time\" content=\"2024-03-11T19:54:05+00:00\" \/>\n<meta property=\"og:image\" content=\"https:\/\/static.africa-press.net\/niger\/sites\/40\/2024\/03\/sm_1710167039.096343.jpg\" \/>\n\t<meta property=\"og:image:width\" content=\"1024\" \/>\n\t<meta property=\"og:image:height\" content=\"576\" \/>\n\t<meta property=\"og:image:type\" content=\"image\/jpeg\" \/>\n<meta name=\"author\" content=\"cfeditorfr\" \/>\n<meta name=\"twitter:card\" content=\"summary_large_image\" \/>\n<meta name=\"twitter:label1\" content=\"\u00c9crit par\" \/>\n\t<meta name=\"twitter:data1\" content=\"cfeditorfr\" \/>\n\t<meta name=\"twitter:label2\" content=\"Dur\u00e9e de lecture estim\u00e9e\" \/>\n\t<meta name=\"twitter:data2\" content=\"6 minutes\" \/>\n<script type=\"application\/ld+json\" class=\"yoast-schema-graph\">{\"@context\":\"https:\/\/schema.org\",\"@graph\":[{\"@type\":\"Article\",\"@id\":\"https:\/\/www.africa-press.net\/niger\/politique\/face-a-ladversite-le-front-patriotique-pour-la-souverainete-appelle-le-peuple-a-rester-serein-et-mobilise-2#article\",\"isPartOf\":{\"@id\":\"https:\/\/www.africa-press.net\/niger\/politique\/face-a-ladversite-le-front-patriotique-pour-la-souverainete-appelle-le-peuple-a-rester-serein-et-mobilise-2\"},\"author\":{\"name\":\"cfeditorfr\",\"@id\":\"https:\/\/www.africa-press.net\/niger\/#\/schema\/person\/2b1cf3cd81a31e3cd26889ca66d677f1\"},\"headline\":\"Face \u00e0 l&rsquo;adversit\u00e9 : Le Front patriotique pour la souverainet\u00e9 appelle le peuple \u00e0 rester serein et mobilis\u00e9\",\"datePublished\":\"2024-03-11T17:13:36+00:00\",\"dateModified\":\"2024-03-11T19:54:05+00:00\",\"mainEntityOfPage\":{\"@id\":\"https:\/\/www.africa-press.net\/niger\/politique\/face-a-ladversite-le-front-patriotique-pour-la-souverainete-appelle-le-peuple-a-rester-serein-et-mobilise-2\"},\"wordCount\":1248,\"commentCount\":0,\"image\":{\"@id\":\"https:\/\/www.africa-press.net\/niger\/politique\/face-a-ladversite-le-front-patriotique-pour-la-souverainete-appelle-le-peuple-a-rester-serein-et-mobilise-2#primaryimage\"},\"thumbnailUrl\":\"https:\/\/static.africa-press.net\/niger\/sites\/40\/2024\/03\/sm_1710167039.096343.jpg\",\"keywords\":[\"Africa Press\",\"Africa Press-Niger\",\"Niger\"],\"articleSection\":[\"Politique\",\"Toutes les actualit\u00e9s\"],\"inLanguage\":\"fr-FR\",\"potentialAction\":[{\"@type\":\"CommentAction\",\"name\":\"Comment\",\"target\":[\"https:\/\/www.africa-press.net\/niger\/politique\/face-a-ladversite-le-front-patriotique-pour-la-souverainete-appelle-le-peuple-a-rester-serein-et-mobilise-2#respond\"]}]},{\"@type\":\"WebPage\",\"@id\":\"https:\/\/www.africa-press.net\/niger\/politique\/face-a-ladversite-le-front-patriotique-pour-la-souverainete-appelle-le-peuple-a-rester-serein-et-mobilise-2\",\"url\":\"https:\/\/www.africa-press.net\/niger\/politique\/face-a-ladversite-le-front-patriotique-pour-la-souverainete-appelle-le-peuple-a-rester-serein-et-mobilise-2\",\"name\":\"Face \u00e0 l'adversit\u00e9 : Le Front patriotique pour la souverainet\u00e9 appelle le peuple \u00e0 rester serein et mobilis\u00e9 - niger\",\"isPartOf\":{\"@id\":\"https:\/\/www.africa-press.net\/niger\/#website\"},\"primaryImageOfPage\":{\"@id\":\"https:\/\/www.africa-press.net\/niger\/politique\/face-a-ladversite-le-front-patriotique-pour-la-souverainete-appelle-le-peuple-a-rester-serein-et-mobilise-2#primaryimage\"},\"image\":{\"@id\":\"https:\/\/www.africa-press.net\/niger\/politique\/face-a-ladversite-le-front-patriotique-pour-la-souverainete-appelle-le-peuple-a-rester-serein-et-mobilise-2#primaryimage\"},\"thumbnailUrl\":\"https:\/\/static.africa-press.net\/niger\/sites\/40\/2024\/03\/sm_1710167039.096343.jpg\",\"datePublished\":\"2024-03-11T17:13:36+00:00\",\"dateModified\":\"2024-03-11T19:54:05+00:00\",\"author\":{\"@id\":\"https:\/\/www.africa-press.net\/niger\/#\/schema\/person\/2b1cf3cd81a31e3cd26889ca66d677f1\"},\"description\":\"Le front patriotique pour la souverainete\u0301 a ,dans une de\u0301claration rendue publique, dans la matine\u0301e de ce samedi 09 ma ...\",\"breadcrumb\":{\"@id\":\"https:\/\/www.africa-press.net\/niger\/politique\/face-a-ladversite-le-front-patriotique-pour-la-souverainete-appelle-le-peuple-a-rester-serein-et-mobilise-2#breadcrumb\"},\"inLanguage\":\"fr-FR\",\"potentialAction\":[{\"@type\":\"ReadAction\",\"target\":[\"https:\/\/www.africa-press.net\/niger\/politique\/face-a-ladversite-le-front-patriotique-pour-la-souverainete-appelle-le-peuple-a-rester-serein-et-mobilise-2\"]}]},{\"@type\":\"ImageObject\",\"inLanguage\":\"fr-FR\",\"@id\":\"https:\/\/www.africa-press.net\/niger\/politique\/face-a-ladversite-le-front-patriotique-pour-la-souverainete-appelle-le-peuple-a-rester-serein-et-mobilise-2#primaryimage\",\"url\":\"https:\/\/static.africa-press.net\/niger\/sites\/40\/2024\/03\/sm_1710167039.096343.jpg\",\"contentUrl\":\"https:\/\/static.africa-press.net\/niger\/sites\/40\/2024\/03\/sm_1710167039.096343.jpg\",\"width\":1024,\"height\":576,\"caption\":\"Face \u00e0 l'adversit\u00e9 : Le Front patriotique pour la souverainet\u00e9 appelle le peuple \u00e0 rester serein et mobilis\u00e9\"},{\"@type\":\"BreadcrumbList\",\"@id\":\"https:\/\/www.africa-press.net\/niger\/politique\/face-a-ladversite-le-front-patriotique-pour-la-souverainete-appelle-le-peuple-a-rester-serein-et-mobilise-2#breadcrumb\",\"itemListElement\":[{\"@type\":\"ListItem\",\"position\":1,\"name\":\"Accueil\",\"item\":\"https:\/\/www.africa-press.net\/niger\/\"},{\"@type\":\"ListItem\",\"position\":2,\"name\":\"Face \u00e0 l&#8217;adversit\u00e9 : Le Front patriotique pour la souverainet\u00e9 appelle le peuple \u00e0 rester serein et mobilis\u00e9\"}]},{\"@type\":\"WebSite\",\"@id\":\"https:\/\/www.africa-press.net\/niger\/#website\",\"url\":\"https:\/\/www.africa-press.net\/niger\/\",\"name\":\"niger\",\"description\":\"Just another Africa News Agency Sites site\",\"potentialAction\":[{\"@type\":\"SearchAction\",\"target\":{\"@type\":\"EntryPoint\",\"urlTemplate\":\"https:\/\/www.africa-press.net\/niger\/?s={search_term_string}\"},\"query-input\":{\"@type\":\"PropertyValueSpecification\",\"valueRequired\":true,\"valueName\":\"search_term_string\"}}],\"inLanguage\":\"fr-FR\"},{\"@type\":\"Person\",\"@id\":\"https:\/\/www.africa-press.net\/niger\/#\/schema\/person\/2b1cf3cd81a31e3cd26889ca66d677f1\",\"name\":\"cfeditorfr\"}]}<\/script>\n<!-- \/ Yoast SEO Premium plugin. -->","yoast_head_json":{"title":"Face \u00e0 l'adversit\u00e9 : Le Front patriotique pour la souverainet\u00e9 appelle le peuple \u00e0 rester serein et mobilis\u00e9 - niger","description":"Le front patriotique pour la souverainete\u0301 a ,dans une de\u0301claration rendue publique, dans la matine\u0301e de ce samedi 09 ma ...","robots":{"index":"index","follow":"follow","max-snippet":"max-snippet:-1","max-image-preview":"max-image-preview:large","max-video-preview":"max-video-preview:-1"},"canonical":"https:\/\/www.africa-press.net\/niger\/politique\/face-a-ladversite-le-front-patriotique-pour-la-souverainete-appelle-le-peuple-a-rester-serein-et-mobilise-2","og_locale":"fr_FR","og_type":"article","og_title":"Face \u00e0 l'adversit\u00e9 : Le Front patriotique pour la souverainet\u00e9 appelle le peuple \u00e0 rester serein et mobilis\u00e9","og_description":"Le front patriotique pour la souverainete\u0301 a ,dans une de\u0301claration rendue publique, dans la matine\u0301e de ce samedi 09 ma ...","og_url":"https:\/\/www.africa-press.net\/niger\/politique\/face-a-ladversite-le-front-patriotique-pour-la-souverainete-appelle-le-peuple-a-rester-serein-et-mobilise-2","og_site_name":"niger","article_published_time":"2024-03-11T17:13:36+00:00","article_modified_time":"2024-03-11T19:54:05+00:00","og_image":[{"width":1024,"height":576,"url":"https:\/\/static.africa-press.net\/niger\/sites\/40\/2024\/03\/sm_1710167039.096343.jpg","type":"image\/jpeg"}],"author":"cfeditorfr","twitter_card":"summary_large_image","twitter_misc":{"\u00c9crit par":"cfeditorfr","Dur\u00e9e de lecture estim\u00e9e":"6 minutes"},"schema":{"@context":"https:\/\/schema.org","@graph":[{"@type":"Article","@id":"https:\/\/www.africa-press.net\/niger\/politique\/face-a-ladversite-le-front-patriotique-pour-la-souverainete-appelle-le-peuple-a-rester-serein-et-mobilise-2#article","isPartOf":{"@id":"https:\/\/www.africa-press.net\/niger\/politique\/face-a-ladversite-le-front-patriotique-pour-la-souverainete-appelle-le-peuple-a-rester-serein-et-mobilise-2"},"author":{"name":"cfeditorfr","@id":"https:\/\/www.africa-press.net\/niger\/#\/schema\/person\/2b1cf3cd81a31e3cd26889ca66d677f1"},"headline":"Face \u00e0 l&rsquo;adversit\u00e9 : Le Front patriotique pour la souverainet\u00e9 appelle le peuple \u00e0 rester serein et mobilis\u00e9","datePublished":"2024-03-11T17:13:36+00:00","dateModified":"2024-03-11T19:54:05+00:00","mainEntityOfPage":{"@id":"https:\/\/www.africa-press.net\/niger\/politique\/face-a-ladversite-le-front-patriotique-pour-la-souverainete-appelle-le-peuple-a-rester-serein-et-mobilise-2"},"wordCount":1248,"commentCount":0,"image":{"@id":"https:\/\/www.africa-press.net\/niger\/politique\/face-a-ladversite-le-front-patriotique-pour-la-souverainete-appelle-le-peuple-a-rester-serein-et-mobilise-2#primaryimage"},"thumbnailUrl":"https:\/\/static.africa-press.net\/niger\/sites\/40\/2024\/03\/sm_1710167039.096343.jpg","keywords":["Africa Press","Africa Press-Niger","Niger"],"articleSection":["Politique","Toutes les actualit\u00e9s"],"inLanguage":"fr-FR","potentialAction":[{"@type":"CommentAction","name":"Comment","target":["https:\/\/www.africa-press.net\/niger\/politique\/face-a-ladversite-le-front-patriotique-pour-la-souverainete-appelle-le-peuple-a-rester-serein-et-mobilise-2#respond"]}]},{"@type":"WebPage","@id":"https:\/\/www.africa-press.net\/niger\/politique\/face-a-ladversite-le-front-patriotique-pour-la-souverainete-appelle-le-peuple-a-rester-serein-et-mobilise-2","url":"https:\/\/www.africa-press.net\/niger\/politique\/face-a-ladversite-le-front-patriotique-pour-la-souverainete-appelle-le-peuple-a-rester-serein-et-mobilise-2","name":"Face \u00e0 l'adversit\u00e9 : Le Front patriotique pour la souverainet\u00e9 appelle le peuple \u00e0 rester serein et mobilis\u00e9 - niger","isPartOf":{"@id":"https:\/\/www.africa-press.net\/niger\/#website"},"primaryImageOfPage":{"@id":"https:\/\/www.africa-press.net\/niger\/politique\/face-a-ladversite-le-front-patriotique-pour-la-souverainete-appelle-le-peuple-a-rester-serein-et-mobilise-2#primaryimage"},"image":{"@id":"https:\/\/www.africa-press.net\/niger\/politique\/face-a-ladversite-le-front-patriotique-pour-la-souverainete-appelle-le-peuple-a-rester-serein-et-mobilise-2#primaryimage"},"thumbnailUrl":"https:\/\/static.africa-press.net\/niger\/sites\/40\/2024\/03\/sm_1710167039.096343.jpg","datePublished":"2024-03-11T17:13:36+00:00","dateModified":"2024-03-11T19:54:05+00:00","author":{"@id":"https:\/\/www.africa-press.net\/niger\/#\/schema\/person\/2b1cf3cd81a31e3cd26889ca66d677f1"},"description":"Le front patriotique pour la souverainete\u0301 a ,dans une de\u0301claration rendue publique, dans la matine\u0301e de ce samedi 09 ma ...","breadcrumb":{"@id":"https:\/\/www.africa-press.net\/niger\/politique\/face-a-ladversite-le-front-patriotique-pour-la-souverainete-appelle-le-peuple-a-rester-serein-et-mobilise-2#breadcrumb"},"inLanguage":"fr-FR","potentialAction":[{"@type":"ReadAction","target":["https:\/\/www.africa-press.net\/niger\/politique\/face-a-ladversite-le-front-patriotique-pour-la-souverainete-appelle-le-peuple-a-rester-serein-et-mobilise-2"]}]},{"@type":"ImageObject","inLanguage":"fr-FR","@id":"https:\/\/www.africa-press.net\/niger\/politique\/face-a-ladversite-le-front-patriotique-pour-la-souverainete-appelle-le-peuple-a-rester-serein-et-mobilise-2#primaryimage","url":"https:\/\/static.africa-press.net\/niger\/sites\/40\/2024\/03\/sm_1710167039.096343.jpg","contentUrl":"https:\/\/static.africa-press.net\/niger\/sites\/40\/2024\/03\/sm_1710167039.096343.jpg","width":1024,"height":576,"caption":"Face \u00e0 l'adversit\u00e9 : Le Front patriotique pour la souverainet\u00e9 appelle le peuple \u00e0 rester serein et mobilis\u00e9"},{"@type":"BreadcrumbList","@id":"https:\/\/www.africa-press.net\/niger\/politique\/face-a-ladversite-le-front-patriotique-pour-la-souverainete-appelle-le-peuple-a-rester-serein-et-mobilise-2#breadcrumb","itemListElement":[{"@type":"ListItem","position":1,"name":"Accueil","item":"https:\/\/www.africa-press.net\/niger\/"},{"@type":"ListItem","position":2,"name":"Face \u00e0 l&#8217;adversit\u00e9 : Le Front patriotique pour la souverainet\u00e9 appelle le peuple \u00e0 rester serein et mobilis\u00e9"}]},{"@type":"WebSite","@id":"https:\/\/www.africa-press.net\/niger\/#website","url":"https:\/\/www.africa-press.net\/niger\/","name":"niger","description":"Just another Africa News Agency Sites site","potentialAction":[{"@type":"SearchAction","target":{"@type":"EntryPoint","urlTemplate":"https:\/\/www.africa-press.net\/niger\/?s={search_term_string}"},"query-input":{"@type":"PropertyValueSpecification","valueRequired":true,"valueName":"search_term_string"}}],"inLanguage":"fr-FR"},{"@type":"Person","@id":"https:\/\/www.africa-press.net\/niger\/#\/schema\/person\/2b1cf3cd81a31e3cd26889ca66d677f1","name":"cfeditorfr"}]}},"_links":{"self":[{"href":"https:\/\/www.africa-press.net\/niger\/wp-json\/wp\/v2\/posts\/59722","targetHints":{"allow":["GET"]}}],"collection":[{"href":"https:\/\/www.africa-press.net\/niger\/wp-json\/wp\/v2\/posts"}],"about":[{"href":"https:\/\/www.africa-press.net\/niger\/wp-json\/wp\/v2\/types\/post"}],"author":[{"embeddable":true,"href":"https:\/\/www.africa-press.net\/niger\/wp-json\/wp\/v2\/users\/82"}],"replies":[{"embeddable":true,"href":"https:\/\/www.africa-press.net\/niger\/wp-json\/wp\/v2\/comments?post=59722"}],"version-history":[{"count":0,"href":"https:\/\/www.africa-press.net\/niger\/wp-json\/wp\/v2\/posts\/59722\/revisions"}],"wp:featuredmedia":[{"embeddable":true,"href":"https:\/\/www.africa-press.net\/niger\/wp-json\/wp\/v2\/media\/59721"}],"wp:attachment":[{"href":"https:\/\/www.africa-press.net\/niger\/wp-json\/wp\/v2\/media?parent=59722"}],"wp:term":[{"taxonomy":"category","embeddable":true,"href":"https:\/\/www.africa-press.net\/niger\/wp-json\/wp\/v2\/categories?post=59722"},{"taxonomy":"post_tag","embeddable":true,"href":"https:\/\/www.africa-press.net\/niger\/wp-json\/wp\/v2\/tags?post=59722"}],"curies":[{"name":"wp","href":"https:\/\/api.w.org\/{rel}","templated":true}]}}