{"id":59725,"date":"2024-03-11T17:13:27","date_gmt":"2024-03-11T17:13:27","guid":{"rendered":"https:\/\/www.africa-press.net\/niger\/politique\/niamey-lancement-de-la-campagne-niamey-ville-sure"},"modified":"2024-03-11T19:54:31","modified_gmt":"2024-03-11T19:54:31","slug":"niamey-lancement-de-la-campagne-niamey-ville-sure","status":"publish","type":"post","link":"https:\/\/www.africa-press.net\/niger\/toutes-les-actualites\/niamey-lancement-de-la-campagne-niamey-ville-sure","title":{"rendered":"Niamey : Lancement de la campagne \u00ab NIAMEY, VILLE S\u00dbRE \u00bb"},"content":{"rendered":"<p><span style=\"color: #ff6600\"><strong>Africa-Press &#8211; Niger. <\/strong><\/span>Le Secre\u0301taire Ge\u0301ne\u0301ral du Ministe\u0300re de l\u2019inte\u0301rieur lance Officiellement, ce samedi 9 mars 2024, la campagne \u00ab Niamey, ville su\u0302re \u00bb des autorite\u0301s de la ville en partenariat avec ONU femme.<\/p>\n<p>Le lancement de la pre\u0301sente campagne entre dans le cadre de la comme\u0301moration de la journe\u0301e internationale de la femme, e\u0301dition 2024.<\/p>\n<p>L&rsquo;objectif de la campagne est de contribuer a\u0300 la pre\u0301vention, et a\u0300 combattre le harce\u0300lement sexuel, les violences base\u0301es sur le genre que les femmes et les filles subissent dans les lieux publics dans la ville de Niamey.<\/p>\n<p>C&rsquo;est la Ville de Niamey qui me\u0300ne cette campagne avec l&rsquo;appui de ONU Femmes, le PNUD, I&rsquo;UNFPA, le Haut-commissariat aux Droits de l&rsquo;Homme (HCDH), la Coope\u0301ration Espagnole et la Grande Bretagne.<\/p>\n<p>Elle est mise en \u0153uvre a\u0300 travers l&rsquo;initiative<\/p>\n<p>A l&rsquo;occasion de la Journe\u0301e Internationale de la Femme ce\u0301le\u0301bre\u0301e cette anne\u0301e autour du the\u0300me \u00ab Investir en faveur des femmes: acce\u0301le\u0301rer le rythme \u00bb, le premier responsable de la ville de Niamey, le maire pre\u0301sident du conseil de ville de Niamey, M. Oumarou Dogari a tout d&rsquo;abord souhaite\u0301 la chaleureuse bienvenue a\u0300 cette ce\u0301re\u0301monie de lancement et remercie\u0301 les autorite\u0301s, et partenaires.<\/p>\n<p>Selon M. Dogari \u2018\u2019la ce\u0301re\u0301monie de lancement de la campagne Niamey Ville su\u0302re se passe dans un climat marque\u0301 par un contexte socio-politique et e\u0301conomique assez complexe dans le pays\u00a0\u00bb.<\/p>\n<p>Ainsi, \u2018\u2019acce\u0301le\u0301rer le rythme de l&rsquo;investissement en faveur des femmes et des filles voudrait aussi signifier investir pour rendre nos villes et nos espaces su\u0302rs pour ces braves femmes et filles qui malgre\u0301 le contexte complexe, se tiennent de\u0301bout pour la souverainete\u0301 de leur pays, le Niger \u2018\u2019.<\/p>\n<p>Le choix du the\u0300me , a poursuivi M. Le Maire \u2018\u2019 au niveau national \u00ab Entreprenariat fe\u0301minin: levier d&rsquo;un de\u0301veloppement durable d&rsquo;un Niger souverain \u00bb pour la ce\u0301le\u0301bration du 8 mars 2024 n&rsquo;est donc pas fortuit\u00a0\u00bb.<\/p>\n<p>En effet, a dit le Maire Dogari, \u00ab\u00a0la pleine autonomisation des femmes et des filles passe d&rsquo;abord dans leur libre fre\u0301quentation des espaces publics comme les marche\u0301s, les e\u0301tablissements scolaires, les lieux de travail, les espaces verts, l&rsquo;utilisation des transports publics et bien d&rsquo;autres\u00a0\u00bb.<\/p>\n<p>\u2018&rsquo;Forte de ce constat, la Ville de Niamey s&rsquo;est engage\u0301e et fait de\u0301sormais partie, en 2023, des 30 villes membres de l&rsquo;initiative mondiale des \u00ab\u00a0Villes su\u0302res et espaces publics su\u0302rs\u00a0\u00bb pilote\u0301e par ONU Femmes depuis 2023.<\/p>\n<p>Ce partenariat en faveur donc des femmes et des filles du Niger entre ONU Femmes et la ville de Niamey sera davantage renforce\u0301 par la signature dans les moments qui suivront d&rsquo;un accord de partenariat en vue de faire de Niamey, une ville su\u0302re pour la population en ge\u0301ne\u0301ral et les femmes et les filles en particulier\u2019\u2019 a annonce\u0301 le premier responsable de la ville de Niamey pour qui \u00ab\u00a0ce 09 mars marquera le de\u0301but de ladite campagne rentrant ainsi dans les festivite\u0301s du 8 mars et prendra fin le 13 Mai qui est la Journe\u0301e Nationale de la Femme Nige\u0301rienne\u00a0\u00bb.<\/p>\n<p>Ainsi, environ 2 mois durant, les Ambassadeurs sensibiliseront les emprunteurs de leurs taxis sur toute l&rsquo;e\u0301tendue du territoire de la Ville de Niamey.<\/p>\n<p>\u00ab\u00a0Pendant cette pe\u0301riode, la ville de Niamey et ONU Femmes poursuivront avec l&rsquo;e\u0301tude de base pour la mise en place du programme adapte\u0301 aux re\u0301alite\u0301s du Niger tout en s&rsquo;inspirant des mode\u0300les des villes ayant re\u0301ussi a\u0300 mettre en \u0153uvre des programmes innovants et ayant escompte\u0301 des re\u0301sultats notables \u2018\u2019 a-t-il indique\u0301.<\/p>\n<p>Pre\u0301sent en cette me\u0302me occasion, le gouverneur de la re\u0301gion de Niamey, le Ge\u0301ne\u0301ral de Brigade Assoumane Abdou Harouna s&rsquo;est re\u0301joui du fait que \u00ab\u00a0le Niger a rejoint le rang des pays be\u0301ne\u0301ficiaires dudit programme en 2023 avec Niamey comme ville pilote et qui \u0153uvre pour de\u0301velopper et asseoir son programme pays sur la base des re\u0301sultats de l&rsquo;e\u0301tude de re\u0301fe\u0301rence de\u0301ja\u0300 amorce\u0301e\u00a0\u00bb.<\/p>\n<p>L&rsquo;initiative \u00ab\u00a0TAXIMEN AMBASSADEUR NIAMEY, VILLE SU\u0302RE\u00a0\u00bb est un mode\u0300le re\u0301ussi de promotion de la masculinite\u0301 positive dans la lutte contre les Violences Base\u0301es sur le Genre (VBG), qui sera mise a\u0300 l&rsquo;e\u0301chelle a\u0300 travers le programme \u00ab\u00a0villes su\u0302res et espaces publics su\u0302rs\u00a0\u00bb.<\/p>\n<p>\u00ab\u00a0L&rsquo; objectif de cette campagne cadre parfaitement avec la vision des plus hautes autorite\u0301s de notre pays au premier rang desquelles Son Excellence Le Ge\u0301ne\u0301ral de Brigade Abdourahamane Tiani, Pre\u0301sident du Conseil National pour la Sauvegarde de la Patrie (CNSP), Chef de l&rsquo;Etat\u00a0\u00bb a souligne\u0301 le gouverneur de Niamey qui a tenu a\u0300 re\u0301ite\u0301rer une fois de plus, au nom de la re\u0301gion de Niamey, ses since\u0300res remerciements aux \u00ab\u00a0vaillantes femmes de Niamey ; combattantes des premie\u0300res heures pour la souverainete\u0301 nationale et l&rsquo;inde\u0301pendance ve\u0301ritable \u2018\u2019.<\/p>\n<p>Pour la repre\u0301sentante re\u0301sidente de ONU FEMMES\/Niger, Mme. Rachel Djangone\u0301-MIAN \u2018&rsquo;cet e\u0301ve\u0300nement vise non seulement a\u0300 lancer la \u00ab Campagne Niamey, Ville Su\u0302re \u00bb a\u0300 travers l\u2019Initiative \u00ab Taximen Ambassadeurs \u00bb, mais surtout a\u0300 ce\u0301le\u0301brer l\u2019adhe\u0301sion, en novembre 2023, de la ville de Niamey a\u0300 l\u2019initiative globale des villes et espaces publics su\u0302rs tout en re\u0301ite\u0301rant son engagement en faveur des femmes.<\/p>\n<p>Ce programme, lance\u0301 en 2008, est mis en \u0153uvre dans plus de 30 villes a\u0300 travers le monde, dont plus de 10 en Afrique, et est une initiative mondiale pilote\u0301e par ONU Femmes en partenariat avec les collectivite\u0301s territoriales.<\/p>\n<p>Elle a alors appele\u0301 les autorite\u0301s nationales et locales ainsi que les partenaires techniques et financiers du Niger et de la Ville de Niamey, a\u0300 \u00ab\u00a0tenir ve\u0301ritablement compte des besoins spe\u0301cifiques des femmes et des filles lors des conceptions et e\u0301laborations des politiques, strate\u0301gies et programmes de de\u0301veloppement\u00a0\u00bb car \u00ab\u00a0cela permettra sans nul doute d\u2019ame\u0301liorer le statut des femmes et filles, d&rsquo;acce\u0301le\u0301rer l\u2019e\u0301galite\u0301 de chance entre les femmes et les hommes, et de garantir un de\u0301veloppement durable et inclusif du pays dans tous les domaines\u00a0\u00bb.<\/p>\n<p>Enfin, Mme Rachel Djandgone\u0301 Mian a saisi cette occasion pour transmettre ses remerciements renouvele\u0301s et encouragements aux autorite\u0301s du Niger, pour tous les multiples efforts et initiatives au profit des populations du Niger, notamment, les femmes et les filles.<\/p>\n<p>Pour M. Samaila Idi Dan Bouzou Secre\u0301taire ge\u0301ne\u0301ral Repre\u0301sentant le Ministre d\u2019Etat, ministre de l&rsquo;inte\u0301rieur de la se\u0301curite\u0301 publique et de l\u2019administration \u2018\u2019ce 09 Mars marque le de\u0301but de la<\/p>\n<p>campagne en marge de la Journe\u0301e Internationale de la Femme au 13 Mai marquant sa fin en marge de la Journe\u0301e Nationale de la Femme Nige\u0301rienne.<\/p>\n<p>Le Niger a rejoint le rang des pays be\u0301ne\u0301ficiaires dudit programme en 2023 avec Niamey comme ville pilote et \u0153uvre pour de\u0301velopper et asseoir son programme pays sur la base des re\u0301sultats de l&rsquo;e\u0301tude de re\u0301fe\u0301rence de\u0301ja\u0300 amorce\u0301e d&rsquo;ou\u0300 ce lancement de la campagne &gt;.<\/p>\n<p>Il a invite\u0301 \u2018\u2019les autres collectivite\u0301s territoriales du Niger a\u0300 emboi\u0302ter le pas a\u0300 la Ville de Niamey pour l&rsquo;e\u0301limination de toutes formes de violence faites aux femmes et aux filles et de toutes les villes et espaces publiques du Niger, des lieux su\u0302rs pour la pleine autonomisation des femmes \u2018\u2019.<\/p>\n<p>Le Secre\u0301taire Ge\u0301ne\u0301ral du ministe\u0300re de l&rsquo;inte\u0301rieur a assure\u0301 le public du fait que le CNSP et le gouvernement ne me\u0301nageront aucun effort pour la re\u0301ussite de cette inge\u0301nieuse initiative pour l&rsquo;e\u0301panouissement des femmes et des jeunes filles dans des espaces su\u0302rs a\u0300 Niamey et dans tout le pays.<\/p>\n<p><strong>Pour plus d&rsquo;informations et d&rsquo;analyses sur la <a href=\"https:\/\/www.africa-press.net\/niger\">Niger<\/a>, suivez <a href=\"https:\/\/www.africa-press.net\/\">Africa-Press<\/a><\/strong><\/p>\n","protected":false},"excerpt":{"rendered":"<p>Africa-Press &#8211; Niger. Le Secre\u0301taire Ge\u0301ne\u0301ral du Ministe\u0300re de l\u2019inte\u0301rieur lance Officiellement, ce samedi 9 mars 2024, la campagne \u00ab Niamey, ville su\u0302re \u00bb des autorite\u0301s de la ville en partenariat avec ONU femme. Le lancement de la pre\u0301sente campagne entre dans le cadre de la comme\u0301moration de la journe\u0301e internationale de la femme, e\u0301dition [&hellip;]<\/p>\n","protected":false},"author":82,"featured_media":59724,"comment_status":"open","ping_status":"closed","sticky":false,"template":"","format":"standard","meta":{"footnotes":""},"categories":[21,10],"tags":[55,60,29],"class_list":["post-59725","post","type-post","status-publish","format-standard","has-post-thumbnail","hentry","category-communaute","category-toutes-les-actualites","tag-africa-press","tag-africa-press-niger","tag-niger"],"yoast_head":"<!-- This site is optimized with the Yoast SEO Premium plugin v26.1 (Yoast SEO v27.0) - https:\/\/yoast.com\/product\/yoast-seo-premium-wordpress\/ -->\n<title>Niamey : Lancement de la campagne \u00ab NIAMEY, VILLE S\u00dbRE \u00bb - niger<\/title>\n<meta name=\"description\" content=\"Le Secre\u0301taire Ge\u0301ne\u0301ral du Ministe\u0300re de l\u2019inte\u0301rieur lance Officiellement, ce samedi 9 mars 2024, la campagne \u00ab Niamey ...\" \/>\n<meta name=\"robots\" content=\"index, follow, max-snippet:-1, max-image-preview:large, max-video-preview:-1\" \/>\n<link rel=\"canonical\" href=\"https:\/\/www.africa-press.net\/niger\/toutes-les-actualites\/niamey-lancement-de-la-campagne-niamey-ville-sure\" \/>\n<meta property=\"og:locale\" content=\"fr_FR\" \/>\n<meta property=\"og:type\" content=\"article\" \/>\n<meta property=\"og:title\" content=\"Niamey : Lancement de la campagne \u00ab NIAMEY, VILLE S\u00dbRE \u00bb\" \/>\n<meta property=\"og:description\" content=\"Le Secre\u0301taire Ge\u0301ne\u0301ral du Ministe\u0300re de l\u2019inte\u0301rieur lance Officiellement, ce samedi 9 mars 2024, la campagne \u00ab Niamey ...\" \/>\n<meta property=\"og:url\" content=\"https:\/\/www.africa-press.net\/niger\/toutes-les-actualites\/niamey-lancement-de-la-campagne-niamey-ville-sure\" \/>\n<meta property=\"og:site_name\" content=\"niger\" \/>\n<meta property=\"article:published_time\" content=\"2024-03-11T17:13:27+00:00\" \/>\n<meta property=\"article:modified_time\" content=\"2024-03-11T19:54:31+00:00\" \/>\n<meta property=\"og:image\" content=\"https:\/\/static.africa-press.net\/niger\/sites\/40\/2024\/03\/sm_1710167998.330347.jpg\" \/>\n\t<meta property=\"og:image:width\" content=\"1556\" \/>\n\t<meta property=\"og:image:height\" content=\"1038\" \/>\n\t<meta property=\"og:image:type\" content=\"image\/jpeg\" \/>\n<meta name=\"author\" content=\"cfeditorfr\" \/>\n<meta name=\"twitter:card\" content=\"summary_large_image\" \/>\n<meta name=\"twitter:label1\" content=\"\u00c9crit par\" \/>\n\t<meta name=\"twitter:data1\" content=\"cfeditorfr\" \/>\n\t<meta name=\"twitter:label2\" content=\"Dur\u00e9e de lecture estim\u00e9e\" \/>\n\t<meta name=\"twitter:data2\" content=\"7 minutes\" \/>\n<script type=\"application\/ld+json\" class=\"yoast-schema-graph\">{\"@context\":\"https:\/\/schema.org\",\"@graph\":[{\"@type\":\"Article\",\"@id\":\"https:\/\/www.africa-press.net\/niger\/toutes-les-actualites\/niamey-lancement-de-la-campagne-niamey-ville-sure#article\",\"isPartOf\":{\"@id\":\"https:\/\/www.africa-press.net\/niger\/toutes-les-actualites\/niamey-lancement-de-la-campagne-niamey-ville-sure\"},\"author\":{\"name\":\"cfeditorfr\",\"@id\":\"https:\/\/www.africa-press.net\/niger\/#\/schema\/person\/2b1cf3cd81a31e3cd26889ca66d677f1\"},\"headline\":\"Niamey : Lancement de la campagne \u00ab NIAMEY, VILLE S\u00dbRE \u00bb\",\"datePublished\":\"2024-03-11T17:13:27+00:00\",\"dateModified\":\"2024-03-11T19:54:31+00:00\",\"mainEntityOfPage\":{\"@id\":\"https:\/\/www.africa-press.net\/niger\/toutes-les-actualites\/niamey-lancement-de-la-campagne-niamey-ville-sure\"},\"wordCount\":1367,\"commentCount\":0,\"image\":{\"@id\":\"https:\/\/www.africa-press.net\/niger\/toutes-les-actualites\/niamey-lancement-de-la-campagne-niamey-ville-sure#primaryimage\"},\"thumbnailUrl\":\"https:\/\/static.africa-press.net\/niger\/sites\/40\/2024\/03\/sm_1710167998.330347.jpg\",\"keywords\":[\"Africa Press\",\"Africa Press-Niger\",\"Niger\"],\"articleSection\":[\"Communaut\u00e9\",\"Toutes les actualit\u00e9s\"],\"inLanguage\":\"fr-FR\",\"potentialAction\":[{\"@type\":\"CommentAction\",\"name\":\"Comment\",\"target\":[\"https:\/\/www.africa-press.net\/niger\/toutes-les-actualites\/niamey-lancement-de-la-campagne-niamey-ville-sure#respond\"]}]},{\"@type\":\"WebPage\",\"@id\":\"https:\/\/www.africa-press.net\/niger\/toutes-les-actualites\/niamey-lancement-de-la-campagne-niamey-ville-sure\",\"url\":\"https:\/\/www.africa-press.net\/niger\/toutes-les-actualites\/niamey-lancement-de-la-campagne-niamey-ville-sure\",\"name\":\"Niamey : Lancement de la campagne \u00ab NIAMEY, VILLE S\u00dbRE \u00bb - niger\",\"isPartOf\":{\"@id\":\"https:\/\/www.africa-press.net\/niger\/#website\"},\"primaryImageOfPage\":{\"@id\":\"https:\/\/www.africa-press.net\/niger\/toutes-les-actualites\/niamey-lancement-de-la-campagne-niamey-ville-sure#primaryimage\"},\"image\":{\"@id\":\"https:\/\/www.africa-press.net\/niger\/toutes-les-actualites\/niamey-lancement-de-la-campagne-niamey-ville-sure#primaryimage\"},\"thumbnailUrl\":\"https:\/\/static.africa-press.net\/niger\/sites\/40\/2024\/03\/sm_1710167998.330347.jpg\",\"datePublished\":\"2024-03-11T17:13:27+00:00\",\"dateModified\":\"2024-03-11T19:54:31+00:00\",\"author\":{\"@id\":\"https:\/\/www.africa-press.net\/niger\/#\/schema\/person\/2b1cf3cd81a31e3cd26889ca66d677f1\"},\"description\":\"Le Secre\u0301taire Ge\u0301ne\u0301ral du Ministe\u0300re de l\u2019inte\u0301rieur lance Officiellement, ce samedi 9 mars 2024, la campagne \u00ab Niamey ...\",\"breadcrumb\":{\"@id\":\"https:\/\/www.africa-press.net\/niger\/toutes-les-actualites\/niamey-lancement-de-la-campagne-niamey-ville-sure#breadcrumb\"},\"inLanguage\":\"fr-FR\",\"potentialAction\":[{\"@type\":\"ReadAction\",\"target\":[\"https:\/\/www.africa-press.net\/niger\/toutes-les-actualites\/niamey-lancement-de-la-campagne-niamey-ville-sure\"]}]},{\"@type\":\"ImageObject\",\"inLanguage\":\"fr-FR\",\"@id\":\"https:\/\/www.africa-press.net\/niger\/toutes-les-actualites\/niamey-lancement-de-la-campagne-niamey-ville-sure#primaryimage\",\"url\":\"https:\/\/static.africa-press.net\/niger\/sites\/40\/2024\/03\/sm_1710167998.330347.jpg\",\"contentUrl\":\"https:\/\/static.africa-press.net\/niger\/sites\/40\/2024\/03\/sm_1710167998.330347.jpg\",\"width\":1556,\"height\":1038,\"caption\":\"Niamey : Lancement de la campagne \u00ab NIAMEY, VILLE S\u00dbRE \u00bb\"},{\"@type\":\"BreadcrumbList\",\"@id\":\"https:\/\/www.africa-press.net\/niger\/toutes-les-actualites\/niamey-lancement-de-la-campagne-niamey-ville-sure#breadcrumb\",\"itemListElement\":[{\"@type\":\"ListItem\",\"position\":1,\"name\":\"Accueil\",\"item\":\"https:\/\/www.africa-press.net\/niger\/\"},{\"@type\":\"ListItem\",\"position\":2,\"name\":\"Niamey : Lancement de la campagne \u00ab NIAMEY, VILLE S\u00dbRE \u00bb\"}]},{\"@type\":\"WebSite\",\"@id\":\"https:\/\/www.africa-press.net\/niger\/#website\",\"url\":\"https:\/\/www.africa-press.net\/niger\/\",\"name\":\"niger\",\"description\":\"Just another Africa News Agency Sites site\",\"potentialAction\":[{\"@type\":\"SearchAction\",\"target\":{\"@type\":\"EntryPoint\",\"urlTemplate\":\"https:\/\/www.africa-press.net\/niger\/?s={search_term_string}\"},\"query-input\":{\"@type\":\"PropertyValueSpecification\",\"valueRequired\":true,\"valueName\":\"search_term_string\"}}],\"inLanguage\":\"fr-FR\"},{\"@type\":\"Person\",\"@id\":\"https:\/\/www.africa-press.net\/niger\/#\/schema\/person\/2b1cf3cd81a31e3cd26889ca66d677f1\",\"name\":\"cfeditorfr\"}]}<\/script>\n<!-- \/ Yoast SEO Premium plugin. -->","yoast_head_json":{"title":"Niamey : Lancement de la campagne \u00ab NIAMEY, VILLE S\u00dbRE \u00bb - niger","description":"Le Secre\u0301taire Ge\u0301ne\u0301ral du Ministe\u0300re de l\u2019inte\u0301rieur lance Officiellement, ce samedi 9 mars 2024, la campagne \u00ab Niamey ...","robots":{"index":"index","follow":"follow","max-snippet":"max-snippet:-1","max-image-preview":"max-image-preview:large","max-video-preview":"max-video-preview:-1"},"canonical":"https:\/\/www.africa-press.net\/niger\/toutes-les-actualites\/niamey-lancement-de-la-campagne-niamey-ville-sure","og_locale":"fr_FR","og_type":"article","og_title":"Niamey : Lancement de la campagne \u00ab NIAMEY, VILLE S\u00dbRE \u00bb","og_description":"Le Secre\u0301taire Ge\u0301ne\u0301ral du Ministe\u0300re de l\u2019inte\u0301rieur lance Officiellement, ce samedi 9 mars 2024, la campagne \u00ab Niamey ...","og_url":"https:\/\/www.africa-press.net\/niger\/toutes-les-actualites\/niamey-lancement-de-la-campagne-niamey-ville-sure","og_site_name":"niger","article_published_time":"2024-03-11T17:13:27+00:00","article_modified_time":"2024-03-11T19:54:31+00:00","og_image":[{"width":1556,"height":1038,"url":"https:\/\/static.africa-press.net\/niger\/sites\/40\/2024\/03\/sm_1710167998.330347.jpg","type":"image\/jpeg"}],"author":"cfeditorfr","twitter_card":"summary_large_image","twitter_misc":{"\u00c9crit par":"cfeditorfr","Dur\u00e9e de lecture estim\u00e9e":"7 minutes"},"schema":{"@context":"https:\/\/schema.org","@graph":[{"@type":"Article","@id":"https:\/\/www.africa-press.net\/niger\/toutes-les-actualites\/niamey-lancement-de-la-campagne-niamey-ville-sure#article","isPartOf":{"@id":"https:\/\/www.africa-press.net\/niger\/toutes-les-actualites\/niamey-lancement-de-la-campagne-niamey-ville-sure"},"author":{"name":"cfeditorfr","@id":"https:\/\/www.africa-press.net\/niger\/#\/schema\/person\/2b1cf3cd81a31e3cd26889ca66d677f1"},"headline":"Niamey : Lancement de la campagne \u00ab NIAMEY, VILLE S\u00dbRE \u00bb","datePublished":"2024-03-11T17:13:27+00:00","dateModified":"2024-03-11T19:54:31+00:00","mainEntityOfPage":{"@id":"https:\/\/www.africa-press.net\/niger\/toutes-les-actualites\/niamey-lancement-de-la-campagne-niamey-ville-sure"},"wordCount":1367,"commentCount":0,"image":{"@id":"https:\/\/www.africa-press.net\/niger\/toutes-les-actualites\/niamey-lancement-de-la-campagne-niamey-ville-sure#primaryimage"},"thumbnailUrl":"https:\/\/static.africa-press.net\/niger\/sites\/40\/2024\/03\/sm_1710167998.330347.jpg","keywords":["Africa Press","Africa Press-Niger","Niger"],"articleSection":["Communaut\u00e9","Toutes les actualit\u00e9s"],"inLanguage":"fr-FR","potentialAction":[{"@type":"CommentAction","name":"Comment","target":["https:\/\/www.africa-press.net\/niger\/toutes-les-actualites\/niamey-lancement-de-la-campagne-niamey-ville-sure#respond"]}]},{"@type":"WebPage","@id":"https:\/\/www.africa-press.net\/niger\/toutes-les-actualites\/niamey-lancement-de-la-campagne-niamey-ville-sure","url":"https:\/\/www.africa-press.net\/niger\/toutes-les-actualites\/niamey-lancement-de-la-campagne-niamey-ville-sure","name":"Niamey : Lancement de la campagne \u00ab NIAMEY, VILLE S\u00dbRE \u00bb - niger","isPartOf":{"@id":"https:\/\/www.africa-press.net\/niger\/#website"},"primaryImageOfPage":{"@id":"https:\/\/www.africa-press.net\/niger\/toutes-les-actualites\/niamey-lancement-de-la-campagne-niamey-ville-sure#primaryimage"},"image":{"@id":"https:\/\/www.africa-press.net\/niger\/toutes-les-actualites\/niamey-lancement-de-la-campagne-niamey-ville-sure#primaryimage"},"thumbnailUrl":"https:\/\/static.africa-press.net\/niger\/sites\/40\/2024\/03\/sm_1710167998.330347.jpg","datePublished":"2024-03-11T17:13:27+00:00","dateModified":"2024-03-11T19:54:31+00:00","author":{"@id":"https:\/\/www.africa-press.net\/niger\/#\/schema\/person\/2b1cf3cd81a31e3cd26889ca66d677f1"},"description":"Le Secre\u0301taire Ge\u0301ne\u0301ral du Ministe\u0300re de l\u2019inte\u0301rieur lance Officiellement, ce samedi 9 mars 2024, la campagne \u00ab Niamey ...","breadcrumb":{"@id":"https:\/\/www.africa-press.net\/niger\/toutes-les-actualites\/niamey-lancement-de-la-campagne-niamey-ville-sure#breadcrumb"},"inLanguage":"fr-FR","potentialAction":[{"@type":"ReadAction","target":["https:\/\/www.africa-press.net\/niger\/toutes-les-actualites\/niamey-lancement-de-la-campagne-niamey-ville-sure"]}]},{"@type":"ImageObject","inLanguage":"fr-FR","@id":"https:\/\/www.africa-press.net\/niger\/toutes-les-actualites\/niamey-lancement-de-la-campagne-niamey-ville-sure#primaryimage","url":"https:\/\/static.africa-press.net\/niger\/sites\/40\/2024\/03\/sm_1710167998.330347.jpg","contentUrl":"https:\/\/static.africa-press.net\/niger\/sites\/40\/2024\/03\/sm_1710167998.330347.jpg","width":1556,"height":1038,"caption":"Niamey : Lancement de la campagne \u00ab NIAMEY, VILLE S\u00dbRE \u00bb"},{"@type":"BreadcrumbList","@id":"https:\/\/www.africa-press.net\/niger\/toutes-les-actualites\/niamey-lancement-de-la-campagne-niamey-ville-sure#breadcrumb","itemListElement":[{"@type":"ListItem","position":1,"name":"Accueil","item":"https:\/\/www.africa-press.net\/niger\/"},{"@type":"ListItem","position":2,"name":"Niamey : Lancement de la campagne \u00ab NIAMEY, VILLE S\u00dbRE \u00bb"}]},{"@type":"WebSite","@id":"https:\/\/www.africa-press.net\/niger\/#website","url":"https:\/\/www.africa-press.net\/niger\/","name":"niger","description":"Just another Africa News Agency Sites site","potentialAction":[{"@type":"SearchAction","target":{"@type":"EntryPoint","urlTemplate":"https:\/\/www.africa-press.net\/niger\/?s={search_term_string}"},"query-input":{"@type":"PropertyValueSpecification","valueRequired":true,"valueName":"search_term_string"}}],"inLanguage":"fr-FR"},{"@type":"Person","@id":"https:\/\/www.africa-press.net\/niger\/#\/schema\/person\/2b1cf3cd81a31e3cd26889ca66d677f1","name":"cfeditorfr"}]}},"_links":{"self":[{"href":"https:\/\/www.africa-press.net\/niger\/wp-json\/wp\/v2\/posts\/59725","targetHints":{"allow":["GET"]}}],"collection":[{"href":"https:\/\/www.africa-press.net\/niger\/wp-json\/wp\/v2\/posts"}],"about":[{"href":"https:\/\/www.africa-press.net\/niger\/wp-json\/wp\/v2\/types\/post"}],"author":[{"embeddable":true,"href":"https:\/\/www.africa-press.net\/niger\/wp-json\/wp\/v2\/users\/82"}],"replies":[{"embeddable":true,"href":"https:\/\/www.africa-press.net\/niger\/wp-json\/wp\/v2\/comments?post=59725"}],"version-history":[{"count":0,"href":"https:\/\/www.africa-press.net\/niger\/wp-json\/wp\/v2\/posts\/59725\/revisions"}],"wp:featuredmedia":[{"embeddable":true,"href":"https:\/\/www.africa-press.net\/niger\/wp-json\/wp\/v2\/media\/59724"}],"wp:attachment":[{"href":"https:\/\/www.africa-press.net\/niger\/wp-json\/wp\/v2\/media?parent=59725"}],"wp:term":[{"taxonomy":"category","embeddable":true,"href":"https:\/\/www.africa-press.net\/niger\/wp-json\/wp\/v2\/categories?post=59725"},{"taxonomy":"post_tag","embeddable":true,"href":"https:\/\/www.africa-press.net\/niger\/wp-json\/wp\/v2\/tags?post=59725"}],"curies":[{"name":"wp","href":"https:\/\/api.w.org\/{rel}","templated":true}]}}