{"id":59735,"date":"2024-03-11T19:46:47","date_gmt":"2024-03-11T19:46:47","guid":{"rendered":"https:\/\/www.africa-press.net\/niger\/politique\/ramadan-2024-le-premier-ministre-lamine-zeine-appelle-les-populations-a-multiplier-les-prieres-et-les-invocations-afin-de-preserver-la-paix"},"modified":"2024-03-11T20:14:53","modified_gmt":"2024-03-11T20:14:53","slug":"ramadan-2024-le-premier-ministre-lamine-zeine-appelle-les-populations-a-multiplier-les-prieres-et-les-invocations-afin-de-preserver-la-paix","status":"publish","type":"post","link":"https:\/\/www.africa-press.net\/niger\/politique\/ramadan-2024-le-premier-ministre-lamine-zeine-appelle-les-populations-a-multiplier-les-prieres-et-les-invocations-afin-de-preserver-la-paix","title":{"rendered":"Ramadan 2024 : Le Premier ministre Lamine Zeine appelle les populations \u00e0 multiplier les pri\u00e8res et les invocations afin de pr\u00e9server la paix"},"content":{"rendered":"<p><span style=\"color: #ff6600\"><strong>Africa-Press &#8211; Niger. <\/strong><\/span>Le Premier ministre, ministre de l\u2019Economie et des Finances Ali Mahaman Lamine Zeine a adresse\u0301 ce dimanche 10 mars un message a\u0300 l\u2019endroit des populations du Niger, suite a\u0300 l\u2019apparition du croissant lunaire dans plusieurs localite\u0301s du pays, correspondant au de\u0301but du mois be\u0301ni de Ramadan.<\/p>\n<p>Ali Lamine Zeine s\u2019est fait un agre\u0301able devoir de \u00ab rappeler toutes les prie\u0300res que vous avez faites sur l\u2019ensemble du territoire national afin de pre\u0301server la paix dans notre paix \u00bb.<\/p>\n<p>Le mois be\u0301ni de Ramadan est aussi un mois de pardon, de solidarite\u0301 et de partage comme l\u2019a recommande\u0301 le Prophe\u0300te Mohamed (Paix et Salut sur Lui), \u00ab je vous invite donc, chers citoyens, a\u0300 davantage de solidarite\u0301 et de bienveillance envers les plus vulne\u0301rables, ceux qui ont besoin d\u2019assistance pour passer le jeu\u0302ne dans des conditions de dignite\u0301 \u00bb a de\u0301clare\u0301 le Premier ministre.<\/p>\n<p>Ali Mahaman Lamine Zeine n\u2019a pas manque\u0301 de souhaiter aux fide\u0300les musulmans, un excellent mois de Ramadan, au nom du Pre\u0301sident de Conseil National pour la Sauvegarde de la Patrie, Chef de l\u2019Etat le Ge\u0301ne\u0301ral de Brigade Abdourahamane Tiani.<\/p>\n<p>Le jeu\u0302ne de Ramadan est l\u2019un des cinq piliers de l\u2019Islam, un moment privile\u0301gie\u0301 de de\u0301votion et de renforcement de la spiritualite\u0301 du croyant, afin qu\u2019il se rapproche le plus de son Cre\u0301ateur.<\/p>\n<p><strong>Pour plus d&rsquo;informations et d&rsquo;analyses sur la <a href=\"https:\/\/www.africa-press.net\/niger\">Niger<\/a>, suivez <a href=\"https:\/\/www.africa-press.net\/\">Africa-Press<\/a><\/strong><\/p>\n","protected":false},"excerpt":{"rendered":"<p>Africa-Press &#8211; Niger. Le Premier ministre, ministre de l\u2019Economie et des Finances Ali Mahaman Lamine Zeine a adresse\u0301 ce dimanche 10 mars un message a\u0300 l\u2019endroit des populations du Niger, suite a\u0300 l\u2019apparition du croissant lunaire dans plusieurs localite\u0301s du pays, correspondant au de\u0301but du mois be\u0301ni de Ramadan. Ali Lamine Zeine s\u2019est fait un [&hellip;]<\/p>\n","protected":false},"author":82,"featured_media":59734,"comment_status":"open","ping_status":"closed","sticky":false,"template":"","format":"standard","meta":{"footnotes":""},"categories":[2,10],"tags":[55,60,29],"class_list":["post-59735","post","type-post","status-publish","format-standard","has-post-thumbnail","hentry","category-politique","category-toutes-les-actualites","tag-africa-press","tag-africa-press-niger","tag-niger"],"yoast_head":"<!-- This site is optimized with the Yoast SEO Premium plugin v26.1 (Yoast SEO v27.0) - https:\/\/yoast.com\/product\/yoast-seo-premium-wordpress\/ -->\n<title>Ramadan 2024 : Le Premier ministre Lamine Zeine appelle les populations \u00e0 multiplier les pri\u00e8res et les invocations afin de pr\u00e9server la paix - niger<\/title>\n<meta name=\"description\" content=\"Le Premier ministre, ministre de l\u2019Economie et des Finances Ali Mahaman Lamine Zeine a adresse\u0301 ce dimanche 10 mars un m ...\" \/>\n<meta name=\"robots\" content=\"index, follow, max-snippet:-1, max-image-preview:large, max-video-preview:-1\" \/>\n<link rel=\"canonical\" href=\"https:\/\/www.africa-press.net\/niger\/politique\/ramadan-2024-le-premier-ministre-lamine-zeine-appelle-les-populations-a-multiplier-les-prieres-et-les-invocations-afin-de-preserver-la-paix\" \/>\n<meta property=\"og:locale\" content=\"fr_FR\" \/>\n<meta property=\"og:type\" content=\"article\" \/>\n<meta property=\"og:title\" content=\"Ramadan 2024 : Le Premier ministre Lamine Zeine appelle les populations \u00e0 multiplier les pri\u00e8res et les invocations afin de pr\u00e9server la paix\" \/>\n<meta property=\"og:description\" content=\"Le Premier ministre, ministre de l\u2019Economie et des Finances Ali Mahaman Lamine Zeine a adresse\u0301 ce dimanche 10 mars un m ...\" \/>\n<meta property=\"og:url\" content=\"https:\/\/www.africa-press.net\/niger\/politique\/ramadan-2024-le-premier-ministre-lamine-zeine-appelle-les-populations-a-multiplier-les-prieres-et-les-invocations-afin-de-preserver-la-paix\" \/>\n<meta property=\"og:site_name\" content=\"niger\" \/>\n<meta property=\"article:published_time\" content=\"2024-03-11T19:46:47+00:00\" \/>\n<meta property=\"article:modified_time\" content=\"2024-03-11T20:14:53+00:00\" \/>\n<meta property=\"og:image\" content=\"https:\/\/static.africa-press.net\/niger\/sites\/40\/2024\/03\/sm_1710174244.457559.jpg\" \/>\n\t<meta property=\"og:image:width\" content=\"1080\" \/>\n\t<meta property=\"og:image:height\" content=\"719\" \/>\n\t<meta property=\"og:image:type\" content=\"image\/jpeg\" \/>\n<meta name=\"author\" content=\"cfeditorfr\" \/>\n<meta name=\"twitter:card\" content=\"summary_large_image\" \/>\n<meta name=\"twitter:label1\" content=\"\u00c9crit par\" \/>\n\t<meta name=\"twitter:data1\" content=\"cfeditorfr\" \/>\n\t<meta name=\"twitter:label2\" content=\"Dur\u00e9e de lecture estim\u00e9e\" \/>\n\t<meta name=\"twitter:data2\" content=\"1 minute\" \/>\n<script type=\"application\/ld+json\" class=\"yoast-schema-graph\">{\"@context\":\"https:\/\/schema.org\",\"@graph\":[{\"@type\":\"Article\",\"@id\":\"https:\/\/www.africa-press.net\/niger\/politique\/ramadan-2024-le-premier-ministre-lamine-zeine-appelle-les-populations-a-multiplier-les-prieres-et-les-invocations-afin-de-preserver-la-paix#article\",\"isPartOf\":{\"@id\":\"https:\/\/www.africa-press.net\/niger\/politique\/ramadan-2024-le-premier-ministre-lamine-zeine-appelle-les-populations-a-multiplier-les-prieres-et-les-invocations-afin-de-preserver-la-paix\"},\"author\":{\"name\":\"cfeditorfr\",\"@id\":\"https:\/\/www.africa-press.net\/niger\/#\/schema\/person\/2b1cf3cd81a31e3cd26889ca66d677f1\"},\"headline\":\"Ramadan 2024 : Le Premier ministre Lamine Zeine appelle les populations \u00e0 multiplier les pri\u00e8res et les invocations afin de pr\u00e9server la paix\",\"datePublished\":\"2024-03-11T19:46:47+00:00\",\"dateModified\":\"2024-03-11T20:14:53+00:00\",\"mainEntityOfPage\":{\"@id\":\"https:\/\/www.africa-press.net\/niger\/politique\/ramadan-2024-le-premier-ministre-lamine-zeine-appelle-les-populations-a-multiplier-les-prieres-et-les-invocations-afin-de-preserver-la-paix\"},\"wordCount\":278,\"commentCount\":0,\"image\":{\"@id\":\"https:\/\/www.africa-press.net\/niger\/politique\/ramadan-2024-le-premier-ministre-lamine-zeine-appelle-les-populations-a-multiplier-les-prieres-et-les-invocations-afin-de-preserver-la-paix#primaryimage\"},\"thumbnailUrl\":\"https:\/\/static.africa-press.net\/niger\/sites\/40\/2024\/03\/sm_1710174244.457559.jpg\",\"keywords\":[\"Africa Press\",\"Africa Press-Niger\",\"Niger\"],\"articleSection\":[\"Politique\",\"Toutes les actualit\u00e9s\"],\"inLanguage\":\"fr-FR\",\"potentialAction\":[{\"@type\":\"CommentAction\",\"name\":\"Comment\",\"target\":[\"https:\/\/www.africa-press.net\/niger\/politique\/ramadan-2024-le-premier-ministre-lamine-zeine-appelle-les-populations-a-multiplier-les-prieres-et-les-invocations-afin-de-preserver-la-paix#respond\"]}]},{\"@type\":\"WebPage\",\"@id\":\"https:\/\/www.africa-press.net\/niger\/politique\/ramadan-2024-le-premier-ministre-lamine-zeine-appelle-les-populations-a-multiplier-les-prieres-et-les-invocations-afin-de-preserver-la-paix\",\"url\":\"https:\/\/www.africa-press.net\/niger\/politique\/ramadan-2024-le-premier-ministre-lamine-zeine-appelle-les-populations-a-multiplier-les-prieres-et-les-invocations-afin-de-preserver-la-paix\",\"name\":\"Ramadan 2024 : Le Premier ministre Lamine Zeine appelle les populations \u00e0 multiplier les pri\u00e8res et les invocations afin de pr\u00e9server la paix - niger\",\"isPartOf\":{\"@id\":\"https:\/\/www.africa-press.net\/niger\/#website\"},\"primaryImageOfPage\":{\"@id\":\"https:\/\/www.africa-press.net\/niger\/politique\/ramadan-2024-le-premier-ministre-lamine-zeine-appelle-les-populations-a-multiplier-les-prieres-et-les-invocations-afin-de-preserver-la-paix#primaryimage\"},\"image\":{\"@id\":\"https:\/\/www.africa-press.net\/niger\/politique\/ramadan-2024-le-premier-ministre-lamine-zeine-appelle-les-populations-a-multiplier-les-prieres-et-les-invocations-afin-de-preserver-la-paix#primaryimage\"},\"thumbnailUrl\":\"https:\/\/static.africa-press.net\/niger\/sites\/40\/2024\/03\/sm_1710174244.457559.jpg\",\"datePublished\":\"2024-03-11T19:46:47+00:00\",\"dateModified\":\"2024-03-11T20:14:53+00:00\",\"author\":{\"@id\":\"https:\/\/www.africa-press.net\/niger\/#\/schema\/person\/2b1cf3cd81a31e3cd26889ca66d677f1\"},\"description\":\"Le Premier ministre, ministre de l\u2019Economie et des Finances Ali Mahaman Lamine Zeine a adresse\u0301 ce dimanche 10 mars un m ...\",\"breadcrumb\":{\"@id\":\"https:\/\/www.africa-press.net\/niger\/politique\/ramadan-2024-le-premier-ministre-lamine-zeine-appelle-les-populations-a-multiplier-les-prieres-et-les-invocations-afin-de-preserver-la-paix#breadcrumb\"},\"inLanguage\":\"fr-FR\",\"potentialAction\":[{\"@type\":\"ReadAction\",\"target\":[\"https:\/\/www.africa-press.net\/niger\/politique\/ramadan-2024-le-premier-ministre-lamine-zeine-appelle-les-populations-a-multiplier-les-prieres-et-les-invocations-afin-de-preserver-la-paix\"]}]},{\"@type\":\"ImageObject\",\"inLanguage\":\"fr-FR\",\"@id\":\"https:\/\/www.africa-press.net\/niger\/politique\/ramadan-2024-le-premier-ministre-lamine-zeine-appelle-les-populations-a-multiplier-les-prieres-et-les-invocations-afin-de-preserver-la-paix#primaryimage\",\"url\":\"https:\/\/static.africa-press.net\/niger\/sites\/40\/2024\/03\/sm_1710174244.457559.jpg\",\"contentUrl\":\"https:\/\/static.africa-press.net\/niger\/sites\/40\/2024\/03\/sm_1710174244.457559.jpg\",\"width\":1080,\"height\":719,\"caption\":\"Ramadan 2024 : Le Premier ministre Lamine Zeine appelle les populations \u00e0 multiplier les pri\u00e8res et les invocations afin de pr\u00e9server la paix\"},{\"@type\":\"BreadcrumbList\",\"@id\":\"https:\/\/www.africa-press.net\/niger\/politique\/ramadan-2024-le-premier-ministre-lamine-zeine-appelle-les-populations-a-multiplier-les-prieres-et-les-invocations-afin-de-preserver-la-paix#breadcrumb\",\"itemListElement\":[{\"@type\":\"ListItem\",\"position\":1,\"name\":\"Accueil\",\"item\":\"https:\/\/www.africa-press.net\/niger\/\"},{\"@type\":\"ListItem\",\"position\":2,\"name\":\"Ramadan 2024 : Le Premier ministre Lamine Zeine appelle les populations \u00e0 multiplier les pri\u00e8res et les invocations afin de pr\u00e9server la paix\"}]},{\"@type\":\"WebSite\",\"@id\":\"https:\/\/www.africa-press.net\/niger\/#website\",\"url\":\"https:\/\/www.africa-press.net\/niger\/\",\"name\":\"niger\",\"description\":\"Just another Africa News Agency Sites site\",\"potentialAction\":[{\"@type\":\"SearchAction\",\"target\":{\"@type\":\"EntryPoint\",\"urlTemplate\":\"https:\/\/www.africa-press.net\/niger\/?s={search_term_string}\"},\"query-input\":{\"@type\":\"PropertyValueSpecification\",\"valueRequired\":true,\"valueName\":\"search_term_string\"}}],\"inLanguage\":\"fr-FR\"},{\"@type\":\"Person\",\"@id\":\"https:\/\/www.africa-press.net\/niger\/#\/schema\/person\/2b1cf3cd81a31e3cd26889ca66d677f1\",\"name\":\"cfeditorfr\"}]}<\/script>\n<!-- \/ Yoast SEO Premium plugin. -->","yoast_head_json":{"title":"Ramadan 2024 : Le Premier ministre Lamine Zeine appelle les populations \u00e0 multiplier les pri\u00e8res et les invocations afin de pr\u00e9server la paix - niger","description":"Le Premier ministre, ministre de l\u2019Economie et des Finances Ali Mahaman Lamine Zeine a adresse\u0301 ce dimanche 10 mars un m ...","robots":{"index":"index","follow":"follow","max-snippet":"max-snippet:-1","max-image-preview":"max-image-preview:large","max-video-preview":"max-video-preview:-1"},"canonical":"https:\/\/www.africa-press.net\/niger\/politique\/ramadan-2024-le-premier-ministre-lamine-zeine-appelle-les-populations-a-multiplier-les-prieres-et-les-invocations-afin-de-preserver-la-paix","og_locale":"fr_FR","og_type":"article","og_title":"Ramadan 2024 : Le Premier ministre Lamine Zeine appelle les populations \u00e0 multiplier les pri\u00e8res et les invocations afin de pr\u00e9server la paix","og_description":"Le Premier ministre, ministre de l\u2019Economie et des Finances Ali Mahaman Lamine Zeine a adresse\u0301 ce dimanche 10 mars un m ...","og_url":"https:\/\/www.africa-press.net\/niger\/politique\/ramadan-2024-le-premier-ministre-lamine-zeine-appelle-les-populations-a-multiplier-les-prieres-et-les-invocations-afin-de-preserver-la-paix","og_site_name":"niger","article_published_time":"2024-03-11T19:46:47+00:00","article_modified_time":"2024-03-11T20:14:53+00:00","og_image":[{"width":1080,"height":719,"url":"https:\/\/static.africa-press.net\/niger\/sites\/40\/2024\/03\/sm_1710174244.457559.jpg","type":"image\/jpeg"}],"author":"cfeditorfr","twitter_card":"summary_large_image","twitter_misc":{"\u00c9crit par":"cfeditorfr","Dur\u00e9e de lecture estim\u00e9e":"1 minute"},"schema":{"@context":"https:\/\/schema.org","@graph":[{"@type":"Article","@id":"https:\/\/www.africa-press.net\/niger\/politique\/ramadan-2024-le-premier-ministre-lamine-zeine-appelle-les-populations-a-multiplier-les-prieres-et-les-invocations-afin-de-preserver-la-paix#article","isPartOf":{"@id":"https:\/\/www.africa-press.net\/niger\/politique\/ramadan-2024-le-premier-ministre-lamine-zeine-appelle-les-populations-a-multiplier-les-prieres-et-les-invocations-afin-de-preserver-la-paix"},"author":{"name":"cfeditorfr","@id":"https:\/\/www.africa-press.net\/niger\/#\/schema\/person\/2b1cf3cd81a31e3cd26889ca66d677f1"},"headline":"Ramadan 2024 : Le Premier ministre Lamine Zeine appelle les populations \u00e0 multiplier les pri\u00e8res et les invocations afin de pr\u00e9server la paix","datePublished":"2024-03-11T19:46:47+00:00","dateModified":"2024-03-11T20:14:53+00:00","mainEntityOfPage":{"@id":"https:\/\/www.africa-press.net\/niger\/politique\/ramadan-2024-le-premier-ministre-lamine-zeine-appelle-les-populations-a-multiplier-les-prieres-et-les-invocations-afin-de-preserver-la-paix"},"wordCount":278,"commentCount":0,"image":{"@id":"https:\/\/www.africa-press.net\/niger\/politique\/ramadan-2024-le-premier-ministre-lamine-zeine-appelle-les-populations-a-multiplier-les-prieres-et-les-invocations-afin-de-preserver-la-paix#primaryimage"},"thumbnailUrl":"https:\/\/static.africa-press.net\/niger\/sites\/40\/2024\/03\/sm_1710174244.457559.jpg","keywords":["Africa Press","Africa Press-Niger","Niger"],"articleSection":["Politique","Toutes les actualit\u00e9s"],"inLanguage":"fr-FR","potentialAction":[{"@type":"CommentAction","name":"Comment","target":["https:\/\/www.africa-press.net\/niger\/politique\/ramadan-2024-le-premier-ministre-lamine-zeine-appelle-les-populations-a-multiplier-les-prieres-et-les-invocations-afin-de-preserver-la-paix#respond"]}]},{"@type":"WebPage","@id":"https:\/\/www.africa-press.net\/niger\/politique\/ramadan-2024-le-premier-ministre-lamine-zeine-appelle-les-populations-a-multiplier-les-prieres-et-les-invocations-afin-de-preserver-la-paix","url":"https:\/\/www.africa-press.net\/niger\/politique\/ramadan-2024-le-premier-ministre-lamine-zeine-appelle-les-populations-a-multiplier-les-prieres-et-les-invocations-afin-de-preserver-la-paix","name":"Ramadan 2024 : Le Premier ministre Lamine Zeine appelle les populations \u00e0 multiplier les pri\u00e8res et les invocations afin de pr\u00e9server la paix - niger","isPartOf":{"@id":"https:\/\/www.africa-press.net\/niger\/#website"},"primaryImageOfPage":{"@id":"https:\/\/www.africa-press.net\/niger\/politique\/ramadan-2024-le-premier-ministre-lamine-zeine-appelle-les-populations-a-multiplier-les-prieres-et-les-invocations-afin-de-preserver-la-paix#primaryimage"},"image":{"@id":"https:\/\/www.africa-press.net\/niger\/politique\/ramadan-2024-le-premier-ministre-lamine-zeine-appelle-les-populations-a-multiplier-les-prieres-et-les-invocations-afin-de-preserver-la-paix#primaryimage"},"thumbnailUrl":"https:\/\/static.africa-press.net\/niger\/sites\/40\/2024\/03\/sm_1710174244.457559.jpg","datePublished":"2024-03-11T19:46:47+00:00","dateModified":"2024-03-11T20:14:53+00:00","author":{"@id":"https:\/\/www.africa-press.net\/niger\/#\/schema\/person\/2b1cf3cd81a31e3cd26889ca66d677f1"},"description":"Le Premier ministre, ministre de l\u2019Economie et des Finances Ali Mahaman Lamine Zeine a adresse\u0301 ce dimanche 10 mars un m ...","breadcrumb":{"@id":"https:\/\/www.africa-press.net\/niger\/politique\/ramadan-2024-le-premier-ministre-lamine-zeine-appelle-les-populations-a-multiplier-les-prieres-et-les-invocations-afin-de-preserver-la-paix#breadcrumb"},"inLanguage":"fr-FR","potentialAction":[{"@type":"ReadAction","target":["https:\/\/www.africa-press.net\/niger\/politique\/ramadan-2024-le-premier-ministre-lamine-zeine-appelle-les-populations-a-multiplier-les-prieres-et-les-invocations-afin-de-preserver-la-paix"]}]},{"@type":"ImageObject","inLanguage":"fr-FR","@id":"https:\/\/www.africa-press.net\/niger\/politique\/ramadan-2024-le-premier-ministre-lamine-zeine-appelle-les-populations-a-multiplier-les-prieres-et-les-invocations-afin-de-preserver-la-paix#primaryimage","url":"https:\/\/static.africa-press.net\/niger\/sites\/40\/2024\/03\/sm_1710174244.457559.jpg","contentUrl":"https:\/\/static.africa-press.net\/niger\/sites\/40\/2024\/03\/sm_1710174244.457559.jpg","width":1080,"height":719,"caption":"Ramadan 2024 : Le Premier ministre Lamine Zeine appelle les populations \u00e0 multiplier les pri\u00e8res et les invocations afin de pr\u00e9server la paix"},{"@type":"BreadcrumbList","@id":"https:\/\/www.africa-press.net\/niger\/politique\/ramadan-2024-le-premier-ministre-lamine-zeine-appelle-les-populations-a-multiplier-les-prieres-et-les-invocations-afin-de-preserver-la-paix#breadcrumb","itemListElement":[{"@type":"ListItem","position":1,"name":"Accueil","item":"https:\/\/www.africa-press.net\/niger\/"},{"@type":"ListItem","position":2,"name":"Ramadan 2024 : Le Premier ministre Lamine Zeine appelle les populations \u00e0 multiplier les pri\u00e8res et les invocations afin de pr\u00e9server la paix"}]},{"@type":"WebSite","@id":"https:\/\/www.africa-press.net\/niger\/#website","url":"https:\/\/www.africa-press.net\/niger\/","name":"niger","description":"Just another Africa News Agency Sites site","potentialAction":[{"@type":"SearchAction","target":{"@type":"EntryPoint","urlTemplate":"https:\/\/www.africa-press.net\/niger\/?s={search_term_string}"},"query-input":{"@type":"PropertyValueSpecification","valueRequired":true,"valueName":"search_term_string"}}],"inLanguage":"fr-FR"},{"@type":"Person","@id":"https:\/\/www.africa-press.net\/niger\/#\/schema\/person\/2b1cf3cd81a31e3cd26889ca66d677f1","name":"cfeditorfr"}]}},"_links":{"self":[{"href":"https:\/\/www.africa-press.net\/niger\/wp-json\/wp\/v2\/posts\/59735","targetHints":{"allow":["GET"]}}],"collection":[{"href":"https:\/\/www.africa-press.net\/niger\/wp-json\/wp\/v2\/posts"}],"about":[{"href":"https:\/\/www.africa-press.net\/niger\/wp-json\/wp\/v2\/types\/post"}],"author":[{"embeddable":true,"href":"https:\/\/www.africa-press.net\/niger\/wp-json\/wp\/v2\/users\/82"}],"replies":[{"embeddable":true,"href":"https:\/\/www.africa-press.net\/niger\/wp-json\/wp\/v2\/comments?post=59735"}],"version-history":[{"count":0,"href":"https:\/\/www.africa-press.net\/niger\/wp-json\/wp\/v2\/posts\/59735\/revisions"}],"wp:featuredmedia":[{"embeddable":true,"href":"https:\/\/www.africa-press.net\/niger\/wp-json\/wp\/v2\/media\/59734"}],"wp:attachment":[{"href":"https:\/\/www.africa-press.net\/niger\/wp-json\/wp\/v2\/media?parent=59735"}],"wp:term":[{"taxonomy":"category","embeddable":true,"href":"https:\/\/www.africa-press.net\/niger\/wp-json\/wp\/v2\/categories?post=59735"},{"taxonomy":"post_tag","embeddable":true,"href":"https:\/\/www.africa-press.net\/niger\/wp-json\/wp\/v2\/tags?post=59735"}],"curies":[{"name":"wp","href":"https:\/\/api.w.org\/{rel}","templated":true}]}}