{"id":59740,"date":"2024-03-11T19:47:32","date_gmt":"2024-03-11T19:47:32","guid":{"rendered":"https:\/\/www.africa-press.net\/niger\/politique\/le-premier-ministre-recoit-lambassadeur-de-la-republique-populaire-de-chine"},"modified":"2024-03-11T20:15:43","modified_gmt":"2024-03-11T20:15:43","slug":"le-premier-ministre-recoit-lambassadeur-de-la-republique-populaire-de-chine","status":"publish","type":"post","link":"https:\/\/www.africa-press.net\/niger\/politique\/le-premier-ministre-recoit-lambassadeur-de-la-republique-populaire-de-chine","title":{"rendered":"Le Premier ministre re\u00e7oit l&rsquo;ambassadeur de la R\u00e9publique populaire de Chine"},"content":{"rendered":"<p><span style=\"color: #ff6600\"><strong>Africa-Press &#8211; Niger. <\/strong><\/span>Le Premier Ministre, Ministre des finances, M. Ali Mahamane Lamine Zeine a rec\u0327u, ce lundi 11 mars 2024 a\u0300 son cabinet, M. JIANG FENG, Ambassadeur de la Re\u0301publique populaire de Chine au Niger.<\/p>\n<p>A l&rsquo;issue de cette audience, M. JIANG FENG a indique\u0301 a\u0300 la presse que son entretien avec le premier ministre nige\u0301rien a porte\u0301 essentiellement sur la coope\u0301ration bilate\u0301rale entre les deux pays, et \u2018\u2019au nom du gouvernement chinois, j&rsquo;ai lance\u0301 une invitation officielle aupre\u0300s du chef de l&rsquo;E\u0301tat pour le sommeil Chine-Afrique qui se tiendra dans le mois de septembre prochain\u2019\u2019 a-t-il de\u0301clare\u0301.<\/p>\n<p>S&rsquo;agissant de la coope\u0301ration pe\u0301trolie\u0300re entre les deux pays, le diplomate chinois a souligne\u0301 que \u2018\u2019sous l&rsquo;ordre du gouvernement nige\u0301rien, le pe\u0301trole brut du bloc d&rsquo;Agadem 2 va arriver au port de Se\u0301me\u0301 au Benin dans un mois et demi\u2019\u2019.<\/p>\n<p>Il a aussi indique\u0301 avoir parle\u0301 avec le premier ministre de \u2018\u2019la contribution de la CNPC au de\u0301veloppement de l&rsquo;industrie pe\u0301trolie\u0300re du Niger\u2019\u2019.<\/p>\n<p>Le CNPC est une socie\u0301te\u0301 d&rsquo;Etat chinoise qui a le sens de responsabilite\u0301 sociale, a-t-il soutenu en disant que cette industrie pe\u0301trolie\u0300re a de\u0301ja\u0300 construit des e\u0301coles et des puits au profit des habitants locaux. \u2018\u2019J&rsquo;ai re\u0301affirme\u0301 la volonte\u0301 du gouvernement chinois a\u0300 pousser la CNPC a\u0300 apporter encore plus de contributions pour l&rsquo;autosuffisance et l&rsquo;inde\u0301pendance e\u0301nerge\u0301tique du Niger\u2019\u2019 a conclu, M. JIANG FENG.<\/p>\n<p><strong>Pour plus d&rsquo;informations et d&rsquo;analyses sur la <a href=\"https:\/\/www.africa-press.net\/niger\">Niger<\/a>, suivez <a href=\"https:\/\/www.africa-press.net\/\">Africa-Press<\/a><\/strong><\/p>\n","protected":false},"excerpt":{"rendered":"<p>Africa-Press &#8211; Niger. Le Premier Ministre, Ministre des finances, M. Ali Mahamane Lamine Zeine a rec\u0327u, ce lundi 11 mars 2024 a\u0300 son cabinet, M. JIANG FENG, Ambassadeur de la Re\u0301publique populaire de Chine au Niger. A l&rsquo;issue de cette audience, M. JIANG FENG a indique\u0301 a\u0300 la presse que son entretien avec le premier [&hellip;]<\/p>\n","protected":false},"author":82,"featured_media":59739,"comment_status":"open","ping_status":"closed","sticky":false,"template":"","format":"standard","meta":{"footnotes":""},"categories":[2,20,10],"tags":[55,60,29],"class_list":["post-59740","post","type-post","status-publish","format-standard","has-post-thumbnail","hentry","category-politique","category-top-nouvelles","category-toutes-les-actualites","tag-africa-press","tag-africa-press-niger","tag-niger"],"yoast_head":"<!-- This site is optimized with the Yoast SEO Premium plugin v26.1 (Yoast SEO v27.0) - https:\/\/yoast.com\/product\/yoast-seo-premium-wordpress\/ -->\n<title>Le Premier ministre re\u00e7oit l&#039;ambassadeur de la R\u00e9publique populaire de Chine - niger<\/title>\n<meta name=\"description\" content=\"Le Premier Ministre, Ministre des finances, M. Ali Mahamane Lamine Zeine a rec\u0327u, ce lundi 11 mars 2024 a\u0300 son cabinet, ...\" \/>\n<meta name=\"robots\" content=\"index, follow, max-snippet:-1, max-image-preview:large, max-video-preview:-1\" \/>\n<link rel=\"canonical\" href=\"https:\/\/www.africa-press.net\/niger\/politique\/le-premier-ministre-recoit-lambassadeur-de-la-republique-populaire-de-chine\" \/>\n<meta property=\"og:locale\" content=\"fr_FR\" \/>\n<meta property=\"og:type\" content=\"article\" \/>\n<meta property=\"og:title\" content=\"Le Premier ministre re\u00e7oit l&#039;ambassadeur de la R\u00e9publique populaire de Chine\" \/>\n<meta property=\"og:description\" content=\"Le Premier Ministre, Ministre des finances, M. Ali Mahamane Lamine Zeine a rec\u0327u, ce lundi 11 mars 2024 a\u0300 son cabinet, ...\" \/>\n<meta property=\"og:url\" content=\"https:\/\/www.africa-press.net\/niger\/politique\/le-premier-ministre-recoit-lambassadeur-de-la-republique-populaire-de-chine\" \/>\n<meta property=\"og:site_name\" content=\"niger\" \/>\n<meta property=\"article:published_time\" content=\"2024-03-11T19:47:32+00:00\" \/>\n<meta property=\"article:modified_time\" content=\"2024-03-11T20:15:43+00:00\" \/>\n<meta property=\"og:image\" content=\"https:\/\/static.africa-press.net\/niger\/sites\/40\/2024\/03\/sm_1710174278.825006.jpg\" \/>\n\t<meta property=\"og:image:width\" content=\"1556\" \/>\n\t<meta property=\"og:image:height\" content=\"1038\" \/>\n\t<meta property=\"og:image:type\" content=\"image\/jpeg\" \/>\n<meta name=\"author\" content=\"cfeditorfr\" \/>\n<meta name=\"twitter:card\" content=\"summary_large_image\" \/>\n<meta name=\"twitter:label1\" content=\"\u00c9crit par\" \/>\n\t<meta name=\"twitter:data1\" content=\"cfeditorfr\" \/>\n\t<meta name=\"twitter:label2\" content=\"Dur\u00e9e de lecture estim\u00e9e\" \/>\n\t<meta name=\"twitter:data2\" content=\"1 minute\" \/>\n<script type=\"application\/ld+json\" class=\"yoast-schema-graph\">{\"@context\":\"https:\/\/schema.org\",\"@graph\":[{\"@type\":\"Article\",\"@id\":\"https:\/\/www.africa-press.net\/niger\/politique\/le-premier-ministre-recoit-lambassadeur-de-la-republique-populaire-de-chine#article\",\"isPartOf\":{\"@id\":\"https:\/\/www.africa-press.net\/niger\/politique\/le-premier-ministre-recoit-lambassadeur-de-la-republique-populaire-de-chine\"},\"author\":{\"name\":\"cfeditorfr\",\"@id\":\"https:\/\/www.africa-press.net\/niger\/#\/schema\/person\/2b1cf3cd81a31e3cd26889ca66d677f1\"},\"headline\":\"Le Premier ministre re\u00e7oit l&rsquo;ambassadeur de la R\u00e9publique populaire de Chine\",\"datePublished\":\"2024-03-11T19:47:32+00:00\",\"dateModified\":\"2024-03-11T20:15:43+00:00\",\"mainEntityOfPage\":{\"@id\":\"https:\/\/www.africa-press.net\/niger\/politique\/le-premier-ministre-recoit-lambassadeur-de-la-republique-populaire-de-chine\"},\"wordCount\":286,\"commentCount\":0,\"image\":{\"@id\":\"https:\/\/www.africa-press.net\/niger\/politique\/le-premier-ministre-recoit-lambassadeur-de-la-republique-populaire-de-chine#primaryimage\"},\"thumbnailUrl\":\"https:\/\/static.africa-press.net\/niger\/sites\/40\/2024\/03\/sm_1710174278.825006.jpg\",\"keywords\":[\"Africa Press\",\"Africa Press-Niger\",\"Niger\"],\"articleSection\":[\"Politique\",\"Top Nouvelles\",\"Toutes les actualit\u00e9s\"],\"inLanguage\":\"fr-FR\",\"potentialAction\":[{\"@type\":\"CommentAction\",\"name\":\"Comment\",\"target\":[\"https:\/\/www.africa-press.net\/niger\/politique\/le-premier-ministre-recoit-lambassadeur-de-la-republique-populaire-de-chine#respond\"]}]},{\"@type\":\"WebPage\",\"@id\":\"https:\/\/www.africa-press.net\/niger\/politique\/le-premier-ministre-recoit-lambassadeur-de-la-republique-populaire-de-chine\",\"url\":\"https:\/\/www.africa-press.net\/niger\/politique\/le-premier-ministre-recoit-lambassadeur-de-la-republique-populaire-de-chine\",\"name\":\"Le Premier ministre re\u00e7oit l'ambassadeur de la R\u00e9publique populaire de Chine - niger\",\"isPartOf\":{\"@id\":\"https:\/\/www.africa-press.net\/niger\/#website\"},\"primaryImageOfPage\":{\"@id\":\"https:\/\/www.africa-press.net\/niger\/politique\/le-premier-ministre-recoit-lambassadeur-de-la-republique-populaire-de-chine#primaryimage\"},\"image\":{\"@id\":\"https:\/\/www.africa-press.net\/niger\/politique\/le-premier-ministre-recoit-lambassadeur-de-la-republique-populaire-de-chine#primaryimage\"},\"thumbnailUrl\":\"https:\/\/static.africa-press.net\/niger\/sites\/40\/2024\/03\/sm_1710174278.825006.jpg\",\"datePublished\":\"2024-03-11T19:47:32+00:00\",\"dateModified\":\"2024-03-11T20:15:43+00:00\",\"author\":{\"@id\":\"https:\/\/www.africa-press.net\/niger\/#\/schema\/person\/2b1cf3cd81a31e3cd26889ca66d677f1\"},\"description\":\"Le Premier Ministre, Ministre des finances, M. Ali Mahamane Lamine Zeine a rec\u0327u, ce lundi 11 mars 2024 a\u0300 son cabinet, ...\",\"breadcrumb\":{\"@id\":\"https:\/\/www.africa-press.net\/niger\/politique\/le-premier-ministre-recoit-lambassadeur-de-la-republique-populaire-de-chine#breadcrumb\"},\"inLanguage\":\"fr-FR\",\"potentialAction\":[{\"@type\":\"ReadAction\",\"target\":[\"https:\/\/www.africa-press.net\/niger\/politique\/le-premier-ministre-recoit-lambassadeur-de-la-republique-populaire-de-chine\"]}]},{\"@type\":\"ImageObject\",\"inLanguage\":\"fr-FR\",\"@id\":\"https:\/\/www.africa-press.net\/niger\/politique\/le-premier-ministre-recoit-lambassadeur-de-la-republique-populaire-de-chine#primaryimage\",\"url\":\"https:\/\/static.africa-press.net\/niger\/sites\/40\/2024\/03\/sm_1710174278.825006.jpg\",\"contentUrl\":\"https:\/\/static.africa-press.net\/niger\/sites\/40\/2024\/03\/sm_1710174278.825006.jpg\",\"width\":1556,\"height\":1038,\"caption\":\"Le Premier ministre re\u00e7oit l'ambassadeur de la R\u00e9publique populaire de Chine\"},{\"@type\":\"BreadcrumbList\",\"@id\":\"https:\/\/www.africa-press.net\/niger\/politique\/le-premier-ministre-recoit-lambassadeur-de-la-republique-populaire-de-chine#breadcrumb\",\"itemListElement\":[{\"@type\":\"ListItem\",\"position\":1,\"name\":\"Accueil\",\"item\":\"https:\/\/www.africa-press.net\/niger\/\"},{\"@type\":\"ListItem\",\"position\":2,\"name\":\"Le Premier ministre re\u00e7oit l&#8217;ambassadeur de la R\u00e9publique populaire de Chine\"}]},{\"@type\":\"WebSite\",\"@id\":\"https:\/\/www.africa-press.net\/niger\/#website\",\"url\":\"https:\/\/www.africa-press.net\/niger\/\",\"name\":\"niger\",\"description\":\"Just another Africa News Agency Sites site\",\"potentialAction\":[{\"@type\":\"SearchAction\",\"target\":{\"@type\":\"EntryPoint\",\"urlTemplate\":\"https:\/\/www.africa-press.net\/niger\/?s={search_term_string}\"},\"query-input\":{\"@type\":\"PropertyValueSpecification\",\"valueRequired\":true,\"valueName\":\"search_term_string\"}}],\"inLanguage\":\"fr-FR\"},{\"@type\":\"Person\",\"@id\":\"https:\/\/www.africa-press.net\/niger\/#\/schema\/person\/2b1cf3cd81a31e3cd26889ca66d677f1\",\"name\":\"cfeditorfr\"}]}<\/script>\n<!-- \/ Yoast SEO Premium plugin. -->","yoast_head_json":{"title":"Le Premier ministre re\u00e7oit l'ambassadeur de la R\u00e9publique populaire de Chine - niger","description":"Le Premier Ministre, Ministre des finances, M. Ali Mahamane Lamine Zeine a rec\u0327u, ce lundi 11 mars 2024 a\u0300 son cabinet, ...","robots":{"index":"index","follow":"follow","max-snippet":"max-snippet:-1","max-image-preview":"max-image-preview:large","max-video-preview":"max-video-preview:-1"},"canonical":"https:\/\/www.africa-press.net\/niger\/politique\/le-premier-ministre-recoit-lambassadeur-de-la-republique-populaire-de-chine","og_locale":"fr_FR","og_type":"article","og_title":"Le Premier ministre re\u00e7oit l'ambassadeur de la R\u00e9publique populaire de Chine","og_description":"Le Premier Ministre, Ministre des finances, M. Ali Mahamane Lamine Zeine a rec\u0327u, ce lundi 11 mars 2024 a\u0300 son cabinet, ...","og_url":"https:\/\/www.africa-press.net\/niger\/politique\/le-premier-ministre-recoit-lambassadeur-de-la-republique-populaire-de-chine","og_site_name":"niger","article_published_time":"2024-03-11T19:47:32+00:00","article_modified_time":"2024-03-11T20:15:43+00:00","og_image":[{"width":1556,"height":1038,"url":"https:\/\/static.africa-press.net\/niger\/sites\/40\/2024\/03\/sm_1710174278.825006.jpg","type":"image\/jpeg"}],"author":"cfeditorfr","twitter_card":"summary_large_image","twitter_misc":{"\u00c9crit par":"cfeditorfr","Dur\u00e9e de lecture estim\u00e9e":"1 minute"},"schema":{"@context":"https:\/\/schema.org","@graph":[{"@type":"Article","@id":"https:\/\/www.africa-press.net\/niger\/politique\/le-premier-ministre-recoit-lambassadeur-de-la-republique-populaire-de-chine#article","isPartOf":{"@id":"https:\/\/www.africa-press.net\/niger\/politique\/le-premier-ministre-recoit-lambassadeur-de-la-republique-populaire-de-chine"},"author":{"name":"cfeditorfr","@id":"https:\/\/www.africa-press.net\/niger\/#\/schema\/person\/2b1cf3cd81a31e3cd26889ca66d677f1"},"headline":"Le Premier ministre re\u00e7oit l&rsquo;ambassadeur de la R\u00e9publique populaire de Chine","datePublished":"2024-03-11T19:47:32+00:00","dateModified":"2024-03-11T20:15:43+00:00","mainEntityOfPage":{"@id":"https:\/\/www.africa-press.net\/niger\/politique\/le-premier-ministre-recoit-lambassadeur-de-la-republique-populaire-de-chine"},"wordCount":286,"commentCount":0,"image":{"@id":"https:\/\/www.africa-press.net\/niger\/politique\/le-premier-ministre-recoit-lambassadeur-de-la-republique-populaire-de-chine#primaryimage"},"thumbnailUrl":"https:\/\/static.africa-press.net\/niger\/sites\/40\/2024\/03\/sm_1710174278.825006.jpg","keywords":["Africa Press","Africa Press-Niger","Niger"],"articleSection":["Politique","Top Nouvelles","Toutes les actualit\u00e9s"],"inLanguage":"fr-FR","potentialAction":[{"@type":"CommentAction","name":"Comment","target":["https:\/\/www.africa-press.net\/niger\/politique\/le-premier-ministre-recoit-lambassadeur-de-la-republique-populaire-de-chine#respond"]}]},{"@type":"WebPage","@id":"https:\/\/www.africa-press.net\/niger\/politique\/le-premier-ministre-recoit-lambassadeur-de-la-republique-populaire-de-chine","url":"https:\/\/www.africa-press.net\/niger\/politique\/le-premier-ministre-recoit-lambassadeur-de-la-republique-populaire-de-chine","name":"Le Premier ministre re\u00e7oit l'ambassadeur de la R\u00e9publique populaire de Chine - niger","isPartOf":{"@id":"https:\/\/www.africa-press.net\/niger\/#website"},"primaryImageOfPage":{"@id":"https:\/\/www.africa-press.net\/niger\/politique\/le-premier-ministre-recoit-lambassadeur-de-la-republique-populaire-de-chine#primaryimage"},"image":{"@id":"https:\/\/www.africa-press.net\/niger\/politique\/le-premier-ministre-recoit-lambassadeur-de-la-republique-populaire-de-chine#primaryimage"},"thumbnailUrl":"https:\/\/static.africa-press.net\/niger\/sites\/40\/2024\/03\/sm_1710174278.825006.jpg","datePublished":"2024-03-11T19:47:32+00:00","dateModified":"2024-03-11T20:15:43+00:00","author":{"@id":"https:\/\/www.africa-press.net\/niger\/#\/schema\/person\/2b1cf3cd81a31e3cd26889ca66d677f1"},"description":"Le Premier Ministre, Ministre des finances, M. Ali Mahamane Lamine Zeine a rec\u0327u, ce lundi 11 mars 2024 a\u0300 son cabinet, ...","breadcrumb":{"@id":"https:\/\/www.africa-press.net\/niger\/politique\/le-premier-ministre-recoit-lambassadeur-de-la-republique-populaire-de-chine#breadcrumb"},"inLanguage":"fr-FR","potentialAction":[{"@type":"ReadAction","target":["https:\/\/www.africa-press.net\/niger\/politique\/le-premier-ministre-recoit-lambassadeur-de-la-republique-populaire-de-chine"]}]},{"@type":"ImageObject","inLanguage":"fr-FR","@id":"https:\/\/www.africa-press.net\/niger\/politique\/le-premier-ministre-recoit-lambassadeur-de-la-republique-populaire-de-chine#primaryimage","url":"https:\/\/static.africa-press.net\/niger\/sites\/40\/2024\/03\/sm_1710174278.825006.jpg","contentUrl":"https:\/\/static.africa-press.net\/niger\/sites\/40\/2024\/03\/sm_1710174278.825006.jpg","width":1556,"height":1038,"caption":"Le Premier ministre re\u00e7oit l'ambassadeur de la R\u00e9publique populaire de Chine"},{"@type":"BreadcrumbList","@id":"https:\/\/www.africa-press.net\/niger\/politique\/le-premier-ministre-recoit-lambassadeur-de-la-republique-populaire-de-chine#breadcrumb","itemListElement":[{"@type":"ListItem","position":1,"name":"Accueil","item":"https:\/\/www.africa-press.net\/niger\/"},{"@type":"ListItem","position":2,"name":"Le Premier ministre re\u00e7oit l&#8217;ambassadeur de la R\u00e9publique populaire de Chine"}]},{"@type":"WebSite","@id":"https:\/\/www.africa-press.net\/niger\/#website","url":"https:\/\/www.africa-press.net\/niger\/","name":"niger","description":"Just another Africa News Agency Sites site","potentialAction":[{"@type":"SearchAction","target":{"@type":"EntryPoint","urlTemplate":"https:\/\/www.africa-press.net\/niger\/?s={search_term_string}"},"query-input":{"@type":"PropertyValueSpecification","valueRequired":true,"valueName":"search_term_string"}}],"inLanguage":"fr-FR"},{"@type":"Person","@id":"https:\/\/www.africa-press.net\/niger\/#\/schema\/person\/2b1cf3cd81a31e3cd26889ca66d677f1","name":"cfeditorfr"}]}},"_links":{"self":[{"href":"https:\/\/www.africa-press.net\/niger\/wp-json\/wp\/v2\/posts\/59740","targetHints":{"allow":["GET"]}}],"collection":[{"href":"https:\/\/www.africa-press.net\/niger\/wp-json\/wp\/v2\/posts"}],"about":[{"href":"https:\/\/www.africa-press.net\/niger\/wp-json\/wp\/v2\/types\/post"}],"author":[{"embeddable":true,"href":"https:\/\/www.africa-press.net\/niger\/wp-json\/wp\/v2\/users\/82"}],"replies":[{"embeddable":true,"href":"https:\/\/www.africa-press.net\/niger\/wp-json\/wp\/v2\/comments?post=59740"}],"version-history":[{"count":0,"href":"https:\/\/www.africa-press.net\/niger\/wp-json\/wp\/v2\/posts\/59740\/revisions"}],"wp:featuredmedia":[{"embeddable":true,"href":"https:\/\/www.africa-press.net\/niger\/wp-json\/wp\/v2\/media\/59739"}],"wp:attachment":[{"href":"https:\/\/www.africa-press.net\/niger\/wp-json\/wp\/v2\/media?parent=59740"}],"wp:term":[{"taxonomy":"category","embeddable":true,"href":"https:\/\/www.africa-press.net\/niger\/wp-json\/wp\/v2\/categories?post=59740"},{"taxonomy":"post_tag","embeddable":true,"href":"https:\/\/www.africa-press.net\/niger\/wp-json\/wp\/v2\/tags?post=59740"}],"curies":[{"name":"wp","href":"https:\/\/api.w.org\/{rel}","templated":true}]}}