{"id":59767,"date":"2024-03-12T16:46:09","date_gmt":"2024-03-12T16:46:09","guid":{"rendered":"https:\/\/www.africa-press.net\/niger\/politique\/point-de-presse-du-ministre-du-commerce-et-de-lindustrie-le-sucre-disponible-sur-le-marche-est-propre-a-la-consommation-humaine-a-rassure-m-seydou-asman"},"modified":"2024-03-12T18:47:10","modified_gmt":"2024-03-12T18:47:10","slug":"point-de-presse-du-ministre-du-commerce-et-de-lindustrie-le-sucre-disponible-sur-le-marche-est-propre-a-la-consommation-humaine-a-rassure-m-seydou-asman","status":"publish","type":"post","link":"https:\/\/www.africa-press.net\/niger\/economie\/point-de-presse-du-ministre-du-commerce-et-de-lindustrie-le-sucre-disponible-sur-le-marche-est-propre-a-la-consommation-humaine-a-rassure-m-seydou-asman","title":{"rendered":"Point de presse du ministre du Commerce et de l\u2019Industrie : \u00ab Le sucre disponible sur le march\u00e9 est propre \u00e0 la consommation humaine \u00bb, a rassur\u00e9 M. Seydou Asman"},"content":{"rendered":"<p><span style=\"color: #ff6600\"><strong>Africa-Press &#8211; Niger. <\/strong><\/span><b>Le ministre du Commerce et de l\u2019Industrie, M. Seydou Asman a anime\u0301, le vendredi 08 mars 2024, un point de presse relatif a\u0300 une vide\u0301o qui a circule\u0301 le jeudi 06 mars 2024 faisant e\u0301tat de la pre\u0301sence d\u2019un sucre gluant sur le marche\u0301. Une sortie me\u0301diatique au cours de laquelle, il a appele\u0301 la population a\u0300 plus de collaboration avec les services techniques de son de\u0301partement ministe\u0301riel en de\u0301nonc\u0327ant toute pratique illicite et spe\u0301culative constate\u0301e sur le marche\u0301.<\/b><\/p>\n<p>En ce qui concerne le sucre gluant, a explique\u0301 M. Seydou Asman, les services du Ministe\u0300re ont retrouve\u0301 l\u2019auteur de la vide\u0301o et un pre\u0301le\u0300vement d\u2019e\u0301chantillon de ce sucre a e\u0301te\u0301 fait. Apre\u0300s l\u2019analyse, il en ressort que c\u2019est de sucre industriel appele\u0301 \u2018\u2019sucre inverti\u2019\u2019 utilise\u0301 en pa\u0302tisserie et dans les brasseries. Ce type du sucre existe sous forme granule\u0301e et liquide. Pour la forme en granule\u0301, il suffit d\u2019y ajouter un liquide quelconque pour qu\u2019il devienne gluant. Les e\u0301quipes ont e\u0301galement sillonne\u0301 la ville de Niamey pour mener des inspections sur les diffe\u0301rentes varie\u0301te\u0301s de sucres disponibles sur le marche\u0301 et il en ressort que le sucre disponible sur le marche\u0301 est propre a\u0300 la consommation humaine.<\/p>\n<p>Aussi, a rassure\u0301 le ministre du Commerce et de l\u2019Industrie, les services compe\u0301tents ont toujours effectue\u0301 des contro\u0302les sur les produits de grande consommation (Riz, Farine de ble\u0301, huiles, mil, sorgho, sucre, jus, hydrocarbures, gaz, compteurs d\u2019e\u0301lectricite\u0301 etc&#8230;) et cela, sur toute l\u2019e\u0301tendue du territoire. Ces contro\u0302les ont permis au Ministe\u0300re en charge du Commerce d\u2019obtenir plusieurs re\u0301sultats dont la saisine, a\u0300 Niamey, de plus de cent (100) tonnes de produits pe\u0301rime\u0301s, prohibe\u0301s et non conformes a\u0300 la consommation, d\u2019une valeur estime\u0301e a\u0300 plus de 300.000.000 FCFA, la saisie de plusieurs sacs de riz pour pratique de prix illicite ou non-respect du poids ; la vente directe aux consommateurs par la brigade de contro\u0302le des activite\u0301s e\u0301conomiques de plusieurs tonnes de riz appartenant a\u0300 certains spe\u0301culateurs. Aussi, des amendes transactionnelles ont e\u0301te\u0301 inflige\u0301es a\u0300 certains commerc\u0327ants et verse\u0301es au Tre\u0301sor national.<\/p>\n<p>Par ailleurs, a soutenu le ministre en charge du Commerce et de l\u2019Industrie, il est important de rappeler qu\u2019avec l\u2019appui des plus hautes autorite\u0301s et gra\u0302ce a\u0300 la collaboration entre le Ministe\u0300re et les ope\u0301rateurs e\u0301conomiques, notre pays a e\u0301te\u0301 re\u0301gulie\u0300rement approvisionne\u0301 en produits de grande consommation malgre\u0301 les sanctions dont le Niger a e\u0301te\u0301 victime. \u00ab C\u2019est en ce sens que nous avons proce\u0301de\u0301 a\u0300 la de\u0301livrance de plusieurs autorisations d\u2019importation de riz, d\u2019autorisations de ventes promotionnelles pour permettre aux commerc\u0327ants d\u2019e\u0301couler les produits a\u0300 des prix incitatifs et la fixation du prix plafond du riz brisure 5 et 25% \u00bb, a souligne\u0301 le ministre Seydou Asman.<\/p>\n<p>Comme perspectives, a-t-il fait savoir, le Ministe\u0300re envisage l\u2019ope\u0301rationnalisation du contro\u0302le de qualite\u0301 des produits au niveau des frontie\u0300res et la certification des produits locaux avant leur commercialisation ; l\u2019intensification du contro\u0302le des activite\u0301s e\u0301conomiques sur toute l\u2019e\u0301tendue du territoire ; l\u2019accompagnement des unite\u0301s industrielles a\u0300 mieux transformer les produits locaux.<\/p>\n<p>&nbsp;<\/p>\n<p><strong>Pour plus d&rsquo;informations et d&rsquo;analyses sur la <a href=\"https:\/\/www.africa-press.net\/niger\">Niger<\/a>, suivez <a href=\"https:\/\/www.africa-press.net\/\">Africa-Press<\/a><\/strong><\/p>\n","protected":false},"excerpt":{"rendered":"<p>Africa-Press &#8211; Niger. Le ministre du Commerce et de l\u2019Industrie, M. Seydou Asman a anime\u0301, le vendredi 08 mars 2024, un point de presse relatif a\u0300 une vide\u0301o qui a circule\u0301 le jeudi 06 mars 2024 faisant e\u0301tat de la pre\u0301sence d\u2019un sucre gluant sur le marche\u0301. Une sortie me\u0301diatique au cours de laquelle, il [&hellip;]<\/p>\n","protected":false},"author":82,"featured_media":59766,"comment_status":"open","ping_status":"closed","sticky":false,"template":"","format":"standard","meta":{"footnotes":""},"categories":[3,10],"tags":[55,60,29],"class_list":["post-59767","post","type-post","status-publish","format-standard","has-post-thumbnail","hentry","category-economie","category-toutes-les-actualites","tag-africa-press","tag-africa-press-niger","tag-niger"],"yoast_head":"<!-- This site is optimized with the Yoast SEO Premium plugin v26.1 (Yoast SEO v27.0) - https:\/\/yoast.com\/product\/yoast-seo-premium-wordpress\/ -->\n<title>Point de presse du ministre du Commerce et de l\u2019Industrie : \u00ab Le sucre disponible sur le march\u00e9 est propre \u00e0 la consommation humaine \u00bb, a rassur\u00e9 M. Seydou Asman - niger<\/title>\n<meta name=\"description\" content=\"Le ministre du Commerce et de l\u2019Industrie, M. Seydou Asman a anime\u0301, le vendredi 08 mars 2024, un point de presse rel ...\" \/>\n<meta name=\"robots\" content=\"index, follow, max-snippet:-1, max-image-preview:large, max-video-preview:-1\" \/>\n<link rel=\"canonical\" href=\"https:\/\/www.africa-press.net\/niger\/economie\/point-de-presse-du-ministre-du-commerce-et-de-lindustrie-le-sucre-disponible-sur-le-marche-est-propre-a-la-consommation-humaine-a-rassure-m-seydou-asman\" \/>\n<meta property=\"og:locale\" content=\"fr_FR\" \/>\n<meta property=\"og:type\" content=\"article\" \/>\n<meta property=\"og:title\" content=\"Point de presse du ministre du Commerce et de l\u2019Industrie : \u00ab Le sucre disponible sur le march\u00e9 est propre \u00e0 la consommation humaine \u00bb, a rassur\u00e9 M. Seydou Asman\" \/>\n<meta property=\"og:description\" content=\"Le ministre du Commerce et de l\u2019Industrie, M. Seydou Asman a anime\u0301, le vendredi 08 mars 2024, un point de presse rel ...\" \/>\n<meta property=\"og:url\" content=\"https:\/\/www.africa-press.net\/niger\/economie\/point-de-presse-du-ministre-du-commerce-et-de-lindustrie-le-sucre-disponible-sur-le-marche-est-propre-a-la-consommation-humaine-a-rassure-m-seydou-asman\" \/>\n<meta property=\"og:site_name\" content=\"niger\" \/>\n<meta property=\"article:published_time\" content=\"2024-03-12T16:46:09+00:00\" \/>\n<meta property=\"article:modified_time\" content=\"2024-03-12T18:47:10+00:00\" \/>\n<meta property=\"og:image\" content=\"https:\/\/static.africa-press.net\/niger\/sites\/40\/2024\/03\/sm_1710253567.377552.jpg\" \/>\n\t<meta property=\"og:image:width\" content=\"800\" \/>\n\t<meta property=\"og:image:height\" content=\"534\" \/>\n\t<meta property=\"og:image:type\" content=\"image\/jpeg\" \/>\n<meta name=\"author\" content=\"cfeditorfr\" \/>\n<meta name=\"twitter:card\" content=\"summary_large_image\" \/>\n<meta name=\"twitter:label1\" content=\"\u00c9crit par\" \/>\n\t<meta name=\"twitter:data1\" content=\"cfeditorfr\" \/>\n\t<meta name=\"twitter:label2\" content=\"Dur\u00e9e de lecture estim\u00e9e\" \/>\n\t<meta name=\"twitter:data2\" content=\"3 minutes\" \/>\n<script type=\"application\/ld+json\" class=\"yoast-schema-graph\">{\"@context\":\"https:\/\/schema.org\",\"@graph\":[{\"@type\":\"Article\",\"@id\":\"https:\/\/www.africa-press.net\/niger\/economie\/point-de-presse-du-ministre-du-commerce-et-de-lindustrie-le-sucre-disponible-sur-le-marche-est-propre-a-la-consommation-humaine-a-rassure-m-seydou-asman#article\",\"isPartOf\":{\"@id\":\"https:\/\/www.africa-press.net\/niger\/economie\/point-de-presse-du-ministre-du-commerce-et-de-lindustrie-le-sucre-disponible-sur-le-marche-est-propre-a-la-consommation-humaine-a-rassure-m-seydou-asman\"},\"author\":{\"name\":\"cfeditorfr\",\"@id\":\"https:\/\/www.africa-press.net\/niger\/#\/schema\/person\/2b1cf3cd81a31e3cd26889ca66d677f1\"},\"headline\":\"Point de presse du ministre du Commerce et de l\u2019Industrie : \u00ab Le sucre disponible sur le march\u00e9 est propre \u00e0 la consommation humaine \u00bb, a rassur\u00e9 M. Seydou Asman\",\"datePublished\":\"2024-03-12T16:46:09+00:00\",\"dateModified\":\"2024-03-12T18:47:10+00:00\",\"mainEntityOfPage\":{\"@id\":\"https:\/\/www.africa-press.net\/niger\/economie\/point-de-presse-du-ministre-du-commerce-et-de-lindustrie-le-sucre-disponible-sur-le-marche-est-propre-a-la-consommation-humaine-a-rassure-m-seydou-asman\"},\"wordCount\":617,\"commentCount\":0,\"image\":{\"@id\":\"https:\/\/www.africa-press.net\/niger\/economie\/point-de-presse-du-ministre-du-commerce-et-de-lindustrie-le-sucre-disponible-sur-le-marche-est-propre-a-la-consommation-humaine-a-rassure-m-seydou-asman#primaryimage\"},\"thumbnailUrl\":\"https:\/\/static.africa-press.net\/niger\/sites\/40\/2024\/03\/sm_1710253567.377552.jpg\",\"keywords\":[\"Africa Press\",\"Africa Press-Niger\",\"Niger\"],\"articleSection\":[\"\u00c9conomie\",\"Toutes les actualit\u00e9s\"],\"inLanguage\":\"fr-FR\",\"potentialAction\":[{\"@type\":\"CommentAction\",\"name\":\"Comment\",\"target\":[\"https:\/\/www.africa-press.net\/niger\/economie\/point-de-presse-du-ministre-du-commerce-et-de-lindustrie-le-sucre-disponible-sur-le-marche-est-propre-a-la-consommation-humaine-a-rassure-m-seydou-asman#respond\"]}]},{\"@type\":\"WebPage\",\"@id\":\"https:\/\/www.africa-press.net\/niger\/economie\/point-de-presse-du-ministre-du-commerce-et-de-lindustrie-le-sucre-disponible-sur-le-marche-est-propre-a-la-consommation-humaine-a-rassure-m-seydou-asman\",\"url\":\"https:\/\/www.africa-press.net\/niger\/economie\/point-de-presse-du-ministre-du-commerce-et-de-lindustrie-le-sucre-disponible-sur-le-marche-est-propre-a-la-consommation-humaine-a-rassure-m-seydou-asman\",\"name\":\"Point de presse du ministre du Commerce et de l\u2019Industrie : \u00ab Le sucre disponible sur le march\u00e9 est propre \u00e0 la consommation humaine \u00bb, a rassur\u00e9 M. Seydou Asman - niger\",\"isPartOf\":{\"@id\":\"https:\/\/www.africa-press.net\/niger\/#website\"},\"primaryImageOfPage\":{\"@id\":\"https:\/\/www.africa-press.net\/niger\/economie\/point-de-presse-du-ministre-du-commerce-et-de-lindustrie-le-sucre-disponible-sur-le-marche-est-propre-a-la-consommation-humaine-a-rassure-m-seydou-asman#primaryimage\"},\"image\":{\"@id\":\"https:\/\/www.africa-press.net\/niger\/economie\/point-de-presse-du-ministre-du-commerce-et-de-lindustrie-le-sucre-disponible-sur-le-marche-est-propre-a-la-consommation-humaine-a-rassure-m-seydou-asman#primaryimage\"},\"thumbnailUrl\":\"https:\/\/static.africa-press.net\/niger\/sites\/40\/2024\/03\/sm_1710253567.377552.jpg\",\"datePublished\":\"2024-03-12T16:46:09+00:00\",\"dateModified\":\"2024-03-12T18:47:10+00:00\",\"author\":{\"@id\":\"https:\/\/www.africa-press.net\/niger\/#\/schema\/person\/2b1cf3cd81a31e3cd26889ca66d677f1\"},\"description\":\"Le ministre du Commerce et de l\u2019Industrie, M. Seydou Asman a anime\u0301, le vendredi 08 mars 2024, un point de presse rel ...\",\"breadcrumb\":{\"@id\":\"https:\/\/www.africa-press.net\/niger\/economie\/point-de-presse-du-ministre-du-commerce-et-de-lindustrie-le-sucre-disponible-sur-le-marche-est-propre-a-la-consommation-humaine-a-rassure-m-seydou-asman#breadcrumb\"},\"inLanguage\":\"fr-FR\",\"potentialAction\":[{\"@type\":\"ReadAction\",\"target\":[\"https:\/\/www.africa-press.net\/niger\/economie\/point-de-presse-du-ministre-du-commerce-et-de-lindustrie-le-sucre-disponible-sur-le-marche-est-propre-a-la-consommation-humaine-a-rassure-m-seydou-asman\"]}]},{\"@type\":\"ImageObject\",\"inLanguage\":\"fr-FR\",\"@id\":\"https:\/\/www.africa-press.net\/niger\/economie\/point-de-presse-du-ministre-du-commerce-et-de-lindustrie-le-sucre-disponible-sur-le-marche-est-propre-a-la-consommation-humaine-a-rassure-m-seydou-asman#primaryimage\",\"url\":\"https:\/\/static.africa-press.net\/niger\/sites\/40\/2024\/03\/sm_1710253567.377552.jpg\",\"contentUrl\":\"https:\/\/static.africa-press.net\/niger\/sites\/40\/2024\/03\/sm_1710253567.377552.jpg\",\"width\":800,\"height\":534,\"caption\":\"Point de presse du ministre du Commerce et de l\u2019Industrie : \u00ab Le sucre disponible sur le march\u00e9 est propre \u00e0 la consommation humaine \u00bb, a rassur\u00e9 M. Seydou Asman\"},{\"@type\":\"BreadcrumbList\",\"@id\":\"https:\/\/www.africa-press.net\/niger\/economie\/point-de-presse-du-ministre-du-commerce-et-de-lindustrie-le-sucre-disponible-sur-le-marche-est-propre-a-la-consommation-humaine-a-rassure-m-seydou-asman#breadcrumb\",\"itemListElement\":[{\"@type\":\"ListItem\",\"position\":1,\"name\":\"Accueil\",\"item\":\"https:\/\/www.africa-press.net\/niger\/\"},{\"@type\":\"ListItem\",\"position\":2,\"name\":\"Point de presse du ministre du Commerce et de l\u2019Industrie : \u00ab Le sucre disponible sur le march\u00e9 est propre \u00e0 la consommation humaine \u00bb, a rassur\u00e9 M. Seydou Asman\"}]},{\"@type\":\"WebSite\",\"@id\":\"https:\/\/www.africa-press.net\/niger\/#website\",\"url\":\"https:\/\/www.africa-press.net\/niger\/\",\"name\":\"niger\",\"description\":\"Just another Africa News Agency Sites site\",\"potentialAction\":[{\"@type\":\"SearchAction\",\"target\":{\"@type\":\"EntryPoint\",\"urlTemplate\":\"https:\/\/www.africa-press.net\/niger\/?s={search_term_string}\"},\"query-input\":{\"@type\":\"PropertyValueSpecification\",\"valueRequired\":true,\"valueName\":\"search_term_string\"}}],\"inLanguage\":\"fr-FR\"},{\"@type\":\"Person\",\"@id\":\"https:\/\/www.africa-press.net\/niger\/#\/schema\/person\/2b1cf3cd81a31e3cd26889ca66d677f1\",\"name\":\"cfeditorfr\"}]}<\/script>\n<!-- \/ Yoast SEO Premium plugin. -->","yoast_head_json":{"title":"Point de presse du ministre du Commerce et de l\u2019Industrie : \u00ab Le sucre disponible sur le march\u00e9 est propre \u00e0 la consommation humaine \u00bb, a rassur\u00e9 M. Seydou Asman - niger","description":"Le ministre du Commerce et de l\u2019Industrie, M. Seydou Asman a anime\u0301, le vendredi 08 mars 2024, un point de presse rel ...","robots":{"index":"index","follow":"follow","max-snippet":"max-snippet:-1","max-image-preview":"max-image-preview:large","max-video-preview":"max-video-preview:-1"},"canonical":"https:\/\/www.africa-press.net\/niger\/economie\/point-de-presse-du-ministre-du-commerce-et-de-lindustrie-le-sucre-disponible-sur-le-marche-est-propre-a-la-consommation-humaine-a-rassure-m-seydou-asman","og_locale":"fr_FR","og_type":"article","og_title":"Point de presse du ministre du Commerce et de l\u2019Industrie : \u00ab Le sucre disponible sur le march\u00e9 est propre \u00e0 la consommation humaine \u00bb, a rassur\u00e9 M. Seydou Asman","og_description":"Le ministre du Commerce et de l\u2019Industrie, M. Seydou Asman a anime\u0301, le vendredi 08 mars 2024, un point de presse rel ...","og_url":"https:\/\/www.africa-press.net\/niger\/economie\/point-de-presse-du-ministre-du-commerce-et-de-lindustrie-le-sucre-disponible-sur-le-marche-est-propre-a-la-consommation-humaine-a-rassure-m-seydou-asman","og_site_name":"niger","article_published_time":"2024-03-12T16:46:09+00:00","article_modified_time":"2024-03-12T18:47:10+00:00","og_image":[{"width":800,"height":534,"url":"https:\/\/static.africa-press.net\/niger\/sites\/40\/2024\/03\/sm_1710253567.377552.jpg","type":"image\/jpeg"}],"author":"cfeditorfr","twitter_card":"summary_large_image","twitter_misc":{"\u00c9crit par":"cfeditorfr","Dur\u00e9e de lecture estim\u00e9e":"3 minutes"},"schema":{"@context":"https:\/\/schema.org","@graph":[{"@type":"Article","@id":"https:\/\/www.africa-press.net\/niger\/economie\/point-de-presse-du-ministre-du-commerce-et-de-lindustrie-le-sucre-disponible-sur-le-marche-est-propre-a-la-consommation-humaine-a-rassure-m-seydou-asman#article","isPartOf":{"@id":"https:\/\/www.africa-press.net\/niger\/economie\/point-de-presse-du-ministre-du-commerce-et-de-lindustrie-le-sucre-disponible-sur-le-marche-est-propre-a-la-consommation-humaine-a-rassure-m-seydou-asman"},"author":{"name":"cfeditorfr","@id":"https:\/\/www.africa-press.net\/niger\/#\/schema\/person\/2b1cf3cd81a31e3cd26889ca66d677f1"},"headline":"Point de presse du ministre du Commerce et de l\u2019Industrie : \u00ab Le sucre disponible sur le march\u00e9 est propre \u00e0 la consommation humaine \u00bb, a rassur\u00e9 M. Seydou Asman","datePublished":"2024-03-12T16:46:09+00:00","dateModified":"2024-03-12T18:47:10+00:00","mainEntityOfPage":{"@id":"https:\/\/www.africa-press.net\/niger\/economie\/point-de-presse-du-ministre-du-commerce-et-de-lindustrie-le-sucre-disponible-sur-le-marche-est-propre-a-la-consommation-humaine-a-rassure-m-seydou-asman"},"wordCount":617,"commentCount":0,"image":{"@id":"https:\/\/www.africa-press.net\/niger\/economie\/point-de-presse-du-ministre-du-commerce-et-de-lindustrie-le-sucre-disponible-sur-le-marche-est-propre-a-la-consommation-humaine-a-rassure-m-seydou-asman#primaryimage"},"thumbnailUrl":"https:\/\/static.africa-press.net\/niger\/sites\/40\/2024\/03\/sm_1710253567.377552.jpg","keywords":["Africa Press","Africa Press-Niger","Niger"],"articleSection":["\u00c9conomie","Toutes les actualit\u00e9s"],"inLanguage":"fr-FR","potentialAction":[{"@type":"CommentAction","name":"Comment","target":["https:\/\/www.africa-press.net\/niger\/economie\/point-de-presse-du-ministre-du-commerce-et-de-lindustrie-le-sucre-disponible-sur-le-marche-est-propre-a-la-consommation-humaine-a-rassure-m-seydou-asman#respond"]}]},{"@type":"WebPage","@id":"https:\/\/www.africa-press.net\/niger\/economie\/point-de-presse-du-ministre-du-commerce-et-de-lindustrie-le-sucre-disponible-sur-le-marche-est-propre-a-la-consommation-humaine-a-rassure-m-seydou-asman","url":"https:\/\/www.africa-press.net\/niger\/economie\/point-de-presse-du-ministre-du-commerce-et-de-lindustrie-le-sucre-disponible-sur-le-marche-est-propre-a-la-consommation-humaine-a-rassure-m-seydou-asman","name":"Point de presse du ministre du Commerce et de l\u2019Industrie : \u00ab Le sucre disponible sur le march\u00e9 est propre \u00e0 la consommation humaine \u00bb, a rassur\u00e9 M. Seydou Asman - niger","isPartOf":{"@id":"https:\/\/www.africa-press.net\/niger\/#website"},"primaryImageOfPage":{"@id":"https:\/\/www.africa-press.net\/niger\/economie\/point-de-presse-du-ministre-du-commerce-et-de-lindustrie-le-sucre-disponible-sur-le-marche-est-propre-a-la-consommation-humaine-a-rassure-m-seydou-asman#primaryimage"},"image":{"@id":"https:\/\/www.africa-press.net\/niger\/economie\/point-de-presse-du-ministre-du-commerce-et-de-lindustrie-le-sucre-disponible-sur-le-marche-est-propre-a-la-consommation-humaine-a-rassure-m-seydou-asman#primaryimage"},"thumbnailUrl":"https:\/\/static.africa-press.net\/niger\/sites\/40\/2024\/03\/sm_1710253567.377552.jpg","datePublished":"2024-03-12T16:46:09+00:00","dateModified":"2024-03-12T18:47:10+00:00","author":{"@id":"https:\/\/www.africa-press.net\/niger\/#\/schema\/person\/2b1cf3cd81a31e3cd26889ca66d677f1"},"description":"Le ministre du Commerce et de l\u2019Industrie, M. Seydou Asman a anime\u0301, le vendredi 08 mars 2024, un point de presse rel ...","breadcrumb":{"@id":"https:\/\/www.africa-press.net\/niger\/economie\/point-de-presse-du-ministre-du-commerce-et-de-lindustrie-le-sucre-disponible-sur-le-marche-est-propre-a-la-consommation-humaine-a-rassure-m-seydou-asman#breadcrumb"},"inLanguage":"fr-FR","potentialAction":[{"@type":"ReadAction","target":["https:\/\/www.africa-press.net\/niger\/economie\/point-de-presse-du-ministre-du-commerce-et-de-lindustrie-le-sucre-disponible-sur-le-marche-est-propre-a-la-consommation-humaine-a-rassure-m-seydou-asman"]}]},{"@type":"ImageObject","inLanguage":"fr-FR","@id":"https:\/\/www.africa-press.net\/niger\/economie\/point-de-presse-du-ministre-du-commerce-et-de-lindustrie-le-sucre-disponible-sur-le-marche-est-propre-a-la-consommation-humaine-a-rassure-m-seydou-asman#primaryimage","url":"https:\/\/static.africa-press.net\/niger\/sites\/40\/2024\/03\/sm_1710253567.377552.jpg","contentUrl":"https:\/\/static.africa-press.net\/niger\/sites\/40\/2024\/03\/sm_1710253567.377552.jpg","width":800,"height":534,"caption":"Point de presse du ministre du Commerce et de l\u2019Industrie : \u00ab Le sucre disponible sur le march\u00e9 est propre \u00e0 la consommation humaine \u00bb, a rassur\u00e9 M. Seydou Asman"},{"@type":"BreadcrumbList","@id":"https:\/\/www.africa-press.net\/niger\/economie\/point-de-presse-du-ministre-du-commerce-et-de-lindustrie-le-sucre-disponible-sur-le-marche-est-propre-a-la-consommation-humaine-a-rassure-m-seydou-asman#breadcrumb","itemListElement":[{"@type":"ListItem","position":1,"name":"Accueil","item":"https:\/\/www.africa-press.net\/niger\/"},{"@type":"ListItem","position":2,"name":"Point de presse du ministre du Commerce et de l\u2019Industrie : \u00ab Le sucre disponible sur le march\u00e9 est propre \u00e0 la consommation humaine \u00bb, a rassur\u00e9 M. Seydou Asman"}]},{"@type":"WebSite","@id":"https:\/\/www.africa-press.net\/niger\/#website","url":"https:\/\/www.africa-press.net\/niger\/","name":"niger","description":"Just another Africa News Agency Sites site","potentialAction":[{"@type":"SearchAction","target":{"@type":"EntryPoint","urlTemplate":"https:\/\/www.africa-press.net\/niger\/?s={search_term_string}"},"query-input":{"@type":"PropertyValueSpecification","valueRequired":true,"valueName":"search_term_string"}}],"inLanguage":"fr-FR"},{"@type":"Person","@id":"https:\/\/www.africa-press.net\/niger\/#\/schema\/person\/2b1cf3cd81a31e3cd26889ca66d677f1","name":"cfeditorfr"}]}},"_links":{"self":[{"href":"https:\/\/www.africa-press.net\/niger\/wp-json\/wp\/v2\/posts\/59767","targetHints":{"allow":["GET"]}}],"collection":[{"href":"https:\/\/www.africa-press.net\/niger\/wp-json\/wp\/v2\/posts"}],"about":[{"href":"https:\/\/www.africa-press.net\/niger\/wp-json\/wp\/v2\/types\/post"}],"author":[{"embeddable":true,"href":"https:\/\/www.africa-press.net\/niger\/wp-json\/wp\/v2\/users\/82"}],"replies":[{"embeddable":true,"href":"https:\/\/www.africa-press.net\/niger\/wp-json\/wp\/v2\/comments?post=59767"}],"version-history":[{"count":0,"href":"https:\/\/www.africa-press.net\/niger\/wp-json\/wp\/v2\/posts\/59767\/revisions"}],"wp:featuredmedia":[{"embeddable":true,"href":"https:\/\/www.africa-press.net\/niger\/wp-json\/wp\/v2\/media\/59766"}],"wp:attachment":[{"href":"https:\/\/www.africa-press.net\/niger\/wp-json\/wp\/v2\/media?parent=59767"}],"wp:term":[{"taxonomy":"category","embeddable":true,"href":"https:\/\/www.africa-press.net\/niger\/wp-json\/wp\/v2\/categories?post=59767"},{"taxonomy":"post_tag","embeddable":true,"href":"https:\/\/www.africa-press.net\/niger\/wp-json\/wp\/v2\/tags?post=59767"}],"curies":[{"name":"wp","href":"https:\/\/api.w.org\/{rel}","templated":true}]}}