{"id":59771,"date":"2024-03-12T16:46:48","date_gmt":"2024-03-12T16:46:48","guid":{"rendered":"https:\/\/www.africa-press.net\/niger\/politique\/ministere-de-laction-humanitaire-et-de-la-gestion-des-catastrophes-renforcement-des-capacites-des-cadres-centraux-et-regionaux"},"modified":"2024-03-12T18:47:31","modified_gmt":"2024-03-12T18:47:31","slug":"ministere-de-laction-humanitaire-et-de-la-gestion-des-catastrophes-renforcement-des-capacites-des-cadres-centraux-et-regionaux","status":"publish","type":"post","link":"https:\/\/www.africa-press.net\/niger\/photo\/ministere-de-laction-humanitaire-et-de-la-gestion-des-catastrophes-renforcement-des-capacites-des-cadres-centraux-et-regionaux","title":{"rendered":"Minist\u00e8re de l\u2019Action Humanitaire et de la Gestion des Catastrophes : Renforcement des capacit\u00e9s des cadres centraux et r\u00e9gionaux"},"content":{"rendered":"<p><span style=\"color: #ff6600\"><strong>Africa-Press &#8211; Niger. <\/strong><\/span><b>Le Ministe\u0300re de l\u2019Action Humanitaire et de la Gestion des Catastrophes (MAH\/ GC) en collaboration avec OCHA, a organise\u0301 du 05 au 07 mars 2024, un atelier de renforcement des capacite\u0301s des cadres centraux et re\u0301gionaux du MAH\/GC en redevabilite\u0301 envers les personnes affecte\u0301es. Place\u0301 sous le the\u0300me \u00ab Un leadership plus outille\u0301 en approche de redevabilite\u0301 et autres the\u0301matiques transversales pour une re\u0301ponse humanitaire efficace et efficiente au Niger \u00bb, cet atelier a pour objectif d\u2019ame\u0301liorer non seulement les connaissances du personnel sur l\u2019approche de redevabilite\u0301, localisation, genre, protection et principes humanitaires, mais aussi de renforcer ses capacite\u0301s sur l\u2019utilisation des outils de l\u2019approche dans la mise en \u0153uvre des interventions humanitaires sur le terrain. Cette ce\u0301re\u0301monie s\u2019est de\u0301roule\u0301e en pre\u0301sence de la Secre\u0301taire Ge\u0301ne\u0301rale du Ministe\u0300re de l\u2019Action Humanitaire et de la Gestion des Catastrophes, de la Repre\u0301sentante par inte\u0301rim du Bureau des Nations Unies pour la Coordination des Affaires Humanitaires (OCHA), de l\u2019Inspecteur Ge\u0301ne\u0301ral de Service, des membres du personnel de l\u2019OCHA, des Directeurs centraux et Re\u0301gionaux ainsi qu\u2019une trentaine de participants.<\/b><\/p>\n<p>Dans son allocution d\u2019ouverture, la Ministre de l\u2019Action Humanitaire et de la Gestion des Catastrophes, Mme Ai\u0308ssa Lawan Wandarama a indique\u0301 que cet atelier est l\u2019expression renouvele\u0301e d\u2019un engagement a\u0300 renforcer l\u2019excellent cadre de partenariat qui existe entre le Bureau des Nations Unies pour la Coordination des Affaires Humanitaires (OCHA) et le Ministe\u0300re de l\u2019Action Humanitaire et de la Gestion des Catastrophes, dans la gestion de la re\u0301ponse humanitaire sur toute l\u2019e\u0301tendue du territoire national.<\/p>\n<p>Mme Ai\u0308ssa Lawan Wandarama a explique\u0301 que le Niger, depuis plusieurs anne\u0301es, fait face a\u0300 de multiples facteurs cumulatifs de vulne\u0301rabilite\u0301, tenant a\u0300 la fois a\u0300 des causes naturelles et anthropiques. Il s\u2019agit principalement des inondations, des e\u0301pisodes de se\u0301cheresse, des e\u0301pide\u0301mies, des e\u0301pizooties, des invasions acridiennes, des mouvements force\u0301s de populations, des incendies, de feux de brousse et de conflits communautaires. Ces multiples facteurs sont a\u0300 la base des crises et des catastrophes re\u0301currentes qui touchent les populations souvent de\u0301pourvues de re\u0301elles capacite\u0301s de re\u0301sistance aux chocs.<\/p>\n<p>La Ministre a de\u0301clare\u0301 que face a\u0300 l\u2019ampleur des de\u0301ga\u0302ts et pertes subis par les communaute\u0301s aussi bien urbaines que rurales, le Gouvernement, avec l\u2019appui de ses partenaires humanitaires a de\u0301veloppe\u0301 et mis en \u0153uvre plusieurs mesures d\u2019atte\u0301nuation, au triple plan se\u0301curitaire et s\u2019est fixe\u0301 comme objectif d\u2019apporter des re\u0301ponses efficaces et de prote\u0301ger les populations affecte\u0301es ou expose\u0301es aux catastrophes afin de minimiser les conse\u0301quences des diffe\u0301rentes situations de chocs.<\/p>\n<p>\u00ab Ce renforcement de capacite\u0301s permettra a\u0300 tous les participants d\u2019internaliser l\u2019approche AAP, d\u2019e\u0302tre mieux outille\u0301s et d\u2019assurer une collecte de donne\u0301es de qualite\u0301 a\u0300 travers des e\u0301valuations participatives. Ces outils permettront d\u2019avoir une situation claire des populations dans le besoin afin de leur apporter des re\u0301ponses approprie\u0301es. Le principe de redevabilite\u0301, nous commande d\u2019accomplir notre devoir avec impartialite\u0301 et traiter les be\u0301ne\u0301ficiaires avec dignite\u0301, de prendre en compte de manie\u0300re proactive les points de vue, les besoins et les priorite\u0301s des populations affecte\u0301es dans les de\u0301cisions que nous prenons, et de communiquer nos intentions et nos de\u0301cisions avec respect et transparence, avec les valeurs culturelles et sociales. Ce principe nous demande de rendre des comptes, non seulement aux populations que nous assistons, mais aussi a\u0300 nos partenaires techniques et financiers ainsi qu\u2019a\u0300 toutes les autres parties prenantes \u00bb, a-t-elle dit.<\/p>\n<p>La redevabilite\u0301 envers les Personnes Affecte\u0301es (AAP), telle que de\u0301finit par Inter Agency Standing Committee (IASC), est l\u2019engagement actif des acteurs humanitaires a\u0300 utiliser leur pouvoir de manie\u0300re responsable pour prendre en compte, rendre compte et e\u0302tre tenus redevables par les personnes qu\u2019ils cherchent a\u0300 aider.<\/p>\n<p>C\u2019est dans ce cadre que, plusieurs modules de formations ont e\u0301te\u0301 dispense\u0301s ainsi que des exercices a\u0300 une trentaine de participants sur, comment comprendre une coordination impliquant davantage les communaute\u0301s et renforcer leur re\u0301silience, comment identifier les de\u0301fis lie\u0301s a\u0300 l\u2019insuffisance d\u2019impliquer les communaute\u0301s affecte\u0301es dans les de\u0301cisions qui les concernent et ses re\u0301percussions sur les autres aspects, comment comprendre les avantages d\u2019inte\u0301grer l\u2019approche AAP dans les re\u0301ponses humanitaires pour les communaute\u0301s, ainsi que des explications entre le genre et la redevabilite\u0301 envers les personnes affecte\u0301es.<\/p>\n<p>D\u2019autres modules sur les techniques d\u2019identification des moyens de communication avec les communaute\u0301s ont e\u0301te\u0301 explique\u0301es ainsi que les moyens et les techniques de faire participer toutes les couches de la communaute\u0301 dans les re\u0301ponses humanitaires, les meilleures me\u0301thodes de collecte et de re\u0301ponse aux feedbacks communautaires pour ame\u0301liorer la qualite\u0301 des re\u0301ponses humanitaires, l\u2019analyse des facteurs favorisant la mise en application de l\u2019agenda de la localisation aupre\u0300s de l\u2019Etat et la restitution de l\u2019analyse des facteurs favorisant la mise en application de l\u2019agenda de la localisation aupre\u0300s de l\u2019Etat.<\/p>\n<p>Les formateurs ont ainsi clo\u0302ture\u0301 l\u2019atelier avec comment examiner le ro\u0302le de la centralite\u0301 de la protection dans les inventions humanitaires, sur l\u2019importance de l\u2019acce\u0300s et le respect des principes humanitaires pour sauver des vies des populations affecte\u0301es par diffe\u0301rents chocs, un rappel sur le principe de ne pas nuire en matie\u0300re d\u2019inclusion des personnes vivant avec un handicap dans les actions humanitaires, et enfin le ro\u0302le du ministe\u0300re qui est de recadrer les actions a\u0300 mener pour une prise en compte holistique des the\u0301matiques transversales dans les interventions du Ministe\u0300re.<\/p>\n<p>A\u0300 l\u2019occasion de la clo\u0302ture de l\u2019atelier de formation sur la redevabilite\u0301, la secre\u0301taire ge\u0301ne\u0301rale du ministe\u0300re de l\u2019action humanitaire et de la gestion des catastrophes, Mme Djibrilou Bintou Mary a indique\u0301 que ce renforcement de capacite\u0301s des cadres du MAHGC, permettra au Ministe\u0300re de l\u2019Action Humanitaire d\u2019atteindre l\u2019objectif qu\u2019il s\u2019est fixe\u0301, d\u2019apporter des re\u0301ponses efficaces et de prote\u0301ger les populations affecte\u0301es ou expose\u0301es aux catastrophes. Elle a ensuite exhorte\u0301 les participants a\u0300 l\u2019internalisation de l\u2019approche AAP, sa prise en compte et a\u0300 son application sur le terrain.<\/p>\n<p><b>Assad Hamadou (ONEP)<\/b><\/p>\n\r\n                <style type=\"text\/css\">\r\n                    \r\n                    #td_uid_1_69efc733dda18  .td-doubleSlider-2 .td-item1 {\r\n                        background: url(https:\/\/static.africa-press.net\/niger\/sites\/40\/2024\/03\/sm_1710253603.562071-80x60.jpg) 0 0 no-repeat;\r\n                    }\r\n                    #td_uid_1_69efc733dda18  .td-doubleSlider-2 .td-item2 {\r\n                        background: url(https:\/\/static.africa-press.net\/niger\/sites\/40\/2024\/03\/sm_1710253619.884401-80x60.jpg) 0 0 no-repeat;\r\n                    }\r\n                <\/style>\r\n\r\n                <div id=\"td_uid_1_69efc733dda18\" class=\"td-gallery td-slide-on-2-columns\">\r\n                    <div class=\"post_td_gallery\">\r\n                        <div class=\"td-gallery-slide-top\">\r\n                           <div class=\"td-gallery-title\"><\/div>\r\n\r\n                            <div class=\"td-gallery-controls-wrapper\">\r\n                                <div class=\"td-gallery-slide-count\"><span class=\"td-gallery-slide-item-focus\">1<\/span> de 2<\/div>\r\n                                <div class=\"td-gallery-slide-prev-next-but\">\r\n                                    <i class = \"td-icon-left doubleSliderPrevButton\"><\/i>\r\n                                    <i class = \"td-icon-right doubleSliderNextButton\"><\/i>\r\n                                <\/div>\r\n                            <\/div>\r\n                        <\/div>\r\n\r\n                        <div class = \"td-doubleSlider-1 \">\r\n                            <div class = \"td-slider\">\r\n                                \r\n                    <div class = \"td-slide-item td-item1\">\r\n                        <figure class=\"td-slide-galery-figure td-slide-popup-gallery\">\r\n                            <a class=\"slide-gallery-image-link\" href=\"https:\/\/static.africa-press.net\/niger\/sites\/40\/2024\/03\/sm_1710253603.562071.jpg\" title=\"sm_1710253603.562071\"  data-caption=\"\"  data-description=\"\">\r\n                                <img decoding=\"async\" src=\"https:\/\/static.africa-press.net\/niger\/sites\/40\/2024\/03\/sm_1710253603.562071.jpg\" srcset=\"https:\/\/static.africa-press.net\/niger\/sites\/40\/2024\/03\/sm_1710253603.562071.jpg 800w, https:\/\/static.africa-press.net\/niger\/sites\/40\/2024\/03\/sm_1710253603.562071-300x200.jpg 300w, https:\/\/static.africa-press.net\/niger\/sites\/40\/2024\/03\/sm_1710253603.562071-768x513.jpg 768w\" sizes=\"(max-width: 800px) 100vw, 800px\" alt=\"\">\r\n                            <\/a>\r\n                            \r\n                        <\/figure>\r\n                    <\/div>\r\n                    <div class = \"td-slide-item td-item2\">\r\n                        <figure class=\"td-slide-galery-figure td-slide-popup-gallery\">\r\n                            <a class=\"slide-gallery-image-link\" href=\"https:\/\/static.africa-press.net\/niger\/sites\/40\/2024\/03\/sm_1710253619.884401.jpg\" title=\"sm_1710253619.884401\"  data-caption=\"\"  data-description=\"\">\r\n                                <img decoding=\"async\" src=\"https:\/\/static.africa-press.net\/niger\/sites\/40\/2024\/03\/sm_1710253619.884401.jpg\" srcset=\"https:\/\/static.africa-press.net\/niger\/sites\/40\/2024\/03\/sm_1710253619.884401.jpg 800w, https:\/\/static.africa-press.net\/niger\/sites\/40\/2024\/03\/sm_1710253619.884401-300x200.jpg 300w, https:\/\/static.africa-press.net\/niger\/sites\/40\/2024\/03\/sm_1710253619.884401-768x513.jpg 768w\" sizes=\"(max-width: 800px) 100vw, 800px\" alt=\"\">\r\n                            <\/a>\r\n                            \r\n                        <\/figure>\r\n                    <\/div>\r\n                            <\/div>\r\n                        <\/div>\r\n\r\n                        <div class = \"td-doubleSlider-2\">\r\n                            <div class = \"td-slider\">\r\n                                \r\n                    <div class = \"td-button td-item1\">\r\n                        <div class = \"td-border\"><\/div>\r\n                    <\/div>\r\n                    <div class = \"td-button td-item2\">\r\n                        <div class = \"td-border\"><\/div>\r\n                    <\/div>\r\n                            <\/div>\r\n                        <\/div>\r\n\r\n                    <\/div>\r\n\r\n                <\/div>\r\n                \n<p><strong>Pour plus d&rsquo;informations et d&rsquo;analyses sur la <a href=\"https:\/\/www.africa-press.net\/niger\">Niger<\/a>, suivez <a href=\"https:\/\/www.africa-press.net\/\">Africa-Press<\/a><\/strong><\/p>\n","protected":false},"excerpt":{"rendered":"<p>Africa-Press &#8211; Niger. Le Ministe\u0300re de l\u2019Action Humanitaire et de la Gestion des Catastrophes (MAH\/ GC) en collaboration avec OCHA, a organise\u0301 du 05 au 07 mars 2024, un atelier de renforcement des capacite\u0301s des cadres centraux et re\u0301gionaux du MAH\/GC en redevabilite\u0301 envers les personnes affecte\u0301es. Place\u0301 sous le the\u0300me \u00ab Un leadership plus [&hellip;]<\/p>\n","protected":false},"author":82,"featured_media":59770,"comment_status":"open","ping_status":"closed","sticky":false,"template":"","format":"standard","meta":{"footnotes":""},"categories":[21,8,10],"tags":[55,60,29],"class_list":["post-59771","post","type-post","status-publish","format-standard","has-post-thumbnail","hentry","category-communaute","category-photo","category-toutes-les-actualites","tag-africa-press","tag-africa-press-niger","tag-niger"],"yoast_head":"<!-- This site is optimized with the Yoast SEO Premium plugin v26.1 (Yoast SEO v27.0) - https:\/\/yoast.com\/product\/yoast-seo-premium-wordpress\/ -->\n<title>Minist\u00e8re de l\u2019Action Humanitaire et de la Gestion des Catastrophes : Renforcement des capacit\u00e9s des cadres centraux et r\u00e9gionaux - niger<\/title>\n<meta name=\"description\" content=\"Le Ministe\u0300re de l\u2019Action Humanitaire et de la Gestion des Catastrophes (MAH\/ GC) en collaboration avec OCHA, a organ ...\" \/>\n<meta name=\"robots\" content=\"index, follow, max-snippet:-1, max-image-preview:large, max-video-preview:-1\" \/>\n<link rel=\"canonical\" href=\"https:\/\/www.africa-press.net\/niger\/photo\/ministere-de-laction-humanitaire-et-de-la-gestion-des-catastrophes-renforcement-des-capacites-des-cadres-centraux-et-regionaux\" \/>\n<meta property=\"og:locale\" content=\"fr_FR\" \/>\n<meta property=\"og:type\" content=\"article\" \/>\n<meta property=\"og:title\" content=\"Minist\u00e8re de l\u2019Action Humanitaire et de la Gestion des Catastrophes : Renforcement des capacit\u00e9s des cadres centraux et r\u00e9gionaux\" \/>\n<meta property=\"og:description\" content=\"Le Ministe\u0300re de l\u2019Action Humanitaire et de la Gestion des Catastrophes (MAH\/ GC) en collaboration avec OCHA, a organ ...\" \/>\n<meta property=\"og:url\" content=\"https:\/\/www.africa-press.net\/niger\/photo\/ministere-de-laction-humanitaire-et-de-la-gestion-des-catastrophes-renforcement-des-capacites-des-cadres-centraux-et-regionaux\" \/>\n<meta property=\"og:site_name\" content=\"niger\" \/>\n<meta property=\"article:published_time\" content=\"2024-03-12T16:46:48+00:00\" \/>\n<meta property=\"article:modified_time\" content=\"2024-03-12T18:47:31+00:00\" \/>\n<meta property=\"og:image\" content=\"https:\/\/static.africa-press.net\/niger\/sites\/40\/2024\/03\/sm_1710253637.551135.jpg\" \/>\n\t<meta property=\"og:image:width\" content=\"800\" \/>\n\t<meta property=\"og:image:height\" content=\"534\" \/>\n\t<meta property=\"og:image:type\" content=\"image\/jpeg\" \/>\n<meta name=\"author\" content=\"cfeditorfr\" \/>\n<meta name=\"twitter:card\" content=\"summary_large_image\" \/>\n<meta name=\"twitter:label1\" content=\"\u00c9crit par\" \/>\n\t<meta name=\"twitter:data1\" content=\"cfeditorfr\" \/>\n\t<meta name=\"twitter:label2\" content=\"Dur\u00e9e de lecture estim\u00e9e\" \/>\n\t<meta name=\"twitter:data2\" content=\"6 minutes\" \/>\n<script type=\"application\/ld+json\" class=\"yoast-schema-graph\">{\"@context\":\"https:\/\/schema.org\",\"@graph\":[{\"@type\":\"Article\",\"@id\":\"https:\/\/www.africa-press.net\/niger\/photo\/ministere-de-laction-humanitaire-et-de-la-gestion-des-catastrophes-renforcement-des-capacites-des-cadres-centraux-et-regionaux#article\",\"isPartOf\":{\"@id\":\"https:\/\/www.africa-press.net\/niger\/photo\/ministere-de-laction-humanitaire-et-de-la-gestion-des-catastrophes-renforcement-des-capacites-des-cadres-centraux-et-regionaux\"},\"author\":{\"name\":\"cfeditorfr\",\"@id\":\"https:\/\/www.africa-press.net\/niger\/#\/schema\/person\/2b1cf3cd81a31e3cd26889ca66d677f1\"},\"headline\":\"Minist\u00e8re de l\u2019Action Humanitaire et de la Gestion des Catastrophes : Renforcement des capacit\u00e9s des cadres centraux et r\u00e9gionaux\",\"datePublished\":\"2024-03-12T16:46:48+00:00\",\"dateModified\":\"2024-03-12T18:47:31+00:00\",\"mainEntityOfPage\":{\"@id\":\"https:\/\/www.africa-press.net\/niger\/photo\/ministere-de-laction-humanitaire-et-de-la-gestion-des-catastrophes-renforcement-des-capacites-des-cadres-centraux-et-regionaux\"},\"wordCount\":1173,\"commentCount\":0,\"image\":{\"@id\":\"https:\/\/www.africa-press.net\/niger\/photo\/ministere-de-laction-humanitaire-et-de-la-gestion-des-catastrophes-renforcement-des-capacites-des-cadres-centraux-et-regionaux#primaryimage\"},\"thumbnailUrl\":\"https:\/\/static.africa-press.net\/niger\/sites\/40\/2024\/03\/sm_1710253637.551135.jpg\",\"keywords\":[\"Africa Press\",\"Africa Press-Niger\",\"Niger\"],\"articleSection\":[\"Communaut\u00e9\",\"Photo\",\"Toutes les actualit\u00e9s\"],\"inLanguage\":\"fr-FR\",\"potentialAction\":[{\"@type\":\"CommentAction\",\"name\":\"Comment\",\"target\":[\"https:\/\/www.africa-press.net\/niger\/photo\/ministere-de-laction-humanitaire-et-de-la-gestion-des-catastrophes-renforcement-des-capacites-des-cadres-centraux-et-regionaux#respond\"]}]},{\"@type\":\"WebPage\",\"@id\":\"https:\/\/www.africa-press.net\/niger\/photo\/ministere-de-laction-humanitaire-et-de-la-gestion-des-catastrophes-renforcement-des-capacites-des-cadres-centraux-et-regionaux\",\"url\":\"https:\/\/www.africa-press.net\/niger\/photo\/ministere-de-laction-humanitaire-et-de-la-gestion-des-catastrophes-renforcement-des-capacites-des-cadres-centraux-et-regionaux\",\"name\":\"Minist\u00e8re de l\u2019Action Humanitaire et de la Gestion des Catastrophes : Renforcement des capacit\u00e9s des cadres centraux et r\u00e9gionaux - niger\",\"isPartOf\":{\"@id\":\"https:\/\/www.africa-press.net\/niger\/#website\"},\"primaryImageOfPage\":{\"@id\":\"https:\/\/www.africa-press.net\/niger\/photo\/ministere-de-laction-humanitaire-et-de-la-gestion-des-catastrophes-renforcement-des-capacites-des-cadres-centraux-et-regionaux#primaryimage\"},\"image\":{\"@id\":\"https:\/\/www.africa-press.net\/niger\/photo\/ministere-de-laction-humanitaire-et-de-la-gestion-des-catastrophes-renforcement-des-capacites-des-cadres-centraux-et-regionaux#primaryimage\"},\"thumbnailUrl\":\"https:\/\/static.africa-press.net\/niger\/sites\/40\/2024\/03\/sm_1710253637.551135.jpg\",\"datePublished\":\"2024-03-12T16:46:48+00:00\",\"dateModified\":\"2024-03-12T18:47:31+00:00\",\"author\":{\"@id\":\"https:\/\/www.africa-press.net\/niger\/#\/schema\/person\/2b1cf3cd81a31e3cd26889ca66d677f1\"},\"description\":\"Le Ministe\u0300re de l\u2019Action Humanitaire et de la Gestion des Catastrophes (MAH\/ GC) en collaboration avec OCHA, a organ ...\",\"breadcrumb\":{\"@id\":\"https:\/\/www.africa-press.net\/niger\/photo\/ministere-de-laction-humanitaire-et-de-la-gestion-des-catastrophes-renforcement-des-capacites-des-cadres-centraux-et-regionaux#breadcrumb\"},\"inLanguage\":\"fr-FR\",\"potentialAction\":[{\"@type\":\"ReadAction\",\"target\":[\"https:\/\/www.africa-press.net\/niger\/photo\/ministere-de-laction-humanitaire-et-de-la-gestion-des-catastrophes-renforcement-des-capacites-des-cadres-centraux-et-regionaux\"]}]},{\"@type\":\"ImageObject\",\"inLanguage\":\"fr-FR\",\"@id\":\"https:\/\/www.africa-press.net\/niger\/photo\/ministere-de-laction-humanitaire-et-de-la-gestion-des-catastrophes-renforcement-des-capacites-des-cadres-centraux-et-regionaux#primaryimage\",\"url\":\"https:\/\/static.africa-press.net\/niger\/sites\/40\/2024\/03\/sm_1710253637.551135.jpg\",\"contentUrl\":\"https:\/\/static.africa-press.net\/niger\/sites\/40\/2024\/03\/sm_1710253637.551135.jpg\",\"width\":800,\"height\":534,\"caption\":\"Minist\u00e8re de l\u2019Action Humanitaire et de la Gestion des Catastrophes : Renforcement des capacit\u00e9s des cadres centraux et r\u00e9gionaux\"},{\"@type\":\"BreadcrumbList\",\"@id\":\"https:\/\/www.africa-press.net\/niger\/photo\/ministere-de-laction-humanitaire-et-de-la-gestion-des-catastrophes-renforcement-des-capacites-des-cadres-centraux-et-regionaux#breadcrumb\",\"itemListElement\":[{\"@type\":\"ListItem\",\"position\":1,\"name\":\"Accueil\",\"item\":\"https:\/\/www.africa-press.net\/niger\/\"},{\"@type\":\"ListItem\",\"position\":2,\"name\":\"Minist\u00e8re de l\u2019Action Humanitaire et de la Gestion des Catastrophes : Renforcement des capacit\u00e9s des cadres centraux et r\u00e9gionaux\"}]},{\"@type\":\"WebSite\",\"@id\":\"https:\/\/www.africa-press.net\/niger\/#website\",\"url\":\"https:\/\/www.africa-press.net\/niger\/\",\"name\":\"niger\",\"description\":\"Just another Africa News Agency Sites site\",\"potentialAction\":[{\"@type\":\"SearchAction\",\"target\":{\"@type\":\"EntryPoint\",\"urlTemplate\":\"https:\/\/www.africa-press.net\/niger\/?s={search_term_string}\"},\"query-input\":{\"@type\":\"PropertyValueSpecification\",\"valueRequired\":true,\"valueName\":\"search_term_string\"}}],\"inLanguage\":\"fr-FR\"},{\"@type\":\"Person\",\"@id\":\"https:\/\/www.africa-press.net\/niger\/#\/schema\/person\/2b1cf3cd81a31e3cd26889ca66d677f1\",\"name\":\"cfeditorfr\"}]}<\/script>\n<!-- \/ Yoast SEO Premium plugin. -->","yoast_head_json":{"title":"Minist\u00e8re de l\u2019Action Humanitaire et de la Gestion des Catastrophes : Renforcement des capacit\u00e9s des cadres centraux et r\u00e9gionaux - niger","description":"Le Ministe\u0300re de l\u2019Action Humanitaire et de la Gestion des Catastrophes (MAH\/ GC) en collaboration avec OCHA, a organ ...","robots":{"index":"index","follow":"follow","max-snippet":"max-snippet:-1","max-image-preview":"max-image-preview:large","max-video-preview":"max-video-preview:-1"},"canonical":"https:\/\/www.africa-press.net\/niger\/photo\/ministere-de-laction-humanitaire-et-de-la-gestion-des-catastrophes-renforcement-des-capacites-des-cadres-centraux-et-regionaux","og_locale":"fr_FR","og_type":"article","og_title":"Minist\u00e8re de l\u2019Action Humanitaire et de la Gestion des Catastrophes : Renforcement des capacit\u00e9s des cadres centraux et r\u00e9gionaux","og_description":"Le Ministe\u0300re de l\u2019Action Humanitaire et de la Gestion des Catastrophes (MAH\/ GC) en collaboration avec OCHA, a organ ...","og_url":"https:\/\/www.africa-press.net\/niger\/photo\/ministere-de-laction-humanitaire-et-de-la-gestion-des-catastrophes-renforcement-des-capacites-des-cadres-centraux-et-regionaux","og_site_name":"niger","article_published_time":"2024-03-12T16:46:48+00:00","article_modified_time":"2024-03-12T18:47:31+00:00","og_image":[{"width":800,"height":534,"url":"https:\/\/static.africa-press.net\/niger\/sites\/40\/2024\/03\/sm_1710253637.551135.jpg","type":"image\/jpeg"}],"author":"cfeditorfr","twitter_card":"summary_large_image","twitter_misc":{"\u00c9crit par":"cfeditorfr","Dur\u00e9e de lecture estim\u00e9e":"6 minutes"},"schema":{"@context":"https:\/\/schema.org","@graph":[{"@type":"Article","@id":"https:\/\/www.africa-press.net\/niger\/photo\/ministere-de-laction-humanitaire-et-de-la-gestion-des-catastrophes-renforcement-des-capacites-des-cadres-centraux-et-regionaux#article","isPartOf":{"@id":"https:\/\/www.africa-press.net\/niger\/photo\/ministere-de-laction-humanitaire-et-de-la-gestion-des-catastrophes-renforcement-des-capacites-des-cadres-centraux-et-regionaux"},"author":{"name":"cfeditorfr","@id":"https:\/\/www.africa-press.net\/niger\/#\/schema\/person\/2b1cf3cd81a31e3cd26889ca66d677f1"},"headline":"Minist\u00e8re de l\u2019Action Humanitaire et de la Gestion des Catastrophes : Renforcement des capacit\u00e9s des cadres centraux et r\u00e9gionaux","datePublished":"2024-03-12T16:46:48+00:00","dateModified":"2024-03-12T18:47:31+00:00","mainEntityOfPage":{"@id":"https:\/\/www.africa-press.net\/niger\/photo\/ministere-de-laction-humanitaire-et-de-la-gestion-des-catastrophes-renforcement-des-capacites-des-cadres-centraux-et-regionaux"},"wordCount":1173,"commentCount":0,"image":{"@id":"https:\/\/www.africa-press.net\/niger\/photo\/ministere-de-laction-humanitaire-et-de-la-gestion-des-catastrophes-renforcement-des-capacites-des-cadres-centraux-et-regionaux#primaryimage"},"thumbnailUrl":"https:\/\/static.africa-press.net\/niger\/sites\/40\/2024\/03\/sm_1710253637.551135.jpg","keywords":["Africa Press","Africa Press-Niger","Niger"],"articleSection":["Communaut\u00e9","Photo","Toutes les actualit\u00e9s"],"inLanguage":"fr-FR","potentialAction":[{"@type":"CommentAction","name":"Comment","target":["https:\/\/www.africa-press.net\/niger\/photo\/ministere-de-laction-humanitaire-et-de-la-gestion-des-catastrophes-renforcement-des-capacites-des-cadres-centraux-et-regionaux#respond"]}]},{"@type":"WebPage","@id":"https:\/\/www.africa-press.net\/niger\/photo\/ministere-de-laction-humanitaire-et-de-la-gestion-des-catastrophes-renforcement-des-capacites-des-cadres-centraux-et-regionaux","url":"https:\/\/www.africa-press.net\/niger\/photo\/ministere-de-laction-humanitaire-et-de-la-gestion-des-catastrophes-renforcement-des-capacites-des-cadres-centraux-et-regionaux","name":"Minist\u00e8re de l\u2019Action Humanitaire et de la Gestion des Catastrophes : Renforcement des capacit\u00e9s des cadres centraux et r\u00e9gionaux - niger","isPartOf":{"@id":"https:\/\/www.africa-press.net\/niger\/#website"},"primaryImageOfPage":{"@id":"https:\/\/www.africa-press.net\/niger\/photo\/ministere-de-laction-humanitaire-et-de-la-gestion-des-catastrophes-renforcement-des-capacites-des-cadres-centraux-et-regionaux#primaryimage"},"image":{"@id":"https:\/\/www.africa-press.net\/niger\/photo\/ministere-de-laction-humanitaire-et-de-la-gestion-des-catastrophes-renforcement-des-capacites-des-cadres-centraux-et-regionaux#primaryimage"},"thumbnailUrl":"https:\/\/static.africa-press.net\/niger\/sites\/40\/2024\/03\/sm_1710253637.551135.jpg","datePublished":"2024-03-12T16:46:48+00:00","dateModified":"2024-03-12T18:47:31+00:00","author":{"@id":"https:\/\/www.africa-press.net\/niger\/#\/schema\/person\/2b1cf3cd81a31e3cd26889ca66d677f1"},"description":"Le Ministe\u0300re de l\u2019Action Humanitaire et de la Gestion des Catastrophes (MAH\/ GC) en collaboration avec OCHA, a organ ...","breadcrumb":{"@id":"https:\/\/www.africa-press.net\/niger\/photo\/ministere-de-laction-humanitaire-et-de-la-gestion-des-catastrophes-renforcement-des-capacites-des-cadres-centraux-et-regionaux#breadcrumb"},"inLanguage":"fr-FR","potentialAction":[{"@type":"ReadAction","target":["https:\/\/www.africa-press.net\/niger\/photo\/ministere-de-laction-humanitaire-et-de-la-gestion-des-catastrophes-renforcement-des-capacites-des-cadres-centraux-et-regionaux"]}]},{"@type":"ImageObject","inLanguage":"fr-FR","@id":"https:\/\/www.africa-press.net\/niger\/photo\/ministere-de-laction-humanitaire-et-de-la-gestion-des-catastrophes-renforcement-des-capacites-des-cadres-centraux-et-regionaux#primaryimage","url":"https:\/\/static.africa-press.net\/niger\/sites\/40\/2024\/03\/sm_1710253637.551135.jpg","contentUrl":"https:\/\/static.africa-press.net\/niger\/sites\/40\/2024\/03\/sm_1710253637.551135.jpg","width":800,"height":534,"caption":"Minist\u00e8re de l\u2019Action Humanitaire et de la Gestion des Catastrophes : Renforcement des capacit\u00e9s des cadres centraux et r\u00e9gionaux"},{"@type":"BreadcrumbList","@id":"https:\/\/www.africa-press.net\/niger\/photo\/ministere-de-laction-humanitaire-et-de-la-gestion-des-catastrophes-renforcement-des-capacites-des-cadres-centraux-et-regionaux#breadcrumb","itemListElement":[{"@type":"ListItem","position":1,"name":"Accueil","item":"https:\/\/www.africa-press.net\/niger\/"},{"@type":"ListItem","position":2,"name":"Minist\u00e8re de l\u2019Action Humanitaire et de la Gestion des Catastrophes : Renforcement des capacit\u00e9s des cadres centraux et r\u00e9gionaux"}]},{"@type":"WebSite","@id":"https:\/\/www.africa-press.net\/niger\/#website","url":"https:\/\/www.africa-press.net\/niger\/","name":"niger","description":"Just another Africa News Agency Sites site","potentialAction":[{"@type":"SearchAction","target":{"@type":"EntryPoint","urlTemplate":"https:\/\/www.africa-press.net\/niger\/?s={search_term_string}"},"query-input":{"@type":"PropertyValueSpecification","valueRequired":true,"valueName":"search_term_string"}}],"inLanguage":"fr-FR"},{"@type":"Person","@id":"https:\/\/www.africa-press.net\/niger\/#\/schema\/person\/2b1cf3cd81a31e3cd26889ca66d677f1","name":"cfeditorfr"}]}},"_links":{"self":[{"href":"https:\/\/www.africa-press.net\/niger\/wp-json\/wp\/v2\/posts\/59771","targetHints":{"allow":["GET"]}}],"collection":[{"href":"https:\/\/www.africa-press.net\/niger\/wp-json\/wp\/v2\/posts"}],"about":[{"href":"https:\/\/www.africa-press.net\/niger\/wp-json\/wp\/v2\/types\/post"}],"author":[{"embeddable":true,"href":"https:\/\/www.africa-press.net\/niger\/wp-json\/wp\/v2\/users\/82"}],"replies":[{"embeddable":true,"href":"https:\/\/www.africa-press.net\/niger\/wp-json\/wp\/v2\/comments?post=59771"}],"version-history":[{"count":0,"href":"https:\/\/www.africa-press.net\/niger\/wp-json\/wp\/v2\/posts\/59771\/revisions"}],"wp:featuredmedia":[{"embeddable":true,"href":"https:\/\/www.africa-press.net\/niger\/wp-json\/wp\/v2\/media\/59770"}],"wp:attachment":[{"href":"https:\/\/www.africa-press.net\/niger\/wp-json\/wp\/v2\/media?parent=59771"}],"wp:term":[{"taxonomy":"category","embeddable":true,"href":"https:\/\/www.africa-press.net\/niger\/wp-json\/wp\/v2\/categories?post=59771"},{"taxonomy":"post_tag","embeddable":true,"href":"https:\/\/www.africa-press.net\/niger\/wp-json\/wp\/v2\/tags?post=59771"}],"curies":[{"name":"wp","href":"https:\/\/api.w.org\/{rel}","templated":true}]}}