{"id":59775,"date":"2024-03-12T16:47:33","date_gmt":"2024-03-12T16:47:33","guid":{"rendered":"https:\/\/www.africa-press.net\/niger\/politique\/point-de-presse-de-la-1ere-edition-de-la-semaine-du-numerique-faire-letat-des-lieux-de-levolution-du-niger-dans-lusage-du-numerique"},"modified":"2024-03-12T18:47:59","modified_gmt":"2024-03-12T18:47:59","slug":"point-de-presse-de-la-1ere-edition-de-la-semaine-du-numerique-faire-letat-des-lieux-de-levolution-du-niger-dans-lusage-du-numerique","status":"publish","type":"post","link":"https:\/\/www.africa-press.net\/niger\/economie\/point-de-presse-de-la-1ere-edition-de-la-semaine-du-numerique-faire-letat-des-lieux-de-levolution-du-niger-dans-lusage-du-numerique","title":{"rendered":"Point de presse de la 1\u00e8re \u00e9dition de la semaine du num\u00e9rique : Faire l\u2019\u00e9tat des lieux de l\u2019\u00e9volution du Niger dans l\u2019usage du num\u00e9rique"},"content":{"rendered":"<p><span style=\"color: #ff6600\"><strong>Africa-Press &#8211; Niger. <\/strong><\/span><b>Le ministre de la Communication, des Postes et de l\u2019Economie Nume\u0301rique, M. Sidi Mohamed Raliou, a anime\u0301 un point de presse le vendredi 8 mars 2024 au centre de confe\u0301rence international Mahatma Ghandi de Niamey. Ce point de presse s\u2019inscrit dans le cadre des pre\u0301paratifs de la 1e\u0300re e\u0301dition de la Semaine du nume\u0301rique du Niger qui aura lieu du 18 au 20 avril 2024 a\u0300 Niamey. Cette semaine a pour entre autres objectifs de faire l\u2019e\u0301tat des lieux de l\u2019e\u0301volution du Niger dans l\u2019usage du nume\u0301rique.<\/b><\/p>\n<p>A l\u2019entame de ce point de presse, le ministre Sidi Mohamed Raliou, a indique\u0301 que dans le cadre de cette dynamique de la transformation de notre socie\u0301te\u0301, le gouvernement compte mettre en place plusieurs initiatives majeures parmi lesquelles la digitalisation de l\u2019administration publique ; la modernisation des infrastructures et la facilitation de l\u2019acce\u0300s a\u0300 l\u2019internet ; la mise en place d\u2019un point d\u2019e\u0301change Internet (IXP) et d\u2019un point d\u2019Atterrissement Virtuel (PAV) ; la cre\u0301ation d\u2019un Centre National de Cyberse\u0301curite\u0301 ; la mise en place d\u2019un Centre de Veille Technologique ; la cre\u0301ation d\u2019une passerelle internationale de gestion de communications ; la formation et l\u2019accompagnement des jeunes dans l\u2019utilisation des technologies de l\u2019information et de la communication ; l\u2019intensification des efforts en matie\u0300re de gouvernance du secteur ; l\u2019acce\u0300s universel a\u0300 une connectivite\u0301 de qualite\u0301 a\u0300 des cou\u0302ts abordables pour les populations ; la finalisation du de\u0301ploiement de la TNT sur toute l\u2019e\u0301tendue du pays etc.<\/p>\n<p>\u00ab Le the\u0300me central de cette 1e\u0300re e\u0301dition, \u2018\u2019Le Nume\u0301rique et la Souverainete\u0301\u2019\u2019, est la preuve de l\u2019engagement du gouvernement, sous l\u2019impulsion du Premier ministre et de la vision du Pre\u0301sident du CNSP, Chef de l\u2019E\u0301tat, Son Excellence Abdourahamane TIANI, a\u0300 utiliser les technologies nume\u0301riques dans tous les domaines d\u2019activite\u0301s de notre pays \u00bb, a souligne\u0301 le ministre des Postes et de l\u2019Economie Nume\u0301rique. Il a ajoute\u0301 que la Semaine du nume\u0301rique donnera l\u2019occasion de faire l\u2019e\u0301tat des lieux de l\u2019e\u0301volution dans l\u2019usage du nume\u0301rique au Niger, de cerner les nouveaux de\u0301fis, enjeux et opportunite\u0301s qui s\u2019offrent aux utilisateurs des technologies nume\u0301riques en particulier les jeunes. Les participants a\u0300 cette activite\u0301 tiendront des e\u0301changes avec les spe\u0301cialistes du secteur. Des panels, des keys notes et une exposition technologique sont pre\u0301vus pour cette 1e\u0300re Edition de la semaine du nume\u0301rique.<\/p>\n<p>Pour sa part, le pre\u0301sident du comite\u0301 ad-hoc, M. Moustapha Tinao, Secre\u0301taire ge\u0301ne\u0301ral du Ministe\u0300re de la Communication, des Postes et de l\u2019Economie Nume\u0301rique a d\u2019abord rappele\u0301 que ce comite\u0301 est charge\u0301 d\u2019appuyer les prestataires dans l\u2019organisation de la semaine, de de\u0301finir et de valider les activite\u0301s de la semaine du nume\u0301rique, de superviser les activite\u0301s, de veiller a\u0300 l\u2019implication exclusive des acteurs et enfin, d\u2019e\u0301laborer un rapport de fin de mission de pilotage de l\u2019organisation. \u00ab Le comite\u0301 ad-hoc s\u2019active efficacement pour que cette 1e\u0300re e\u0301dition de la Semaine du nume\u0301rique ait un succe\u0300s retentissant. Cette the\u0301matique qui cadre parfaitement avec la lettre de mission confie\u0301e au ministre de la Communication, des Poste et de l\u2019Economie Nume\u0301rique par le Pre\u0301sident de Conseil National pour la Sauvegarde de la Patrie, Chef de l\u2019Etat, le ge\u0301ne\u0301ral de brigade Abdourahmane Tiani, illustre fort e\u0301loquemment toute l\u2019importance primordiale que le gouvernement accorde au secteur du nume\u0301rique en tant que vecteur principal du de\u0301veloppement socio-e\u0301conomique et culturel. Le comite\u0301 ad-hoc ne faillira donc pas a\u0300 sa mission, il s\u2019impliquera e\u0301nergiquement afin de re\u0301ussir cet e\u0301ve\u0301nement majeur \u00bb, a souligne\u0301 le pre\u0301sident du comite\u0301.<\/p>\n<p>Notons que la ce\u0301re\u0301monie a enregistre\u0301 la pre\u0301sence de la Pre\u0301sidente de la Haute Autorite\u0301 de Protection des Donne\u0301es a\u0300 caracte\u0300re Personnel (HAPDP) ; du Directeur Ge\u0301ne\u0301ral de l\u2019Autorite\u0301 de Re\u0301gulation des Communications Electroniques et de la Poste (ARCEP) ; du Directeur Ge\u0301ne\u0301ral de l\u2019Agence Nationale pour la Socie\u0301te\u0301 de l\u2019Information (ANSI) ; du Directeur Ge\u0301ne\u0301ral de Niger Poste ; des Directeurs Ge\u0301ne\u0301raux des Socie\u0301te\u0301s de Te\u0301le\u0301communications et Communication ainsi que de plusieurs autres participants.<\/p>\n<p>&nbsp;<\/p>\n<p><strong>Pour plus d&rsquo;informations et d&rsquo;analyses sur la <a href=\"https:\/\/www.africa-press.net\/niger\">Niger<\/a>, suivez <a href=\"https:\/\/www.africa-press.net\/\">Africa-Press<\/a><\/strong><\/p>\n","protected":false},"excerpt":{"rendered":"<p>Africa-Press &#8211; Niger. Le ministre de la Communication, des Postes et de l\u2019Economie Nume\u0301rique, M. Sidi Mohamed Raliou, a anime\u0301 un point de presse le vendredi 8 mars 2024 au centre de confe\u0301rence international Mahatma Ghandi de Niamey. Ce point de presse s\u2019inscrit dans le cadre des pre\u0301paratifs de la 1e\u0300re e\u0301dition de la Semaine [&hellip;]<\/p>\n","protected":false},"author":82,"featured_media":59774,"comment_status":"open","ping_status":"closed","sticky":false,"template":"","format":"standard","meta":{"footnotes":""},"categories":[3,10],"tags":[55,60,29],"class_list":["post-59775","post","type-post","status-publish","format-standard","has-post-thumbnail","hentry","category-economie","category-toutes-les-actualites","tag-africa-press","tag-africa-press-niger","tag-niger"],"yoast_head":"<!-- This site is optimized with the Yoast SEO Premium plugin v26.1 (Yoast SEO v27.0) - https:\/\/yoast.com\/product\/yoast-seo-premium-wordpress\/ -->\n<title>Point de presse de la 1\u00e8re \u00e9dition de la semaine du num\u00e9rique : Faire l\u2019\u00e9tat des lieux de l\u2019\u00e9volution du Niger dans l\u2019usage du num\u00e9rique - niger<\/title>\n<meta name=\"description\" content=\"Le ministre de la Communication, des Postes et de l\u2019Economie Nume\u0301rique, M. Sidi Mohamed Raliou, a anime\u0301 un point de ...\" \/>\n<meta name=\"robots\" content=\"index, follow, max-snippet:-1, max-image-preview:large, max-video-preview:-1\" \/>\n<link rel=\"canonical\" href=\"https:\/\/www.africa-press.net\/niger\/economie\/point-de-presse-de-la-1ere-edition-de-la-semaine-du-numerique-faire-letat-des-lieux-de-levolution-du-niger-dans-lusage-du-numerique\" \/>\n<meta property=\"og:locale\" content=\"fr_FR\" \/>\n<meta property=\"og:type\" content=\"article\" \/>\n<meta property=\"og:title\" content=\"Point de presse de la 1\u00e8re \u00e9dition de la semaine du num\u00e9rique : Faire l\u2019\u00e9tat des lieux de l\u2019\u00e9volution du Niger dans l\u2019usage du num\u00e9rique\" \/>\n<meta property=\"og:description\" content=\"Le ministre de la Communication, des Postes et de l\u2019Economie Nume\u0301rique, M. Sidi Mohamed Raliou, a anime\u0301 un point de ...\" \/>\n<meta property=\"og:url\" content=\"https:\/\/www.africa-press.net\/niger\/economie\/point-de-presse-de-la-1ere-edition-de-la-semaine-du-numerique-faire-letat-des-lieux-de-levolution-du-niger-dans-lusage-du-numerique\" \/>\n<meta property=\"og:site_name\" content=\"niger\" \/>\n<meta property=\"article:published_time\" content=\"2024-03-12T16:47:33+00:00\" \/>\n<meta property=\"article:modified_time\" content=\"2024-03-12T18:47:59+00:00\" \/>\n<meta property=\"og:image\" content=\"https:\/\/static.africa-press.net\/niger\/sites\/40\/2024\/03\/sm_1710255344.65322.jpg\" \/>\n\t<meta property=\"og:image:width\" content=\"800\" \/>\n\t<meta property=\"og:image:height\" content=\"533\" \/>\n\t<meta property=\"og:image:type\" content=\"image\/jpeg\" \/>\n<meta name=\"author\" content=\"cfeditorfr\" \/>\n<meta name=\"twitter:card\" content=\"summary_large_image\" \/>\n<meta name=\"twitter:label1\" content=\"\u00c9crit par\" \/>\n\t<meta name=\"twitter:data1\" content=\"cfeditorfr\" \/>\n\t<meta name=\"twitter:label2\" content=\"Dur\u00e9e de lecture estim\u00e9e\" \/>\n\t<meta name=\"twitter:data2\" content=\"4 minutes\" \/>\n<script type=\"application\/ld+json\" class=\"yoast-schema-graph\">{\"@context\":\"https:\/\/schema.org\",\"@graph\":[{\"@type\":\"Article\",\"@id\":\"https:\/\/www.africa-press.net\/niger\/economie\/point-de-presse-de-la-1ere-edition-de-la-semaine-du-numerique-faire-letat-des-lieux-de-levolution-du-niger-dans-lusage-du-numerique#article\",\"isPartOf\":{\"@id\":\"https:\/\/www.africa-press.net\/niger\/economie\/point-de-presse-de-la-1ere-edition-de-la-semaine-du-numerique-faire-letat-des-lieux-de-levolution-du-niger-dans-lusage-du-numerique\"},\"author\":{\"name\":\"cfeditorfr\",\"@id\":\"https:\/\/www.africa-press.net\/niger\/#\/schema\/person\/2b1cf3cd81a31e3cd26889ca66d677f1\"},\"headline\":\"Point de presse de la 1\u00e8re \u00e9dition de la semaine du num\u00e9rique : Faire l\u2019\u00e9tat des lieux de l\u2019\u00e9volution du Niger dans l\u2019usage du num\u00e9rique\",\"datePublished\":\"2024-03-12T16:47:33+00:00\",\"dateModified\":\"2024-03-12T18:47:59+00:00\",\"mainEntityOfPage\":{\"@id\":\"https:\/\/www.africa-press.net\/niger\/economie\/point-de-presse-de-la-1ere-edition-de-la-semaine-du-numerique-faire-letat-des-lieux-de-levolution-du-niger-dans-lusage-du-numerique\"},\"wordCount\":806,\"commentCount\":0,\"image\":{\"@id\":\"https:\/\/www.africa-press.net\/niger\/economie\/point-de-presse-de-la-1ere-edition-de-la-semaine-du-numerique-faire-letat-des-lieux-de-levolution-du-niger-dans-lusage-du-numerique#primaryimage\"},\"thumbnailUrl\":\"https:\/\/static.africa-press.net\/niger\/sites\/40\/2024\/03\/sm_1710255344.65322.jpg\",\"keywords\":[\"Africa Press\",\"Africa Press-Niger\",\"Niger\"],\"articleSection\":[\"\u00c9conomie\",\"Toutes les actualit\u00e9s\"],\"inLanguage\":\"fr-FR\",\"potentialAction\":[{\"@type\":\"CommentAction\",\"name\":\"Comment\",\"target\":[\"https:\/\/www.africa-press.net\/niger\/economie\/point-de-presse-de-la-1ere-edition-de-la-semaine-du-numerique-faire-letat-des-lieux-de-levolution-du-niger-dans-lusage-du-numerique#respond\"]}]},{\"@type\":\"WebPage\",\"@id\":\"https:\/\/www.africa-press.net\/niger\/economie\/point-de-presse-de-la-1ere-edition-de-la-semaine-du-numerique-faire-letat-des-lieux-de-levolution-du-niger-dans-lusage-du-numerique\",\"url\":\"https:\/\/www.africa-press.net\/niger\/economie\/point-de-presse-de-la-1ere-edition-de-la-semaine-du-numerique-faire-letat-des-lieux-de-levolution-du-niger-dans-lusage-du-numerique\",\"name\":\"Point de presse de la 1\u00e8re \u00e9dition de la semaine du num\u00e9rique : Faire l\u2019\u00e9tat des lieux de l\u2019\u00e9volution du Niger dans l\u2019usage du num\u00e9rique - niger\",\"isPartOf\":{\"@id\":\"https:\/\/www.africa-press.net\/niger\/#website\"},\"primaryImageOfPage\":{\"@id\":\"https:\/\/www.africa-press.net\/niger\/economie\/point-de-presse-de-la-1ere-edition-de-la-semaine-du-numerique-faire-letat-des-lieux-de-levolution-du-niger-dans-lusage-du-numerique#primaryimage\"},\"image\":{\"@id\":\"https:\/\/www.africa-press.net\/niger\/economie\/point-de-presse-de-la-1ere-edition-de-la-semaine-du-numerique-faire-letat-des-lieux-de-levolution-du-niger-dans-lusage-du-numerique#primaryimage\"},\"thumbnailUrl\":\"https:\/\/static.africa-press.net\/niger\/sites\/40\/2024\/03\/sm_1710255344.65322.jpg\",\"datePublished\":\"2024-03-12T16:47:33+00:00\",\"dateModified\":\"2024-03-12T18:47:59+00:00\",\"author\":{\"@id\":\"https:\/\/www.africa-press.net\/niger\/#\/schema\/person\/2b1cf3cd81a31e3cd26889ca66d677f1\"},\"description\":\"Le ministre de la Communication, des Postes et de l\u2019Economie Nume\u0301rique, M. Sidi Mohamed Raliou, a anime\u0301 un point de ...\",\"breadcrumb\":{\"@id\":\"https:\/\/www.africa-press.net\/niger\/economie\/point-de-presse-de-la-1ere-edition-de-la-semaine-du-numerique-faire-letat-des-lieux-de-levolution-du-niger-dans-lusage-du-numerique#breadcrumb\"},\"inLanguage\":\"fr-FR\",\"potentialAction\":[{\"@type\":\"ReadAction\",\"target\":[\"https:\/\/www.africa-press.net\/niger\/economie\/point-de-presse-de-la-1ere-edition-de-la-semaine-du-numerique-faire-letat-des-lieux-de-levolution-du-niger-dans-lusage-du-numerique\"]}]},{\"@type\":\"ImageObject\",\"inLanguage\":\"fr-FR\",\"@id\":\"https:\/\/www.africa-press.net\/niger\/economie\/point-de-presse-de-la-1ere-edition-de-la-semaine-du-numerique-faire-letat-des-lieux-de-levolution-du-niger-dans-lusage-du-numerique#primaryimage\",\"url\":\"https:\/\/static.africa-press.net\/niger\/sites\/40\/2024\/03\/sm_1710255344.65322.jpg\",\"contentUrl\":\"https:\/\/static.africa-press.net\/niger\/sites\/40\/2024\/03\/sm_1710255344.65322.jpg\",\"width\":800,\"height\":533,\"caption\":\"Point de presse de la 1\u00e8re \u00e9dition de la semaine du num\u00e9rique : Faire l\u2019\u00e9tat des lieux de l\u2019\u00e9volution du Niger dans l\u2019usage du num\u00e9rique\"},{\"@type\":\"BreadcrumbList\",\"@id\":\"https:\/\/www.africa-press.net\/niger\/economie\/point-de-presse-de-la-1ere-edition-de-la-semaine-du-numerique-faire-letat-des-lieux-de-levolution-du-niger-dans-lusage-du-numerique#breadcrumb\",\"itemListElement\":[{\"@type\":\"ListItem\",\"position\":1,\"name\":\"Accueil\",\"item\":\"https:\/\/www.africa-press.net\/niger\/\"},{\"@type\":\"ListItem\",\"position\":2,\"name\":\"Point de presse de la 1\u00e8re \u00e9dition de la semaine du num\u00e9rique : Faire l\u2019\u00e9tat des lieux de l\u2019\u00e9volution du Niger dans l\u2019usage du num\u00e9rique\"}]},{\"@type\":\"WebSite\",\"@id\":\"https:\/\/www.africa-press.net\/niger\/#website\",\"url\":\"https:\/\/www.africa-press.net\/niger\/\",\"name\":\"niger\",\"description\":\"Just another Africa News Agency Sites site\",\"potentialAction\":[{\"@type\":\"SearchAction\",\"target\":{\"@type\":\"EntryPoint\",\"urlTemplate\":\"https:\/\/www.africa-press.net\/niger\/?s={search_term_string}\"},\"query-input\":{\"@type\":\"PropertyValueSpecification\",\"valueRequired\":true,\"valueName\":\"search_term_string\"}}],\"inLanguage\":\"fr-FR\"},{\"@type\":\"Person\",\"@id\":\"https:\/\/www.africa-press.net\/niger\/#\/schema\/person\/2b1cf3cd81a31e3cd26889ca66d677f1\",\"name\":\"cfeditorfr\"}]}<\/script>\n<!-- \/ Yoast SEO Premium plugin. -->","yoast_head_json":{"title":"Point de presse de la 1\u00e8re \u00e9dition de la semaine du num\u00e9rique : Faire l\u2019\u00e9tat des lieux de l\u2019\u00e9volution du Niger dans l\u2019usage du num\u00e9rique - niger","description":"Le ministre de la Communication, des Postes et de l\u2019Economie Nume\u0301rique, M. Sidi Mohamed Raliou, a anime\u0301 un point de ...","robots":{"index":"index","follow":"follow","max-snippet":"max-snippet:-1","max-image-preview":"max-image-preview:large","max-video-preview":"max-video-preview:-1"},"canonical":"https:\/\/www.africa-press.net\/niger\/economie\/point-de-presse-de-la-1ere-edition-de-la-semaine-du-numerique-faire-letat-des-lieux-de-levolution-du-niger-dans-lusage-du-numerique","og_locale":"fr_FR","og_type":"article","og_title":"Point de presse de la 1\u00e8re \u00e9dition de la semaine du num\u00e9rique : Faire l\u2019\u00e9tat des lieux de l\u2019\u00e9volution du Niger dans l\u2019usage du num\u00e9rique","og_description":"Le ministre de la Communication, des Postes et de l\u2019Economie Nume\u0301rique, M. Sidi Mohamed Raliou, a anime\u0301 un point de ...","og_url":"https:\/\/www.africa-press.net\/niger\/economie\/point-de-presse-de-la-1ere-edition-de-la-semaine-du-numerique-faire-letat-des-lieux-de-levolution-du-niger-dans-lusage-du-numerique","og_site_name":"niger","article_published_time":"2024-03-12T16:47:33+00:00","article_modified_time":"2024-03-12T18:47:59+00:00","og_image":[{"width":800,"height":533,"url":"https:\/\/static.africa-press.net\/niger\/sites\/40\/2024\/03\/sm_1710255344.65322.jpg","type":"image\/jpeg"}],"author":"cfeditorfr","twitter_card":"summary_large_image","twitter_misc":{"\u00c9crit par":"cfeditorfr","Dur\u00e9e de lecture estim\u00e9e":"4 minutes"},"schema":{"@context":"https:\/\/schema.org","@graph":[{"@type":"Article","@id":"https:\/\/www.africa-press.net\/niger\/economie\/point-de-presse-de-la-1ere-edition-de-la-semaine-du-numerique-faire-letat-des-lieux-de-levolution-du-niger-dans-lusage-du-numerique#article","isPartOf":{"@id":"https:\/\/www.africa-press.net\/niger\/economie\/point-de-presse-de-la-1ere-edition-de-la-semaine-du-numerique-faire-letat-des-lieux-de-levolution-du-niger-dans-lusage-du-numerique"},"author":{"name":"cfeditorfr","@id":"https:\/\/www.africa-press.net\/niger\/#\/schema\/person\/2b1cf3cd81a31e3cd26889ca66d677f1"},"headline":"Point de presse de la 1\u00e8re \u00e9dition de la semaine du num\u00e9rique : Faire l\u2019\u00e9tat des lieux de l\u2019\u00e9volution du Niger dans l\u2019usage du num\u00e9rique","datePublished":"2024-03-12T16:47:33+00:00","dateModified":"2024-03-12T18:47:59+00:00","mainEntityOfPage":{"@id":"https:\/\/www.africa-press.net\/niger\/economie\/point-de-presse-de-la-1ere-edition-de-la-semaine-du-numerique-faire-letat-des-lieux-de-levolution-du-niger-dans-lusage-du-numerique"},"wordCount":806,"commentCount":0,"image":{"@id":"https:\/\/www.africa-press.net\/niger\/economie\/point-de-presse-de-la-1ere-edition-de-la-semaine-du-numerique-faire-letat-des-lieux-de-levolution-du-niger-dans-lusage-du-numerique#primaryimage"},"thumbnailUrl":"https:\/\/static.africa-press.net\/niger\/sites\/40\/2024\/03\/sm_1710255344.65322.jpg","keywords":["Africa Press","Africa Press-Niger","Niger"],"articleSection":["\u00c9conomie","Toutes les actualit\u00e9s"],"inLanguage":"fr-FR","potentialAction":[{"@type":"CommentAction","name":"Comment","target":["https:\/\/www.africa-press.net\/niger\/economie\/point-de-presse-de-la-1ere-edition-de-la-semaine-du-numerique-faire-letat-des-lieux-de-levolution-du-niger-dans-lusage-du-numerique#respond"]}]},{"@type":"WebPage","@id":"https:\/\/www.africa-press.net\/niger\/economie\/point-de-presse-de-la-1ere-edition-de-la-semaine-du-numerique-faire-letat-des-lieux-de-levolution-du-niger-dans-lusage-du-numerique","url":"https:\/\/www.africa-press.net\/niger\/economie\/point-de-presse-de-la-1ere-edition-de-la-semaine-du-numerique-faire-letat-des-lieux-de-levolution-du-niger-dans-lusage-du-numerique","name":"Point de presse de la 1\u00e8re \u00e9dition de la semaine du num\u00e9rique : Faire l\u2019\u00e9tat des lieux de l\u2019\u00e9volution du Niger dans l\u2019usage du num\u00e9rique - niger","isPartOf":{"@id":"https:\/\/www.africa-press.net\/niger\/#website"},"primaryImageOfPage":{"@id":"https:\/\/www.africa-press.net\/niger\/economie\/point-de-presse-de-la-1ere-edition-de-la-semaine-du-numerique-faire-letat-des-lieux-de-levolution-du-niger-dans-lusage-du-numerique#primaryimage"},"image":{"@id":"https:\/\/www.africa-press.net\/niger\/economie\/point-de-presse-de-la-1ere-edition-de-la-semaine-du-numerique-faire-letat-des-lieux-de-levolution-du-niger-dans-lusage-du-numerique#primaryimage"},"thumbnailUrl":"https:\/\/static.africa-press.net\/niger\/sites\/40\/2024\/03\/sm_1710255344.65322.jpg","datePublished":"2024-03-12T16:47:33+00:00","dateModified":"2024-03-12T18:47:59+00:00","author":{"@id":"https:\/\/www.africa-press.net\/niger\/#\/schema\/person\/2b1cf3cd81a31e3cd26889ca66d677f1"},"description":"Le ministre de la Communication, des Postes et de l\u2019Economie Nume\u0301rique, M. Sidi Mohamed Raliou, a anime\u0301 un point de ...","breadcrumb":{"@id":"https:\/\/www.africa-press.net\/niger\/economie\/point-de-presse-de-la-1ere-edition-de-la-semaine-du-numerique-faire-letat-des-lieux-de-levolution-du-niger-dans-lusage-du-numerique#breadcrumb"},"inLanguage":"fr-FR","potentialAction":[{"@type":"ReadAction","target":["https:\/\/www.africa-press.net\/niger\/economie\/point-de-presse-de-la-1ere-edition-de-la-semaine-du-numerique-faire-letat-des-lieux-de-levolution-du-niger-dans-lusage-du-numerique"]}]},{"@type":"ImageObject","inLanguage":"fr-FR","@id":"https:\/\/www.africa-press.net\/niger\/economie\/point-de-presse-de-la-1ere-edition-de-la-semaine-du-numerique-faire-letat-des-lieux-de-levolution-du-niger-dans-lusage-du-numerique#primaryimage","url":"https:\/\/static.africa-press.net\/niger\/sites\/40\/2024\/03\/sm_1710255344.65322.jpg","contentUrl":"https:\/\/static.africa-press.net\/niger\/sites\/40\/2024\/03\/sm_1710255344.65322.jpg","width":800,"height":533,"caption":"Point de presse de la 1\u00e8re \u00e9dition de la semaine du num\u00e9rique : Faire l\u2019\u00e9tat des lieux de l\u2019\u00e9volution du Niger dans l\u2019usage du num\u00e9rique"},{"@type":"BreadcrumbList","@id":"https:\/\/www.africa-press.net\/niger\/economie\/point-de-presse-de-la-1ere-edition-de-la-semaine-du-numerique-faire-letat-des-lieux-de-levolution-du-niger-dans-lusage-du-numerique#breadcrumb","itemListElement":[{"@type":"ListItem","position":1,"name":"Accueil","item":"https:\/\/www.africa-press.net\/niger\/"},{"@type":"ListItem","position":2,"name":"Point de presse de la 1\u00e8re \u00e9dition de la semaine du num\u00e9rique : Faire l\u2019\u00e9tat des lieux de l\u2019\u00e9volution du Niger dans l\u2019usage du num\u00e9rique"}]},{"@type":"WebSite","@id":"https:\/\/www.africa-press.net\/niger\/#website","url":"https:\/\/www.africa-press.net\/niger\/","name":"niger","description":"Just another Africa News Agency Sites site","potentialAction":[{"@type":"SearchAction","target":{"@type":"EntryPoint","urlTemplate":"https:\/\/www.africa-press.net\/niger\/?s={search_term_string}"},"query-input":{"@type":"PropertyValueSpecification","valueRequired":true,"valueName":"search_term_string"}}],"inLanguage":"fr-FR"},{"@type":"Person","@id":"https:\/\/www.africa-press.net\/niger\/#\/schema\/person\/2b1cf3cd81a31e3cd26889ca66d677f1","name":"cfeditorfr"}]}},"_links":{"self":[{"href":"https:\/\/www.africa-press.net\/niger\/wp-json\/wp\/v2\/posts\/59775","targetHints":{"allow":["GET"]}}],"collection":[{"href":"https:\/\/www.africa-press.net\/niger\/wp-json\/wp\/v2\/posts"}],"about":[{"href":"https:\/\/www.africa-press.net\/niger\/wp-json\/wp\/v2\/types\/post"}],"author":[{"embeddable":true,"href":"https:\/\/www.africa-press.net\/niger\/wp-json\/wp\/v2\/users\/82"}],"replies":[{"embeddable":true,"href":"https:\/\/www.africa-press.net\/niger\/wp-json\/wp\/v2\/comments?post=59775"}],"version-history":[{"count":0,"href":"https:\/\/www.africa-press.net\/niger\/wp-json\/wp\/v2\/posts\/59775\/revisions"}],"wp:featuredmedia":[{"embeddable":true,"href":"https:\/\/www.africa-press.net\/niger\/wp-json\/wp\/v2\/media\/59774"}],"wp:attachment":[{"href":"https:\/\/www.africa-press.net\/niger\/wp-json\/wp\/v2\/media?parent=59775"}],"wp:term":[{"taxonomy":"category","embeddable":true,"href":"https:\/\/www.africa-press.net\/niger\/wp-json\/wp\/v2\/categories?post=59775"},{"taxonomy":"post_tag","embeddable":true,"href":"https:\/\/www.africa-press.net\/niger\/wp-json\/wp\/v2\/tags?post=59775"}],"curies":[{"name":"wp","href":"https:\/\/api.w.org\/{rel}","templated":true}]}}