{"id":59812,"date":"2024-03-12T17:17:38","date_gmt":"2024-03-12T17:17:38","guid":{"rendered":"https:\/\/www.africa-press.net\/niger\/politique\/une-cache-darmes-au-siege-deucap-sahel-le-niger-devoile-les-resultats-de-lenquete"},"modified":"2024-03-12T19:15:24","modified_gmt":"2024-03-12T19:15:24","slug":"une-cache-darmes-au-siege-deucap-sahel-le-niger-devoile-les-resultats-de-lenquete","status":"publish","type":"post","link":"https:\/\/www.africa-press.net\/niger\/politique\/une-cache-darmes-au-siege-deucap-sahel-le-niger-devoile-les-resultats-de-lenquete","title":{"rendered":"Une cache d\u2019armes au si\u00e8ge d&rsquo;EUCAP Sahel: le Niger d\u00e9voile les r\u00e9sultats de l\u2019enqu\u00eate"},"content":{"rendered":"<p><span style=\"color: #ff6600\"><strong>Africa-Press &#8211; Niger. <\/strong><\/span>Le bilan sur cette \u00ab\u00a0tentative de de\u0301stabilisation\u00a0\u00bb, a e\u0301te\u0301 rendu par le lieutenant Abou Aboubacar, commandant de la brigade de recherches de Niamey, cite\u0301 par la chai\u0302ne RTN.<\/p>\n<p>Les services de renseignement nige\u0301riens placent clairement la France?? au c\u0153ur de \u00ab\u00a0cette subversion\u00a0\u00bb, indique RTN.<\/p>\n<p><strong>Pour plus d&rsquo;informations et d&rsquo;analyses sur la <a href=\"https:\/\/www.africa-press.net\/niger\">Niger<\/a>, suivez <a href=\"https:\/\/www.africa-press.net\/\">Africa-Press<\/a><\/strong><\/p>\n","protected":false},"excerpt":{"rendered":"<p>Africa-Press &#8211; Niger. Le bilan sur cette \u00ab\u00a0tentative de de\u0301stabilisation\u00a0\u00bb, a e\u0301te\u0301 rendu par le lieutenant Abou Aboubacar, commandant de la brigade de recherches de Niamey, cite\u0301 par la chai\u0302ne RTN. Les services de renseignement nige\u0301riens placent clairement la France?? au c\u0153ur de \u00ab\u00a0cette subversion\u00a0\u00bb, indique RTN. Pour plus d&rsquo;informations et d&rsquo;analyses sur la Niger, [&hellip;]<\/p>\n","protected":false},"author":82,"featured_media":59811,"comment_status":"open","ping_status":"closed","sticky":false,"template":"","format":"standard","meta":{"footnotes":""},"categories":[2,10],"tags":[55,60,29],"class_list":["post-59812","post","type-post","status-publish","format-standard","has-post-thumbnail","hentry","category-politique","category-toutes-les-actualites","tag-africa-press","tag-africa-press-niger","tag-niger"],"yoast_head":"<!-- This site is optimized with the Yoast SEO Premium plugin v26.1 (Yoast SEO v27.0) - https:\/\/yoast.com\/product\/yoast-seo-premium-wordpress\/ -->\n<title>Une cache d\u2019armes au si\u00e8ge d&#039;EUCAP Sahel: le Niger d\u00e9voile les r\u00e9sultats de l\u2019enqu\u00eate - niger<\/title>\n<meta name=\"description\" content=\"Le bilan sur cette &quot;tentative de de\u0301stabilisation&quot;, a e\u0301te\u0301 rendu par le lieutenant Abou Aboubacar, commandant de la bri ...\" \/>\n<meta name=\"robots\" content=\"index, follow, max-snippet:-1, max-image-preview:large, max-video-preview:-1\" \/>\n<link rel=\"canonical\" href=\"https:\/\/www.africa-press.net\/niger\/politique\/une-cache-darmes-au-siege-deucap-sahel-le-niger-devoile-les-resultats-de-lenquete\" \/>\n<meta property=\"og:locale\" content=\"fr_FR\" \/>\n<meta property=\"og:type\" content=\"article\" \/>\n<meta property=\"og:title\" content=\"Une cache d\u2019armes au si\u00e8ge d&#039;EUCAP Sahel: le Niger d\u00e9voile les r\u00e9sultats de l\u2019enqu\u00eate\" \/>\n<meta property=\"og:description\" content=\"Le bilan sur cette &quot;tentative de de\u0301stabilisation&quot;, a e\u0301te\u0301 rendu par le lieutenant Abou Aboubacar, commandant de la bri ...\" \/>\n<meta property=\"og:url\" content=\"https:\/\/www.africa-press.net\/niger\/politique\/une-cache-darmes-au-siege-deucap-sahel-le-niger-devoile-les-resultats-de-lenquete\" \/>\n<meta property=\"og:site_name\" content=\"niger\" \/>\n<meta property=\"article:published_time\" content=\"2024-03-12T17:17:38+00:00\" \/>\n<meta property=\"article:modified_time\" content=\"2024-03-12T19:15:24+00:00\" \/>\n<meta property=\"og:image\" content=\"https:\/\/static.africa-press.net\/niger\/sites\/40\/2024\/03\/sm_1710256641.675599.jpg\" \/>\n\t<meta property=\"og:image:width\" content=\"1350\" \/>\n\t<meta property=\"og:image:height\" content=\"900\" \/>\n\t<meta property=\"og:image:type\" content=\"image\/jpeg\" \/>\n<meta name=\"author\" content=\"cfeditorfr\" \/>\n<meta name=\"twitter:card\" content=\"summary_large_image\" \/>\n<meta name=\"twitter:label1\" content=\"\u00c9crit par\" \/>\n\t<meta name=\"twitter:data1\" content=\"cfeditorfr\" \/>\n\t<meta name=\"twitter:label2\" content=\"Dur\u00e9e de lecture estim\u00e9e\" \/>\n\t<meta name=\"twitter:data2\" content=\"1 minute\" \/>\n<script type=\"application\/ld+json\" class=\"yoast-schema-graph\">{\"@context\":\"https:\/\/schema.org\",\"@graph\":[{\"@type\":\"Article\",\"@id\":\"https:\/\/www.africa-press.net\/niger\/politique\/une-cache-darmes-au-siege-deucap-sahel-le-niger-devoile-les-resultats-de-lenquete#article\",\"isPartOf\":{\"@id\":\"https:\/\/www.africa-press.net\/niger\/politique\/une-cache-darmes-au-siege-deucap-sahel-le-niger-devoile-les-resultats-de-lenquete\"},\"author\":{\"name\":\"cfeditorfr\",\"@id\":\"https:\/\/www.africa-press.net\/niger\/#\/schema\/person\/2b1cf3cd81a31e3cd26889ca66d677f1\"},\"headline\":\"Une cache d\u2019armes au si\u00e8ge d&rsquo;EUCAP Sahel: le Niger d\u00e9voile les r\u00e9sultats de l\u2019enqu\u00eate\",\"datePublished\":\"2024-03-12T17:17:38+00:00\",\"dateModified\":\"2024-03-12T19:15:24+00:00\",\"mainEntityOfPage\":{\"@id\":\"https:\/\/www.africa-press.net\/niger\/politique\/une-cache-darmes-au-siege-deucap-sahel-le-niger-devoile-les-resultats-de-lenquete\"},\"wordCount\":85,\"commentCount\":0,\"image\":{\"@id\":\"https:\/\/www.africa-press.net\/niger\/politique\/une-cache-darmes-au-siege-deucap-sahel-le-niger-devoile-les-resultats-de-lenquete#primaryimage\"},\"thumbnailUrl\":\"https:\/\/static.africa-press.net\/niger\/sites\/40\/2024\/03\/sm_1710256641.675599.jpg\",\"keywords\":[\"Africa Press\",\"Africa Press-Niger\",\"Niger\"],\"articleSection\":[\"Politique\",\"Toutes les actualit\u00e9s\"],\"inLanguage\":\"fr-FR\",\"potentialAction\":[{\"@type\":\"CommentAction\",\"name\":\"Comment\",\"target\":[\"https:\/\/www.africa-press.net\/niger\/politique\/une-cache-darmes-au-siege-deucap-sahel-le-niger-devoile-les-resultats-de-lenquete#respond\"]}]},{\"@type\":\"WebPage\",\"@id\":\"https:\/\/www.africa-press.net\/niger\/politique\/une-cache-darmes-au-siege-deucap-sahel-le-niger-devoile-les-resultats-de-lenquete\",\"url\":\"https:\/\/www.africa-press.net\/niger\/politique\/une-cache-darmes-au-siege-deucap-sahel-le-niger-devoile-les-resultats-de-lenquete\",\"name\":\"Une cache d\u2019armes au si\u00e8ge d'EUCAP Sahel: le Niger d\u00e9voile les r\u00e9sultats de l\u2019enqu\u00eate - niger\",\"isPartOf\":{\"@id\":\"https:\/\/www.africa-press.net\/niger\/#website\"},\"primaryImageOfPage\":{\"@id\":\"https:\/\/www.africa-press.net\/niger\/politique\/une-cache-darmes-au-siege-deucap-sahel-le-niger-devoile-les-resultats-de-lenquete#primaryimage\"},\"image\":{\"@id\":\"https:\/\/www.africa-press.net\/niger\/politique\/une-cache-darmes-au-siege-deucap-sahel-le-niger-devoile-les-resultats-de-lenquete#primaryimage\"},\"thumbnailUrl\":\"https:\/\/static.africa-press.net\/niger\/sites\/40\/2024\/03\/sm_1710256641.675599.jpg\",\"datePublished\":\"2024-03-12T17:17:38+00:00\",\"dateModified\":\"2024-03-12T19:15:24+00:00\",\"author\":{\"@id\":\"https:\/\/www.africa-press.net\/niger\/#\/schema\/person\/2b1cf3cd81a31e3cd26889ca66d677f1\"},\"description\":\"Le bilan sur cette \\\"tentative de de\u0301stabilisation\\\", a e\u0301te\u0301 rendu par le lieutenant Abou Aboubacar, commandant de la bri ...\",\"breadcrumb\":{\"@id\":\"https:\/\/www.africa-press.net\/niger\/politique\/une-cache-darmes-au-siege-deucap-sahel-le-niger-devoile-les-resultats-de-lenquete#breadcrumb\"},\"inLanguage\":\"fr-FR\",\"potentialAction\":[{\"@type\":\"ReadAction\",\"target\":[\"https:\/\/www.africa-press.net\/niger\/politique\/une-cache-darmes-au-siege-deucap-sahel-le-niger-devoile-les-resultats-de-lenquete\"]}]},{\"@type\":\"ImageObject\",\"inLanguage\":\"fr-FR\",\"@id\":\"https:\/\/www.africa-press.net\/niger\/politique\/une-cache-darmes-au-siege-deucap-sahel-le-niger-devoile-les-resultats-de-lenquete#primaryimage\",\"url\":\"https:\/\/static.africa-press.net\/niger\/sites\/40\/2024\/03\/sm_1710256641.675599.jpg\",\"contentUrl\":\"https:\/\/static.africa-press.net\/niger\/sites\/40\/2024\/03\/sm_1710256641.675599.jpg\",\"width\":1350,\"height\":900,\"caption\":\"Une cache d\u2019armes au si\u00e8ge d'EUCAP Sahel: le Niger d\u00e9voile les r\u00e9sultats de l\u2019enqu\u00eate\"},{\"@type\":\"BreadcrumbList\",\"@id\":\"https:\/\/www.africa-press.net\/niger\/politique\/une-cache-darmes-au-siege-deucap-sahel-le-niger-devoile-les-resultats-de-lenquete#breadcrumb\",\"itemListElement\":[{\"@type\":\"ListItem\",\"position\":1,\"name\":\"Accueil\",\"item\":\"https:\/\/www.africa-press.net\/niger\/\"},{\"@type\":\"ListItem\",\"position\":2,\"name\":\"Une cache d\u2019armes au si\u00e8ge d&#8217;EUCAP Sahel: le Niger d\u00e9voile les r\u00e9sultats de l\u2019enqu\u00eate\"}]},{\"@type\":\"WebSite\",\"@id\":\"https:\/\/www.africa-press.net\/niger\/#website\",\"url\":\"https:\/\/www.africa-press.net\/niger\/\",\"name\":\"niger\",\"description\":\"Just another Africa News Agency Sites site\",\"potentialAction\":[{\"@type\":\"SearchAction\",\"target\":{\"@type\":\"EntryPoint\",\"urlTemplate\":\"https:\/\/www.africa-press.net\/niger\/?s={search_term_string}\"},\"query-input\":{\"@type\":\"PropertyValueSpecification\",\"valueRequired\":true,\"valueName\":\"search_term_string\"}}],\"inLanguage\":\"fr-FR\"},{\"@type\":\"Person\",\"@id\":\"https:\/\/www.africa-press.net\/niger\/#\/schema\/person\/2b1cf3cd81a31e3cd26889ca66d677f1\",\"name\":\"cfeditorfr\"}]}<\/script>\n<!-- \/ Yoast SEO Premium plugin. -->","yoast_head_json":{"title":"Une cache d\u2019armes au si\u00e8ge d'EUCAP Sahel: le Niger d\u00e9voile les r\u00e9sultats de l\u2019enqu\u00eate - niger","description":"Le bilan sur cette \"tentative de de\u0301stabilisation\", a e\u0301te\u0301 rendu par le lieutenant Abou Aboubacar, commandant de la bri ...","robots":{"index":"index","follow":"follow","max-snippet":"max-snippet:-1","max-image-preview":"max-image-preview:large","max-video-preview":"max-video-preview:-1"},"canonical":"https:\/\/www.africa-press.net\/niger\/politique\/une-cache-darmes-au-siege-deucap-sahel-le-niger-devoile-les-resultats-de-lenquete","og_locale":"fr_FR","og_type":"article","og_title":"Une cache d\u2019armes au si\u00e8ge d'EUCAP Sahel: le Niger d\u00e9voile les r\u00e9sultats de l\u2019enqu\u00eate","og_description":"Le bilan sur cette \"tentative de de\u0301stabilisation\", a e\u0301te\u0301 rendu par le lieutenant Abou Aboubacar, commandant de la bri ...","og_url":"https:\/\/www.africa-press.net\/niger\/politique\/une-cache-darmes-au-siege-deucap-sahel-le-niger-devoile-les-resultats-de-lenquete","og_site_name":"niger","article_published_time":"2024-03-12T17:17:38+00:00","article_modified_time":"2024-03-12T19:15:24+00:00","og_image":[{"width":1350,"height":900,"url":"https:\/\/static.africa-press.net\/niger\/sites\/40\/2024\/03\/sm_1710256641.675599.jpg","type":"image\/jpeg"}],"author":"cfeditorfr","twitter_card":"summary_large_image","twitter_misc":{"\u00c9crit par":"cfeditorfr","Dur\u00e9e de lecture estim\u00e9e":"1 minute"},"schema":{"@context":"https:\/\/schema.org","@graph":[{"@type":"Article","@id":"https:\/\/www.africa-press.net\/niger\/politique\/une-cache-darmes-au-siege-deucap-sahel-le-niger-devoile-les-resultats-de-lenquete#article","isPartOf":{"@id":"https:\/\/www.africa-press.net\/niger\/politique\/une-cache-darmes-au-siege-deucap-sahel-le-niger-devoile-les-resultats-de-lenquete"},"author":{"name":"cfeditorfr","@id":"https:\/\/www.africa-press.net\/niger\/#\/schema\/person\/2b1cf3cd81a31e3cd26889ca66d677f1"},"headline":"Une cache d\u2019armes au si\u00e8ge d&rsquo;EUCAP Sahel: le Niger d\u00e9voile les r\u00e9sultats de l\u2019enqu\u00eate","datePublished":"2024-03-12T17:17:38+00:00","dateModified":"2024-03-12T19:15:24+00:00","mainEntityOfPage":{"@id":"https:\/\/www.africa-press.net\/niger\/politique\/une-cache-darmes-au-siege-deucap-sahel-le-niger-devoile-les-resultats-de-lenquete"},"wordCount":85,"commentCount":0,"image":{"@id":"https:\/\/www.africa-press.net\/niger\/politique\/une-cache-darmes-au-siege-deucap-sahel-le-niger-devoile-les-resultats-de-lenquete#primaryimage"},"thumbnailUrl":"https:\/\/static.africa-press.net\/niger\/sites\/40\/2024\/03\/sm_1710256641.675599.jpg","keywords":["Africa Press","Africa Press-Niger","Niger"],"articleSection":["Politique","Toutes les actualit\u00e9s"],"inLanguage":"fr-FR","potentialAction":[{"@type":"CommentAction","name":"Comment","target":["https:\/\/www.africa-press.net\/niger\/politique\/une-cache-darmes-au-siege-deucap-sahel-le-niger-devoile-les-resultats-de-lenquete#respond"]}]},{"@type":"WebPage","@id":"https:\/\/www.africa-press.net\/niger\/politique\/une-cache-darmes-au-siege-deucap-sahel-le-niger-devoile-les-resultats-de-lenquete","url":"https:\/\/www.africa-press.net\/niger\/politique\/une-cache-darmes-au-siege-deucap-sahel-le-niger-devoile-les-resultats-de-lenquete","name":"Une cache d\u2019armes au si\u00e8ge d'EUCAP Sahel: le Niger d\u00e9voile les r\u00e9sultats de l\u2019enqu\u00eate - niger","isPartOf":{"@id":"https:\/\/www.africa-press.net\/niger\/#website"},"primaryImageOfPage":{"@id":"https:\/\/www.africa-press.net\/niger\/politique\/une-cache-darmes-au-siege-deucap-sahel-le-niger-devoile-les-resultats-de-lenquete#primaryimage"},"image":{"@id":"https:\/\/www.africa-press.net\/niger\/politique\/une-cache-darmes-au-siege-deucap-sahel-le-niger-devoile-les-resultats-de-lenquete#primaryimage"},"thumbnailUrl":"https:\/\/static.africa-press.net\/niger\/sites\/40\/2024\/03\/sm_1710256641.675599.jpg","datePublished":"2024-03-12T17:17:38+00:00","dateModified":"2024-03-12T19:15:24+00:00","author":{"@id":"https:\/\/www.africa-press.net\/niger\/#\/schema\/person\/2b1cf3cd81a31e3cd26889ca66d677f1"},"description":"Le bilan sur cette \"tentative de de\u0301stabilisation\", a e\u0301te\u0301 rendu par le lieutenant Abou Aboubacar, commandant de la bri ...","breadcrumb":{"@id":"https:\/\/www.africa-press.net\/niger\/politique\/une-cache-darmes-au-siege-deucap-sahel-le-niger-devoile-les-resultats-de-lenquete#breadcrumb"},"inLanguage":"fr-FR","potentialAction":[{"@type":"ReadAction","target":["https:\/\/www.africa-press.net\/niger\/politique\/une-cache-darmes-au-siege-deucap-sahel-le-niger-devoile-les-resultats-de-lenquete"]}]},{"@type":"ImageObject","inLanguage":"fr-FR","@id":"https:\/\/www.africa-press.net\/niger\/politique\/une-cache-darmes-au-siege-deucap-sahel-le-niger-devoile-les-resultats-de-lenquete#primaryimage","url":"https:\/\/static.africa-press.net\/niger\/sites\/40\/2024\/03\/sm_1710256641.675599.jpg","contentUrl":"https:\/\/static.africa-press.net\/niger\/sites\/40\/2024\/03\/sm_1710256641.675599.jpg","width":1350,"height":900,"caption":"Une cache d\u2019armes au si\u00e8ge d'EUCAP Sahel: le Niger d\u00e9voile les r\u00e9sultats de l\u2019enqu\u00eate"},{"@type":"BreadcrumbList","@id":"https:\/\/www.africa-press.net\/niger\/politique\/une-cache-darmes-au-siege-deucap-sahel-le-niger-devoile-les-resultats-de-lenquete#breadcrumb","itemListElement":[{"@type":"ListItem","position":1,"name":"Accueil","item":"https:\/\/www.africa-press.net\/niger\/"},{"@type":"ListItem","position":2,"name":"Une cache d\u2019armes au si\u00e8ge d&#8217;EUCAP Sahel: le Niger d\u00e9voile les r\u00e9sultats de l\u2019enqu\u00eate"}]},{"@type":"WebSite","@id":"https:\/\/www.africa-press.net\/niger\/#website","url":"https:\/\/www.africa-press.net\/niger\/","name":"niger","description":"Just another Africa News Agency Sites site","potentialAction":[{"@type":"SearchAction","target":{"@type":"EntryPoint","urlTemplate":"https:\/\/www.africa-press.net\/niger\/?s={search_term_string}"},"query-input":{"@type":"PropertyValueSpecification","valueRequired":true,"valueName":"search_term_string"}}],"inLanguage":"fr-FR"},{"@type":"Person","@id":"https:\/\/www.africa-press.net\/niger\/#\/schema\/person\/2b1cf3cd81a31e3cd26889ca66d677f1","name":"cfeditorfr"}]}},"_links":{"self":[{"href":"https:\/\/www.africa-press.net\/niger\/wp-json\/wp\/v2\/posts\/59812","targetHints":{"allow":["GET"]}}],"collection":[{"href":"https:\/\/www.africa-press.net\/niger\/wp-json\/wp\/v2\/posts"}],"about":[{"href":"https:\/\/www.africa-press.net\/niger\/wp-json\/wp\/v2\/types\/post"}],"author":[{"embeddable":true,"href":"https:\/\/www.africa-press.net\/niger\/wp-json\/wp\/v2\/users\/82"}],"replies":[{"embeddable":true,"href":"https:\/\/www.africa-press.net\/niger\/wp-json\/wp\/v2\/comments?post=59812"}],"version-history":[{"count":0,"href":"https:\/\/www.africa-press.net\/niger\/wp-json\/wp\/v2\/posts\/59812\/revisions"}],"wp:featuredmedia":[{"embeddable":true,"href":"https:\/\/www.africa-press.net\/niger\/wp-json\/wp\/v2\/media\/59811"}],"wp:attachment":[{"href":"https:\/\/www.africa-press.net\/niger\/wp-json\/wp\/v2\/media?parent=59812"}],"wp:term":[{"taxonomy":"category","embeddable":true,"href":"https:\/\/www.africa-press.net\/niger\/wp-json\/wp\/v2\/categories?post=59812"},{"taxonomy":"post_tag","embeddable":true,"href":"https:\/\/www.africa-press.net\/niger\/wp-json\/wp\/v2\/tags?post=59812"}],"curies":[{"name":"wp","href":"https:\/\/api.w.org\/{rel}","templated":true}]}}