{"id":59817,"date":"2024-03-12T17:18:44","date_gmt":"2024-03-12T17:18:44","guid":{"rendered":"https:\/\/www.africa-press.net\/niger\/politique\/le-niger-sengage-dans-la-transformation-numerique"},"modified":"2024-03-12T19:17:47","modified_gmt":"2024-03-12T19:17:47","slug":"le-niger-sengage-dans-la-transformation-numerique","status":"publish","type":"post","link":"https:\/\/www.africa-press.net\/niger\/economie\/le-niger-sengage-dans-la-transformation-numerique","title":{"rendered":"Le Niger s\u2019engage dans la transformation num\u00e9rique"},"content":{"rendered":"<p><span style=\"color: #ff6600\"><strong>Africa-Press &#8211; Niger. <\/strong><\/span>Le ministre nige\u0301rien de la Communication, des Postes et de l\u2019E\u0301conomie nume\u0301rique Sidi Mohamed Raliou a annonce\u0301 lors d\u2019un point de presse a\u0300 Niamey vendredi la tenue en avril prochain de la premie\u0300re e\u0301dition de la Semaine nume\u0301rique du Niger.<\/p>\n<p>L\u2019e\u0301ve\u0301nement s\u2019inscrit dans l\u2019effort national visant a\u0300 promouvoir la transformation nume\u0301rique du pays.<\/p>\n<p>Le ministre a rappele\u0301 a\u0300 cet effet plusieurs initiatives majeures pre\u0301vues par le gouvernement qui traduisaient \u00ab\u00a0la volonte\u0301 des autorite\u0301s nige\u0301riennes au plus haut sommet, de suivre la marche du monde en faisant du nume\u0301rique un levier de de\u0301veloppement socio-e\u0301conomique\u00a0\u00bb.<\/p>\n<p>Il s\u2019agit notamment de digitaliser l\u2019administration publique, de moderniser les infrastructures et de faciliter l\u2019acce\u0300s a\u0300 Internet, de mettre en place un Centre national de cyberse\u0301curite\u0301, ainsi que d\u2019assurer l\u2019acce\u0300s universel a\u0300 une connectivite\u0301 de qualite\u0301 a\u0300 des cou\u0302ts abordables.<\/p>\n<p>L\u2019exe\u0301cutif a annonce\u0301 en octobre 2023 qu\u2019il s\u2019e\u0301tait engage\u0301 dans un processus de re\u0301formes qui comprenait notamment l\u2019adoption d\u2019une nouvelle Politique de de\u0301veloppement du nume\u0301rique 2023-2032, ainsi que l\u2019ame\u0301lioration du cadre juridique et institutionnel du secteur.<\/p>\n<p><strong>Pour plus d&rsquo;informations et d&rsquo;analyses sur la <a href=\"https:\/\/www.africa-press.net\/niger\">Niger<\/a>, suivez <a href=\"https:\/\/www.africa-press.net\/\">Africa-Press<\/a><\/strong><\/p>\n","protected":false},"excerpt":{"rendered":"<p>Africa-Press &#8211; Niger. Le ministre nige\u0301rien de la Communication, des Postes et de l\u2019E\u0301conomie nume\u0301rique Sidi Mohamed Raliou a annonce\u0301 lors d\u2019un point de presse a\u0300 Niamey vendredi la tenue en avril prochain de la premie\u0300re e\u0301dition de la Semaine nume\u0301rique du Niger. L\u2019e\u0301ve\u0301nement s\u2019inscrit dans l\u2019effort national visant a\u0300 promouvoir la transformation nume\u0301rique du [&hellip;]<\/p>\n","protected":false},"author":82,"featured_media":59815,"comment_status":"open","ping_status":"closed","sticky":false,"template":"","format":"standard","meta":{"footnotes":""},"categories":[3,73,20,10],"tags":[55,60,29],"class_list":["post-59817","post","type-post","status-publish","format-standard","has-post-thumbnail","hentry","category-economie","category-to-homepage","category-top-nouvelles","category-toutes-les-actualites","tag-africa-press","tag-africa-press-niger","tag-niger"],"yoast_head":"<!-- This site is optimized with the Yoast SEO Premium plugin v26.1 (Yoast SEO v27.0) - https:\/\/yoast.com\/product\/yoast-seo-premium-wordpress\/ -->\n<title>Le Niger s\u2019engage dans la transformation num\u00e9rique - niger<\/title>\n<meta name=\"description\" content=\"Le ministre nige\u0301rien de la Communication, des Postes et de l\u2019E\u0301conomie nume\u0301rique Sidi Mohamed Raliou a annonce\u0301 lors d ...\" \/>\n<meta name=\"robots\" content=\"index, follow, max-snippet:-1, max-image-preview:large, max-video-preview:-1\" \/>\n<link rel=\"canonical\" href=\"https:\/\/www.africa-press.net\/niger\/economie\/le-niger-sengage-dans-la-transformation-numerique\" \/>\n<meta property=\"og:locale\" content=\"fr_FR\" \/>\n<meta property=\"og:type\" content=\"article\" \/>\n<meta property=\"og:title\" content=\"Le Niger s\u2019engage dans la transformation num\u00e9rique\" \/>\n<meta property=\"og:description\" content=\"Le ministre nige\u0301rien de la Communication, des Postes et de l\u2019E\u0301conomie nume\u0301rique Sidi Mohamed Raliou a annonce\u0301 lors d ...\" \/>\n<meta property=\"og:url\" content=\"https:\/\/www.africa-press.net\/niger\/economie\/le-niger-sengage-dans-la-transformation-numerique\" \/>\n<meta property=\"og:site_name\" content=\"niger\" \/>\n<meta property=\"article:published_time\" content=\"2024-03-12T17:18:44+00:00\" \/>\n<meta property=\"article:modified_time\" content=\"2024-03-12T19:17:47+00:00\" \/>\n<meta property=\"og:image\" content=\"https:\/\/static.africa-press.net\/niger\/sites\/40\/2024\/03\/sm_1710256704.60067.jpg\" \/>\n\t<meta property=\"og:image:width\" content=\"1350\" \/>\n\t<meta property=\"og:image:height\" content=\"900\" \/>\n\t<meta property=\"og:image:type\" content=\"image\/jpeg\" \/>\n<meta name=\"author\" content=\"cfeditorfr\" \/>\n<meta name=\"twitter:card\" content=\"summary_large_image\" \/>\n<meta name=\"twitter:label1\" content=\"\u00c9crit par\" \/>\n\t<meta name=\"twitter:data1\" content=\"cfeditorfr\" \/>\n\t<meta name=\"twitter:label2\" content=\"Dur\u00e9e de lecture estim\u00e9e\" \/>\n\t<meta name=\"twitter:data2\" content=\"2 minutes\" \/>\n<script type=\"application\/ld+json\" class=\"yoast-schema-graph\">{\"@context\":\"https:\/\/schema.org\",\"@graph\":[{\"@type\":\"Article\",\"@id\":\"https:\/\/www.africa-press.net\/niger\/economie\/le-niger-sengage-dans-la-transformation-numerique#article\",\"isPartOf\":{\"@id\":\"https:\/\/www.africa-press.net\/niger\/economie\/le-niger-sengage-dans-la-transformation-numerique\"},\"author\":{\"name\":\"cfeditorfr\",\"@id\":\"https:\/\/www.africa-press.net\/niger\/#\/schema\/person\/2b1cf3cd81a31e3cd26889ca66d677f1\"},\"headline\":\"Le Niger s\u2019engage dans la transformation num\u00e9rique\",\"datePublished\":\"2024-03-12T17:18:44+00:00\",\"dateModified\":\"2024-03-12T19:17:47+00:00\",\"mainEntityOfPage\":{\"@id\":\"https:\/\/www.africa-press.net\/niger\/economie\/le-niger-sengage-dans-la-transformation-numerique\"},\"wordCount\":233,\"commentCount\":0,\"image\":{\"@id\":\"https:\/\/www.africa-press.net\/niger\/economie\/le-niger-sengage-dans-la-transformation-numerique#primaryimage\"},\"thumbnailUrl\":\"https:\/\/static.africa-press.net\/niger\/sites\/40\/2024\/03\/sm_1710256704.60067.jpg\",\"keywords\":[\"Africa Press\",\"Africa Press-Niger\",\"Niger\"],\"articleSection\":[\"\u00c9conomie\",\"to-homepage\",\"Top Nouvelles\",\"Toutes les actualit\u00e9s\"],\"inLanguage\":\"fr-FR\",\"potentialAction\":[{\"@type\":\"CommentAction\",\"name\":\"Comment\",\"target\":[\"https:\/\/www.africa-press.net\/niger\/economie\/le-niger-sengage-dans-la-transformation-numerique#respond\"]}]},{\"@type\":\"WebPage\",\"@id\":\"https:\/\/www.africa-press.net\/niger\/economie\/le-niger-sengage-dans-la-transformation-numerique\",\"url\":\"https:\/\/www.africa-press.net\/niger\/economie\/le-niger-sengage-dans-la-transformation-numerique\",\"name\":\"Le Niger s\u2019engage dans la transformation num\u00e9rique - niger\",\"isPartOf\":{\"@id\":\"https:\/\/www.africa-press.net\/niger\/#website\"},\"primaryImageOfPage\":{\"@id\":\"https:\/\/www.africa-press.net\/niger\/economie\/le-niger-sengage-dans-la-transformation-numerique#primaryimage\"},\"image\":{\"@id\":\"https:\/\/www.africa-press.net\/niger\/economie\/le-niger-sengage-dans-la-transformation-numerique#primaryimage\"},\"thumbnailUrl\":\"https:\/\/static.africa-press.net\/niger\/sites\/40\/2024\/03\/sm_1710256704.60067.jpg\",\"datePublished\":\"2024-03-12T17:18:44+00:00\",\"dateModified\":\"2024-03-12T19:17:47+00:00\",\"author\":{\"@id\":\"https:\/\/www.africa-press.net\/niger\/#\/schema\/person\/2b1cf3cd81a31e3cd26889ca66d677f1\"},\"description\":\"Le ministre nige\u0301rien de la Communication, des Postes et de l\u2019E\u0301conomie nume\u0301rique Sidi Mohamed Raliou a annonce\u0301 lors d ...\",\"breadcrumb\":{\"@id\":\"https:\/\/www.africa-press.net\/niger\/economie\/le-niger-sengage-dans-la-transformation-numerique#breadcrumb\"},\"inLanguage\":\"fr-FR\",\"potentialAction\":[{\"@type\":\"ReadAction\",\"target\":[\"https:\/\/www.africa-press.net\/niger\/economie\/le-niger-sengage-dans-la-transformation-numerique\"]}]},{\"@type\":\"ImageObject\",\"inLanguage\":\"fr-FR\",\"@id\":\"https:\/\/www.africa-press.net\/niger\/economie\/le-niger-sengage-dans-la-transformation-numerique#primaryimage\",\"url\":\"https:\/\/static.africa-press.net\/niger\/sites\/40\/2024\/03\/sm_1710256704.60067.jpg\",\"contentUrl\":\"https:\/\/static.africa-press.net\/niger\/sites\/40\/2024\/03\/sm_1710256704.60067.jpg\",\"width\":1350,\"height\":900,\"caption\":\"Le Niger s\u2019engage dans la transformation num\u00e9rique\"},{\"@type\":\"BreadcrumbList\",\"@id\":\"https:\/\/www.africa-press.net\/niger\/economie\/le-niger-sengage-dans-la-transformation-numerique#breadcrumb\",\"itemListElement\":[{\"@type\":\"ListItem\",\"position\":1,\"name\":\"Accueil\",\"item\":\"https:\/\/www.africa-press.net\/niger\/\"},{\"@type\":\"ListItem\",\"position\":2,\"name\":\"Le Niger s\u2019engage dans la transformation num\u00e9rique\"}]},{\"@type\":\"WebSite\",\"@id\":\"https:\/\/www.africa-press.net\/niger\/#website\",\"url\":\"https:\/\/www.africa-press.net\/niger\/\",\"name\":\"niger\",\"description\":\"Just another Africa News Agency Sites site\",\"potentialAction\":[{\"@type\":\"SearchAction\",\"target\":{\"@type\":\"EntryPoint\",\"urlTemplate\":\"https:\/\/www.africa-press.net\/niger\/?s={search_term_string}\"},\"query-input\":{\"@type\":\"PropertyValueSpecification\",\"valueRequired\":true,\"valueName\":\"search_term_string\"}}],\"inLanguage\":\"fr-FR\"},{\"@type\":\"Person\",\"@id\":\"https:\/\/www.africa-press.net\/niger\/#\/schema\/person\/2b1cf3cd81a31e3cd26889ca66d677f1\",\"name\":\"cfeditorfr\"}]}<\/script>\n<!-- \/ Yoast SEO Premium plugin. -->","yoast_head_json":{"title":"Le Niger s\u2019engage dans la transformation num\u00e9rique - niger","description":"Le ministre nige\u0301rien de la Communication, des Postes et de l\u2019E\u0301conomie nume\u0301rique Sidi Mohamed Raliou a annonce\u0301 lors d ...","robots":{"index":"index","follow":"follow","max-snippet":"max-snippet:-1","max-image-preview":"max-image-preview:large","max-video-preview":"max-video-preview:-1"},"canonical":"https:\/\/www.africa-press.net\/niger\/economie\/le-niger-sengage-dans-la-transformation-numerique","og_locale":"fr_FR","og_type":"article","og_title":"Le Niger s\u2019engage dans la transformation num\u00e9rique","og_description":"Le ministre nige\u0301rien de la Communication, des Postes et de l\u2019E\u0301conomie nume\u0301rique Sidi Mohamed Raliou a annonce\u0301 lors d ...","og_url":"https:\/\/www.africa-press.net\/niger\/economie\/le-niger-sengage-dans-la-transformation-numerique","og_site_name":"niger","article_published_time":"2024-03-12T17:18:44+00:00","article_modified_time":"2024-03-12T19:17:47+00:00","og_image":[{"width":1350,"height":900,"url":"https:\/\/static.africa-press.net\/niger\/sites\/40\/2024\/03\/sm_1710256704.60067.jpg","type":"image\/jpeg"}],"author":"cfeditorfr","twitter_card":"summary_large_image","twitter_misc":{"\u00c9crit par":"cfeditorfr","Dur\u00e9e de lecture estim\u00e9e":"2 minutes"},"schema":{"@context":"https:\/\/schema.org","@graph":[{"@type":"Article","@id":"https:\/\/www.africa-press.net\/niger\/economie\/le-niger-sengage-dans-la-transformation-numerique#article","isPartOf":{"@id":"https:\/\/www.africa-press.net\/niger\/economie\/le-niger-sengage-dans-la-transformation-numerique"},"author":{"name":"cfeditorfr","@id":"https:\/\/www.africa-press.net\/niger\/#\/schema\/person\/2b1cf3cd81a31e3cd26889ca66d677f1"},"headline":"Le Niger s\u2019engage dans la transformation num\u00e9rique","datePublished":"2024-03-12T17:18:44+00:00","dateModified":"2024-03-12T19:17:47+00:00","mainEntityOfPage":{"@id":"https:\/\/www.africa-press.net\/niger\/economie\/le-niger-sengage-dans-la-transformation-numerique"},"wordCount":233,"commentCount":0,"image":{"@id":"https:\/\/www.africa-press.net\/niger\/economie\/le-niger-sengage-dans-la-transformation-numerique#primaryimage"},"thumbnailUrl":"https:\/\/static.africa-press.net\/niger\/sites\/40\/2024\/03\/sm_1710256704.60067.jpg","keywords":["Africa Press","Africa Press-Niger","Niger"],"articleSection":["\u00c9conomie","to-homepage","Top Nouvelles","Toutes les actualit\u00e9s"],"inLanguage":"fr-FR","potentialAction":[{"@type":"CommentAction","name":"Comment","target":["https:\/\/www.africa-press.net\/niger\/economie\/le-niger-sengage-dans-la-transformation-numerique#respond"]}]},{"@type":"WebPage","@id":"https:\/\/www.africa-press.net\/niger\/economie\/le-niger-sengage-dans-la-transformation-numerique","url":"https:\/\/www.africa-press.net\/niger\/economie\/le-niger-sengage-dans-la-transformation-numerique","name":"Le Niger s\u2019engage dans la transformation num\u00e9rique - niger","isPartOf":{"@id":"https:\/\/www.africa-press.net\/niger\/#website"},"primaryImageOfPage":{"@id":"https:\/\/www.africa-press.net\/niger\/economie\/le-niger-sengage-dans-la-transformation-numerique#primaryimage"},"image":{"@id":"https:\/\/www.africa-press.net\/niger\/economie\/le-niger-sengage-dans-la-transformation-numerique#primaryimage"},"thumbnailUrl":"https:\/\/static.africa-press.net\/niger\/sites\/40\/2024\/03\/sm_1710256704.60067.jpg","datePublished":"2024-03-12T17:18:44+00:00","dateModified":"2024-03-12T19:17:47+00:00","author":{"@id":"https:\/\/www.africa-press.net\/niger\/#\/schema\/person\/2b1cf3cd81a31e3cd26889ca66d677f1"},"description":"Le ministre nige\u0301rien de la Communication, des Postes et de l\u2019E\u0301conomie nume\u0301rique Sidi Mohamed Raliou a annonce\u0301 lors d ...","breadcrumb":{"@id":"https:\/\/www.africa-press.net\/niger\/economie\/le-niger-sengage-dans-la-transformation-numerique#breadcrumb"},"inLanguage":"fr-FR","potentialAction":[{"@type":"ReadAction","target":["https:\/\/www.africa-press.net\/niger\/economie\/le-niger-sengage-dans-la-transformation-numerique"]}]},{"@type":"ImageObject","inLanguage":"fr-FR","@id":"https:\/\/www.africa-press.net\/niger\/economie\/le-niger-sengage-dans-la-transformation-numerique#primaryimage","url":"https:\/\/static.africa-press.net\/niger\/sites\/40\/2024\/03\/sm_1710256704.60067.jpg","contentUrl":"https:\/\/static.africa-press.net\/niger\/sites\/40\/2024\/03\/sm_1710256704.60067.jpg","width":1350,"height":900,"caption":"Le Niger s\u2019engage dans la transformation num\u00e9rique"},{"@type":"BreadcrumbList","@id":"https:\/\/www.africa-press.net\/niger\/economie\/le-niger-sengage-dans-la-transformation-numerique#breadcrumb","itemListElement":[{"@type":"ListItem","position":1,"name":"Accueil","item":"https:\/\/www.africa-press.net\/niger\/"},{"@type":"ListItem","position":2,"name":"Le Niger s\u2019engage dans la transformation num\u00e9rique"}]},{"@type":"WebSite","@id":"https:\/\/www.africa-press.net\/niger\/#website","url":"https:\/\/www.africa-press.net\/niger\/","name":"niger","description":"Just another Africa News Agency Sites site","potentialAction":[{"@type":"SearchAction","target":{"@type":"EntryPoint","urlTemplate":"https:\/\/www.africa-press.net\/niger\/?s={search_term_string}"},"query-input":{"@type":"PropertyValueSpecification","valueRequired":true,"valueName":"search_term_string"}}],"inLanguage":"fr-FR"},{"@type":"Person","@id":"https:\/\/www.africa-press.net\/niger\/#\/schema\/person\/2b1cf3cd81a31e3cd26889ca66d677f1","name":"cfeditorfr"}]}},"_links":{"self":[{"href":"https:\/\/www.africa-press.net\/niger\/wp-json\/wp\/v2\/posts\/59817","targetHints":{"allow":["GET"]}}],"collection":[{"href":"https:\/\/www.africa-press.net\/niger\/wp-json\/wp\/v2\/posts"}],"about":[{"href":"https:\/\/www.africa-press.net\/niger\/wp-json\/wp\/v2\/types\/post"}],"author":[{"embeddable":true,"href":"https:\/\/www.africa-press.net\/niger\/wp-json\/wp\/v2\/users\/82"}],"replies":[{"embeddable":true,"href":"https:\/\/www.africa-press.net\/niger\/wp-json\/wp\/v2\/comments?post=59817"}],"version-history":[{"count":0,"href":"https:\/\/www.africa-press.net\/niger\/wp-json\/wp\/v2\/posts\/59817\/revisions"}],"wp:featuredmedia":[{"embeddable":true,"href":"https:\/\/www.africa-press.net\/niger\/wp-json\/wp\/v2\/media\/59815"}],"wp:attachment":[{"href":"https:\/\/www.africa-press.net\/niger\/wp-json\/wp\/v2\/media?parent=59817"}],"wp:term":[{"taxonomy":"category","embeddable":true,"href":"https:\/\/www.africa-press.net\/niger\/wp-json\/wp\/v2\/categories?post=59817"},{"taxonomy":"post_tag","embeddable":true,"href":"https:\/\/www.africa-press.net\/niger\/wp-json\/wp\/v2\/tags?post=59817"}],"curies":[{"name":"wp","href":"https:\/\/api.w.org\/{rel}","templated":true}]}}