{"id":59839,"date":"2024-03-13T16:24:44","date_gmt":"2024-03-13T16:24:44","guid":{"rendered":"https:\/\/www.africa-press.net\/niger\/politique\/atelier-de-formation-des-responsables-des-organisations-internationales-ong-pour-une-meilleure-inclusion-des-personnes-handicapees-dans-les-actions-humanitaires"},"modified":"2024-03-13T17:12:54","modified_gmt":"2024-03-13T17:12:54","slug":"atelier-de-formation-des-responsables-des-organisations-internationales-ong-pour-une-meilleure-inclusion-des-personnes-handicapees-dans-les-actions-humanitaires","status":"publish","type":"post","link":"https:\/\/www.africa-press.net\/niger\/toutes-les-actualites\/atelier-de-formation-des-responsables-des-organisations-internationales-ong-pour-une-meilleure-inclusion-des-personnes-handicapees-dans-les-actions-humanitaires","title":{"rendered":"Atelier de formation des responsables des Organisations Internationales\/ONG : Pour une meilleure inclusion des personnes handicap\u00e9es dans les actions humanitaires"},"content":{"rendered":"<p><span style=\"color: #ff6600\"><strong>Africa-Press &#8211; Niger. <\/strong><\/span><b>L\u2019organisation Christian Blind Mission (CBM), en collaboration avec l\u2019ONG Plan International, organise du 12 au 14 mars 2024 a\u0300 Niamey, un atelier de formation de haut niveau sur la prise en compte du handicap en ope\u0301rationnalisant les directives de l\u2019Inter Agence Standing Committee (IASC) sur l\u2019inclusion des personnes handicape\u0301es dans les actions humanitaires. Au cours de cette session qui durera trois (3) jours, les participants seront outille\u0301s sur les questions humanitaires et la gestion des crises de catastrophe pour mieux prendre en compte les couches vulne\u0301rables, plus pre\u0301cise\u0301ment les personnes handicape\u0301es.<\/b><\/p>\n<p>A\u0300 l\u2019ouverture des travaux de cette formation, le Directeur pays de l\u2019organisation Christian Blind Mission (CBM), M. Adamou Boureima a explique\u0301 que l\u2019organisation est engage\u0301e dans l\u2019ame\u0301lioration de la qualite\u0301 de vie des personnes handicape\u0301es dans les pays les plus pauvres. Selon lui, les obstacles auxquels sont confronte\u0301es les personnes handicape\u0301es sont conside\u0301rablement amplifie\u0301s pendant les catastrophes et pendant les crises humanitaires. Lors de ces crises, les personnes handicape\u0301es sont souvent parmi les plus marginalise\u0301es. \u00ab Les personnes handicape\u0301es sont, de ce fait, plus en proie a\u0300 la de\u0301tresse psychologique et au stress. Ce qui a un impact ne\u0301gatif sur leur mental et leur bien-e\u0302tre de\u0301ja\u0300 fragilise\u0301 chez certaines personnes (personnes handicape\u0301es psychosociales). Elles ne sont pas parfois incluses dans la planification des risques de catastrophes et ne rec\u0327oivent souvent pas d\u2019informations de base et d\u2019acce\u0300s aux interventions humanitaires \u00bb, a explique\u0301 le Directeur pays CBM.<\/p>\n<p>Le Niger, a-t-il dit, est une zone confronte\u0301e aux effets des changements climatiques. Aujourd\u2019hui, le Niger est confronte\u0301 a\u0300 une crise d\u2019ordre se\u0301curitaire. \u00ab Cette formation a pour objectif d\u2019outiller les responsables en charge, parce que quand les crises interviennent, les personnes les plus impacte\u0301es sont les personnes handicape\u0301es. Cet atelier est pour que les responsables arrivent a\u0300 ope\u0301rationnaliser les directives de l\u2019Inter Agence Standing Committee (IASC), pour re\u0301pondre aux crises humanitaires. Nous voulons utiliser cette opportunite\u0301 pour que les acteurs puissent e\u0302tre informe\u0301s par rapport aux besoins des personnes handicape\u0301es et comment mieux prendre en compte les besoins de ces personnes \u00bb, a de\u0301clare\u0301 M. Adamou Boureima. Pour le Directeur pays CBM, l\u2019inclusion des personnes handicape\u0301es dans les interventions humanitaires est primordiale car, elle peut re\u0301duire conside\u0301rablement leur vulne\u0301rabilite\u0301 et accroi\u0302tre l\u2019efficacite\u0301 de l\u2019intervention, du rele\u0300vement et de la re\u0301adaptation.<\/p>\n<p>Pour sa part, le repre\u0301sentant pays de Plan International au Niger, M. Innocent Momararungu, a rappele\u0301 que son organisation est intervient dans plus de 80 pays au monde avec des expe\u0301riences dans le domaine de l\u2019inclusion. \u00ab Notre mission est de faire avancer le droit des enfants et l\u2019e\u0301galite\u0301 pour les filles. Quand on parle d\u2019e\u0301galite\u0301, il faut aussi penser a\u0300 l\u2019inclusion. Plan international est une organisation qui intervient dans le domaine des droits des enfants et des filles, c\u2019est pourquoi, avec l\u2019organisation CBM, nous avons de\u0301cide\u0301 de mettre ensemble notre synergie pour informer et former les responsables de haut niveau, les de\u0301cisionnaires des organisations internationales qui interviennent dans le domaine d\u2019urgences a\u0300 tenir compte des personnes avec beaucoup de vulne\u0301rabilite\u0301 \u00bb, a souligne\u0301 M. Innocent Momararungu.<\/p>\n<p>&nbsp;<\/p>\n<p><strong>Pour plus d&rsquo;informations et d&rsquo;analyses sur la <a href=\"https:\/\/www.africa-press.net\/niger\">Niger<\/a>, suivez <a href=\"https:\/\/www.africa-press.net\/\">Africa-Press<\/a><\/strong><\/p>\n","protected":false},"excerpt":{"rendered":"<p>Africa-Press &#8211; Niger. L\u2019organisation Christian Blind Mission (CBM), en collaboration avec l\u2019ONG Plan International, organise du 12 au 14 mars 2024 a\u0300 Niamey, un atelier de formation de haut niveau sur la prise en compte du handicap en ope\u0301rationnalisant les directives de l\u2019Inter Agence Standing Committee (IASC) sur l\u2019inclusion des personnes handicape\u0301es dans les actions [&hellip;]<\/p>\n","protected":false},"author":82,"featured_media":59838,"comment_status":"open","ping_status":"closed","sticky":false,"template":"","format":"standard","meta":{"footnotes":""},"categories":[21,10],"tags":[55,60,29],"class_list":["post-59839","post","type-post","status-publish","format-standard","has-post-thumbnail","hentry","category-communaute","category-toutes-les-actualites","tag-africa-press","tag-africa-press-niger","tag-niger"],"yoast_head":"<!-- This site is optimized with the Yoast SEO Premium plugin v26.1 (Yoast SEO v27.0) - https:\/\/yoast.com\/product\/yoast-seo-premium-wordpress\/ -->\n<title>Atelier de formation des responsables des Organisations Internationales\/ONG : Pour une meilleure inclusion des personnes handicap\u00e9es dans les actions humanitaires - niger<\/title>\n<meta name=\"description\" content=\"L\u2019organisation Christian Blind Mission (CBM), en collaboration avec l\u2019ONG Plan International, organise du 12 au 14 ma ...\" \/>\n<meta name=\"robots\" content=\"index, follow, max-snippet:-1, max-image-preview:large, max-video-preview:-1\" \/>\n<link rel=\"canonical\" href=\"https:\/\/www.africa-press.net\/niger\/toutes-les-actualites\/atelier-de-formation-des-responsables-des-organisations-internationales-ong-pour-une-meilleure-inclusion-des-personnes-handicapees-dans-les-actions-humanitaires\" \/>\n<meta property=\"og:locale\" content=\"fr_FR\" \/>\n<meta property=\"og:type\" content=\"article\" \/>\n<meta property=\"og:title\" content=\"Atelier de formation des responsables des Organisations Internationales\/ONG : Pour une meilleure inclusion des personnes handicap\u00e9es dans les actions humanitaires\" \/>\n<meta property=\"og:description\" content=\"L\u2019organisation Christian Blind Mission (CBM), en collaboration avec l\u2019ONG Plan International, organise du 12 au 14 ma ...\" \/>\n<meta property=\"og:url\" content=\"https:\/\/www.africa-press.net\/niger\/toutes-les-actualites\/atelier-de-formation-des-responsables-des-organisations-internationales-ong-pour-une-meilleure-inclusion-des-personnes-handicapees-dans-les-actions-humanitaires\" \/>\n<meta property=\"og:site_name\" content=\"niger\" \/>\n<meta property=\"article:published_time\" content=\"2024-03-13T16:24:44+00:00\" \/>\n<meta property=\"article:modified_time\" content=\"2024-03-13T17:12:54+00:00\" \/>\n<meta property=\"og:image\" content=\"https:\/\/static.africa-press.net\/niger\/sites\/40\/2024\/03\/sm_1710337078.552312.jpg\" \/>\n\t<meta property=\"og:image:width\" content=\"800\" \/>\n\t<meta property=\"og:image:height\" content=\"534\" \/>\n\t<meta property=\"og:image:type\" content=\"image\/jpeg\" \/>\n<meta name=\"author\" content=\"cfeditorfr\" \/>\n<meta name=\"twitter:card\" content=\"summary_large_image\" \/>\n<meta name=\"twitter:label1\" content=\"\u00c9crit par\" \/>\n\t<meta name=\"twitter:data1\" content=\"cfeditorfr\" \/>\n\t<meta name=\"twitter:label2\" content=\"Dur\u00e9e de lecture estim\u00e9e\" \/>\n\t<meta name=\"twitter:data2\" content=\"3 minutes\" \/>\n<script type=\"application\/ld+json\" class=\"yoast-schema-graph\">{\"@context\":\"https:\/\/schema.org\",\"@graph\":[{\"@type\":\"Article\",\"@id\":\"https:\/\/www.africa-press.net\/niger\/toutes-les-actualites\/atelier-de-formation-des-responsables-des-organisations-internationales-ong-pour-une-meilleure-inclusion-des-personnes-handicapees-dans-les-actions-humanitaires#article\",\"isPartOf\":{\"@id\":\"https:\/\/www.africa-press.net\/niger\/toutes-les-actualites\/atelier-de-formation-des-responsables-des-organisations-internationales-ong-pour-une-meilleure-inclusion-des-personnes-handicapees-dans-les-actions-humanitaires\"},\"author\":{\"name\":\"cfeditorfr\",\"@id\":\"https:\/\/www.africa-press.net\/niger\/#\/schema\/person\/2b1cf3cd81a31e3cd26889ca66d677f1\"},\"headline\":\"Atelier de formation des responsables des Organisations Internationales\/ONG : Pour une meilleure inclusion des personnes handicap\u00e9es dans les actions humanitaires\",\"datePublished\":\"2024-03-13T16:24:44+00:00\",\"dateModified\":\"2024-03-13T17:12:54+00:00\",\"mainEntityOfPage\":{\"@id\":\"https:\/\/www.africa-press.net\/niger\/toutes-les-actualites\/atelier-de-formation-des-responsables-des-organisations-internationales-ong-pour-une-meilleure-inclusion-des-personnes-handicapees-dans-les-actions-humanitaires\"},\"wordCount\":603,\"commentCount\":0,\"image\":{\"@id\":\"https:\/\/www.africa-press.net\/niger\/toutes-les-actualites\/atelier-de-formation-des-responsables-des-organisations-internationales-ong-pour-une-meilleure-inclusion-des-personnes-handicapees-dans-les-actions-humanitaires#primaryimage\"},\"thumbnailUrl\":\"https:\/\/static.africa-press.net\/niger\/sites\/40\/2024\/03\/sm_1710337078.552312.jpg\",\"keywords\":[\"Africa Press\",\"Africa Press-Niger\",\"Niger\"],\"articleSection\":[\"Communaut\u00e9\",\"Toutes les actualit\u00e9s\"],\"inLanguage\":\"fr-FR\",\"potentialAction\":[{\"@type\":\"CommentAction\",\"name\":\"Comment\",\"target\":[\"https:\/\/www.africa-press.net\/niger\/toutes-les-actualites\/atelier-de-formation-des-responsables-des-organisations-internationales-ong-pour-une-meilleure-inclusion-des-personnes-handicapees-dans-les-actions-humanitaires#respond\"]}]},{\"@type\":\"WebPage\",\"@id\":\"https:\/\/www.africa-press.net\/niger\/toutes-les-actualites\/atelier-de-formation-des-responsables-des-organisations-internationales-ong-pour-une-meilleure-inclusion-des-personnes-handicapees-dans-les-actions-humanitaires\",\"url\":\"https:\/\/www.africa-press.net\/niger\/toutes-les-actualites\/atelier-de-formation-des-responsables-des-organisations-internationales-ong-pour-une-meilleure-inclusion-des-personnes-handicapees-dans-les-actions-humanitaires\",\"name\":\"Atelier de formation des responsables des Organisations Internationales\/ONG : Pour une meilleure inclusion des personnes handicap\u00e9es dans les actions humanitaires - niger\",\"isPartOf\":{\"@id\":\"https:\/\/www.africa-press.net\/niger\/#website\"},\"primaryImageOfPage\":{\"@id\":\"https:\/\/www.africa-press.net\/niger\/toutes-les-actualites\/atelier-de-formation-des-responsables-des-organisations-internationales-ong-pour-une-meilleure-inclusion-des-personnes-handicapees-dans-les-actions-humanitaires#primaryimage\"},\"image\":{\"@id\":\"https:\/\/www.africa-press.net\/niger\/toutes-les-actualites\/atelier-de-formation-des-responsables-des-organisations-internationales-ong-pour-une-meilleure-inclusion-des-personnes-handicapees-dans-les-actions-humanitaires#primaryimage\"},\"thumbnailUrl\":\"https:\/\/static.africa-press.net\/niger\/sites\/40\/2024\/03\/sm_1710337078.552312.jpg\",\"datePublished\":\"2024-03-13T16:24:44+00:00\",\"dateModified\":\"2024-03-13T17:12:54+00:00\",\"author\":{\"@id\":\"https:\/\/www.africa-press.net\/niger\/#\/schema\/person\/2b1cf3cd81a31e3cd26889ca66d677f1\"},\"description\":\"L\u2019organisation Christian Blind Mission (CBM), en collaboration avec l\u2019ONG Plan International, organise du 12 au 14 ma ...\",\"breadcrumb\":{\"@id\":\"https:\/\/www.africa-press.net\/niger\/toutes-les-actualites\/atelier-de-formation-des-responsables-des-organisations-internationales-ong-pour-une-meilleure-inclusion-des-personnes-handicapees-dans-les-actions-humanitaires#breadcrumb\"},\"inLanguage\":\"fr-FR\",\"potentialAction\":[{\"@type\":\"ReadAction\",\"target\":[\"https:\/\/www.africa-press.net\/niger\/toutes-les-actualites\/atelier-de-formation-des-responsables-des-organisations-internationales-ong-pour-une-meilleure-inclusion-des-personnes-handicapees-dans-les-actions-humanitaires\"]}]},{\"@type\":\"ImageObject\",\"inLanguage\":\"fr-FR\",\"@id\":\"https:\/\/www.africa-press.net\/niger\/toutes-les-actualites\/atelier-de-formation-des-responsables-des-organisations-internationales-ong-pour-une-meilleure-inclusion-des-personnes-handicapees-dans-les-actions-humanitaires#primaryimage\",\"url\":\"https:\/\/static.africa-press.net\/niger\/sites\/40\/2024\/03\/sm_1710337078.552312.jpg\",\"contentUrl\":\"https:\/\/static.africa-press.net\/niger\/sites\/40\/2024\/03\/sm_1710337078.552312.jpg\",\"width\":800,\"height\":534,\"caption\":\"Atelier de formation des responsables des Organisations Internationales\/ONG : Pour une meilleure inclusion des personnes handicap\u00e9es dans les actions humanitaires\"},{\"@type\":\"BreadcrumbList\",\"@id\":\"https:\/\/www.africa-press.net\/niger\/toutes-les-actualites\/atelier-de-formation-des-responsables-des-organisations-internationales-ong-pour-une-meilleure-inclusion-des-personnes-handicapees-dans-les-actions-humanitaires#breadcrumb\",\"itemListElement\":[{\"@type\":\"ListItem\",\"position\":1,\"name\":\"Accueil\",\"item\":\"https:\/\/www.africa-press.net\/niger\/\"},{\"@type\":\"ListItem\",\"position\":2,\"name\":\"Atelier de formation des responsables des Organisations Internationales\/ONG : Pour une meilleure inclusion des personnes handicap\u00e9es dans les actions humanitaires\"}]},{\"@type\":\"WebSite\",\"@id\":\"https:\/\/www.africa-press.net\/niger\/#website\",\"url\":\"https:\/\/www.africa-press.net\/niger\/\",\"name\":\"niger\",\"description\":\"Just another Africa News Agency Sites site\",\"potentialAction\":[{\"@type\":\"SearchAction\",\"target\":{\"@type\":\"EntryPoint\",\"urlTemplate\":\"https:\/\/www.africa-press.net\/niger\/?s={search_term_string}\"},\"query-input\":{\"@type\":\"PropertyValueSpecification\",\"valueRequired\":true,\"valueName\":\"search_term_string\"}}],\"inLanguage\":\"fr-FR\"},{\"@type\":\"Person\",\"@id\":\"https:\/\/www.africa-press.net\/niger\/#\/schema\/person\/2b1cf3cd81a31e3cd26889ca66d677f1\",\"name\":\"cfeditorfr\"}]}<\/script>\n<!-- \/ Yoast SEO Premium plugin. -->","yoast_head_json":{"title":"Atelier de formation des responsables des Organisations Internationales\/ONG : Pour une meilleure inclusion des personnes handicap\u00e9es dans les actions humanitaires - niger","description":"L\u2019organisation Christian Blind Mission (CBM), en collaboration avec l\u2019ONG Plan International, organise du 12 au 14 ma ...","robots":{"index":"index","follow":"follow","max-snippet":"max-snippet:-1","max-image-preview":"max-image-preview:large","max-video-preview":"max-video-preview:-1"},"canonical":"https:\/\/www.africa-press.net\/niger\/toutes-les-actualites\/atelier-de-formation-des-responsables-des-organisations-internationales-ong-pour-une-meilleure-inclusion-des-personnes-handicapees-dans-les-actions-humanitaires","og_locale":"fr_FR","og_type":"article","og_title":"Atelier de formation des responsables des Organisations Internationales\/ONG : Pour une meilleure inclusion des personnes handicap\u00e9es dans les actions humanitaires","og_description":"L\u2019organisation Christian Blind Mission (CBM), en collaboration avec l\u2019ONG Plan International, organise du 12 au 14 ma ...","og_url":"https:\/\/www.africa-press.net\/niger\/toutes-les-actualites\/atelier-de-formation-des-responsables-des-organisations-internationales-ong-pour-une-meilleure-inclusion-des-personnes-handicapees-dans-les-actions-humanitaires","og_site_name":"niger","article_published_time":"2024-03-13T16:24:44+00:00","article_modified_time":"2024-03-13T17:12:54+00:00","og_image":[{"width":800,"height":534,"url":"https:\/\/static.africa-press.net\/niger\/sites\/40\/2024\/03\/sm_1710337078.552312.jpg","type":"image\/jpeg"}],"author":"cfeditorfr","twitter_card":"summary_large_image","twitter_misc":{"\u00c9crit par":"cfeditorfr","Dur\u00e9e de lecture estim\u00e9e":"3 minutes"},"schema":{"@context":"https:\/\/schema.org","@graph":[{"@type":"Article","@id":"https:\/\/www.africa-press.net\/niger\/toutes-les-actualites\/atelier-de-formation-des-responsables-des-organisations-internationales-ong-pour-une-meilleure-inclusion-des-personnes-handicapees-dans-les-actions-humanitaires#article","isPartOf":{"@id":"https:\/\/www.africa-press.net\/niger\/toutes-les-actualites\/atelier-de-formation-des-responsables-des-organisations-internationales-ong-pour-une-meilleure-inclusion-des-personnes-handicapees-dans-les-actions-humanitaires"},"author":{"name":"cfeditorfr","@id":"https:\/\/www.africa-press.net\/niger\/#\/schema\/person\/2b1cf3cd81a31e3cd26889ca66d677f1"},"headline":"Atelier de formation des responsables des Organisations Internationales\/ONG : Pour une meilleure inclusion des personnes handicap\u00e9es dans les actions humanitaires","datePublished":"2024-03-13T16:24:44+00:00","dateModified":"2024-03-13T17:12:54+00:00","mainEntityOfPage":{"@id":"https:\/\/www.africa-press.net\/niger\/toutes-les-actualites\/atelier-de-formation-des-responsables-des-organisations-internationales-ong-pour-une-meilleure-inclusion-des-personnes-handicapees-dans-les-actions-humanitaires"},"wordCount":603,"commentCount":0,"image":{"@id":"https:\/\/www.africa-press.net\/niger\/toutes-les-actualites\/atelier-de-formation-des-responsables-des-organisations-internationales-ong-pour-une-meilleure-inclusion-des-personnes-handicapees-dans-les-actions-humanitaires#primaryimage"},"thumbnailUrl":"https:\/\/static.africa-press.net\/niger\/sites\/40\/2024\/03\/sm_1710337078.552312.jpg","keywords":["Africa Press","Africa Press-Niger","Niger"],"articleSection":["Communaut\u00e9","Toutes les actualit\u00e9s"],"inLanguage":"fr-FR","potentialAction":[{"@type":"CommentAction","name":"Comment","target":["https:\/\/www.africa-press.net\/niger\/toutes-les-actualites\/atelier-de-formation-des-responsables-des-organisations-internationales-ong-pour-une-meilleure-inclusion-des-personnes-handicapees-dans-les-actions-humanitaires#respond"]}]},{"@type":"WebPage","@id":"https:\/\/www.africa-press.net\/niger\/toutes-les-actualites\/atelier-de-formation-des-responsables-des-organisations-internationales-ong-pour-une-meilleure-inclusion-des-personnes-handicapees-dans-les-actions-humanitaires","url":"https:\/\/www.africa-press.net\/niger\/toutes-les-actualites\/atelier-de-formation-des-responsables-des-organisations-internationales-ong-pour-une-meilleure-inclusion-des-personnes-handicapees-dans-les-actions-humanitaires","name":"Atelier de formation des responsables des Organisations Internationales\/ONG : Pour une meilleure inclusion des personnes handicap\u00e9es dans les actions humanitaires - niger","isPartOf":{"@id":"https:\/\/www.africa-press.net\/niger\/#website"},"primaryImageOfPage":{"@id":"https:\/\/www.africa-press.net\/niger\/toutes-les-actualites\/atelier-de-formation-des-responsables-des-organisations-internationales-ong-pour-une-meilleure-inclusion-des-personnes-handicapees-dans-les-actions-humanitaires#primaryimage"},"image":{"@id":"https:\/\/www.africa-press.net\/niger\/toutes-les-actualites\/atelier-de-formation-des-responsables-des-organisations-internationales-ong-pour-une-meilleure-inclusion-des-personnes-handicapees-dans-les-actions-humanitaires#primaryimage"},"thumbnailUrl":"https:\/\/static.africa-press.net\/niger\/sites\/40\/2024\/03\/sm_1710337078.552312.jpg","datePublished":"2024-03-13T16:24:44+00:00","dateModified":"2024-03-13T17:12:54+00:00","author":{"@id":"https:\/\/www.africa-press.net\/niger\/#\/schema\/person\/2b1cf3cd81a31e3cd26889ca66d677f1"},"description":"L\u2019organisation Christian Blind Mission (CBM), en collaboration avec l\u2019ONG Plan International, organise du 12 au 14 ma ...","breadcrumb":{"@id":"https:\/\/www.africa-press.net\/niger\/toutes-les-actualites\/atelier-de-formation-des-responsables-des-organisations-internationales-ong-pour-une-meilleure-inclusion-des-personnes-handicapees-dans-les-actions-humanitaires#breadcrumb"},"inLanguage":"fr-FR","potentialAction":[{"@type":"ReadAction","target":["https:\/\/www.africa-press.net\/niger\/toutes-les-actualites\/atelier-de-formation-des-responsables-des-organisations-internationales-ong-pour-une-meilleure-inclusion-des-personnes-handicapees-dans-les-actions-humanitaires"]}]},{"@type":"ImageObject","inLanguage":"fr-FR","@id":"https:\/\/www.africa-press.net\/niger\/toutes-les-actualites\/atelier-de-formation-des-responsables-des-organisations-internationales-ong-pour-une-meilleure-inclusion-des-personnes-handicapees-dans-les-actions-humanitaires#primaryimage","url":"https:\/\/static.africa-press.net\/niger\/sites\/40\/2024\/03\/sm_1710337078.552312.jpg","contentUrl":"https:\/\/static.africa-press.net\/niger\/sites\/40\/2024\/03\/sm_1710337078.552312.jpg","width":800,"height":534,"caption":"Atelier de formation des responsables des Organisations Internationales\/ONG : Pour une meilleure inclusion des personnes handicap\u00e9es dans les actions humanitaires"},{"@type":"BreadcrumbList","@id":"https:\/\/www.africa-press.net\/niger\/toutes-les-actualites\/atelier-de-formation-des-responsables-des-organisations-internationales-ong-pour-une-meilleure-inclusion-des-personnes-handicapees-dans-les-actions-humanitaires#breadcrumb","itemListElement":[{"@type":"ListItem","position":1,"name":"Accueil","item":"https:\/\/www.africa-press.net\/niger\/"},{"@type":"ListItem","position":2,"name":"Atelier de formation des responsables des Organisations Internationales\/ONG : Pour une meilleure inclusion des personnes handicap\u00e9es dans les actions humanitaires"}]},{"@type":"WebSite","@id":"https:\/\/www.africa-press.net\/niger\/#website","url":"https:\/\/www.africa-press.net\/niger\/","name":"niger","description":"Just another Africa News Agency Sites site","potentialAction":[{"@type":"SearchAction","target":{"@type":"EntryPoint","urlTemplate":"https:\/\/www.africa-press.net\/niger\/?s={search_term_string}"},"query-input":{"@type":"PropertyValueSpecification","valueRequired":true,"valueName":"search_term_string"}}],"inLanguage":"fr-FR"},{"@type":"Person","@id":"https:\/\/www.africa-press.net\/niger\/#\/schema\/person\/2b1cf3cd81a31e3cd26889ca66d677f1","name":"cfeditorfr"}]}},"_links":{"self":[{"href":"https:\/\/www.africa-press.net\/niger\/wp-json\/wp\/v2\/posts\/59839","targetHints":{"allow":["GET"]}}],"collection":[{"href":"https:\/\/www.africa-press.net\/niger\/wp-json\/wp\/v2\/posts"}],"about":[{"href":"https:\/\/www.africa-press.net\/niger\/wp-json\/wp\/v2\/types\/post"}],"author":[{"embeddable":true,"href":"https:\/\/www.africa-press.net\/niger\/wp-json\/wp\/v2\/users\/82"}],"replies":[{"embeddable":true,"href":"https:\/\/www.africa-press.net\/niger\/wp-json\/wp\/v2\/comments?post=59839"}],"version-history":[{"count":0,"href":"https:\/\/www.africa-press.net\/niger\/wp-json\/wp\/v2\/posts\/59839\/revisions"}],"wp:featuredmedia":[{"embeddable":true,"href":"https:\/\/www.africa-press.net\/niger\/wp-json\/wp\/v2\/media\/59838"}],"wp:attachment":[{"href":"https:\/\/www.africa-press.net\/niger\/wp-json\/wp\/v2\/media?parent=59839"}],"wp:term":[{"taxonomy":"category","embeddable":true,"href":"https:\/\/www.africa-press.net\/niger\/wp-json\/wp\/v2\/categories?post=59839"},{"taxonomy":"post_tag","embeddable":true,"href":"https:\/\/www.africa-press.net\/niger\/wp-json\/wp\/v2\/tags?post=59839"}],"curies":[{"name":"wp","href":"https:\/\/api.w.org\/{rel}","templated":true}]}}