{"id":59851,"date":"2024-03-13T16:27:44","date_gmt":"2024-03-13T16:27:44","guid":{"rendered":"https:\/\/www.africa-press.net\/niger\/politique\/humanitaire-le-secretaire-general-adjoint-du-ministere-en-charge-de-linterieur-visite-le-centre-de-mecanisme-devacuation-durgence-de-hamdallaye"},"modified":"2024-03-13T17:16:26","modified_gmt":"2024-03-13T17:16:26","slug":"humanitaire-le-secretaire-general-adjoint-du-ministere-en-charge-de-linterieur-visite-le-centre-de-mecanisme-devacuation-durgence-de-hamdallaye","status":"publish","type":"post","link":"https:\/\/www.africa-press.net\/niger\/toutes-les-actualites\/humanitaire-le-secretaire-general-adjoint-du-ministere-en-charge-de-linterieur-visite-le-centre-de-mecanisme-devacuation-durgence-de-hamdallaye","title":{"rendered":"Humanitaire : Le Secr\u00e9taire g\u00e9n\u00e9ral adjoint du Minist\u00e8re en charge de l\u2019Int\u00e9rieur visite le Centre de M\u00e9canisme d\u2019\u00e9vacuation d\u2019urgence de Hamdallaye"},"content":{"rendered":"<p><span style=\"color: #ff6600\"><strong>Africa-Press &#8211; Niger. <\/strong><\/span><b>Le Secre\u0301taire ge\u0301ne\u0301ral adjoint du Ministe\u0300re de l\u2019Inte\u0301rieur, de la Se\u0301curite\u0301 Publique et de l\u2019Administration du Territoire, M. Ayouba Abdourahamane a effectue\u0301 hier 12 mars 2024, une visite au Centre de Me\u0301canisme d\u2019e\u0301vacuation d\u2019urgence, un centre de transit des refugie\u0301s et demandeurs d\u2019asiles implante\u0301 dans la commune rurale de Hamdallaye, a\u0300 une trentaine de kilome\u0300tre de Niamey. Cre\u0301e\u0301 en 2019, ce centre accueille actuellement 306 me\u0301nages, soit 432 pensionnaires pour une capacite\u0301 d\u2019accueil de pre\u0300s de 600 personnes. M. Ayouba Abdourahamane est alle\u0301 s\u2019enque\u0301rir des conditions de vie des pensionnaires du centre, e\u0301couter leurs pre\u0301occupations ainsi que celles des autorite\u0301s locales, administratives et coutumie\u0300res et de la cohabitation entre les refugie\u0301s et la population locale.<\/b><\/p>\n<p>Le Secre\u0301taire ge\u0301ne\u0301ral adjoint du Ministe\u0300re de l\u2019Inte\u0301rieur, de la Se\u0301curite\u0301 Publique et de l\u2019Administration du Territoire e\u0301tait accompagne\u0301 dans ce de\u0301placement par le conseiller technique du Premier ministre, les cadres dudit Ministe\u0300re, les autorite\u0301s administratives locales et coutumie\u0300res, le repre\u0301sentant du HCR, M. Emanuel Gignac. Ce village humanitaire dispose de logements, d\u2019un centre de formation professionnel, sportif et d\u2019une infirmerie. La plupart des re\u0301fugie\u0301s jeunes hommes et femmes ont e\u0301te\u0301 rapatrie\u0301s de la Libye via Agadez. Ils sont de diverses nationalite\u0301s dont la plupart proviennent de l\u2019Afrique de l\u2019Est, notamment du Soudan et de l\u2019Erythre\u0301e, mais aussi des pays d\u2019Afrique centrale comme le Cameroun. Il y a tre\u0300s peu de ressortissants de l\u2019Afrique de l\u2019Ouest. Plusieurs pre\u0301occupations ont e\u0301te\u0301 souleve\u0301es notamment l\u2019ouverture du couloir humanitaire, l\u2019acce\u0301le\u0301ration du traitement des dossiers et la difficulte\u0301 de leur identification.<\/p>\n<p>Lors de cette visite, le Secre\u0301taire ge\u0301ne\u0301ral adjoint du Ministe\u0300re de l\u2019Inte\u0301rieur, de la Se\u0301curite\u0301 Publique et de l\u2019Administration du Territoire, M. Ayouba Abdourahamane a explique\u0301 que le but de ce de\u0301placement est de s\u2019enque\u0301rir des conditions de vie des re\u0301fugie\u0301s et demandeurs d\u2019asiles au niveau de ce centre cre\u0301e\u0301 suite a\u0300 un accord entre le gouvernement du Niger et les partenaires, notamment le HCR. \u00ab Cette visite entre e\u0301galement dans le cadre du respect des engagements du Niger vis-a\u0300-vis de ces partenaires et aussi des droits de l\u2019Homme. Elle nous a permis de constater comment cette communaute\u0301 e\u0301trange\u0300re vit en harmonie avec la population autochtone. Ce que nous voulons de cette communaute\u0301 e\u0301trange\u0300re, c\u2019est surtout le respect des lois et re\u0300glements du Niger ainsi que les conventions qui nous lient \u00bb, a-t-il indique\u0301.<\/p>\n<p>Re\u0301pondant a\u0300 la pre\u0301occupation relative au couloir humanitaire, le repre\u0301sentant du HCR, M. Emanuel Gignac a pre\u0301cise\u0301 que cette anne\u0301e, la Re\u0301publique d\u2019Italie a manifeste\u0301 son inte\u0301re\u0302t d\u2019accorder 80 places. Toutefois, il a exprime\u0301 son engagement a\u0300 poursuivre le plaidoyer afin d\u2019avoir d\u2019autres places supple\u0301mentaires. A propos de certains engagements, M. Emanuel Gignac a dit que cela entre dans la de\u0301marche du projet de faire be\u0301ne\u0301ficier la population autochtone de certains avantages dont la formation, la prise en charge sanitaire des premiers soins. \u00ab Nous devons faire un investissement intelligent, c\u2019est-a\u0300-dire s\u2019inscrire dans la dure\u0301e en faisant en sorte que dans l\u2019avenir, le centre permette a\u0300 l\u2019Etat du Niger d\u2019initier d\u2019autres actions sociales une fois cette question de re\u0301fugie\u0301s re\u0301gle\u0301e \u00bb, a-t-il de\u0301clare\u0301. Le repre\u0301sentant du HCR a souligne\u0301 que deux ambulances sont a\u0300 la disposition de l\u2019infirmerie. Elles assurent l\u2019e\u0301vacuation au besoin en fonction de l\u2019appre\u0301ciation du me\u0301decin.<\/p>\n<p>De leur co\u0302te\u0301, les refugie\u0301s ont exprime\u0301 leur reconnaissance envers le peuple nige\u0301rien qui, gra\u0302ce a\u0300 sa solidarite\u0301 et son hospitalite\u0301 le\u0301gendaires, les a accueillis. Selon eux, ce centre leur a donne\u0301 redonne\u0301 le sourire et leur a permis d\u2019espe\u0301rer. Toutefois, ils ont souleve\u0301 quelques pre\u0301occupations dont la ne\u0301cessite\u0301 de l\u2019ouverture du couloir humanitaire, et l\u2019acce\u0301le\u0301ration du processus de traitement des dossiers des demandeurs d\u2019asile.<\/p>\n<p>&nbsp;<\/p>\n<p><strong>Pour plus d&rsquo;informations et d&rsquo;analyses sur la <a href=\"https:\/\/www.africa-press.net\/niger\">Niger<\/a>, suivez <a href=\"https:\/\/www.africa-press.net\/\">Africa-Press<\/a><\/strong><\/p>\n","protected":false},"excerpt":{"rendered":"<p>Africa-Press &#8211; Niger. Le Secre\u0301taire ge\u0301ne\u0301ral adjoint du Ministe\u0300re de l\u2019Inte\u0301rieur, de la Se\u0301curite\u0301 Publique et de l\u2019Administration du Territoire, M. Ayouba Abdourahamane a effectue\u0301 hier 12 mars 2024, une visite au Centre de Me\u0301canisme d\u2019e\u0301vacuation d\u2019urgence, un centre de transit des refugie\u0301s et demandeurs d\u2019asiles implante\u0301 dans la commune rurale de Hamdallaye, a\u0300 une [&hellip;]<\/p>\n","protected":false},"author":82,"featured_media":59850,"comment_status":"open","ping_status":"closed","sticky":false,"template":"","format":"standard","meta":{"footnotes":""},"categories":[21,10],"tags":[55,60,29],"class_list":["post-59851","post","type-post","status-publish","format-standard","has-post-thumbnail","hentry","category-communaute","category-toutes-les-actualites","tag-africa-press","tag-africa-press-niger","tag-niger"],"yoast_head":"<!-- This site is optimized with the Yoast SEO Premium plugin v26.1 (Yoast SEO v27.0) - https:\/\/yoast.com\/product\/yoast-seo-premium-wordpress\/ -->\n<title>Humanitaire : Le Secr\u00e9taire g\u00e9n\u00e9ral adjoint du Minist\u00e8re en charge de l\u2019Int\u00e9rieur visite le Centre de M\u00e9canisme d\u2019\u00e9vacuation d\u2019urgence de Hamdallaye - niger<\/title>\n<meta name=\"description\" content=\"Le Secre\u0301taire ge\u0301ne\u0301ral adjoint du Ministe\u0300re de l\u2019Inte\u0301rieur, de la Se\u0301curite\u0301 Publique et de l\u2019Administration du T ...\" \/>\n<meta name=\"robots\" content=\"index, follow, max-snippet:-1, max-image-preview:large, max-video-preview:-1\" \/>\n<link rel=\"canonical\" href=\"https:\/\/www.africa-press.net\/niger\/toutes-les-actualites\/humanitaire-le-secretaire-general-adjoint-du-ministere-en-charge-de-linterieur-visite-le-centre-de-mecanisme-devacuation-durgence-de-hamdallaye\" \/>\n<meta property=\"og:locale\" content=\"fr_FR\" \/>\n<meta property=\"og:type\" content=\"article\" \/>\n<meta property=\"og:title\" content=\"Humanitaire : Le Secr\u00e9taire g\u00e9n\u00e9ral adjoint du Minist\u00e8re en charge de l\u2019Int\u00e9rieur visite le Centre de M\u00e9canisme d\u2019\u00e9vacuation d\u2019urgence de Hamdallaye\" \/>\n<meta property=\"og:description\" content=\"Le Secre\u0301taire ge\u0301ne\u0301ral adjoint du Ministe\u0300re de l\u2019Inte\u0301rieur, de la Se\u0301curite\u0301 Publique et de l\u2019Administration du T ...\" \/>\n<meta property=\"og:url\" content=\"https:\/\/www.africa-press.net\/niger\/toutes-les-actualites\/humanitaire-le-secretaire-general-adjoint-du-ministere-en-charge-de-linterieur-visite-le-centre-de-mecanisme-devacuation-durgence-de-hamdallaye\" \/>\n<meta property=\"og:site_name\" content=\"niger\" \/>\n<meta property=\"article:published_time\" content=\"2024-03-13T16:27:44+00:00\" \/>\n<meta property=\"article:modified_time\" content=\"2024-03-13T17:16:26+00:00\" \/>\n<meta property=\"og:image\" content=\"https:\/\/static.africa-press.net\/niger\/sites\/40\/2024\/03\/sm_1710337196.0291.jpg\" \/>\n\t<meta property=\"og:image:width\" content=\"800\" \/>\n\t<meta property=\"og:image:height\" content=\"533\" \/>\n\t<meta property=\"og:image:type\" content=\"image\/jpeg\" \/>\n<meta name=\"author\" content=\"cfeditorfr\" \/>\n<meta name=\"twitter:card\" content=\"summary_large_image\" \/>\n<meta name=\"twitter:label1\" content=\"\u00c9crit par\" \/>\n\t<meta name=\"twitter:data1\" content=\"cfeditorfr\" \/>\n\t<meta name=\"twitter:label2\" content=\"Dur\u00e9e de lecture estim\u00e9e\" \/>\n\t<meta name=\"twitter:data2\" content=\"4 minutes\" \/>\n<script type=\"application\/ld+json\" class=\"yoast-schema-graph\">{\"@context\":\"https:\/\/schema.org\",\"@graph\":[{\"@type\":\"Article\",\"@id\":\"https:\/\/www.africa-press.net\/niger\/toutes-les-actualites\/humanitaire-le-secretaire-general-adjoint-du-ministere-en-charge-de-linterieur-visite-le-centre-de-mecanisme-devacuation-durgence-de-hamdallaye#article\",\"isPartOf\":{\"@id\":\"https:\/\/www.africa-press.net\/niger\/toutes-les-actualites\/humanitaire-le-secretaire-general-adjoint-du-ministere-en-charge-de-linterieur-visite-le-centre-de-mecanisme-devacuation-durgence-de-hamdallaye\"},\"author\":{\"name\":\"cfeditorfr\",\"@id\":\"https:\/\/www.africa-press.net\/niger\/#\/schema\/person\/2b1cf3cd81a31e3cd26889ca66d677f1\"},\"headline\":\"Humanitaire : Le Secr\u00e9taire g\u00e9n\u00e9ral adjoint du Minist\u00e8re en charge de l\u2019Int\u00e9rieur visite le Centre de M\u00e9canisme d\u2019\u00e9vacuation d\u2019urgence de Hamdallaye\",\"datePublished\":\"2024-03-13T16:27:44+00:00\",\"dateModified\":\"2024-03-13T17:16:26+00:00\",\"mainEntityOfPage\":{\"@id\":\"https:\/\/www.africa-press.net\/niger\/toutes-les-actualites\/humanitaire-le-secretaire-general-adjoint-du-ministere-en-charge-de-linterieur-visite-le-centre-de-mecanisme-devacuation-durgence-de-hamdallaye\"},\"wordCount\":770,\"commentCount\":0,\"image\":{\"@id\":\"https:\/\/www.africa-press.net\/niger\/toutes-les-actualites\/humanitaire-le-secretaire-general-adjoint-du-ministere-en-charge-de-linterieur-visite-le-centre-de-mecanisme-devacuation-durgence-de-hamdallaye#primaryimage\"},\"thumbnailUrl\":\"https:\/\/static.africa-press.net\/niger\/sites\/40\/2024\/03\/sm_1710337196.0291.jpg\",\"keywords\":[\"Africa Press\",\"Africa Press-Niger\",\"Niger\"],\"articleSection\":[\"Communaut\u00e9\",\"Toutes les actualit\u00e9s\"],\"inLanguage\":\"fr-FR\",\"potentialAction\":[{\"@type\":\"CommentAction\",\"name\":\"Comment\",\"target\":[\"https:\/\/www.africa-press.net\/niger\/toutes-les-actualites\/humanitaire-le-secretaire-general-adjoint-du-ministere-en-charge-de-linterieur-visite-le-centre-de-mecanisme-devacuation-durgence-de-hamdallaye#respond\"]}]},{\"@type\":\"WebPage\",\"@id\":\"https:\/\/www.africa-press.net\/niger\/toutes-les-actualites\/humanitaire-le-secretaire-general-adjoint-du-ministere-en-charge-de-linterieur-visite-le-centre-de-mecanisme-devacuation-durgence-de-hamdallaye\",\"url\":\"https:\/\/www.africa-press.net\/niger\/toutes-les-actualites\/humanitaire-le-secretaire-general-adjoint-du-ministere-en-charge-de-linterieur-visite-le-centre-de-mecanisme-devacuation-durgence-de-hamdallaye\",\"name\":\"Humanitaire : Le Secr\u00e9taire g\u00e9n\u00e9ral adjoint du Minist\u00e8re en charge de l\u2019Int\u00e9rieur visite le Centre de M\u00e9canisme d\u2019\u00e9vacuation d\u2019urgence de Hamdallaye - niger\",\"isPartOf\":{\"@id\":\"https:\/\/www.africa-press.net\/niger\/#website\"},\"primaryImageOfPage\":{\"@id\":\"https:\/\/www.africa-press.net\/niger\/toutes-les-actualites\/humanitaire-le-secretaire-general-adjoint-du-ministere-en-charge-de-linterieur-visite-le-centre-de-mecanisme-devacuation-durgence-de-hamdallaye#primaryimage\"},\"image\":{\"@id\":\"https:\/\/www.africa-press.net\/niger\/toutes-les-actualites\/humanitaire-le-secretaire-general-adjoint-du-ministere-en-charge-de-linterieur-visite-le-centre-de-mecanisme-devacuation-durgence-de-hamdallaye#primaryimage\"},\"thumbnailUrl\":\"https:\/\/static.africa-press.net\/niger\/sites\/40\/2024\/03\/sm_1710337196.0291.jpg\",\"datePublished\":\"2024-03-13T16:27:44+00:00\",\"dateModified\":\"2024-03-13T17:16:26+00:00\",\"author\":{\"@id\":\"https:\/\/www.africa-press.net\/niger\/#\/schema\/person\/2b1cf3cd81a31e3cd26889ca66d677f1\"},\"description\":\"Le Secre\u0301taire ge\u0301ne\u0301ral adjoint du Ministe\u0300re de l\u2019Inte\u0301rieur, de la Se\u0301curite\u0301 Publique et de l\u2019Administration du T ...\",\"breadcrumb\":{\"@id\":\"https:\/\/www.africa-press.net\/niger\/toutes-les-actualites\/humanitaire-le-secretaire-general-adjoint-du-ministere-en-charge-de-linterieur-visite-le-centre-de-mecanisme-devacuation-durgence-de-hamdallaye#breadcrumb\"},\"inLanguage\":\"fr-FR\",\"potentialAction\":[{\"@type\":\"ReadAction\",\"target\":[\"https:\/\/www.africa-press.net\/niger\/toutes-les-actualites\/humanitaire-le-secretaire-general-adjoint-du-ministere-en-charge-de-linterieur-visite-le-centre-de-mecanisme-devacuation-durgence-de-hamdallaye\"]}]},{\"@type\":\"ImageObject\",\"inLanguage\":\"fr-FR\",\"@id\":\"https:\/\/www.africa-press.net\/niger\/toutes-les-actualites\/humanitaire-le-secretaire-general-adjoint-du-ministere-en-charge-de-linterieur-visite-le-centre-de-mecanisme-devacuation-durgence-de-hamdallaye#primaryimage\",\"url\":\"https:\/\/static.africa-press.net\/niger\/sites\/40\/2024\/03\/sm_1710337196.0291.jpg\",\"contentUrl\":\"https:\/\/static.africa-press.net\/niger\/sites\/40\/2024\/03\/sm_1710337196.0291.jpg\",\"width\":800,\"height\":533,\"caption\":\"Humanitaire : Le Secr\u00e9taire g\u00e9n\u00e9ral adjoint du Minist\u00e8re en charge de l\u2019Int\u00e9rieur visite le Centre de M\u00e9canisme d\u2019\u00e9vacuation d\u2019urgence de Hamdallaye\"},{\"@type\":\"BreadcrumbList\",\"@id\":\"https:\/\/www.africa-press.net\/niger\/toutes-les-actualites\/humanitaire-le-secretaire-general-adjoint-du-ministere-en-charge-de-linterieur-visite-le-centre-de-mecanisme-devacuation-durgence-de-hamdallaye#breadcrumb\",\"itemListElement\":[{\"@type\":\"ListItem\",\"position\":1,\"name\":\"Accueil\",\"item\":\"https:\/\/www.africa-press.net\/niger\/\"},{\"@type\":\"ListItem\",\"position\":2,\"name\":\"Humanitaire : Le Secr\u00e9taire g\u00e9n\u00e9ral adjoint du Minist\u00e8re en charge de l\u2019Int\u00e9rieur visite le Centre de M\u00e9canisme d\u2019\u00e9vacuation d\u2019urgence de Hamdallaye\"}]},{\"@type\":\"WebSite\",\"@id\":\"https:\/\/www.africa-press.net\/niger\/#website\",\"url\":\"https:\/\/www.africa-press.net\/niger\/\",\"name\":\"niger\",\"description\":\"Just another Africa News Agency Sites site\",\"potentialAction\":[{\"@type\":\"SearchAction\",\"target\":{\"@type\":\"EntryPoint\",\"urlTemplate\":\"https:\/\/www.africa-press.net\/niger\/?s={search_term_string}\"},\"query-input\":{\"@type\":\"PropertyValueSpecification\",\"valueRequired\":true,\"valueName\":\"search_term_string\"}}],\"inLanguage\":\"fr-FR\"},{\"@type\":\"Person\",\"@id\":\"https:\/\/www.africa-press.net\/niger\/#\/schema\/person\/2b1cf3cd81a31e3cd26889ca66d677f1\",\"name\":\"cfeditorfr\"}]}<\/script>\n<!-- \/ Yoast SEO Premium plugin. -->","yoast_head_json":{"title":"Humanitaire : Le Secr\u00e9taire g\u00e9n\u00e9ral adjoint du Minist\u00e8re en charge de l\u2019Int\u00e9rieur visite le Centre de M\u00e9canisme d\u2019\u00e9vacuation d\u2019urgence de Hamdallaye - niger","description":"Le Secre\u0301taire ge\u0301ne\u0301ral adjoint du Ministe\u0300re de l\u2019Inte\u0301rieur, de la Se\u0301curite\u0301 Publique et de l\u2019Administration du T ...","robots":{"index":"index","follow":"follow","max-snippet":"max-snippet:-1","max-image-preview":"max-image-preview:large","max-video-preview":"max-video-preview:-1"},"canonical":"https:\/\/www.africa-press.net\/niger\/toutes-les-actualites\/humanitaire-le-secretaire-general-adjoint-du-ministere-en-charge-de-linterieur-visite-le-centre-de-mecanisme-devacuation-durgence-de-hamdallaye","og_locale":"fr_FR","og_type":"article","og_title":"Humanitaire : Le Secr\u00e9taire g\u00e9n\u00e9ral adjoint du Minist\u00e8re en charge de l\u2019Int\u00e9rieur visite le Centre de M\u00e9canisme d\u2019\u00e9vacuation d\u2019urgence de Hamdallaye","og_description":"Le Secre\u0301taire ge\u0301ne\u0301ral adjoint du Ministe\u0300re de l\u2019Inte\u0301rieur, de la Se\u0301curite\u0301 Publique et de l\u2019Administration du T ...","og_url":"https:\/\/www.africa-press.net\/niger\/toutes-les-actualites\/humanitaire-le-secretaire-general-adjoint-du-ministere-en-charge-de-linterieur-visite-le-centre-de-mecanisme-devacuation-durgence-de-hamdallaye","og_site_name":"niger","article_published_time":"2024-03-13T16:27:44+00:00","article_modified_time":"2024-03-13T17:16:26+00:00","og_image":[{"width":800,"height":533,"url":"https:\/\/static.africa-press.net\/niger\/sites\/40\/2024\/03\/sm_1710337196.0291.jpg","type":"image\/jpeg"}],"author":"cfeditorfr","twitter_card":"summary_large_image","twitter_misc":{"\u00c9crit par":"cfeditorfr","Dur\u00e9e de lecture estim\u00e9e":"4 minutes"},"schema":{"@context":"https:\/\/schema.org","@graph":[{"@type":"Article","@id":"https:\/\/www.africa-press.net\/niger\/toutes-les-actualites\/humanitaire-le-secretaire-general-adjoint-du-ministere-en-charge-de-linterieur-visite-le-centre-de-mecanisme-devacuation-durgence-de-hamdallaye#article","isPartOf":{"@id":"https:\/\/www.africa-press.net\/niger\/toutes-les-actualites\/humanitaire-le-secretaire-general-adjoint-du-ministere-en-charge-de-linterieur-visite-le-centre-de-mecanisme-devacuation-durgence-de-hamdallaye"},"author":{"name":"cfeditorfr","@id":"https:\/\/www.africa-press.net\/niger\/#\/schema\/person\/2b1cf3cd81a31e3cd26889ca66d677f1"},"headline":"Humanitaire : Le Secr\u00e9taire g\u00e9n\u00e9ral adjoint du Minist\u00e8re en charge de l\u2019Int\u00e9rieur visite le Centre de M\u00e9canisme d\u2019\u00e9vacuation d\u2019urgence de Hamdallaye","datePublished":"2024-03-13T16:27:44+00:00","dateModified":"2024-03-13T17:16:26+00:00","mainEntityOfPage":{"@id":"https:\/\/www.africa-press.net\/niger\/toutes-les-actualites\/humanitaire-le-secretaire-general-adjoint-du-ministere-en-charge-de-linterieur-visite-le-centre-de-mecanisme-devacuation-durgence-de-hamdallaye"},"wordCount":770,"commentCount":0,"image":{"@id":"https:\/\/www.africa-press.net\/niger\/toutes-les-actualites\/humanitaire-le-secretaire-general-adjoint-du-ministere-en-charge-de-linterieur-visite-le-centre-de-mecanisme-devacuation-durgence-de-hamdallaye#primaryimage"},"thumbnailUrl":"https:\/\/static.africa-press.net\/niger\/sites\/40\/2024\/03\/sm_1710337196.0291.jpg","keywords":["Africa Press","Africa Press-Niger","Niger"],"articleSection":["Communaut\u00e9","Toutes les actualit\u00e9s"],"inLanguage":"fr-FR","potentialAction":[{"@type":"CommentAction","name":"Comment","target":["https:\/\/www.africa-press.net\/niger\/toutes-les-actualites\/humanitaire-le-secretaire-general-adjoint-du-ministere-en-charge-de-linterieur-visite-le-centre-de-mecanisme-devacuation-durgence-de-hamdallaye#respond"]}]},{"@type":"WebPage","@id":"https:\/\/www.africa-press.net\/niger\/toutes-les-actualites\/humanitaire-le-secretaire-general-adjoint-du-ministere-en-charge-de-linterieur-visite-le-centre-de-mecanisme-devacuation-durgence-de-hamdallaye","url":"https:\/\/www.africa-press.net\/niger\/toutes-les-actualites\/humanitaire-le-secretaire-general-adjoint-du-ministere-en-charge-de-linterieur-visite-le-centre-de-mecanisme-devacuation-durgence-de-hamdallaye","name":"Humanitaire : Le Secr\u00e9taire g\u00e9n\u00e9ral adjoint du Minist\u00e8re en charge de l\u2019Int\u00e9rieur visite le Centre de M\u00e9canisme d\u2019\u00e9vacuation d\u2019urgence de Hamdallaye - niger","isPartOf":{"@id":"https:\/\/www.africa-press.net\/niger\/#website"},"primaryImageOfPage":{"@id":"https:\/\/www.africa-press.net\/niger\/toutes-les-actualites\/humanitaire-le-secretaire-general-adjoint-du-ministere-en-charge-de-linterieur-visite-le-centre-de-mecanisme-devacuation-durgence-de-hamdallaye#primaryimage"},"image":{"@id":"https:\/\/www.africa-press.net\/niger\/toutes-les-actualites\/humanitaire-le-secretaire-general-adjoint-du-ministere-en-charge-de-linterieur-visite-le-centre-de-mecanisme-devacuation-durgence-de-hamdallaye#primaryimage"},"thumbnailUrl":"https:\/\/static.africa-press.net\/niger\/sites\/40\/2024\/03\/sm_1710337196.0291.jpg","datePublished":"2024-03-13T16:27:44+00:00","dateModified":"2024-03-13T17:16:26+00:00","author":{"@id":"https:\/\/www.africa-press.net\/niger\/#\/schema\/person\/2b1cf3cd81a31e3cd26889ca66d677f1"},"description":"Le Secre\u0301taire ge\u0301ne\u0301ral adjoint du Ministe\u0300re de l\u2019Inte\u0301rieur, de la Se\u0301curite\u0301 Publique et de l\u2019Administration du T ...","breadcrumb":{"@id":"https:\/\/www.africa-press.net\/niger\/toutes-les-actualites\/humanitaire-le-secretaire-general-adjoint-du-ministere-en-charge-de-linterieur-visite-le-centre-de-mecanisme-devacuation-durgence-de-hamdallaye#breadcrumb"},"inLanguage":"fr-FR","potentialAction":[{"@type":"ReadAction","target":["https:\/\/www.africa-press.net\/niger\/toutes-les-actualites\/humanitaire-le-secretaire-general-adjoint-du-ministere-en-charge-de-linterieur-visite-le-centre-de-mecanisme-devacuation-durgence-de-hamdallaye"]}]},{"@type":"ImageObject","inLanguage":"fr-FR","@id":"https:\/\/www.africa-press.net\/niger\/toutes-les-actualites\/humanitaire-le-secretaire-general-adjoint-du-ministere-en-charge-de-linterieur-visite-le-centre-de-mecanisme-devacuation-durgence-de-hamdallaye#primaryimage","url":"https:\/\/static.africa-press.net\/niger\/sites\/40\/2024\/03\/sm_1710337196.0291.jpg","contentUrl":"https:\/\/static.africa-press.net\/niger\/sites\/40\/2024\/03\/sm_1710337196.0291.jpg","width":800,"height":533,"caption":"Humanitaire : Le Secr\u00e9taire g\u00e9n\u00e9ral adjoint du Minist\u00e8re en charge de l\u2019Int\u00e9rieur visite le Centre de M\u00e9canisme d\u2019\u00e9vacuation d\u2019urgence de Hamdallaye"},{"@type":"BreadcrumbList","@id":"https:\/\/www.africa-press.net\/niger\/toutes-les-actualites\/humanitaire-le-secretaire-general-adjoint-du-ministere-en-charge-de-linterieur-visite-le-centre-de-mecanisme-devacuation-durgence-de-hamdallaye#breadcrumb","itemListElement":[{"@type":"ListItem","position":1,"name":"Accueil","item":"https:\/\/www.africa-press.net\/niger\/"},{"@type":"ListItem","position":2,"name":"Humanitaire : Le Secr\u00e9taire g\u00e9n\u00e9ral adjoint du Minist\u00e8re en charge de l\u2019Int\u00e9rieur visite le Centre de M\u00e9canisme d\u2019\u00e9vacuation d\u2019urgence de Hamdallaye"}]},{"@type":"WebSite","@id":"https:\/\/www.africa-press.net\/niger\/#website","url":"https:\/\/www.africa-press.net\/niger\/","name":"niger","description":"Just another Africa News Agency Sites site","potentialAction":[{"@type":"SearchAction","target":{"@type":"EntryPoint","urlTemplate":"https:\/\/www.africa-press.net\/niger\/?s={search_term_string}"},"query-input":{"@type":"PropertyValueSpecification","valueRequired":true,"valueName":"search_term_string"}}],"inLanguage":"fr-FR"},{"@type":"Person","@id":"https:\/\/www.africa-press.net\/niger\/#\/schema\/person\/2b1cf3cd81a31e3cd26889ca66d677f1","name":"cfeditorfr"}]}},"_links":{"self":[{"href":"https:\/\/www.africa-press.net\/niger\/wp-json\/wp\/v2\/posts\/59851","targetHints":{"allow":["GET"]}}],"collection":[{"href":"https:\/\/www.africa-press.net\/niger\/wp-json\/wp\/v2\/posts"}],"about":[{"href":"https:\/\/www.africa-press.net\/niger\/wp-json\/wp\/v2\/types\/post"}],"author":[{"embeddable":true,"href":"https:\/\/www.africa-press.net\/niger\/wp-json\/wp\/v2\/users\/82"}],"replies":[{"embeddable":true,"href":"https:\/\/www.africa-press.net\/niger\/wp-json\/wp\/v2\/comments?post=59851"}],"version-history":[{"count":0,"href":"https:\/\/www.africa-press.net\/niger\/wp-json\/wp\/v2\/posts\/59851\/revisions"}],"wp:featuredmedia":[{"embeddable":true,"href":"https:\/\/www.africa-press.net\/niger\/wp-json\/wp\/v2\/media\/59850"}],"wp:attachment":[{"href":"https:\/\/www.africa-press.net\/niger\/wp-json\/wp\/v2\/media?parent=59851"}],"wp:term":[{"taxonomy":"category","embeddable":true,"href":"https:\/\/www.africa-press.net\/niger\/wp-json\/wp\/v2\/categories?post=59851"},{"taxonomy":"post_tag","embeddable":true,"href":"https:\/\/www.africa-press.net\/niger\/wp-json\/wp\/v2\/tags?post=59851"}],"curies":[{"name":"wp","href":"https:\/\/api.w.org\/{rel}","templated":true}]}}