{"id":59853,"date":"2024-03-13T16:28:01","date_gmt":"2024-03-13T16:28:01","guid":{"rendered":"https:\/\/www.africa-press.net\/niger\/politique\/au-cabinet-du-premier-ministre-m-ali-mahaman-lamine-zeine-sentretient-avec-une-delegation-americaine"},"modified":"2024-03-13T17:17:04","modified_gmt":"2024-03-13T17:17:04","slug":"au-cabinet-du-premier-ministre-m-ali-mahaman-lamine-zeine-sentretient-avec-une-delegation-americaine","status":"publish","type":"post","link":"https:\/\/www.africa-press.net\/niger\/politique\/au-cabinet-du-premier-ministre-m-ali-mahaman-lamine-zeine-sentretient-avec-une-delegation-americaine","title":{"rendered":"Au Cabinet du Premier ministre : M. Ali Mahaman Lamine Zeine s\u2019entretient avec une d\u00e9l\u00e9gation Am\u00e9ricaine"},"content":{"rendered":"<p><span style=\"color: #ff6600\"><strong>Africa-Press &#8211; Niger. <\/strong><\/span>Le Premier ministre, ministre de l\u2019Economie et des Finances M. Ali Mahaman Lamine Zeine a pre\u0301side\u0301 hier mardi 12 mars 2024 a\u0300 son cabinet, une rencontre qui a regroupe\u0301 des membres du Conseil National pour la Sauvegarde de la Patrie (CNSP), du gouvernement et une de\u0301le\u0301gation Ame\u0301ricaine constitue\u0301e de Mme Molly Phee, Secre\u0301taire d\u2019E\u0301tat Ame\u0301ricain adjoint aux Affaires Africaines ; Dr Ce\u0301leste Wallander, Secre\u0301taire d\u2019E\u0301tat Ame\u0301ricain adjoint aux Affaires Internationales ; le Ge\u0301ne\u0301ral Michael E. Langley, Commandant de l\u2019Africom ; M. Skye Justice, directeur adjoint Afrique de l\u2019Ouest. L\u2019on notait a\u0300 cette rencontre la pre\u0301sence de l\u2019ambassadeur des Etats Unis au Niger Mme Kathleen FitzGibbon<\/p>\n<p>La partie nige\u0301rienne a e\u0301te\u0301 repre\u0301sente\u0301e par le Ge\u0301ne\u0301ral de Corps d\u2019Arme\u0301e Salifou Mody, ministre d\u2019E\u0301tat, ministre de la De\u0301fense Nationale ; le Ge\u0301ne\u0301ral de Brigade Mohamed Toumba, ministre d\u2019Etat, ministre de l\u2019Inte\u0301rieur, de la Se\u0301curite\u0301 publique et de l\u2019Administration du territoire ; le Colonel Major Abdourahamane Amadou, ministre de la Jeunesse, des Sports, des Arts et de la Culture ; le Chef d\u2019E\u0301tat-major particulier du Pre\u0301sident du CNSP, le Colonel Ibro Amadou ; le ministre Directeur de Cabinet du Pre\u0301sident du CNSP, Dr Soumana Boubacar et le ministre des Affaires E\u0301trange\u0300res, de la Coope\u0301ration et des Nige\u0301riens a\u0300 l\u2019exte\u0301rieur, M. Bakary Yaou Sangare\u0301.<\/p>\n<p>&nbsp;<\/p>\n<p><strong>Pour plus d&rsquo;informations et d&rsquo;analyses sur la <a href=\"https:\/\/www.africa-press.net\/niger\">Niger<\/a>, suivez <a href=\"https:\/\/www.africa-press.net\/\">Africa-Press<\/a><\/strong><\/p>\n","protected":false},"excerpt":{"rendered":"<p>Africa-Press &#8211; Niger. Le Premier ministre, ministre de l\u2019Economie et des Finances M. Ali Mahaman Lamine Zeine a pre\u0301side\u0301 hier mardi 12 mars 2024 a\u0300 son cabinet, une rencontre qui a regroupe\u0301 des membres du Conseil National pour la Sauvegarde de la Patrie (CNSP), du gouvernement et une de\u0301le\u0301gation Ame\u0301ricaine constitue\u0301e de Mme Molly Phee, [&hellip;]<\/p>\n","protected":false},"author":82,"featured_media":59852,"comment_status":"open","ping_status":"closed","sticky":false,"template":"","format":"standard","meta":{"footnotes":""},"categories":[2,10],"tags":[55,60,29],"class_list":["post-59853","post","type-post","status-publish","format-standard","has-post-thumbnail","hentry","category-politique","category-toutes-les-actualites","tag-africa-press","tag-africa-press-niger","tag-niger"],"yoast_head":"<!-- This site is optimized with the Yoast SEO Premium plugin v26.1 (Yoast SEO v27.0) - https:\/\/yoast.com\/product\/yoast-seo-premium-wordpress\/ -->\n<title>Au Cabinet du Premier ministre : M. Ali Mahaman Lamine Zeine s\u2019entretient avec une d\u00e9l\u00e9gation Am\u00e9ricaine - niger<\/title>\n<meta name=\"description\" content=\"Le Premier ministre, ministre de l\u2019Economie et des Finances M. Ali Mahaman Lamine Zeine a pre\u0301side\u0301 hier mardi 12 mars 2 ...\" \/>\n<meta name=\"robots\" content=\"index, follow, max-snippet:-1, max-image-preview:large, max-video-preview:-1\" \/>\n<link rel=\"canonical\" href=\"https:\/\/www.africa-press.net\/niger\/politique\/au-cabinet-du-premier-ministre-m-ali-mahaman-lamine-zeine-sentretient-avec-une-delegation-americaine\" \/>\n<meta property=\"og:locale\" content=\"fr_FR\" \/>\n<meta property=\"og:type\" content=\"article\" \/>\n<meta property=\"og:title\" content=\"Au Cabinet du Premier ministre : M. Ali Mahaman Lamine Zeine s\u2019entretient avec une d\u00e9l\u00e9gation Am\u00e9ricaine\" \/>\n<meta property=\"og:description\" content=\"Le Premier ministre, ministre de l\u2019Economie et des Finances M. Ali Mahaman Lamine Zeine a pre\u0301side\u0301 hier mardi 12 mars 2 ...\" \/>\n<meta property=\"og:url\" content=\"https:\/\/www.africa-press.net\/niger\/politique\/au-cabinet-du-premier-ministre-m-ali-mahaman-lamine-zeine-sentretient-avec-une-delegation-americaine\" \/>\n<meta property=\"og:site_name\" content=\"niger\" \/>\n<meta property=\"article:published_time\" content=\"2024-03-13T16:28:01+00:00\" \/>\n<meta property=\"article:modified_time\" content=\"2024-03-13T17:17:04+00:00\" \/>\n<meta property=\"og:image\" content=\"https:\/\/static.africa-press.net\/niger\/sites\/40\/2024\/03\/sm_1710337214.029964.jpg\" \/>\n\t<meta property=\"og:image:width\" content=\"1024\" \/>\n\t<meta property=\"og:image:height\" content=\"683\" \/>\n\t<meta property=\"og:image:type\" content=\"image\/jpeg\" \/>\n<meta name=\"author\" content=\"cfeditorfr\" \/>\n<meta name=\"twitter:card\" content=\"summary_large_image\" \/>\n<meta name=\"twitter:label1\" content=\"\u00c9crit par\" \/>\n\t<meta name=\"twitter:data1\" content=\"cfeditorfr\" \/>\n\t<meta name=\"twitter:label2\" content=\"Dur\u00e9e de lecture estim\u00e9e\" \/>\n\t<meta name=\"twitter:data2\" content=\"2 minutes\" \/>\n<script type=\"application\/ld+json\" class=\"yoast-schema-graph\">{\"@context\":\"https:\/\/schema.org\",\"@graph\":[{\"@type\":\"Article\",\"@id\":\"https:\/\/www.africa-press.net\/niger\/politique\/au-cabinet-du-premier-ministre-m-ali-mahaman-lamine-zeine-sentretient-avec-une-delegation-americaine#article\",\"isPartOf\":{\"@id\":\"https:\/\/www.africa-press.net\/niger\/politique\/au-cabinet-du-premier-ministre-m-ali-mahaman-lamine-zeine-sentretient-avec-une-delegation-americaine\"},\"author\":{\"name\":\"cfeditorfr\",\"@id\":\"https:\/\/www.africa-press.net\/niger\/#\/schema\/person\/2b1cf3cd81a31e3cd26889ca66d677f1\"},\"headline\":\"Au Cabinet du Premier ministre : M. Ali Mahaman Lamine Zeine s\u2019entretient avec une d\u00e9l\u00e9gation Am\u00e9ricaine\",\"datePublished\":\"2024-03-13T16:28:01+00:00\",\"dateModified\":\"2024-03-13T17:17:04+00:00\",\"mainEntityOfPage\":{\"@id\":\"https:\/\/www.africa-press.net\/niger\/politique\/au-cabinet-du-premier-ministre-m-ali-mahaman-lamine-zeine-sentretient-avec-une-delegation-americaine\"},\"wordCount\":285,\"commentCount\":0,\"image\":{\"@id\":\"https:\/\/www.africa-press.net\/niger\/politique\/au-cabinet-du-premier-ministre-m-ali-mahaman-lamine-zeine-sentretient-avec-une-delegation-americaine#primaryimage\"},\"thumbnailUrl\":\"https:\/\/static.africa-press.net\/niger\/sites\/40\/2024\/03\/sm_1710337214.029964.jpg\",\"keywords\":[\"Africa Press\",\"Africa Press-Niger\",\"Niger\"],\"articleSection\":[\"Politique\",\"Toutes les actualit\u00e9s\"],\"inLanguage\":\"fr-FR\",\"potentialAction\":[{\"@type\":\"CommentAction\",\"name\":\"Comment\",\"target\":[\"https:\/\/www.africa-press.net\/niger\/politique\/au-cabinet-du-premier-ministre-m-ali-mahaman-lamine-zeine-sentretient-avec-une-delegation-americaine#respond\"]}]},{\"@type\":\"WebPage\",\"@id\":\"https:\/\/www.africa-press.net\/niger\/politique\/au-cabinet-du-premier-ministre-m-ali-mahaman-lamine-zeine-sentretient-avec-une-delegation-americaine\",\"url\":\"https:\/\/www.africa-press.net\/niger\/politique\/au-cabinet-du-premier-ministre-m-ali-mahaman-lamine-zeine-sentretient-avec-une-delegation-americaine\",\"name\":\"Au Cabinet du Premier ministre : M. Ali Mahaman Lamine Zeine s\u2019entretient avec une d\u00e9l\u00e9gation Am\u00e9ricaine - niger\",\"isPartOf\":{\"@id\":\"https:\/\/www.africa-press.net\/niger\/#website\"},\"primaryImageOfPage\":{\"@id\":\"https:\/\/www.africa-press.net\/niger\/politique\/au-cabinet-du-premier-ministre-m-ali-mahaman-lamine-zeine-sentretient-avec-une-delegation-americaine#primaryimage\"},\"image\":{\"@id\":\"https:\/\/www.africa-press.net\/niger\/politique\/au-cabinet-du-premier-ministre-m-ali-mahaman-lamine-zeine-sentretient-avec-une-delegation-americaine#primaryimage\"},\"thumbnailUrl\":\"https:\/\/static.africa-press.net\/niger\/sites\/40\/2024\/03\/sm_1710337214.029964.jpg\",\"datePublished\":\"2024-03-13T16:28:01+00:00\",\"dateModified\":\"2024-03-13T17:17:04+00:00\",\"author\":{\"@id\":\"https:\/\/www.africa-press.net\/niger\/#\/schema\/person\/2b1cf3cd81a31e3cd26889ca66d677f1\"},\"description\":\"Le Premier ministre, ministre de l\u2019Economie et des Finances M. Ali Mahaman Lamine Zeine a pre\u0301side\u0301 hier mardi 12 mars 2 ...\",\"breadcrumb\":{\"@id\":\"https:\/\/www.africa-press.net\/niger\/politique\/au-cabinet-du-premier-ministre-m-ali-mahaman-lamine-zeine-sentretient-avec-une-delegation-americaine#breadcrumb\"},\"inLanguage\":\"fr-FR\",\"potentialAction\":[{\"@type\":\"ReadAction\",\"target\":[\"https:\/\/www.africa-press.net\/niger\/politique\/au-cabinet-du-premier-ministre-m-ali-mahaman-lamine-zeine-sentretient-avec-une-delegation-americaine\"]}]},{\"@type\":\"ImageObject\",\"inLanguage\":\"fr-FR\",\"@id\":\"https:\/\/www.africa-press.net\/niger\/politique\/au-cabinet-du-premier-ministre-m-ali-mahaman-lamine-zeine-sentretient-avec-une-delegation-americaine#primaryimage\",\"url\":\"https:\/\/static.africa-press.net\/niger\/sites\/40\/2024\/03\/sm_1710337214.029964.jpg\",\"contentUrl\":\"https:\/\/static.africa-press.net\/niger\/sites\/40\/2024\/03\/sm_1710337214.029964.jpg\",\"width\":1024,\"height\":683,\"caption\":\"Au Cabinet du Premier ministre : M. Ali Mahaman Lamine Zeine s\u2019entretient avec une d\u00e9l\u00e9gation Am\u00e9ricaine\"},{\"@type\":\"BreadcrumbList\",\"@id\":\"https:\/\/www.africa-press.net\/niger\/politique\/au-cabinet-du-premier-ministre-m-ali-mahaman-lamine-zeine-sentretient-avec-une-delegation-americaine#breadcrumb\",\"itemListElement\":[{\"@type\":\"ListItem\",\"position\":1,\"name\":\"Accueil\",\"item\":\"https:\/\/www.africa-press.net\/niger\/\"},{\"@type\":\"ListItem\",\"position\":2,\"name\":\"Au Cabinet du Premier ministre : M. Ali Mahaman Lamine Zeine s\u2019entretient avec une d\u00e9l\u00e9gation Am\u00e9ricaine\"}]},{\"@type\":\"WebSite\",\"@id\":\"https:\/\/www.africa-press.net\/niger\/#website\",\"url\":\"https:\/\/www.africa-press.net\/niger\/\",\"name\":\"niger\",\"description\":\"Just another Africa News Agency Sites site\",\"potentialAction\":[{\"@type\":\"SearchAction\",\"target\":{\"@type\":\"EntryPoint\",\"urlTemplate\":\"https:\/\/www.africa-press.net\/niger\/?s={search_term_string}\"},\"query-input\":{\"@type\":\"PropertyValueSpecification\",\"valueRequired\":true,\"valueName\":\"search_term_string\"}}],\"inLanguage\":\"fr-FR\"},{\"@type\":\"Person\",\"@id\":\"https:\/\/www.africa-press.net\/niger\/#\/schema\/person\/2b1cf3cd81a31e3cd26889ca66d677f1\",\"name\":\"cfeditorfr\"}]}<\/script>\n<!-- \/ Yoast SEO Premium plugin. -->","yoast_head_json":{"title":"Au Cabinet du Premier ministre : M. Ali Mahaman Lamine Zeine s\u2019entretient avec une d\u00e9l\u00e9gation Am\u00e9ricaine - niger","description":"Le Premier ministre, ministre de l\u2019Economie et des Finances M. Ali Mahaman Lamine Zeine a pre\u0301side\u0301 hier mardi 12 mars 2 ...","robots":{"index":"index","follow":"follow","max-snippet":"max-snippet:-1","max-image-preview":"max-image-preview:large","max-video-preview":"max-video-preview:-1"},"canonical":"https:\/\/www.africa-press.net\/niger\/politique\/au-cabinet-du-premier-ministre-m-ali-mahaman-lamine-zeine-sentretient-avec-une-delegation-americaine","og_locale":"fr_FR","og_type":"article","og_title":"Au Cabinet du Premier ministre : M. Ali Mahaman Lamine Zeine s\u2019entretient avec une d\u00e9l\u00e9gation Am\u00e9ricaine","og_description":"Le Premier ministre, ministre de l\u2019Economie et des Finances M. Ali Mahaman Lamine Zeine a pre\u0301side\u0301 hier mardi 12 mars 2 ...","og_url":"https:\/\/www.africa-press.net\/niger\/politique\/au-cabinet-du-premier-ministre-m-ali-mahaman-lamine-zeine-sentretient-avec-une-delegation-americaine","og_site_name":"niger","article_published_time":"2024-03-13T16:28:01+00:00","article_modified_time":"2024-03-13T17:17:04+00:00","og_image":[{"width":1024,"height":683,"url":"https:\/\/static.africa-press.net\/niger\/sites\/40\/2024\/03\/sm_1710337214.029964.jpg","type":"image\/jpeg"}],"author":"cfeditorfr","twitter_card":"summary_large_image","twitter_misc":{"\u00c9crit par":"cfeditorfr","Dur\u00e9e de lecture estim\u00e9e":"2 minutes"},"schema":{"@context":"https:\/\/schema.org","@graph":[{"@type":"Article","@id":"https:\/\/www.africa-press.net\/niger\/politique\/au-cabinet-du-premier-ministre-m-ali-mahaman-lamine-zeine-sentretient-avec-une-delegation-americaine#article","isPartOf":{"@id":"https:\/\/www.africa-press.net\/niger\/politique\/au-cabinet-du-premier-ministre-m-ali-mahaman-lamine-zeine-sentretient-avec-une-delegation-americaine"},"author":{"name":"cfeditorfr","@id":"https:\/\/www.africa-press.net\/niger\/#\/schema\/person\/2b1cf3cd81a31e3cd26889ca66d677f1"},"headline":"Au Cabinet du Premier ministre : M. Ali Mahaman Lamine Zeine s\u2019entretient avec une d\u00e9l\u00e9gation Am\u00e9ricaine","datePublished":"2024-03-13T16:28:01+00:00","dateModified":"2024-03-13T17:17:04+00:00","mainEntityOfPage":{"@id":"https:\/\/www.africa-press.net\/niger\/politique\/au-cabinet-du-premier-ministre-m-ali-mahaman-lamine-zeine-sentretient-avec-une-delegation-americaine"},"wordCount":285,"commentCount":0,"image":{"@id":"https:\/\/www.africa-press.net\/niger\/politique\/au-cabinet-du-premier-ministre-m-ali-mahaman-lamine-zeine-sentretient-avec-une-delegation-americaine#primaryimage"},"thumbnailUrl":"https:\/\/static.africa-press.net\/niger\/sites\/40\/2024\/03\/sm_1710337214.029964.jpg","keywords":["Africa Press","Africa Press-Niger","Niger"],"articleSection":["Politique","Toutes les actualit\u00e9s"],"inLanguage":"fr-FR","potentialAction":[{"@type":"CommentAction","name":"Comment","target":["https:\/\/www.africa-press.net\/niger\/politique\/au-cabinet-du-premier-ministre-m-ali-mahaman-lamine-zeine-sentretient-avec-une-delegation-americaine#respond"]}]},{"@type":"WebPage","@id":"https:\/\/www.africa-press.net\/niger\/politique\/au-cabinet-du-premier-ministre-m-ali-mahaman-lamine-zeine-sentretient-avec-une-delegation-americaine","url":"https:\/\/www.africa-press.net\/niger\/politique\/au-cabinet-du-premier-ministre-m-ali-mahaman-lamine-zeine-sentretient-avec-une-delegation-americaine","name":"Au Cabinet du Premier ministre : M. Ali Mahaman Lamine Zeine s\u2019entretient avec une d\u00e9l\u00e9gation Am\u00e9ricaine - niger","isPartOf":{"@id":"https:\/\/www.africa-press.net\/niger\/#website"},"primaryImageOfPage":{"@id":"https:\/\/www.africa-press.net\/niger\/politique\/au-cabinet-du-premier-ministre-m-ali-mahaman-lamine-zeine-sentretient-avec-une-delegation-americaine#primaryimage"},"image":{"@id":"https:\/\/www.africa-press.net\/niger\/politique\/au-cabinet-du-premier-ministre-m-ali-mahaman-lamine-zeine-sentretient-avec-une-delegation-americaine#primaryimage"},"thumbnailUrl":"https:\/\/static.africa-press.net\/niger\/sites\/40\/2024\/03\/sm_1710337214.029964.jpg","datePublished":"2024-03-13T16:28:01+00:00","dateModified":"2024-03-13T17:17:04+00:00","author":{"@id":"https:\/\/www.africa-press.net\/niger\/#\/schema\/person\/2b1cf3cd81a31e3cd26889ca66d677f1"},"description":"Le Premier ministre, ministre de l\u2019Economie et des Finances M. Ali Mahaman Lamine Zeine a pre\u0301side\u0301 hier mardi 12 mars 2 ...","breadcrumb":{"@id":"https:\/\/www.africa-press.net\/niger\/politique\/au-cabinet-du-premier-ministre-m-ali-mahaman-lamine-zeine-sentretient-avec-une-delegation-americaine#breadcrumb"},"inLanguage":"fr-FR","potentialAction":[{"@type":"ReadAction","target":["https:\/\/www.africa-press.net\/niger\/politique\/au-cabinet-du-premier-ministre-m-ali-mahaman-lamine-zeine-sentretient-avec-une-delegation-americaine"]}]},{"@type":"ImageObject","inLanguage":"fr-FR","@id":"https:\/\/www.africa-press.net\/niger\/politique\/au-cabinet-du-premier-ministre-m-ali-mahaman-lamine-zeine-sentretient-avec-une-delegation-americaine#primaryimage","url":"https:\/\/static.africa-press.net\/niger\/sites\/40\/2024\/03\/sm_1710337214.029964.jpg","contentUrl":"https:\/\/static.africa-press.net\/niger\/sites\/40\/2024\/03\/sm_1710337214.029964.jpg","width":1024,"height":683,"caption":"Au Cabinet du Premier ministre : M. Ali Mahaman Lamine Zeine s\u2019entretient avec une d\u00e9l\u00e9gation Am\u00e9ricaine"},{"@type":"BreadcrumbList","@id":"https:\/\/www.africa-press.net\/niger\/politique\/au-cabinet-du-premier-ministre-m-ali-mahaman-lamine-zeine-sentretient-avec-une-delegation-americaine#breadcrumb","itemListElement":[{"@type":"ListItem","position":1,"name":"Accueil","item":"https:\/\/www.africa-press.net\/niger\/"},{"@type":"ListItem","position":2,"name":"Au Cabinet du Premier ministre : M. Ali Mahaman Lamine Zeine s\u2019entretient avec une d\u00e9l\u00e9gation Am\u00e9ricaine"}]},{"@type":"WebSite","@id":"https:\/\/www.africa-press.net\/niger\/#website","url":"https:\/\/www.africa-press.net\/niger\/","name":"niger","description":"Just another Africa News Agency Sites site","potentialAction":[{"@type":"SearchAction","target":{"@type":"EntryPoint","urlTemplate":"https:\/\/www.africa-press.net\/niger\/?s={search_term_string}"},"query-input":{"@type":"PropertyValueSpecification","valueRequired":true,"valueName":"search_term_string"}}],"inLanguage":"fr-FR"},{"@type":"Person","@id":"https:\/\/www.africa-press.net\/niger\/#\/schema\/person\/2b1cf3cd81a31e3cd26889ca66d677f1","name":"cfeditorfr"}]}},"_links":{"self":[{"href":"https:\/\/www.africa-press.net\/niger\/wp-json\/wp\/v2\/posts\/59853","targetHints":{"allow":["GET"]}}],"collection":[{"href":"https:\/\/www.africa-press.net\/niger\/wp-json\/wp\/v2\/posts"}],"about":[{"href":"https:\/\/www.africa-press.net\/niger\/wp-json\/wp\/v2\/types\/post"}],"author":[{"embeddable":true,"href":"https:\/\/www.africa-press.net\/niger\/wp-json\/wp\/v2\/users\/82"}],"replies":[{"embeddable":true,"href":"https:\/\/www.africa-press.net\/niger\/wp-json\/wp\/v2\/comments?post=59853"}],"version-history":[{"count":0,"href":"https:\/\/www.africa-press.net\/niger\/wp-json\/wp\/v2\/posts\/59853\/revisions"}],"wp:featuredmedia":[{"embeddable":true,"href":"https:\/\/www.africa-press.net\/niger\/wp-json\/wp\/v2\/media\/59852"}],"wp:attachment":[{"href":"https:\/\/www.africa-press.net\/niger\/wp-json\/wp\/v2\/media?parent=59853"}],"wp:term":[{"taxonomy":"category","embeddable":true,"href":"https:\/\/www.africa-press.net\/niger\/wp-json\/wp\/v2\/categories?post=59853"},{"taxonomy":"post_tag","embeddable":true,"href":"https:\/\/www.africa-press.net\/niger\/wp-json\/wp\/v2\/tags?post=59853"}],"curies":[{"name":"wp","href":"https:\/\/api.w.org\/{rel}","templated":true}]}}