{"id":59855,"date":"2024-03-13T16:28:39","date_gmt":"2024-03-13T16:28:39","guid":{"rendered":"https:\/\/www.africa-press.net\/niger\/politique\/une-delegation-americaine-a-rencontre-le-premier-ministre-du-regime-militaire"},"modified":"2024-03-13T17:17:39","modified_gmt":"2024-03-13T17:17:39","slug":"une-delegation-americaine-a-rencontre-le-premier-ministre-du-regime-militaire","status":"publish","type":"post","link":"https:\/\/www.africa-press.net\/niger\/politique\/une-delegation-americaine-a-rencontre-le-premier-ministre-du-regime-militaire","title":{"rendered":"une d\u00e9l\u00e9gation am\u00e9ricaine a rencontr\u00e9 le premier ministre du r\u00e9gime militaire"},"content":{"rendered":"<p><span style=\"color: #ff6600\"><strong>Africa-Press &#8211; Niger. <\/strong><\/span>Une de\u0301le\u0301gation de hauts responsables ame\u0301ricains a rencontre\u0301, mardi 12 mars a\u0300 Niamey, plusieurs membres du re\u0301gime militaire issu d\u2019un coup d\u2019Etat au Niger, dont le premier ministre, selon la te\u0301le\u0301vision nationale. \u00ab Le premier ministre, Ali Mahamane Lamime Zeine, a rencontre\u0301 cet apre\u0300s-midi une de\u0301le\u0301gation ame\u0301ricaine conduite par la secre\u0301taire d\u2019Etat adjointe aux affaires africaines, Molly Phee \u00bb, a annonce\u0301 Te\u0301le\u0301 Sahel. \u00ab La re\u0301union a e\u0301te\u0301 e\u0301largie aux membres du gouvernement et aux membres du Conseil national pour la sauvegarde de la patrie [CNSP, re\u0301gime militaire] \u00bb, a-t-elle ajoute\u0301, sans pre\u0301ciser le contenu des e\u0301changes.<\/p>\n<p>En de\u0301but d\u2019apre\u0300s midi, le de\u0301partement d\u2019Etat ame\u0301ricain avait annonce\u0301 la venue de Molly Phee, d\u2019une haute responsable du Pentagone, Celeste Wallander, et du commandant en chef du commandement militaire ame\u0301ricain pour l\u2019Afrique (Africom), Michael Langley. Il s\u2019agit de \u00ab poursuivre les discussions engage\u0301es depuis le mois d\u2019aou\u0302t \u00bb avec les militaires au pouvoir au Niger \u00ab sur un retour sur la voie de la de\u0301mocratie et sur l\u2019avenir de notre partenariat en matie\u0300re de se\u0301curite\u0301 et de de\u0301veloppement \u00bb, a pre\u0301cise\u0301 le de\u0301partement d\u2019Etat dans un communique\u0301. Selon une source diplomatique, la de\u0301le\u0301gation rencontrera mercredi le chef du re\u0301gime militaire, le ge\u0301ne\u0301ral Abdourahamane Tiani.<\/p>\n<p>Washington a suspendu sa coope\u0301ration avec le Niger apre\u0300s le coup de force du 26 juillet qui a renverse\u0301 le pre\u0301sident e\u0301lu, Mohamed Bazoum. Mais les Etats-Unis ont encore un millier de soldats au Niger, stationne\u0301s dans une base situe\u0301e dans le de\u0301sert et engage\u0301s dans la lutte antidjihadiste, bien que les mouvements aient e\u0301te\u0301 limite\u0301s depuis la prise du pouvoir par les militaires. La France, elle, a e\u0301te\u0301 contrainte de retirer ses troupes du Niger. Le Niger, le Mali et le Burkina Faso se sont depuis rapproche\u0301s e\u0301conomiquement et militairement de nouveaux partenaires, dont la Russie.<\/p>\n<p><strong>Pour plus d&rsquo;informations et d&rsquo;analyses sur la <a href=\"https:\/\/www.africa-press.net\/niger\">Niger<\/a>, suivez <a href=\"https:\/\/www.africa-press.net\/\">Africa-Press<\/a><\/strong><\/p>\n","protected":false},"excerpt":{"rendered":"<p>Africa-Press &#8211; Niger. Une de\u0301le\u0301gation de hauts responsables ame\u0301ricains a rencontre\u0301, mardi 12 mars a\u0300 Niamey, plusieurs membres du re\u0301gime militaire issu d\u2019un coup d\u2019Etat au Niger, dont le premier ministre, selon la te\u0301le\u0301vision nationale. \u00ab Le premier ministre, Ali Mahamane Lamime Zeine, a rencontre\u0301 cet apre\u0300s-midi une de\u0301le\u0301gation ame\u0301ricaine conduite par la secre\u0301taire d\u2019Etat [&hellip;]<\/p>\n","protected":false},"author":82,"featured_media":59854,"comment_status":"open","ping_status":"closed","sticky":false,"template":"","format":"standard","meta":{"footnotes":""},"categories":[2,20,10],"tags":[55,60,29],"class_list":["post-59855","post","type-post","status-publish","format-standard","has-post-thumbnail","hentry","category-politique","category-top-nouvelles","category-toutes-les-actualites","tag-africa-press","tag-africa-press-niger","tag-niger"],"yoast_head":"<!-- This site is optimized with the Yoast SEO Premium plugin v26.1 (Yoast SEO v27.0) - https:\/\/yoast.com\/product\/yoast-seo-premium-wordpress\/ -->\n<title>une d\u00e9l\u00e9gation am\u00e9ricaine a rencontr\u00e9 le premier ministre du r\u00e9gime militaire - niger<\/title>\n<meta name=\"description\" content=\"Une de\u0301le\u0301gation de hauts responsables ame\u0301ricains a rencontre\u0301, mardi 12 mars a\u0300 Niamey, plusieurs membres du re\u0301gime m ...\" \/>\n<meta name=\"robots\" content=\"index, follow, max-snippet:-1, max-image-preview:large, max-video-preview:-1\" \/>\n<link rel=\"canonical\" href=\"https:\/\/www.africa-press.net\/niger\/politique\/une-delegation-americaine-a-rencontre-le-premier-ministre-du-regime-militaire\" \/>\n<meta property=\"og:locale\" content=\"fr_FR\" \/>\n<meta property=\"og:type\" content=\"article\" \/>\n<meta property=\"og:title\" content=\"une d\u00e9l\u00e9gation am\u00e9ricaine a rencontr\u00e9 le premier ministre du r\u00e9gime militaire\" \/>\n<meta property=\"og:description\" content=\"Une de\u0301le\u0301gation de hauts responsables ame\u0301ricains a rencontre\u0301, mardi 12 mars a\u0300 Niamey, plusieurs membres du re\u0301gime m ...\" \/>\n<meta property=\"og:url\" content=\"https:\/\/www.africa-press.net\/niger\/politique\/une-delegation-americaine-a-rencontre-le-premier-ministre-du-regime-militaire\" \/>\n<meta property=\"og:site_name\" content=\"niger\" \/>\n<meta property=\"article:published_time\" content=\"2024-03-13T16:28:39+00:00\" \/>\n<meta property=\"article:modified_time\" content=\"2024-03-13T17:17:39+00:00\" \/>\n<meta property=\"og:image\" content=\"https:\/\/static.africa-press.net\/niger\/sites\/40\/2024\/03\/sm_1710337261.835713.jpg\" \/>\n\t<meta property=\"og:image:width\" content=\"1440\" \/>\n\t<meta property=\"og:image:height\" content=\"960\" \/>\n\t<meta property=\"og:image:type\" content=\"image\/jpeg\" \/>\n<meta name=\"author\" content=\"cfeditorfr\" \/>\n<meta name=\"twitter:card\" content=\"summary_large_image\" \/>\n<meta name=\"twitter:label1\" content=\"\u00c9crit par\" \/>\n\t<meta name=\"twitter:data1\" content=\"cfeditorfr\" \/>\n\t<meta name=\"twitter:label2\" content=\"Dur\u00e9e de lecture estim\u00e9e\" \/>\n\t<meta name=\"twitter:data2\" content=\"2 minutes\" \/>\n<script type=\"application\/ld+json\" class=\"yoast-schema-graph\">{\"@context\":\"https:\/\/schema.org\",\"@graph\":[{\"@type\":\"Article\",\"@id\":\"https:\/\/www.africa-press.net\/niger\/politique\/une-delegation-americaine-a-rencontre-le-premier-ministre-du-regime-militaire#article\",\"isPartOf\":{\"@id\":\"https:\/\/www.africa-press.net\/niger\/politique\/une-delegation-americaine-a-rencontre-le-premier-ministre-du-regime-militaire\"},\"author\":{\"name\":\"cfeditorfr\",\"@id\":\"https:\/\/www.africa-press.net\/niger\/#\/schema\/person\/2b1cf3cd81a31e3cd26889ca66d677f1\"},\"headline\":\"une d\u00e9l\u00e9gation am\u00e9ricaine a rencontr\u00e9 le premier ministre du r\u00e9gime militaire\",\"datePublished\":\"2024-03-13T16:28:39+00:00\",\"dateModified\":\"2024-03-13T17:17:39+00:00\",\"mainEntityOfPage\":{\"@id\":\"https:\/\/www.africa-press.net\/niger\/politique\/une-delegation-americaine-a-rencontre-le-premier-ministre-du-regime-militaire\"},\"wordCount\":379,\"commentCount\":0,\"image\":{\"@id\":\"https:\/\/www.africa-press.net\/niger\/politique\/une-delegation-americaine-a-rencontre-le-premier-ministre-du-regime-militaire#primaryimage\"},\"thumbnailUrl\":\"https:\/\/static.africa-press.net\/niger\/sites\/40\/2024\/03\/sm_1710337261.835713.jpg\",\"keywords\":[\"Africa Press\",\"Africa Press-Niger\",\"Niger\"],\"articleSection\":[\"Politique\",\"Top Nouvelles\",\"Toutes les actualit\u00e9s\"],\"inLanguage\":\"fr-FR\",\"potentialAction\":[{\"@type\":\"CommentAction\",\"name\":\"Comment\",\"target\":[\"https:\/\/www.africa-press.net\/niger\/politique\/une-delegation-americaine-a-rencontre-le-premier-ministre-du-regime-militaire#respond\"]}]},{\"@type\":\"WebPage\",\"@id\":\"https:\/\/www.africa-press.net\/niger\/politique\/une-delegation-americaine-a-rencontre-le-premier-ministre-du-regime-militaire\",\"url\":\"https:\/\/www.africa-press.net\/niger\/politique\/une-delegation-americaine-a-rencontre-le-premier-ministre-du-regime-militaire\",\"name\":\"une d\u00e9l\u00e9gation am\u00e9ricaine a rencontr\u00e9 le premier ministre du r\u00e9gime militaire - niger\",\"isPartOf\":{\"@id\":\"https:\/\/www.africa-press.net\/niger\/#website\"},\"primaryImageOfPage\":{\"@id\":\"https:\/\/www.africa-press.net\/niger\/politique\/une-delegation-americaine-a-rencontre-le-premier-ministre-du-regime-militaire#primaryimage\"},\"image\":{\"@id\":\"https:\/\/www.africa-press.net\/niger\/politique\/une-delegation-americaine-a-rencontre-le-premier-ministre-du-regime-militaire#primaryimage\"},\"thumbnailUrl\":\"https:\/\/static.africa-press.net\/niger\/sites\/40\/2024\/03\/sm_1710337261.835713.jpg\",\"datePublished\":\"2024-03-13T16:28:39+00:00\",\"dateModified\":\"2024-03-13T17:17:39+00:00\",\"author\":{\"@id\":\"https:\/\/www.africa-press.net\/niger\/#\/schema\/person\/2b1cf3cd81a31e3cd26889ca66d677f1\"},\"description\":\"Une de\u0301le\u0301gation de hauts responsables ame\u0301ricains a rencontre\u0301, mardi 12 mars a\u0300 Niamey, plusieurs membres du re\u0301gime m ...\",\"breadcrumb\":{\"@id\":\"https:\/\/www.africa-press.net\/niger\/politique\/une-delegation-americaine-a-rencontre-le-premier-ministre-du-regime-militaire#breadcrumb\"},\"inLanguage\":\"fr-FR\",\"potentialAction\":[{\"@type\":\"ReadAction\",\"target\":[\"https:\/\/www.africa-press.net\/niger\/politique\/une-delegation-americaine-a-rencontre-le-premier-ministre-du-regime-militaire\"]}]},{\"@type\":\"ImageObject\",\"inLanguage\":\"fr-FR\",\"@id\":\"https:\/\/www.africa-press.net\/niger\/politique\/une-delegation-americaine-a-rencontre-le-premier-ministre-du-regime-militaire#primaryimage\",\"url\":\"https:\/\/static.africa-press.net\/niger\/sites\/40\/2024\/03\/sm_1710337261.835713.jpg\",\"contentUrl\":\"https:\/\/static.africa-press.net\/niger\/sites\/40\/2024\/03\/sm_1710337261.835713.jpg\",\"width\":1440,\"height\":960,\"caption\":\"une d\u00e9l\u00e9gation am\u00e9ricaine a rencontr\u00e9 le premier ministre du r\u00e9gime militaire\"},{\"@type\":\"BreadcrumbList\",\"@id\":\"https:\/\/www.africa-press.net\/niger\/politique\/une-delegation-americaine-a-rencontre-le-premier-ministre-du-regime-militaire#breadcrumb\",\"itemListElement\":[{\"@type\":\"ListItem\",\"position\":1,\"name\":\"Accueil\",\"item\":\"https:\/\/www.africa-press.net\/niger\/\"},{\"@type\":\"ListItem\",\"position\":2,\"name\":\"une d\u00e9l\u00e9gation am\u00e9ricaine a rencontr\u00e9 le premier ministre du r\u00e9gime militaire\"}]},{\"@type\":\"WebSite\",\"@id\":\"https:\/\/www.africa-press.net\/niger\/#website\",\"url\":\"https:\/\/www.africa-press.net\/niger\/\",\"name\":\"niger\",\"description\":\"Just another Africa News Agency Sites site\",\"potentialAction\":[{\"@type\":\"SearchAction\",\"target\":{\"@type\":\"EntryPoint\",\"urlTemplate\":\"https:\/\/www.africa-press.net\/niger\/?s={search_term_string}\"},\"query-input\":{\"@type\":\"PropertyValueSpecification\",\"valueRequired\":true,\"valueName\":\"search_term_string\"}}],\"inLanguage\":\"fr-FR\"},{\"@type\":\"Person\",\"@id\":\"https:\/\/www.africa-press.net\/niger\/#\/schema\/person\/2b1cf3cd81a31e3cd26889ca66d677f1\",\"name\":\"cfeditorfr\"}]}<\/script>\n<!-- \/ Yoast SEO Premium plugin. -->","yoast_head_json":{"title":"une d\u00e9l\u00e9gation am\u00e9ricaine a rencontr\u00e9 le premier ministre du r\u00e9gime militaire - niger","description":"Une de\u0301le\u0301gation de hauts responsables ame\u0301ricains a rencontre\u0301, mardi 12 mars a\u0300 Niamey, plusieurs membres du re\u0301gime m ...","robots":{"index":"index","follow":"follow","max-snippet":"max-snippet:-1","max-image-preview":"max-image-preview:large","max-video-preview":"max-video-preview:-1"},"canonical":"https:\/\/www.africa-press.net\/niger\/politique\/une-delegation-americaine-a-rencontre-le-premier-ministre-du-regime-militaire","og_locale":"fr_FR","og_type":"article","og_title":"une d\u00e9l\u00e9gation am\u00e9ricaine a rencontr\u00e9 le premier ministre du r\u00e9gime militaire","og_description":"Une de\u0301le\u0301gation de hauts responsables ame\u0301ricains a rencontre\u0301, mardi 12 mars a\u0300 Niamey, plusieurs membres du re\u0301gime m ...","og_url":"https:\/\/www.africa-press.net\/niger\/politique\/une-delegation-americaine-a-rencontre-le-premier-ministre-du-regime-militaire","og_site_name":"niger","article_published_time":"2024-03-13T16:28:39+00:00","article_modified_time":"2024-03-13T17:17:39+00:00","og_image":[{"width":1440,"height":960,"url":"https:\/\/static.africa-press.net\/niger\/sites\/40\/2024\/03\/sm_1710337261.835713.jpg","type":"image\/jpeg"}],"author":"cfeditorfr","twitter_card":"summary_large_image","twitter_misc":{"\u00c9crit par":"cfeditorfr","Dur\u00e9e de lecture estim\u00e9e":"2 minutes"},"schema":{"@context":"https:\/\/schema.org","@graph":[{"@type":"Article","@id":"https:\/\/www.africa-press.net\/niger\/politique\/une-delegation-americaine-a-rencontre-le-premier-ministre-du-regime-militaire#article","isPartOf":{"@id":"https:\/\/www.africa-press.net\/niger\/politique\/une-delegation-americaine-a-rencontre-le-premier-ministre-du-regime-militaire"},"author":{"name":"cfeditorfr","@id":"https:\/\/www.africa-press.net\/niger\/#\/schema\/person\/2b1cf3cd81a31e3cd26889ca66d677f1"},"headline":"une d\u00e9l\u00e9gation am\u00e9ricaine a rencontr\u00e9 le premier ministre du r\u00e9gime militaire","datePublished":"2024-03-13T16:28:39+00:00","dateModified":"2024-03-13T17:17:39+00:00","mainEntityOfPage":{"@id":"https:\/\/www.africa-press.net\/niger\/politique\/une-delegation-americaine-a-rencontre-le-premier-ministre-du-regime-militaire"},"wordCount":379,"commentCount":0,"image":{"@id":"https:\/\/www.africa-press.net\/niger\/politique\/une-delegation-americaine-a-rencontre-le-premier-ministre-du-regime-militaire#primaryimage"},"thumbnailUrl":"https:\/\/static.africa-press.net\/niger\/sites\/40\/2024\/03\/sm_1710337261.835713.jpg","keywords":["Africa Press","Africa Press-Niger","Niger"],"articleSection":["Politique","Top Nouvelles","Toutes les actualit\u00e9s"],"inLanguage":"fr-FR","potentialAction":[{"@type":"CommentAction","name":"Comment","target":["https:\/\/www.africa-press.net\/niger\/politique\/une-delegation-americaine-a-rencontre-le-premier-ministre-du-regime-militaire#respond"]}]},{"@type":"WebPage","@id":"https:\/\/www.africa-press.net\/niger\/politique\/une-delegation-americaine-a-rencontre-le-premier-ministre-du-regime-militaire","url":"https:\/\/www.africa-press.net\/niger\/politique\/une-delegation-americaine-a-rencontre-le-premier-ministre-du-regime-militaire","name":"une d\u00e9l\u00e9gation am\u00e9ricaine a rencontr\u00e9 le premier ministre du r\u00e9gime militaire - niger","isPartOf":{"@id":"https:\/\/www.africa-press.net\/niger\/#website"},"primaryImageOfPage":{"@id":"https:\/\/www.africa-press.net\/niger\/politique\/une-delegation-americaine-a-rencontre-le-premier-ministre-du-regime-militaire#primaryimage"},"image":{"@id":"https:\/\/www.africa-press.net\/niger\/politique\/une-delegation-americaine-a-rencontre-le-premier-ministre-du-regime-militaire#primaryimage"},"thumbnailUrl":"https:\/\/static.africa-press.net\/niger\/sites\/40\/2024\/03\/sm_1710337261.835713.jpg","datePublished":"2024-03-13T16:28:39+00:00","dateModified":"2024-03-13T17:17:39+00:00","author":{"@id":"https:\/\/www.africa-press.net\/niger\/#\/schema\/person\/2b1cf3cd81a31e3cd26889ca66d677f1"},"description":"Une de\u0301le\u0301gation de hauts responsables ame\u0301ricains a rencontre\u0301, mardi 12 mars a\u0300 Niamey, plusieurs membres du re\u0301gime m ...","breadcrumb":{"@id":"https:\/\/www.africa-press.net\/niger\/politique\/une-delegation-americaine-a-rencontre-le-premier-ministre-du-regime-militaire#breadcrumb"},"inLanguage":"fr-FR","potentialAction":[{"@type":"ReadAction","target":["https:\/\/www.africa-press.net\/niger\/politique\/une-delegation-americaine-a-rencontre-le-premier-ministre-du-regime-militaire"]}]},{"@type":"ImageObject","inLanguage":"fr-FR","@id":"https:\/\/www.africa-press.net\/niger\/politique\/une-delegation-americaine-a-rencontre-le-premier-ministre-du-regime-militaire#primaryimage","url":"https:\/\/static.africa-press.net\/niger\/sites\/40\/2024\/03\/sm_1710337261.835713.jpg","contentUrl":"https:\/\/static.africa-press.net\/niger\/sites\/40\/2024\/03\/sm_1710337261.835713.jpg","width":1440,"height":960,"caption":"une d\u00e9l\u00e9gation am\u00e9ricaine a rencontr\u00e9 le premier ministre du r\u00e9gime militaire"},{"@type":"BreadcrumbList","@id":"https:\/\/www.africa-press.net\/niger\/politique\/une-delegation-americaine-a-rencontre-le-premier-ministre-du-regime-militaire#breadcrumb","itemListElement":[{"@type":"ListItem","position":1,"name":"Accueil","item":"https:\/\/www.africa-press.net\/niger\/"},{"@type":"ListItem","position":2,"name":"une d\u00e9l\u00e9gation am\u00e9ricaine a rencontr\u00e9 le premier ministre du r\u00e9gime militaire"}]},{"@type":"WebSite","@id":"https:\/\/www.africa-press.net\/niger\/#website","url":"https:\/\/www.africa-press.net\/niger\/","name":"niger","description":"Just another Africa News Agency Sites site","potentialAction":[{"@type":"SearchAction","target":{"@type":"EntryPoint","urlTemplate":"https:\/\/www.africa-press.net\/niger\/?s={search_term_string}"},"query-input":{"@type":"PropertyValueSpecification","valueRequired":true,"valueName":"search_term_string"}}],"inLanguage":"fr-FR"},{"@type":"Person","@id":"https:\/\/www.africa-press.net\/niger\/#\/schema\/person\/2b1cf3cd81a31e3cd26889ca66d677f1","name":"cfeditorfr"}]}},"_links":{"self":[{"href":"https:\/\/www.africa-press.net\/niger\/wp-json\/wp\/v2\/posts\/59855","targetHints":{"allow":["GET"]}}],"collection":[{"href":"https:\/\/www.africa-press.net\/niger\/wp-json\/wp\/v2\/posts"}],"about":[{"href":"https:\/\/www.africa-press.net\/niger\/wp-json\/wp\/v2\/types\/post"}],"author":[{"embeddable":true,"href":"https:\/\/www.africa-press.net\/niger\/wp-json\/wp\/v2\/users\/82"}],"replies":[{"embeddable":true,"href":"https:\/\/www.africa-press.net\/niger\/wp-json\/wp\/v2\/comments?post=59855"}],"version-history":[{"count":0,"href":"https:\/\/www.africa-press.net\/niger\/wp-json\/wp\/v2\/posts\/59855\/revisions"}],"wp:featuredmedia":[{"embeddable":true,"href":"https:\/\/www.africa-press.net\/niger\/wp-json\/wp\/v2\/media\/59854"}],"wp:attachment":[{"href":"https:\/\/www.africa-press.net\/niger\/wp-json\/wp\/v2\/media?parent=59855"}],"wp:term":[{"taxonomy":"category","embeddable":true,"href":"https:\/\/www.africa-press.net\/niger\/wp-json\/wp\/v2\/categories?post=59855"},{"taxonomy":"post_tag","embeddable":true,"href":"https:\/\/www.africa-press.net\/niger\/wp-json\/wp\/v2\/tags?post=59855"}],"curies":[{"name":"wp","href":"https:\/\/api.w.org\/{rel}","templated":true}]}}