{"id":59914,"date":"2024-03-14T17:13:26","date_gmt":"2024-03-14T17:13:26","guid":{"rendered":"https:\/\/www.africa-press.net\/niger\/politique\/le-nigeria-ordonne-la-reouverture-de-ses-frontieres-avec-le-niger"},"modified":"2024-03-14T18:14:24","modified_gmt":"2024-03-14T18:14:24","slug":"le-nigeria-ordonne-la-reouverture-de-ses-frontieres-avec-le-niger","status":"publish","type":"post","link":"https:\/\/www.africa-press.net\/niger\/politique\/le-nigeria-ordonne-la-reouverture-de-ses-frontieres-avec-le-niger","title":{"rendered":"Le Nigeria ordonne la r\u00e9ouverture de ses fronti\u00e8res avec le Niger"},"content":{"rendered":"<p><span style=\"color: #ff6600\"><strong>Africa-Press &#8211; Niger. <\/strong><\/span>Les frontie\u0300res entre le Nigeria et le Niger doivent rouvrir \u00ab avec effet imme\u0301diat \u00bb, a\u0300 la suite de la de\u0301cision de la Communaute\u0301 ouest-africaine de lever ses sanctions contre ce pays sahe\u0301lien, selon une directive rec\u0327ue par les services nige\u0301rians de l\u2019immigration et des douanes jeudi 14 mars au matin.<\/p>\n<p>Cette circulaire fait suite a\u0300 la directive, la veille, du pre\u0301sident du Nigeria, Bola Tinubu de rouvrir les frontie\u0300res terrestres et ae\u0301riennes entre les deux pays, \u00ab conforme\u0301ment aux de\u0301cisions de la Cedeao (la Communaute\u0301 e\u0301conomique des E\u0301tats de l\u2019Afrique de l\u2019Ouest) du 24 fe\u0301vrier \u00bb.<\/p>\n<p>Le mois dernier, les chefs d\u2019Etat des pays membres de la Cedeao, re\u0301unis a\u0300 Abuja, avaient de\u0301cide\u0301 la leve\u0301e d\u2019une grande partie des sanctions contre le Niger, dirige\u0301 par des militaires qui ont renverse\u0301 le pre\u0301sident e\u0301lu, Mohamed Bazoum, en juillet 2023.<\/p>\n<p>La pre\u0301sidence nige\u0301riane a de\u0301taille\u0301 mercredi dans son communique\u0301 que les frontie\u0300res ae\u0301riennes et terrestres devraient e\u0302tre rouvertes, les transactions financie\u0300res de nouveau autorise\u0301es, les comptes et avoirs de l\u2019Etat nige\u0301rien de\u0301gele\u0301s.<\/p>\n<p><b>1 600 kilome\u0300tres de frontie\u0300res<\/b><\/p>\n<p>Certaines transactions entre les deux pays ont de\u0301ja\u0300 repris depuis plusieurs jours: la fourniture d\u2019e\u0301lectricite\u0301 du Nigeria vers le Niger a recommence\u0301 de\u0301but mars, mettant fin aux coupures d\u2019e\u0301lectricite\u0301 qui affectaient le Niger depuis l\u2019arrive\u0301e au pouvoir des militaires.<\/p>\n<p>Mais le bras de fer engage\u0301 par les nouvelles autorite\u0301s de Niamey avec les pays membres de la Cedeao n\u2019est pas termine\u0301 pour autant. L\u2019annonce de la Cedeao est un \u00ab non-e\u0301ve\u0301nement \u00bb pour Niamey, selon une source gouvernementale de l\u2019Agence France-Presse la semaine dernie\u0300re.<\/p>\n<p>Le Niger, le Mali et le Burkina Faso, qui ont notamment tourne\u0301 le dos a\u0300 la France et se sont rapproche\u0301s de la Russie, ont annonce\u0301 en janvier qu\u2019ils quittaient la Cedeao sans de\u0301lai. Les trois pays se sont regroupe\u0301s au sein d\u2019une Alliance des Etats du Sahel (AES). Le Nigeria, qui partage 1 600 kilome\u0300tres de frontie\u0300re avec son voisin, est l\u2019un des principaux partenaires commerciaux du Niger.<\/p>\n<p><strong>Pour plus d&rsquo;informations et d&rsquo;analyses sur la <a href=\"https:\/\/www.africa-press.net\/niger\">Niger<\/a>, suivez <a href=\"https:\/\/www.africa-press.net\/\">Africa-Press<\/a><\/strong><\/p>\n","protected":false},"excerpt":{"rendered":"<p>Africa-Press &#8211; Niger. Les frontie\u0300res entre le Nigeria et le Niger doivent rouvrir \u00ab avec effet imme\u0301diat \u00bb, a\u0300 la suite de la de\u0301cision de la Communaute\u0301 ouest-africaine de lever ses sanctions contre ce pays sahe\u0301lien, selon une directive rec\u0327ue par les services nige\u0301rians de l\u2019immigration et des douanes jeudi 14 mars au matin. Cette [&hellip;]<\/p>\n","protected":false},"author":82,"featured_media":59913,"comment_status":"open","ping_status":"closed","sticky":false,"template":"","format":"standard","meta":{"footnotes":""},"categories":[2,10],"tags":[55,60,29],"class_list":["post-59914","post","type-post","status-publish","format-standard","has-post-thumbnail","hentry","category-politique","category-toutes-les-actualites","tag-africa-press","tag-africa-press-niger","tag-niger"],"yoast_head":"<!-- This site is optimized with the Yoast SEO Premium plugin v26.1 (Yoast SEO v27.0) - https:\/\/yoast.com\/product\/yoast-seo-premium-wordpress\/ -->\n<title>Le Nigeria ordonne la r\u00e9ouverture de ses fronti\u00e8res avec le Niger - niger<\/title>\n<meta name=\"description\" content=\"Les frontie\u0300res entre le Nigeria et le Niger doivent rouvrir \u00ab avec effet imme\u0301diat \u00bb, a\u0300 la suite de la de\u0301cision de la ...\" \/>\n<meta name=\"robots\" content=\"index, follow, max-snippet:-1, max-image-preview:large, max-video-preview:-1\" \/>\n<link rel=\"canonical\" href=\"https:\/\/www.africa-press.net\/niger\/politique\/le-nigeria-ordonne-la-reouverture-de-ses-frontieres-avec-le-niger\" \/>\n<meta property=\"og:locale\" content=\"fr_FR\" \/>\n<meta property=\"og:type\" content=\"article\" \/>\n<meta property=\"og:title\" content=\"Le Nigeria ordonne la r\u00e9ouverture de ses fronti\u00e8res avec le Niger\" \/>\n<meta property=\"og:description\" content=\"Les frontie\u0300res entre le Nigeria et le Niger doivent rouvrir \u00ab avec effet imme\u0301diat \u00bb, a\u0300 la suite de la de\u0301cision de la ...\" \/>\n<meta property=\"og:url\" content=\"https:\/\/www.africa-press.net\/niger\/politique\/le-nigeria-ordonne-la-reouverture-de-ses-frontieres-avec-le-niger\" \/>\n<meta property=\"og:site_name\" content=\"niger\" \/>\n<meta property=\"article:published_time\" content=\"2024-03-14T17:13:26+00:00\" \/>\n<meta property=\"article:modified_time\" content=\"2024-03-14T18:14:24+00:00\" \/>\n<meta property=\"og:image\" content=\"https:\/\/static.africa-press.net\/niger\/sites\/40\/2024\/03\/sm_1710427421.029144.jpg\" \/>\n\t<meta property=\"og:image:width\" content=\"1440\" \/>\n\t<meta property=\"og:image:height\" content=\"960\" \/>\n\t<meta property=\"og:image:type\" content=\"image\/jpeg\" \/>\n<meta name=\"author\" content=\"cfeditorfr\" \/>\n<meta name=\"twitter:card\" content=\"summary_large_image\" \/>\n<meta name=\"twitter:label1\" content=\"\u00c9crit par\" \/>\n\t<meta name=\"twitter:data1\" content=\"cfeditorfr\" \/>\n\t<meta name=\"twitter:label2\" content=\"Dur\u00e9e de lecture estim\u00e9e\" \/>\n\t<meta name=\"twitter:data2\" content=\"2 minutes\" \/>\n<script type=\"application\/ld+json\" class=\"yoast-schema-graph\">{\"@context\":\"https:\/\/schema.org\",\"@graph\":[{\"@type\":\"Article\",\"@id\":\"https:\/\/www.africa-press.net\/niger\/politique\/le-nigeria-ordonne-la-reouverture-de-ses-frontieres-avec-le-niger#article\",\"isPartOf\":{\"@id\":\"https:\/\/www.africa-press.net\/niger\/politique\/le-nigeria-ordonne-la-reouverture-de-ses-frontieres-avec-le-niger\"},\"author\":{\"name\":\"cfeditorfr\",\"@id\":\"https:\/\/www.africa-press.net\/niger\/#\/schema\/person\/2b1cf3cd81a31e3cd26889ca66d677f1\"},\"headline\":\"Le Nigeria ordonne la r\u00e9ouverture de ses fronti\u00e8res avec le Niger\",\"datePublished\":\"2024-03-14T17:13:26+00:00\",\"dateModified\":\"2024-03-14T18:14:24+00:00\",\"mainEntityOfPage\":{\"@id\":\"https:\/\/www.africa-press.net\/niger\/politique\/le-nigeria-ordonne-la-reouverture-de-ses-frontieres-avec-le-niger\"},\"wordCount\":405,\"commentCount\":0,\"image\":{\"@id\":\"https:\/\/www.africa-press.net\/niger\/politique\/le-nigeria-ordonne-la-reouverture-de-ses-frontieres-avec-le-niger#primaryimage\"},\"thumbnailUrl\":\"https:\/\/static.africa-press.net\/niger\/sites\/40\/2024\/03\/sm_1710427421.029144.jpg\",\"keywords\":[\"Africa Press\",\"Africa Press-Niger\",\"Niger\"],\"articleSection\":[\"Politique\",\"Toutes les actualit\u00e9s\"],\"inLanguage\":\"fr-FR\",\"potentialAction\":[{\"@type\":\"CommentAction\",\"name\":\"Comment\",\"target\":[\"https:\/\/www.africa-press.net\/niger\/politique\/le-nigeria-ordonne-la-reouverture-de-ses-frontieres-avec-le-niger#respond\"]}]},{\"@type\":\"WebPage\",\"@id\":\"https:\/\/www.africa-press.net\/niger\/politique\/le-nigeria-ordonne-la-reouverture-de-ses-frontieres-avec-le-niger\",\"url\":\"https:\/\/www.africa-press.net\/niger\/politique\/le-nigeria-ordonne-la-reouverture-de-ses-frontieres-avec-le-niger\",\"name\":\"Le Nigeria ordonne la r\u00e9ouverture de ses fronti\u00e8res avec le Niger - niger\",\"isPartOf\":{\"@id\":\"https:\/\/www.africa-press.net\/niger\/#website\"},\"primaryImageOfPage\":{\"@id\":\"https:\/\/www.africa-press.net\/niger\/politique\/le-nigeria-ordonne-la-reouverture-de-ses-frontieres-avec-le-niger#primaryimage\"},\"image\":{\"@id\":\"https:\/\/www.africa-press.net\/niger\/politique\/le-nigeria-ordonne-la-reouverture-de-ses-frontieres-avec-le-niger#primaryimage\"},\"thumbnailUrl\":\"https:\/\/static.africa-press.net\/niger\/sites\/40\/2024\/03\/sm_1710427421.029144.jpg\",\"datePublished\":\"2024-03-14T17:13:26+00:00\",\"dateModified\":\"2024-03-14T18:14:24+00:00\",\"author\":{\"@id\":\"https:\/\/www.africa-press.net\/niger\/#\/schema\/person\/2b1cf3cd81a31e3cd26889ca66d677f1\"},\"description\":\"Les frontie\u0300res entre le Nigeria et le Niger doivent rouvrir \u00ab avec effet imme\u0301diat \u00bb, a\u0300 la suite de la de\u0301cision de la ...\",\"breadcrumb\":{\"@id\":\"https:\/\/www.africa-press.net\/niger\/politique\/le-nigeria-ordonne-la-reouverture-de-ses-frontieres-avec-le-niger#breadcrumb\"},\"inLanguage\":\"fr-FR\",\"potentialAction\":[{\"@type\":\"ReadAction\",\"target\":[\"https:\/\/www.africa-press.net\/niger\/politique\/le-nigeria-ordonne-la-reouverture-de-ses-frontieres-avec-le-niger\"]}]},{\"@type\":\"ImageObject\",\"inLanguage\":\"fr-FR\",\"@id\":\"https:\/\/www.africa-press.net\/niger\/politique\/le-nigeria-ordonne-la-reouverture-de-ses-frontieres-avec-le-niger#primaryimage\",\"url\":\"https:\/\/static.africa-press.net\/niger\/sites\/40\/2024\/03\/sm_1710427421.029144.jpg\",\"contentUrl\":\"https:\/\/static.africa-press.net\/niger\/sites\/40\/2024\/03\/sm_1710427421.029144.jpg\",\"width\":1440,\"height\":960,\"caption\":\"Le Nigeria ordonne la r\u00e9ouverture de ses fronti\u00e8res avec le Niger\"},{\"@type\":\"BreadcrumbList\",\"@id\":\"https:\/\/www.africa-press.net\/niger\/politique\/le-nigeria-ordonne-la-reouverture-de-ses-frontieres-avec-le-niger#breadcrumb\",\"itemListElement\":[{\"@type\":\"ListItem\",\"position\":1,\"name\":\"Accueil\",\"item\":\"https:\/\/www.africa-press.net\/niger\/\"},{\"@type\":\"ListItem\",\"position\":2,\"name\":\"Le Nigeria ordonne la r\u00e9ouverture de ses fronti\u00e8res avec le Niger\"}]},{\"@type\":\"WebSite\",\"@id\":\"https:\/\/www.africa-press.net\/niger\/#website\",\"url\":\"https:\/\/www.africa-press.net\/niger\/\",\"name\":\"niger\",\"description\":\"Just another Africa News Agency Sites site\",\"potentialAction\":[{\"@type\":\"SearchAction\",\"target\":{\"@type\":\"EntryPoint\",\"urlTemplate\":\"https:\/\/www.africa-press.net\/niger\/?s={search_term_string}\"},\"query-input\":{\"@type\":\"PropertyValueSpecification\",\"valueRequired\":true,\"valueName\":\"search_term_string\"}}],\"inLanguage\":\"fr-FR\"},{\"@type\":\"Person\",\"@id\":\"https:\/\/www.africa-press.net\/niger\/#\/schema\/person\/2b1cf3cd81a31e3cd26889ca66d677f1\",\"name\":\"cfeditorfr\"}]}<\/script>\n<!-- \/ Yoast SEO Premium plugin. -->","yoast_head_json":{"title":"Le Nigeria ordonne la r\u00e9ouverture de ses fronti\u00e8res avec le Niger - niger","description":"Les frontie\u0300res entre le Nigeria et le Niger doivent rouvrir \u00ab avec effet imme\u0301diat \u00bb, a\u0300 la suite de la de\u0301cision de la ...","robots":{"index":"index","follow":"follow","max-snippet":"max-snippet:-1","max-image-preview":"max-image-preview:large","max-video-preview":"max-video-preview:-1"},"canonical":"https:\/\/www.africa-press.net\/niger\/politique\/le-nigeria-ordonne-la-reouverture-de-ses-frontieres-avec-le-niger","og_locale":"fr_FR","og_type":"article","og_title":"Le Nigeria ordonne la r\u00e9ouverture de ses fronti\u00e8res avec le Niger","og_description":"Les frontie\u0300res entre le Nigeria et le Niger doivent rouvrir \u00ab avec effet imme\u0301diat \u00bb, a\u0300 la suite de la de\u0301cision de la ...","og_url":"https:\/\/www.africa-press.net\/niger\/politique\/le-nigeria-ordonne-la-reouverture-de-ses-frontieres-avec-le-niger","og_site_name":"niger","article_published_time":"2024-03-14T17:13:26+00:00","article_modified_time":"2024-03-14T18:14:24+00:00","og_image":[{"width":1440,"height":960,"url":"https:\/\/static.africa-press.net\/niger\/sites\/40\/2024\/03\/sm_1710427421.029144.jpg","type":"image\/jpeg"}],"author":"cfeditorfr","twitter_card":"summary_large_image","twitter_misc":{"\u00c9crit par":"cfeditorfr","Dur\u00e9e de lecture estim\u00e9e":"2 minutes"},"schema":{"@context":"https:\/\/schema.org","@graph":[{"@type":"Article","@id":"https:\/\/www.africa-press.net\/niger\/politique\/le-nigeria-ordonne-la-reouverture-de-ses-frontieres-avec-le-niger#article","isPartOf":{"@id":"https:\/\/www.africa-press.net\/niger\/politique\/le-nigeria-ordonne-la-reouverture-de-ses-frontieres-avec-le-niger"},"author":{"name":"cfeditorfr","@id":"https:\/\/www.africa-press.net\/niger\/#\/schema\/person\/2b1cf3cd81a31e3cd26889ca66d677f1"},"headline":"Le Nigeria ordonne la r\u00e9ouverture de ses fronti\u00e8res avec le Niger","datePublished":"2024-03-14T17:13:26+00:00","dateModified":"2024-03-14T18:14:24+00:00","mainEntityOfPage":{"@id":"https:\/\/www.africa-press.net\/niger\/politique\/le-nigeria-ordonne-la-reouverture-de-ses-frontieres-avec-le-niger"},"wordCount":405,"commentCount":0,"image":{"@id":"https:\/\/www.africa-press.net\/niger\/politique\/le-nigeria-ordonne-la-reouverture-de-ses-frontieres-avec-le-niger#primaryimage"},"thumbnailUrl":"https:\/\/static.africa-press.net\/niger\/sites\/40\/2024\/03\/sm_1710427421.029144.jpg","keywords":["Africa Press","Africa Press-Niger","Niger"],"articleSection":["Politique","Toutes les actualit\u00e9s"],"inLanguage":"fr-FR","potentialAction":[{"@type":"CommentAction","name":"Comment","target":["https:\/\/www.africa-press.net\/niger\/politique\/le-nigeria-ordonne-la-reouverture-de-ses-frontieres-avec-le-niger#respond"]}]},{"@type":"WebPage","@id":"https:\/\/www.africa-press.net\/niger\/politique\/le-nigeria-ordonne-la-reouverture-de-ses-frontieres-avec-le-niger","url":"https:\/\/www.africa-press.net\/niger\/politique\/le-nigeria-ordonne-la-reouverture-de-ses-frontieres-avec-le-niger","name":"Le Nigeria ordonne la r\u00e9ouverture de ses fronti\u00e8res avec le Niger - niger","isPartOf":{"@id":"https:\/\/www.africa-press.net\/niger\/#website"},"primaryImageOfPage":{"@id":"https:\/\/www.africa-press.net\/niger\/politique\/le-nigeria-ordonne-la-reouverture-de-ses-frontieres-avec-le-niger#primaryimage"},"image":{"@id":"https:\/\/www.africa-press.net\/niger\/politique\/le-nigeria-ordonne-la-reouverture-de-ses-frontieres-avec-le-niger#primaryimage"},"thumbnailUrl":"https:\/\/static.africa-press.net\/niger\/sites\/40\/2024\/03\/sm_1710427421.029144.jpg","datePublished":"2024-03-14T17:13:26+00:00","dateModified":"2024-03-14T18:14:24+00:00","author":{"@id":"https:\/\/www.africa-press.net\/niger\/#\/schema\/person\/2b1cf3cd81a31e3cd26889ca66d677f1"},"description":"Les frontie\u0300res entre le Nigeria et le Niger doivent rouvrir \u00ab avec effet imme\u0301diat \u00bb, a\u0300 la suite de la de\u0301cision de la ...","breadcrumb":{"@id":"https:\/\/www.africa-press.net\/niger\/politique\/le-nigeria-ordonne-la-reouverture-de-ses-frontieres-avec-le-niger#breadcrumb"},"inLanguage":"fr-FR","potentialAction":[{"@type":"ReadAction","target":["https:\/\/www.africa-press.net\/niger\/politique\/le-nigeria-ordonne-la-reouverture-de-ses-frontieres-avec-le-niger"]}]},{"@type":"ImageObject","inLanguage":"fr-FR","@id":"https:\/\/www.africa-press.net\/niger\/politique\/le-nigeria-ordonne-la-reouverture-de-ses-frontieres-avec-le-niger#primaryimage","url":"https:\/\/static.africa-press.net\/niger\/sites\/40\/2024\/03\/sm_1710427421.029144.jpg","contentUrl":"https:\/\/static.africa-press.net\/niger\/sites\/40\/2024\/03\/sm_1710427421.029144.jpg","width":1440,"height":960,"caption":"Le Nigeria ordonne la r\u00e9ouverture de ses fronti\u00e8res avec le Niger"},{"@type":"BreadcrumbList","@id":"https:\/\/www.africa-press.net\/niger\/politique\/le-nigeria-ordonne-la-reouverture-de-ses-frontieres-avec-le-niger#breadcrumb","itemListElement":[{"@type":"ListItem","position":1,"name":"Accueil","item":"https:\/\/www.africa-press.net\/niger\/"},{"@type":"ListItem","position":2,"name":"Le Nigeria ordonne la r\u00e9ouverture de ses fronti\u00e8res avec le Niger"}]},{"@type":"WebSite","@id":"https:\/\/www.africa-press.net\/niger\/#website","url":"https:\/\/www.africa-press.net\/niger\/","name":"niger","description":"Just another Africa News Agency Sites site","potentialAction":[{"@type":"SearchAction","target":{"@type":"EntryPoint","urlTemplate":"https:\/\/www.africa-press.net\/niger\/?s={search_term_string}"},"query-input":{"@type":"PropertyValueSpecification","valueRequired":true,"valueName":"search_term_string"}}],"inLanguage":"fr-FR"},{"@type":"Person","@id":"https:\/\/www.africa-press.net\/niger\/#\/schema\/person\/2b1cf3cd81a31e3cd26889ca66d677f1","name":"cfeditorfr"}]}},"_links":{"self":[{"href":"https:\/\/www.africa-press.net\/niger\/wp-json\/wp\/v2\/posts\/59914","targetHints":{"allow":["GET"]}}],"collection":[{"href":"https:\/\/www.africa-press.net\/niger\/wp-json\/wp\/v2\/posts"}],"about":[{"href":"https:\/\/www.africa-press.net\/niger\/wp-json\/wp\/v2\/types\/post"}],"author":[{"embeddable":true,"href":"https:\/\/www.africa-press.net\/niger\/wp-json\/wp\/v2\/users\/82"}],"replies":[{"embeddable":true,"href":"https:\/\/www.africa-press.net\/niger\/wp-json\/wp\/v2\/comments?post=59914"}],"version-history":[{"count":0,"href":"https:\/\/www.africa-press.net\/niger\/wp-json\/wp\/v2\/posts\/59914\/revisions"}],"wp:featuredmedia":[{"embeddable":true,"href":"https:\/\/www.africa-press.net\/niger\/wp-json\/wp\/v2\/media\/59913"}],"wp:attachment":[{"href":"https:\/\/www.africa-press.net\/niger\/wp-json\/wp\/v2\/media?parent=59914"}],"wp:term":[{"taxonomy":"category","embeddable":true,"href":"https:\/\/www.africa-press.net\/niger\/wp-json\/wp\/v2\/categories?post=59914"},{"taxonomy":"post_tag","embeddable":true,"href":"https:\/\/www.africa-press.net\/niger\/wp-json\/wp\/v2\/tags?post=59914"}],"curies":[{"name":"wp","href":"https:\/\/api.w.org\/{rel}","templated":true}]}}