{"id":59920,"date":"2024-03-14T17:18:44","date_gmt":"2024-03-14T17:18:44","guid":{"rendered":"https:\/\/www.africa-press.net\/niger\/politique\/niamey-une-delegation-americaine-de-haut-niveau-au-cabinet-de-premier-ministre"},"modified":"2024-03-14T18:18:00","modified_gmt":"2024-03-14T18:18:00","slug":"niamey-une-delegation-americaine-de-haut-niveau-au-cabinet-de-premier-ministre","status":"publish","type":"post","link":"https:\/\/www.africa-press.net\/niger\/politique\/niamey-une-delegation-americaine-de-haut-niveau-au-cabinet-de-premier-ministre","title":{"rendered":"Niamey : Une d\u00e9l\u00e9gation Am\u00e9ricaine de haut niveau au cabinet de Premier Ministre"},"content":{"rendered":"<p><span style=\"color: #ff6600\"><strong>Africa-Press &#8211; Niger. <\/strong><\/span>Le Premier Ministre de la transition du Niger, M. Ali Mahaman Lamine Zeine a rencontre\u0301, ce jeudi 14 mars 2024 a\u0300 son cabinet, une de\u0301le\u0301gation ame\u0301ricaine de haut niveau.<\/p>\n<p>Cette de\u0301le\u0301gation ame\u0301ricaine est compose\u0301e notamment du secre\u0301taire d&rsquo;E\u0301tat adjoint aux affaires africaines, Mme.Molly Phee; du secre\u0301taire d&rsquo;E\u0301tat adjoint aux affaires internationales; du commandant Africom, le ge\u0301ne\u0301ral Michael Langley ainsi que du directeur adjoint Afrique de l&rsquo;ouest Sky justice.<\/p>\n<p>C\u2019est la deuxie\u0300me fois que cette de\u0301le\u0301gation est rec\u0327ue en une semaine par le Premier Ministre a\u0300 qui elle est venue pre\u0301senter les conclusions de leurs travaux effectue\u0301s durant leur se\u0301jour a\u0300 Niamey.<\/p>\n<p>Notons qu&rsquo;aucune de\u0301claration n&rsquo;a e\u0301te\u0301 faite a\u0300 la presse a\u0300 l&rsquo;issue de la rencontre des deux parties.<\/p>\n<p><strong>Pour plus d&rsquo;informations et d&rsquo;analyses sur la <a href=\"https:\/\/www.africa-press.net\/niger\">Niger<\/a>, suivez <a href=\"https:\/\/www.africa-press.net\/\">Africa-Press<\/a><\/strong><\/p>\n","protected":false},"excerpt":{"rendered":"<p>Africa-Press &#8211; Niger. Le Premier Ministre de la transition du Niger, M. Ali Mahaman Lamine Zeine a rencontre\u0301, ce jeudi 14 mars 2024 a\u0300 son cabinet, une de\u0301le\u0301gation ame\u0301ricaine de haut niveau. Cette de\u0301le\u0301gation ame\u0301ricaine est compose\u0301e notamment du secre\u0301taire d&rsquo;E\u0301tat adjoint aux affaires africaines, Mme.Molly Phee; du secre\u0301taire d&rsquo;E\u0301tat adjoint aux affaires internationales; du [&hellip;]<\/p>\n","protected":false},"author":82,"featured_media":59919,"comment_status":"open","ping_status":"closed","sticky":false,"template":"","format":"standard","meta":{"footnotes":""},"categories":[2,10],"tags":[55,60,29],"class_list":["post-59920","post","type-post","status-publish","format-standard","has-post-thumbnail","hentry","category-politique","category-toutes-les-actualites","tag-africa-press","tag-africa-press-niger","tag-niger"],"yoast_head":"<!-- This site is optimized with the Yoast SEO Premium plugin v26.1 (Yoast SEO v27.0) - https:\/\/yoast.com\/product\/yoast-seo-premium-wordpress\/ -->\n<title>Niamey : Une d\u00e9l\u00e9gation Am\u00e9ricaine de haut niveau au cabinet de Premier Ministre - niger<\/title>\n<meta name=\"description\" content=\"Le Premier Ministre de la transition du Niger, M. Ali Mahaman Lamine Zeine a rencontre\u0301, ce jeudi 14 mars 2024 a\u0300 son ca ...\" \/>\n<meta name=\"robots\" content=\"index, follow, max-snippet:-1, max-image-preview:large, max-video-preview:-1\" \/>\n<link rel=\"canonical\" href=\"https:\/\/www.africa-press.net\/niger\/politique\/niamey-une-delegation-americaine-de-haut-niveau-au-cabinet-de-premier-ministre\" \/>\n<meta property=\"og:locale\" content=\"fr_FR\" \/>\n<meta property=\"og:type\" content=\"article\" \/>\n<meta property=\"og:title\" content=\"Niamey : Une d\u00e9l\u00e9gation Am\u00e9ricaine de haut niveau au cabinet de Premier Ministre\" \/>\n<meta property=\"og:description\" content=\"Le Premier Ministre de la transition du Niger, M. Ali Mahaman Lamine Zeine a rencontre\u0301, ce jeudi 14 mars 2024 a\u0300 son ca ...\" \/>\n<meta property=\"og:url\" content=\"https:\/\/www.africa-press.net\/niger\/politique\/niamey-une-delegation-americaine-de-haut-niveau-au-cabinet-de-premier-ministre\" \/>\n<meta property=\"og:site_name\" content=\"niger\" \/>\n<meta property=\"article:published_time\" content=\"2024-03-14T17:18:44+00:00\" \/>\n<meta property=\"article:modified_time\" content=\"2024-03-14T18:18:00+00:00\" \/>\n<meta property=\"og:image\" content=\"https:\/\/static.africa-press.net\/niger\/sites\/40\/2024\/03\/sm_1710427624.325225.jpg\" \/>\n\t<meta property=\"og:image:width\" content=\"555\" \/>\n\t<meta property=\"og:image:height\" content=\"246\" \/>\n\t<meta property=\"og:image:type\" content=\"image\/jpeg\" \/>\n<meta name=\"author\" content=\"cfeditorfr\" \/>\n<meta name=\"twitter:card\" content=\"summary_large_image\" \/>\n<meta name=\"twitter:label1\" content=\"\u00c9crit par\" \/>\n\t<meta name=\"twitter:data1\" content=\"cfeditorfr\" \/>\n\t<meta name=\"twitter:label2\" content=\"Dur\u00e9e de lecture estim\u00e9e\" \/>\n\t<meta name=\"twitter:data2\" content=\"1 minute\" \/>\n<script type=\"application\/ld+json\" class=\"yoast-schema-graph\">{\"@context\":\"https:\/\/schema.org\",\"@graph\":[{\"@type\":\"Article\",\"@id\":\"https:\/\/www.africa-press.net\/niger\/politique\/niamey-une-delegation-americaine-de-haut-niveau-au-cabinet-de-premier-ministre#article\",\"isPartOf\":{\"@id\":\"https:\/\/www.africa-press.net\/niger\/politique\/niamey-une-delegation-americaine-de-haut-niveau-au-cabinet-de-premier-ministre\"},\"author\":{\"name\":\"cfeditorfr\",\"@id\":\"https:\/\/www.africa-press.net\/niger\/#\/schema\/person\/2b1cf3cd81a31e3cd26889ca66d677f1\"},\"headline\":\"Niamey : Une d\u00e9l\u00e9gation Am\u00e9ricaine de haut niveau au cabinet de Premier Ministre\",\"datePublished\":\"2024-03-14T17:18:44+00:00\",\"dateModified\":\"2024-03-14T18:18:00+00:00\",\"mainEntityOfPage\":{\"@id\":\"https:\/\/www.africa-press.net\/niger\/politique\/niamey-une-delegation-americaine-de-haut-niveau-au-cabinet-de-premier-ministre\"},\"wordCount\":176,\"commentCount\":0,\"image\":{\"@id\":\"https:\/\/www.africa-press.net\/niger\/politique\/niamey-une-delegation-americaine-de-haut-niveau-au-cabinet-de-premier-ministre#primaryimage\"},\"thumbnailUrl\":\"https:\/\/static.africa-press.net\/niger\/sites\/40\/2024\/03\/sm_1710427624.325225.jpg\",\"keywords\":[\"Africa Press\",\"Africa Press-Niger\",\"Niger\"],\"articleSection\":[\"Politique\",\"Toutes les actualit\u00e9s\"],\"inLanguage\":\"fr-FR\",\"potentialAction\":[{\"@type\":\"CommentAction\",\"name\":\"Comment\",\"target\":[\"https:\/\/www.africa-press.net\/niger\/politique\/niamey-une-delegation-americaine-de-haut-niveau-au-cabinet-de-premier-ministre#respond\"]}]},{\"@type\":\"WebPage\",\"@id\":\"https:\/\/www.africa-press.net\/niger\/politique\/niamey-une-delegation-americaine-de-haut-niveau-au-cabinet-de-premier-ministre\",\"url\":\"https:\/\/www.africa-press.net\/niger\/politique\/niamey-une-delegation-americaine-de-haut-niveau-au-cabinet-de-premier-ministre\",\"name\":\"Niamey : Une d\u00e9l\u00e9gation Am\u00e9ricaine de haut niveau au cabinet de Premier Ministre - niger\",\"isPartOf\":{\"@id\":\"https:\/\/www.africa-press.net\/niger\/#website\"},\"primaryImageOfPage\":{\"@id\":\"https:\/\/www.africa-press.net\/niger\/politique\/niamey-une-delegation-americaine-de-haut-niveau-au-cabinet-de-premier-ministre#primaryimage\"},\"image\":{\"@id\":\"https:\/\/www.africa-press.net\/niger\/politique\/niamey-une-delegation-americaine-de-haut-niveau-au-cabinet-de-premier-ministre#primaryimage\"},\"thumbnailUrl\":\"https:\/\/static.africa-press.net\/niger\/sites\/40\/2024\/03\/sm_1710427624.325225.jpg\",\"datePublished\":\"2024-03-14T17:18:44+00:00\",\"dateModified\":\"2024-03-14T18:18:00+00:00\",\"author\":{\"@id\":\"https:\/\/www.africa-press.net\/niger\/#\/schema\/person\/2b1cf3cd81a31e3cd26889ca66d677f1\"},\"description\":\"Le Premier Ministre de la transition du Niger, M. Ali Mahaman Lamine Zeine a rencontre\u0301, ce jeudi 14 mars 2024 a\u0300 son ca ...\",\"breadcrumb\":{\"@id\":\"https:\/\/www.africa-press.net\/niger\/politique\/niamey-une-delegation-americaine-de-haut-niveau-au-cabinet-de-premier-ministre#breadcrumb\"},\"inLanguage\":\"fr-FR\",\"potentialAction\":[{\"@type\":\"ReadAction\",\"target\":[\"https:\/\/www.africa-press.net\/niger\/politique\/niamey-une-delegation-americaine-de-haut-niveau-au-cabinet-de-premier-ministre\"]}]},{\"@type\":\"ImageObject\",\"inLanguage\":\"fr-FR\",\"@id\":\"https:\/\/www.africa-press.net\/niger\/politique\/niamey-une-delegation-americaine-de-haut-niveau-au-cabinet-de-premier-ministre#primaryimage\",\"url\":\"https:\/\/static.africa-press.net\/niger\/sites\/40\/2024\/03\/sm_1710427624.325225.jpg\",\"contentUrl\":\"https:\/\/static.africa-press.net\/niger\/sites\/40\/2024\/03\/sm_1710427624.325225.jpg\",\"width\":555,\"height\":246,\"caption\":\"Niamey : Une d\u00e9l\u00e9gation Am\u00e9ricaine de haut niveau au cabinet de Premier Ministre\"},{\"@type\":\"BreadcrumbList\",\"@id\":\"https:\/\/www.africa-press.net\/niger\/politique\/niamey-une-delegation-americaine-de-haut-niveau-au-cabinet-de-premier-ministre#breadcrumb\",\"itemListElement\":[{\"@type\":\"ListItem\",\"position\":1,\"name\":\"Accueil\",\"item\":\"https:\/\/www.africa-press.net\/niger\/\"},{\"@type\":\"ListItem\",\"position\":2,\"name\":\"Niamey : Une d\u00e9l\u00e9gation Am\u00e9ricaine de haut niveau au cabinet de Premier Ministre\"}]},{\"@type\":\"WebSite\",\"@id\":\"https:\/\/www.africa-press.net\/niger\/#website\",\"url\":\"https:\/\/www.africa-press.net\/niger\/\",\"name\":\"niger\",\"description\":\"Just another Africa News Agency Sites site\",\"potentialAction\":[{\"@type\":\"SearchAction\",\"target\":{\"@type\":\"EntryPoint\",\"urlTemplate\":\"https:\/\/www.africa-press.net\/niger\/?s={search_term_string}\"},\"query-input\":{\"@type\":\"PropertyValueSpecification\",\"valueRequired\":true,\"valueName\":\"search_term_string\"}}],\"inLanguage\":\"fr-FR\"},{\"@type\":\"Person\",\"@id\":\"https:\/\/www.africa-press.net\/niger\/#\/schema\/person\/2b1cf3cd81a31e3cd26889ca66d677f1\",\"name\":\"cfeditorfr\"}]}<\/script>\n<!-- \/ Yoast SEO Premium plugin. -->","yoast_head_json":{"title":"Niamey : Une d\u00e9l\u00e9gation Am\u00e9ricaine de haut niveau au cabinet de Premier Ministre - niger","description":"Le Premier Ministre de la transition du Niger, M. Ali Mahaman Lamine Zeine a rencontre\u0301, ce jeudi 14 mars 2024 a\u0300 son ca ...","robots":{"index":"index","follow":"follow","max-snippet":"max-snippet:-1","max-image-preview":"max-image-preview:large","max-video-preview":"max-video-preview:-1"},"canonical":"https:\/\/www.africa-press.net\/niger\/politique\/niamey-une-delegation-americaine-de-haut-niveau-au-cabinet-de-premier-ministre","og_locale":"fr_FR","og_type":"article","og_title":"Niamey : Une d\u00e9l\u00e9gation Am\u00e9ricaine de haut niveau au cabinet de Premier Ministre","og_description":"Le Premier Ministre de la transition du Niger, M. Ali Mahaman Lamine Zeine a rencontre\u0301, ce jeudi 14 mars 2024 a\u0300 son ca ...","og_url":"https:\/\/www.africa-press.net\/niger\/politique\/niamey-une-delegation-americaine-de-haut-niveau-au-cabinet-de-premier-ministre","og_site_name":"niger","article_published_time":"2024-03-14T17:18:44+00:00","article_modified_time":"2024-03-14T18:18:00+00:00","og_image":[{"width":555,"height":246,"url":"https:\/\/static.africa-press.net\/niger\/sites\/40\/2024\/03\/sm_1710427624.325225.jpg","type":"image\/jpeg"}],"author":"cfeditorfr","twitter_card":"summary_large_image","twitter_misc":{"\u00c9crit par":"cfeditorfr","Dur\u00e9e de lecture estim\u00e9e":"1 minute"},"schema":{"@context":"https:\/\/schema.org","@graph":[{"@type":"Article","@id":"https:\/\/www.africa-press.net\/niger\/politique\/niamey-une-delegation-americaine-de-haut-niveau-au-cabinet-de-premier-ministre#article","isPartOf":{"@id":"https:\/\/www.africa-press.net\/niger\/politique\/niamey-une-delegation-americaine-de-haut-niveau-au-cabinet-de-premier-ministre"},"author":{"name":"cfeditorfr","@id":"https:\/\/www.africa-press.net\/niger\/#\/schema\/person\/2b1cf3cd81a31e3cd26889ca66d677f1"},"headline":"Niamey : Une d\u00e9l\u00e9gation Am\u00e9ricaine de haut niveau au cabinet de Premier Ministre","datePublished":"2024-03-14T17:18:44+00:00","dateModified":"2024-03-14T18:18:00+00:00","mainEntityOfPage":{"@id":"https:\/\/www.africa-press.net\/niger\/politique\/niamey-une-delegation-americaine-de-haut-niveau-au-cabinet-de-premier-ministre"},"wordCount":176,"commentCount":0,"image":{"@id":"https:\/\/www.africa-press.net\/niger\/politique\/niamey-une-delegation-americaine-de-haut-niveau-au-cabinet-de-premier-ministre#primaryimage"},"thumbnailUrl":"https:\/\/static.africa-press.net\/niger\/sites\/40\/2024\/03\/sm_1710427624.325225.jpg","keywords":["Africa Press","Africa Press-Niger","Niger"],"articleSection":["Politique","Toutes les actualit\u00e9s"],"inLanguage":"fr-FR","potentialAction":[{"@type":"CommentAction","name":"Comment","target":["https:\/\/www.africa-press.net\/niger\/politique\/niamey-une-delegation-americaine-de-haut-niveau-au-cabinet-de-premier-ministre#respond"]}]},{"@type":"WebPage","@id":"https:\/\/www.africa-press.net\/niger\/politique\/niamey-une-delegation-americaine-de-haut-niveau-au-cabinet-de-premier-ministre","url":"https:\/\/www.africa-press.net\/niger\/politique\/niamey-une-delegation-americaine-de-haut-niveau-au-cabinet-de-premier-ministre","name":"Niamey : Une d\u00e9l\u00e9gation Am\u00e9ricaine de haut niveau au cabinet de Premier Ministre - niger","isPartOf":{"@id":"https:\/\/www.africa-press.net\/niger\/#website"},"primaryImageOfPage":{"@id":"https:\/\/www.africa-press.net\/niger\/politique\/niamey-une-delegation-americaine-de-haut-niveau-au-cabinet-de-premier-ministre#primaryimage"},"image":{"@id":"https:\/\/www.africa-press.net\/niger\/politique\/niamey-une-delegation-americaine-de-haut-niveau-au-cabinet-de-premier-ministre#primaryimage"},"thumbnailUrl":"https:\/\/static.africa-press.net\/niger\/sites\/40\/2024\/03\/sm_1710427624.325225.jpg","datePublished":"2024-03-14T17:18:44+00:00","dateModified":"2024-03-14T18:18:00+00:00","author":{"@id":"https:\/\/www.africa-press.net\/niger\/#\/schema\/person\/2b1cf3cd81a31e3cd26889ca66d677f1"},"description":"Le Premier Ministre de la transition du Niger, M. Ali Mahaman Lamine Zeine a rencontre\u0301, ce jeudi 14 mars 2024 a\u0300 son ca ...","breadcrumb":{"@id":"https:\/\/www.africa-press.net\/niger\/politique\/niamey-une-delegation-americaine-de-haut-niveau-au-cabinet-de-premier-ministre#breadcrumb"},"inLanguage":"fr-FR","potentialAction":[{"@type":"ReadAction","target":["https:\/\/www.africa-press.net\/niger\/politique\/niamey-une-delegation-americaine-de-haut-niveau-au-cabinet-de-premier-ministre"]}]},{"@type":"ImageObject","inLanguage":"fr-FR","@id":"https:\/\/www.africa-press.net\/niger\/politique\/niamey-une-delegation-americaine-de-haut-niveau-au-cabinet-de-premier-ministre#primaryimage","url":"https:\/\/static.africa-press.net\/niger\/sites\/40\/2024\/03\/sm_1710427624.325225.jpg","contentUrl":"https:\/\/static.africa-press.net\/niger\/sites\/40\/2024\/03\/sm_1710427624.325225.jpg","width":555,"height":246,"caption":"Niamey : Une d\u00e9l\u00e9gation Am\u00e9ricaine de haut niveau au cabinet de Premier Ministre"},{"@type":"BreadcrumbList","@id":"https:\/\/www.africa-press.net\/niger\/politique\/niamey-une-delegation-americaine-de-haut-niveau-au-cabinet-de-premier-ministre#breadcrumb","itemListElement":[{"@type":"ListItem","position":1,"name":"Accueil","item":"https:\/\/www.africa-press.net\/niger\/"},{"@type":"ListItem","position":2,"name":"Niamey : Une d\u00e9l\u00e9gation Am\u00e9ricaine de haut niveau au cabinet de Premier Ministre"}]},{"@type":"WebSite","@id":"https:\/\/www.africa-press.net\/niger\/#website","url":"https:\/\/www.africa-press.net\/niger\/","name":"niger","description":"Just another Africa News Agency Sites site","potentialAction":[{"@type":"SearchAction","target":{"@type":"EntryPoint","urlTemplate":"https:\/\/www.africa-press.net\/niger\/?s={search_term_string}"},"query-input":{"@type":"PropertyValueSpecification","valueRequired":true,"valueName":"search_term_string"}}],"inLanguage":"fr-FR"},{"@type":"Person","@id":"https:\/\/www.africa-press.net\/niger\/#\/schema\/person\/2b1cf3cd81a31e3cd26889ca66d677f1","name":"cfeditorfr"}]}},"_links":{"self":[{"href":"https:\/\/www.africa-press.net\/niger\/wp-json\/wp\/v2\/posts\/59920","targetHints":{"allow":["GET"]}}],"collection":[{"href":"https:\/\/www.africa-press.net\/niger\/wp-json\/wp\/v2\/posts"}],"about":[{"href":"https:\/\/www.africa-press.net\/niger\/wp-json\/wp\/v2\/types\/post"}],"author":[{"embeddable":true,"href":"https:\/\/www.africa-press.net\/niger\/wp-json\/wp\/v2\/users\/82"}],"replies":[{"embeddable":true,"href":"https:\/\/www.africa-press.net\/niger\/wp-json\/wp\/v2\/comments?post=59920"}],"version-history":[{"count":0,"href":"https:\/\/www.africa-press.net\/niger\/wp-json\/wp\/v2\/posts\/59920\/revisions"}],"wp:featuredmedia":[{"embeddable":true,"href":"https:\/\/www.africa-press.net\/niger\/wp-json\/wp\/v2\/media\/59919"}],"wp:attachment":[{"href":"https:\/\/www.africa-press.net\/niger\/wp-json\/wp\/v2\/media?parent=59920"}],"wp:term":[{"taxonomy":"category","embeddable":true,"href":"https:\/\/www.africa-press.net\/niger\/wp-json\/wp\/v2\/categories?post=59920"},{"taxonomy":"post_tag","embeddable":true,"href":"https:\/\/www.africa-press.net\/niger\/wp-json\/wp\/v2\/tags?post=59920"}],"curies":[{"name":"wp","href":"https:\/\/api.w.org\/{rel}","templated":true}]}}