{"id":59926,"date":"2024-03-14T17:22:44","date_gmt":"2024-03-14T17:22:44","guid":{"rendered":"https:\/\/www.africa-press.net\/niger\/politique\/entretien-avec-le-recteur-de-luniversite-de-diffa-a-la-date-du-12-mars-2024-tous-les-semestres-impairs-s1-s3-et-s5-ont-ete-acheves-declare-m-moussa-boubacar-mamoudou"},"modified":"2024-03-14T18:18:59","modified_gmt":"2024-03-14T18:18:59","slug":"entretien-avec-le-recteur-de-luniversite-de-diffa-a-la-date-du-12-mars-2024-tous-les-semestres-impairs-s1-s3-et-s5-ont-ete-acheves-declare-m-moussa-boubacar-mamoudou","status":"publish","type":"post","link":"https:\/\/www.africa-press.net\/niger\/toutes-les-actualites\/entretien-avec-le-recteur-de-luniversite-de-diffa-a-la-date-du-12-mars-2024-tous-les-semestres-impairs-s1-s3-et-s5-ont-ete-acheves-declare-m-moussa-boubacar-mamoudou","title":{"rendered":"Entretien avec le Recteur de l\u2019Universit\u00e9 de Diffa : \u00ab A la date du 12 mars 2024, tous les semestres impairs (S1, S3, et S5) ont \u00e9t\u00e9 achev\u00e9s \u00bb d\u00e9clare M. Moussa Boubacar Mamoudou"},"content":{"rendered":"<p><span style=\"color: #ff6600\"><strong>Africa-Press &#8211; Niger. <\/strong><\/span><b>M. le Recteur, pouvez-vous nous faire une bre\u0300ve pre\u0301sentation de l\u2019universite\u0301 de Diffa ?<\/b><\/p>\n<p>L\u2019Universite\u0301 de Diffa (UDA) a e\u0301te\u0301 cre\u0301e\u0301e suivant la Loi \u00b02014-040 du 19 Aou\u0302t 2014. C\u2019est un Etablissement Public a\u0300 Caracte\u0300re Scientifique, Culturel et Technique (EPSCT). L\u2019Universite\u0301 intervient dans le domaine des sciences agronomiques avec comme spe\u0301cialite\u0301 dominante \u00ab Environnement et Ecologie \u00bb. L\u2019Universite\u0301 dispose d\u2019une Faculte\u0301 des Sciences de l\u2019Environnement (FSE), une Faculte\u0301 des Sciences Agronomiques (FSA), d\u2019un Institut Supe\u0301rieur en Environnement et Ecologie (IS2E) et d\u2019une Ecole Doctorale Sous-Re\u0301gionale \u00ab Paix, Se\u0301curite\u0301, Environnement et De\u0301veloppement Durable.<\/p>\n<p><b>Monsieur le Recteur, comment e\u0301volue l\u2019anne\u0301e acade\u0301mique dans votre Institution ?<\/b><\/p>\n<p>L\u2019anne\u0301e acade\u0301mique 2023-2024 a de\u0301marre\u0301 en Octobre 2023. A la date du mardi 12 Mars 2024, tous les semestres impairs (S1, S3 et S5) ont e\u0301te\u0301 acheve\u0301s. Pour les semestres pairs, le taux d\u2019avancement des cours est de 23 % en Premie\u0300re anne\u0301e a\u0300 la FSE et a\u0300 l\u2019IS2E. En deuxie\u0300me anne\u0301e, le taux d\u2019exe\u0301cution des cours varie de 44 % a\u0300 63 % a\u0300 l\u2019IS2E. Pour la troisie\u0300me anne\u0301e a\u0300 la Faculte\u0301 des Sciences Agronomiques, ce taux varie de 50 % a\u0300 75 %. Le taux d\u2019exe\u0301cution global des semestres pairs est d\u2019environ 50 % -74 % pour tous les niveaux de Licence confondus. En Master, le taux d\u2019exe\u0301cution des cours du 1er semestre est de 61 %. Il faut dire que la situation acade\u0301mique au sein d\u2019une universite\u0301 de\u0301pend largement des diffe\u0301rents acteurs de l\u2019Institution a\u0300 savoir le corps professoral, le personnel administratif et technique ainsi que les e\u0301tudiants. L\u2019harmonie qui pre\u0301vaut dans notre universite\u0301 de\u0301coule des efforts conjoints de\u0301ploye\u0301s par chacun de ces intervenants.<\/p>\n<p><b>Quel est l\u2019objectif de la formation des cadres en Agronomie et en Environnement ?<\/b><\/p>\n<p>En formant ces cadres, l\u2019universite\u0301 contribue a\u0300 l\u2019atteinte des objectifs des autorite\u0301s du Niger. Notre universite\u0301 vise a\u0300 travers des offres de formation dans les filie\u0300res de la production animale, de la production ve\u0301ge\u0301tale, de la gestion des espaces pastoraux et de l\u2019eau, ainsi que dans les fermes agropastorales, piscicoles et avicoles qu\u2019elle pre\u0301voit d\u2019installer, a\u0300 former des cadres compe\u0301tents pour soutenir les efforts des plus hautes autorite\u0301s dans le but d\u2019ame\u0301liorer la production agricole et pastorale pour l\u2019atteinte d\u2019une souverainete\u0301 nationale. C\u2019est pour cela que j\u2019invite les enseignants et les e\u0301tudiants a\u0300 une plus grande implication dans la formation, l\u2019apprentissage et la recherche.<\/p>\n<p><b>Avez-vous un message particulier ?<\/b><\/p>\n<p>Je voudrais profiter de cette opportunite\u0301 exprimer toute ma reconnaissance a\u0300 l\u2019endroit des nouvelles autorite\u0301s pour les efforts conside\u0301rables qui ont abouti au bon fonctionnement de notre communaute\u0301 universitaire. Je sollicite aussi l\u2019ame\u0301lioration des infrastructures acade\u0301miques et de recherche, l\u2019ame\u0301lioration des conditions de vie des e\u0301tudiants en termes d\u2019he\u0301bergement et de restauration et enfin l\u2019ame\u0301lioration de la subvention budge\u0301taire.<\/p>\n<p>&nbsp;<\/p>\n<p><strong>Pour plus d&rsquo;informations et d&rsquo;analyses sur la <a href=\"https:\/\/www.africa-press.net\/niger\">Niger<\/a>, suivez <a href=\"https:\/\/www.africa-press.net\/\">Africa-Press<\/a><\/strong><\/p>\n","protected":false},"excerpt":{"rendered":"<p>Africa-Press &#8211; Niger. M. le Recteur, pouvez-vous nous faire une bre\u0300ve pre\u0301sentation de l\u2019universite\u0301 de Diffa ? L\u2019Universite\u0301 de Diffa (UDA) a e\u0301te\u0301 cre\u0301e\u0301e suivant la Loi \u00b02014-040 du 19 Aou\u0302t 2014. C\u2019est un Etablissement Public a\u0300 Caracte\u0300re Scientifique, Culturel et Technique (EPSCT). L\u2019Universite\u0301 intervient dans le domaine des sciences agronomiques avec comme spe\u0301cialite\u0301 dominante [&hellip;]<\/p>\n","protected":false},"author":82,"featured_media":59925,"comment_status":"open","ping_status":"closed","sticky":false,"template":"","format":"standard","meta":{"footnotes":""},"categories":[21,10],"tags":[55,60,29],"class_list":["post-59926","post","type-post","status-publish","format-standard","has-post-thumbnail","hentry","category-communaute","category-toutes-les-actualites","tag-africa-press","tag-africa-press-niger","tag-niger"],"yoast_head":"<!-- This site is optimized with the Yoast SEO Premium plugin v26.1 (Yoast SEO v27.0) - https:\/\/yoast.com\/product\/yoast-seo-premium-wordpress\/ -->\n<title>Entretien avec le Recteur de l\u2019Universit\u00e9 de Diffa : \u00ab A la date du 12 mars 2024, tous les semestres impairs (S1, S3, et S5) ont \u00e9t\u00e9 achev\u00e9s \u00bb d\u00e9clare M. Moussa Boubacar Mamoudou - niger<\/title>\n<meta name=\"description\" content=\"M. le Recteur, pouvez-vous nous faire une bre\u0300ve pre\u0301sentation de l\u2019universite\u0301 de Diffa ? L\u2019Universite\u0301 de Diff ...\" \/>\n<meta name=\"robots\" content=\"index, follow, max-snippet:-1, max-image-preview:large, max-video-preview:-1\" \/>\n<link rel=\"canonical\" href=\"https:\/\/www.africa-press.net\/niger\/toutes-les-actualites\/entretien-avec-le-recteur-de-luniversite-de-diffa-a-la-date-du-12-mars-2024-tous-les-semestres-impairs-s1-s3-et-s5-ont-ete-acheves-declare-m-moussa-boubacar-mamoudou\" \/>\n<meta property=\"og:locale\" content=\"fr_FR\" \/>\n<meta property=\"og:type\" content=\"article\" \/>\n<meta property=\"og:title\" content=\"Entretien avec le Recteur de l\u2019Universit\u00e9 de Diffa : \u00ab A la date du 12 mars 2024, tous les semestres impairs (S1, S3, et S5) ont \u00e9t\u00e9 achev\u00e9s \u00bb d\u00e9clare M. Moussa Boubacar Mamoudou\" \/>\n<meta property=\"og:description\" content=\"M. le Recteur, pouvez-vous nous faire une bre\u0300ve pre\u0301sentation de l\u2019universite\u0301 de Diffa ? L\u2019Universite\u0301 de Diff ...\" \/>\n<meta property=\"og:url\" content=\"https:\/\/www.africa-press.net\/niger\/toutes-les-actualites\/entretien-avec-le-recteur-de-luniversite-de-diffa-a-la-date-du-12-mars-2024-tous-les-semestres-impairs-s1-s3-et-s5-ont-ete-acheves-declare-m-moussa-boubacar-mamoudou\" \/>\n<meta property=\"og:site_name\" content=\"niger\" \/>\n<meta property=\"article:published_time\" content=\"2024-03-14T17:22:44+00:00\" \/>\n<meta property=\"article:modified_time\" content=\"2024-03-14T18:18:59+00:00\" \/>\n<meta property=\"og:image\" content=\"https:\/\/static.africa-press.net\/niger\/sites\/40\/2024\/03\/sm_1710427689.936527.jpg\" \/>\n\t<meta property=\"og:image:width\" content=\"1280\" \/>\n\t<meta property=\"og:image:height\" content=\"720\" \/>\n\t<meta property=\"og:image:type\" content=\"image\/jpeg\" \/>\n<meta name=\"author\" content=\"cfeditorfr\" \/>\n<meta name=\"twitter:card\" content=\"summary_large_image\" \/>\n<meta name=\"twitter:label1\" content=\"\u00c9crit par\" \/>\n\t<meta name=\"twitter:data1\" content=\"cfeditorfr\" \/>\n\t<meta name=\"twitter:label2\" content=\"Dur\u00e9e de lecture estim\u00e9e\" \/>\n\t<meta name=\"twitter:data2\" content=\"3 minutes\" \/>\n<script type=\"application\/ld+json\" class=\"yoast-schema-graph\">{\"@context\":\"https:\/\/schema.org\",\"@graph\":[{\"@type\":\"Article\",\"@id\":\"https:\/\/www.africa-press.net\/niger\/toutes-les-actualites\/entretien-avec-le-recteur-de-luniversite-de-diffa-a-la-date-du-12-mars-2024-tous-les-semestres-impairs-s1-s3-et-s5-ont-ete-acheves-declare-m-moussa-boubacar-mamoudou#article\",\"isPartOf\":{\"@id\":\"https:\/\/www.africa-press.net\/niger\/toutes-les-actualites\/entretien-avec-le-recteur-de-luniversite-de-diffa-a-la-date-du-12-mars-2024-tous-les-semestres-impairs-s1-s3-et-s5-ont-ete-acheves-declare-m-moussa-boubacar-mamoudou\"},\"author\":{\"name\":\"cfeditorfr\",\"@id\":\"https:\/\/www.africa-press.net\/niger\/#\/schema\/person\/2b1cf3cd81a31e3cd26889ca66d677f1\"},\"headline\":\"Entretien avec le Recteur de l\u2019Universit\u00e9 de Diffa : \u00ab A la date du 12 mars 2024, tous les semestres impairs (S1, S3, et S5) ont \u00e9t\u00e9 achev\u00e9s \u00bb d\u00e9clare M. Moussa Boubacar Mamoudou\",\"datePublished\":\"2024-03-14T17:22:44+00:00\",\"dateModified\":\"2024-03-14T18:18:59+00:00\",\"mainEntityOfPage\":{\"@id\":\"https:\/\/www.africa-press.net\/niger\/toutes-les-actualites\/entretien-avec-le-recteur-de-luniversite-de-diffa-a-la-date-du-12-mars-2024-tous-les-semestres-impairs-s1-s3-et-s5-ont-ete-acheves-declare-m-moussa-boubacar-mamoudou\"},\"wordCount\":569,\"commentCount\":0,\"image\":{\"@id\":\"https:\/\/www.africa-press.net\/niger\/toutes-les-actualites\/entretien-avec-le-recteur-de-luniversite-de-diffa-a-la-date-du-12-mars-2024-tous-les-semestres-impairs-s1-s3-et-s5-ont-ete-acheves-declare-m-moussa-boubacar-mamoudou#primaryimage\"},\"thumbnailUrl\":\"https:\/\/static.africa-press.net\/niger\/sites\/40\/2024\/03\/sm_1710427689.936527.jpg\",\"keywords\":[\"Africa Press\",\"Africa Press-Niger\",\"Niger\"],\"articleSection\":[\"Communaut\u00e9\",\"Toutes les actualit\u00e9s\"],\"inLanguage\":\"fr-FR\",\"potentialAction\":[{\"@type\":\"CommentAction\",\"name\":\"Comment\",\"target\":[\"https:\/\/www.africa-press.net\/niger\/toutes-les-actualites\/entretien-avec-le-recteur-de-luniversite-de-diffa-a-la-date-du-12-mars-2024-tous-les-semestres-impairs-s1-s3-et-s5-ont-ete-acheves-declare-m-moussa-boubacar-mamoudou#respond\"]}]},{\"@type\":\"WebPage\",\"@id\":\"https:\/\/www.africa-press.net\/niger\/toutes-les-actualites\/entretien-avec-le-recteur-de-luniversite-de-diffa-a-la-date-du-12-mars-2024-tous-les-semestres-impairs-s1-s3-et-s5-ont-ete-acheves-declare-m-moussa-boubacar-mamoudou\",\"url\":\"https:\/\/www.africa-press.net\/niger\/toutes-les-actualites\/entretien-avec-le-recteur-de-luniversite-de-diffa-a-la-date-du-12-mars-2024-tous-les-semestres-impairs-s1-s3-et-s5-ont-ete-acheves-declare-m-moussa-boubacar-mamoudou\",\"name\":\"Entretien avec le Recteur de l\u2019Universit\u00e9 de Diffa : \u00ab A la date du 12 mars 2024, tous les semestres impairs (S1, S3, et S5) ont \u00e9t\u00e9 achev\u00e9s \u00bb d\u00e9clare M. Moussa Boubacar Mamoudou - niger\",\"isPartOf\":{\"@id\":\"https:\/\/www.africa-press.net\/niger\/#website\"},\"primaryImageOfPage\":{\"@id\":\"https:\/\/www.africa-press.net\/niger\/toutes-les-actualites\/entretien-avec-le-recteur-de-luniversite-de-diffa-a-la-date-du-12-mars-2024-tous-les-semestres-impairs-s1-s3-et-s5-ont-ete-acheves-declare-m-moussa-boubacar-mamoudou#primaryimage\"},\"image\":{\"@id\":\"https:\/\/www.africa-press.net\/niger\/toutes-les-actualites\/entretien-avec-le-recteur-de-luniversite-de-diffa-a-la-date-du-12-mars-2024-tous-les-semestres-impairs-s1-s3-et-s5-ont-ete-acheves-declare-m-moussa-boubacar-mamoudou#primaryimage\"},\"thumbnailUrl\":\"https:\/\/static.africa-press.net\/niger\/sites\/40\/2024\/03\/sm_1710427689.936527.jpg\",\"datePublished\":\"2024-03-14T17:22:44+00:00\",\"dateModified\":\"2024-03-14T18:18:59+00:00\",\"author\":{\"@id\":\"https:\/\/www.africa-press.net\/niger\/#\/schema\/person\/2b1cf3cd81a31e3cd26889ca66d677f1\"},\"description\":\"M. le Recteur, pouvez-vous nous faire une bre\u0300ve pre\u0301sentation de l\u2019universite\u0301 de Diffa ? L\u2019Universite\u0301 de Diff ...\",\"breadcrumb\":{\"@id\":\"https:\/\/www.africa-press.net\/niger\/toutes-les-actualites\/entretien-avec-le-recteur-de-luniversite-de-diffa-a-la-date-du-12-mars-2024-tous-les-semestres-impairs-s1-s3-et-s5-ont-ete-acheves-declare-m-moussa-boubacar-mamoudou#breadcrumb\"},\"inLanguage\":\"fr-FR\",\"potentialAction\":[{\"@type\":\"ReadAction\",\"target\":[\"https:\/\/www.africa-press.net\/niger\/toutes-les-actualites\/entretien-avec-le-recteur-de-luniversite-de-diffa-a-la-date-du-12-mars-2024-tous-les-semestres-impairs-s1-s3-et-s5-ont-ete-acheves-declare-m-moussa-boubacar-mamoudou\"]}]},{\"@type\":\"ImageObject\",\"inLanguage\":\"fr-FR\",\"@id\":\"https:\/\/www.africa-press.net\/niger\/toutes-les-actualites\/entretien-avec-le-recteur-de-luniversite-de-diffa-a-la-date-du-12-mars-2024-tous-les-semestres-impairs-s1-s3-et-s5-ont-ete-acheves-declare-m-moussa-boubacar-mamoudou#primaryimage\",\"url\":\"https:\/\/static.africa-press.net\/niger\/sites\/40\/2024\/03\/sm_1710427689.936527.jpg\",\"contentUrl\":\"https:\/\/static.africa-press.net\/niger\/sites\/40\/2024\/03\/sm_1710427689.936527.jpg\",\"width\":1280,\"height\":720,\"caption\":\"Entretien avec le Recteur de l\u2019Universit\u00e9 de Diffa : \u00ab A la date du 12 mars 2024, tous les semestres impairs (S1, S3, et S5) ont \u00e9t\u00e9 achev\u00e9s \u00bb d\u00e9clare M. Moussa Boubacar Mamoudou\"},{\"@type\":\"BreadcrumbList\",\"@id\":\"https:\/\/www.africa-press.net\/niger\/toutes-les-actualites\/entretien-avec-le-recteur-de-luniversite-de-diffa-a-la-date-du-12-mars-2024-tous-les-semestres-impairs-s1-s3-et-s5-ont-ete-acheves-declare-m-moussa-boubacar-mamoudou#breadcrumb\",\"itemListElement\":[{\"@type\":\"ListItem\",\"position\":1,\"name\":\"Accueil\",\"item\":\"https:\/\/www.africa-press.net\/niger\/\"},{\"@type\":\"ListItem\",\"position\":2,\"name\":\"Entretien avec le Recteur de l\u2019Universit\u00e9 de Diffa : \u00ab A la date du 12 mars 2024, tous les semestres impairs (S1, S3, et S5) ont \u00e9t\u00e9 achev\u00e9s \u00bb d\u00e9clare M. Moussa Boubacar Mamoudou\"}]},{\"@type\":\"WebSite\",\"@id\":\"https:\/\/www.africa-press.net\/niger\/#website\",\"url\":\"https:\/\/www.africa-press.net\/niger\/\",\"name\":\"niger\",\"description\":\"Just another Africa News Agency Sites site\",\"potentialAction\":[{\"@type\":\"SearchAction\",\"target\":{\"@type\":\"EntryPoint\",\"urlTemplate\":\"https:\/\/www.africa-press.net\/niger\/?s={search_term_string}\"},\"query-input\":{\"@type\":\"PropertyValueSpecification\",\"valueRequired\":true,\"valueName\":\"search_term_string\"}}],\"inLanguage\":\"fr-FR\"},{\"@type\":\"Person\",\"@id\":\"https:\/\/www.africa-press.net\/niger\/#\/schema\/person\/2b1cf3cd81a31e3cd26889ca66d677f1\",\"name\":\"cfeditorfr\"}]}<\/script>\n<!-- \/ Yoast SEO Premium plugin. -->","yoast_head_json":{"title":"Entretien avec le Recteur de l\u2019Universit\u00e9 de Diffa : \u00ab A la date du 12 mars 2024, tous les semestres impairs (S1, S3, et S5) ont \u00e9t\u00e9 achev\u00e9s \u00bb d\u00e9clare M. Moussa Boubacar Mamoudou - niger","description":"M. le Recteur, pouvez-vous nous faire une bre\u0300ve pre\u0301sentation de l\u2019universite\u0301 de Diffa ? L\u2019Universite\u0301 de Diff ...","robots":{"index":"index","follow":"follow","max-snippet":"max-snippet:-1","max-image-preview":"max-image-preview:large","max-video-preview":"max-video-preview:-1"},"canonical":"https:\/\/www.africa-press.net\/niger\/toutes-les-actualites\/entretien-avec-le-recteur-de-luniversite-de-diffa-a-la-date-du-12-mars-2024-tous-les-semestres-impairs-s1-s3-et-s5-ont-ete-acheves-declare-m-moussa-boubacar-mamoudou","og_locale":"fr_FR","og_type":"article","og_title":"Entretien avec le Recteur de l\u2019Universit\u00e9 de Diffa : \u00ab A la date du 12 mars 2024, tous les semestres impairs (S1, S3, et S5) ont \u00e9t\u00e9 achev\u00e9s \u00bb d\u00e9clare M. Moussa Boubacar Mamoudou","og_description":"M. le Recteur, pouvez-vous nous faire une bre\u0300ve pre\u0301sentation de l\u2019universite\u0301 de Diffa ? L\u2019Universite\u0301 de Diff ...","og_url":"https:\/\/www.africa-press.net\/niger\/toutes-les-actualites\/entretien-avec-le-recteur-de-luniversite-de-diffa-a-la-date-du-12-mars-2024-tous-les-semestres-impairs-s1-s3-et-s5-ont-ete-acheves-declare-m-moussa-boubacar-mamoudou","og_site_name":"niger","article_published_time":"2024-03-14T17:22:44+00:00","article_modified_time":"2024-03-14T18:18:59+00:00","og_image":[{"width":1280,"height":720,"url":"https:\/\/static.africa-press.net\/niger\/sites\/40\/2024\/03\/sm_1710427689.936527.jpg","type":"image\/jpeg"}],"author":"cfeditorfr","twitter_card":"summary_large_image","twitter_misc":{"\u00c9crit par":"cfeditorfr","Dur\u00e9e de lecture estim\u00e9e":"3 minutes"},"schema":{"@context":"https:\/\/schema.org","@graph":[{"@type":"Article","@id":"https:\/\/www.africa-press.net\/niger\/toutes-les-actualites\/entretien-avec-le-recteur-de-luniversite-de-diffa-a-la-date-du-12-mars-2024-tous-les-semestres-impairs-s1-s3-et-s5-ont-ete-acheves-declare-m-moussa-boubacar-mamoudou#article","isPartOf":{"@id":"https:\/\/www.africa-press.net\/niger\/toutes-les-actualites\/entretien-avec-le-recteur-de-luniversite-de-diffa-a-la-date-du-12-mars-2024-tous-les-semestres-impairs-s1-s3-et-s5-ont-ete-acheves-declare-m-moussa-boubacar-mamoudou"},"author":{"name":"cfeditorfr","@id":"https:\/\/www.africa-press.net\/niger\/#\/schema\/person\/2b1cf3cd81a31e3cd26889ca66d677f1"},"headline":"Entretien avec le Recteur de l\u2019Universit\u00e9 de Diffa : \u00ab A la date du 12 mars 2024, tous les semestres impairs (S1, S3, et S5) ont \u00e9t\u00e9 achev\u00e9s \u00bb d\u00e9clare M. Moussa Boubacar Mamoudou","datePublished":"2024-03-14T17:22:44+00:00","dateModified":"2024-03-14T18:18:59+00:00","mainEntityOfPage":{"@id":"https:\/\/www.africa-press.net\/niger\/toutes-les-actualites\/entretien-avec-le-recteur-de-luniversite-de-diffa-a-la-date-du-12-mars-2024-tous-les-semestres-impairs-s1-s3-et-s5-ont-ete-acheves-declare-m-moussa-boubacar-mamoudou"},"wordCount":569,"commentCount":0,"image":{"@id":"https:\/\/www.africa-press.net\/niger\/toutes-les-actualites\/entretien-avec-le-recteur-de-luniversite-de-diffa-a-la-date-du-12-mars-2024-tous-les-semestres-impairs-s1-s3-et-s5-ont-ete-acheves-declare-m-moussa-boubacar-mamoudou#primaryimage"},"thumbnailUrl":"https:\/\/static.africa-press.net\/niger\/sites\/40\/2024\/03\/sm_1710427689.936527.jpg","keywords":["Africa Press","Africa Press-Niger","Niger"],"articleSection":["Communaut\u00e9","Toutes les actualit\u00e9s"],"inLanguage":"fr-FR","potentialAction":[{"@type":"CommentAction","name":"Comment","target":["https:\/\/www.africa-press.net\/niger\/toutes-les-actualites\/entretien-avec-le-recteur-de-luniversite-de-diffa-a-la-date-du-12-mars-2024-tous-les-semestres-impairs-s1-s3-et-s5-ont-ete-acheves-declare-m-moussa-boubacar-mamoudou#respond"]}]},{"@type":"WebPage","@id":"https:\/\/www.africa-press.net\/niger\/toutes-les-actualites\/entretien-avec-le-recteur-de-luniversite-de-diffa-a-la-date-du-12-mars-2024-tous-les-semestres-impairs-s1-s3-et-s5-ont-ete-acheves-declare-m-moussa-boubacar-mamoudou","url":"https:\/\/www.africa-press.net\/niger\/toutes-les-actualites\/entretien-avec-le-recteur-de-luniversite-de-diffa-a-la-date-du-12-mars-2024-tous-les-semestres-impairs-s1-s3-et-s5-ont-ete-acheves-declare-m-moussa-boubacar-mamoudou","name":"Entretien avec le Recteur de l\u2019Universit\u00e9 de Diffa : \u00ab A la date du 12 mars 2024, tous les semestres impairs (S1, S3, et S5) ont \u00e9t\u00e9 achev\u00e9s \u00bb d\u00e9clare M. Moussa Boubacar Mamoudou - niger","isPartOf":{"@id":"https:\/\/www.africa-press.net\/niger\/#website"},"primaryImageOfPage":{"@id":"https:\/\/www.africa-press.net\/niger\/toutes-les-actualites\/entretien-avec-le-recteur-de-luniversite-de-diffa-a-la-date-du-12-mars-2024-tous-les-semestres-impairs-s1-s3-et-s5-ont-ete-acheves-declare-m-moussa-boubacar-mamoudou#primaryimage"},"image":{"@id":"https:\/\/www.africa-press.net\/niger\/toutes-les-actualites\/entretien-avec-le-recteur-de-luniversite-de-diffa-a-la-date-du-12-mars-2024-tous-les-semestres-impairs-s1-s3-et-s5-ont-ete-acheves-declare-m-moussa-boubacar-mamoudou#primaryimage"},"thumbnailUrl":"https:\/\/static.africa-press.net\/niger\/sites\/40\/2024\/03\/sm_1710427689.936527.jpg","datePublished":"2024-03-14T17:22:44+00:00","dateModified":"2024-03-14T18:18:59+00:00","author":{"@id":"https:\/\/www.africa-press.net\/niger\/#\/schema\/person\/2b1cf3cd81a31e3cd26889ca66d677f1"},"description":"M. le Recteur, pouvez-vous nous faire une bre\u0300ve pre\u0301sentation de l\u2019universite\u0301 de Diffa ? L\u2019Universite\u0301 de Diff ...","breadcrumb":{"@id":"https:\/\/www.africa-press.net\/niger\/toutes-les-actualites\/entretien-avec-le-recteur-de-luniversite-de-diffa-a-la-date-du-12-mars-2024-tous-les-semestres-impairs-s1-s3-et-s5-ont-ete-acheves-declare-m-moussa-boubacar-mamoudou#breadcrumb"},"inLanguage":"fr-FR","potentialAction":[{"@type":"ReadAction","target":["https:\/\/www.africa-press.net\/niger\/toutes-les-actualites\/entretien-avec-le-recteur-de-luniversite-de-diffa-a-la-date-du-12-mars-2024-tous-les-semestres-impairs-s1-s3-et-s5-ont-ete-acheves-declare-m-moussa-boubacar-mamoudou"]}]},{"@type":"ImageObject","inLanguage":"fr-FR","@id":"https:\/\/www.africa-press.net\/niger\/toutes-les-actualites\/entretien-avec-le-recteur-de-luniversite-de-diffa-a-la-date-du-12-mars-2024-tous-les-semestres-impairs-s1-s3-et-s5-ont-ete-acheves-declare-m-moussa-boubacar-mamoudou#primaryimage","url":"https:\/\/static.africa-press.net\/niger\/sites\/40\/2024\/03\/sm_1710427689.936527.jpg","contentUrl":"https:\/\/static.africa-press.net\/niger\/sites\/40\/2024\/03\/sm_1710427689.936527.jpg","width":1280,"height":720,"caption":"Entretien avec le Recteur de l\u2019Universit\u00e9 de Diffa : \u00ab A la date du 12 mars 2024, tous les semestres impairs (S1, S3, et S5) ont \u00e9t\u00e9 achev\u00e9s \u00bb d\u00e9clare M. Moussa Boubacar Mamoudou"},{"@type":"BreadcrumbList","@id":"https:\/\/www.africa-press.net\/niger\/toutes-les-actualites\/entretien-avec-le-recteur-de-luniversite-de-diffa-a-la-date-du-12-mars-2024-tous-les-semestres-impairs-s1-s3-et-s5-ont-ete-acheves-declare-m-moussa-boubacar-mamoudou#breadcrumb","itemListElement":[{"@type":"ListItem","position":1,"name":"Accueil","item":"https:\/\/www.africa-press.net\/niger\/"},{"@type":"ListItem","position":2,"name":"Entretien avec le Recteur de l\u2019Universit\u00e9 de Diffa : \u00ab A la date du 12 mars 2024, tous les semestres impairs (S1, S3, et S5) ont \u00e9t\u00e9 achev\u00e9s \u00bb d\u00e9clare M. Moussa Boubacar Mamoudou"}]},{"@type":"WebSite","@id":"https:\/\/www.africa-press.net\/niger\/#website","url":"https:\/\/www.africa-press.net\/niger\/","name":"niger","description":"Just another Africa News Agency Sites site","potentialAction":[{"@type":"SearchAction","target":{"@type":"EntryPoint","urlTemplate":"https:\/\/www.africa-press.net\/niger\/?s={search_term_string}"},"query-input":{"@type":"PropertyValueSpecification","valueRequired":true,"valueName":"search_term_string"}}],"inLanguage":"fr-FR"},{"@type":"Person","@id":"https:\/\/www.africa-press.net\/niger\/#\/schema\/person\/2b1cf3cd81a31e3cd26889ca66d677f1","name":"cfeditorfr"}]}},"_links":{"self":[{"href":"https:\/\/www.africa-press.net\/niger\/wp-json\/wp\/v2\/posts\/59926","targetHints":{"allow":["GET"]}}],"collection":[{"href":"https:\/\/www.africa-press.net\/niger\/wp-json\/wp\/v2\/posts"}],"about":[{"href":"https:\/\/www.africa-press.net\/niger\/wp-json\/wp\/v2\/types\/post"}],"author":[{"embeddable":true,"href":"https:\/\/www.africa-press.net\/niger\/wp-json\/wp\/v2\/users\/82"}],"replies":[{"embeddable":true,"href":"https:\/\/www.africa-press.net\/niger\/wp-json\/wp\/v2\/comments?post=59926"}],"version-history":[{"count":0,"href":"https:\/\/www.africa-press.net\/niger\/wp-json\/wp\/v2\/posts\/59926\/revisions"}],"wp:featuredmedia":[{"embeddable":true,"href":"https:\/\/www.africa-press.net\/niger\/wp-json\/wp\/v2\/media\/59925"}],"wp:attachment":[{"href":"https:\/\/www.africa-press.net\/niger\/wp-json\/wp\/v2\/media?parent=59926"}],"wp:term":[{"taxonomy":"category","embeddable":true,"href":"https:\/\/www.africa-press.net\/niger\/wp-json\/wp\/v2\/categories?post=59926"},{"taxonomy":"post_tag","embeddable":true,"href":"https:\/\/www.africa-press.net\/niger\/wp-json\/wp\/v2\/tags?post=59926"}],"curies":[{"name":"wp","href":"https:\/\/api.w.org\/{rel}","templated":true}]}}