{"id":59929,"date":"2024-03-14T17:23:23","date_gmt":"2024-03-14T17:23:23","guid":{"rendered":"https:\/\/www.africa-press.net\/niger\/politique\/agadez-presentation-du-processus-delaboration-du-schema-damenagement-foncier-de-la-region-et-son-rapport-dexecution"},"modified":"2024-03-14T18:19:28","modified_gmt":"2024-03-14T18:19:28","slug":"agadez-presentation-du-processus-delaboration-du-schema-damenagement-foncier-de-la-region-et-son-rapport-dexecution","status":"publish","type":"post","link":"https:\/\/www.africa-press.net\/niger\/politique\/agadez-presentation-du-processus-delaboration-du-schema-damenagement-foncier-de-la-region-et-son-rapport-dexecution","title":{"rendered":"Agadez : Pr\u00e9sentation du processus d\u2019\u00e9laboration du Sch\u00e9ma d\u2019Am\u00e9nagement Foncier de la r\u00e9gion et son rapport d\u2019ex\u00e9cution"},"content":{"rendered":"<p><span style=\"color: #ff6600\"><strong>Africa-Press &#8211; Niger. <\/strong><\/span><b>Le Gouverneur de la re\u0301gion d\u2019Agadez, le Ge\u0301ne\u0301ral de Brigade Ibra Boulama Issa, pre\u0301sident du Comite\u0301 Re\u0301gional de Coordination du Sche\u0301ma d\u2019Ame\u0301nagement Foncier de la re\u0301gion d\u2019Agadez (SAF\/AZ), a pre\u0301side\u0301, le mardi 12 mars 2024, une re\u0301union de pre\u0301sentation du processus d\u2019e\u0301laboration du Sche\u0301ma d\u2019Ame\u0301nagement Foncier de la re\u0301gion et son rapport d\u2019exe\u0301cution. Cette rencontre, tenue dans la salle des re\u0301unions du gouvernorat, consiste a\u0300 faire un e\u0301tat des lieux du processus de finalisation du SAF\/AZ. Elle est aussi l\u2019occasion de faire le diagnostic des enjeux et de\u0301fis qui bloquent le processus. Elle s\u2019est de\u0301roule\u0301e en pre\u0301sence du pre\u0301sident du Conseil Re\u0301gional, du maire de la Commune Urbaine d\u2019Agadez, de l\u2019honorable Sultan de l\u2019Ai\u0308r, des deux secre\u0301taires ge\u0301ne\u0301raux de la re\u0301gion, des responsables re\u0301gionaux et ceux des FDS.<\/b><\/p>\n<p>satisfait du travail pre\u0301sente\u0301 par le comite\u0301 technique, le Gouverneur de la re\u0301gion d\u2019Agadez a fe\u0301licite\u0301 et encourage\u0301 l\u2019ensemble des membres du comite\u0301 technique pour le travail abattu, mais aussi pour le sacrifice consenti. Le Ge\u0301ne\u0301ral de Brigade Ibra Boulama Issa a ensuite releve\u0301 l\u2019importance du SAF pour la re\u0301gion d\u2019Agadez, et e\u0301galement pour le pays. \u00ab Vu l\u2019importance du Sche\u0301ma d\u2019Ame\u0301nagement Foncier, il faudrait comprendre que cet outil fondamental par rapport a\u0300 la re\u0301gion elle-me\u0302me et par rapport au pays (&#8230;) au niveau de la re\u0301gion d\u2019Agadez, nous allons tout faire pour que ce Sche\u0301ma soit finalise\u0301 dans les meilleurs de\u0301lais possibles et dans les meilleures conditions possibles \u00bb, a indique\u0301 le Gouverneur.<\/p>\n<p>Il a aussi releve\u0301 que le Sche\u0301ma d\u2019Ame\u0301nagement Foncier est un important outil parce qu\u2019il pre\u0301sente toutes les potentialite\u0301s de la re\u0301gion, mais e\u0301galement, les diffe\u0301rentes contraintes auxquelles la re\u0301gion fait face. Au niveau d\u2019Agadez, ce Sche\u0301ma prend en compte plusieurs proble\u0301matiques, dont la de\u0301mographie, le cheptel, la pousse\u0301e du marai\u0302chage. \u00ab Tous ces proble\u0300mes, vous les avez inventorie\u0301s, vous les avez liste\u0301s. Cela refle\u0300te l\u2019importance pour la re\u0301gion d\u2019avoir cet outil, aussi bien dans le cadre de la planification, au niveau e\u0301tatique, qu\u2019au niveau re\u0301gional. C\u2019est vraiment l\u2019outil de base. Et nous avons tout inte\u0301re\u0302t a\u0300 ce que cet outil puisse e\u0302tre finalise\u0301 parce qu\u2019il est hautement strate\u0301gique aussi bien pour la re\u0301gion que pour l\u2019Etat \u00bb, a fait observer le Gouverneur.<\/p>\n<p>Parlant des difficulte\u0301s rencontre\u0301es dans le processus, notamment en ce qui concerne les ressources humaines, le Gouverneur a rassure\u0301 le comite\u0301 technique que toutes les dispositions ne\u0301cessaires seront prises pour combler le vide et permettre au travail d\u2019avancer vite. \u00ab Si chacun met du sien, d\u2019ici la fin de l\u2019anne\u0301e 2024, nous pouvons arriver a\u0300 l\u2019objectif qui est la finalisation du processus d\u2019e\u0301laboration de ce sche\u0301ma \u00bb, a souligne\u0301 le Ge\u0301ne\u0301ral de Brigade Ibra Boulama Issa.<\/p>\n<p>Il faut pre\u0301ciser que l\u2019ensemble du processus a e\u0301te\u0301 finance\u0301 par les partenaires techniques et financiers de l\u2019E\u0301tat et aujourd\u2019hui ce financement est arre\u0302te\u0301. C\u2019est pourquoi, en sa qualite\u0301 de pre\u0301sident du Comite\u0301 Re\u0301gional, le Gouverneur a insiste\u0301 sur la ne\u0301cessite\u0301 pour l\u2019E\u0301tat de prendre en charge ce type de travail. \u00ab C\u2019est important pour un outil strate\u0301gique de cette importance que l\u2019E\u0301tat e\u0301galement voit dans quelles mesures ce travail peut e\u0302tre finance\u0301 par les ressources de l\u2019E\u0301tat et aussi par les collectivite\u0301s territoriales. C\u2019est notre outil de planification et c\u2019est tout a\u0300 fait important et primordial que cet outil soit finance\u0301 par l\u2019E\u0301tat \u00bb, a fait remarquer le Ge\u0301ne\u0301ral de Brigade Ibra Boulama Issa.<\/p>\n<p>Aussi, le Gouverneur d\u2019Agadez a, au nom du Pre\u0301sident du Conseil National pour la Sauvegarde de la Patrie, Chef de l\u2019E\u0301tat, le Ge\u0301ne\u0301ral de Brigade Abdourahamane Tiani et de celui du Premier Ministre, M. Ali Mahamane Lamine Zeine, a rendu un hommage me\u0301rite\u0301 aux membres du comite\u0301 technique pour cet important travail, malgre\u0301 les conditions tre\u0300s difficiles. Il les a encourage\u0301s a\u0300 continuer dans ce sens en les invitant a\u0300 faire un e\u0301tat des lieux de ce qui reste a\u0300 faire, en ce qui concerne la finalisation de la phase diagnostic, mais e\u0301galement pour la phase d\u2019e\u0301laboration pour pouvoir finaliser le document. \u00ab Je peux vous assurer de notre disponibilite\u0301 pour vous accompagner a\u0300 partir d\u2019aujourd\u2019hui dans le processus qui reste pour terminer ce Sche\u0301ma d\u2019Ame\u0301nagement Foncier \u00bb, a dit le Gouverneur.<\/p>\n<p>Auparavant, le pre\u0301sident du Comite\u0301 Technique Re\u0301gional d\u2019e\u0301laboration dudit Sche\u0301ma, M. Effad Hamada a pris la parole pour de\u0301cliner la quintessence de leur travail. Il a saisi l\u2019opportunite\u0301 pour expliquer a\u0300 l\u2019assistance l\u2019e\u0301tendue de la mission confie\u0301e a\u0300 eux dans le cadre de ce travail et faire l\u2019e\u0301tat des difficulte\u0301s auxquelles ils se sont confronte\u0301s. Il a e\u0301galement, au nom des membres du comite\u0301 technique, exprime\u0301 leur gratitude au Gouverneur pour tous les accompagnements et les soutiens dont le comite\u0301 a fait l\u2019objet, ainsi que pour l\u2019inte\u0301re\u0302t qu\u2019il accorde a\u0300 cet outil important de planification re\u0301gional et national.<\/p>\n<p><b>Hadi Oumarou (Stagiaire)<\/b><\/p>\n<p><strong>Pour plus d&rsquo;informations et d&rsquo;analyses sur la <a href=\"https:\/\/www.africa-press.net\/niger\">Niger<\/a>, suivez <a href=\"https:\/\/www.africa-press.net\/\">Africa-Press<\/a><\/strong><\/p>\n","protected":false},"excerpt":{"rendered":"<p>Africa-Press &#8211; Niger. Le Gouverneur de la re\u0301gion d\u2019Agadez, le Ge\u0301ne\u0301ral de Brigade Ibra Boulama Issa, pre\u0301sident du Comite\u0301 Re\u0301gional de Coordination du Sche\u0301ma d\u2019Ame\u0301nagement Foncier de la re\u0301gion d\u2019Agadez (SAF\/AZ), a pre\u0301side\u0301, le mardi 12 mars 2024, une re\u0301union de pre\u0301sentation du processus d\u2019e\u0301laboration du Sche\u0301ma d\u2019Ame\u0301nagement Foncier de la re\u0301gion et son rapport [&hellip;]<\/p>\n","protected":false},"author":82,"featured_media":59928,"comment_status":"open","ping_status":"closed","sticky":false,"template":"","format":"standard","meta":{"footnotes":""},"categories":[2,10],"tags":[55,60,29],"class_list":["post-59929","post","type-post","status-publish","format-standard","has-post-thumbnail","hentry","category-politique","category-toutes-les-actualites","tag-africa-press","tag-africa-press-niger","tag-niger"],"yoast_head":"<!-- This site is optimized with the Yoast SEO Premium plugin v26.1 (Yoast SEO v27.0) - https:\/\/yoast.com\/product\/yoast-seo-premium-wordpress\/ -->\n<title>Agadez : Pr\u00e9sentation du processus d\u2019\u00e9laboration du Sch\u00e9ma d\u2019Am\u00e9nagement Foncier de la r\u00e9gion et son rapport d\u2019ex\u00e9cution - niger<\/title>\n<meta name=\"description\" content=\"Le Gouverneur de la re\u0301gion d\u2019Agadez, le Ge\u0301ne\u0301ral de Brigade Ibra Boulama Issa, pre\u0301sident du Comite\u0301 Re\u0301gional de C ...\" \/>\n<meta name=\"robots\" content=\"index, follow, max-snippet:-1, max-image-preview:large, max-video-preview:-1\" \/>\n<link rel=\"canonical\" href=\"https:\/\/www.africa-press.net\/niger\/politique\/agadez-presentation-du-processus-delaboration-du-schema-damenagement-foncier-de-la-region-et-son-rapport-dexecution\" \/>\n<meta property=\"og:locale\" content=\"fr_FR\" \/>\n<meta property=\"og:type\" content=\"article\" \/>\n<meta property=\"og:title\" content=\"Agadez : Pr\u00e9sentation du processus d\u2019\u00e9laboration du Sch\u00e9ma d\u2019Am\u00e9nagement Foncier de la r\u00e9gion et son rapport d\u2019ex\u00e9cution\" \/>\n<meta property=\"og:description\" content=\"Le Gouverneur de la re\u0301gion d\u2019Agadez, le Ge\u0301ne\u0301ral de Brigade Ibra Boulama Issa, pre\u0301sident du Comite\u0301 Re\u0301gional de C ...\" \/>\n<meta property=\"og:url\" content=\"https:\/\/www.africa-press.net\/niger\/politique\/agadez-presentation-du-processus-delaboration-du-schema-damenagement-foncier-de-la-region-et-son-rapport-dexecution\" \/>\n<meta property=\"og:site_name\" content=\"niger\" \/>\n<meta property=\"article:published_time\" content=\"2024-03-14T17:23:23+00:00\" \/>\n<meta property=\"article:modified_time\" content=\"2024-03-14T18:19:28+00:00\" \/>\n<meta property=\"og:image\" content=\"https:\/\/static.africa-press.net\/niger\/sites\/40\/2024\/03\/sm_1710427718.162367.jpg\" \/>\n\t<meta property=\"og:image:width\" content=\"1000\" \/>\n\t<meta property=\"og:image:height\" content=\"750\" \/>\n\t<meta property=\"og:image:type\" content=\"image\/jpeg\" \/>\n<meta name=\"author\" content=\"cfeditorfr\" \/>\n<meta name=\"twitter:card\" content=\"summary_large_image\" \/>\n<meta name=\"twitter:label1\" content=\"\u00c9crit par\" \/>\n\t<meta name=\"twitter:data1\" content=\"cfeditorfr\" \/>\n\t<meta name=\"twitter:label2\" content=\"Dur\u00e9e de lecture estim\u00e9e\" \/>\n\t<meta name=\"twitter:data2\" content=\"5 minutes\" \/>\n<script type=\"application\/ld+json\" class=\"yoast-schema-graph\">{\"@context\":\"https:\/\/schema.org\",\"@graph\":[{\"@type\":\"Article\",\"@id\":\"https:\/\/www.africa-press.net\/niger\/politique\/agadez-presentation-du-processus-delaboration-du-schema-damenagement-foncier-de-la-region-et-son-rapport-dexecution#article\",\"isPartOf\":{\"@id\":\"https:\/\/www.africa-press.net\/niger\/politique\/agadez-presentation-du-processus-delaboration-du-schema-damenagement-foncier-de-la-region-et-son-rapport-dexecution\"},\"author\":{\"name\":\"cfeditorfr\",\"@id\":\"https:\/\/www.africa-press.net\/niger\/#\/schema\/person\/2b1cf3cd81a31e3cd26889ca66d677f1\"},\"headline\":\"Agadez : Pr\u00e9sentation du processus d\u2019\u00e9laboration du Sch\u00e9ma d\u2019Am\u00e9nagement Foncier de la r\u00e9gion et son rapport d\u2019ex\u00e9cution\",\"datePublished\":\"2024-03-14T17:23:23+00:00\",\"dateModified\":\"2024-03-14T18:19:28+00:00\",\"mainEntityOfPage\":{\"@id\":\"https:\/\/www.africa-press.net\/niger\/politique\/agadez-presentation-du-processus-delaboration-du-schema-damenagement-foncier-de-la-region-et-son-rapport-dexecution\"},\"wordCount\":994,\"commentCount\":0,\"image\":{\"@id\":\"https:\/\/www.africa-press.net\/niger\/politique\/agadez-presentation-du-processus-delaboration-du-schema-damenagement-foncier-de-la-region-et-son-rapport-dexecution#primaryimage\"},\"thumbnailUrl\":\"https:\/\/static.africa-press.net\/niger\/sites\/40\/2024\/03\/sm_1710427718.162367.jpg\",\"keywords\":[\"Africa Press\",\"Africa Press-Niger\",\"Niger\"],\"articleSection\":[\"Politique\",\"Toutes les actualit\u00e9s\"],\"inLanguage\":\"fr-FR\",\"potentialAction\":[{\"@type\":\"CommentAction\",\"name\":\"Comment\",\"target\":[\"https:\/\/www.africa-press.net\/niger\/politique\/agadez-presentation-du-processus-delaboration-du-schema-damenagement-foncier-de-la-region-et-son-rapport-dexecution#respond\"]}]},{\"@type\":\"WebPage\",\"@id\":\"https:\/\/www.africa-press.net\/niger\/politique\/agadez-presentation-du-processus-delaboration-du-schema-damenagement-foncier-de-la-region-et-son-rapport-dexecution\",\"url\":\"https:\/\/www.africa-press.net\/niger\/politique\/agadez-presentation-du-processus-delaboration-du-schema-damenagement-foncier-de-la-region-et-son-rapport-dexecution\",\"name\":\"Agadez : Pr\u00e9sentation du processus d\u2019\u00e9laboration du Sch\u00e9ma d\u2019Am\u00e9nagement Foncier de la r\u00e9gion et son rapport d\u2019ex\u00e9cution - niger\",\"isPartOf\":{\"@id\":\"https:\/\/www.africa-press.net\/niger\/#website\"},\"primaryImageOfPage\":{\"@id\":\"https:\/\/www.africa-press.net\/niger\/politique\/agadez-presentation-du-processus-delaboration-du-schema-damenagement-foncier-de-la-region-et-son-rapport-dexecution#primaryimage\"},\"image\":{\"@id\":\"https:\/\/www.africa-press.net\/niger\/politique\/agadez-presentation-du-processus-delaboration-du-schema-damenagement-foncier-de-la-region-et-son-rapport-dexecution#primaryimage\"},\"thumbnailUrl\":\"https:\/\/static.africa-press.net\/niger\/sites\/40\/2024\/03\/sm_1710427718.162367.jpg\",\"datePublished\":\"2024-03-14T17:23:23+00:00\",\"dateModified\":\"2024-03-14T18:19:28+00:00\",\"author\":{\"@id\":\"https:\/\/www.africa-press.net\/niger\/#\/schema\/person\/2b1cf3cd81a31e3cd26889ca66d677f1\"},\"description\":\"Le Gouverneur de la re\u0301gion d\u2019Agadez, le Ge\u0301ne\u0301ral de Brigade Ibra Boulama Issa, pre\u0301sident du Comite\u0301 Re\u0301gional de C ...\",\"breadcrumb\":{\"@id\":\"https:\/\/www.africa-press.net\/niger\/politique\/agadez-presentation-du-processus-delaboration-du-schema-damenagement-foncier-de-la-region-et-son-rapport-dexecution#breadcrumb\"},\"inLanguage\":\"fr-FR\",\"potentialAction\":[{\"@type\":\"ReadAction\",\"target\":[\"https:\/\/www.africa-press.net\/niger\/politique\/agadez-presentation-du-processus-delaboration-du-schema-damenagement-foncier-de-la-region-et-son-rapport-dexecution\"]}]},{\"@type\":\"ImageObject\",\"inLanguage\":\"fr-FR\",\"@id\":\"https:\/\/www.africa-press.net\/niger\/politique\/agadez-presentation-du-processus-delaboration-du-schema-damenagement-foncier-de-la-region-et-son-rapport-dexecution#primaryimage\",\"url\":\"https:\/\/static.africa-press.net\/niger\/sites\/40\/2024\/03\/sm_1710427718.162367.jpg\",\"contentUrl\":\"https:\/\/static.africa-press.net\/niger\/sites\/40\/2024\/03\/sm_1710427718.162367.jpg\",\"width\":1000,\"height\":750,\"caption\":\"Agadez : Pr\u00e9sentation du processus d\u2019\u00e9laboration du Sch\u00e9ma d\u2019Am\u00e9nagement Foncier de la r\u00e9gion et son rapport d\u2019ex\u00e9cution\"},{\"@type\":\"BreadcrumbList\",\"@id\":\"https:\/\/www.africa-press.net\/niger\/politique\/agadez-presentation-du-processus-delaboration-du-schema-damenagement-foncier-de-la-region-et-son-rapport-dexecution#breadcrumb\",\"itemListElement\":[{\"@type\":\"ListItem\",\"position\":1,\"name\":\"Accueil\",\"item\":\"https:\/\/www.africa-press.net\/niger\/\"},{\"@type\":\"ListItem\",\"position\":2,\"name\":\"Agadez : Pr\u00e9sentation du processus d\u2019\u00e9laboration du Sch\u00e9ma d\u2019Am\u00e9nagement Foncier de la r\u00e9gion et son rapport d\u2019ex\u00e9cution\"}]},{\"@type\":\"WebSite\",\"@id\":\"https:\/\/www.africa-press.net\/niger\/#website\",\"url\":\"https:\/\/www.africa-press.net\/niger\/\",\"name\":\"niger\",\"description\":\"Just another Africa News Agency Sites site\",\"potentialAction\":[{\"@type\":\"SearchAction\",\"target\":{\"@type\":\"EntryPoint\",\"urlTemplate\":\"https:\/\/www.africa-press.net\/niger\/?s={search_term_string}\"},\"query-input\":{\"@type\":\"PropertyValueSpecification\",\"valueRequired\":true,\"valueName\":\"search_term_string\"}}],\"inLanguage\":\"fr-FR\"},{\"@type\":\"Person\",\"@id\":\"https:\/\/www.africa-press.net\/niger\/#\/schema\/person\/2b1cf3cd81a31e3cd26889ca66d677f1\",\"name\":\"cfeditorfr\"}]}<\/script>\n<!-- \/ Yoast SEO Premium plugin. -->","yoast_head_json":{"title":"Agadez : Pr\u00e9sentation du processus d\u2019\u00e9laboration du Sch\u00e9ma d\u2019Am\u00e9nagement Foncier de la r\u00e9gion et son rapport d\u2019ex\u00e9cution - niger","description":"Le Gouverneur de la re\u0301gion d\u2019Agadez, le Ge\u0301ne\u0301ral de Brigade Ibra Boulama Issa, pre\u0301sident du Comite\u0301 Re\u0301gional de C ...","robots":{"index":"index","follow":"follow","max-snippet":"max-snippet:-1","max-image-preview":"max-image-preview:large","max-video-preview":"max-video-preview:-1"},"canonical":"https:\/\/www.africa-press.net\/niger\/politique\/agadez-presentation-du-processus-delaboration-du-schema-damenagement-foncier-de-la-region-et-son-rapport-dexecution","og_locale":"fr_FR","og_type":"article","og_title":"Agadez : Pr\u00e9sentation du processus d\u2019\u00e9laboration du Sch\u00e9ma d\u2019Am\u00e9nagement Foncier de la r\u00e9gion et son rapport d\u2019ex\u00e9cution","og_description":"Le Gouverneur de la re\u0301gion d\u2019Agadez, le Ge\u0301ne\u0301ral de Brigade Ibra Boulama Issa, pre\u0301sident du Comite\u0301 Re\u0301gional de C ...","og_url":"https:\/\/www.africa-press.net\/niger\/politique\/agadez-presentation-du-processus-delaboration-du-schema-damenagement-foncier-de-la-region-et-son-rapport-dexecution","og_site_name":"niger","article_published_time":"2024-03-14T17:23:23+00:00","article_modified_time":"2024-03-14T18:19:28+00:00","og_image":[{"width":1000,"height":750,"url":"https:\/\/static.africa-press.net\/niger\/sites\/40\/2024\/03\/sm_1710427718.162367.jpg","type":"image\/jpeg"}],"author":"cfeditorfr","twitter_card":"summary_large_image","twitter_misc":{"\u00c9crit par":"cfeditorfr","Dur\u00e9e de lecture estim\u00e9e":"5 minutes"},"schema":{"@context":"https:\/\/schema.org","@graph":[{"@type":"Article","@id":"https:\/\/www.africa-press.net\/niger\/politique\/agadez-presentation-du-processus-delaboration-du-schema-damenagement-foncier-de-la-region-et-son-rapport-dexecution#article","isPartOf":{"@id":"https:\/\/www.africa-press.net\/niger\/politique\/agadez-presentation-du-processus-delaboration-du-schema-damenagement-foncier-de-la-region-et-son-rapport-dexecution"},"author":{"name":"cfeditorfr","@id":"https:\/\/www.africa-press.net\/niger\/#\/schema\/person\/2b1cf3cd81a31e3cd26889ca66d677f1"},"headline":"Agadez : Pr\u00e9sentation du processus d\u2019\u00e9laboration du Sch\u00e9ma d\u2019Am\u00e9nagement Foncier de la r\u00e9gion et son rapport d\u2019ex\u00e9cution","datePublished":"2024-03-14T17:23:23+00:00","dateModified":"2024-03-14T18:19:28+00:00","mainEntityOfPage":{"@id":"https:\/\/www.africa-press.net\/niger\/politique\/agadez-presentation-du-processus-delaboration-du-schema-damenagement-foncier-de-la-region-et-son-rapport-dexecution"},"wordCount":994,"commentCount":0,"image":{"@id":"https:\/\/www.africa-press.net\/niger\/politique\/agadez-presentation-du-processus-delaboration-du-schema-damenagement-foncier-de-la-region-et-son-rapport-dexecution#primaryimage"},"thumbnailUrl":"https:\/\/static.africa-press.net\/niger\/sites\/40\/2024\/03\/sm_1710427718.162367.jpg","keywords":["Africa Press","Africa Press-Niger","Niger"],"articleSection":["Politique","Toutes les actualit\u00e9s"],"inLanguage":"fr-FR","potentialAction":[{"@type":"CommentAction","name":"Comment","target":["https:\/\/www.africa-press.net\/niger\/politique\/agadez-presentation-du-processus-delaboration-du-schema-damenagement-foncier-de-la-region-et-son-rapport-dexecution#respond"]}]},{"@type":"WebPage","@id":"https:\/\/www.africa-press.net\/niger\/politique\/agadez-presentation-du-processus-delaboration-du-schema-damenagement-foncier-de-la-region-et-son-rapport-dexecution","url":"https:\/\/www.africa-press.net\/niger\/politique\/agadez-presentation-du-processus-delaboration-du-schema-damenagement-foncier-de-la-region-et-son-rapport-dexecution","name":"Agadez : Pr\u00e9sentation du processus d\u2019\u00e9laboration du Sch\u00e9ma d\u2019Am\u00e9nagement Foncier de la r\u00e9gion et son rapport d\u2019ex\u00e9cution - niger","isPartOf":{"@id":"https:\/\/www.africa-press.net\/niger\/#website"},"primaryImageOfPage":{"@id":"https:\/\/www.africa-press.net\/niger\/politique\/agadez-presentation-du-processus-delaboration-du-schema-damenagement-foncier-de-la-region-et-son-rapport-dexecution#primaryimage"},"image":{"@id":"https:\/\/www.africa-press.net\/niger\/politique\/agadez-presentation-du-processus-delaboration-du-schema-damenagement-foncier-de-la-region-et-son-rapport-dexecution#primaryimage"},"thumbnailUrl":"https:\/\/static.africa-press.net\/niger\/sites\/40\/2024\/03\/sm_1710427718.162367.jpg","datePublished":"2024-03-14T17:23:23+00:00","dateModified":"2024-03-14T18:19:28+00:00","author":{"@id":"https:\/\/www.africa-press.net\/niger\/#\/schema\/person\/2b1cf3cd81a31e3cd26889ca66d677f1"},"description":"Le Gouverneur de la re\u0301gion d\u2019Agadez, le Ge\u0301ne\u0301ral de Brigade Ibra Boulama Issa, pre\u0301sident du Comite\u0301 Re\u0301gional de C ...","breadcrumb":{"@id":"https:\/\/www.africa-press.net\/niger\/politique\/agadez-presentation-du-processus-delaboration-du-schema-damenagement-foncier-de-la-region-et-son-rapport-dexecution#breadcrumb"},"inLanguage":"fr-FR","potentialAction":[{"@type":"ReadAction","target":["https:\/\/www.africa-press.net\/niger\/politique\/agadez-presentation-du-processus-delaboration-du-schema-damenagement-foncier-de-la-region-et-son-rapport-dexecution"]}]},{"@type":"ImageObject","inLanguage":"fr-FR","@id":"https:\/\/www.africa-press.net\/niger\/politique\/agadez-presentation-du-processus-delaboration-du-schema-damenagement-foncier-de-la-region-et-son-rapport-dexecution#primaryimage","url":"https:\/\/static.africa-press.net\/niger\/sites\/40\/2024\/03\/sm_1710427718.162367.jpg","contentUrl":"https:\/\/static.africa-press.net\/niger\/sites\/40\/2024\/03\/sm_1710427718.162367.jpg","width":1000,"height":750,"caption":"Agadez : Pr\u00e9sentation du processus d\u2019\u00e9laboration du Sch\u00e9ma d\u2019Am\u00e9nagement Foncier de la r\u00e9gion et son rapport d\u2019ex\u00e9cution"},{"@type":"BreadcrumbList","@id":"https:\/\/www.africa-press.net\/niger\/politique\/agadez-presentation-du-processus-delaboration-du-schema-damenagement-foncier-de-la-region-et-son-rapport-dexecution#breadcrumb","itemListElement":[{"@type":"ListItem","position":1,"name":"Accueil","item":"https:\/\/www.africa-press.net\/niger\/"},{"@type":"ListItem","position":2,"name":"Agadez : Pr\u00e9sentation du processus d\u2019\u00e9laboration du Sch\u00e9ma d\u2019Am\u00e9nagement Foncier de la r\u00e9gion et son rapport d\u2019ex\u00e9cution"}]},{"@type":"WebSite","@id":"https:\/\/www.africa-press.net\/niger\/#website","url":"https:\/\/www.africa-press.net\/niger\/","name":"niger","description":"Just another Africa News Agency Sites site","potentialAction":[{"@type":"SearchAction","target":{"@type":"EntryPoint","urlTemplate":"https:\/\/www.africa-press.net\/niger\/?s={search_term_string}"},"query-input":{"@type":"PropertyValueSpecification","valueRequired":true,"valueName":"search_term_string"}}],"inLanguage":"fr-FR"},{"@type":"Person","@id":"https:\/\/www.africa-press.net\/niger\/#\/schema\/person\/2b1cf3cd81a31e3cd26889ca66d677f1","name":"cfeditorfr"}]}},"_links":{"self":[{"href":"https:\/\/www.africa-press.net\/niger\/wp-json\/wp\/v2\/posts\/59929","targetHints":{"allow":["GET"]}}],"collection":[{"href":"https:\/\/www.africa-press.net\/niger\/wp-json\/wp\/v2\/posts"}],"about":[{"href":"https:\/\/www.africa-press.net\/niger\/wp-json\/wp\/v2\/types\/post"}],"author":[{"embeddable":true,"href":"https:\/\/www.africa-press.net\/niger\/wp-json\/wp\/v2\/users\/82"}],"replies":[{"embeddable":true,"href":"https:\/\/www.africa-press.net\/niger\/wp-json\/wp\/v2\/comments?post=59929"}],"version-history":[{"count":0,"href":"https:\/\/www.africa-press.net\/niger\/wp-json\/wp\/v2\/posts\/59929\/revisions"}],"wp:featuredmedia":[{"embeddable":true,"href":"https:\/\/www.africa-press.net\/niger\/wp-json\/wp\/v2\/media\/59928"}],"wp:attachment":[{"href":"https:\/\/www.africa-press.net\/niger\/wp-json\/wp\/v2\/media?parent=59929"}],"wp:term":[{"taxonomy":"category","embeddable":true,"href":"https:\/\/www.africa-press.net\/niger\/wp-json\/wp\/v2\/categories?post=59929"},{"taxonomy":"post_tag","embeddable":true,"href":"https:\/\/www.africa-press.net\/niger\/wp-json\/wp\/v2\/tags?post=59929"}],"curies":[{"name":"wp","href":"https:\/\/api.w.org\/{rel}","templated":true}]}}