{"id":59975,"date":"2024-03-15T14:12:58","date_gmt":"2024-03-15T14:12:58","guid":{"rendered":"https:\/\/www.africa-press.net\/niger\/politique\/desenclavement-de-la-commune-rurale-de-fachi-les-deux-camions-assurant-la-liaison-en-panne-dans-le-sahara-depuis-trois-ans"},"modified":"2024-03-15T15:13:17","modified_gmt":"2024-03-15T15:13:17","slug":"desenclavement-de-la-commune-rurale-de-fachi-les-deux-camions-assurant-la-liaison-en-panne-dans-le-sahara-depuis-trois-ans","status":"publish","type":"post","link":"https:\/\/www.africa-press.net\/niger\/photo\/desenclavement-de-la-commune-rurale-de-fachi-les-deux-camions-assurant-la-liaison-en-panne-dans-le-sahara-depuis-trois-ans","title":{"rendered":"D\u00e9senclavement de la Commune Rurale de Fachi : Les deux camions assurant la liaison en panne dans le Sahara depuis trois ans"},"content":{"rendered":"<p><span style=\"color: #ff6600\"><strong>Africa-Press &#8211; Niger. <\/strong><\/span><b>Situe\u0301e a\u0300 environ 400 km d\u2019Agadez, chef-lieu de la re\u0301gion et a\u0300 environ 140 km de Bilma, chef-lieu du de\u0301partement, Fachi est la commune la plus enclave\u0301e du de\u0301partement de Bilma. Entoure\u0301e des dunes de sable, la Commune Rurale de Fachi, constitue\u0301e d\u2019un village et trois tribus, est distante de tout lieu habite\u0301 d\u2019au moins 150 km. Cette position rend le transport tre\u0300s difficile et c\u2019est pourquoi, les transporteurs s\u2019inte\u0301ressent plus aux axes Agadez-Dirkou-Bilma et Agadez-Djado. Ainsi, le ravitaillement de cette partie du kawar est une pre\u0301occupation prioritaire pour les communaute\u0301s en ge\u0301ne\u0301ral, mais particulie\u0300rement pour les autorite\u0301s municipales.<\/b><\/p>\n<p>C\u2019est ainsi que, en 2011 et en 2017, la commune s\u2019est dote\u0301e de deux camions de type Mercedez 2624, mis a\u0300 la disposition de la population pour le transport des personnes et des biens sur l\u2019axe Fachi-Agadez-Fachi, et au besoin sur les axes reliant Fachi au reste des localite\u0301s du De\u0301partement. Ces deux camions ont donne\u0301 de la joie et de la fierte\u0301 a\u0300 cette population dans un contexte tre\u0300s difficile, jusqu\u2019en 2021. Mais, cette opportunite\u0301, que repre\u0301sente ces pre\u0301cieux moyens de de\u0301placement n\u2019existe plus depuis 2021 suite a\u0300 la panne technique des camions dans le grand Sahara. Aucune autorite\u0301 d\u2019alors, au niveau communal, de\u0301partemental, re\u0301gional et national n\u2019a songe\u0301 a\u0300 les re\u0301parer et redonner de l\u2019espoir a\u0300 cette population du kawar.<\/p>\n<p>Malgre\u0301 l\u2019importance de la production de sel, de dattes et des produits marai\u0302chers de Fachi qui pourraient constituer un marche\u0301 su\u0302r pour les transporteurs et autres acteurs e\u0301conomiques de la re\u0301gion, cet axe est abandonne\u0301. Le potentiel e\u0301conomique de la Commune Rurale de Fachi pre\u0301sente a\u0300 titre illustratif, une production annuelle estime\u0301e a\u0300 environ: 5 000 tonnes de dattes, 10 000 tonnes de sel et 2 000 tonnes de produits marai\u0302chers. Fachi qui pourrait constituer un important po\u0302le e\u0301conomique inte\u0301resse malheureusement peu, a\u0300 cause de son enclavement.<\/p>\n<p>\u00ab La difficulte\u0301 d\u2019acce\u0300s aux de\u0301bouche\u0301s par manque de camion de transport fait que d\u2019importantes quantite\u0301s de ces produits se de\u0301te\u0301riorent chaque anne\u0301e a\u0300 Fachi. Pour se de\u0301placer vers les autres zones du pays il faut attendre les rares ve\u0301hicules de l\u2019administration en mission ou des partenaires au de\u0301veloppement ou encore les rarissimes transporteurs qui, occasionnellement ou pe\u0301riodiquement (apre\u0300s les re\u0301coltes des dattes), s\u2019y aventurent. Pour le ravitaillement en produits de premie\u0300re ne\u0301cessite\u0301 a\u0300 partir d\u2019Agadez ou de Dirkou, quelques commerc\u0327ants de Fachi ne\u0301gocient les services de ces transporteurs pour un cou\u0302t de transport qui fait le double ou le triple de celui d\u2019Agadez a\u0300 Bilma. Il en est de me\u0302me lorsqu\u2019il s\u2019agit de transporter la production annuelle de dattes vers Agadez \u00bb, explique un ancien administrateur de ladite Commune.<\/p>\n<p>Cette situation avait contraint la population de Fachi a\u0300 vivre dans une situation de pre\u0301carite\u0301 totale qui se caracte\u0301rise par la cherte\u0301 du cou\u0302t de la vie avec ses corollaires d\u2019inse\u0301curite\u0301 alimentaire, d\u2019exode rural, etc. C\u2019est effectivement pour pallier ce proble\u0300me et pour contribuer de manie\u0300re modeste a\u0300 l\u2019alle\u0300gement de la souffrance de cette population, qu\u2019en 2013, les autorite\u0301s municipales ont fait du de\u0301senclavement de la commune la priorite\u0301 des priorite\u0301s du Conseil Municipal. Ainsi, cet organe de\u0301libe\u0301ratif de la municipalite\u0301 avait pris la forte de\u0301cision, en 2011, d\u2019acheter des camions de transport adapte\u0301s au terrain. Le premier camion a e\u0301te\u0301 acquis sur les fonds des redevances minie\u0300res et un comite\u0301 de gestion a e\u0301te\u0301 e\u0301galement mis en place. Cette initiative a produit des effets positifs et trois ans apre\u0300s, soit en 2017, un deuxie\u0300me camion a e\u0301te\u0301 acquis, cette fois-ci gra\u0302ce a\u0300 l\u2019appui de l\u2019OIM. \u00ab Ces camions ont fonctionne\u0301 jusqu\u2019en mai 2021 et ont fait la fierte\u0301 de la population car ils e\u0301taient les seuls qui reliaient Fachi aux marche\u0301s exte\u0301rieurs de fac\u0327on re\u0301gulie\u0300re \u00bb, explique M. Dagouza Issa Goumoussoumi, ancien Maire-Adjoint de la Commune Rurale de Fachi.<\/p>\n<p>A tout point de vue, de 2013 a\u0300 2021 au moment ou\u0300 ces camions e\u0301taient en activite\u0301, l\u2019impact e\u0301tait positif sur plusieurs aspects de la vie de cette population de Fachi, a\u0300 titre illustratif: les cou\u0302ts des prix de transport des personnes et de leurs biens sont re\u0301duits et supportables par la population ; les productions des dattes, de sel et des produits marai\u0302chers sont achemine\u0301es vers les marche\u0301s en temps opportun ; le pouvoir d\u2019achat des populations s\u2019est significativement ame\u0301liore\u0301 ; l\u2019acce\u0300s et l\u2019accessibilite\u0301 aux produits de premie\u0300re ne\u0301cessite\u0301 ont e\u0301te\u0301 facilite\u0301s ; les mouvements des populations sont facilite\u0301s (il y a possibilite\u0301 de bien planifier les voyages) etc.<\/p>\n<p>Quelques mois apre\u0300s, les e\u0301lections de 2021, les camions ont commence\u0301 a\u0300 avoir des pannes a\u0300 re\u0301pe\u0301tition. Finalement, ils ont fini par rester dans les dunes de sable en plein Sahara. Ces camions sont tombe\u0301s en panne respectivement a\u0300 100 km pour l\u2019un et a\u0300 50 km pour l\u2019autre de Fachi. Depuis lors, c\u2019est la consternation et la de\u0301solation chez la population de Fachi.<\/p>\n<p>L\u2019e\u0301tat actuel des deux camions est critique. Certaines de leurs pie\u0300ces ont e\u0301te\u0301 enleve\u0301es ou de\u0301truites, ce qui rend la remise en marche de ces ve\u0301hicules tre\u0300s difficile, ou alors ne\u0301cessitant des de\u0301penses permettant d\u2019acque\u0301rir de nouveaux camions.<\/p>\n<p>L\u2019arre\u0302t de ces camions a replonge\u0301 ainsi Fachi dans la situation d\u2019avant et la population subit les conse\u0301quences de l\u2019enclavement. Ces circonstances relancent les de\u0301bats, sur la proble\u0301matique du de\u0301veloppement local. \u00ab Le de\u0301veloppement de la commune de Fachi est intimement lie\u0301 a\u0300 son de\u0301senclavement, c\u2019est pourquoi il est urgent pour les autorite\u0301s communales ou les groupes organise\u0301s de la commune de trouver les voies et moyens pour acque\u0301rir des camions de transport et les mettre sur l\u2019axe Agadez-Fachi \u00bb, pre\u0301conise cet ancien administrateur de la Commune Rurale de Fachi. C\u2019est l\u2019occasion pour l\u2019ensemble des acteurs d\u2019engager les de\u0301marches ne\u0301cessaires, aux co\u0302te\u0301s des autorite\u0301s coutumie\u0300res, municipales, et autres personnalite\u0301s, pour porter la voix de cette population au Pre\u0301sident du Conseil National pour la Sauvegarde de la Patrie, le Ge\u0301ne\u0301ral de Brigade Abdourahamane Tiani et au Gouvernement de Transition afin de cre\u0301er a\u0300 cette population de meilleures conditions de vie.<\/p>\n\r\n                <style type=\"text\/css\">\r\n                    \r\n                    #td_uid_1_69ef55af715ec  .td-doubleSlider-2 .td-item1 {\r\n                        background: url(https:\/\/static.africa-press.net\/niger\/sites\/40\/2024\/03\/sm_1710502915.316492-80x60.jpg) 0 0 no-repeat;\r\n                    }\r\n                    #td_uid_1_69ef55af715ec  .td-doubleSlider-2 .td-item2 {\r\n                        background: url(https:\/\/static.africa-press.net\/niger\/sites\/40\/2024\/03\/sm_1710502919.664613-80x60.jpg) 0 0 no-repeat;\r\n                    }\r\n                <\/style>\r\n\r\n                <div id=\"td_uid_1_69ef55af715ec\" class=\"td-gallery td-slide-on-2-columns\">\r\n                    <div class=\"post_td_gallery\">\r\n                        <div class=\"td-gallery-slide-top\">\r\n                           <div class=\"td-gallery-title\"><\/div>\r\n\r\n                            <div class=\"td-gallery-controls-wrapper\">\r\n                                <div class=\"td-gallery-slide-count\"><span class=\"td-gallery-slide-item-focus\">1<\/span> de 2<\/div>\r\n                                <div class=\"td-gallery-slide-prev-next-but\">\r\n                                    <i class = \"td-icon-left doubleSliderPrevButton\"><\/i>\r\n                                    <i class = \"td-icon-right doubleSliderNextButton\"><\/i>\r\n                                <\/div>\r\n                            <\/div>\r\n                        <\/div>\r\n\r\n                        <div class = \"td-doubleSlider-1 \">\r\n                            <div class = \"td-slider\">\r\n                                \r\n                    <div class = \"td-slide-item td-item1\">\r\n                        <figure class=\"td-slide-galery-figure td-slide-popup-gallery\">\r\n                            <a class=\"slide-gallery-image-link\" href=\"https:\/\/static.africa-press.net\/niger\/sites\/40\/2024\/03\/sm_1710502915.316492.jpg\" title=\"sm_1710502915.316492\"  data-caption=\"\"  data-description=\"\">\r\n                                <img decoding=\"async\" src=\"https:\/\/static.africa-press.net\/niger\/sites\/40\/2024\/03\/sm_1710502915.316492.jpg\" srcset=\"https:\/\/static.africa-press.net\/niger\/sites\/40\/2024\/03\/sm_1710502915.316492.jpg 491w, https:\/\/static.africa-press.net\/niger\/sites\/40\/2024\/03\/sm_1710502915.316492-300x228.jpg 300w, https:\/\/static.africa-press.net\/niger\/sites\/40\/2024\/03\/sm_1710502915.316492-80x60.jpg 80w\" sizes=\"(max-width: 491px) 100vw, 491px\" alt=\"\">\r\n                            <\/a>\r\n                            \r\n                        <\/figure>\r\n                    <\/div>\r\n                    <div class = \"td-slide-item td-item2\">\r\n                        <figure class=\"td-slide-galery-figure td-slide-popup-gallery\">\r\n                            <a class=\"slide-gallery-image-link\" href=\"https:\/\/static.africa-press.net\/niger\/sites\/40\/2024\/03\/sm_1710502919.664613.jpg\" title=\"sm_1710502919.664613\"  data-caption=\"\"  data-description=\"\">\r\n                                <img decoding=\"async\" src=\"https:\/\/static.africa-press.net\/niger\/sites\/40\/2024\/03\/sm_1710502919.664613.jpg\" srcset=\"https:\/\/static.africa-press.net\/niger\/sites\/40\/2024\/03\/sm_1710502919.664613.jpg 719w, https:\/\/static.africa-press.net\/niger\/sites\/40\/2024\/03\/sm_1710502919.664613-300x209.jpg 300w, https:\/\/static.africa-press.net\/niger\/sites\/40\/2024\/03\/sm_1710502919.664613-100x70.jpg 100w\" sizes=\"(max-width: 719px) 100vw, 719px\" alt=\"\">\r\n                            <\/a>\r\n                            \r\n                        <\/figure>\r\n                    <\/div>\r\n                            <\/div>\r\n                        <\/div>\r\n\r\n                        <div class = \"td-doubleSlider-2\">\r\n                            <div class = \"td-slider\">\r\n                                \r\n                    <div class = \"td-button td-item1\">\r\n                        <div class = \"td-border\"><\/div>\r\n                    <\/div>\r\n                    <div class = \"td-button td-item2\">\r\n                        <div class = \"td-border\"><\/div>\r\n                    <\/div>\r\n                            <\/div>\r\n                        <\/div>\r\n\r\n                    <\/div>\r\n\r\n                <\/div>\r\n                \n<p><strong>Pour plus d&rsquo;informations et d&rsquo;analyses sur la <a href=\"https:\/\/www.africa-press.net\/niger\">Niger<\/a>, suivez <a href=\"https:\/\/www.africa-press.net\/\">Africa-Press<\/a><\/strong><\/p>\n","protected":false},"excerpt":{"rendered":"<p>Africa-Press &#8211; Niger. Situe\u0301e a\u0300 environ 400 km d\u2019Agadez, chef-lieu de la re\u0301gion et a\u0300 environ 140 km de Bilma, chef-lieu du de\u0301partement, Fachi est la commune la plus enclave\u0301e du de\u0301partement de Bilma. Entoure\u0301e des dunes de sable, la Commune Rurale de Fachi, constitue\u0301e d\u2019un village et trois tribus, est distante de tout lieu [&hellip;]<\/p>\n","protected":false},"author":82,"featured_media":59974,"comment_status":"open","ping_status":"closed","sticky":false,"template":"","format":"standard","meta":{"footnotes":""},"categories":[21,8,10],"tags":[55,60,29],"class_list":["post-59975","post","type-post","status-publish","format-standard","has-post-thumbnail","hentry","category-communaute","category-photo","category-toutes-les-actualites","tag-africa-press","tag-africa-press-niger","tag-niger"],"yoast_head":"<!-- This site is optimized with the Yoast SEO Premium plugin v26.1 (Yoast SEO v27.0) - https:\/\/yoast.com\/product\/yoast-seo-premium-wordpress\/ -->\n<title>D\u00e9senclavement de la Commune Rurale de Fachi : Les deux camions assurant la liaison en panne dans le Sahara depuis trois ans - niger<\/title>\n<meta name=\"description\" content=\"Situe\u0301e a\u0300 environ 400 km d\u2019Agadez, chef-lieu de la re\u0301gion et a\u0300 environ 140 km de Bilma, chef-lieu du de\u0301partement, ...\" \/>\n<meta name=\"robots\" content=\"index, follow, max-snippet:-1, max-image-preview:large, max-video-preview:-1\" \/>\n<link rel=\"canonical\" href=\"https:\/\/www.africa-press.net\/niger\/photo\/desenclavement-de-la-commune-rurale-de-fachi-les-deux-camions-assurant-la-liaison-en-panne-dans-le-sahara-depuis-trois-ans\" \/>\n<meta property=\"og:locale\" content=\"fr_FR\" \/>\n<meta property=\"og:type\" content=\"article\" \/>\n<meta property=\"og:title\" content=\"D\u00e9senclavement de la Commune Rurale de Fachi : Les deux camions assurant la liaison en panne dans le Sahara depuis trois ans\" \/>\n<meta property=\"og:description\" content=\"Situe\u0301e a\u0300 environ 400 km d\u2019Agadez, chef-lieu de la re\u0301gion et a\u0300 environ 140 km de Bilma, chef-lieu du de\u0301partement, ...\" \/>\n<meta property=\"og:url\" content=\"https:\/\/www.africa-press.net\/niger\/photo\/desenclavement-de-la-commune-rurale-de-fachi-les-deux-camions-assurant-la-liaison-en-panne-dans-le-sahara-depuis-trois-ans\" \/>\n<meta property=\"og:site_name\" content=\"niger\" \/>\n<meta property=\"article:published_time\" content=\"2024-03-15T14:12:58+00:00\" \/>\n<meta property=\"article:modified_time\" content=\"2024-03-15T15:13:17+00:00\" \/>\n<meta property=\"og:image\" content=\"https:\/\/static.africa-press.net\/niger\/sites\/40\/2024\/03\/sm_1710502925.060337.jpg\" \/>\n\t<meta property=\"og:image:width\" content=\"990\" \/>\n\t<meta property=\"og:image:height\" content=\"556\" \/>\n\t<meta property=\"og:image:type\" content=\"image\/jpeg\" \/>\n<meta name=\"author\" content=\"cfeditorfr\" \/>\n<meta name=\"twitter:card\" content=\"summary_large_image\" \/>\n<meta name=\"twitter:label1\" content=\"\u00c9crit par\" \/>\n\t<meta name=\"twitter:data1\" content=\"cfeditorfr\" \/>\n\t<meta name=\"twitter:label2\" content=\"Dur\u00e9e de lecture estim\u00e9e\" \/>\n\t<meta name=\"twitter:data2\" content=\"6 minutes\" \/>\n<script type=\"application\/ld+json\" class=\"yoast-schema-graph\">{\"@context\":\"https:\/\/schema.org\",\"@graph\":[{\"@type\":\"Article\",\"@id\":\"https:\/\/www.africa-press.net\/niger\/photo\/desenclavement-de-la-commune-rurale-de-fachi-les-deux-camions-assurant-la-liaison-en-panne-dans-le-sahara-depuis-trois-ans#article\",\"isPartOf\":{\"@id\":\"https:\/\/www.africa-press.net\/niger\/photo\/desenclavement-de-la-commune-rurale-de-fachi-les-deux-camions-assurant-la-liaison-en-panne-dans-le-sahara-depuis-trois-ans\"},\"author\":{\"name\":\"cfeditorfr\",\"@id\":\"https:\/\/www.africa-press.net\/niger\/#\/schema\/person\/2b1cf3cd81a31e3cd26889ca66d677f1\"},\"headline\":\"D\u00e9senclavement de la Commune Rurale de Fachi : Les deux camions assurant la liaison en panne dans le Sahara depuis trois ans\",\"datePublished\":\"2024-03-15T14:12:58+00:00\",\"dateModified\":\"2024-03-15T15:13:17+00:00\",\"mainEntityOfPage\":{\"@id\":\"https:\/\/www.africa-press.net\/niger\/photo\/desenclavement-de-la-commune-rurale-de-fachi-les-deux-camions-assurant-la-liaison-en-panne-dans-le-sahara-depuis-trois-ans\"},\"wordCount\":1188,\"commentCount\":0,\"image\":{\"@id\":\"https:\/\/www.africa-press.net\/niger\/photo\/desenclavement-de-la-commune-rurale-de-fachi-les-deux-camions-assurant-la-liaison-en-panne-dans-le-sahara-depuis-trois-ans#primaryimage\"},\"thumbnailUrl\":\"https:\/\/static.africa-press.net\/niger\/sites\/40\/2024\/03\/sm_1710502925.060337.jpg\",\"keywords\":[\"Africa Press\",\"Africa Press-Niger\",\"Niger\"],\"articleSection\":[\"Communaut\u00e9\",\"Photo\",\"Toutes les actualit\u00e9s\"],\"inLanguage\":\"fr-FR\",\"potentialAction\":[{\"@type\":\"CommentAction\",\"name\":\"Comment\",\"target\":[\"https:\/\/www.africa-press.net\/niger\/photo\/desenclavement-de-la-commune-rurale-de-fachi-les-deux-camions-assurant-la-liaison-en-panne-dans-le-sahara-depuis-trois-ans#respond\"]}]},{\"@type\":\"WebPage\",\"@id\":\"https:\/\/www.africa-press.net\/niger\/photo\/desenclavement-de-la-commune-rurale-de-fachi-les-deux-camions-assurant-la-liaison-en-panne-dans-le-sahara-depuis-trois-ans\",\"url\":\"https:\/\/www.africa-press.net\/niger\/photo\/desenclavement-de-la-commune-rurale-de-fachi-les-deux-camions-assurant-la-liaison-en-panne-dans-le-sahara-depuis-trois-ans\",\"name\":\"D\u00e9senclavement de la Commune Rurale de Fachi : Les deux camions assurant la liaison en panne dans le Sahara depuis trois ans - niger\",\"isPartOf\":{\"@id\":\"https:\/\/www.africa-press.net\/niger\/#website\"},\"primaryImageOfPage\":{\"@id\":\"https:\/\/www.africa-press.net\/niger\/photo\/desenclavement-de-la-commune-rurale-de-fachi-les-deux-camions-assurant-la-liaison-en-panne-dans-le-sahara-depuis-trois-ans#primaryimage\"},\"image\":{\"@id\":\"https:\/\/www.africa-press.net\/niger\/photo\/desenclavement-de-la-commune-rurale-de-fachi-les-deux-camions-assurant-la-liaison-en-panne-dans-le-sahara-depuis-trois-ans#primaryimage\"},\"thumbnailUrl\":\"https:\/\/static.africa-press.net\/niger\/sites\/40\/2024\/03\/sm_1710502925.060337.jpg\",\"datePublished\":\"2024-03-15T14:12:58+00:00\",\"dateModified\":\"2024-03-15T15:13:17+00:00\",\"author\":{\"@id\":\"https:\/\/www.africa-press.net\/niger\/#\/schema\/person\/2b1cf3cd81a31e3cd26889ca66d677f1\"},\"description\":\"Situe\u0301e a\u0300 environ 400 km d\u2019Agadez, chef-lieu de la re\u0301gion et a\u0300 environ 140 km de Bilma, chef-lieu du de\u0301partement, ...\",\"breadcrumb\":{\"@id\":\"https:\/\/www.africa-press.net\/niger\/photo\/desenclavement-de-la-commune-rurale-de-fachi-les-deux-camions-assurant-la-liaison-en-panne-dans-le-sahara-depuis-trois-ans#breadcrumb\"},\"inLanguage\":\"fr-FR\",\"potentialAction\":[{\"@type\":\"ReadAction\",\"target\":[\"https:\/\/www.africa-press.net\/niger\/photo\/desenclavement-de-la-commune-rurale-de-fachi-les-deux-camions-assurant-la-liaison-en-panne-dans-le-sahara-depuis-trois-ans\"]}]},{\"@type\":\"ImageObject\",\"inLanguage\":\"fr-FR\",\"@id\":\"https:\/\/www.africa-press.net\/niger\/photo\/desenclavement-de-la-commune-rurale-de-fachi-les-deux-camions-assurant-la-liaison-en-panne-dans-le-sahara-depuis-trois-ans#primaryimage\",\"url\":\"https:\/\/static.africa-press.net\/niger\/sites\/40\/2024\/03\/sm_1710502925.060337.jpg\",\"contentUrl\":\"https:\/\/static.africa-press.net\/niger\/sites\/40\/2024\/03\/sm_1710502925.060337.jpg\",\"width\":990,\"height\":556,\"caption\":\"D\u00e9senclavement de la Commune Rurale de Fachi : Les deux camions assurant la liaison en panne dans le Sahara depuis trois ans\"},{\"@type\":\"BreadcrumbList\",\"@id\":\"https:\/\/www.africa-press.net\/niger\/photo\/desenclavement-de-la-commune-rurale-de-fachi-les-deux-camions-assurant-la-liaison-en-panne-dans-le-sahara-depuis-trois-ans#breadcrumb\",\"itemListElement\":[{\"@type\":\"ListItem\",\"position\":1,\"name\":\"Accueil\",\"item\":\"https:\/\/www.africa-press.net\/niger\/\"},{\"@type\":\"ListItem\",\"position\":2,\"name\":\"D\u00e9senclavement de la Commune Rurale de Fachi : Les deux camions assurant la liaison en panne dans le Sahara depuis trois ans\"}]},{\"@type\":\"WebSite\",\"@id\":\"https:\/\/www.africa-press.net\/niger\/#website\",\"url\":\"https:\/\/www.africa-press.net\/niger\/\",\"name\":\"niger\",\"description\":\"Just another Africa News Agency Sites site\",\"potentialAction\":[{\"@type\":\"SearchAction\",\"target\":{\"@type\":\"EntryPoint\",\"urlTemplate\":\"https:\/\/www.africa-press.net\/niger\/?s={search_term_string}\"},\"query-input\":{\"@type\":\"PropertyValueSpecification\",\"valueRequired\":true,\"valueName\":\"search_term_string\"}}],\"inLanguage\":\"fr-FR\"},{\"@type\":\"Person\",\"@id\":\"https:\/\/www.africa-press.net\/niger\/#\/schema\/person\/2b1cf3cd81a31e3cd26889ca66d677f1\",\"name\":\"cfeditorfr\"}]}<\/script>\n<!-- \/ Yoast SEO Premium plugin. -->","yoast_head_json":{"title":"D\u00e9senclavement de la Commune Rurale de Fachi : Les deux camions assurant la liaison en panne dans le Sahara depuis trois ans - niger","description":"Situe\u0301e a\u0300 environ 400 km d\u2019Agadez, chef-lieu de la re\u0301gion et a\u0300 environ 140 km de Bilma, chef-lieu du de\u0301partement, ...","robots":{"index":"index","follow":"follow","max-snippet":"max-snippet:-1","max-image-preview":"max-image-preview:large","max-video-preview":"max-video-preview:-1"},"canonical":"https:\/\/www.africa-press.net\/niger\/photo\/desenclavement-de-la-commune-rurale-de-fachi-les-deux-camions-assurant-la-liaison-en-panne-dans-le-sahara-depuis-trois-ans","og_locale":"fr_FR","og_type":"article","og_title":"D\u00e9senclavement de la Commune Rurale de Fachi : Les deux camions assurant la liaison en panne dans le Sahara depuis trois ans","og_description":"Situe\u0301e a\u0300 environ 400 km d\u2019Agadez, chef-lieu de la re\u0301gion et a\u0300 environ 140 km de Bilma, chef-lieu du de\u0301partement, ...","og_url":"https:\/\/www.africa-press.net\/niger\/photo\/desenclavement-de-la-commune-rurale-de-fachi-les-deux-camions-assurant-la-liaison-en-panne-dans-le-sahara-depuis-trois-ans","og_site_name":"niger","article_published_time":"2024-03-15T14:12:58+00:00","article_modified_time":"2024-03-15T15:13:17+00:00","og_image":[{"width":990,"height":556,"url":"https:\/\/static.africa-press.net\/niger\/sites\/40\/2024\/03\/sm_1710502925.060337.jpg","type":"image\/jpeg"}],"author":"cfeditorfr","twitter_card":"summary_large_image","twitter_misc":{"\u00c9crit par":"cfeditorfr","Dur\u00e9e de lecture estim\u00e9e":"6 minutes"},"schema":{"@context":"https:\/\/schema.org","@graph":[{"@type":"Article","@id":"https:\/\/www.africa-press.net\/niger\/photo\/desenclavement-de-la-commune-rurale-de-fachi-les-deux-camions-assurant-la-liaison-en-panne-dans-le-sahara-depuis-trois-ans#article","isPartOf":{"@id":"https:\/\/www.africa-press.net\/niger\/photo\/desenclavement-de-la-commune-rurale-de-fachi-les-deux-camions-assurant-la-liaison-en-panne-dans-le-sahara-depuis-trois-ans"},"author":{"name":"cfeditorfr","@id":"https:\/\/www.africa-press.net\/niger\/#\/schema\/person\/2b1cf3cd81a31e3cd26889ca66d677f1"},"headline":"D\u00e9senclavement de la Commune Rurale de Fachi : Les deux camions assurant la liaison en panne dans le Sahara depuis trois ans","datePublished":"2024-03-15T14:12:58+00:00","dateModified":"2024-03-15T15:13:17+00:00","mainEntityOfPage":{"@id":"https:\/\/www.africa-press.net\/niger\/photo\/desenclavement-de-la-commune-rurale-de-fachi-les-deux-camions-assurant-la-liaison-en-panne-dans-le-sahara-depuis-trois-ans"},"wordCount":1188,"commentCount":0,"image":{"@id":"https:\/\/www.africa-press.net\/niger\/photo\/desenclavement-de-la-commune-rurale-de-fachi-les-deux-camions-assurant-la-liaison-en-panne-dans-le-sahara-depuis-trois-ans#primaryimage"},"thumbnailUrl":"https:\/\/static.africa-press.net\/niger\/sites\/40\/2024\/03\/sm_1710502925.060337.jpg","keywords":["Africa Press","Africa Press-Niger","Niger"],"articleSection":["Communaut\u00e9","Photo","Toutes les actualit\u00e9s"],"inLanguage":"fr-FR","potentialAction":[{"@type":"CommentAction","name":"Comment","target":["https:\/\/www.africa-press.net\/niger\/photo\/desenclavement-de-la-commune-rurale-de-fachi-les-deux-camions-assurant-la-liaison-en-panne-dans-le-sahara-depuis-trois-ans#respond"]}]},{"@type":"WebPage","@id":"https:\/\/www.africa-press.net\/niger\/photo\/desenclavement-de-la-commune-rurale-de-fachi-les-deux-camions-assurant-la-liaison-en-panne-dans-le-sahara-depuis-trois-ans","url":"https:\/\/www.africa-press.net\/niger\/photo\/desenclavement-de-la-commune-rurale-de-fachi-les-deux-camions-assurant-la-liaison-en-panne-dans-le-sahara-depuis-trois-ans","name":"D\u00e9senclavement de la Commune Rurale de Fachi : Les deux camions assurant la liaison en panne dans le Sahara depuis trois ans - niger","isPartOf":{"@id":"https:\/\/www.africa-press.net\/niger\/#website"},"primaryImageOfPage":{"@id":"https:\/\/www.africa-press.net\/niger\/photo\/desenclavement-de-la-commune-rurale-de-fachi-les-deux-camions-assurant-la-liaison-en-panne-dans-le-sahara-depuis-trois-ans#primaryimage"},"image":{"@id":"https:\/\/www.africa-press.net\/niger\/photo\/desenclavement-de-la-commune-rurale-de-fachi-les-deux-camions-assurant-la-liaison-en-panne-dans-le-sahara-depuis-trois-ans#primaryimage"},"thumbnailUrl":"https:\/\/static.africa-press.net\/niger\/sites\/40\/2024\/03\/sm_1710502925.060337.jpg","datePublished":"2024-03-15T14:12:58+00:00","dateModified":"2024-03-15T15:13:17+00:00","author":{"@id":"https:\/\/www.africa-press.net\/niger\/#\/schema\/person\/2b1cf3cd81a31e3cd26889ca66d677f1"},"description":"Situe\u0301e a\u0300 environ 400 km d\u2019Agadez, chef-lieu de la re\u0301gion et a\u0300 environ 140 km de Bilma, chef-lieu du de\u0301partement, ...","breadcrumb":{"@id":"https:\/\/www.africa-press.net\/niger\/photo\/desenclavement-de-la-commune-rurale-de-fachi-les-deux-camions-assurant-la-liaison-en-panne-dans-le-sahara-depuis-trois-ans#breadcrumb"},"inLanguage":"fr-FR","potentialAction":[{"@type":"ReadAction","target":["https:\/\/www.africa-press.net\/niger\/photo\/desenclavement-de-la-commune-rurale-de-fachi-les-deux-camions-assurant-la-liaison-en-panne-dans-le-sahara-depuis-trois-ans"]}]},{"@type":"ImageObject","inLanguage":"fr-FR","@id":"https:\/\/www.africa-press.net\/niger\/photo\/desenclavement-de-la-commune-rurale-de-fachi-les-deux-camions-assurant-la-liaison-en-panne-dans-le-sahara-depuis-trois-ans#primaryimage","url":"https:\/\/static.africa-press.net\/niger\/sites\/40\/2024\/03\/sm_1710502925.060337.jpg","contentUrl":"https:\/\/static.africa-press.net\/niger\/sites\/40\/2024\/03\/sm_1710502925.060337.jpg","width":990,"height":556,"caption":"D\u00e9senclavement de la Commune Rurale de Fachi : Les deux camions assurant la liaison en panne dans le Sahara depuis trois ans"},{"@type":"BreadcrumbList","@id":"https:\/\/www.africa-press.net\/niger\/photo\/desenclavement-de-la-commune-rurale-de-fachi-les-deux-camions-assurant-la-liaison-en-panne-dans-le-sahara-depuis-trois-ans#breadcrumb","itemListElement":[{"@type":"ListItem","position":1,"name":"Accueil","item":"https:\/\/www.africa-press.net\/niger\/"},{"@type":"ListItem","position":2,"name":"D\u00e9senclavement de la Commune Rurale de Fachi : Les deux camions assurant la liaison en panne dans le Sahara depuis trois ans"}]},{"@type":"WebSite","@id":"https:\/\/www.africa-press.net\/niger\/#website","url":"https:\/\/www.africa-press.net\/niger\/","name":"niger","description":"Just another Africa News Agency Sites site","potentialAction":[{"@type":"SearchAction","target":{"@type":"EntryPoint","urlTemplate":"https:\/\/www.africa-press.net\/niger\/?s={search_term_string}"},"query-input":{"@type":"PropertyValueSpecification","valueRequired":true,"valueName":"search_term_string"}}],"inLanguage":"fr-FR"},{"@type":"Person","@id":"https:\/\/www.africa-press.net\/niger\/#\/schema\/person\/2b1cf3cd81a31e3cd26889ca66d677f1","name":"cfeditorfr"}]}},"_links":{"self":[{"href":"https:\/\/www.africa-press.net\/niger\/wp-json\/wp\/v2\/posts\/59975","targetHints":{"allow":["GET"]}}],"collection":[{"href":"https:\/\/www.africa-press.net\/niger\/wp-json\/wp\/v2\/posts"}],"about":[{"href":"https:\/\/www.africa-press.net\/niger\/wp-json\/wp\/v2\/types\/post"}],"author":[{"embeddable":true,"href":"https:\/\/www.africa-press.net\/niger\/wp-json\/wp\/v2\/users\/82"}],"replies":[{"embeddable":true,"href":"https:\/\/www.africa-press.net\/niger\/wp-json\/wp\/v2\/comments?post=59975"}],"version-history":[{"count":0,"href":"https:\/\/www.africa-press.net\/niger\/wp-json\/wp\/v2\/posts\/59975\/revisions"}],"wp:featuredmedia":[{"embeddable":true,"href":"https:\/\/www.africa-press.net\/niger\/wp-json\/wp\/v2\/media\/59974"}],"wp:attachment":[{"href":"https:\/\/www.africa-press.net\/niger\/wp-json\/wp\/v2\/media?parent=59975"}],"wp:term":[{"taxonomy":"category","embeddable":true,"href":"https:\/\/www.africa-press.net\/niger\/wp-json\/wp\/v2\/categories?post=59975"},{"taxonomy":"post_tag","embeddable":true,"href":"https:\/\/www.africa-press.net\/niger\/wp-json\/wp\/v2\/tags?post=59975"}],"curies":[{"name":"wp","href":"https:\/\/api.w.org\/{rel}","templated":true}]}}