{"id":59978,"date":"2024-03-15T14:14:49","date_gmt":"2024-03-15T14:14:49","guid":{"rendered":"https:\/\/www.africa-press.net\/niger\/politique\/apres-plusieurs-jours-a-niamey-la-delegation-americaine-repart-sans-avoir-rencontre-le-general-tiani"},"modified":"2024-03-15T15:13:37","modified_gmt":"2024-03-15T15:13:37","slug":"apres-plusieurs-jours-a-niamey-la-delegation-americaine-repart-sans-avoir-rencontre-le-general-tiani","status":"publish","type":"post","link":"https:\/\/www.africa-press.net\/niger\/politique\/apres-plusieurs-jours-a-niamey-la-delegation-americaine-repart-sans-avoir-rencontre-le-general-tiani","title":{"rendered":"Apr\u00e8s plusieurs jours \u00e0 Niamey, la d\u00e9l\u00e9gation am\u00e9ricaine repart sans avoir rencontr\u00e9 le g\u00e9n\u00e9ral Tiani"},"content":{"rendered":"<p><span style=\"color: #ff6600\"><strong>Africa-Press &#8211; Niger. <\/strong><\/span>Plusieurs repre\u0301sentants ame\u0301ricains e\u0301taient au Niger cette semaine. La de\u0301le\u0301gation devait rester deux jours sur place pour poursuivre les discussions avec les nouvelles autorite\u0301s de Niamey, pre\u0300s de huit mois apre\u0300s le coup d&rsquo;E\u0301tat militaire au Niger. Les repre\u0301sentants ont finalement prolonge\u0301 d&rsquo;une journe\u0301e pour tenter de rencontrer le ge\u0301ne\u0301ral Tiani, mais ils sont repartis sans avoir e\u0301te\u0301 rec\u0327us.<\/p>\n<p>Pour sa deuxie\u0300me visite a\u0300 Niamey en trois mois, la sous-secre\u0301taire d&rsquo;E\u0301tat ame\u0301ricaine en charge de l&rsquo;Afrique avait cette fois demande\u0301 a\u0300 rencontrer le chef du CNSP. De source diplomatique, le rendez-vous avait e\u0301te\u0301 pris pour une audience avec le ge\u0301ne\u0301ral Tiani le mercredi 13 mars. Un rendez-vous qui n&rsquo;a finalement pas eu lieu.<\/p>\n<p>Accompagne\u0301e d&rsquo;une responsable du Pentagone et du commandant en chef de l&rsquo;Africom &#8211; le commandement militaire ame\u0301ricain pour l&rsquo;Afrique -, Molly Phee a prolonge\u0301 son se\u0301jour d&rsquo;une journe\u0301e, espe\u0301rant que le rendez-vous pourrait se concre\u0301tiser ce jeudi 14 mars, mais en vain. Les responsables ame\u0301ricains ont toutefois e\u0301te\u0301 rec\u0327us a\u0300 la primature a\u0300 deux reprises, depuis mardi.<\/p>\n<p><b>Un partenariat dans les domaines de la se\u0301curite\u0301 et du de\u0301veloppement<\/b><\/p>\n<p>Selon le de\u0301partement d&rsquo;E\u0301tat ame\u0301ricain, l&rsquo;objectif de la visite e\u0301tait de poursuivre les discussions avec les nouvelles autorite\u0301s, d&rsquo;e\u0301voquer le partenariat dans les domaines de la se\u0301curite\u0301 et du de\u0301veloppement. Les E\u0301tats-Unis, qui ont suspendu leur coope\u0301ration avec le Niger apre\u0300s le 26 juillet, ont encore un millier de soldats et une base de drones a\u0300 Agadez.<\/p>\n<p>Depuis le coup d&rsquo;E\u0301tat, le Niger se rapproche aussi de nouveaux partenaires, dont la Russie. Niamey a par ailleurs de\u0301cide\u0301 de quitter <b>la Ce\u0301de\u0301ao<\/b>, comme le Mali et le Burkina Faso, ses partenaires de l&rsquo;Alliance des E\u0301tats du Sahel (AES).<\/p>\n<p><strong>Pour plus d&rsquo;informations et d&rsquo;analyses sur la <a href=\"https:\/\/www.africa-press.net\/niger\">Niger<\/a>, suivez <a href=\"https:\/\/www.africa-press.net\/\">Africa-Press<\/a><\/strong><\/p>\n","protected":false},"excerpt":{"rendered":"<p>Africa-Press &#8211; Niger. Plusieurs repre\u0301sentants ame\u0301ricains e\u0301taient au Niger cette semaine. La de\u0301le\u0301gation devait rester deux jours sur place pour poursuivre les discussions avec les nouvelles autorite\u0301s de Niamey, pre\u0300s de huit mois apre\u0300s le coup d&rsquo;E\u0301tat militaire au Niger. Les repre\u0301sentants ont finalement prolonge\u0301 d&rsquo;une journe\u0301e pour tenter de rencontrer le ge\u0301ne\u0301ral Tiani, mais [&hellip;]<\/p>\n","protected":false},"author":82,"featured_media":59977,"comment_status":"open","ping_status":"closed","sticky":false,"template":"","format":"standard","meta":{"footnotes":""},"categories":[2,20,10],"tags":[55,60,29],"class_list":["post-59978","post","type-post","status-publish","format-standard","has-post-thumbnail","hentry","category-politique","category-top-nouvelles","category-toutes-les-actualites","tag-africa-press","tag-africa-press-niger","tag-niger"],"yoast_head":"<!-- This site is optimized with the Yoast SEO Premium plugin v26.1 (Yoast SEO v27.0) - https:\/\/yoast.com\/product\/yoast-seo-premium-wordpress\/ -->\n<title>Apr\u00e8s plusieurs jours \u00e0 Niamey, la d\u00e9l\u00e9gation am\u00e9ricaine repart sans avoir rencontr\u00e9 le g\u00e9n\u00e9ral Tiani - niger<\/title>\n<meta name=\"description\" content=\"Plusieurs repre\u0301sentants ame\u0301ricains e\u0301taient au Niger cette semaine. La de\u0301le\u0301gation devait rester deux jours sur place ...\" \/>\n<meta name=\"robots\" content=\"index, follow, max-snippet:-1, max-image-preview:large, max-video-preview:-1\" \/>\n<link rel=\"canonical\" href=\"https:\/\/www.africa-press.net\/niger\/politique\/apres-plusieurs-jours-a-niamey-la-delegation-americaine-repart-sans-avoir-rencontre-le-general-tiani\" \/>\n<meta property=\"og:locale\" content=\"fr_FR\" \/>\n<meta property=\"og:type\" content=\"article\" \/>\n<meta property=\"og:title\" content=\"Apr\u00e8s plusieurs jours \u00e0 Niamey, la d\u00e9l\u00e9gation am\u00e9ricaine repart sans avoir rencontr\u00e9 le g\u00e9n\u00e9ral Tiani\" \/>\n<meta property=\"og:description\" content=\"Plusieurs repre\u0301sentants ame\u0301ricains e\u0301taient au Niger cette semaine. La de\u0301le\u0301gation devait rester deux jours sur place ...\" \/>\n<meta property=\"og:url\" content=\"https:\/\/www.africa-press.net\/niger\/politique\/apres-plusieurs-jours-a-niamey-la-delegation-americaine-repart-sans-avoir-rencontre-le-general-tiani\" \/>\n<meta property=\"og:site_name\" content=\"niger\" \/>\n<meta property=\"article:published_time\" content=\"2024-03-15T14:14:49+00:00\" \/>\n<meta property=\"article:modified_time\" content=\"2024-03-15T15:13:37+00:00\" \/>\n<meta property=\"og:image\" content=\"https:\/\/static.africa-press.net\/niger\/sites\/40\/2024\/03\/sm_1710502939.329172.jpg\" \/>\n\t<meta property=\"og:image:width\" content=\"719\" \/>\n\t<meta property=\"og:image:height\" content=\"405\" \/>\n\t<meta property=\"og:image:type\" content=\"image\/jpeg\" \/>\n<meta name=\"author\" content=\"cfeditorfr\" \/>\n<meta name=\"twitter:card\" content=\"summary_large_image\" \/>\n<meta name=\"twitter:label1\" content=\"\u00c9crit par\" \/>\n\t<meta name=\"twitter:data1\" content=\"cfeditorfr\" \/>\n\t<meta name=\"twitter:label2\" content=\"Dur\u00e9e de lecture estim\u00e9e\" \/>\n\t<meta name=\"twitter:data2\" content=\"2 minutes\" \/>\n<script type=\"application\/ld+json\" class=\"yoast-schema-graph\">{\"@context\":\"https:\/\/schema.org\",\"@graph\":[{\"@type\":\"Article\",\"@id\":\"https:\/\/www.africa-press.net\/niger\/politique\/apres-plusieurs-jours-a-niamey-la-delegation-americaine-repart-sans-avoir-rencontre-le-general-tiani#article\",\"isPartOf\":{\"@id\":\"https:\/\/www.africa-press.net\/niger\/politique\/apres-plusieurs-jours-a-niamey-la-delegation-americaine-repart-sans-avoir-rencontre-le-general-tiani\"},\"author\":{\"name\":\"cfeditorfr\",\"@id\":\"https:\/\/www.africa-press.net\/niger\/#\/schema\/person\/2b1cf3cd81a31e3cd26889ca66d677f1\"},\"headline\":\"Apr\u00e8s plusieurs jours \u00e0 Niamey, la d\u00e9l\u00e9gation am\u00e9ricaine repart sans avoir rencontr\u00e9 le g\u00e9n\u00e9ral Tiani\",\"datePublished\":\"2024-03-15T14:14:49+00:00\",\"dateModified\":\"2024-03-15T15:13:37+00:00\",\"mainEntityOfPage\":{\"@id\":\"https:\/\/www.africa-press.net\/niger\/politique\/apres-plusieurs-jours-a-niamey-la-delegation-americaine-repart-sans-avoir-rencontre-le-general-tiani\"},\"wordCount\":373,\"commentCount\":0,\"image\":{\"@id\":\"https:\/\/www.africa-press.net\/niger\/politique\/apres-plusieurs-jours-a-niamey-la-delegation-americaine-repart-sans-avoir-rencontre-le-general-tiani#primaryimage\"},\"thumbnailUrl\":\"https:\/\/static.africa-press.net\/niger\/sites\/40\/2024\/03\/sm_1710502939.329172.jpg\",\"keywords\":[\"Africa Press\",\"Africa Press-Niger\",\"Niger\"],\"articleSection\":[\"Politique\",\"Top Nouvelles\",\"Toutes les actualit\u00e9s\"],\"inLanguage\":\"fr-FR\",\"potentialAction\":[{\"@type\":\"CommentAction\",\"name\":\"Comment\",\"target\":[\"https:\/\/www.africa-press.net\/niger\/politique\/apres-plusieurs-jours-a-niamey-la-delegation-americaine-repart-sans-avoir-rencontre-le-general-tiani#respond\"]}]},{\"@type\":\"WebPage\",\"@id\":\"https:\/\/www.africa-press.net\/niger\/politique\/apres-plusieurs-jours-a-niamey-la-delegation-americaine-repart-sans-avoir-rencontre-le-general-tiani\",\"url\":\"https:\/\/www.africa-press.net\/niger\/politique\/apres-plusieurs-jours-a-niamey-la-delegation-americaine-repart-sans-avoir-rencontre-le-general-tiani\",\"name\":\"Apr\u00e8s plusieurs jours \u00e0 Niamey, la d\u00e9l\u00e9gation am\u00e9ricaine repart sans avoir rencontr\u00e9 le g\u00e9n\u00e9ral Tiani - niger\",\"isPartOf\":{\"@id\":\"https:\/\/www.africa-press.net\/niger\/#website\"},\"primaryImageOfPage\":{\"@id\":\"https:\/\/www.africa-press.net\/niger\/politique\/apres-plusieurs-jours-a-niamey-la-delegation-americaine-repart-sans-avoir-rencontre-le-general-tiani#primaryimage\"},\"image\":{\"@id\":\"https:\/\/www.africa-press.net\/niger\/politique\/apres-plusieurs-jours-a-niamey-la-delegation-americaine-repart-sans-avoir-rencontre-le-general-tiani#primaryimage\"},\"thumbnailUrl\":\"https:\/\/static.africa-press.net\/niger\/sites\/40\/2024\/03\/sm_1710502939.329172.jpg\",\"datePublished\":\"2024-03-15T14:14:49+00:00\",\"dateModified\":\"2024-03-15T15:13:37+00:00\",\"author\":{\"@id\":\"https:\/\/www.africa-press.net\/niger\/#\/schema\/person\/2b1cf3cd81a31e3cd26889ca66d677f1\"},\"description\":\"Plusieurs repre\u0301sentants ame\u0301ricains e\u0301taient au Niger cette semaine. La de\u0301le\u0301gation devait rester deux jours sur place ...\",\"breadcrumb\":{\"@id\":\"https:\/\/www.africa-press.net\/niger\/politique\/apres-plusieurs-jours-a-niamey-la-delegation-americaine-repart-sans-avoir-rencontre-le-general-tiani#breadcrumb\"},\"inLanguage\":\"fr-FR\",\"potentialAction\":[{\"@type\":\"ReadAction\",\"target\":[\"https:\/\/www.africa-press.net\/niger\/politique\/apres-plusieurs-jours-a-niamey-la-delegation-americaine-repart-sans-avoir-rencontre-le-general-tiani\"]}]},{\"@type\":\"ImageObject\",\"inLanguage\":\"fr-FR\",\"@id\":\"https:\/\/www.africa-press.net\/niger\/politique\/apres-plusieurs-jours-a-niamey-la-delegation-americaine-repart-sans-avoir-rencontre-le-general-tiani#primaryimage\",\"url\":\"https:\/\/static.africa-press.net\/niger\/sites\/40\/2024\/03\/sm_1710502939.329172.jpg\",\"contentUrl\":\"https:\/\/static.africa-press.net\/niger\/sites\/40\/2024\/03\/sm_1710502939.329172.jpg\",\"width\":719,\"height\":405,\"caption\":\"Apr\u00e8s plusieurs jours \u00e0 Niamey, la d\u00e9l\u00e9gation am\u00e9ricaine repart sans avoir rencontr\u00e9 le g\u00e9n\u00e9ral Tiani\"},{\"@type\":\"BreadcrumbList\",\"@id\":\"https:\/\/www.africa-press.net\/niger\/politique\/apres-plusieurs-jours-a-niamey-la-delegation-americaine-repart-sans-avoir-rencontre-le-general-tiani#breadcrumb\",\"itemListElement\":[{\"@type\":\"ListItem\",\"position\":1,\"name\":\"Accueil\",\"item\":\"https:\/\/www.africa-press.net\/niger\/\"},{\"@type\":\"ListItem\",\"position\":2,\"name\":\"Apr\u00e8s plusieurs jours \u00e0 Niamey, la d\u00e9l\u00e9gation am\u00e9ricaine repart sans avoir rencontr\u00e9 le g\u00e9n\u00e9ral Tiani\"}]},{\"@type\":\"WebSite\",\"@id\":\"https:\/\/www.africa-press.net\/niger\/#website\",\"url\":\"https:\/\/www.africa-press.net\/niger\/\",\"name\":\"niger\",\"description\":\"Just another Africa News Agency Sites site\",\"potentialAction\":[{\"@type\":\"SearchAction\",\"target\":{\"@type\":\"EntryPoint\",\"urlTemplate\":\"https:\/\/www.africa-press.net\/niger\/?s={search_term_string}\"},\"query-input\":{\"@type\":\"PropertyValueSpecification\",\"valueRequired\":true,\"valueName\":\"search_term_string\"}}],\"inLanguage\":\"fr-FR\"},{\"@type\":\"Person\",\"@id\":\"https:\/\/www.africa-press.net\/niger\/#\/schema\/person\/2b1cf3cd81a31e3cd26889ca66d677f1\",\"name\":\"cfeditorfr\"}]}<\/script>\n<!-- \/ Yoast SEO Premium plugin. -->","yoast_head_json":{"title":"Apr\u00e8s plusieurs jours \u00e0 Niamey, la d\u00e9l\u00e9gation am\u00e9ricaine repart sans avoir rencontr\u00e9 le g\u00e9n\u00e9ral Tiani - niger","description":"Plusieurs repre\u0301sentants ame\u0301ricains e\u0301taient au Niger cette semaine. La de\u0301le\u0301gation devait rester deux jours sur place ...","robots":{"index":"index","follow":"follow","max-snippet":"max-snippet:-1","max-image-preview":"max-image-preview:large","max-video-preview":"max-video-preview:-1"},"canonical":"https:\/\/www.africa-press.net\/niger\/politique\/apres-plusieurs-jours-a-niamey-la-delegation-americaine-repart-sans-avoir-rencontre-le-general-tiani","og_locale":"fr_FR","og_type":"article","og_title":"Apr\u00e8s plusieurs jours \u00e0 Niamey, la d\u00e9l\u00e9gation am\u00e9ricaine repart sans avoir rencontr\u00e9 le g\u00e9n\u00e9ral Tiani","og_description":"Plusieurs repre\u0301sentants ame\u0301ricains e\u0301taient au Niger cette semaine. La de\u0301le\u0301gation devait rester deux jours sur place ...","og_url":"https:\/\/www.africa-press.net\/niger\/politique\/apres-plusieurs-jours-a-niamey-la-delegation-americaine-repart-sans-avoir-rencontre-le-general-tiani","og_site_name":"niger","article_published_time":"2024-03-15T14:14:49+00:00","article_modified_time":"2024-03-15T15:13:37+00:00","og_image":[{"width":719,"height":405,"url":"https:\/\/static.africa-press.net\/niger\/sites\/40\/2024\/03\/sm_1710502939.329172.jpg","type":"image\/jpeg"}],"author":"cfeditorfr","twitter_card":"summary_large_image","twitter_misc":{"\u00c9crit par":"cfeditorfr","Dur\u00e9e de lecture estim\u00e9e":"2 minutes"},"schema":{"@context":"https:\/\/schema.org","@graph":[{"@type":"Article","@id":"https:\/\/www.africa-press.net\/niger\/politique\/apres-plusieurs-jours-a-niamey-la-delegation-americaine-repart-sans-avoir-rencontre-le-general-tiani#article","isPartOf":{"@id":"https:\/\/www.africa-press.net\/niger\/politique\/apres-plusieurs-jours-a-niamey-la-delegation-americaine-repart-sans-avoir-rencontre-le-general-tiani"},"author":{"name":"cfeditorfr","@id":"https:\/\/www.africa-press.net\/niger\/#\/schema\/person\/2b1cf3cd81a31e3cd26889ca66d677f1"},"headline":"Apr\u00e8s plusieurs jours \u00e0 Niamey, la d\u00e9l\u00e9gation am\u00e9ricaine repart sans avoir rencontr\u00e9 le g\u00e9n\u00e9ral Tiani","datePublished":"2024-03-15T14:14:49+00:00","dateModified":"2024-03-15T15:13:37+00:00","mainEntityOfPage":{"@id":"https:\/\/www.africa-press.net\/niger\/politique\/apres-plusieurs-jours-a-niamey-la-delegation-americaine-repart-sans-avoir-rencontre-le-general-tiani"},"wordCount":373,"commentCount":0,"image":{"@id":"https:\/\/www.africa-press.net\/niger\/politique\/apres-plusieurs-jours-a-niamey-la-delegation-americaine-repart-sans-avoir-rencontre-le-general-tiani#primaryimage"},"thumbnailUrl":"https:\/\/static.africa-press.net\/niger\/sites\/40\/2024\/03\/sm_1710502939.329172.jpg","keywords":["Africa Press","Africa Press-Niger","Niger"],"articleSection":["Politique","Top Nouvelles","Toutes les actualit\u00e9s"],"inLanguage":"fr-FR","potentialAction":[{"@type":"CommentAction","name":"Comment","target":["https:\/\/www.africa-press.net\/niger\/politique\/apres-plusieurs-jours-a-niamey-la-delegation-americaine-repart-sans-avoir-rencontre-le-general-tiani#respond"]}]},{"@type":"WebPage","@id":"https:\/\/www.africa-press.net\/niger\/politique\/apres-plusieurs-jours-a-niamey-la-delegation-americaine-repart-sans-avoir-rencontre-le-general-tiani","url":"https:\/\/www.africa-press.net\/niger\/politique\/apres-plusieurs-jours-a-niamey-la-delegation-americaine-repart-sans-avoir-rencontre-le-general-tiani","name":"Apr\u00e8s plusieurs jours \u00e0 Niamey, la d\u00e9l\u00e9gation am\u00e9ricaine repart sans avoir rencontr\u00e9 le g\u00e9n\u00e9ral Tiani - niger","isPartOf":{"@id":"https:\/\/www.africa-press.net\/niger\/#website"},"primaryImageOfPage":{"@id":"https:\/\/www.africa-press.net\/niger\/politique\/apres-plusieurs-jours-a-niamey-la-delegation-americaine-repart-sans-avoir-rencontre-le-general-tiani#primaryimage"},"image":{"@id":"https:\/\/www.africa-press.net\/niger\/politique\/apres-plusieurs-jours-a-niamey-la-delegation-americaine-repart-sans-avoir-rencontre-le-general-tiani#primaryimage"},"thumbnailUrl":"https:\/\/static.africa-press.net\/niger\/sites\/40\/2024\/03\/sm_1710502939.329172.jpg","datePublished":"2024-03-15T14:14:49+00:00","dateModified":"2024-03-15T15:13:37+00:00","author":{"@id":"https:\/\/www.africa-press.net\/niger\/#\/schema\/person\/2b1cf3cd81a31e3cd26889ca66d677f1"},"description":"Plusieurs repre\u0301sentants ame\u0301ricains e\u0301taient au Niger cette semaine. La de\u0301le\u0301gation devait rester deux jours sur place ...","breadcrumb":{"@id":"https:\/\/www.africa-press.net\/niger\/politique\/apres-plusieurs-jours-a-niamey-la-delegation-americaine-repart-sans-avoir-rencontre-le-general-tiani#breadcrumb"},"inLanguage":"fr-FR","potentialAction":[{"@type":"ReadAction","target":["https:\/\/www.africa-press.net\/niger\/politique\/apres-plusieurs-jours-a-niamey-la-delegation-americaine-repart-sans-avoir-rencontre-le-general-tiani"]}]},{"@type":"ImageObject","inLanguage":"fr-FR","@id":"https:\/\/www.africa-press.net\/niger\/politique\/apres-plusieurs-jours-a-niamey-la-delegation-americaine-repart-sans-avoir-rencontre-le-general-tiani#primaryimage","url":"https:\/\/static.africa-press.net\/niger\/sites\/40\/2024\/03\/sm_1710502939.329172.jpg","contentUrl":"https:\/\/static.africa-press.net\/niger\/sites\/40\/2024\/03\/sm_1710502939.329172.jpg","width":719,"height":405,"caption":"Apr\u00e8s plusieurs jours \u00e0 Niamey, la d\u00e9l\u00e9gation am\u00e9ricaine repart sans avoir rencontr\u00e9 le g\u00e9n\u00e9ral Tiani"},{"@type":"BreadcrumbList","@id":"https:\/\/www.africa-press.net\/niger\/politique\/apres-plusieurs-jours-a-niamey-la-delegation-americaine-repart-sans-avoir-rencontre-le-general-tiani#breadcrumb","itemListElement":[{"@type":"ListItem","position":1,"name":"Accueil","item":"https:\/\/www.africa-press.net\/niger\/"},{"@type":"ListItem","position":2,"name":"Apr\u00e8s plusieurs jours \u00e0 Niamey, la d\u00e9l\u00e9gation am\u00e9ricaine repart sans avoir rencontr\u00e9 le g\u00e9n\u00e9ral Tiani"}]},{"@type":"WebSite","@id":"https:\/\/www.africa-press.net\/niger\/#website","url":"https:\/\/www.africa-press.net\/niger\/","name":"niger","description":"Just another Africa News Agency Sites site","potentialAction":[{"@type":"SearchAction","target":{"@type":"EntryPoint","urlTemplate":"https:\/\/www.africa-press.net\/niger\/?s={search_term_string}"},"query-input":{"@type":"PropertyValueSpecification","valueRequired":true,"valueName":"search_term_string"}}],"inLanguage":"fr-FR"},{"@type":"Person","@id":"https:\/\/www.africa-press.net\/niger\/#\/schema\/person\/2b1cf3cd81a31e3cd26889ca66d677f1","name":"cfeditorfr"}]}},"_links":{"self":[{"href":"https:\/\/www.africa-press.net\/niger\/wp-json\/wp\/v2\/posts\/59978","targetHints":{"allow":["GET"]}}],"collection":[{"href":"https:\/\/www.africa-press.net\/niger\/wp-json\/wp\/v2\/posts"}],"about":[{"href":"https:\/\/www.africa-press.net\/niger\/wp-json\/wp\/v2\/types\/post"}],"author":[{"embeddable":true,"href":"https:\/\/www.africa-press.net\/niger\/wp-json\/wp\/v2\/users\/82"}],"replies":[{"embeddable":true,"href":"https:\/\/www.africa-press.net\/niger\/wp-json\/wp\/v2\/comments?post=59978"}],"version-history":[{"count":0,"href":"https:\/\/www.africa-press.net\/niger\/wp-json\/wp\/v2\/posts\/59978\/revisions"}],"wp:featuredmedia":[{"embeddable":true,"href":"https:\/\/www.africa-press.net\/niger\/wp-json\/wp\/v2\/media\/59977"}],"wp:attachment":[{"href":"https:\/\/www.africa-press.net\/niger\/wp-json\/wp\/v2\/media?parent=59978"}],"wp:term":[{"taxonomy":"category","embeddable":true,"href":"https:\/\/www.africa-press.net\/niger\/wp-json\/wp\/v2\/categories?post=59978"},{"taxonomy":"post_tag","embeddable":true,"href":"https:\/\/www.africa-press.net\/niger\/wp-json\/wp\/v2\/tags?post=59978"}],"curies":[{"name":"wp","href":"https:\/\/api.w.org\/{rel}","templated":true}]}}