{"id":59986,"date":"2024-03-15T14:17:14","date_gmt":"2024-03-15T14:17:14","guid":{"rendered":"https:\/\/www.africa-press.net\/niger\/politique\/presentation-de-la-17eme-promotion-deleves-sous-officiers-dactive-ensoa-249-sous-officiers-formes"},"modified":"2024-03-15T15:14:49","modified_gmt":"2024-03-15T15:14:49","slug":"presentation-de-la-17eme-promotion-deleves-sous-officiers-dactive-ensoa-249-sous-officiers-formes","status":"publish","type":"post","link":"https:\/\/www.africa-press.net\/niger\/politique\/presentation-de-la-17eme-promotion-deleves-sous-officiers-dactive-ensoa-249-sous-officiers-formes","title":{"rendered":"Pr\u00e9sentation de la 17\u00e8me promotion d\u2019El\u00e8ves Sous-officiers d\u2019Active (ENSOA) : 249 Sous-Officiers form\u00e9s"},"content":{"rendered":"<p><span style=\"color: #ff6600\"><strong>Africa-Press &#8211; Niger. <\/strong><\/span>Le ministre d\u2019Etat, Ministre de la De\u0301fense Nationale, le Ge\u0301ne\u0301ral de Corps d\u2019Arme\u0301e Salifou Mody a pre\u0301side\u0301, le jeudi 14 mars 2024, a\u0300 l\u2019Ecole Nationale des Sous-officiers d\u2019Active d\u2019Agadez (ENSOA), la ce\u0301re\u0301monie consacre\u0301e a\u0300 la pre\u0301sentation au drapeau de la 17e\u0300me promotion d\u2019Ele\u0300ves Sous-officiers d\u2019Active, couple\u0301e a\u0300 la pre\u0301sentation de la 2e\u0300me promotion d\u2019Ele\u0300ves Sous-officiers collate\u0301raux et celle de la 3e\u0300me promotion d\u2019e\u0301le\u0300ves Sous-officiers d\u2019Active de l\u2019Arme\u0301e de l\u2019Air. Au total, il s\u2019agit de 170 Ele\u0300ves Sous-officiers Collate\u0301raux dont 54 fe\u0301minins ; onze (11) Ele\u0300ves Sous-officiers de l\u2019Arme\u0301e de l\u2019Air; deux cent quarante-neuf (249) Ele\u0300ves Sous-officiers d\u2019Active de la 17e\u0300me promotion, tous originaires, en plus, du Niger, de six (6) pays amis (le Burkina Faso, le Congo, la Guine\u0301e, le Mali, le Tchad et le Togo). Cette 17e\u0300me promotion est baptise\u0301e \u00ab Promotion Adjudant-Chef Adamou Namaou Samaila \u00bb.<\/p>\n<p>C\u2019est aux environs de 9 heures que l\u2019avion militaire transportant le ministre d\u2019Etat et sa de\u0301le\u0301gation a atterri sur le tarmac de l\u2019Ae\u0301roport International Mano Dayak d\u2019Agadez. A sa de\u0301cente d\u2019avion, le Ge\u0301ne\u0301ral de Corps d\u2019Arme\u0301e Salifou Mody ainsi que sa de\u0301le\u0301gation ont e\u0301te\u0301 accueillis par le Gouverneur de la Re\u0301gion d\u2019Agadez, le Ge\u0301ne\u0301ral de Brigade Ibra Boulama Issa entoure\u0301 de ses proches collaborateurs. Apre\u0300s les honneurs militaires qui lui ont e\u0301te\u0301 pre\u0301sente\u0301s par un de\u0301tachement des Forces Arme\u0301es Nige\u0301riennes de la Zone de De\u0301fense n\u00b02 d\u2019Agadez, le ministre d\u2019Etat a e\u0301te\u0301 salue\u0301 par plusieurs personnalite\u0301s (civiles et militaires) pre\u0301sentes a\u0300 l\u2019accueil. La de\u0301le\u0301gation ministe\u0301rielle s\u2019est ensuite rendue a\u0300 ENSOA ou\u0300 a eu lieu la ce\u0301re\u0301monie de pre\u0301sentation au drapeau de la 17e\u0300me promotion des Ele\u0300ves Sous-officiers d\u2019Active.<\/p>\n<p>Arrive\u0301e a\u0300 l\u2019ENSOA, le ministre a e\u0301te\u0301 accueilli par le Commandant de ladite e\u0301cole le Col Amadou Boubacar Tinne. Quelques instants apre\u0300s, la ce\u0301re\u0301monie a de\u0301bute\u0301 dans le strict respect du re\u0300glement militaire de ladite e\u0301cole.<\/p>\n<p>Dans son intervention a\u0300 la ce\u0301re\u0301monie, le ministre d\u2019Etat a tenu a\u0300 transmettre a\u0300 toutes et a\u0300 tous les salutations fraternelles du Pre\u0301sident du Conseil National pour la Sauvegarde de la Patrie, Chef de l\u2019Etat, Chef Supre\u0302me de l\u2019Arme\u0301e, le Ge\u0301ne\u0301ral de Brigade Abdourahamane Tiani. Le Ge\u0301ne\u0301ral de Corps d\u2019Arme\u0301e a profite\u0301 de ce moment solennel pour rendre un hommage a\u0300 l\u2019ensemble du personnel d\u2019encadrement de l\u2019e\u0301cole pour avoir re\u0301ussi avec succe\u0300s l\u2019accomplissement de cette importante ta\u0302che qui consacre la pre\u0301sentation au drapeau de trois (3) promotions de sous-officiers sus mentionne\u0301es. Le ministre d\u2019Etat devait par la me\u0302me occasion fe\u0301liciter les re\u0301cipiendaires pour avoir re\u0301ussi la formation. \u00ab Je vous fe\u0301licite d\u2019avoir re\u0301solument choisi de servir votre che\u0300re Patrie par la voie des armes et d\u2019accepter d\u2019assumer les risques lie\u0301s a\u0300 ce noble choix ; la de\u0301fense du territoire national et la se\u0301curite\u0301 de nos populations. Cette e\u0301tape de formation initiale franchie, vous serez plus sollicite\u0301s au cours des prochains jours. Des nombreuses opportunite\u0301s s\u2019offrent ainsi a\u0300 vous face aux re\u0301alite\u0301s de la vie active. Le sens de votre engagement sera mis a\u0300 rude e\u0301preuve. Vous devrez faire preuve de courage, d\u2019inte\u0301grite\u0301 et de discernement, a\u0300 l\u2019instar de vos ai\u0302ne\u0301s qui se battent jour et nuit sur les diffe\u0301rents the\u0301a\u0302tres d\u2019ope\u0301rations inte\u0301rieurs \u00bb, a-t-il dit.<\/p>\n<p>Auparavant, le Commandant de l\u2019e\u0301cole, le Col Amadou Boubacar Tinne a te\u0301moigne\u0301 sa gratitude a\u0300 la hie\u0301rarchie militaire pour son accompagnement. Le Commandant de l\u2019ENSOA a aussi salue\u0301 la population de la ville d\u2019Agadez pour son hospitalite\u0301 et pour avoir toujours re\u0301pondu pre\u0301sente aux invitations de l\u2019e\u0301cole. Il a ensuite salue\u0301 le courage et l\u2019abne\u0301gation dont ont fait preuve l\u2019ensemble des e\u0301le\u0300ves Sous-officiers le long de leur formation. \u00ab Depuis le 20 octobre 2023, ces jeunes filles et garc\u0327ons dont l\u2019a\u0302ge varie de 18 a\u0300 32 ans, ont rec\u0327u de leurs ai\u0302ne\u0301s et du personnel d\u2019encadrement, les traditions de l\u2019e\u0301cole ainsi que les bases fondamentales du me\u0301tier militaire. Quatre (4) mois et vingt et un (21) jours durant, ils ont subi, sous un climat particulie\u0300rement rude cette anne\u0301e a\u0300 Agadez, d\u2019intenses e\u0301preuves physiques et morales. Je tiens ici a\u0300 leur adresser toutes mes fe\u0301licitations au terme de cette longue pe\u0301riode de labeur, de privation, de sacrifice, souvent de doutes, mais finalement de succe\u0300s et de joie \u00bb, a souligne\u0301 le Commandant de l\u2019ENSOA. Il a enfin prodigue\u0301 des conseils aux re\u0301cipiendaires pour la suite de leur carrie\u0300re militaire.<\/p>\n<p>La ce\u0301re\u0301monie a pris fin avec une photo de famille, un mouvement d\u2019ensemble et une parade militaire. Le ministre d\u2019Etat et sa de\u0301le\u0301gation ont quitte\u0301 Agadez pour Niamey en de\u0301but de l\u2019apre\u0300s-midi.<\/p>\n<p>&nbsp;<\/p>\n<p><strong>Pour plus d&rsquo;informations et d&rsquo;analyses sur la <a href=\"https:\/\/www.africa-press.net\/niger\">Niger<\/a>, suivez <a href=\"https:\/\/www.africa-press.net\/\">Africa-Press<\/a><\/strong><\/p>\n","protected":false},"excerpt":{"rendered":"<p>Africa-Press &#8211; Niger. Le ministre d\u2019Etat, Ministre de la De\u0301fense Nationale, le Ge\u0301ne\u0301ral de Corps d\u2019Arme\u0301e Salifou Mody a pre\u0301side\u0301, le jeudi 14 mars 2024, a\u0300 l\u2019Ecole Nationale des Sous-officiers d\u2019Active d\u2019Agadez (ENSOA), la ce\u0301re\u0301monie consacre\u0301e a\u0300 la pre\u0301sentation au drapeau de la 17e\u0300me promotion d\u2019Ele\u0300ves Sous-officiers d\u2019Active, couple\u0301e a\u0300 la pre\u0301sentation de la 2e\u0300me [&hellip;]<\/p>\n","protected":false},"author":82,"featured_media":59985,"comment_status":"open","ping_status":"closed","sticky":false,"template":"","format":"standard","meta":{"footnotes":""},"categories":[2,10],"tags":[55,60,29],"class_list":["post-59986","post","type-post","status-publish","format-standard","has-post-thumbnail","hentry","category-politique","category-toutes-les-actualites","tag-africa-press","tag-africa-press-niger","tag-niger"],"yoast_head":"<!-- This site is optimized with the Yoast SEO Premium plugin v26.1 (Yoast SEO v27.0) - https:\/\/yoast.com\/product\/yoast-seo-premium-wordpress\/ -->\n<title>Pr\u00e9sentation de la 17\u00e8me promotion d\u2019El\u00e8ves Sous-officiers d\u2019Active (ENSOA) : 249 Sous-Officiers form\u00e9s - niger<\/title>\n<meta name=\"description\" content=\"Le ministre d\u2019Etat, Ministre de la De\u0301fense Nationale, le Ge\u0301ne\u0301ral de Corps d\u2019Arme\u0301e Salifou Mody a pre\u0301side\u0301, le jeudi ...\" \/>\n<meta name=\"robots\" content=\"index, follow, max-snippet:-1, max-image-preview:large, max-video-preview:-1\" \/>\n<link rel=\"canonical\" href=\"https:\/\/www.africa-press.net\/niger\/politique\/presentation-de-la-17eme-promotion-deleves-sous-officiers-dactive-ensoa-249-sous-officiers-formes\" \/>\n<meta property=\"og:locale\" content=\"fr_FR\" \/>\n<meta property=\"og:type\" content=\"article\" \/>\n<meta property=\"og:title\" content=\"Pr\u00e9sentation de la 17\u00e8me promotion d\u2019El\u00e8ves Sous-officiers d\u2019Active (ENSOA) : 249 Sous-Officiers form\u00e9s\" \/>\n<meta property=\"og:description\" content=\"Le ministre d\u2019Etat, Ministre de la De\u0301fense Nationale, le Ge\u0301ne\u0301ral de Corps d\u2019Arme\u0301e Salifou Mody a pre\u0301side\u0301, le jeudi ...\" \/>\n<meta property=\"og:url\" content=\"https:\/\/www.africa-press.net\/niger\/politique\/presentation-de-la-17eme-promotion-deleves-sous-officiers-dactive-ensoa-249-sous-officiers-formes\" \/>\n<meta property=\"og:site_name\" content=\"niger\" \/>\n<meta property=\"article:published_time\" content=\"2024-03-15T14:17:14+00:00\" \/>\n<meta property=\"article:modified_time\" content=\"2024-03-15T15:14:49+00:00\" \/>\n<meta property=\"og:image\" content=\"https:\/\/static.africa-press.net\/niger\/sites\/40\/2024\/03\/sm_1710502987.131857.jpg\" \/>\n\t<meta property=\"og:image:width\" content=\"720\" \/>\n\t<meta property=\"og:image:height\" content=\"480\" \/>\n\t<meta property=\"og:image:type\" content=\"image\/jpeg\" \/>\n<meta name=\"author\" content=\"cfeditorfr\" \/>\n<meta name=\"twitter:card\" content=\"summary_large_image\" \/>\n<meta name=\"twitter:label1\" content=\"\u00c9crit par\" \/>\n\t<meta name=\"twitter:data1\" content=\"cfeditorfr\" \/>\n\t<meta name=\"twitter:label2\" content=\"Dur\u00e9e de lecture estim\u00e9e\" \/>\n\t<meta name=\"twitter:data2\" content=\"5 minutes\" \/>\n<script type=\"application\/ld+json\" class=\"yoast-schema-graph\">{\"@context\":\"https:\/\/schema.org\",\"@graph\":[{\"@type\":\"Article\",\"@id\":\"https:\/\/www.africa-press.net\/niger\/politique\/presentation-de-la-17eme-promotion-deleves-sous-officiers-dactive-ensoa-249-sous-officiers-formes#article\",\"isPartOf\":{\"@id\":\"https:\/\/www.africa-press.net\/niger\/politique\/presentation-de-la-17eme-promotion-deleves-sous-officiers-dactive-ensoa-249-sous-officiers-formes\"},\"author\":{\"name\":\"cfeditorfr\",\"@id\":\"https:\/\/www.africa-press.net\/niger\/#\/schema\/person\/2b1cf3cd81a31e3cd26889ca66d677f1\"},\"headline\":\"Pr\u00e9sentation de la 17\u00e8me promotion d\u2019El\u00e8ves Sous-officiers d\u2019Active (ENSOA) : 249 Sous-Officiers form\u00e9s\",\"datePublished\":\"2024-03-15T14:17:14+00:00\",\"dateModified\":\"2024-03-15T15:14:49+00:00\",\"mainEntityOfPage\":{\"@id\":\"https:\/\/www.africa-press.net\/niger\/politique\/presentation-de-la-17eme-promotion-deleves-sous-officiers-dactive-ensoa-249-sous-officiers-formes\"},\"wordCount\":947,\"commentCount\":0,\"image\":{\"@id\":\"https:\/\/www.africa-press.net\/niger\/politique\/presentation-de-la-17eme-promotion-deleves-sous-officiers-dactive-ensoa-249-sous-officiers-formes#primaryimage\"},\"thumbnailUrl\":\"https:\/\/static.africa-press.net\/niger\/sites\/40\/2024\/03\/sm_1710502987.131857.jpg\",\"keywords\":[\"Africa Press\",\"Africa Press-Niger\",\"Niger\"],\"articleSection\":[\"Politique\",\"Toutes les actualit\u00e9s\"],\"inLanguage\":\"fr-FR\",\"potentialAction\":[{\"@type\":\"CommentAction\",\"name\":\"Comment\",\"target\":[\"https:\/\/www.africa-press.net\/niger\/politique\/presentation-de-la-17eme-promotion-deleves-sous-officiers-dactive-ensoa-249-sous-officiers-formes#respond\"]}]},{\"@type\":\"WebPage\",\"@id\":\"https:\/\/www.africa-press.net\/niger\/politique\/presentation-de-la-17eme-promotion-deleves-sous-officiers-dactive-ensoa-249-sous-officiers-formes\",\"url\":\"https:\/\/www.africa-press.net\/niger\/politique\/presentation-de-la-17eme-promotion-deleves-sous-officiers-dactive-ensoa-249-sous-officiers-formes\",\"name\":\"Pr\u00e9sentation de la 17\u00e8me promotion d\u2019El\u00e8ves Sous-officiers d\u2019Active (ENSOA) : 249 Sous-Officiers form\u00e9s - niger\",\"isPartOf\":{\"@id\":\"https:\/\/www.africa-press.net\/niger\/#website\"},\"primaryImageOfPage\":{\"@id\":\"https:\/\/www.africa-press.net\/niger\/politique\/presentation-de-la-17eme-promotion-deleves-sous-officiers-dactive-ensoa-249-sous-officiers-formes#primaryimage\"},\"image\":{\"@id\":\"https:\/\/www.africa-press.net\/niger\/politique\/presentation-de-la-17eme-promotion-deleves-sous-officiers-dactive-ensoa-249-sous-officiers-formes#primaryimage\"},\"thumbnailUrl\":\"https:\/\/static.africa-press.net\/niger\/sites\/40\/2024\/03\/sm_1710502987.131857.jpg\",\"datePublished\":\"2024-03-15T14:17:14+00:00\",\"dateModified\":\"2024-03-15T15:14:49+00:00\",\"author\":{\"@id\":\"https:\/\/www.africa-press.net\/niger\/#\/schema\/person\/2b1cf3cd81a31e3cd26889ca66d677f1\"},\"description\":\"Le ministre d\u2019Etat, Ministre de la De\u0301fense Nationale, le Ge\u0301ne\u0301ral de Corps d\u2019Arme\u0301e Salifou Mody a pre\u0301side\u0301, le jeudi ...\",\"breadcrumb\":{\"@id\":\"https:\/\/www.africa-press.net\/niger\/politique\/presentation-de-la-17eme-promotion-deleves-sous-officiers-dactive-ensoa-249-sous-officiers-formes#breadcrumb\"},\"inLanguage\":\"fr-FR\",\"potentialAction\":[{\"@type\":\"ReadAction\",\"target\":[\"https:\/\/www.africa-press.net\/niger\/politique\/presentation-de-la-17eme-promotion-deleves-sous-officiers-dactive-ensoa-249-sous-officiers-formes\"]}]},{\"@type\":\"ImageObject\",\"inLanguage\":\"fr-FR\",\"@id\":\"https:\/\/www.africa-press.net\/niger\/politique\/presentation-de-la-17eme-promotion-deleves-sous-officiers-dactive-ensoa-249-sous-officiers-formes#primaryimage\",\"url\":\"https:\/\/static.africa-press.net\/niger\/sites\/40\/2024\/03\/sm_1710502987.131857.jpg\",\"contentUrl\":\"https:\/\/static.africa-press.net\/niger\/sites\/40\/2024\/03\/sm_1710502987.131857.jpg\",\"width\":720,\"height\":480,\"caption\":\"Pr\u00e9sentation de la 17\u00e8me promotion d\u2019El\u00e8ves Sous-officiers d\u2019Active (ENSOA) : 249 Sous-Officiers form\u00e9s\"},{\"@type\":\"BreadcrumbList\",\"@id\":\"https:\/\/www.africa-press.net\/niger\/politique\/presentation-de-la-17eme-promotion-deleves-sous-officiers-dactive-ensoa-249-sous-officiers-formes#breadcrumb\",\"itemListElement\":[{\"@type\":\"ListItem\",\"position\":1,\"name\":\"Accueil\",\"item\":\"https:\/\/www.africa-press.net\/niger\/\"},{\"@type\":\"ListItem\",\"position\":2,\"name\":\"Pr\u00e9sentation de la 17\u00e8me promotion d\u2019El\u00e8ves Sous-officiers d\u2019Active (ENSOA) : 249 Sous-Officiers form\u00e9s\"}]},{\"@type\":\"WebSite\",\"@id\":\"https:\/\/www.africa-press.net\/niger\/#website\",\"url\":\"https:\/\/www.africa-press.net\/niger\/\",\"name\":\"niger\",\"description\":\"Just another Africa News Agency Sites site\",\"potentialAction\":[{\"@type\":\"SearchAction\",\"target\":{\"@type\":\"EntryPoint\",\"urlTemplate\":\"https:\/\/www.africa-press.net\/niger\/?s={search_term_string}\"},\"query-input\":{\"@type\":\"PropertyValueSpecification\",\"valueRequired\":true,\"valueName\":\"search_term_string\"}}],\"inLanguage\":\"fr-FR\"},{\"@type\":\"Person\",\"@id\":\"https:\/\/www.africa-press.net\/niger\/#\/schema\/person\/2b1cf3cd81a31e3cd26889ca66d677f1\",\"name\":\"cfeditorfr\"}]}<\/script>\n<!-- \/ Yoast SEO Premium plugin. -->","yoast_head_json":{"title":"Pr\u00e9sentation de la 17\u00e8me promotion d\u2019El\u00e8ves Sous-officiers d\u2019Active (ENSOA) : 249 Sous-Officiers form\u00e9s - niger","description":"Le ministre d\u2019Etat, Ministre de la De\u0301fense Nationale, le Ge\u0301ne\u0301ral de Corps d\u2019Arme\u0301e Salifou Mody a pre\u0301side\u0301, le jeudi ...","robots":{"index":"index","follow":"follow","max-snippet":"max-snippet:-1","max-image-preview":"max-image-preview:large","max-video-preview":"max-video-preview:-1"},"canonical":"https:\/\/www.africa-press.net\/niger\/politique\/presentation-de-la-17eme-promotion-deleves-sous-officiers-dactive-ensoa-249-sous-officiers-formes","og_locale":"fr_FR","og_type":"article","og_title":"Pr\u00e9sentation de la 17\u00e8me promotion d\u2019El\u00e8ves Sous-officiers d\u2019Active (ENSOA) : 249 Sous-Officiers form\u00e9s","og_description":"Le ministre d\u2019Etat, Ministre de la De\u0301fense Nationale, le Ge\u0301ne\u0301ral de Corps d\u2019Arme\u0301e Salifou Mody a pre\u0301side\u0301, le jeudi ...","og_url":"https:\/\/www.africa-press.net\/niger\/politique\/presentation-de-la-17eme-promotion-deleves-sous-officiers-dactive-ensoa-249-sous-officiers-formes","og_site_name":"niger","article_published_time":"2024-03-15T14:17:14+00:00","article_modified_time":"2024-03-15T15:14:49+00:00","og_image":[{"width":720,"height":480,"url":"https:\/\/static.africa-press.net\/niger\/sites\/40\/2024\/03\/sm_1710502987.131857.jpg","type":"image\/jpeg"}],"author":"cfeditorfr","twitter_card":"summary_large_image","twitter_misc":{"\u00c9crit par":"cfeditorfr","Dur\u00e9e de lecture estim\u00e9e":"5 minutes"},"schema":{"@context":"https:\/\/schema.org","@graph":[{"@type":"Article","@id":"https:\/\/www.africa-press.net\/niger\/politique\/presentation-de-la-17eme-promotion-deleves-sous-officiers-dactive-ensoa-249-sous-officiers-formes#article","isPartOf":{"@id":"https:\/\/www.africa-press.net\/niger\/politique\/presentation-de-la-17eme-promotion-deleves-sous-officiers-dactive-ensoa-249-sous-officiers-formes"},"author":{"name":"cfeditorfr","@id":"https:\/\/www.africa-press.net\/niger\/#\/schema\/person\/2b1cf3cd81a31e3cd26889ca66d677f1"},"headline":"Pr\u00e9sentation de la 17\u00e8me promotion d\u2019El\u00e8ves Sous-officiers d\u2019Active (ENSOA) : 249 Sous-Officiers form\u00e9s","datePublished":"2024-03-15T14:17:14+00:00","dateModified":"2024-03-15T15:14:49+00:00","mainEntityOfPage":{"@id":"https:\/\/www.africa-press.net\/niger\/politique\/presentation-de-la-17eme-promotion-deleves-sous-officiers-dactive-ensoa-249-sous-officiers-formes"},"wordCount":947,"commentCount":0,"image":{"@id":"https:\/\/www.africa-press.net\/niger\/politique\/presentation-de-la-17eme-promotion-deleves-sous-officiers-dactive-ensoa-249-sous-officiers-formes#primaryimage"},"thumbnailUrl":"https:\/\/static.africa-press.net\/niger\/sites\/40\/2024\/03\/sm_1710502987.131857.jpg","keywords":["Africa Press","Africa Press-Niger","Niger"],"articleSection":["Politique","Toutes les actualit\u00e9s"],"inLanguage":"fr-FR","potentialAction":[{"@type":"CommentAction","name":"Comment","target":["https:\/\/www.africa-press.net\/niger\/politique\/presentation-de-la-17eme-promotion-deleves-sous-officiers-dactive-ensoa-249-sous-officiers-formes#respond"]}]},{"@type":"WebPage","@id":"https:\/\/www.africa-press.net\/niger\/politique\/presentation-de-la-17eme-promotion-deleves-sous-officiers-dactive-ensoa-249-sous-officiers-formes","url":"https:\/\/www.africa-press.net\/niger\/politique\/presentation-de-la-17eme-promotion-deleves-sous-officiers-dactive-ensoa-249-sous-officiers-formes","name":"Pr\u00e9sentation de la 17\u00e8me promotion d\u2019El\u00e8ves Sous-officiers d\u2019Active (ENSOA) : 249 Sous-Officiers form\u00e9s - niger","isPartOf":{"@id":"https:\/\/www.africa-press.net\/niger\/#website"},"primaryImageOfPage":{"@id":"https:\/\/www.africa-press.net\/niger\/politique\/presentation-de-la-17eme-promotion-deleves-sous-officiers-dactive-ensoa-249-sous-officiers-formes#primaryimage"},"image":{"@id":"https:\/\/www.africa-press.net\/niger\/politique\/presentation-de-la-17eme-promotion-deleves-sous-officiers-dactive-ensoa-249-sous-officiers-formes#primaryimage"},"thumbnailUrl":"https:\/\/static.africa-press.net\/niger\/sites\/40\/2024\/03\/sm_1710502987.131857.jpg","datePublished":"2024-03-15T14:17:14+00:00","dateModified":"2024-03-15T15:14:49+00:00","author":{"@id":"https:\/\/www.africa-press.net\/niger\/#\/schema\/person\/2b1cf3cd81a31e3cd26889ca66d677f1"},"description":"Le ministre d\u2019Etat, Ministre de la De\u0301fense Nationale, le Ge\u0301ne\u0301ral de Corps d\u2019Arme\u0301e Salifou Mody a pre\u0301side\u0301, le jeudi ...","breadcrumb":{"@id":"https:\/\/www.africa-press.net\/niger\/politique\/presentation-de-la-17eme-promotion-deleves-sous-officiers-dactive-ensoa-249-sous-officiers-formes#breadcrumb"},"inLanguage":"fr-FR","potentialAction":[{"@type":"ReadAction","target":["https:\/\/www.africa-press.net\/niger\/politique\/presentation-de-la-17eme-promotion-deleves-sous-officiers-dactive-ensoa-249-sous-officiers-formes"]}]},{"@type":"ImageObject","inLanguage":"fr-FR","@id":"https:\/\/www.africa-press.net\/niger\/politique\/presentation-de-la-17eme-promotion-deleves-sous-officiers-dactive-ensoa-249-sous-officiers-formes#primaryimage","url":"https:\/\/static.africa-press.net\/niger\/sites\/40\/2024\/03\/sm_1710502987.131857.jpg","contentUrl":"https:\/\/static.africa-press.net\/niger\/sites\/40\/2024\/03\/sm_1710502987.131857.jpg","width":720,"height":480,"caption":"Pr\u00e9sentation de la 17\u00e8me promotion d\u2019El\u00e8ves Sous-officiers d\u2019Active (ENSOA) : 249 Sous-Officiers form\u00e9s"},{"@type":"BreadcrumbList","@id":"https:\/\/www.africa-press.net\/niger\/politique\/presentation-de-la-17eme-promotion-deleves-sous-officiers-dactive-ensoa-249-sous-officiers-formes#breadcrumb","itemListElement":[{"@type":"ListItem","position":1,"name":"Accueil","item":"https:\/\/www.africa-press.net\/niger\/"},{"@type":"ListItem","position":2,"name":"Pr\u00e9sentation de la 17\u00e8me promotion d\u2019El\u00e8ves Sous-officiers d\u2019Active (ENSOA) : 249 Sous-Officiers form\u00e9s"}]},{"@type":"WebSite","@id":"https:\/\/www.africa-press.net\/niger\/#website","url":"https:\/\/www.africa-press.net\/niger\/","name":"niger","description":"Just another Africa News Agency Sites site","potentialAction":[{"@type":"SearchAction","target":{"@type":"EntryPoint","urlTemplate":"https:\/\/www.africa-press.net\/niger\/?s={search_term_string}"},"query-input":{"@type":"PropertyValueSpecification","valueRequired":true,"valueName":"search_term_string"}}],"inLanguage":"fr-FR"},{"@type":"Person","@id":"https:\/\/www.africa-press.net\/niger\/#\/schema\/person\/2b1cf3cd81a31e3cd26889ca66d677f1","name":"cfeditorfr"}]}},"_links":{"self":[{"href":"https:\/\/www.africa-press.net\/niger\/wp-json\/wp\/v2\/posts\/59986","targetHints":{"allow":["GET"]}}],"collection":[{"href":"https:\/\/www.africa-press.net\/niger\/wp-json\/wp\/v2\/posts"}],"about":[{"href":"https:\/\/www.africa-press.net\/niger\/wp-json\/wp\/v2\/types\/post"}],"author":[{"embeddable":true,"href":"https:\/\/www.africa-press.net\/niger\/wp-json\/wp\/v2\/users\/82"}],"replies":[{"embeddable":true,"href":"https:\/\/www.africa-press.net\/niger\/wp-json\/wp\/v2\/comments?post=59986"}],"version-history":[{"count":0,"href":"https:\/\/www.africa-press.net\/niger\/wp-json\/wp\/v2\/posts\/59986\/revisions"}],"wp:featuredmedia":[{"embeddable":true,"href":"https:\/\/www.africa-press.net\/niger\/wp-json\/wp\/v2\/media\/59985"}],"wp:attachment":[{"href":"https:\/\/www.africa-press.net\/niger\/wp-json\/wp\/v2\/media?parent=59986"}],"wp:term":[{"taxonomy":"category","embeddable":true,"href":"https:\/\/www.africa-press.net\/niger\/wp-json\/wp\/v2\/categories?post=59986"},{"taxonomy":"post_tag","embeddable":true,"href":"https:\/\/www.africa-press.net\/niger\/wp-json\/wp\/v2\/tags?post=59986"}],"curies":[{"name":"wp","href":"https:\/\/api.w.org\/{rel}","templated":true}]}}