{"id":60035,"date":"2024-03-16T17:27:55","date_gmt":"2024-03-16T17:27:55","guid":{"rendered":"https:\/\/www.africa-press.net\/niger\/politique\/au-cabinet-du-premier-ministre-le-secretarire-executif-de-l-abn-recu-par-m-ali-mahaman-lamine-zeine"},"modified":"2024-03-16T18:49:03","modified_gmt":"2024-03-16T18:49:03","slug":"au-cabinet-du-premier-ministre-le-secretarire-executif-de-l-abn-recu-par-m-ali-mahaman-lamine-zeine","status":"publish","type":"post","link":"https:\/\/www.africa-press.net\/niger\/politique\/au-cabinet-du-premier-ministre-le-secretarire-executif-de-l-abn-recu-par-m-ali-mahaman-lamine-zeine","title":{"rendered":"Au cabinet du Premier ministre : Le secr\u00e9tarire Ex\u00e9cutif de l\u2019 ABN re\u00e7u par M Ali Mahaman Lamine Zeine"},"content":{"rendered":"<p><span style=\"color: #ff6600\"><strong>Africa-Press &#8211; Niger. <\/strong><\/span>Le Premier ministre, ministre de l\u2019Economie et des Finance, M. Ali Mahaman Lamine Zeine a rec\u0327u le vendredi, 15 mars 2024, le Secre\u0301taire Exe\u0301cutif de l\u2019Autorite\u0301 du Bassin du Niger (ABN), M. Abde\u0301rahim Bireme\u0301 Hamid en fin de mission. Il est venu lui faire ses adieux et de discuter de la ne\u0301cessite\u0301 de renforcer la coope\u0301ration entre l\u2019ABN et le Niger.<\/p>\n<p>A sa sortie d\u2019audience, M. Abde\u0301rahim Bireme\u0301 a de\u0301clare\u0301 que sa mission arrive a\u0300 son terme. \u00ab Ma rencontre avec le Premier ministre est de venir lui pre\u0301senter ses civilite\u0301s. Nous avons e\u0301galement e\u0301change\u0301 sur la ne\u0301cessite\u0301 de renforcer la concertation sur les relations entre le Tchad et le Niger, notamment au sujet de l\u2019Autorite\u0301 du Bassin du Niger \u00bb, a-t-il dit, avant d\u2019exprimer sa gratitude au Conseil National pour la Sauvegarde de la Patrie, au gouvernement de la transition et au peuple du Niger pour leur hospitalite\u0301.<\/p>\n<p>Le Secre\u0301taire Exe\u0301cutif de l\u2019Autorite\u0301 du Bassin du Niger a par ailleurs souligne\u0301 qu\u2019il y a une re\u0301serve de 3 milliards place\u0301s qui ont ge\u0301ne\u0301re\u0301 des inte\u0301re\u0302ts en De\u0301po\u0302t a\u0300 Terme (DAT). Pre\u0300s de 300 millions sont disponibles. Donc il est essentiel de commencer la construction du sie\u0300ge de l\u2019ABN dans un court de\u0301lai. \u00ab Nous mettrons tout en \u0153uvre pour renforcer davantage nos relations entre nos deux pays et nos deux gouvernements \u00bb, a conclu M. Abde\u0301rahim Bireme\u0301.<\/p>\n<p>Il faut noter que cette audience s\u2019est de\u0301roule\u0301e en pre\u0301sence du ministre des Affaires Etrange\u0300res, de la Coope\u0301ration et des Nige\u0301riens a\u0300 l\u2019Exte\u0301rieur, M. Bakary Yaou Sangare\u0301, du ministre de l\u2019Hydraulique, de l\u2019Assainissement et de l\u2019Environnement, le Colonel Maizama Abdoulaye et du ministre de la Justice et des Droits de l\u2019Homme, Garde des Sceaux, M. Alio Daouda.<\/p>\n<p>&nbsp;<\/p>\n<p><strong>Pour plus d&rsquo;informations et d&rsquo;analyses sur la <a href=\"https:\/\/www.africa-press.net\/niger\">Niger<\/a>, suivez <a href=\"https:\/\/www.africa-press.net\/\">Africa-Press<\/a><\/strong><\/p>\n","protected":false},"excerpt":{"rendered":"<p>Africa-Press &#8211; Niger. Le Premier ministre, ministre de l\u2019Economie et des Finance, M. Ali Mahaman Lamine Zeine a rec\u0327u le vendredi, 15 mars 2024, le Secre\u0301taire Exe\u0301cutif de l\u2019Autorite\u0301 du Bassin du Niger (ABN), M. Abde\u0301rahim Bireme\u0301 Hamid en fin de mission. Il est venu lui faire ses adieux et de discuter de la ne\u0301cessite\u0301 [&hellip;]<\/p>\n","protected":false},"author":82,"featured_media":60034,"comment_status":"open","ping_status":"closed","sticky":false,"template":"","format":"standard","meta":{"footnotes":""},"categories":[2,20,10],"tags":[55,60,29],"class_list":["post-60035","post","type-post","status-publish","format-standard","has-post-thumbnail","hentry","category-politique","category-top-nouvelles","category-toutes-les-actualites","tag-africa-press","tag-africa-press-niger","tag-niger"],"yoast_head":"<!-- This site is optimized with the Yoast SEO Premium plugin v26.1 (Yoast SEO v27.0) - https:\/\/yoast.com\/product\/yoast-seo-premium-wordpress\/ -->\n<title>Au cabinet du Premier ministre : Le secr\u00e9tarire Ex\u00e9cutif de l\u2019 ABN re\u00e7u par M Ali Mahaman Lamine Zeine - niger<\/title>\n<meta name=\"description\" content=\"Le Premier ministre, ministre de l\u2019Economie et des Finance, M. Ali Mahaman Lamine Zeine a rec\u0327u le vendredi, 15 mars 202 ...\" \/>\n<meta name=\"robots\" content=\"index, follow, max-snippet:-1, max-image-preview:large, max-video-preview:-1\" \/>\n<link rel=\"canonical\" href=\"https:\/\/www.africa-press.net\/niger\/politique\/au-cabinet-du-premier-ministre-le-secretarire-executif-de-l-abn-recu-par-m-ali-mahaman-lamine-zeine\" \/>\n<meta property=\"og:locale\" content=\"fr_FR\" \/>\n<meta property=\"og:type\" content=\"article\" \/>\n<meta property=\"og:title\" content=\"Au cabinet du Premier ministre : Le secr\u00e9tarire Ex\u00e9cutif de l\u2019 ABN re\u00e7u par M Ali Mahaman Lamine Zeine\" \/>\n<meta property=\"og:description\" content=\"Le Premier ministre, ministre de l\u2019Economie et des Finance, M. Ali Mahaman Lamine Zeine a rec\u0327u le vendredi, 15 mars 202 ...\" \/>\n<meta property=\"og:url\" content=\"https:\/\/www.africa-press.net\/niger\/politique\/au-cabinet-du-premier-ministre-le-secretarire-executif-de-l-abn-recu-par-m-ali-mahaman-lamine-zeine\" \/>\n<meta property=\"og:site_name\" content=\"niger\" \/>\n<meta property=\"article:published_time\" content=\"2024-03-16T17:27:55+00:00\" \/>\n<meta property=\"article:modified_time\" content=\"2024-03-16T18:49:03+00:00\" \/>\n<meta property=\"og:image\" content=\"https:\/\/static.africa-press.net\/niger\/sites\/40\/2024\/03\/sm_1710602283.742919.jpg\" \/>\n\t<meta property=\"og:image:width\" content=\"720\" \/>\n\t<meta property=\"og:image:height\" content=\"521\" \/>\n\t<meta property=\"og:image:type\" content=\"image\/jpeg\" \/>\n<meta name=\"author\" content=\"cfeditorfr\" \/>\n<meta name=\"twitter:card\" content=\"summary_large_image\" \/>\n<meta name=\"twitter:label1\" content=\"\u00c9crit par\" \/>\n\t<meta name=\"twitter:data1\" content=\"cfeditorfr\" \/>\n\t<meta name=\"twitter:label2\" content=\"Dur\u00e9e de lecture estim\u00e9e\" \/>\n\t<meta name=\"twitter:data2\" content=\"2 minutes\" \/>\n<script type=\"application\/ld+json\" class=\"yoast-schema-graph\">{\"@context\":\"https:\/\/schema.org\",\"@graph\":[{\"@type\":\"Article\",\"@id\":\"https:\/\/www.africa-press.net\/niger\/politique\/au-cabinet-du-premier-ministre-le-secretarire-executif-de-l-abn-recu-par-m-ali-mahaman-lamine-zeine#article\",\"isPartOf\":{\"@id\":\"https:\/\/www.africa-press.net\/niger\/politique\/au-cabinet-du-premier-ministre-le-secretarire-executif-de-l-abn-recu-par-m-ali-mahaman-lamine-zeine\"},\"author\":{\"name\":\"cfeditorfr\",\"@id\":\"https:\/\/www.africa-press.net\/niger\/#\/schema\/person\/2b1cf3cd81a31e3cd26889ca66d677f1\"},\"headline\":\"Au cabinet du Premier ministre : Le secr\u00e9tarire Ex\u00e9cutif de l\u2019 ABN re\u00e7u par M Ali Mahaman Lamine Zeine\",\"datePublished\":\"2024-03-16T17:27:55+00:00\",\"dateModified\":\"2024-03-16T18:49:03+00:00\",\"mainEntityOfPage\":{\"@id\":\"https:\/\/www.africa-press.net\/niger\/politique\/au-cabinet-du-premier-ministre-le-secretarire-executif-de-l-abn-recu-par-m-ali-mahaman-lamine-zeine\"},\"wordCount\":363,\"commentCount\":0,\"image\":{\"@id\":\"https:\/\/www.africa-press.net\/niger\/politique\/au-cabinet-du-premier-ministre-le-secretarire-executif-de-l-abn-recu-par-m-ali-mahaman-lamine-zeine#primaryimage\"},\"thumbnailUrl\":\"https:\/\/static.africa-press.net\/niger\/sites\/40\/2024\/03\/sm_1710602283.742919.jpg\",\"keywords\":[\"Africa Press\",\"Africa Press-Niger\",\"Niger\"],\"articleSection\":[\"Politique\",\"Top Nouvelles\",\"Toutes les actualit\u00e9s\"],\"inLanguage\":\"fr-FR\",\"potentialAction\":[{\"@type\":\"CommentAction\",\"name\":\"Comment\",\"target\":[\"https:\/\/www.africa-press.net\/niger\/politique\/au-cabinet-du-premier-ministre-le-secretarire-executif-de-l-abn-recu-par-m-ali-mahaman-lamine-zeine#respond\"]}]},{\"@type\":\"WebPage\",\"@id\":\"https:\/\/www.africa-press.net\/niger\/politique\/au-cabinet-du-premier-ministre-le-secretarire-executif-de-l-abn-recu-par-m-ali-mahaman-lamine-zeine\",\"url\":\"https:\/\/www.africa-press.net\/niger\/politique\/au-cabinet-du-premier-ministre-le-secretarire-executif-de-l-abn-recu-par-m-ali-mahaman-lamine-zeine\",\"name\":\"Au cabinet du Premier ministre : Le secr\u00e9tarire Ex\u00e9cutif de l\u2019 ABN re\u00e7u par M Ali Mahaman Lamine Zeine - niger\",\"isPartOf\":{\"@id\":\"https:\/\/www.africa-press.net\/niger\/#website\"},\"primaryImageOfPage\":{\"@id\":\"https:\/\/www.africa-press.net\/niger\/politique\/au-cabinet-du-premier-ministre-le-secretarire-executif-de-l-abn-recu-par-m-ali-mahaman-lamine-zeine#primaryimage\"},\"image\":{\"@id\":\"https:\/\/www.africa-press.net\/niger\/politique\/au-cabinet-du-premier-ministre-le-secretarire-executif-de-l-abn-recu-par-m-ali-mahaman-lamine-zeine#primaryimage\"},\"thumbnailUrl\":\"https:\/\/static.africa-press.net\/niger\/sites\/40\/2024\/03\/sm_1710602283.742919.jpg\",\"datePublished\":\"2024-03-16T17:27:55+00:00\",\"dateModified\":\"2024-03-16T18:49:03+00:00\",\"author\":{\"@id\":\"https:\/\/www.africa-press.net\/niger\/#\/schema\/person\/2b1cf3cd81a31e3cd26889ca66d677f1\"},\"description\":\"Le Premier ministre, ministre de l\u2019Economie et des Finance, M. Ali Mahaman Lamine Zeine a rec\u0327u le vendredi, 15 mars 202 ...\",\"breadcrumb\":{\"@id\":\"https:\/\/www.africa-press.net\/niger\/politique\/au-cabinet-du-premier-ministre-le-secretarire-executif-de-l-abn-recu-par-m-ali-mahaman-lamine-zeine#breadcrumb\"},\"inLanguage\":\"fr-FR\",\"potentialAction\":[{\"@type\":\"ReadAction\",\"target\":[\"https:\/\/www.africa-press.net\/niger\/politique\/au-cabinet-du-premier-ministre-le-secretarire-executif-de-l-abn-recu-par-m-ali-mahaman-lamine-zeine\"]}]},{\"@type\":\"ImageObject\",\"inLanguage\":\"fr-FR\",\"@id\":\"https:\/\/www.africa-press.net\/niger\/politique\/au-cabinet-du-premier-ministre-le-secretarire-executif-de-l-abn-recu-par-m-ali-mahaman-lamine-zeine#primaryimage\",\"url\":\"https:\/\/static.africa-press.net\/niger\/sites\/40\/2024\/03\/sm_1710602283.742919.jpg\",\"contentUrl\":\"https:\/\/static.africa-press.net\/niger\/sites\/40\/2024\/03\/sm_1710602283.742919.jpg\",\"width\":720,\"height\":521,\"caption\":\"Au cabinet du Premier ministre : Le secr\u00e9tarire Ex\u00e9cutif de l\u2019 ABN re\u00e7u par M Ali Mahaman Lamine Zeine\"},{\"@type\":\"BreadcrumbList\",\"@id\":\"https:\/\/www.africa-press.net\/niger\/politique\/au-cabinet-du-premier-ministre-le-secretarire-executif-de-l-abn-recu-par-m-ali-mahaman-lamine-zeine#breadcrumb\",\"itemListElement\":[{\"@type\":\"ListItem\",\"position\":1,\"name\":\"Accueil\",\"item\":\"https:\/\/www.africa-press.net\/niger\/\"},{\"@type\":\"ListItem\",\"position\":2,\"name\":\"Au cabinet du Premier ministre : Le secr\u00e9tarire Ex\u00e9cutif de l\u2019 ABN re\u00e7u par M Ali Mahaman Lamine Zeine\"}]},{\"@type\":\"WebSite\",\"@id\":\"https:\/\/www.africa-press.net\/niger\/#website\",\"url\":\"https:\/\/www.africa-press.net\/niger\/\",\"name\":\"niger\",\"description\":\"Just another Africa News Agency Sites site\",\"potentialAction\":[{\"@type\":\"SearchAction\",\"target\":{\"@type\":\"EntryPoint\",\"urlTemplate\":\"https:\/\/www.africa-press.net\/niger\/?s={search_term_string}\"},\"query-input\":{\"@type\":\"PropertyValueSpecification\",\"valueRequired\":true,\"valueName\":\"search_term_string\"}}],\"inLanguage\":\"fr-FR\"},{\"@type\":\"Person\",\"@id\":\"https:\/\/www.africa-press.net\/niger\/#\/schema\/person\/2b1cf3cd81a31e3cd26889ca66d677f1\",\"name\":\"cfeditorfr\"}]}<\/script>\n<!-- \/ Yoast SEO Premium plugin. -->","yoast_head_json":{"title":"Au cabinet du Premier ministre : Le secr\u00e9tarire Ex\u00e9cutif de l\u2019 ABN re\u00e7u par M Ali Mahaman Lamine Zeine - niger","description":"Le Premier ministre, ministre de l\u2019Economie et des Finance, M. Ali Mahaman Lamine Zeine a rec\u0327u le vendredi, 15 mars 202 ...","robots":{"index":"index","follow":"follow","max-snippet":"max-snippet:-1","max-image-preview":"max-image-preview:large","max-video-preview":"max-video-preview:-1"},"canonical":"https:\/\/www.africa-press.net\/niger\/politique\/au-cabinet-du-premier-ministre-le-secretarire-executif-de-l-abn-recu-par-m-ali-mahaman-lamine-zeine","og_locale":"fr_FR","og_type":"article","og_title":"Au cabinet du Premier ministre : Le secr\u00e9tarire Ex\u00e9cutif de l\u2019 ABN re\u00e7u par M Ali Mahaman Lamine Zeine","og_description":"Le Premier ministre, ministre de l\u2019Economie et des Finance, M. Ali Mahaman Lamine Zeine a rec\u0327u le vendredi, 15 mars 202 ...","og_url":"https:\/\/www.africa-press.net\/niger\/politique\/au-cabinet-du-premier-ministre-le-secretarire-executif-de-l-abn-recu-par-m-ali-mahaman-lamine-zeine","og_site_name":"niger","article_published_time":"2024-03-16T17:27:55+00:00","article_modified_time":"2024-03-16T18:49:03+00:00","og_image":[{"width":720,"height":521,"url":"https:\/\/static.africa-press.net\/niger\/sites\/40\/2024\/03\/sm_1710602283.742919.jpg","type":"image\/jpeg"}],"author":"cfeditorfr","twitter_card":"summary_large_image","twitter_misc":{"\u00c9crit par":"cfeditorfr","Dur\u00e9e de lecture estim\u00e9e":"2 minutes"},"schema":{"@context":"https:\/\/schema.org","@graph":[{"@type":"Article","@id":"https:\/\/www.africa-press.net\/niger\/politique\/au-cabinet-du-premier-ministre-le-secretarire-executif-de-l-abn-recu-par-m-ali-mahaman-lamine-zeine#article","isPartOf":{"@id":"https:\/\/www.africa-press.net\/niger\/politique\/au-cabinet-du-premier-ministre-le-secretarire-executif-de-l-abn-recu-par-m-ali-mahaman-lamine-zeine"},"author":{"name":"cfeditorfr","@id":"https:\/\/www.africa-press.net\/niger\/#\/schema\/person\/2b1cf3cd81a31e3cd26889ca66d677f1"},"headline":"Au cabinet du Premier ministre : Le secr\u00e9tarire Ex\u00e9cutif de l\u2019 ABN re\u00e7u par M Ali Mahaman Lamine Zeine","datePublished":"2024-03-16T17:27:55+00:00","dateModified":"2024-03-16T18:49:03+00:00","mainEntityOfPage":{"@id":"https:\/\/www.africa-press.net\/niger\/politique\/au-cabinet-du-premier-ministre-le-secretarire-executif-de-l-abn-recu-par-m-ali-mahaman-lamine-zeine"},"wordCount":363,"commentCount":0,"image":{"@id":"https:\/\/www.africa-press.net\/niger\/politique\/au-cabinet-du-premier-ministre-le-secretarire-executif-de-l-abn-recu-par-m-ali-mahaman-lamine-zeine#primaryimage"},"thumbnailUrl":"https:\/\/static.africa-press.net\/niger\/sites\/40\/2024\/03\/sm_1710602283.742919.jpg","keywords":["Africa Press","Africa Press-Niger","Niger"],"articleSection":["Politique","Top Nouvelles","Toutes les actualit\u00e9s"],"inLanguage":"fr-FR","potentialAction":[{"@type":"CommentAction","name":"Comment","target":["https:\/\/www.africa-press.net\/niger\/politique\/au-cabinet-du-premier-ministre-le-secretarire-executif-de-l-abn-recu-par-m-ali-mahaman-lamine-zeine#respond"]}]},{"@type":"WebPage","@id":"https:\/\/www.africa-press.net\/niger\/politique\/au-cabinet-du-premier-ministre-le-secretarire-executif-de-l-abn-recu-par-m-ali-mahaman-lamine-zeine","url":"https:\/\/www.africa-press.net\/niger\/politique\/au-cabinet-du-premier-ministre-le-secretarire-executif-de-l-abn-recu-par-m-ali-mahaman-lamine-zeine","name":"Au cabinet du Premier ministre : Le secr\u00e9tarire Ex\u00e9cutif de l\u2019 ABN re\u00e7u par M Ali Mahaman Lamine Zeine - niger","isPartOf":{"@id":"https:\/\/www.africa-press.net\/niger\/#website"},"primaryImageOfPage":{"@id":"https:\/\/www.africa-press.net\/niger\/politique\/au-cabinet-du-premier-ministre-le-secretarire-executif-de-l-abn-recu-par-m-ali-mahaman-lamine-zeine#primaryimage"},"image":{"@id":"https:\/\/www.africa-press.net\/niger\/politique\/au-cabinet-du-premier-ministre-le-secretarire-executif-de-l-abn-recu-par-m-ali-mahaman-lamine-zeine#primaryimage"},"thumbnailUrl":"https:\/\/static.africa-press.net\/niger\/sites\/40\/2024\/03\/sm_1710602283.742919.jpg","datePublished":"2024-03-16T17:27:55+00:00","dateModified":"2024-03-16T18:49:03+00:00","author":{"@id":"https:\/\/www.africa-press.net\/niger\/#\/schema\/person\/2b1cf3cd81a31e3cd26889ca66d677f1"},"description":"Le Premier ministre, ministre de l\u2019Economie et des Finance, M. Ali Mahaman Lamine Zeine a rec\u0327u le vendredi, 15 mars 202 ...","breadcrumb":{"@id":"https:\/\/www.africa-press.net\/niger\/politique\/au-cabinet-du-premier-ministre-le-secretarire-executif-de-l-abn-recu-par-m-ali-mahaman-lamine-zeine#breadcrumb"},"inLanguage":"fr-FR","potentialAction":[{"@type":"ReadAction","target":["https:\/\/www.africa-press.net\/niger\/politique\/au-cabinet-du-premier-ministre-le-secretarire-executif-de-l-abn-recu-par-m-ali-mahaman-lamine-zeine"]}]},{"@type":"ImageObject","inLanguage":"fr-FR","@id":"https:\/\/www.africa-press.net\/niger\/politique\/au-cabinet-du-premier-ministre-le-secretarire-executif-de-l-abn-recu-par-m-ali-mahaman-lamine-zeine#primaryimage","url":"https:\/\/static.africa-press.net\/niger\/sites\/40\/2024\/03\/sm_1710602283.742919.jpg","contentUrl":"https:\/\/static.africa-press.net\/niger\/sites\/40\/2024\/03\/sm_1710602283.742919.jpg","width":720,"height":521,"caption":"Au cabinet du Premier ministre : Le secr\u00e9tarire Ex\u00e9cutif de l\u2019 ABN re\u00e7u par M Ali Mahaman Lamine Zeine"},{"@type":"BreadcrumbList","@id":"https:\/\/www.africa-press.net\/niger\/politique\/au-cabinet-du-premier-ministre-le-secretarire-executif-de-l-abn-recu-par-m-ali-mahaman-lamine-zeine#breadcrumb","itemListElement":[{"@type":"ListItem","position":1,"name":"Accueil","item":"https:\/\/www.africa-press.net\/niger\/"},{"@type":"ListItem","position":2,"name":"Au cabinet du Premier ministre : Le secr\u00e9tarire Ex\u00e9cutif de l\u2019 ABN re\u00e7u par M Ali Mahaman Lamine Zeine"}]},{"@type":"WebSite","@id":"https:\/\/www.africa-press.net\/niger\/#website","url":"https:\/\/www.africa-press.net\/niger\/","name":"niger","description":"Just another Africa News Agency Sites site","potentialAction":[{"@type":"SearchAction","target":{"@type":"EntryPoint","urlTemplate":"https:\/\/www.africa-press.net\/niger\/?s={search_term_string}"},"query-input":{"@type":"PropertyValueSpecification","valueRequired":true,"valueName":"search_term_string"}}],"inLanguage":"fr-FR"},{"@type":"Person","@id":"https:\/\/www.africa-press.net\/niger\/#\/schema\/person\/2b1cf3cd81a31e3cd26889ca66d677f1","name":"cfeditorfr"}]}},"_links":{"self":[{"href":"https:\/\/www.africa-press.net\/niger\/wp-json\/wp\/v2\/posts\/60035","targetHints":{"allow":["GET"]}}],"collection":[{"href":"https:\/\/www.africa-press.net\/niger\/wp-json\/wp\/v2\/posts"}],"about":[{"href":"https:\/\/www.africa-press.net\/niger\/wp-json\/wp\/v2\/types\/post"}],"author":[{"embeddable":true,"href":"https:\/\/www.africa-press.net\/niger\/wp-json\/wp\/v2\/users\/82"}],"replies":[{"embeddable":true,"href":"https:\/\/www.africa-press.net\/niger\/wp-json\/wp\/v2\/comments?post=60035"}],"version-history":[{"count":0,"href":"https:\/\/www.africa-press.net\/niger\/wp-json\/wp\/v2\/posts\/60035\/revisions"}],"wp:featuredmedia":[{"embeddable":true,"href":"https:\/\/www.africa-press.net\/niger\/wp-json\/wp\/v2\/media\/60034"}],"wp:attachment":[{"href":"https:\/\/www.africa-press.net\/niger\/wp-json\/wp\/v2\/media?parent=60035"}],"wp:term":[{"taxonomy":"category","embeddable":true,"href":"https:\/\/www.africa-press.net\/niger\/wp-json\/wp\/v2\/categories?post=60035"},{"taxonomy":"post_tag","embeddable":true,"href":"https:\/\/www.africa-press.net\/niger\/wp-json\/wp\/v2\/tags?post=60035"}],"curies":[{"name":"wp","href":"https:\/\/api.w.org\/{rel}","templated":true}]}}