{"id":60038,"date":"2024-03-16T17:48:34","date_gmt":"2024-03-16T17:48:34","guid":{"rendered":"https:\/\/www.africa-press.net\/niger\/politique\/la-situation-securitaire-sest-amelioree-a-cause-de-la-presence-des-forces-speciales"},"modified":"2024-03-16T18:57:59","modified_gmt":"2024-03-16T18:57:59","slug":"la-situation-securitaire-sest-amelioree-a-cause-de-la-presence-des-forces-speciales","status":"publish","type":"post","link":"https:\/\/www.africa-press.net\/niger\/politique\/la-situation-securitaire-sest-amelioree-a-cause-de-la-presence-des-forces-speciales","title":{"rendered":"\u2018\u2018La situation s\u00e9curitaire s&rsquo;est am\u00e9lior\u00e9e \u00e0 cause de la pr\u00e9sence des forces sp\u00e9ciales\u00a0\u00bb"},"content":{"rendered":"<p><span style=\"color: #ff6600\"><strong>Africa-Press &#8211; Niger. <\/strong><\/span>Sur le plan se\u0301curitaire on constate une certaine ame\u0301lioration depuis l&rsquo;arrive\u0301e des forces spe\u0301ciales selon le Maire seulement ce qui nous embe\u0302te les agents de se\u0301curite\u0301 sont tre\u0300s mobiles ce qui ne leur permet pas de contro\u0302ler toute la commune.<\/p>\n<p>En marge de la tourne\u0301e de sensibilisation qu&rsquo;effectue le Pre\u0301fet du de\u0301partement de Tahoua, Le Maire de la commune de Takanamatt M. Harouna Andillo a accorde\u0301 une interview au correspondant re\u0301gional de l&rsquo;ANP sur la vie de sa commune. Il a e\u0301voque\u0301 la situation se\u0301curitaire, la mobilisation des ressources internes et le proble\u0300me d&rsquo;eau dans sa commune.<\/p>\n<p>Nous voulons la cre\u0301ation des postes avance\u0301s dans la zone Nord et Ouest de la commune qui est une zone totalement ouverte ce qui fait profiter a\u0300 certains bandits arme\u0301s pour pre\u0301lever les zakkat dans les hameaux de culture. En ce qui concerne la mobilisation des ressources internes, c&rsquo;est toujours lie\u0301 a\u0300 l&rsquo;inse\u0301curite\u0301 dans la commune. Aujourd&rsquo;hui pour aller au recouvrement des impo\u0302ts, il faut aller avec les agents de se\u0301curite\u0301, et cette situation pe\u0301nalise beaucoup la commune de Takanamatt se plaignait le Maire. Il y a aussi beaucoup de gens qui se cachent derrie\u0300re le pre\u0301le\u0300vement force\u0301 des zakkat pour refuser de payer les impo\u0302ts. Nous arrivons seulement a\u0300 recouvrer le 1\/4 de la taxe municipale, il y&rsquo;a trois grands hebdomadaires qui sont ferme\u0301s a\u0300 cause de l&rsquo;inse\u0301curite\u0301. Le Maire de Takanamatt a au terme de son intervention lance\u0301 un cri de c\u0153ur par rapport au manque crucial des infrastructures hydrauliques surtout dans la partie Nord et Ouest de la commune on n\u2019y trouve aucune adduction d&rsquo;eau potable (AEP) selon lui. Il faut retenir que la commune de Takanamatt est situe\u0301e a\u0300 60 Km au Nord de Tahoua. Le conseil municipal est constitue\u0301 de 14 conseillers dont 3 femmes et est assure\u0301 par un maire et un adjoint. Elle a une population estime\u0301e a\u0300 62.000 habitants et dispose 63 villages administratifs et hameaux. Les principales ethnies sont les Haoussas, les Touareg et les Peulh. L&rsquo;agriculture, l&rsquo;e\u0301levage et le commerce sont les principales activite\u0301s de la population de Takanamatt. Sur le plan e\u0301ducation, la commune de Takanamatt posse\u0300de deux e\u0301tablissements secondaires, un centre de formation aux me\u0301tiers (CFM) et 54 e\u0301coles primaires pour un effectif de 5791 e\u0301le\u0300ves dont 2254 filles.<\/p>\n<p><strong>Pour plus d&rsquo;informations et d&rsquo;analyses sur la <a href=\"https:\/\/www.africa-press.net\/niger\">Niger<\/a>, suivez <a href=\"https:\/\/www.africa-press.net\/\">Africa-Press<\/a><\/strong><\/p>\n","protected":false},"excerpt":{"rendered":"<p>Africa-Press &#8211; Niger. Sur le plan se\u0301curitaire on constate une certaine ame\u0301lioration depuis l&rsquo;arrive\u0301e des forces spe\u0301ciales selon le Maire seulement ce qui nous embe\u0302te les agents de se\u0301curite\u0301 sont tre\u0300s mobiles ce qui ne leur permet pas de contro\u0302ler toute la commune. En marge de la tourne\u0301e de sensibilisation qu&rsquo;effectue le Pre\u0301fet du de\u0301partement [&hellip;]<\/p>\n","protected":false},"author":82,"featured_media":60037,"comment_status":"open","ping_status":"closed","sticky":false,"template":"","format":"standard","meta":{"footnotes":""},"categories":[2,10],"tags":[55,60,29],"class_list":["post-60038","post","type-post","status-publish","format-standard","has-post-thumbnail","hentry","category-politique","category-toutes-les-actualites","tag-africa-press","tag-africa-press-niger","tag-niger"],"yoast_head":"<!-- This site is optimized with the Yoast SEO Premium plugin v26.1 (Yoast SEO v27.0) - https:\/\/yoast.com\/product\/yoast-seo-premium-wordpress\/ -->\n<title>\u2018\u2018La situation s\u00e9curitaire s&#039;est am\u00e9lior\u00e9e \u00e0 cause de la pr\u00e9sence des forces sp\u00e9ciales&#039;&#039; - niger<\/title>\n<meta name=\"description\" content=\"Sur le plan se\u0301curitaire on constate une certaine ame\u0301lioration depuis l&#039;arrive\u0301e des forces spe\u0301ciales selon le Maire s ...\" \/>\n<meta name=\"robots\" content=\"index, follow, max-snippet:-1, max-image-preview:large, max-video-preview:-1\" \/>\n<link rel=\"canonical\" href=\"https:\/\/www.africa-press.net\/niger\/politique\/la-situation-securitaire-sest-amelioree-a-cause-de-la-presence-des-forces-speciales\" \/>\n<meta property=\"og:locale\" content=\"fr_FR\" \/>\n<meta property=\"og:type\" content=\"article\" \/>\n<meta property=\"og:title\" content=\"\u2018\u2018La situation s\u00e9curitaire s&#039;est am\u00e9lior\u00e9e \u00e0 cause de la pr\u00e9sence des forces sp\u00e9ciales&#039;&#039;\" \/>\n<meta property=\"og:description\" content=\"Sur le plan se\u0301curitaire on constate une certaine ame\u0301lioration depuis l&#039;arrive\u0301e des forces spe\u0301ciales selon le Maire s ...\" \/>\n<meta property=\"og:url\" content=\"https:\/\/www.africa-press.net\/niger\/politique\/la-situation-securitaire-sest-amelioree-a-cause-de-la-presence-des-forces-speciales\" \/>\n<meta property=\"og:site_name\" content=\"niger\" \/>\n<meta property=\"article:published_time\" content=\"2024-03-16T17:48:34+00:00\" \/>\n<meta property=\"article:modified_time\" content=\"2024-03-16T18:57:59+00:00\" \/>\n<meta property=\"og:image\" content=\"https:\/\/static.africa-press.net\/niger\/sites\/40\/2024\/03\/sm_1710602843.966511.jpg\" \/>\n\t<meta property=\"og:image:width\" content=\"1024\" \/>\n\t<meta property=\"og:image:height\" content=\"768\" \/>\n\t<meta property=\"og:image:type\" content=\"image\/jpeg\" \/>\n<meta name=\"author\" content=\"cfeditorfr\" \/>\n<meta name=\"twitter:card\" content=\"summary_large_image\" \/>\n<meta name=\"twitter:label1\" content=\"\u00c9crit par\" \/>\n\t<meta name=\"twitter:data1\" content=\"cfeditorfr\" \/>\n\t<meta name=\"twitter:label2\" content=\"Dur\u00e9e de lecture estim\u00e9e\" \/>\n\t<meta name=\"twitter:data2\" content=\"3 minutes\" \/>\n<script type=\"application\/ld+json\" class=\"yoast-schema-graph\">{\"@context\":\"https:\/\/schema.org\",\"@graph\":[{\"@type\":\"Article\",\"@id\":\"https:\/\/www.africa-press.net\/niger\/politique\/la-situation-securitaire-sest-amelioree-a-cause-de-la-presence-des-forces-speciales#article\",\"isPartOf\":{\"@id\":\"https:\/\/www.africa-press.net\/niger\/politique\/la-situation-securitaire-sest-amelioree-a-cause-de-la-presence-des-forces-speciales\"},\"author\":{\"name\":\"cfeditorfr\",\"@id\":\"https:\/\/www.africa-press.net\/niger\/#\/schema\/person\/2b1cf3cd81a31e3cd26889ca66d677f1\"},\"headline\":\"\u2018\u2018La situation s\u00e9curitaire s&rsquo;est am\u00e9lior\u00e9e \u00e0 cause de la pr\u00e9sence des forces sp\u00e9ciales\u00a0\u00bb\",\"datePublished\":\"2024-03-16T17:48:34+00:00\",\"dateModified\":\"2024-03-16T18:57:59+00:00\",\"mainEntityOfPage\":{\"@id\":\"https:\/\/www.africa-press.net\/niger\/politique\/la-situation-securitaire-sest-amelioree-a-cause-de-la-presence-des-forces-speciales\"},\"wordCount\":456,\"commentCount\":0,\"image\":{\"@id\":\"https:\/\/www.africa-press.net\/niger\/politique\/la-situation-securitaire-sest-amelioree-a-cause-de-la-presence-des-forces-speciales#primaryimage\"},\"thumbnailUrl\":\"https:\/\/static.africa-press.net\/niger\/sites\/40\/2024\/03\/sm_1710602843.966511.jpg\",\"keywords\":[\"Africa Press\",\"Africa Press-Niger\",\"Niger\"],\"articleSection\":[\"Politique\",\"Toutes les actualit\u00e9s\"],\"inLanguage\":\"fr-FR\",\"potentialAction\":[{\"@type\":\"CommentAction\",\"name\":\"Comment\",\"target\":[\"https:\/\/www.africa-press.net\/niger\/politique\/la-situation-securitaire-sest-amelioree-a-cause-de-la-presence-des-forces-speciales#respond\"]}]},{\"@type\":\"WebPage\",\"@id\":\"https:\/\/www.africa-press.net\/niger\/politique\/la-situation-securitaire-sest-amelioree-a-cause-de-la-presence-des-forces-speciales\",\"url\":\"https:\/\/www.africa-press.net\/niger\/politique\/la-situation-securitaire-sest-amelioree-a-cause-de-la-presence-des-forces-speciales\",\"name\":\"\u2018\u2018La situation s\u00e9curitaire s'est am\u00e9lior\u00e9e \u00e0 cause de la pr\u00e9sence des forces sp\u00e9ciales'' - niger\",\"isPartOf\":{\"@id\":\"https:\/\/www.africa-press.net\/niger\/#website\"},\"primaryImageOfPage\":{\"@id\":\"https:\/\/www.africa-press.net\/niger\/politique\/la-situation-securitaire-sest-amelioree-a-cause-de-la-presence-des-forces-speciales#primaryimage\"},\"image\":{\"@id\":\"https:\/\/www.africa-press.net\/niger\/politique\/la-situation-securitaire-sest-amelioree-a-cause-de-la-presence-des-forces-speciales#primaryimage\"},\"thumbnailUrl\":\"https:\/\/static.africa-press.net\/niger\/sites\/40\/2024\/03\/sm_1710602843.966511.jpg\",\"datePublished\":\"2024-03-16T17:48:34+00:00\",\"dateModified\":\"2024-03-16T18:57:59+00:00\",\"author\":{\"@id\":\"https:\/\/www.africa-press.net\/niger\/#\/schema\/person\/2b1cf3cd81a31e3cd26889ca66d677f1\"},\"description\":\"Sur le plan se\u0301curitaire on constate une certaine ame\u0301lioration depuis l'arrive\u0301e des forces spe\u0301ciales selon le Maire s ...\",\"breadcrumb\":{\"@id\":\"https:\/\/www.africa-press.net\/niger\/politique\/la-situation-securitaire-sest-amelioree-a-cause-de-la-presence-des-forces-speciales#breadcrumb\"},\"inLanguage\":\"fr-FR\",\"potentialAction\":[{\"@type\":\"ReadAction\",\"target\":[\"https:\/\/www.africa-press.net\/niger\/politique\/la-situation-securitaire-sest-amelioree-a-cause-de-la-presence-des-forces-speciales\"]}]},{\"@type\":\"ImageObject\",\"inLanguage\":\"fr-FR\",\"@id\":\"https:\/\/www.africa-press.net\/niger\/politique\/la-situation-securitaire-sest-amelioree-a-cause-de-la-presence-des-forces-speciales#primaryimage\",\"url\":\"https:\/\/static.africa-press.net\/niger\/sites\/40\/2024\/03\/sm_1710602843.966511.jpg\",\"contentUrl\":\"https:\/\/static.africa-press.net\/niger\/sites\/40\/2024\/03\/sm_1710602843.966511.jpg\",\"width\":1024,\"height\":768,\"caption\":\"\u2018\u2018La situation s\u00e9curitaire s'est am\u00e9lior\u00e9e \u00e0 cause de la pr\u00e9sence des forces sp\u00e9ciales''\"},{\"@type\":\"BreadcrumbList\",\"@id\":\"https:\/\/www.africa-press.net\/niger\/politique\/la-situation-securitaire-sest-amelioree-a-cause-de-la-presence-des-forces-speciales#breadcrumb\",\"itemListElement\":[{\"@type\":\"ListItem\",\"position\":1,\"name\":\"Accueil\",\"item\":\"https:\/\/www.africa-press.net\/niger\/\"},{\"@type\":\"ListItem\",\"position\":2,\"name\":\"\u2018\u2018La situation s\u00e9curitaire s&#8217;est am\u00e9lior\u00e9e \u00e0 cause de la pr\u00e9sence des forces sp\u00e9ciales&#8221;\"}]},{\"@type\":\"WebSite\",\"@id\":\"https:\/\/www.africa-press.net\/niger\/#website\",\"url\":\"https:\/\/www.africa-press.net\/niger\/\",\"name\":\"niger\",\"description\":\"Just another Africa News Agency Sites site\",\"potentialAction\":[{\"@type\":\"SearchAction\",\"target\":{\"@type\":\"EntryPoint\",\"urlTemplate\":\"https:\/\/www.africa-press.net\/niger\/?s={search_term_string}\"},\"query-input\":{\"@type\":\"PropertyValueSpecification\",\"valueRequired\":true,\"valueName\":\"search_term_string\"}}],\"inLanguage\":\"fr-FR\"},{\"@type\":\"Person\",\"@id\":\"https:\/\/www.africa-press.net\/niger\/#\/schema\/person\/2b1cf3cd81a31e3cd26889ca66d677f1\",\"name\":\"cfeditorfr\"}]}<\/script>\n<!-- \/ Yoast SEO Premium plugin. -->","yoast_head_json":{"title":"\u2018\u2018La situation s\u00e9curitaire s'est am\u00e9lior\u00e9e \u00e0 cause de la pr\u00e9sence des forces sp\u00e9ciales'' - niger","description":"Sur le plan se\u0301curitaire on constate une certaine ame\u0301lioration depuis l'arrive\u0301e des forces spe\u0301ciales selon le Maire s ...","robots":{"index":"index","follow":"follow","max-snippet":"max-snippet:-1","max-image-preview":"max-image-preview:large","max-video-preview":"max-video-preview:-1"},"canonical":"https:\/\/www.africa-press.net\/niger\/politique\/la-situation-securitaire-sest-amelioree-a-cause-de-la-presence-des-forces-speciales","og_locale":"fr_FR","og_type":"article","og_title":"\u2018\u2018La situation s\u00e9curitaire s'est am\u00e9lior\u00e9e \u00e0 cause de la pr\u00e9sence des forces sp\u00e9ciales''","og_description":"Sur le plan se\u0301curitaire on constate une certaine ame\u0301lioration depuis l'arrive\u0301e des forces spe\u0301ciales selon le Maire s ...","og_url":"https:\/\/www.africa-press.net\/niger\/politique\/la-situation-securitaire-sest-amelioree-a-cause-de-la-presence-des-forces-speciales","og_site_name":"niger","article_published_time":"2024-03-16T17:48:34+00:00","article_modified_time":"2024-03-16T18:57:59+00:00","og_image":[{"width":1024,"height":768,"url":"https:\/\/static.africa-press.net\/niger\/sites\/40\/2024\/03\/sm_1710602843.966511.jpg","type":"image\/jpeg"}],"author":"cfeditorfr","twitter_card":"summary_large_image","twitter_misc":{"\u00c9crit par":"cfeditorfr","Dur\u00e9e de lecture estim\u00e9e":"3 minutes"},"schema":{"@context":"https:\/\/schema.org","@graph":[{"@type":"Article","@id":"https:\/\/www.africa-press.net\/niger\/politique\/la-situation-securitaire-sest-amelioree-a-cause-de-la-presence-des-forces-speciales#article","isPartOf":{"@id":"https:\/\/www.africa-press.net\/niger\/politique\/la-situation-securitaire-sest-amelioree-a-cause-de-la-presence-des-forces-speciales"},"author":{"name":"cfeditorfr","@id":"https:\/\/www.africa-press.net\/niger\/#\/schema\/person\/2b1cf3cd81a31e3cd26889ca66d677f1"},"headline":"\u2018\u2018La situation s\u00e9curitaire s&rsquo;est am\u00e9lior\u00e9e \u00e0 cause de la pr\u00e9sence des forces sp\u00e9ciales\u00a0\u00bb","datePublished":"2024-03-16T17:48:34+00:00","dateModified":"2024-03-16T18:57:59+00:00","mainEntityOfPage":{"@id":"https:\/\/www.africa-press.net\/niger\/politique\/la-situation-securitaire-sest-amelioree-a-cause-de-la-presence-des-forces-speciales"},"wordCount":456,"commentCount":0,"image":{"@id":"https:\/\/www.africa-press.net\/niger\/politique\/la-situation-securitaire-sest-amelioree-a-cause-de-la-presence-des-forces-speciales#primaryimage"},"thumbnailUrl":"https:\/\/static.africa-press.net\/niger\/sites\/40\/2024\/03\/sm_1710602843.966511.jpg","keywords":["Africa Press","Africa Press-Niger","Niger"],"articleSection":["Politique","Toutes les actualit\u00e9s"],"inLanguage":"fr-FR","potentialAction":[{"@type":"CommentAction","name":"Comment","target":["https:\/\/www.africa-press.net\/niger\/politique\/la-situation-securitaire-sest-amelioree-a-cause-de-la-presence-des-forces-speciales#respond"]}]},{"@type":"WebPage","@id":"https:\/\/www.africa-press.net\/niger\/politique\/la-situation-securitaire-sest-amelioree-a-cause-de-la-presence-des-forces-speciales","url":"https:\/\/www.africa-press.net\/niger\/politique\/la-situation-securitaire-sest-amelioree-a-cause-de-la-presence-des-forces-speciales","name":"\u2018\u2018La situation s\u00e9curitaire s'est am\u00e9lior\u00e9e \u00e0 cause de la pr\u00e9sence des forces sp\u00e9ciales'' - niger","isPartOf":{"@id":"https:\/\/www.africa-press.net\/niger\/#website"},"primaryImageOfPage":{"@id":"https:\/\/www.africa-press.net\/niger\/politique\/la-situation-securitaire-sest-amelioree-a-cause-de-la-presence-des-forces-speciales#primaryimage"},"image":{"@id":"https:\/\/www.africa-press.net\/niger\/politique\/la-situation-securitaire-sest-amelioree-a-cause-de-la-presence-des-forces-speciales#primaryimage"},"thumbnailUrl":"https:\/\/static.africa-press.net\/niger\/sites\/40\/2024\/03\/sm_1710602843.966511.jpg","datePublished":"2024-03-16T17:48:34+00:00","dateModified":"2024-03-16T18:57:59+00:00","author":{"@id":"https:\/\/www.africa-press.net\/niger\/#\/schema\/person\/2b1cf3cd81a31e3cd26889ca66d677f1"},"description":"Sur le plan se\u0301curitaire on constate une certaine ame\u0301lioration depuis l'arrive\u0301e des forces spe\u0301ciales selon le Maire s ...","breadcrumb":{"@id":"https:\/\/www.africa-press.net\/niger\/politique\/la-situation-securitaire-sest-amelioree-a-cause-de-la-presence-des-forces-speciales#breadcrumb"},"inLanguage":"fr-FR","potentialAction":[{"@type":"ReadAction","target":["https:\/\/www.africa-press.net\/niger\/politique\/la-situation-securitaire-sest-amelioree-a-cause-de-la-presence-des-forces-speciales"]}]},{"@type":"ImageObject","inLanguage":"fr-FR","@id":"https:\/\/www.africa-press.net\/niger\/politique\/la-situation-securitaire-sest-amelioree-a-cause-de-la-presence-des-forces-speciales#primaryimage","url":"https:\/\/static.africa-press.net\/niger\/sites\/40\/2024\/03\/sm_1710602843.966511.jpg","contentUrl":"https:\/\/static.africa-press.net\/niger\/sites\/40\/2024\/03\/sm_1710602843.966511.jpg","width":1024,"height":768,"caption":"\u2018\u2018La situation s\u00e9curitaire s'est am\u00e9lior\u00e9e \u00e0 cause de la pr\u00e9sence des forces sp\u00e9ciales''"},{"@type":"BreadcrumbList","@id":"https:\/\/www.africa-press.net\/niger\/politique\/la-situation-securitaire-sest-amelioree-a-cause-de-la-presence-des-forces-speciales#breadcrumb","itemListElement":[{"@type":"ListItem","position":1,"name":"Accueil","item":"https:\/\/www.africa-press.net\/niger\/"},{"@type":"ListItem","position":2,"name":"\u2018\u2018La situation s\u00e9curitaire s&#8217;est am\u00e9lior\u00e9e \u00e0 cause de la pr\u00e9sence des forces sp\u00e9ciales&#8221;"}]},{"@type":"WebSite","@id":"https:\/\/www.africa-press.net\/niger\/#website","url":"https:\/\/www.africa-press.net\/niger\/","name":"niger","description":"Just another Africa News Agency Sites site","potentialAction":[{"@type":"SearchAction","target":{"@type":"EntryPoint","urlTemplate":"https:\/\/www.africa-press.net\/niger\/?s={search_term_string}"},"query-input":{"@type":"PropertyValueSpecification","valueRequired":true,"valueName":"search_term_string"}}],"inLanguage":"fr-FR"},{"@type":"Person","@id":"https:\/\/www.africa-press.net\/niger\/#\/schema\/person\/2b1cf3cd81a31e3cd26889ca66d677f1","name":"cfeditorfr"}]}},"_links":{"self":[{"href":"https:\/\/www.africa-press.net\/niger\/wp-json\/wp\/v2\/posts\/60038","targetHints":{"allow":["GET"]}}],"collection":[{"href":"https:\/\/www.africa-press.net\/niger\/wp-json\/wp\/v2\/posts"}],"about":[{"href":"https:\/\/www.africa-press.net\/niger\/wp-json\/wp\/v2\/types\/post"}],"author":[{"embeddable":true,"href":"https:\/\/www.africa-press.net\/niger\/wp-json\/wp\/v2\/users\/82"}],"replies":[{"embeddable":true,"href":"https:\/\/www.africa-press.net\/niger\/wp-json\/wp\/v2\/comments?post=60038"}],"version-history":[{"count":0,"href":"https:\/\/www.africa-press.net\/niger\/wp-json\/wp\/v2\/posts\/60038\/revisions"}],"wp:featuredmedia":[{"embeddable":true,"href":"https:\/\/www.africa-press.net\/niger\/wp-json\/wp\/v2\/media\/60037"}],"wp:attachment":[{"href":"https:\/\/www.africa-press.net\/niger\/wp-json\/wp\/v2\/media?parent=60038"}],"wp:term":[{"taxonomy":"category","embeddable":true,"href":"https:\/\/www.africa-press.net\/niger\/wp-json\/wp\/v2\/categories?post=60038"},{"taxonomy":"post_tag","embeddable":true,"href":"https:\/\/www.africa-press.net\/niger\/wp-json\/wp\/v2\/tags?post=60038"}],"curies":[{"name":"wp","href":"https:\/\/api.w.org\/{rel}","templated":true}]}}