{"id":60141,"date":"2024-03-18T18:15:37","date_gmt":"2024-03-18T18:15:37","guid":{"rendered":"https:\/\/www.africa-press.net\/niger\/politique\/foire-des-maraichers-de-la-region-dagadez-nous-organisons-depuis-treize-ans-cette-foire-nous-avons-toujours-dit-que-nous-sommes-capables-de-nourrir-le-niger-declare-hamidi-y"},"modified":"2024-03-18T19:18:23","modified_gmt":"2024-03-18T19:18:23","slug":"foire-des-maraichers-de-la-region-dagadez-nous-organisons-depuis-treize-ans-cette-foire-nous-avons-toujours-dit-que-nous-sommes-capables-de-nourrir-le-niger-declare-hamidi-y","status":"publish","type":"post","link":"https:\/\/www.africa-press.net\/niger\/culture-et-art\/foire-des-maraichers-de-la-region-dagadez-nous-organisons-depuis-treize-ans-cette-foire-nous-avons-toujours-dit-que-nous-sommes-capables-de-nourrir-le-niger-declare-hamidi-y","title":{"rendered":"Foire des maraichers de la r\u00e9gion d\u2019Agadez : \u00ab Nous organisons depuis treize ans cette foire, nous avons toujours dit que nous sommes capables de nourrir le Niger \u00bb, d\u00e9clare Hamidi Yahaya, pr\u00e9sident du comit\u00e9 d\u2019organisation"},"content":{"rendered":"<p><span style=\"color: #ff6600\"><strong>Africa-Press &#8211; Niger. <\/strong><\/span><b>Comme chaque anne\u0301e, depuis plus de 10 ans en cette pe\u0301riode, les producteurs de la re\u0301gion d\u2019Agadez sont a\u0300 Niamey pour promouvoir et e\u0301couler les fruits de leurs durs labeurs. La 13e\u0300me e\u0301dition de cet e\u0301ve\u0301nement de\u0301signe\u0301 sous l\u2019appellation de \u00ab foire des maraichers de la re\u0301gion d\u2019Agadez \u00bb a e\u0301te\u0301 lance\u0301e en de\u0301but janvier 2024 et devrait se de\u0301rouler pendant deux mois sur les principaux sites habituels, notamment la Place Toumo et la devanture de la Grande Mosque\u0301e de Niamey. Plus de cent cinquante producteurs de la re\u0301gion d\u2019Agadez, en majorite\u0301 des jeunes, ont fait le de\u0301placement a\u0300 Niamey avec d\u2019importantes cargaisons de pomme de terre, d\u2019oignon, d\u2019agrumes (oranges, mandarines, pamplemousses&#8230;), d\u2019ail, de tomate se\u0301che\u0301e et fraiche, de piment frais, d\u2019e\u0301pices divers, etc. Tous ces produits sont cultive\u0301s dans l\u2019Ai\u0308r avec le pre\u0301cieux appui du Programme Promotion de l\u2019Agriculture Productive (PromAP) de la coope\u0301ration allemande.<\/b><\/p>\n<p>Du mai\u0308s, de la pomme de terre, des agrumes, des e\u0301pices en provenance de la re\u0301gion d\u2019Agadez sont disponibles a\u0300 la Place Toumo et sur l\u2019espace devant la Grande Mosque\u0301e de Niamey et dans d\u2019autres quartiers de la ville aupre\u0300s des de\u0301taillants. Des camions de\u0301chargent les produits qui sont expose\u0301s pour la vente sur les sites de la foire et d\u2019autres en rechargent en direction de certains marche\u0301s de la ville de Niamey. La particularite\u0301 de ces produits est qu\u2019ils sont locaux, de tre\u0300s bonne qualite\u0301 et n\u2019ont rien a\u0300 envier a\u0300 ceux importe\u0301s d\u2019autres pays. En ce moment de que\u0302te des voies et moyens pour l\u2019atteinte de l\u2019autosuffisance alimentaire, la production locale est de plus en plus consomme\u0301e au Niger. La re\u0301gion d\u2019Agadez dispose d\u2019importantes potentialite\u0301s pour la culture des tubercules, des agrumes, mais aussi du mai\u0308s et du ble\u0301.<\/p>\n<p>Pour la foire de cette anne\u0301e, 5600 tonnes d\u2019agrumes en provenance de la re\u0301gion d\u2019Agadez sont pre\u0301vues. \u00ab Notre but est non seulement d\u2019aider nos producteurs a\u0300 e\u0301couler leurs produits, mais aussi de re\u0301pondre a\u0300 l\u2019attente et aux besoins de nos populations \u00bb, affirme M. Ibrahim Ixa, le 2e\u0300me Vice-pre\u0301sident du Conseil re\u0301gional d\u2019Agadez. \u00ab Dans le souci d\u2019accompagner nos marai\u0302chers, nous sommes a\u0300 la recherche d\u2019une solution de\u0301finitive pour que nos marai\u0302chers continuent tout au long de l\u2019anne\u0301e a\u0300 e\u0301couler leurs productions dans les grandes villes comme Niamey et a\u0300 travers le pays, parce que nous disposons de divers produits tout le temps. S\u2019il y\u2019a la possibilite\u0301, on peut tout acheminer a\u0300 Niamey, ravitailler l\u2019ensemble du territoire national et exporter vers la sous-re\u0301gion \u00bb, explique l\u2019e\u0301lu re\u0301gional.<\/p>\n<p>Le pre\u0301sident du comite\u0301 d\u2019organisation de la 13e\u0300me e\u0301dition de la foire des marai\u0302chers d\u2019Agadez, Hamidi Yahaya, indique quant a\u0300 lui que rien qu\u2019au niveau du de\u0301partement d\u2019Ife\u0301rouane, sept cents (700) hectares ont e\u0301te\u0301 emblave\u0301s de mai\u0308s. \u00ab Nous organisons depuis treize ans cette foire, nous avons toujours dit que nous sommes capables de nourrir le Niger \u00bb, renche\u0301rit-il, demandant aux autorite\u0301s de soutenir davantage les marai\u0302chers afin de leur permettre de produire plus pour les populations en quantite\u0301, en qualite\u0301 et a\u0300 des prix abordables.<\/p>\n<p>Hamidi Yahaya salue l\u2019engagement d\u2019une structure regroupant des ex-orpailleurs au niveau d\u2019Agadez, d\u2019emblaver plus de mille (1000) hectares en ble\u0301. Mais, rele\u0300ve-t-il, afin d\u2019envisager une production prenant en compte le besoin du pays, il faut beaucoup plus de moyens, notamment des motopompes, des re\u0301seaux californiens, des installations solaires, des tracteurs pour irriguer et cultiver les champs et les jardins. D\u2019ou\u0300 son appel a\u0300 l\u2019endroit des autorite\u0301s pour accompagner les marai\u0302chers. Le Maire de Timia, M. Siliman Ilatou, a releve\u0301 que le partenaire historique de la filie\u0300re agrumes de Timia, qu\u2019est la coope\u0301ration allemande a\u0300 travers la GIZ, continue de soutenir la filie\u0300re. Du 19 au 23 fe\u0301vrier 2024 s\u2019est tenue a\u0300 Timia, avec l\u2019appui du PromAP\/GIZ, une formation en technique de taille d\u2019arbres des agrumes et d\u2019entretien des vergers au profit de 60 jeunes issus des terroirs de production de la commune. La formation pratique conduite par un technicien-praticien tunisien offre a\u0300 la commune un vivier des jeunes renforce\u0301s de bonnes pratiques d\u2019ame\u0301lioration de qualite\u0301 et de la quantite\u0301 de la production d\u2019agrumes de Timia dans un contexte ou\u0300 les producteurs sont re\u0301solument engage\u0301s a\u0300 apporter leur partition pour la souverainete\u0301 alimentaire de notre pays. Elhadji Souley Barka, l\u2019un des pionniers de la culture d\u2019agrumes, a offert son jardin pour servir d\u2019atelier pratique tout en donnant aux plus jeunes ses pre\u0301cieux conseils agricoles dans un esprit de formidable ge\u0301ne\u0301rosite\u0301. Le programme \u00abPromotion de l\u2019Agriculture Productive au Niger\u00bb (PromAP) a pour principal objectif de renforcer les capacite\u0301s des producteurs\/productrices de la petite irrigation dans les re\u0301gions d\u2019Agadez, Tahoua et Tillabe\u0301ri en vue d\u2019utiliser des me\u0301thodes de culture innovantes et agroe\u0301cologiques pour une production durable et la se\u0301curite\u0301 alimentaire.<\/p>\n<p>Les groupes cibles du projet sont: pour la petite irrigation environ 85 000 exploitations agricoles familiales dont 25 500 ge\u0301re\u0301es par des femmes et de leurs 425 organisations (socie\u0301te\u0301s coope\u0301ratives) ; pour la formation professionnelle agricole 1 200 jeunes hommes et 560 jeunes femmes dans les re\u0301gions d\u2019Agadez, Tahoua et Tillabe\u0301ri. Les interme\u0301diaires pour atteindre les groupes cibles sont 60 conseille\u0300res et 540 conseillers issus des dispositifs diversifies de conseil agricole du SNCA, ainsi que les agents des services agricoles de l\u2019E\u0301tat au niveau national et de\u0301concentre\u0301.<\/p>\n<p>L\u2019approche me\u0301thodologique, y compris les instruments utilise\u0301s, reposent sur le renforcement des capacite\u0301s individuelles et institutionnelles des acteurs e\u0301tatiques et non e\u0301tatiques, s\u2019investissant dans la petite irrigation et dans le conseil agricole, pour une mise en valeur durable des infrastructures et des ressources a\u0300 travers le renforcement organisationnel, la formation et le conseil en agroe\u0301cologique et l\u2019agriculture sensible a\u0300 la nutrition dans le contexte de la petite irrigation. Le PromAP soutient e\u0301galement la mise en \u0153uvre des activite\u0301s de gestion durable des terres afin de prote\u0301ger le potentiel irrigable et ame\u0301liorer la recharge de la nappe phre\u0301atique pour garantir la disponibilite\u0301 en eau pour les activite\u0301s agricoles.<\/p>\n\r\n                <style type=\"text\/css\">\r\n                    \r\n                    #td_uid_1_69ef06f16a48e  .td-doubleSlider-2 .td-item1 {\r\n                        background: url(https:\/\/static.africa-press.net\/niger\/sites\/40\/2024\/03\/sm_1710776793.27019-80x60.jpg) 0 0 no-repeat;\r\n                    }\r\n                    #td_uid_1_69ef06f16a48e  .td-doubleSlider-2 .td-item2 {\r\n                        background: url(https:\/\/static.africa-press.net\/niger\/sites\/40\/2024\/03\/sm_1710776814.666316-80x60.jpg) 0 0 no-repeat;\r\n                    }\r\n                <\/style>\r\n\r\n                <div id=\"td_uid_1_69ef06f16a48e\" class=\"td-gallery td-slide-on-2-columns\">\r\n                    <div class=\"post_td_gallery\">\r\n                        <div class=\"td-gallery-slide-top\">\r\n                           <div class=\"td-gallery-title\"><\/div>\r\n\r\n                            <div class=\"td-gallery-controls-wrapper\">\r\n                                <div class=\"td-gallery-slide-count\"><span class=\"td-gallery-slide-item-focus\">1<\/span> de 2<\/div>\r\n                                <div class=\"td-gallery-slide-prev-next-but\">\r\n                                    <i class = \"td-icon-left doubleSliderPrevButton\"><\/i>\r\n                                    <i class = \"td-icon-right doubleSliderNextButton\"><\/i>\r\n                                <\/div>\r\n                            <\/div>\r\n                        <\/div>\r\n\r\n                        <div class = \"td-doubleSlider-1 \">\r\n                            <div class = \"td-slider\">\r\n                                \r\n                    <div class = \"td-slide-item td-item1\">\r\n                        <figure class=\"td-slide-galery-figure td-slide-popup-gallery\">\r\n                            <a class=\"slide-gallery-image-link\" href=\"https:\/\/static.africa-press.net\/niger\/sites\/40\/2024\/03\/sm_1710776793.27019.jpg\" title=\"sm_1710776793.27019\"  data-caption=\"\"  data-description=\"\">\r\n                                <img decoding=\"async\" src=\"https:\/\/static.africa-press.net\/niger\/sites\/40\/2024\/03\/sm_1710776793.27019.jpg\" srcset=\"https:\/\/static.africa-press.net\/niger\/sites\/40\/2024\/03\/sm_1710776793.27019.jpg 800w, https:\/\/static.africa-press.net\/niger\/sites\/40\/2024\/03\/sm_1710776793.27019-300x200.jpg 300w, https:\/\/static.africa-press.net\/niger\/sites\/40\/2024\/03\/sm_1710776793.27019-768x512.jpg 768w\" sizes=\"(max-width: 800px) 100vw, 800px\" alt=\"\">\r\n                            <\/a>\r\n                            \r\n                        <\/figure>\r\n                    <\/div>\r\n                    <div class = \"td-slide-item td-item2\">\r\n                        <figure class=\"td-slide-galery-figure td-slide-popup-gallery\">\r\n                            <a class=\"slide-gallery-image-link\" href=\"https:\/\/static.africa-press.net\/niger\/sites\/40\/2024\/03\/sm_1710776814.666316.jpg\" title=\"sm_1710776814.666316\"  data-caption=\"\"  data-description=\"\">\r\n                                <img decoding=\"async\" src=\"https:\/\/static.africa-press.net\/niger\/sites\/40\/2024\/03\/sm_1710776814.666316.jpg\" srcset=\"https:\/\/static.africa-press.net\/niger\/sites\/40\/2024\/03\/sm_1710776814.666316.jpg 800w, https:\/\/static.africa-press.net\/niger\/sites\/40\/2024\/03\/sm_1710776814.666316-300x200.jpg 300w, https:\/\/static.africa-press.net\/niger\/sites\/40\/2024\/03\/sm_1710776814.666316-768x512.jpg 768w\" sizes=\"(max-width: 800px) 100vw, 800px\" alt=\"\">\r\n                            <\/a>\r\n                            \r\n                        <\/figure>\r\n                    <\/div>\r\n                            <\/div>\r\n                        <\/div>\r\n\r\n                        <div class = \"td-doubleSlider-2\">\r\n                            <div class = \"td-slider\">\r\n                                \r\n                    <div class = \"td-button td-item1\">\r\n                        <div class = \"td-border\"><\/div>\r\n                    <\/div>\r\n                    <div class = \"td-button td-item2\">\r\n                        <div class = \"td-border\"><\/div>\r\n                    <\/div>\r\n                            <\/div>\r\n                        <\/div>\r\n\r\n                    <\/div>\r\n\r\n                <\/div>\r\n                \n<p><strong>Pour plus d&rsquo;informations et d&rsquo;analyses sur la <a href=\"https:\/\/www.africa-press.net\/niger\">Niger<\/a>, suivez <a href=\"https:\/\/www.africa-press.net\/\">Africa-Press<\/a><\/strong><\/p>\n","protected":false},"excerpt":{"rendered":"<p>Africa-Press &#8211; Niger. Comme chaque anne\u0301e, depuis plus de 10 ans en cette pe\u0301riode, les producteurs de la re\u0301gion d\u2019Agadez sont a\u0300 Niamey pour promouvoir et e\u0301couler les fruits de leurs durs labeurs. La 13e\u0300me e\u0301dition de cet e\u0301ve\u0301nement de\u0301signe\u0301 sous l\u2019appellation de \u00ab foire des maraichers de la re\u0301gion d\u2019Agadez \u00bb a e\u0301te\u0301 lance\u0301e [&hellip;]<\/p>\n","protected":false},"author":82,"featured_media":60140,"comment_status":"open","ping_status":"closed","sticky":false,"template":"","format":"standard","meta":{"footnotes":""},"categories":[5,8,10],"tags":[55,60,29],"class_list":["post-60141","post","type-post","status-publish","format-standard","has-post-thumbnail","hentry","category-culture-et-art","category-photo","category-toutes-les-actualites","tag-africa-press","tag-africa-press-niger","tag-niger"],"yoast_head":"<!-- This site is optimized with the Yoast SEO Premium plugin v26.1 (Yoast SEO v27.0) - https:\/\/yoast.com\/product\/yoast-seo-premium-wordpress\/ -->\n<title>Foire des maraichers de la r\u00e9gion d\u2019Agadez : \u00ab Nous organisons depuis treize ans cette foire, nous avons toujours dit que nous sommes capables de nourrir le Niger \u00bb, d\u00e9clare Hamidi Yahaya, pr\u00e9sident du comit\u00e9 d\u2019organisation - niger<\/title>\n<meta name=\"description\" content=\"Comme chaque anne\u0301e, depuis plus de 10 ans en cette pe\u0301riode, les producteurs de la re\u0301gion d\u2019Agadez sont a\u0300 Niamey p ...\" \/>\n<meta name=\"robots\" content=\"index, follow, max-snippet:-1, max-image-preview:large, max-video-preview:-1\" \/>\n<link rel=\"canonical\" href=\"https:\/\/www.africa-press.net\/niger\/culture-et-art\/foire-des-maraichers-de-la-region-dagadez-nous-organisons-depuis-treize-ans-cette-foire-nous-avons-toujours-dit-que-nous-sommes-capables-de-nourrir-le-niger-declare-hamidi-y\" \/>\n<meta property=\"og:locale\" content=\"fr_FR\" \/>\n<meta property=\"og:type\" content=\"article\" \/>\n<meta property=\"og:title\" content=\"Foire des maraichers de la r\u00e9gion d\u2019Agadez : \u00ab Nous organisons depuis treize ans cette foire, nous avons toujours dit que nous sommes capables de nourrir le Niger \u00bb, d\u00e9clare Hamidi Yahaya, pr\u00e9sident du comit\u00e9 d\u2019organisation\" \/>\n<meta property=\"og:description\" content=\"Comme chaque anne\u0301e, depuis plus de 10 ans en cette pe\u0301riode, les producteurs de la re\u0301gion d\u2019Agadez sont a\u0300 Niamey p ...\" \/>\n<meta property=\"og:url\" content=\"https:\/\/www.africa-press.net\/niger\/culture-et-art\/foire-des-maraichers-de-la-region-dagadez-nous-organisons-depuis-treize-ans-cette-foire-nous-avons-toujours-dit-que-nous-sommes-capables-de-nourrir-le-niger-declare-hamidi-y\" \/>\n<meta property=\"og:site_name\" content=\"niger\" \/>\n<meta property=\"article:published_time\" content=\"2024-03-18T18:15:37+00:00\" \/>\n<meta property=\"article:modified_time\" content=\"2024-03-18T19:18:23+00:00\" \/>\n<meta property=\"og:image\" content=\"https:\/\/static.africa-press.net\/niger\/sites\/40\/2024\/03\/sm_1710776839.82736.jpg\" \/>\n\t<meta property=\"og:image:width\" content=\"800\" \/>\n\t<meta property=\"og:image:height\" content=\"534\" \/>\n\t<meta property=\"og:image:type\" content=\"image\/jpeg\" \/>\n<meta name=\"author\" content=\"cfeditorfr\" \/>\n<meta name=\"twitter:card\" content=\"summary_large_image\" \/>\n<meta name=\"twitter:label1\" content=\"\u00c9crit par\" \/>\n\t<meta name=\"twitter:data1\" content=\"cfeditorfr\" \/>\n\t<meta name=\"twitter:label2\" content=\"Dur\u00e9e de lecture estim\u00e9e\" \/>\n\t<meta name=\"twitter:data2\" content=\"6 minutes\" \/>\n<script type=\"application\/ld+json\" class=\"yoast-schema-graph\">{\"@context\":\"https:\/\/schema.org\",\"@graph\":[{\"@type\":\"Article\",\"@id\":\"https:\/\/www.africa-press.net\/niger\/culture-et-art\/foire-des-maraichers-de-la-region-dagadez-nous-organisons-depuis-treize-ans-cette-foire-nous-avons-toujours-dit-que-nous-sommes-capables-de-nourrir-le-niger-declare-hamidi-y#article\",\"isPartOf\":{\"@id\":\"https:\/\/www.africa-press.net\/niger\/culture-et-art\/foire-des-maraichers-de-la-region-dagadez-nous-organisons-depuis-treize-ans-cette-foire-nous-avons-toujours-dit-que-nous-sommes-capables-de-nourrir-le-niger-declare-hamidi-y\"},\"author\":{\"name\":\"cfeditorfr\",\"@id\":\"https:\/\/www.africa-press.net\/niger\/#\/schema\/person\/2b1cf3cd81a31e3cd26889ca66d677f1\"},\"headline\":\"Foire des maraichers de la r\u00e9gion d\u2019Agadez : \u00ab Nous organisons depuis treize ans cette foire, nous avons toujours dit que nous sommes capables de nourrir le Niger \u00bb, d\u00e9clare Hamidi Yahaya, pr\u00e9sident du comit\u00e9 d\u2019organisation\",\"datePublished\":\"2024-03-18T18:15:37+00:00\",\"dateModified\":\"2024-03-18T19:18:23+00:00\",\"mainEntityOfPage\":{\"@id\":\"https:\/\/www.africa-press.net\/niger\/culture-et-art\/foire-des-maraichers-de-la-region-dagadez-nous-organisons-depuis-treize-ans-cette-foire-nous-avons-toujours-dit-que-nous-sommes-capables-de-nourrir-le-niger-declare-hamidi-y\"},\"wordCount\":1184,\"commentCount\":0,\"image\":{\"@id\":\"https:\/\/www.africa-press.net\/niger\/culture-et-art\/foire-des-maraichers-de-la-region-dagadez-nous-organisons-depuis-treize-ans-cette-foire-nous-avons-toujours-dit-que-nous-sommes-capables-de-nourrir-le-niger-declare-hamidi-y#primaryimage\"},\"thumbnailUrl\":\"https:\/\/static.africa-press.net\/niger\/sites\/40\/2024\/03\/sm_1710776839.82736.jpg\",\"keywords\":[\"Africa Press\",\"Africa Press-Niger\",\"Niger\"],\"articleSection\":[\"Culture et Art\",\"Photo\",\"Toutes les actualit\u00e9s\"],\"inLanguage\":\"fr-FR\",\"potentialAction\":[{\"@type\":\"CommentAction\",\"name\":\"Comment\",\"target\":[\"https:\/\/www.africa-press.net\/niger\/culture-et-art\/foire-des-maraichers-de-la-region-dagadez-nous-organisons-depuis-treize-ans-cette-foire-nous-avons-toujours-dit-que-nous-sommes-capables-de-nourrir-le-niger-declare-hamidi-y#respond\"]}]},{\"@type\":\"WebPage\",\"@id\":\"https:\/\/www.africa-press.net\/niger\/culture-et-art\/foire-des-maraichers-de-la-region-dagadez-nous-organisons-depuis-treize-ans-cette-foire-nous-avons-toujours-dit-que-nous-sommes-capables-de-nourrir-le-niger-declare-hamidi-y\",\"url\":\"https:\/\/www.africa-press.net\/niger\/culture-et-art\/foire-des-maraichers-de-la-region-dagadez-nous-organisons-depuis-treize-ans-cette-foire-nous-avons-toujours-dit-que-nous-sommes-capables-de-nourrir-le-niger-declare-hamidi-y\",\"name\":\"Foire des maraichers de la r\u00e9gion d\u2019Agadez : \u00ab Nous organisons depuis treize ans cette foire, nous avons toujours dit que nous sommes capables de nourrir le Niger \u00bb, d\u00e9clare Hamidi Yahaya, pr\u00e9sident du comit\u00e9 d\u2019organisation - niger\",\"isPartOf\":{\"@id\":\"https:\/\/www.africa-press.net\/niger\/#website\"},\"primaryImageOfPage\":{\"@id\":\"https:\/\/www.africa-press.net\/niger\/culture-et-art\/foire-des-maraichers-de-la-region-dagadez-nous-organisons-depuis-treize-ans-cette-foire-nous-avons-toujours-dit-que-nous-sommes-capables-de-nourrir-le-niger-declare-hamidi-y#primaryimage\"},\"image\":{\"@id\":\"https:\/\/www.africa-press.net\/niger\/culture-et-art\/foire-des-maraichers-de-la-region-dagadez-nous-organisons-depuis-treize-ans-cette-foire-nous-avons-toujours-dit-que-nous-sommes-capables-de-nourrir-le-niger-declare-hamidi-y#primaryimage\"},\"thumbnailUrl\":\"https:\/\/static.africa-press.net\/niger\/sites\/40\/2024\/03\/sm_1710776839.82736.jpg\",\"datePublished\":\"2024-03-18T18:15:37+00:00\",\"dateModified\":\"2024-03-18T19:18:23+00:00\",\"author\":{\"@id\":\"https:\/\/www.africa-press.net\/niger\/#\/schema\/person\/2b1cf3cd81a31e3cd26889ca66d677f1\"},\"description\":\"Comme chaque anne\u0301e, depuis plus de 10 ans en cette pe\u0301riode, les producteurs de la re\u0301gion d\u2019Agadez sont a\u0300 Niamey p ...\",\"breadcrumb\":{\"@id\":\"https:\/\/www.africa-press.net\/niger\/culture-et-art\/foire-des-maraichers-de-la-region-dagadez-nous-organisons-depuis-treize-ans-cette-foire-nous-avons-toujours-dit-que-nous-sommes-capables-de-nourrir-le-niger-declare-hamidi-y#breadcrumb\"},\"inLanguage\":\"fr-FR\",\"potentialAction\":[{\"@type\":\"ReadAction\",\"target\":[\"https:\/\/www.africa-press.net\/niger\/culture-et-art\/foire-des-maraichers-de-la-region-dagadez-nous-organisons-depuis-treize-ans-cette-foire-nous-avons-toujours-dit-que-nous-sommes-capables-de-nourrir-le-niger-declare-hamidi-y\"]}]},{\"@type\":\"ImageObject\",\"inLanguage\":\"fr-FR\",\"@id\":\"https:\/\/www.africa-press.net\/niger\/culture-et-art\/foire-des-maraichers-de-la-region-dagadez-nous-organisons-depuis-treize-ans-cette-foire-nous-avons-toujours-dit-que-nous-sommes-capables-de-nourrir-le-niger-declare-hamidi-y#primaryimage\",\"url\":\"https:\/\/static.africa-press.net\/niger\/sites\/40\/2024\/03\/sm_1710776839.82736.jpg\",\"contentUrl\":\"https:\/\/static.africa-press.net\/niger\/sites\/40\/2024\/03\/sm_1710776839.82736.jpg\",\"width\":800,\"height\":534,\"caption\":\"Foire des maraichers de la r\u00e9gion d\u2019Agadez : \u00ab Nous organisons depuis treize ans cette foire, nous avons toujours dit que nous sommes capables de nourrir le Niger \u00bb, d\u00e9clare Hamidi Yahaya, pr\u00e9sident du comit\u00e9 d\u2019organisation\"},{\"@type\":\"BreadcrumbList\",\"@id\":\"https:\/\/www.africa-press.net\/niger\/culture-et-art\/foire-des-maraichers-de-la-region-dagadez-nous-organisons-depuis-treize-ans-cette-foire-nous-avons-toujours-dit-que-nous-sommes-capables-de-nourrir-le-niger-declare-hamidi-y#breadcrumb\",\"itemListElement\":[{\"@type\":\"ListItem\",\"position\":1,\"name\":\"Accueil\",\"item\":\"https:\/\/www.africa-press.net\/niger\/\"},{\"@type\":\"ListItem\",\"position\":2,\"name\":\"Foire des maraichers de la r\u00e9gion d\u2019Agadez : \u00ab Nous organisons depuis treize ans cette foire, nous avons toujours dit que nous sommes capables de nourrir le Niger \u00bb, d\u00e9clare Hamidi Yahaya, pr\u00e9sident du comit\u00e9 d\u2019organisation\"}]},{\"@type\":\"WebSite\",\"@id\":\"https:\/\/www.africa-press.net\/niger\/#website\",\"url\":\"https:\/\/www.africa-press.net\/niger\/\",\"name\":\"niger\",\"description\":\"Just another Africa News Agency Sites site\",\"potentialAction\":[{\"@type\":\"SearchAction\",\"target\":{\"@type\":\"EntryPoint\",\"urlTemplate\":\"https:\/\/www.africa-press.net\/niger\/?s={search_term_string}\"},\"query-input\":{\"@type\":\"PropertyValueSpecification\",\"valueRequired\":true,\"valueName\":\"search_term_string\"}}],\"inLanguage\":\"fr-FR\"},{\"@type\":\"Person\",\"@id\":\"https:\/\/www.africa-press.net\/niger\/#\/schema\/person\/2b1cf3cd81a31e3cd26889ca66d677f1\",\"name\":\"cfeditorfr\"}]}<\/script>\n<!-- \/ Yoast SEO Premium plugin. -->","yoast_head_json":{"title":"Foire des maraichers de la r\u00e9gion d\u2019Agadez : \u00ab Nous organisons depuis treize ans cette foire, nous avons toujours dit que nous sommes capables de nourrir le Niger \u00bb, d\u00e9clare Hamidi Yahaya, pr\u00e9sident du comit\u00e9 d\u2019organisation - niger","description":"Comme chaque anne\u0301e, depuis plus de 10 ans en cette pe\u0301riode, les producteurs de la re\u0301gion d\u2019Agadez sont a\u0300 Niamey p ...","robots":{"index":"index","follow":"follow","max-snippet":"max-snippet:-1","max-image-preview":"max-image-preview:large","max-video-preview":"max-video-preview:-1"},"canonical":"https:\/\/www.africa-press.net\/niger\/culture-et-art\/foire-des-maraichers-de-la-region-dagadez-nous-organisons-depuis-treize-ans-cette-foire-nous-avons-toujours-dit-que-nous-sommes-capables-de-nourrir-le-niger-declare-hamidi-y","og_locale":"fr_FR","og_type":"article","og_title":"Foire des maraichers de la r\u00e9gion d\u2019Agadez : \u00ab Nous organisons depuis treize ans cette foire, nous avons toujours dit que nous sommes capables de nourrir le Niger \u00bb, d\u00e9clare Hamidi Yahaya, pr\u00e9sident du comit\u00e9 d\u2019organisation","og_description":"Comme chaque anne\u0301e, depuis plus de 10 ans en cette pe\u0301riode, les producteurs de la re\u0301gion d\u2019Agadez sont a\u0300 Niamey p ...","og_url":"https:\/\/www.africa-press.net\/niger\/culture-et-art\/foire-des-maraichers-de-la-region-dagadez-nous-organisons-depuis-treize-ans-cette-foire-nous-avons-toujours-dit-que-nous-sommes-capables-de-nourrir-le-niger-declare-hamidi-y","og_site_name":"niger","article_published_time":"2024-03-18T18:15:37+00:00","article_modified_time":"2024-03-18T19:18:23+00:00","og_image":[{"width":800,"height":534,"url":"https:\/\/static.africa-press.net\/niger\/sites\/40\/2024\/03\/sm_1710776839.82736.jpg","type":"image\/jpeg"}],"author":"cfeditorfr","twitter_card":"summary_large_image","twitter_misc":{"\u00c9crit par":"cfeditorfr","Dur\u00e9e de lecture estim\u00e9e":"6 minutes"},"schema":{"@context":"https:\/\/schema.org","@graph":[{"@type":"Article","@id":"https:\/\/www.africa-press.net\/niger\/culture-et-art\/foire-des-maraichers-de-la-region-dagadez-nous-organisons-depuis-treize-ans-cette-foire-nous-avons-toujours-dit-que-nous-sommes-capables-de-nourrir-le-niger-declare-hamidi-y#article","isPartOf":{"@id":"https:\/\/www.africa-press.net\/niger\/culture-et-art\/foire-des-maraichers-de-la-region-dagadez-nous-organisons-depuis-treize-ans-cette-foire-nous-avons-toujours-dit-que-nous-sommes-capables-de-nourrir-le-niger-declare-hamidi-y"},"author":{"name":"cfeditorfr","@id":"https:\/\/www.africa-press.net\/niger\/#\/schema\/person\/2b1cf3cd81a31e3cd26889ca66d677f1"},"headline":"Foire des maraichers de la r\u00e9gion d\u2019Agadez : \u00ab Nous organisons depuis treize ans cette foire, nous avons toujours dit que nous sommes capables de nourrir le Niger \u00bb, d\u00e9clare Hamidi Yahaya, pr\u00e9sident du comit\u00e9 d\u2019organisation","datePublished":"2024-03-18T18:15:37+00:00","dateModified":"2024-03-18T19:18:23+00:00","mainEntityOfPage":{"@id":"https:\/\/www.africa-press.net\/niger\/culture-et-art\/foire-des-maraichers-de-la-region-dagadez-nous-organisons-depuis-treize-ans-cette-foire-nous-avons-toujours-dit-que-nous-sommes-capables-de-nourrir-le-niger-declare-hamidi-y"},"wordCount":1184,"commentCount":0,"image":{"@id":"https:\/\/www.africa-press.net\/niger\/culture-et-art\/foire-des-maraichers-de-la-region-dagadez-nous-organisons-depuis-treize-ans-cette-foire-nous-avons-toujours-dit-que-nous-sommes-capables-de-nourrir-le-niger-declare-hamidi-y#primaryimage"},"thumbnailUrl":"https:\/\/static.africa-press.net\/niger\/sites\/40\/2024\/03\/sm_1710776839.82736.jpg","keywords":["Africa Press","Africa Press-Niger","Niger"],"articleSection":["Culture et Art","Photo","Toutes les actualit\u00e9s"],"inLanguage":"fr-FR","potentialAction":[{"@type":"CommentAction","name":"Comment","target":["https:\/\/www.africa-press.net\/niger\/culture-et-art\/foire-des-maraichers-de-la-region-dagadez-nous-organisons-depuis-treize-ans-cette-foire-nous-avons-toujours-dit-que-nous-sommes-capables-de-nourrir-le-niger-declare-hamidi-y#respond"]}]},{"@type":"WebPage","@id":"https:\/\/www.africa-press.net\/niger\/culture-et-art\/foire-des-maraichers-de-la-region-dagadez-nous-organisons-depuis-treize-ans-cette-foire-nous-avons-toujours-dit-que-nous-sommes-capables-de-nourrir-le-niger-declare-hamidi-y","url":"https:\/\/www.africa-press.net\/niger\/culture-et-art\/foire-des-maraichers-de-la-region-dagadez-nous-organisons-depuis-treize-ans-cette-foire-nous-avons-toujours-dit-que-nous-sommes-capables-de-nourrir-le-niger-declare-hamidi-y","name":"Foire des maraichers de la r\u00e9gion d\u2019Agadez : \u00ab Nous organisons depuis treize ans cette foire, nous avons toujours dit que nous sommes capables de nourrir le Niger \u00bb, d\u00e9clare Hamidi Yahaya, pr\u00e9sident du comit\u00e9 d\u2019organisation - niger","isPartOf":{"@id":"https:\/\/www.africa-press.net\/niger\/#website"},"primaryImageOfPage":{"@id":"https:\/\/www.africa-press.net\/niger\/culture-et-art\/foire-des-maraichers-de-la-region-dagadez-nous-organisons-depuis-treize-ans-cette-foire-nous-avons-toujours-dit-que-nous-sommes-capables-de-nourrir-le-niger-declare-hamidi-y#primaryimage"},"image":{"@id":"https:\/\/www.africa-press.net\/niger\/culture-et-art\/foire-des-maraichers-de-la-region-dagadez-nous-organisons-depuis-treize-ans-cette-foire-nous-avons-toujours-dit-que-nous-sommes-capables-de-nourrir-le-niger-declare-hamidi-y#primaryimage"},"thumbnailUrl":"https:\/\/static.africa-press.net\/niger\/sites\/40\/2024\/03\/sm_1710776839.82736.jpg","datePublished":"2024-03-18T18:15:37+00:00","dateModified":"2024-03-18T19:18:23+00:00","author":{"@id":"https:\/\/www.africa-press.net\/niger\/#\/schema\/person\/2b1cf3cd81a31e3cd26889ca66d677f1"},"description":"Comme chaque anne\u0301e, depuis plus de 10 ans en cette pe\u0301riode, les producteurs de la re\u0301gion d\u2019Agadez sont a\u0300 Niamey p ...","breadcrumb":{"@id":"https:\/\/www.africa-press.net\/niger\/culture-et-art\/foire-des-maraichers-de-la-region-dagadez-nous-organisons-depuis-treize-ans-cette-foire-nous-avons-toujours-dit-que-nous-sommes-capables-de-nourrir-le-niger-declare-hamidi-y#breadcrumb"},"inLanguage":"fr-FR","potentialAction":[{"@type":"ReadAction","target":["https:\/\/www.africa-press.net\/niger\/culture-et-art\/foire-des-maraichers-de-la-region-dagadez-nous-organisons-depuis-treize-ans-cette-foire-nous-avons-toujours-dit-que-nous-sommes-capables-de-nourrir-le-niger-declare-hamidi-y"]}]},{"@type":"ImageObject","inLanguage":"fr-FR","@id":"https:\/\/www.africa-press.net\/niger\/culture-et-art\/foire-des-maraichers-de-la-region-dagadez-nous-organisons-depuis-treize-ans-cette-foire-nous-avons-toujours-dit-que-nous-sommes-capables-de-nourrir-le-niger-declare-hamidi-y#primaryimage","url":"https:\/\/static.africa-press.net\/niger\/sites\/40\/2024\/03\/sm_1710776839.82736.jpg","contentUrl":"https:\/\/static.africa-press.net\/niger\/sites\/40\/2024\/03\/sm_1710776839.82736.jpg","width":800,"height":534,"caption":"Foire des maraichers de la r\u00e9gion d\u2019Agadez : \u00ab Nous organisons depuis treize ans cette foire, nous avons toujours dit que nous sommes capables de nourrir le Niger \u00bb, d\u00e9clare Hamidi Yahaya, pr\u00e9sident du comit\u00e9 d\u2019organisation"},{"@type":"BreadcrumbList","@id":"https:\/\/www.africa-press.net\/niger\/culture-et-art\/foire-des-maraichers-de-la-region-dagadez-nous-organisons-depuis-treize-ans-cette-foire-nous-avons-toujours-dit-que-nous-sommes-capables-de-nourrir-le-niger-declare-hamidi-y#breadcrumb","itemListElement":[{"@type":"ListItem","position":1,"name":"Accueil","item":"https:\/\/www.africa-press.net\/niger\/"},{"@type":"ListItem","position":2,"name":"Foire des maraichers de la r\u00e9gion d\u2019Agadez : \u00ab Nous organisons depuis treize ans cette foire, nous avons toujours dit que nous sommes capables de nourrir le Niger \u00bb, d\u00e9clare Hamidi Yahaya, pr\u00e9sident du comit\u00e9 d\u2019organisation"}]},{"@type":"WebSite","@id":"https:\/\/www.africa-press.net\/niger\/#website","url":"https:\/\/www.africa-press.net\/niger\/","name":"niger","description":"Just another Africa News Agency Sites site","potentialAction":[{"@type":"SearchAction","target":{"@type":"EntryPoint","urlTemplate":"https:\/\/www.africa-press.net\/niger\/?s={search_term_string}"},"query-input":{"@type":"PropertyValueSpecification","valueRequired":true,"valueName":"search_term_string"}}],"inLanguage":"fr-FR"},{"@type":"Person","@id":"https:\/\/www.africa-press.net\/niger\/#\/schema\/person\/2b1cf3cd81a31e3cd26889ca66d677f1","name":"cfeditorfr"}]}},"_links":{"self":[{"href":"https:\/\/www.africa-press.net\/niger\/wp-json\/wp\/v2\/posts\/60141","targetHints":{"allow":["GET"]}}],"collection":[{"href":"https:\/\/www.africa-press.net\/niger\/wp-json\/wp\/v2\/posts"}],"about":[{"href":"https:\/\/www.africa-press.net\/niger\/wp-json\/wp\/v2\/types\/post"}],"author":[{"embeddable":true,"href":"https:\/\/www.africa-press.net\/niger\/wp-json\/wp\/v2\/users\/82"}],"replies":[{"embeddable":true,"href":"https:\/\/www.africa-press.net\/niger\/wp-json\/wp\/v2\/comments?post=60141"}],"version-history":[{"count":0,"href":"https:\/\/www.africa-press.net\/niger\/wp-json\/wp\/v2\/posts\/60141\/revisions"}],"wp:featuredmedia":[{"embeddable":true,"href":"https:\/\/www.africa-press.net\/niger\/wp-json\/wp\/v2\/media\/60140"}],"wp:attachment":[{"href":"https:\/\/www.africa-press.net\/niger\/wp-json\/wp\/v2\/media?parent=60141"}],"wp:term":[{"taxonomy":"category","embeddable":true,"href":"https:\/\/www.africa-press.net\/niger\/wp-json\/wp\/v2\/categories?post=60141"},{"taxonomy":"post_tag","embeddable":true,"href":"https:\/\/www.africa-press.net\/niger\/wp-json\/wp\/v2\/tags?post=60141"}],"curies":[{"name":"wp","href":"https:\/\/api.w.org\/{rel}","templated":true}]}}