{"id":60143,"date":"2024-03-18T18:16:13","date_gmt":"2024-03-18T18:16:13","guid":{"rendered":"https:\/\/www.africa-press.net\/niger\/politique\/ouverture-dun-marche-dexposition-et-de-vente-des-produits-maraichers-a-maradi-permettre-a-la-population-de-se-ravitailler-a-moindre-cout"},"modified":"2024-03-18T19:19:14","modified_gmt":"2024-03-18T19:19:14","slug":"ouverture-dun-marche-dexposition-et-de-vente-des-produits-maraichers-a-maradi-permettre-a-la-population-de-se-ravitailler-a-moindre-cout","status":"publish","type":"post","link":"https:\/\/www.africa-press.net\/niger\/culture-et-art\/ouverture-dun-marche-dexposition-et-de-vente-des-produits-maraichers-a-maradi-permettre-a-la-population-de-se-ravitailler-a-moindre-cout","title":{"rendered":"Ouverture d\u2019un march\u00e9 d\u2019exposition et de vente des produits maraichers \u00e0 Maradi : Permettre \u00e0 la population de se ravitailler \u00e0 moindre co\u00fbt"},"content":{"rendered":"<p><span style=\"color: #ff6600\"><strong>Africa-Press &#8211; Niger. <\/strong><\/span><b>Le cadre de collaboration et de dialogue des organisations paysanne du Niger, en collaboration avec la Chambre Re\u0301gionale d\u2019Agriculture de Maradi, organisent pour tout le mois de Ramadan, un marche\u0301 d\u2019exposition et de vente des produits maraichers.<\/b><\/p>\n<p>Selon le Secre\u0301taire ge\u0301ne\u0301ral permanent de la Chambre re\u0301gionale de l\u2019Agriculture de Maradi, M. Gue\u0301ro Abdourahmane, l\u2019objectif de cette exposition vente est de cre\u0301er un cadre qui permettrait aux producteurs d\u2019e\u0301couler directement leurs produits, a\u0300 un prix re\u0301mune\u0301rateur, mais moins que sur le marche\u0301. \u00ab Il s\u2019agit aussi de la contribution des organisations paysannes a\u0300 l\u2019appel du Pre\u0301sident du CNSP, Chef de l\u2019Etat, le Ge\u0301ne\u0301ral de Brigade Abdourahamane Tiani, par rapport a\u0300 la re\u0301duction des prix des denre\u0301es pendant ce mois be\u0301ni de ramadan \u00bb, a-t-il soutenu. Il a indique\u0301 qu\u2019a\u0300 travers ce geste, les producteurs maraichers entendent jouer leur part de responsabilite\u0301 en tant que structure organise\u0301e des paysans pour amener des produits consommables par la population a\u0300 des prix re\u0301duits.<\/p>\n<p>Les prix sont largement avantageux pour les consommateurs. Ainsi, le Kilogramme de pomme de terre se vend a\u0300 l\u2019exposition a\u0300 300F\/kg alors qu\u2019il est de 500FCFA sur les marche\u0301s. De me\u0302me, une re\u0301duction de 250F est observe\u0301e sur le prix de la tasse d\u2019oignon sur le marche\u0301. Le sac de chou est a\u0300 5000FCFA au lieu de 6000FCFA ; l\u2019huile d\u2019arachide fortifie\u0301e passe de 1500FCFA a\u0300 1250FCFA ; la tasse de banane locale passe de 1500 a\u0300 750 FCFA et la paste\u0300que est largement accessible. Ces prix seront applique\u0301s durant tout le mois de Ramadan.<\/p>\n<p>En proce\u0301dant a\u0300 l\u2019ouverture de cette exposition, le Gouverneur de la re\u0301gion de Maradi, le Contro\u0302leur Ge\u0301ne\u0301ral de la Police Mamane Issoufou a rappele\u0301 que la relance du secteur de l\u2019agriculture est inscrite parmi les actions prioritaires du gouvernement dans le cadre de la souverainete\u0301 alimentaire pro\u0302ne\u0301e par le pre\u0301sident du CNSP, SEM Abdourahamane Tiani. \u00ab Au Niger, le secteur agricole reste le plus grand pourvoyeur d\u2019emplois et compte plus que tout autre secteur. Il constitue l\u2019un des secteurs producteurs capable de tirer vers le haut la croissance e\u0301conomique de notre pays \u00bb, a-t-il releve\u0301. Le Gouverneur reconnait que la contribution de l\u2019agriculture maraiche\u0300re est constamment entrave\u0301e par la faible capacite\u0301 des producteurs agricoles a\u0300 e\u0301couler leurs produits saisonniers sur les marche\u0301s. Toutefois, fait-il remarquer, les cultures de de\u0301crue contribuent significativement a\u0300 la souverainete\u0301 alimentaire du Niger. \u00ab C\u2019est pourquoi les autorite\u0301s de notre pays envisagent la redynamisation du secteur agricole par la mise en valeur de toutes les terres irrigables du pays et surtout l\u2019exploitation optimale des diffe\u0301rents bassins de production \u00bb, a-t-il dit.<\/p>\n<p>Le Gouverneur de la re\u0301gion de Maradi a soutenu que le cadre de collaboration et de dialogue des organisations paysannes de Mardi est un consortium compose\u0301 d\u2019organisations faitie\u0300res dont le but est la collaboration, la concertation et la mutualisation des forces afin de parler d\u2019une voix unifie\u0301e face aux PTF sur toutes les de\u0301cisions qui engagent le sort du monde paysan de la re\u0301gion de Maradi. Enfin, le Contro\u0302leur Ge\u0301ne\u0301ral de la Police Mamane Issoufou s\u2019est re\u0301joui du double impact de cette exposition-vente en ce sens qu\u2019elle permet aux producteurs d\u2019e\u0301couler leurs produits, mais aussi a\u0300 la population de se procurer les produits maraichers a\u0300 des prix abordables.<\/p>\n<p>Le Sultan du Kastina, l\u2019honorable Ahmad Ali Zaki, le pre\u0301sident du Conseil Re\u0301gional, M. Laouali Malam Moussa et le repre\u0301sentant du pre\u0301sident du Conseil de ville de Maradi, sont aussi intervenus pour saluer et encourager cette initiative, notamment plaider la cause des petites bourses qui doivent profiter au maximum de cette aubaine, surtout pendant ce mois de ramadan.<\/p>\n<p>&nbsp;<\/p>\n<p><strong>Pour plus d&rsquo;informations et d&rsquo;analyses sur la <a href=\"https:\/\/www.africa-press.net\/niger\">Niger<\/a>, suivez <a href=\"https:\/\/www.africa-press.net\/\">Africa-Press<\/a><\/strong><\/p>\n","protected":false},"excerpt":{"rendered":"<p>Africa-Press &#8211; Niger. Le cadre de collaboration et de dialogue des organisations paysanne du Niger, en collaboration avec la Chambre Re\u0301gionale d\u2019Agriculture de Maradi, organisent pour tout le mois de Ramadan, un marche\u0301 d\u2019exposition et de vente des produits maraichers. Selon le Secre\u0301taire ge\u0301ne\u0301ral permanent de la Chambre re\u0301gionale de l\u2019Agriculture de Maradi, M. Gue\u0301ro [&hellip;]<\/p>\n","protected":false},"author":82,"featured_media":60142,"comment_status":"open","ping_status":"closed","sticky":false,"template":"","format":"standard","meta":{"footnotes":""},"categories":[5,10],"tags":[55,60,29],"class_list":["post-60143","post","type-post","status-publish","format-standard","has-post-thumbnail","hentry","category-culture-et-art","category-toutes-les-actualites","tag-africa-press","tag-africa-press-niger","tag-niger"],"yoast_head":"<!-- This site is optimized with the Yoast SEO Premium plugin v26.1 (Yoast SEO v27.0) - https:\/\/yoast.com\/product\/yoast-seo-premium-wordpress\/ -->\n<title>Ouverture d\u2019un march\u00e9 d\u2019exposition et de vente des produits maraichers \u00e0 Maradi : Permettre \u00e0 la population de se ravitailler \u00e0 moindre co\u00fbt - niger<\/title>\n<meta name=\"description\" content=\"Le cadre de collaboration et de dialogue des organisations paysanne du Niger, en collaboration avec la Chambre Re\u0301gio ...\" \/>\n<meta name=\"robots\" content=\"index, follow, max-snippet:-1, max-image-preview:large, max-video-preview:-1\" \/>\n<link rel=\"canonical\" href=\"https:\/\/www.africa-press.net\/niger\/culture-et-art\/ouverture-dun-marche-dexposition-et-de-vente-des-produits-maraichers-a-maradi-permettre-a-la-population-de-se-ravitailler-a-moindre-cout\" \/>\n<meta property=\"og:locale\" content=\"fr_FR\" \/>\n<meta property=\"og:type\" content=\"article\" \/>\n<meta property=\"og:title\" content=\"Ouverture d\u2019un march\u00e9 d\u2019exposition et de vente des produits maraichers \u00e0 Maradi : Permettre \u00e0 la population de se ravitailler \u00e0 moindre co\u00fbt\" \/>\n<meta property=\"og:description\" content=\"Le cadre de collaboration et de dialogue des organisations paysanne du Niger, en collaboration avec la Chambre Re\u0301gio ...\" \/>\n<meta property=\"og:url\" content=\"https:\/\/www.africa-press.net\/niger\/culture-et-art\/ouverture-dun-marche-dexposition-et-de-vente-des-produits-maraichers-a-maradi-permettre-a-la-population-de-se-ravitailler-a-moindre-cout\" \/>\n<meta property=\"og:site_name\" content=\"niger\" \/>\n<meta property=\"article:published_time\" content=\"2024-03-18T18:16:13+00:00\" \/>\n<meta property=\"article:modified_time\" content=\"2024-03-18T19:19:14+00:00\" \/>\n<meta property=\"og:image\" content=\"https:\/\/static.africa-press.net\/niger\/sites\/40\/2024\/03\/sm_1710776875.523126.jpg\" \/>\n\t<meta property=\"og:image:width\" content=\"1024\" \/>\n\t<meta property=\"og:image:height\" content=\"768\" \/>\n\t<meta property=\"og:image:type\" content=\"image\/jpeg\" \/>\n<meta name=\"author\" content=\"cfeditorfr\" \/>\n<meta name=\"twitter:card\" content=\"summary_large_image\" \/>\n<meta name=\"twitter:label1\" content=\"\u00c9crit par\" \/>\n\t<meta name=\"twitter:data1\" content=\"cfeditorfr\" \/>\n\t<meta name=\"twitter:label2\" content=\"Dur\u00e9e de lecture estim\u00e9e\" \/>\n\t<meta name=\"twitter:data2\" content=\"4 minutes\" \/>\n<script type=\"application\/ld+json\" class=\"yoast-schema-graph\">{\"@context\":\"https:\/\/schema.org\",\"@graph\":[{\"@type\":\"Article\",\"@id\":\"https:\/\/www.africa-press.net\/niger\/culture-et-art\/ouverture-dun-marche-dexposition-et-de-vente-des-produits-maraichers-a-maradi-permettre-a-la-population-de-se-ravitailler-a-moindre-cout#article\",\"isPartOf\":{\"@id\":\"https:\/\/www.africa-press.net\/niger\/culture-et-art\/ouverture-dun-marche-dexposition-et-de-vente-des-produits-maraichers-a-maradi-permettre-a-la-population-de-se-ravitailler-a-moindre-cout\"},\"author\":{\"name\":\"cfeditorfr\",\"@id\":\"https:\/\/www.africa-press.net\/niger\/#\/schema\/person\/2b1cf3cd81a31e3cd26889ca66d677f1\"},\"headline\":\"Ouverture d\u2019un march\u00e9 d\u2019exposition et de vente des produits maraichers \u00e0 Maradi : Permettre \u00e0 la population de se ravitailler \u00e0 moindre co\u00fbt\",\"datePublished\":\"2024-03-18T18:16:13+00:00\",\"dateModified\":\"2024-03-18T19:19:14+00:00\",\"mainEntityOfPage\":{\"@id\":\"https:\/\/www.africa-press.net\/niger\/culture-et-art\/ouverture-dun-marche-dexposition-et-de-vente-des-produits-maraichers-a-maradi-permettre-a-la-population-de-se-ravitailler-a-moindre-cout\"},\"wordCount\":706,\"commentCount\":0,\"image\":{\"@id\":\"https:\/\/www.africa-press.net\/niger\/culture-et-art\/ouverture-dun-marche-dexposition-et-de-vente-des-produits-maraichers-a-maradi-permettre-a-la-population-de-se-ravitailler-a-moindre-cout#primaryimage\"},\"thumbnailUrl\":\"https:\/\/static.africa-press.net\/niger\/sites\/40\/2024\/03\/sm_1710776875.523126.jpg\",\"keywords\":[\"Africa Press\",\"Africa Press-Niger\",\"Niger\"],\"articleSection\":[\"Culture et Art\",\"Toutes les actualit\u00e9s\"],\"inLanguage\":\"fr-FR\",\"potentialAction\":[{\"@type\":\"CommentAction\",\"name\":\"Comment\",\"target\":[\"https:\/\/www.africa-press.net\/niger\/culture-et-art\/ouverture-dun-marche-dexposition-et-de-vente-des-produits-maraichers-a-maradi-permettre-a-la-population-de-se-ravitailler-a-moindre-cout#respond\"]}]},{\"@type\":\"WebPage\",\"@id\":\"https:\/\/www.africa-press.net\/niger\/culture-et-art\/ouverture-dun-marche-dexposition-et-de-vente-des-produits-maraichers-a-maradi-permettre-a-la-population-de-se-ravitailler-a-moindre-cout\",\"url\":\"https:\/\/www.africa-press.net\/niger\/culture-et-art\/ouverture-dun-marche-dexposition-et-de-vente-des-produits-maraichers-a-maradi-permettre-a-la-population-de-se-ravitailler-a-moindre-cout\",\"name\":\"Ouverture d\u2019un march\u00e9 d\u2019exposition et de vente des produits maraichers \u00e0 Maradi : Permettre \u00e0 la population de se ravitailler \u00e0 moindre co\u00fbt - niger\",\"isPartOf\":{\"@id\":\"https:\/\/www.africa-press.net\/niger\/#website\"},\"primaryImageOfPage\":{\"@id\":\"https:\/\/www.africa-press.net\/niger\/culture-et-art\/ouverture-dun-marche-dexposition-et-de-vente-des-produits-maraichers-a-maradi-permettre-a-la-population-de-se-ravitailler-a-moindre-cout#primaryimage\"},\"image\":{\"@id\":\"https:\/\/www.africa-press.net\/niger\/culture-et-art\/ouverture-dun-marche-dexposition-et-de-vente-des-produits-maraichers-a-maradi-permettre-a-la-population-de-se-ravitailler-a-moindre-cout#primaryimage\"},\"thumbnailUrl\":\"https:\/\/static.africa-press.net\/niger\/sites\/40\/2024\/03\/sm_1710776875.523126.jpg\",\"datePublished\":\"2024-03-18T18:16:13+00:00\",\"dateModified\":\"2024-03-18T19:19:14+00:00\",\"author\":{\"@id\":\"https:\/\/www.africa-press.net\/niger\/#\/schema\/person\/2b1cf3cd81a31e3cd26889ca66d677f1\"},\"description\":\"Le cadre de collaboration et de dialogue des organisations paysanne du Niger, en collaboration avec la Chambre Re\u0301gio ...\",\"breadcrumb\":{\"@id\":\"https:\/\/www.africa-press.net\/niger\/culture-et-art\/ouverture-dun-marche-dexposition-et-de-vente-des-produits-maraichers-a-maradi-permettre-a-la-population-de-se-ravitailler-a-moindre-cout#breadcrumb\"},\"inLanguage\":\"fr-FR\",\"potentialAction\":[{\"@type\":\"ReadAction\",\"target\":[\"https:\/\/www.africa-press.net\/niger\/culture-et-art\/ouverture-dun-marche-dexposition-et-de-vente-des-produits-maraichers-a-maradi-permettre-a-la-population-de-se-ravitailler-a-moindre-cout\"]}]},{\"@type\":\"ImageObject\",\"inLanguage\":\"fr-FR\",\"@id\":\"https:\/\/www.africa-press.net\/niger\/culture-et-art\/ouverture-dun-marche-dexposition-et-de-vente-des-produits-maraichers-a-maradi-permettre-a-la-population-de-se-ravitailler-a-moindre-cout#primaryimage\",\"url\":\"https:\/\/static.africa-press.net\/niger\/sites\/40\/2024\/03\/sm_1710776875.523126.jpg\",\"contentUrl\":\"https:\/\/static.africa-press.net\/niger\/sites\/40\/2024\/03\/sm_1710776875.523126.jpg\",\"width\":1024,\"height\":768,\"caption\":\"Ouverture d\u2019un march\u00e9 d\u2019exposition et de vente des produits maraichers \u00e0 Maradi : Permettre \u00e0 la population de se ravitailler \u00e0 moindre co\u00fbt\"},{\"@type\":\"BreadcrumbList\",\"@id\":\"https:\/\/www.africa-press.net\/niger\/culture-et-art\/ouverture-dun-marche-dexposition-et-de-vente-des-produits-maraichers-a-maradi-permettre-a-la-population-de-se-ravitailler-a-moindre-cout#breadcrumb\",\"itemListElement\":[{\"@type\":\"ListItem\",\"position\":1,\"name\":\"Accueil\",\"item\":\"https:\/\/www.africa-press.net\/niger\/\"},{\"@type\":\"ListItem\",\"position\":2,\"name\":\"Ouverture d\u2019un march\u00e9 d\u2019exposition et de vente des produits maraichers \u00e0 Maradi : Permettre \u00e0 la population de se ravitailler \u00e0 moindre co\u00fbt\"}]},{\"@type\":\"WebSite\",\"@id\":\"https:\/\/www.africa-press.net\/niger\/#website\",\"url\":\"https:\/\/www.africa-press.net\/niger\/\",\"name\":\"niger\",\"description\":\"Just another Africa News Agency Sites site\",\"potentialAction\":[{\"@type\":\"SearchAction\",\"target\":{\"@type\":\"EntryPoint\",\"urlTemplate\":\"https:\/\/www.africa-press.net\/niger\/?s={search_term_string}\"},\"query-input\":{\"@type\":\"PropertyValueSpecification\",\"valueRequired\":true,\"valueName\":\"search_term_string\"}}],\"inLanguage\":\"fr-FR\"},{\"@type\":\"Person\",\"@id\":\"https:\/\/www.africa-press.net\/niger\/#\/schema\/person\/2b1cf3cd81a31e3cd26889ca66d677f1\",\"name\":\"cfeditorfr\"}]}<\/script>\n<!-- \/ Yoast SEO Premium plugin. -->","yoast_head_json":{"title":"Ouverture d\u2019un march\u00e9 d\u2019exposition et de vente des produits maraichers \u00e0 Maradi : Permettre \u00e0 la population de se ravitailler \u00e0 moindre co\u00fbt - niger","description":"Le cadre de collaboration et de dialogue des organisations paysanne du Niger, en collaboration avec la Chambre Re\u0301gio ...","robots":{"index":"index","follow":"follow","max-snippet":"max-snippet:-1","max-image-preview":"max-image-preview:large","max-video-preview":"max-video-preview:-1"},"canonical":"https:\/\/www.africa-press.net\/niger\/culture-et-art\/ouverture-dun-marche-dexposition-et-de-vente-des-produits-maraichers-a-maradi-permettre-a-la-population-de-se-ravitailler-a-moindre-cout","og_locale":"fr_FR","og_type":"article","og_title":"Ouverture d\u2019un march\u00e9 d\u2019exposition et de vente des produits maraichers \u00e0 Maradi : Permettre \u00e0 la population de se ravitailler \u00e0 moindre co\u00fbt","og_description":"Le cadre de collaboration et de dialogue des organisations paysanne du Niger, en collaboration avec la Chambre Re\u0301gio ...","og_url":"https:\/\/www.africa-press.net\/niger\/culture-et-art\/ouverture-dun-marche-dexposition-et-de-vente-des-produits-maraichers-a-maradi-permettre-a-la-population-de-se-ravitailler-a-moindre-cout","og_site_name":"niger","article_published_time":"2024-03-18T18:16:13+00:00","article_modified_time":"2024-03-18T19:19:14+00:00","og_image":[{"width":1024,"height":768,"url":"https:\/\/static.africa-press.net\/niger\/sites\/40\/2024\/03\/sm_1710776875.523126.jpg","type":"image\/jpeg"}],"author":"cfeditorfr","twitter_card":"summary_large_image","twitter_misc":{"\u00c9crit par":"cfeditorfr","Dur\u00e9e de lecture estim\u00e9e":"4 minutes"},"schema":{"@context":"https:\/\/schema.org","@graph":[{"@type":"Article","@id":"https:\/\/www.africa-press.net\/niger\/culture-et-art\/ouverture-dun-marche-dexposition-et-de-vente-des-produits-maraichers-a-maradi-permettre-a-la-population-de-se-ravitailler-a-moindre-cout#article","isPartOf":{"@id":"https:\/\/www.africa-press.net\/niger\/culture-et-art\/ouverture-dun-marche-dexposition-et-de-vente-des-produits-maraichers-a-maradi-permettre-a-la-population-de-se-ravitailler-a-moindre-cout"},"author":{"name":"cfeditorfr","@id":"https:\/\/www.africa-press.net\/niger\/#\/schema\/person\/2b1cf3cd81a31e3cd26889ca66d677f1"},"headline":"Ouverture d\u2019un march\u00e9 d\u2019exposition et de vente des produits maraichers \u00e0 Maradi : Permettre \u00e0 la population de se ravitailler \u00e0 moindre co\u00fbt","datePublished":"2024-03-18T18:16:13+00:00","dateModified":"2024-03-18T19:19:14+00:00","mainEntityOfPage":{"@id":"https:\/\/www.africa-press.net\/niger\/culture-et-art\/ouverture-dun-marche-dexposition-et-de-vente-des-produits-maraichers-a-maradi-permettre-a-la-population-de-se-ravitailler-a-moindre-cout"},"wordCount":706,"commentCount":0,"image":{"@id":"https:\/\/www.africa-press.net\/niger\/culture-et-art\/ouverture-dun-marche-dexposition-et-de-vente-des-produits-maraichers-a-maradi-permettre-a-la-population-de-se-ravitailler-a-moindre-cout#primaryimage"},"thumbnailUrl":"https:\/\/static.africa-press.net\/niger\/sites\/40\/2024\/03\/sm_1710776875.523126.jpg","keywords":["Africa Press","Africa Press-Niger","Niger"],"articleSection":["Culture et Art","Toutes les actualit\u00e9s"],"inLanguage":"fr-FR","potentialAction":[{"@type":"CommentAction","name":"Comment","target":["https:\/\/www.africa-press.net\/niger\/culture-et-art\/ouverture-dun-marche-dexposition-et-de-vente-des-produits-maraichers-a-maradi-permettre-a-la-population-de-se-ravitailler-a-moindre-cout#respond"]}]},{"@type":"WebPage","@id":"https:\/\/www.africa-press.net\/niger\/culture-et-art\/ouverture-dun-marche-dexposition-et-de-vente-des-produits-maraichers-a-maradi-permettre-a-la-population-de-se-ravitailler-a-moindre-cout","url":"https:\/\/www.africa-press.net\/niger\/culture-et-art\/ouverture-dun-marche-dexposition-et-de-vente-des-produits-maraichers-a-maradi-permettre-a-la-population-de-se-ravitailler-a-moindre-cout","name":"Ouverture d\u2019un march\u00e9 d\u2019exposition et de vente des produits maraichers \u00e0 Maradi : Permettre \u00e0 la population de se ravitailler \u00e0 moindre co\u00fbt - niger","isPartOf":{"@id":"https:\/\/www.africa-press.net\/niger\/#website"},"primaryImageOfPage":{"@id":"https:\/\/www.africa-press.net\/niger\/culture-et-art\/ouverture-dun-marche-dexposition-et-de-vente-des-produits-maraichers-a-maradi-permettre-a-la-population-de-se-ravitailler-a-moindre-cout#primaryimage"},"image":{"@id":"https:\/\/www.africa-press.net\/niger\/culture-et-art\/ouverture-dun-marche-dexposition-et-de-vente-des-produits-maraichers-a-maradi-permettre-a-la-population-de-se-ravitailler-a-moindre-cout#primaryimage"},"thumbnailUrl":"https:\/\/static.africa-press.net\/niger\/sites\/40\/2024\/03\/sm_1710776875.523126.jpg","datePublished":"2024-03-18T18:16:13+00:00","dateModified":"2024-03-18T19:19:14+00:00","author":{"@id":"https:\/\/www.africa-press.net\/niger\/#\/schema\/person\/2b1cf3cd81a31e3cd26889ca66d677f1"},"description":"Le cadre de collaboration et de dialogue des organisations paysanne du Niger, en collaboration avec la Chambre Re\u0301gio ...","breadcrumb":{"@id":"https:\/\/www.africa-press.net\/niger\/culture-et-art\/ouverture-dun-marche-dexposition-et-de-vente-des-produits-maraichers-a-maradi-permettre-a-la-population-de-se-ravitailler-a-moindre-cout#breadcrumb"},"inLanguage":"fr-FR","potentialAction":[{"@type":"ReadAction","target":["https:\/\/www.africa-press.net\/niger\/culture-et-art\/ouverture-dun-marche-dexposition-et-de-vente-des-produits-maraichers-a-maradi-permettre-a-la-population-de-se-ravitailler-a-moindre-cout"]}]},{"@type":"ImageObject","inLanguage":"fr-FR","@id":"https:\/\/www.africa-press.net\/niger\/culture-et-art\/ouverture-dun-marche-dexposition-et-de-vente-des-produits-maraichers-a-maradi-permettre-a-la-population-de-se-ravitailler-a-moindre-cout#primaryimage","url":"https:\/\/static.africa-press.net\/niger\/sites\/40\/2024\/03\/sm_1710776875.523126.jpg","contentUrl":"https:\/\/static.africa-press.net\/niger\/sites\/40\/2024\/03\/sm_1710776875.523126.jpg","width":1024,"height":768,"caption":"Ouverture d\u2019un march\u00e9 d\u2019exposition et de vente des produits maraichers \u00e0 Maradi : Permettre \u00e0 la population de se ravitailler \u00e0 moindre co\u00fbt"},{"@type":"BreadcrumbList","@id":"https:\/\/www.africa-press.net\/niger\/culture-et-art\/ouverture-dun-marche-dexposition-et-de-vente-des-produits-maraichers-a-maradi-permettre-a-la-population-de-se-ravitailler-a-moindre-cout#breadcrumb","itemListElement":[{"@type":"ListItem","position":1,"name":"Accueil","item":"https:\/\/www.africa-press.net\/niger\/"},{"@type":"ListItem","position":2,"name":"Ouverture d\u2019un march\u00e9 d\u2019exposition et de vente des produits maraichers \u00e0 Maradi : Permettre \u00e0 la population de se ravitailler \u00e0 moindre co\u00fbt"}]},{"@type":"WebSite","@id":"https:\/\/www.africa-press.net\/niger\/#website","url":"https:\/\/www.africa-press.net\/niger\/","name":"niger","description":"Just another Africa News Agency Sites site","potentialAction":[{"@type":"SearchAction","target":{"@type":"EntryPoint","urlTemplate":"https:\/\/www.africa-press.net\/niger\/?s={search_term_string}"},"query-input":{"@type":"PropertyValueSpecification","valueRequired":true,"valueName":"search_term_string"}}],"inLanguage":"fr-FR"},{"@type":"Person","@id":"https:\/\/www.africa-press.net\/niger\/#\/schema\/person\/2b1cf3cd81a31e3cd26889ca66d677f1","name":"cfeditorfr"}]}},"_links":{"self":[{"href":"https:\/\/www.africa-press.net\/niger\/wp-json\/wp\/v2\/posts\/60143","targetHints":{"allow":["GET"]}}],"collection":[{"href":"https:\/\/www.africa-press.net\/niger\/wp-json\/wp\/v2\/posts"}],"about":[{"href":"https:\/\/www.africa-press.net\/niger\/wp-json\/wp\/v2\/types\/post"}],"author":[{"embeddable":true,"href":"https:\/\/www.africa-press.net\/niger\/wp-json\/wp\/v2\/users\/82"}],"replies":[{"embeddable":true,"href":"https:\/\/www.africa-press.net\/niger\/wp-json\/wp\/v2\/comments?post=60143"}],"version-history":[{"count":0,"href":"https:\/\/www.africa-press.net\/niger\/wp-json\/wp\/v2\/posts\/60143\/revisions"}],"wp:featuredmedia":[{"embeddable":true,"href":"https:\/\/www.africa-press.net\/niger\/wp-json\/wp\/v2\/media\/60142"}],"wp:attachment":[{"href":"https:\/\/www.africa-press.net\/niger\/wp-json\/wp\/v2\/media?parent=60143"}],"wp:term":[{"taxonomy":"category","embeddable":true,"href":"https:\/\/www.africa-press.net\/niger\/wp-json\/wp\/v2\/categories?post=60143"},{"taxonomy":"post_tag","embeddable":true,"href":"https:\/\/www.africa-press.net\/niger\/wp-json\/wp\/v2\/tags?post=60143"}],"curies":[{"name":"wp","href":"https:\/\/api.w.org\/{rel}","templated":true}]}}