{"id":60158,"date":"2024-03-19T13:48:31","date_gmt":"2024-03-19T13:48:31","guid":{"rendered":"https:\/\/www.africa-press.net\/niger\/politique\/%d1%81hasse-du-niger-washington-recherche-ou-redeployer-ses-troupes-en-afrique"},"modified":"2024-03-19T17:29:22","modified_gmt":"2024-03-19T17:29:22","slug":"%d1%81hasse-du-niger-washington-recherche-ou-redeployer-ses-troupes-en-afrique","status":"publish","type":"post","link":"https:\/\/www.africa-press.net\/niger\/politique\/%d1%81hasse-du-niger-washington-recherche-ou-redeployer-ses-troupes-en-afrique","title":{"rendered":"\u0421hass\u00e9 du Niger, Washington recherche o\u00f9 red\u00e9ployer ses troupes en Afrique"},"content":{"rendered":"<p><span style=\"color: #ff6600\"><strong>Africa-Press &#8211; Niger. <\/strong><\/span>Ce travail a commence\u0301 bien avant la de\u0301nonciation de l&rsquo;accord militaire initie\u0301e par le Niger, a re\u0301ve\u0301le\u0301 Jack Reed, pre\u0301sident de la Commission des forces arme\u0301es du Se\u0301nat ame\u0301ricain.<\/p>\n<p>\u00ab\u00a0Il y a quelques mois, nous avons commence\u0301 a\u0300 recevoir des signaux du Niger, indiquant que les choses devenaient de moins en moins confortables dans ce pays\u00a0\u00bb, a fait savoir le se\u0301nateur de\u0301mocrate au cours d&rsquo;une re\u0301union en ligne avec les chroniqueurs travaillant pour la de\u0301fense.<\/p>\n<p>Pour la partie ame\u0301ricaine, \u00ab\u00a0la situation politique devenait de plus en plus complique\u0301e\u00a0\u00bb a\u0300 l\u2019e\u0301poque au Niger. Voila\u0300 pourquoi les E\u0301tats-Unis se sont mis a\u0300 envisager des alternatives de \u00ab\u00a0manie\u0300re tre\u0300s pragmatique\u00a0\u00bb.<\/p>\n<p>Selon M. Reed, les E\u0301tats-Unis devraient nommer plus rapidement des ambassadeurs, car ils peuvent e\u0302tre \u00ab\u00a0aussi efficaces\u00a0\u00bb sur le terrain comme tout type de forces arme\u0301es.<\/p>\n<p><strong>Pour plus d&rsquo;informations et d&rsquo;analyses sur la <a href=\"https:\/\/www.africa-press.net\/niger\">Niger<\/a>, suivez <a href=\"https:\/\/www.africa-press.net\/\">Africa-Press<\/a><\/strong><\/p>\n","protected":false},"excerpt":{"rendered":"<p>Africa-Press &#8211; Niger. Ce travail a commence\u0301 bien avant la de\u0301nonciation de l&rsquo;accord militaire initie\u0301e par le Niger, a re\u0301ve\u0301le\u0301 Jack Reed, pre\u0301sident de la Commission des forces arme\u0301es du Se\u0301nat ame\u0301ricain. \u00ab\u00a0Il y a quelques mois, nous avons commence\u0301 a\u0300 recevoir des signaux du Niger, indiquant que les choses devenaient de moins en moins [&hellip;]<\/p>\n","protected":false},"author":82,"featured_media":60157,"comment_status":"open","ping_status":"closed","sticky":false,"template":"","format":"standard","meta":{"footnotes":""},"categories":[2,73,20,10],"tags":[55,60,29],"class_list":["post-60158","post","type-post","status-publish","format-standard","has-post-thumbnail","hentry","category-politique","category-to-homepage","category-top-nouvelles","category-toutes-les-actualites","tag-africa-press","tag-africa-press-niger","tag-niger"],"yoast_head":"<!-- This site is optimized with the Yoast SEO Premium plugin v26.1 (Yoast SEO v27.0) - https:\/\/yoast.com\/product\/yoast-seo-premium-wordpress\/ -->\n<title>\u0421hass\u00e9 du Niger, Washington recherche o\u00f9 red\u00e9ployer ses troupes en Afrique - niger<\/title>\n<meta name=\"description\" content=\"Ce travail a commence\u0301 bien avant la de\u0301nonciation de l&#039;accord militaire initie\u0301e par le Niger, a re\u0301ve\u0301le\u0301 Jack Reed, p ...\" \/>\n<meta name=\"robots\" content=\"index, follow, max-snippet:-1, max-image-preview:large, max-video-preview:-1\" \/>\n<link rel=\"canonical\" href=\"https:\/\/www.africa-press.net\/niger\/politique\/\u0441hasse-du-niger-washington-recherche-ou-redeployer-ses-troupes-en-afrique\" \/>\n<meta property=\"og:locale\" content=\"fr_FR\" \/>\n<meta property=\"og:type\" content=\"article\" \/>\n<meta property=\"og:title\" content=\"\u0421hass\u00e9 du Niger, Washington recherche o\u00f9 red\u00e9ployer ses troupes en Afrique\" \/>\n<meta property=\"og:description\" content=\"Ce travail a commence\u0301 bien avant la de\u0301nonciation de l&#039;accord militaire initie\u0301e par le Niger, a re\u0301ve\u0301le\u0301 Jack Reed, p ...\" \/>\n<meta property=\"og:url\" content=\"https:\/\/www.africa-press.net\/niger\/politique\/\u0441hasse-du-niger-washington-recherche-ou-redeployer-ses-troupes-en-afrique\" \/>\n<meta property=\"og:site_name\" content=\"niger\" \/>\n<meta property=\"article:published_time\" content=\"2024-03-19T13:48:31+00:00\" \/>\n<meta property=\"article:modified_time\" content=\"2024-03-19T17:29:22+00:00\" \/>\n<meta property=\"og:image\" content=\"https:\/\/static.africa-press.net\/niger\/sites\/40\/2024\/03\/sm_1710845277.216152.jpg\" \/>\n\t<meta property=\"og:image:width\" content=\"1398\" \/>\n\t<meta property=\"og:image:height\" content=\"900\" \/>\n\t<meta property=\"og:image:type\" content=\"image\/jpeg\" \/>\n<meta name=\"author\" content=\"cfeditorfr\" \/>\n<meta name=\"twitter:card\" content=\"summary_large_image\" \/>\n<meta name=\"twitter:label1\" content=\"\u00c9crit par\" \/>\n\t<meta name=\"twitter:data1\" content=\"cfeditorfr\" \/>\n\t<meta name=\"twitter:label2\" content=\"Dur\u00e9e de lecture estim\u00e9e\" \/>\n\t<meta name=\"twitter:data2\" content=\"1 minute\" \/>\n<script type=\"application\/ld+json\" class=\"yoast-schema-graph\">{\"@context\":\"https:\/\/schema.org\",\"@graph\":[{\"@type\":\"Article\",\"@id\":\"https:\/\/www.africa-press.net\/niger\/politique\/%d1%81hasse-du-niger-washington-recherche-ou-redeployer-ses-troupes-en-afrique#article\",\"isPartOf\":{\"@id\":\"https:\/\/www.africa-press.net\/niger\/politique\/%d1%81hasse-du-niger-washington-recherche-ou-redeployer-ses-troupes-en-afrique\"},\"author\":{\"name\":\"cfeditorfr\",\"@id\":\"https:\/\/www.africa-press.net\/niger\/#\/schema\/person\/2b1cf3cd81a31e3cd26889ca66d677f1\"},\"headline\":\"\u0421hass\u00e9 du Niger, Washington recherche o\u00f9 red\u00e9ployer ses troupes en Afrique\",\"datePublished\":\"2024-03-19T13:48:31+00:00\",\"dateModified\":\"2024-03-19T17:29:22+00:00\",\"mainEntityOfPage\":{\"@id\":\"https:\/\/www.africa-press.net\/niger\/politique\/%d1%81hasse-du-niger-washington-recherche-ou-redeployer-ses-troupes-en-afrique\"},\"wordCount\":191,\"commentCount\":0,\"image\":{\"@id\":\"https:\/\/www.africa-press.net\/niger\/politique\/%d1%81hasse-du-niger-washington-recherche-ou-redeployer-ses-troupes-en-afrique#primaryimage\"},\"thumbnailUrl\":\"https:\/\/static.africa-press.net\/niger\/sites\/40\/2024\/03\/sm_1710845277.216152.jpg\",\"keywords\":[\"Africa Press\",\"Africa Press-Niger\",\"Niger\"],\"articleSection\":[\"Politique\",\"to-homepage\",\"Top Nouvelles\",\"Toutes les actualit\u00e9s\"],\"inLanguage\":\"fr-FR\",\"potentialAction\":[{\"@type\":\"CommentAction\",\"name\":\"Comment\",\"target\":[\"https:\/\/www.africa-press.net\/niger\/politique\/%d1%81hasse-du-niger-washington-recherche-ou-redeployer-ses-troupes-en-afrique#respond\"]}]},{\"@type\":\"WebPage\",\"@id\":\"https:\/\/www.africa-press.net\/niger\/politique\/%d1%81hasse-du-niger-washington-recherche-ou-redeployer-ses-troupes-en-afrique\",\"url\":\"https:\/\/www.africa-press.net\/niger\/politique\/%d1%81hasse-du-niger-washington-recherche-ou-redeployer-ses-troupes-en-afrique\",\"name\":\"\u0421hass\u00e9 du Niger, Washington recherche o\u00f9 red\u00e9ployer ses troupes en Afrique - niger\",\"isPartOf\":{\"@id\":\"https:\/\/www.africa-press.net\/niger\/#website\"},\"primaryImageOfPage\":{\"@id\":\"https:\/\/www.africa-press.net\/niger\/politique\/%d1%81hasse-du-niger-washington-recherche-ou-redeployer-ses-troupes-en-afrique#primaryimage\"},\"image\":{\"@id\":\"https:\/\/www.africa-press.net\/niger\/politique\/%d1%81hasse-du-niger-washington-recherche-ou-redeployer-ses-troupes-en-afrique#primaryimage\"},\"thumbnailUrl\":\"https:\/\/static.africa-press.net\/niger\/sites\/40\/2024\/03\/sm_1710845277.216152.jpg\",\"datePublished\":\"2024-03-19T13:48:31+00:00\",\"dateModified\":\"2024-03-19T17:29:22+00:00\",\"author\":{\"@id\":\"https:\/\/www.africa-press.net\/niger\/#\/schema\/person\/2b1cf3cd81a31e3cd26889ca66d677f1\"},\"description\":\"Ce travail a commence\u0301 bien avant la de\u0301nonciation de l'accord militaire initie\u0301e par le Niger, a re\u0301ve\u0301le\u0301 Jack Reed, p ...\",\"breadcrumb\":{\"@id\":\"https:\/\/www.africa-press.net\/niger\/politique\/%d1%81hasse-du-niger-washington-recherche-ou-redeployer-ses-troupes-en-afrique#breadcrumb\"},\"inLanguage\":\"fr-FR\",\"potentialAction\":[{\"@type\":\"ReadAction\",\"target\":[\"https:\/\/www.africa-press.net\/niger\/politique\/%d1%81hasse-du-niger-washington-recherche-ou-redeployer-ses-troupes-en-afrique\"]}]},{\"@type\":\"ImageObject\",\"inLanguage\":\"fr-FR\",\"@id\":\"https:\/\/www.africa-press.net\/niger\/politique\/%d1%81hasse-du-niger-washington-recherche-ou-redeployer-ses-troupes-en-afrique#primaryimage\",\"url\":\"https:\/\/static.africa-press.net\/niger\/sites\/40\/2024\/03\/sm_1710845277.216152.jpg\",\"contentUrl\":\"https:\/\/static.africa-press.net\/niger\/sites\/40\/2024\/03\/sm_1710845277.216152.jpg\",\"width\":1398,\"height\":900,\"caption\":\"\u0421hass\u00e9 du Niger, Washington recherche o\u00f9 red\u00e9ployer ses troupes en Afrique\"},{\"@type\":\"BreadcrumbList\",\"@id\":\"https:\/\/www.africa-press.net\/niger\/politique\/%d1%81hasse-du-niger-washington-recherche-ou-redeployer-ses-troupes-en-afrique#breadcrumb\",\"itemListElement\":[{\"@type\":\"ListItem\",\"position\":1,\"name\":\"Accueil\",\"item\":\"https:\/\/www.africa-press.net\/niger\/\"},{\"@type\":\"ListItem\",\"position\":2,\"name\":\"\u0421hass\u00e9 du Niger, Washington recherche o\u00f9 red\u00e9ployer ses troupes en Afrique\"}]},{\"@type\":\"WebSite\",\"@id\":\"https:\/\/www.africa-press.net\/niger\/#website\",\"url\":\"https:\/\/www.africa-press.net\/niger\/\",\"name\":\"niger\",\"description\":\"Just another Africa News Agency Sites site\",\"potentialAction\":[{\"@type\":\"SearchAction\",\"target\":{\"@type\":\"EntryPoint\",\"urlTemplate\":\"https:\/\/www.africa-press.net\/niger\/?s={search_term_string}\"},\"query-input\":{\"@type\":\"PropertyValueSpecification\",\"valueRequired\":true,\"valueName\":\"search_term_string\"}}],\"inLanguage\":\"fr-FR\"},{\"@type\":\"Person\",\"@id\":\"https:\/\/www.africa-press.net\/niger\/#\/schema\/person\/2b1cf3cd81a31e3cd26889ca66d677f1\",\"name\":\"cfeditorfr\"}]}<\/script>\n<!-- \/ Yoast SEO Premium plugin. -->","yoast_head_json":{"title":"\u0421hass\u00e9 du Niger, Washington recherche o\u00f9 red\u00e9ployer ses troupes en Afrique - niger","description":"Ce travail a commence\u0301 bien avant la de\u0301nonciation de l'accord militaire initie\u0301e par le Niger, a re\u0301ve\u0301le\u0301 Jack Reed, p ...","robots":{"index":"index","follow":"follow","max-snippet":"max-snippet:-1","max-image-preview":"max-image-preview:large","max-video-preview":"max-video-preview:-1"},"canonical":"https:\/\/www.africa-press.net\/niger\/politique\/\u0441hasse-du-niger-washington-recherche-ou-redeployer-ses-troupes-en-afrique","og_locale":"fr_FR","og_type":"article","og_title":"\u0421hass\u00e9 du Niger, Washington recherche o\u00f9 red\u00e9ployer ses troupes en Afrique","og_description":"Ce travail a commence\u0301 bien avant la de\u0301nonciation de l'accord militaire initie\u0301e par le Niger, a re\u0301ve\u0301le\u0301 Jack Reed, p ...","og_url":"https:\/\/www.africa-press.net\/niger\/politique\/\u0441hasse-du-niger-washington-recherche-ou-redeployer-ses-troupes-en-afrique","og_site_name":"niger","article_published_time":"2024-03-19T13:48:31+00:00","article_modified_time":"2024-03-19T17:29:22+00:00","og_image":[{"width":1398,"height":900,"url":"https:\/\/static.africa-press.net\/niger\/sites\/40\/2024\/03\/sm_1710845277.216152.jpg","type":"image\/jpeg"}],"author":"cfeditorfr","twitter_card":"summary_large_image","twitter_misc":{"\u00c9crit par":"cfeditorfr","Dur\u00e9e de lecture estim\u00e9e":"1 minute"},"schema":{"@context":"https:\/\/schema.org","@graph":[{"@type":"Article","@id":"https:\/\/www.africa-press.net\/niger\/politique\/%d1%81hasse-du-niger-washington-recherche-ou-redeployer-ses-troupes-en-afrique#article","isPartOf":{"@id":"https:\/\/www.africa-press.net\/niger\/politique\/%d1%81hasse-du-niger-washington-recherche-ou-redeployer-ses-troupes-en-afrique"},"author":{"name":"cfeditorfr","@id":"https:\/\/www.africa-press.net\/niger\/#\/schema\/person\/2b1cf3cd81a31e3cd26889ca66d677f1"},"headline":"\u0421hass\u00e9 du Niger, Washington recherche o\u00f9 red\u00e9ployer ses troupes en Afrique","datePublished":"2024-03-19T13:48:31+00:00","dateModified":"2024-03-19T17:29:22+00:00","mainEntityOfPage":{"@id":"https:\/\/www.africa-press.net\/niger\/politique\/%d1%81hasse-du-niger-washington-recherche-ou-redeployer-ses-troupes-en-afrique"},"wordCount":191,"commentCount":0,"image":{"@id":"https:\/\/www.africa-press.net\/niger\/politique\/%d1%81hasse-du-niger-washington-recherche-ou-redeployer-ses-troupes-en-afrique#primaryimage"},"thumbnailUrl":"https:\/\/static.africa-press.net\/niger\/sites\/40\/2024\/03\/sm_1710845277.216152.jpg","keywords":["Africa Press","Africa Press-Niger","Niger"],"articleSection":["Politique","to-homepage","Top Nouvelles","Toutes les actualit\u00e9s"],"inLanguage":"fr-FR","potentialAction":[{"@type":"CommentAction","name":"Comment","target":["https:\/\/www.africa-press.net\/niger\/politique\/%d1%81hasse-du-niger-washington-recherche-ou-redeployer-ses-troupes-en-afrique#respond"]}]},{"@type":"WebPage","@id":"https:\/\/www.africa-press.net\/niger\/politique\/%d1%81hasse-du-niger-washington-recherche-ou-redeployer-ses-troupes-en-afrique","url":"https:\/\/www.africa-press.net\/niger\/politique\/%d1%81hasse-du-niger-washington-recherche-ou-redeployer-ses-troupes-en-afrique","name":"\u0421hass\u00e9 du Niger, Washington recherche o\u00f9 red\u00e9ployer ses troupes en Afrique - niger","isPartOf":{"@id":"https:\/\/www.africa-press.net\/niger\/#website"},"primaryImageOfPage":{"@id":"https:\/\/www.africa-press.net\/niger\/politique\/%d1%81hasse-du-niger-washington-recherche-ou-redeployer-ses-troupes-en-afrique#primaryimage"},"image":{"@id":"https:\/\/www.africa-press.net\/niger\/politique\/%d1%81hasse-du-niger-washington-recherche-ou-redeployer-ses-troupes-en-afrique#primaryimage"},"thumbnailUrl":"https:\/\/static.africa-press.net\/niger\/sites\/40\/2024\/03\/sm_1710845277.216152.jpg","datePublished":"2024-03-19T13:48:31+00:00","dateModified":"2024-03-19T17:29:22+00:00","author":{"@id":"https:\/\/www.africa-press.net\/niger\/#\/schema\/person\/2b1cf3cd81a31e3cd26889ca66d677f1"},"description":"Ce travail a commence\u0301 bien avant la de\u0301nonciation de l'accord militaire initie\u0301e par le Niger, a re\u0301ve\u0301le\u0301 Jack Reed, p ...","breadcrumb":{"@id":"https:\/\/www.africa-press.net\/niger\/politique\/%d1%81hasse-du-niger-washington-recherche-ou-redeployer-ses-troupes-en-afrique#breadcrumb"},"inLanguage":"fr-FR","potentialAction":[{"@type":"ReadAction","target":["https:\/\/www.africa-press.net\/niger\/politique\/%d1%81hasse-du-niger-washington-recherche-ou-redeployer-ses-troupes-en-afrique"]}]},{"@type":"ImageObject","inLanguage":"fr-FR","@id":"https:\/\/www.africa-press.net\/niger\/politique\/%d1%81hasse-du-niger-washington-recherche-ou-redeployer-ses-troupes-en-afrique#primaryimage","url":"https:\/\/static.africa-press.net\/niger\/sites\/40\/2024\/03\/sm_1710845277.216152.jpg","contentUrl":"https:\/\/static.africa-press.net\/niger\/sites\/40\/2024\/03\/sm_1710845277.216152.jpg","width":1398,"height":900,"caption":"\u0421hass\u00e9 du Niger, Washington recherche o\u00f9 red\u00e9ployer ses troupes en Afrique"},{"@type":"BreadcrumbList","@id":"https:\/\/www.africa-press.net\/niger\/politique\/%d1%81hasse-du-niger-washington-recherche-ou-redeployer-ses-troupes-en-afrique#breadcrumb","itemListElement":[{"@type":"ListItem","position":1,"name":"Accueil","item":"https:\/\/www.africa-press.net\/niger\/"},{"@type":"ListItem","position":2,"name":"\u0421hass\u00e9 du Niger, Washington recherche o\u00f9 red\u00e9ployer ses troupes en Afrique"}]},{"@type":"WebSite","@id":"https:\/\/www.africa-press.net\/niger\/#website","url":"https:\/\/www.africa-press.net\/niger\/","name":"niger","description":"Just another Africa News Agency Sites site","potentialAction":[{"@type":"SearchAction","target":{"@type":"EntryPoint","urlTemplate":"https:\/\/www.africa-press.net\/niger\/?s={search_term_string}"},"query-input":{"@type":"PropertyValueSpecification","valueRequired":true,"valueName":"search_term_string"}}],"inLanguage":"fr-FR"},{"@type":"Person","@id":"https:\/\/www.africa-press.net\/niger\/#\/schema\/person\/2b1cf3cd81a31e3cd26889ca66d677f1","name":"cfeditorfr"}]}},"_links":{"self":[{"href":"https:\/\/www.africa-press.net\/niger\/wp-json\/wp\/v2\/posts\/60158","targetHints":{"allow":["GET"]}}],"collection":[{"href":"https:\/\/www.africa-press.net\/niger\/wp-json\/wp\/v2\/posts"}],"about":[{"href":"https:\/\/www.africa-press.net\/niger\/wp-json\/wp\/v2\/types\/post"}],"author":[{"embeddable":true,"href":"https:\/\/www.africa-press.net\/niger\/wp-json\/wp\/v2\/users\/82"}],"replies":[{"embeddable":true,"href":"https:\/\/www.africa-press.net\/niger\/wp-json\/wp\/v2\/comments?post=60158"}],"version-history":[{"count":0,"href":"https:\/\/www.africa-press.net\/niger\/wp-json\/wp\/v2\/posts\/60158\/revisions"}],"wp:featuredmedia":[{"embeddable":true,"href":"https:\/\/www.africa-press.net\/niger\/wp-json\/wp\/v2\/media\/60157"}],"wp:attachment":[{"href":"https:\/\/www.africa-press.net\/niger\/wp-json\/wp\/v2\/media?parent=60158"}],"wp:term":[{"taxonomy":"category","embeddable":true,"href":"https:\/\/www.africa-press.net\/niger\/wp-json\/wp\/v2\/categories?post=60158"},{"taxonomy":"post_tag","embeddable":true,"href":"https:\/\/www.africa-press.net\/niger\/wp-json\/wp\/v2\/tags?post=60158"}],"curies":[{"name":"wp","href":"https:\/\/api.w.org\/{rel}","templated":true}]}}