{"id":60176,"date":"2024-03-19T16:57:53","date_gmt":"2024-03-19T16:57:53","guid":{"rendered":"https:\/\/www.africa-press.net\/niger\/politique\/diffa-la-residence-du-prefet-enfin-securisee-par-un-mur-de-cloture"},"modified":"2024-03-19T19:04:59","modified_gmt":"2024-03-19T19:04:59","slug":"diffa-la-residence-du-prefet-enfin-securisee-par-un-mur-de-cloture","status":"publish","type":"post","link":"https:\/\/www.africa-press.net\/niger\/photo\/diffa-la-residence-du-prefet-enfin-securisee-par-un-mur-de-cloture","title":{"rendered":"Diffa : La r\u00e9sidence du pr\u00e9fet enfin s\u00e9curis\u00e9e par un mur de cl\u00f4ture"},"content":{"rendered":"<p><span style=\"color: #ff6600\"><strong>Africa-Press &#8211; Niger. <\/strong><\/span><b>Cre\u0301e\u0301 en 1960, le Poste administratif de N\u2019Gourti a e\u0301te\u0301 e\u0301rige\u0301 en de\u0301partement en 2011. Depuis lors, il a connu le passage de huit (8) pre\u0301fets, le 8e\u0300me e\u0301tant le Capitaine Koraou Issoufou nomme\u0301 le 24 aou\u0302t 2023 suite a\u0300 l\u2019ave\u0300nement du Conseil National pour la Sauvegarde de la Patrie (CNSP) au pouvoir. Avant les pre\u0301fets, N\u2019Gourti a connu 30 chefs de Poste Administratif. Depuis tout ce temps, la Re\u0301sidence officielle e\u0301tait non clo\u0302ture\u0301e. Il a fallu le pre\u0301fet actuel, qui a pris l\u2019initiative de re\u0301aliser le mur de clo\u0302ture sur fonds propres. Les travaux ont dure\u0301 six (6) et ont cou\u0302te\u0301 environ sept (7) millions de francs CFA. La localite\u0301 de N\u2019Gourti est situe\u0301e a\u0300 260 Km au Nord-est de Diffa.<\/b><\/p>\n<p>Interroge\u0301 sur les motivations d\u2019une telle action, le Capitaine Koraou Issoufou a re\u0301pondu en ces termes: \u00ab J\u2019ai re\u0301alise\u0301 ces travaux pour mon pays, pour laisser un souvenir au de\u0301partement de N\u2019Gourti et enfin pour de\u0301montrer que nous, les responsables administratifs, nous pouvons re\u0301aliser des travaux d\u2019inte\u0301re\u0302t communautaire a\u0300 l\u2019e\u0301chelle de nos moyens. Il faut avoir la volonte\u0301 de faire, la suite viendra. Dans le contexte actuel, l\u2019Etat ne peut pas tout financer dans nos collectivite\u0301s, c\u2019est pourquoi je lance un appel pressant a\u0300 tous les responsables, a\u0300 tous les niveaux, de s\u2019engager a\u0300 re\u0301aliser des travaux qui pourraient renforcer les conditions de vie et de travail de nos administre\u0301s. Je voudrais enfin remercier since\u0300rement le Gouverneur, le Pre\u0301sident du Conseil Re\u0301gional ainsi que toutes les personnes qui m\u2019ont fortement encourage\u0301 lors de la re\u0301alisation de ces travaux \u00bb.<\/p>\n<p>Avec cette pre\u0301cieuse contribution a\u0300 l\u2019Etat, le Capitaine Koraou Issoufou vient de prouver a\u0300 suffisance qu\u2019en tant que responsable, il a une profonde culture et un sens e\u0301leve\u0301 de la souverainete\u0301 et de l\u2019inde\u0301pendance de son pays. Ce sont autant de valeurs cardinales pro\u0302ne\u0301es par le Conseil National pour la Sauvegarde de la Patrie (CNSP). Cette action du Pre\u0301fet doit faire tache d\u2019huile chez tous les cadres administratifs de\u0301tenant une parcelle de responsabilite\u0301 afin d\u2019avoir des initiatives qui peuvent contribuer a\u0300 l\u2019ame\u0301lioration des conditions de vie et de travail de nos communaute\u0301s.<\/p>\n<p>&nbsp;<\/p>\n<p><img loading=\"lazy\" decoding=\"async\" src=\"bin\/Users\/MiladFR\/postMediaimg_20_2.jpg\" width=\"480\" height=\"361\" \/><\/p>\n\r\n                <style type=\"text\/css\">\r\n                    \r\n                    #td_uid_1_69eeddc8aaf3e  .td-doubleSlider-2 .td-item1 {\r\n                        background: url(https:\/\/static.africa-press.net\/niger\/sites\/40\/2024\/03\/sm_1710857442.311967-80x60.jpg) 0 0 no-repeat;\r\n                    }\r\n                <\/style>\r\n\r\n                <div id=\"td_uid_1_69eeddc8aaf3e\" class=\"td-gallery td-slide-on-2-columns\">\r\n                    <div class=\"post_td_gallery\">\r\n                        <div class=\"td-gallery-slide-top\">\r\n                           <div class=\"td-gallery-title\"><\/div>\r\n\r\n                            <div class=\"td-gallery-controls-wrapper\">\r\n                                <div class=\"td-gallery-slide-count\"><span class=\"td-gallery-slide-item-focus\">1<\/span> de 1<\/div>\r\n                                <div class=\"td-gallery-slide-prev-next-but\">\r\n                                    <i class = \"td-icon-left doubleSliderPrevButton\"><\/i>\r\n                                    <i class = \"td-icon-right doubleSliderNextButton\"><\/i>\r\n                                <\/div>\r\n                            <\/div>\r\n                        <\/div>\r\n\r\n                        <div class = \"td-doubleSlider-1 \">\r\n                            <div class = \"td-slider\">\r\n                                \r\n                    <div class = \"td-slide-item td-item1\">\r\n                        <figure class=\"td-slide-galery-figure td-slide-popup-gallery\">\r\n                            <a class=\"slide-gallery-image-link\" href=\"https:\/\/static.africa-press.net\/niger\/sites\/40\/2024\/03\/sm_1710857442.311967.jpg\" title=\"sm_1710857442.311967\"  data-caption=\"\"  data-description=\"\">\r\n                                <img decoding=\"async\" src=\"https:\/\/static.africa-press.net\/niger\/sites\/40\/2024\/03\/sm_1710857442.311967.jpg\" srcset=\"https:\/\/static.africa-press.net\/niger\/sites\/40\/2024\/03\/sm_1710857442.311967.jpg 399w, https:\/\/static.africa-press.net\/niger\/sites\/40\/2024\/03\/sm_1710857442.311967-205x300.jpg 205w\" sizes=\"(max-width: 399px) 100vw, 399px\" alt=\"\">\r\n                            <\/a>\r\n                            \r\n                        <\/figure>\r\n                    <\/div>\r\n                            <\/div>\r\n                        <\/div>\r\n\r\n                        <div class = \"td-doubleSlider-2\">\r\n                            <div class = \"td-slider\">\r\n                                \r\n                    <div class = \"td-button td-item1\">\r\n                        <div class = \"td-border\"><\/div>\r\n                    <\/div>\r\n                            <\/div>\r\n                        <\/div>\r\n\r\n                    <\/div>\r\n\r\n                <\/div>\r\n                \n<p><strong>Pour plus d&rsquo;informations et d&rsquo;analyses sur la <a href=\"https:\/\/www.africa-press.net\/niger\">Niger<\/a>, suivez <a href=\"https:\/\/www.africa-press.net\/\">Africa-Press<\/a><\/strong><\/p>\n","protected":false},"excerpt":{"rendered":"<p>Africa-Press &#8211; Niger. Cre\u0301e\u0301 en 1960, le Poste administratif de N\u2019Gourti a e\u0301te\u0301 e\u0301rige\u0301 en de\u0301partement en 2011. Depuis lors, il a connu le passage de huit (8) pre\u0301fets, le 8e\u0300me e\u0301tant le Capitaine Koraou Issoufou nomme\u0301 le 24 aou\u0302t 2023 suite a\u0300 l\u2019ave\u0300nement du Conseil National pour la Sauvegarde de la Patrie (CNSP) au [&hellip;]<\/p>\n","protected":false},"author":82,"featured_media":60175,"comment_status":"open","ping_status":"closed","sticky":false,"template":"","format":"standard","meta":{"footnotes":""},"categories":[21,8,10],"tags":[55,60,29],"class_list":["post-60176","post","type-post","status-publish","format-standard","has-post-thumbnail","hentry","category-communaute","category-photo","category-toutes-les-actualites","tag-africa-press","tag-africa-press-niger","tag-niger"],"yoast_head":"<!-- This site is optimized with the Yoast SEO Premium plugin v26.1 (Yoast SEO v27.0) - https:\/\/yoast.com\/product\/yoast-seo-premium-wordpress\/ -->\n<title>Diffa : La r\u00e9sidence du pr\u00e9fet enfin s\u00e9curis\u00e9e par un mur de cl\u00f4ture - niger<\/title>\n<meta name=\"description\" content=\"Cre\u0301e\u0301 en 1960, le Poste administratif de N\u2019Gourti a e\u0301te\u0301 e\u0301rige\u0301 en de\u0301partement en 2011. Depuis lors, il a connu l ...\" \/>\n<meta name=\"robots\" content=\"index, follow, max-snippet:-1, max-image-preview:large, max-video-preview:-1\" \/>\n<link rel=\"canonical\" href=\"https:\/\/www.africa-press.net\/niger\/photo\/diffa-la-residence-du-prefet-enfin-securisee-par-un-mur-de-cloture\" \/>\n<meta property=\"og:locale\" content=\"fr_FR\" \/>\n<meta property=\"og:type\" content=\"article\" \/>\n<meta property=\"og:title\" content=\"Diffa : La r\u00e9sidence du pr\u00e9fet enfin s\u00e9curis\u00e9e par un mur de cl\u00f4ture\" \/>\n<meta property=\"og:description\" content=\"Cre\u0301e\u0301 en 1960, le Poste administratif de N\u2019Gourti a e\u0301te\u0301 e\u0301rige\u0301 en de\u0301partement en 2011. Depuis lors, il a connu l ...\" \/>\n<meta property=\"og:url\" content=\"https:\/\/www.africa-press.net\/niger\/photo\/diffa-la-residence-du-prefet-enfin-securisee-par-un-mur-de-cloture\" \/>\n<meta property=\"og:site_name\" content=\"niger\" \/>\n<meta property=\"article:published_time\" content=\"2024-03-19T16:57:53+00:00\" \/>\n<meta property=\"article:modified_time\" content=\"2024-03-19T19:04:59+00:00\" \/>\n<meta property=\"og:image\" content=\"https:\/\/static.africa-press.net\/niger\/sites\/40\/2024\/03\/sm_1710857512.037791.jpg\" \/>\n\t<meta property=\"og:image:width\" content=\"1280\" \/>\n\t<meta property=\"og:image:height\" content=\"720\" \/>\n\t<meta property=\"og:image:type\" content=\"image\/jpeg\" \/>\n<meta name=\"author\" content=\"cfeditorfr\" \/>\n<meta name=\"twitter:card\" content=\"summary_large_image\" \/>\n<meta name=\"twitter:label1\" content=\"\u00c9crit par\" \/>\n\t<meta name=\"twitter:data1\" content=\"cfeditorfr\" \/>\n\t<meta name=\"twitter:label2\" content=\"Dur\u00e9e de lecture estim\u00e9e\" \/>\n\t<meta name=\"twitter:data2\" content=\"3 minutes\" \/>\n<script type=\"application\/ld+json\" class=\"yoast-schema-graph\">{\"@context\":\"https:\/\/schema.org\",\"@graph\":[{\"@type\":\"Article\",\"@id\":\"https:\/\/www.africa-press.net\/niger\/photo\/diffa-la-residence-du-prefet-enfin-securisee-par-un-mur-de-cloture#article\",\"isPartOf\":{\"@id\":\"https:\/\/www.africa-press.net\/niger\/photo\/diffa-la-residence-du-prefet-enfin-securisee-par-un-mur-de-cloture\"},\"author\":{\"name\":\"cfeditorfr\",\"@id\":\"https:\/\/www.africa-press.net\/niger\/#\/schema\/person\/2b1cf3cd81a31e3cd26889ca66d677f1\"},\"headline\":\"Diffa : La r\u00e9sidence du pr\u00e9fet enfin s\u00e9curis\u00e9e par un mur de cl\u00f4ture\",\"datePublished\":\"2024-03-19T16:57:53+00:00\",\"dateModified\":\"2024-03-19T19:04:59+00:00\",\"mainEntityOfPage\":{\"@id\":\"https:\/\/www.africa-press.net\/niger\/photo\/diffa-la-residence-du-prefet-enfin-securisee-par-un-mur-de-cloture\"},\"wordCount\":448,\"commentCount\":0,\"image\":{\"@id\":\"https:\/\/www.africa-press.net\/niger\/photo\/diffa-la-residence-du-prefet-enfin-securisee-par-un-mur-de-cloture#primaryimage\"},\"thumbnailUrl\":\"https:\/\/static.africa-press.net\/niger\/sites\/40\/2024\/03\/sm_1710857512.037791.jpg\",\"keywords\":[\"Africa Press\",\"Africa Press-Niger\",\"Niger\"],\"articleSection\":[\"Communaut\u00e9\",\"Photo\",\"Toutes les actualit\u00e9s\"],\"inLanguage\":\"fr-FR\",\"potentialAction\":[{\"@type\":\"CommentAction\",\"name\":\"Comment\",\"target\":[\"https:\/\/www.africa-press.net\/niger\/photo\/diffa-la-residence-du-prefet-enfin-securisee-par-un-mur-de-cloture#respond\"]}]},{\"@type\":\"WebPage\",\"@id\":\"https:\/\/www.africa-press.net\/niger\/photo\/diffa-la-residence-du-prefet-enfin-securisee-par-un-mur-de-cloture\",\"url\":\"https:\/\/www.africa-press.net\/niger\/photo\/diffa-la-residence-du-prefet-enfin-securisee-par-un-mur-de-cloture\",\"name\":\"Diffa : La r\u00e9sidence du pr\u00e9fet enfin s\u00e9curis\u00e9e par un mur de cl\u00f4ture - niger\",\"isPartOf\":{\"@id\":\"https:\/\/www.africa-press.net\/niger\/#website\"},\"primaryImageOfPage\":{\"@id\":\"https:\/\/www.africa-press.net\/niger\/photo\/diffa-la-residence-du-prefet-enfin-securisee-par-un-mur-de-cloture#primaryimage\"},\"image\":{\"@id\":\"https:\/\/www.africa-press.net\/niger\/photo\/diffa-la-residence-du-prefet-enfin-securisee-par-un-mur-de-cloture#primaryimage\"},\"thumbnailUrl\":\"https:\/\/static.africa-press.net\/niger\/sites\/40\/2024\/03\/sm_1710857512.037791.jpg\",\"datePublished\":\"2024-03-19T16:57:53+00:00\",\"dateModified\":\"2024-03-19T19:04:59+00:00\",\"author\":{\"@id\":\"https:\/\/www.africa-press.net\/niger\/#\/schema\/person\/2b1cf3cd81a31e3cd26889ca66d677f1\"},\"description\":\"Cre\u0301e\u0301 en 1960, le Poste administratif de N\u2019Gourti a e\u0301te\u0301 e\u0301rige\u0301 en de\u0301partement en 2011. Depuis lors, il a connu l ...\",\"breadcrumb\":{\"@id\":\"https:\/\/www.africa-press.net\/niger\/photo\/diffa-la-residence-du-prefet-enfin-securisee-par-un-mur-de-cloture#breadcrumb\"},\"inLanguage\":\"fr-FR\",\"potentialAction\":[{\"@type\":\"ReadAction\",\"target\":[\"https:\/\/www.africa-press.net\/niger\/photo\/diffa-la-residence-du-prefet-enfin-securisee-par-un-mur-de-cloture\"]}]},{\"@type\":\"ImageObject\",\"inLanguage\":\"fr-FR\",\"@id\":\"https:\/\/www.africa-press.net\/niger\/photo\/diffa-la-residence-du-prefet-enfin-securisee-par-un-mur-de-cloture#primaryimage\",\"url\":\"https:\/\/static.africa-press.net\/niger\/sites\/40\/2024\/03\/sm_1710857512.037791.jpg\",\"contentUrl\":\"https:\/\/static.africa-press.net\/niger\/sites\/40\/2024\/03\/sm_1710857512.037791.jpg\",\"width\":1280,\"height\":720,\"caption\":\"Diffa : La r\u00e9sidence du pr\u00e9fet enfin s\u00e9curis\u00e9e par un mur de cl\u00f4ture\"},{\"@type\":\"BreadcrumbList\",\"@id\":\"https:\/\/www.africa-press.net\/niger\/photo\/diffa-la-residence-du-prefet-enfin-securisee-par-un-mur-de-cloture#breadcrumb\",\"itemListElement\":[{\"@type\":\"ListItem\",\"position\":1,\"name\":\"Accueil\",\"item\":\"https:\/\/www.africa-press.net\/niger\/\"},{\"@type\":\"ListItem\",\"position\":2,\"name\":\"Diffa : La r\u00e9sidence du pr\u00e9fet enfin s\u00e9curis\u00e9e par un mur de cl\u00f4ture\"}]},{\"@type\":\"WebSite\",\"@id\":\"https:\/\/www.africa-press.net\/niger\/#website\",\"url\":\"https:\/\/www.africa-press.net\/niger\/\",\"name\":\"niger\",\"description\":\"Just another Africa News Agency Sites site\",\"potentialAction\":[{\"@type\":\"SearchAction\",\"target\":{\"@type\":\"EntryPoint\",\"urlTemplate\":\"https:\/\/www.africa-press.net\/niger\/?s={search_term_string}\"},\"query-input\":{\"@type\":\"PropertyValueSpecification\",\"valueRequired\":true,\"valueName\":\"search_term_string\"}}],\"inLanguage\":\"fr-FR\"},{\"@type\":\"Person\",\"@id\":\"https:\/\/www.africa-press.net\/niger\/#\/schema\/person\/2b1cf3cd81a31e3cd26889ca66d677f1\",\"name\":\"cfeditorfr\"}]}<\/script>\n<!-- \/ Yoast SEO Premium plugin. -->","yoast_head_json":{"title":"Diffa : La r\u00e9sidence du pr\u00e9fet enfin s\u00e9curis\u00e9e par un mur de cl\u00f4ture - niger","description":"Cre\u0301e\u0301 en 1960, le Poste administratif de N\u2019Gourti a e\u0301te\u0301 e\u0301rige\u0301 en de\u0301partement en 2011. Depuis lors, il a connu l ...","robots":{"index":"index","follow":"follow","max-snippet":"max-snippet:-1","max-image-preview":"max-image-preview:large","max-video-preview":"max-video-preview:-1"},"canonical":"https:\/\/www.africa-press.net\/niger\/photo\/diffa-la-residence-du-prefet-enfin-securisee-par-un-mur-de-cloture","og_locale":"fr_FR","og_type":"article","og_title":"Diffa : La r\u00e9sidence du pr\u00e9fet enfin s\u00e9curis\u00e9e par un mur de cl\u00f4ture","og_description":"Cre\u0301e\u0301 en 1960, le Poste administratif de N\u2019Gourti a e\u0301te\u0301 e\u0301rige\u0301 en de\u0301partement en 2011. Depuis lors, il a connu l ...","og_url":"https:\/\/www.africa-press.net\/niger\/photo\/diffa-la-residence-du-prefet-enfin-securisee-par-un-mur-de-cloture","og_site_name":"niger","article_published_time":"2024-03-19T16:57:53+00:00","article_modified_time":"2024-03-19T19:04:59+00:00","og_image":[{"width":1280,"height":720,"url":"https:\/\/static.africa-press.net\/niger\/sites\/40\/2024\/03\/sm_1710857512.037791.jpg","type":"image\/jpeg"}],"author":"cfeditorfr","twitter_card":"summary_large_image","twitter_misc":{"\u00c9crit par":"cfeditorfr","Dur\u00e9e de lecture estim\u00e9e":"3 minutes"},"schema":{"@context":"https:\/\/schema.org","@graph":[{"@type":"Article","@id":"https:\/\/www.africa-press.net\/niger\/photo\/diffa-la-residence-du-prefet-enfin-securisee-par-un-mur-de-cloture#article","isPartOf":{"@id":"https:\/\/www.africa-press.net\/niger\/photo\/diffa-la-residence-du-prefet-enfin-securisee-par-un-mur-de-cloture"},"author":{"name":"cfeditorfr","@id":"https:\/\/www.africa-press.net\/niger\/#\/schema\/person\/2b1cf3cd81a31e3cd26889ca66d677f1"},"headline":"Diffa : La r\u00e9sidence du pr\u00e9fet enfin s\u00e9curis\u00e9e par un mur de cl\u00f4ture","datePublished":"2024-03-19T16:57:53+00:00","dateModified":"2024-03-19T19:04:59+00:00","mainEntityOfPage":{"@id":"https:\/\/www.africa-press.net\/niger\/photo\/diffa-la-residence-du-prefet-enfin-securisee-par-un-mur-de-cloture"},"wordCount":448,"commentCount":0,"image":{"@id":"https:\/\/www.africa-press.net\/niger\/photo\/diffa-la-residence-du-prefet-enfin-securisee-par-un-mur-de-cloture#primaryimage"},"thumbnailUrl":"https:\/\/static.africa-press.net\/niger\/sites\/40\/2024\/03\/sm_1710857512.037791.jpg","keywords":["Africa Press","Africa Press-Niger","Niger"],"articleSection":["Communaut\u00e9","Photo","Toutes les actualit\u00e9s"],"inLanguage":"fr-FR","potentialAction":[{"@type":"CommentAction","name":"Comment","target":["https:\/\/www.africa-press.net\/niger\/photo\/diffa-la-residence-du-prefet-enfin-securisee-par-un-mur-de-cloture#respond"]}]},{"@type":"WebPage","@id":"https:\/\/www.africa-press.net\/niger\/photo\/diffa-la-residence-du-prefet-enfin-securisee-par-un-mur-de-cloture","url":"https:\/\/www.africa-press.net\/niger\/photo\/diffa-la-residence-du-prefet-enfin-securisee-par-un-mur-de-cloture","name":"Diffa : La r\u00e9sidence du pr\u00e9fet enfin s\u00e9curis\u00e9e par un mur de cl\u00f4ture - niger","isPartOf":{"@id":"https:\/\/www.africa-press.net\/niger\/#website"},"primaryImageOfPage":{"@id":"https:\/\/www.africa-press.net\/niger\/photo\/diffa-la-residence-du-prefet-enfin-securisee-par-un-mur-de-cloture#primaryimage"},"image":{"@id":"https:\/\/www.africa-press.net\/niger\/photo\/diffa-la-residence-du-prefet-enfin-securisee-par-un-mur-de-cloture#primaryimage"},"thumbnailUrl":"https:\/\/static.africa-press.net\/niger\/sites\/40\/2024\/03\/sm_1710857512.037791.jpg","datePublished":"2024-03-19T16:57:53+00:00","dateModified":"2024-03-19T19:04:59+00:00","author":{"@id":"https:\/\/www.africa-press.net\/niger\/#\/schema\/person\/2b1cf3cd81a31e3cd26889ca66d677f1"},"description":"Cre\u0301e\u0301 en 1960, le Poste administratif de N\u2019Gourti a e\u0301te\u0301 e\u0301rige\u0301 en de\u0301partement en 2011. Depuis lors, il a connu l ...","breadcrumb":{"@id":"https:\/\/www.africa-press.net\/niger\/photo\/diffa-la-residence-du-prefet-enfin-securisee-par-un-mur-de-cloture#breadcrumb"},"inLanguage":"fr-FR","potentialAction":[{"@type":"ReadAction","target":["https:\/\/www.africa-press.net\/niger\/photo\/diffa-la-residence-du-prefet-enfin-securisee-par-un-mur-de-cloture"]}]},{"@type":"ImageObject","inLanguage":"fr-FR","@id":"https:\/\/www.africa-press.net\/niger\/photo\/diffa-la-residence-du-prefet-enfin-securisee-par-un-mur-de-cloture#primaryimage","url":"https:\/\/static.africa-press.net\/niger\/sites\/40\/2024\/03\/sm_1710857512.037791.jpg","contentUrl":"https:\/\/static.africa-press.net\/niger\/sites\/40\/2024\/03\/sm_1710857512.037791.jpg","width":1280,"height":720,"caption":"Diffa : La r\u00e9sidence du pr\u00e9fet enfin s\u00e9curis\u00e9e par un mur de cl\u00f4ture"},{"@type":"BreadcrumbList","@id":"https:\/\/www.africa-press.net\/niger\/photo\/diffa-la-residence-du-prefet-enfin-securisee-par-un-mur-de-cloture#breadcrumb","itemListElement":[{"@type":"ListItem","position":1,"name":"Accueil","item":"https:\/\/www.africa-press.net\/niger\/"},{"@type":"ListItem","position":2,"name":"Diffa : La r\u00e9sidence du pr\u00e9fet enfin s\u00e9curis\u00e9e par un mur de cl\u00f4ture"}]},{"@type":"WebSite","@id":"https:\/\/www.africa-press.net\/niger\/#website","url":"https:\/\/www.africa-press.net\/niger\/","name":"niger","description":"Just another Africa News Agency Sites site","potentialAction":[{"@type":"SearchAction","target":{"@type":"EntryPoint","urlTemplate":"https:\/\/www.africa-press.net\/niger\/?s={search_term_string}"},"query-input":{"@type":"PropertyValueSpecification","valueRequired":true,"valueName":"search_term_string"}}],"inLanguage":"fr-FR"},{"@type":"Person","@id":"https:\/\/www.africa-press.net\/niger\/#\/schema\/person\/2b1cf3cd81a31e3cd26889ca66d677f1","name":"cfeditorfr"}]}},"_links":{"self":[{"href":"https:\/\/www.africa-press.net\/niger\/wp-json\/wp\/v2\/posts\/60176","targetHints":{"allow":["GET"]}}],"collection":[{"href":"https:\/\/www.africa-press.net\/niger\/wp-json\/wp\/v2\/posts"}],"about":[{"href":"https:\/\/www.africa-press.net\/niger\/wp-json\/wp\/v2\/types\/post"}],"author":[{"embeddable":true,"href":"https:\/\/www.africa-press.net\/niger\/wp-json\/wp\/v2\/users\/82"}],"replies":[{"embeddable":true,"href":"https:\/\/www.africa-press.net\/niger\/wp-json\/wp\/v2\/comments?post=60176"}],"version-history":[{"count":0,"href":"https:\/\/www.africa-press.net\/niger\/wp-json\/wp\/v2\/posts\/60176\/revisions"}],"wp:featuredmedia":[{"embeddable":true,"href":"https:\/\/www.africa-press.net\/niger\/wp-json\/wp\/v2\/media\/60175"}],"wp:attachment":[{"href":"https:\/\/www.africa-press.net\/niger\/wp-json\/wp\/v2\/media?parent=60176"}],"wp:term":[{"taxonomy":"category","embeddable":true,"href":"https:\/\/www.africa-press.net\/niger\/wp-json\/wp\/v2\/categories?post=60176"},{"taxonomy":"post_tag","embeddable":true,"href":"https:\/\/www.africa-press.net\/niger\/wp-json\/wp\/v2\/tags?post=60176"}],"curies":[{"name":"wp","href":"https:\/\/api.w.org\/{rel}","templated":true}]}}