{"id":60188,"date":"2024-03-19T17:05:29","date_gmt":"2024-03-19T17:05:29","guid":{"rendered":"https:\/\/www.africa-press.net\/niger\/politique\/le-gouvernement-veut-mettre-de-lordre-dans-le-secteur-des-ong-et-associations-dans-le-pays"},"modified":"2024-03-19T19:08:54","modified_gmt":"2024-03-19T19:08:54","slug":"le-gouvernement-veut-mettre-de-lordre-dans-le-secteur-des-ong-et-associations-dans-le-pays","status":"publish","type":"post","link":"https:\/\/www.africa-press.net\/niger\/politique\/le-gouvernement-veut-mettre-de-lordre-dans-le-secteur-des-ong-et-associations-dans-le-pays","title":{"rendered":"Le gouvernement veut mettre de l\u2019ordre dans le secteur des ONG et associations dans le pays"},"content":{"rendered":"<p><span style=\"color: #ff6600\"><strong>Africa-Press &#8211; Niger. <\/strong><\/span>Le Secre\u0301taire Ge\u0301ne\u0301ral du Ministe\u0300re de l\u2019Inte\u0301rieur, de la Se\u0301curite\u0301 publique et de l\u2019Administration du territoire, M. Samaila Idi Dan Bouzou a, au cours d\u2019un point de presse anime\u0301 dans la matine\u0301e de ce mardi 19 mars 2024 dans les locaux dudit ministe\u0300re, annonce\u0301 que le gouvernement entend mettre de l\u2019ordre dans le secteur des ONG et associations en sanctionnant de\u0301sormais celles qui ne respectent pas les normes de leur mission.<\/p>\n<p>Dans son mot introductif, le secre\u0301taire ge\u0301ne\u0301ral du ministe\u0300re de l\u2019inte\u0301rieur a indique\u0301 qu\u2019une des raisons qui justifient la tenue de ce point de presse sur le fonctionnement des ONG et Associations de De\u0301veloppement (AD) au Niger est la question se\u0301curitaire qui ne\u0301cessite un recadrage de ces organisations pour \u2018\u2019qu\u2019elles puissent ve\u0301ritablement accompagner les autorite\u0301s actuelles a\u0300 re\u0301ussir leur mission en matie\u0300re de se\u0301curite\u0301 mais aussi du de\u0301veloppement, car les objectifs de ces ONG et AD, c\u2019est non seulement la question du de\u0301veloppement des populations, mais aussi, le renforcement de la se\u0301curite\u0301 car il y a des ONG qui accompagnent l\u2019Etat, me\u0302me si c\u2019est a\u0300 travers des sensibilisations, a\u0300 l\u2019endroit de la population, dans le cadre du maintien de la paix et de la se\u0301curite\u0301 sur le territoire\u2019\u2019.<\/p>\n<p>Cependant, a-t-il releve\u0301, des \u2018\u2019difficulte\u0301s que ces structures cre\u0301ent dans le fonctionnement de l\u2019Etat\u2019\u2019 ne\u0301cessitant \u2018\u2019d\u2019avoir des e\u0301changes sur les solutions afin d\u2019y reme\u0301dier et de recadrer les deux types d\u2019ONG existant au Niger, nationales et internationales, afin que chacune de ces deux cate\u0301gories \u0153uvre en lien avec le contexte actuel car elles ont le devoir d\u2019e\u0302tre en harmonie avec les nouvelles autorite\u0301s\u2019\u2019.<\/p>\n<p>Les ONG, selon toujours le SG, \u2018\u2019ont un ro\u0302le de comple\u0301mentarite\u0301 vis-a\u0300-vis des actions publiques de l\u2019Etat, tout en renforc\u0327ant la liberte\u0301, l\u2019unite\u0301 et la solidarite\u0301 entre les citoyens, et c\u2019est pourquoi, le ministe\u0300re de l\u2019inte\u0301rieur qui a en me\u0302me temps la mission de cre\u0301er et suivre le fonctionnement des ONG a les yeux ouverts sur ce qu\u2019ils font et gra\u0302ce au contro\u0302le mene\u0301, il s\u2019est ave\u0301re\u0301 qu\u2019il y a un certain nombre d\u2019insuffisance dont il est important de partager avec la population\u2019\u2019.<\/p>\n<p>A cet effet, il a tenu a\u0300 souligner certaines insuffisances parmi lesquelles on peut noter \u2018\u2019les comportements ne\u0301gatifs de certains ONG dont le faible alignement aux politiques nationales, re\u0301gionales ou locales\u2019\u2019 tout en rappelant a\u0300 ces ONG, qu\u2019elles soient nationales ou e\u0301trange\u0300res, de s\u2019aligner aux politiques de l\u2019Etat.<\/p>\n<p>Parmi les faiblesses, il a aussi rappele\u0301 non seulement \u2018\u2019le non-respect de la transparence et de redevabilite\u0301 dans la recherche de financements que ces ONG mobilisent aupre\u0300s des partenaires mais aussi la mauvaise re\u0301partition de ces ONG sur le territoire cre\u0301ant un de\u0301se\u0301quilibre de\u0301laissant ainsi certaines zones au de\u0301triment des autres\u2019\u2019.<\/p>\n<p>\u2018\u2019Des sanctions ont e\u0301te\u0301 pre\u0301vues a\u0300 l\u2019endroit de toutes ces ONG qui ne respectent pas les normes de leurs propres missions\u2019\u2019 a averti le SG selon qui, il est pre\u0301vu entre autres, \u2018\u2019le retrait pur et simple de l\u2019autorisation qui leur a e\u0301te\u0301 donne\u0301e, une poursuite pe\u0301nale civile et autre, le blocage ou la suspension de toute activite\u0301 de ces ONG et associations\u2019\u2019.<\/p>\n<p>Pour se faire, \u2018\u2019le ministe\u0300re a de\u0301ploye\u0301 tous les moyens officiels pour s\u2019informer afin de savoir ce que font concre\u0300tement les ONG sur le terrain quotidiennement\u2019\u2019 a poursuivi M. Dan Bouzou qui a annonce\u0301 que le Ministre d\u2019Etat a instruit l\u2019ensemble des structures en charge de la question d\u2019e\u0302tre tre\u0300s regardant a\u0300 ce que font ces ONG au quotidien\u2019\u2019 indiquant que \u2018\u2019ce contro\u0302le de proximite\u0301 a pour soucis de de\u0301nicher les irre\u0301gularite\u0301s et de faire suivre les sanctions approprie\u0301es qui ont e\u0301te\u0301 pre\u0301vues par les textes en vigueur\u2019\u2019.<\/p>\n<p>Par ailleurs, \u2018\u2019il est e\u0301galement important de rappeler que les re\u0301flexions continuent et des solutions sont en train d\u2019e\u0302tre pre\u0301conise\u0301es pour une bonne collaboration avec les ONG et AD parmi lesquelles la formalisation d\u2019un cadre de concertation entre l\u2019Etat, les ONG et les partenaires techniques et financiers pour savoir ce qui se fait dans le monde des ONG et associations\u2019\u2019.<\/p>\n<p>En ce qui concerne l\u2019alignement, \u2018\u2019le ministe\u0300re conside\u0300re que la force d\u2019une ONG de de\u0301veloppement, c\u2019est de s\u2019aligner a\u0300 la politique nationale\u2019\u2019 a explique\u0301 le SG tout en annonc\u0327ant la cre\u0301ation d\u2019une plateforme digitale des ONG pour avoir la visibilite\u0301 sur le fonctionnement des ONG\u2019\u2019.<\/p>\n<p>Aussi, \u2018\u2019le ministe\u0300re rappelle aux ONG une des obligations qui est de faire le rapport de leurs activite\u0301s tout en respectant le de\u0301lai et annonce la cre\u0301ation d\u2019une maison des ONG qui est en court pour permettre d\u2019avoir un organe qui ne s\u2019occuperait que de ces associations au regard de l\u2019importance qu\u2019elles sont en train de prendre au Niger mais e\u0301galement de l\u2019avantage qu\u2019elles cre\u0301ent en matie\u0300re de cre\u0301ation de l\u2019emploi des jeunes\u2019\u2019 a-t-il souligne\u0301.<\/p>\n<p>Enfin, le SG Samaila Idi Dan Bouzou a exhorte\u0301 les ONG a\u0300 prendre la mesure du contexte actuel pour rester tranquilles et sur la base de leur mission car \u2018\u2019le Chef de l\u2019Etat me\u0300ne des efforts extraordinaires pour assurer la paix sur l\u2019ensemble du territoire national et tout ONG ne pouvant pas aller dans ce sens, n\u2019a plus de raison d\u2019e\u0302tre au Niger\u2019\u2019.<\/p>\n<p><strong>Pour plus d&rsquo;informations et d&rsquo;analyses sur la <a href=\"https:\/\/www.africa-press.net\/niger\">Niger<\/a>, suivez <a href=\"https:\/\/www.africa-press.net\/\">Africa-Press<\/a><\/strong><\/p>\n","protected":false},"excerpt":{"rendered":"<p>Africa-Press &#8211; Niger. Le Secre\u0301taire Ge\u0301ne\u0301ral du Ministe\u0300re de l\u2019Inte\u0301rieur, de la Se\u0301curite\u0301 publique et de l\u2019Administration du territoire, M. Samaila Idi Dan Bouzou a, au cours d\u2019un point de presse anime\u0301 dans la matine\u0301e de ce mardi 19 mars 2024 dans les locaux dudit ministe\u0300re, annonce\u0301 que le gouvernement entend mettre de l\u2019ordre dans [&hellip;]<\/p>\n","protected":false},"author":82,"featured_media":60187,"comment_status":"open","ping_status":"closed","sticky":false,"template":"","format":"standard","meta":{"footnotes":""},"categories":[2,10],"tags":[55,60,29],"class_list":["post-60188","post","type-post","status-publish","format-standard","has-post-thumbnail","hentry","category-politique","category-toutes-les-actualites","tag-africa-press","tag-africa-press-niger","tag-niger"],"yoast_head":"<!-- This site is optimized with the Yoast SEO Premium plugin v26.1 (Yoast SEO v27.0) - https:\/\/yoast.com\/product\/yoast-seo-premium-wordpress\/ -->\n<title>Le gouvernement veut mettre de l\u2019ordre dans le secteur des ONG et associations dans le pays - niger<\/title>\n<meta name=\"description\" content=\"Le Secre\u0301taire Ge\u0301ne\u0301ral du Ministe\u0300re de l\u2019Inte\u0301rieur, de la Se\u0301curite\u0301 publique et de l\u2019Administration du territoire, ...\" \/>\n<meta name=\"robots\" content=\"index, follow, max-snippet:-1, max-image-preview:large, max-video-preview:-1\" \/>\n<link rel=\"canonical\" href=\"https:\/\/www.africa-press.net\/niger\/politique\/le-gouvernement-veut-mettre-de-lordre-dans-le-secteur-des-ong-et-associations-dans-le-pays\" \/>\n<meta property=\"og:locale\" content=\"fr_FR\" \/>\n<meta property=\"og:type\" content=\"article\" \/>\n<meta property=\"og:title\" content=\"Le gouvernement veut mettre de l\u2019ordre dans le secteur des ONG et associations dans le pays\" \/>\n<meta property=\"og:description\" content=\"Le Secre\u0301taire Ge\u0301ne\u0301ral du Ministe\u0300re de l\u2019Inte\u0301rieur, de la Se\u0301curite\u0301 publique et de l\u2019Administration du territoire, ...\" \/>\n<meta property=\"og:url\" content=\"https:\/\/www.africa-press.net\/niger\/politique\/le-gouvernement-veut-mettre-de-lordre-dans-le-secteur-des-ong-et-associations-dans-le-pays\" \/>\n<meta property=\"og:site_name\" content=\"niger\" \/>\n<meta property=\"article:published_time\" content=\"2024-03-19T17:05:29+00:00\" \/>\n<meta property=\"article:modified_time\" content=\"2024-03-19T19:08:54+00:00\" \/>\n<meta property=\"og:image\" content=\"https:\/\/static.africa-press.net\/niger\/sites\/40\/2024\/03\/sm_1710857803.826554.jpg\" \/>\n\t<meta property=\"og:image:width\" content=\"1728\" \/>\n\t<meta property=\"og:image:height\" content=\"1153\" \/>\n\t<meta property=\"og:image:type\" content=\"image\/jpeg\" \/>\n<meta name=\"author\" content=\"cfeditorfr\" \/>\n<meta name=\"twitter:card\" content=\"summary_large_image\" \/>\n<meta name=\"twitter:label1\" content=\"\u00c9crit par\" \/>\n\t<meta name=\"twitter:data1\" content=\"cfeditorfr\" \/>\n\t<meta name=\"twitter:label2\" content=\"Dur\u00e9e de lecture estim\u00e9e\" \/>\n\t<meta name=\"twitter:data2\" content=\"5 minutes\" \/>\n<script type=\"application\/ld+json\" class=\"yoast-schema-graph\">{\"@context\":\"https:\/\/schema.org\",\"@graph\":[{\"@type\":\"Article\",\"@id\":\"https:\/\/www.africa-press.net\/niger\/politique\/le-gouvernement-veut-mettre-de-lordre-dans-le-secteur-des-ong-et-associations-dans-le-pays#article\",\"isPartOf\":{\"@id\":\"https:\/\/www.africa-press.net\/niger\/politique\/le-gouvernement-veut-mettre-de-lordre-dans-le-secteur-des-ong-et-associations-dans-le-pays\"},\"author\":{\"name\":\"cfeditorfr\",\"@id\":\"https:\/\/www.africa-press.net\/niger\/#\/schema\/person\/2b1cf3cd81a31e3cd26889ca66d677f1\"},\"headline\":\"Le gouvernement veut mettre de l\u2019ordre dans le secteur des ONG et associations dans le pays\",\"datePublished\":\"2024-03-19T17:05:29+00:00\",\"dateModified\":\"2024-03-19T19:08:54+00:00\",\"mainEntityOfPage\":{\"@id\":\"https:\/\/www.africa-press.net\/niger\/politique\/le-gouvernement-veut-mettre-de-lordre-dans-le-secteur-des-ong-et-associations-dans-le-pays\"},\"wordCount\":1016,\"commentCount\":0,\"image\":{\"@id\":\"https:\/\/www.africa-press.net\/niger\/politique\/le-gouvernement-veut-mettre-de-lordre-dans-le-secteur-des-ong-et-associations-dans-le-pays#primaryimage\"},\"thumbnailUrl\":\"https:\/\/static.africa-press.net\/niger\/sites\/40\/2024\/03\/sm_1710857803.826554.jpg\",\"keywords\":[\"Africa Press\",\"Africa Press-Niger\",\"Niger\"],\"articleSection\":[\"Politique\",\"Toutes les actualit\u00e9s\"],\"inLanguage\":\"fr-FR\",\"potentialAction\":[{\"@type\":\"CommentAction\",\"name\":\"Comment\",\"target\":[\"https:\/\/www.africa-press.net\/niger\/politique\/le-gouvernement-veut-mettre-de-lordre-dans-le-secteur-des-ong-et-associations-dans-le-pays#respond\"]}]},{\"@type\":\"WebPage\",\"@id\":\"https:\/\/www.africa-press.net\/niger\/politique\/le-gouvernement-veut-mettre-de-lordre-dans-le-secteur-des-ong-et-associations-dans-le-pays\",\"url\":\"https:\/\/www.africa-press.net\/niger\/politique\/le-gouvernement-veut-mettre-de-lordre-dans-le-secteur-des-ong-et-associations-dans-le-pays\",\"name\":\"Le gouvernement veut mettre de l\u2019ordre dans le secteur des ONG et associations dans le pays - niger\",\"isPartOf\":{\"@id\":\"https:\/\/www.africa-press.net\/niger\/#website\"},\"primaryImageOfPage\":{\"@id\":\"https:\/\/www.africa-press.net\/niger\/politique\/le-gouvernement-veut-mettre-de-lordre-dans-le-secteur-des-ong-et-associations-dans-le-pays#primaryimage\"},\"image\":{\"@id\":\"https:\/\/www.africa-press.net\/niger\/politique\/le-gouvernement-veut-mettre-de-lordre-dans-le-secteur-des-ong-et-associations-dans-le-pays#primaryimage\"},\"thumbnailUrl\":\"https:\/\/static.africa-press.net\/niger\/sites\/40\/2024\/03\/sm_1710857803.826554.jpg\",\"datePublished\":\"2024-03-19T17:05:29+00:00\",\"dateModified\":\"2024-03-19T19:08:54+00:00\",\"author\":{\"@id\":\"https:\/\/www.africa-press.net\/niger\/#\/schema\/person\/2b1cf3cd81a31e3cd26889ca66d677f1\"},\"description\":\"Le Secre\u0301taire Ge\u0301ne\u0301ral du Ministe\u0300re de l\u2019Inte\u0301rieur, de la Se\u0301curite\u0301 publique et de l\u2019Administration du territoire, ...\",\"breadcrumb\":{\"@id\":\"https:\/\/www.africa-press.net\/niger\/politique\/le-gouvernement-veut-mettre-de-lordre-dans-le-secteur-des-ong-et-associations-dans-le-pays#breadcrumb\"},\"inLanguage\":\"fr-FR\",\"potentialAction\":[{\"@type\":\"ReadAction\",\"target\":[\"https:\/\/www.africa-press.net\/niger\/politique\/le-gouvernement-veut-mettre-de-lordre-dans-le-secteur-des-ong-et-associations-dans-le-pays\"]}]},{\"@type\":\"ImageObject\",\"inLanguage\":\"fr-FR\",\"@id\":\"https:\/\/www.africa-press.net\/niger\/politique\/le-gouvernement-veut-mettre-de-lordre-dans-le-secteur-des-ong-et-associations-dans-le-pays#primaryimage\",\"url\":\"https:\/\/static.africa-press.net\/niger\/sites\/40\/2024\/03\/sm_1710857803.826554.jpg\",\"contentUrl\":\"https:\/\/static.africa-press.net\/niger\/sites\/40\/2024\/03\/sm_1710857803.826554.jpg\",\"width\":1728,\"height\":1153,\"caption\":\"Le gouvernement veut mettre de l\u2019ordre dans le secteur des ONG et associations dans le pays\"},{\"@type\":\"BreadcrumbList\",\"@id\":\"https:\/\/www.africa-press.net\/niger\/politique\/le-gouvernement-veut-mettre-de-lordre-dans-le-secteur-des-ong-et-associations-dans-le-pays#breadcrumb\",\"itemListElement\":[{\"@type\":\"ListItem\",\"position\":1,\"name\":\"Accueil\",\"item\":\"https:\/\/www.africa-press.net\/niger\/\"},{\"@type\":\"ListItem\",\"position\":2,\"name\":\"Le gouvernement veut mettre de l\u2019ordre dans le secteur des ONG et associations dans le pays\"}]},{\"@type\":\"WebSite\",\"@id\":\"https:\/\/www.africa-press.net\/niger\/#website\",\"url\":\"https:\/\/www.africa-press.net\/niger\/\",\"name\":\"niger\",\"description\":\"Just another Africa News Agency Sites site\",\"potentialAction\":[{\"@type\":\"SearchAction\",\"target\":{\"@type\":\"EntryPoint\",\"urlTemplate\":\"https:\/\/www.africa-press.net\/niger\/?s={search_term_string}\"},\"query-input\":{\"@type\":\"PropertyValueSpecification\",\"valueRequired\":true,\"valueName\":\"search_term_string\"}}],\"inLanguage\":\"fr-FR\"},{\"@type\":\"Person\",\"@id\":\"https:\/\/www.africa-press.net\/niger\/#\/schema\/person\/2b1cf3cd81a31e3cd26889ca66d677f1\",\"name\":\"cfeditorfr\"}]}<\/script>\n<!-- \/ Yoast SEO Premium plugin. -->","yoast_head_json":{"title":"Le gouvernement veut mettre de l\u2019ordre dans le secteur des ONG et associations dans le pays - niger","description":"Le Secre\u0301taire Ge\u0301ne\u0301ral du Ministe\u0300re de l\u2019Inte\u0301rieur, de la Se\u0301curite\u0301 publique et de l\u2019Administration du territoire, ...","robots":{"index":"index","follow":"follow","max-snippet":"max-snippet:-1","max-image-preview":"max-image-preview:large","max-video-preview":"max-video-preview:-1"},"canonical":"https:\/\/www.africa-press.net\/niger\/politique\/le-gouvernement-veut-mettre-de-lordre-dans-le-secteur-des-ong-et-associations-dans-le-pays","og_locale":"fr_FR","og_type":"article","og_title":"Le gouvernement veut mettre de l\u2019ordre dans le secteur des ONG et associations dans le pays","og_description":"Le Secre\u0301taire Ge\u0301ne\u0301ral du Ministe\u0300re de l\u2019Inte\u0301rieur, de la Se\u0301curite\u0301 publique et de l\u2019Administration du territoire, ...","og_url":"https:\/\/www.africa-press.net\/niger\/politique\/le-gouvernement-veut-mettre-de-lordre-dans-le-secteur-des-ong-et-associations-dans-le-pays","og_site_name":"niger","article_published_time":"2024-03-19T17:05:29+00:00","article_modified_time":"2024-03-19T19:08:54+00:00","og_image":[{"width":1728,"height":1153,"url":"https:\/\/static.africa-press.net\/niger\/sites\/40\/2024\/03\/sm_1710857803.826554.jpg","type":"image\/jpeg"}],"author":"cfeditorfr","twitter_card":"summary_large_image","twitter_misc":{"\u00c9crit par":"cfeditorfr","Dur\u00e9e de lecture estim\u00e9e":"5 minutes"},"schema":{"@context":"https:\/\/schema.org","@graph":[{"@type":"Article","@id":"https:\/\/www.africa-press.net\/niger\/politique\/le-gouvernement-veut-mettre-de-lordre-dans-le-secteur-des-ong-et-associations-dans-le-pays#article","isPartOf":{"@id":"https:\/\/www.africa-press.net\/niger\/politique\/le-gouvernement-veut-mettre-de-lordre-dans-le-secteur-des-ong-et-associations-dans-le-pays"},"author":{"name":"cfeditorfr","@id":"https:\/\/www.africa-press.net\/niger\/#\/schema\/person\/2b1cf3cd81a31e3cd26889ca66d677f1"},"headline":"Le gouvernement veut mettre de l\u2019ordre dans le secteur des ONG et associations dans le pays","datePublished":"2024-03-19T17:05:29+00:00","dateModified":"2024-03-19T19:08:54+00:00","mainEntityOfPage":{"@id":"https:\/\/www.africa-press.net\/niger\/politique\/le-gouvernement-veut-mettre-de-lordre-dans-le-secteur-des-ong-et-associations-dans-le-pays"},"wordCount":1016,"commentCount":0,"image":{"@id":"https:\/\/www.africa-press.net\/niger\/politique\/le-gouvernement-veut-mettre-de-lordre-dans-le-secteur-des-ong-et-associations-dans-le-pays#primaryimage"},"thumbnailUrl":"https:\/\/static.africa-press.net\/niger\/sites\/40\/2024\/03\/sm_1710857803.826554.jpg","keywords":["Africa Press","Africa Press-Niger","Niger"],"articleSection":["Politique","Toutes les actualit\u00e9s"],"inLanguage":"fr-FR","potentialAction":[{"@type":"CommentAction","name":"Comment","target":["https:\/\/www.africa-press.net\/niger\/politique\/le-gouvernement-veut-mettre-de-lordre-dans-le-secteur-des-ong-et-associations-dans-le-pays#respond"]}]},{"@type":"WebPage","@id":"https:\/\/www.africa-press.net\/niger\/politique\/le-gouvernement-veut-mettre-de-lordre-dans-le-secteur-des-ong-et-associations-dans-le-pays","url":"https:\/\/www.africa-press.net\/niger\/politique\/le-gouvernement-veut-mettre-de-lordre-dans-le-secteur-des-ong-et-associations-dans-le-pays","name":"Le gouvernement veut mettre de l\u2019ordre dans le secteur des ONG et associations dans le pays - niger","isPartOf":{"@id":"https:\/\/www.africa-press.net\/niger\/#website"},"primaryImageOfPage":{"@id":"https:\/\/www.africa-press.net\/niger\/politique\/le-gouvernement-veut-mettre-de-lordre-dans-le-secteur-des-ong-et-associations-dans-le-pays#primaryimage"},"image":{"@id":"https:\/\/www.africa-press.net\/niger\/politique\/le-gouvernement-veut-mettre-de-lordre-dans-le-secteur-des-ong-et-associations-dans-le-pays#primaryimage"},"thumbnailUrl":"https:\/\/static.africa-press.net\/niger\/sites\/40\/2024\/03\/sm_1710857803.826554.jpg","datePublished":"2024-03-19T17:05:29+00:00","dateModified":"2024-03-19T19:08:54+00:00","author":{"@id":"https:\/\/www.africa-press.net\/niger\/#\/schema\/person\/2b1cf3cd81a31e3cd26889ca66d677f1"},"description":"Le Secre\u0301taire Ge\u0301ne\u0301ral du Ministe\u0300re de l\u2019Inte\u0301rieur, de la Se\u0301curite\u0301 publique et de l\u2019Administration du territoire, ...","breadcrumb":{"@id":"https:\/\/www.africa-press.net\/niger\/politique\/le-gouvernement-veut-mettre-de-lordre-dans-le-secteur-des-ong-et-associations-dans-le-pays#breadcrumb"},"inLanguage":"fr-FR","potentialAction":[{"@type":"ReadAction","target":["https:\/\/www.africa-press.net\/niger\/politique\/le-gouvernement-veut-mettre-de-lordre-dans-le-secteur-des-ong-et-associations-dans-le-pays"]}]},{"@type":"ImageObject","inLanguage":"fr-FR","@id":"https:\/\/www.africa-press.net\/niger\/politique\/le-gouvernement-veut-mettre-de-lordre-dans-le-secteur-des-ong-et-associations-dans-le-pays#primaryimage","url":"https:\/\/static.africa-press.net\/niger\/sites\/40\/2024\/03\/sm_1710857803.826554.jpg","contentUrl":"https:\/\/static.africa-press.net\/niger\/sites\/40\/2024\/03\/sm_1710857803.826554.jpg","width":1728,"height":1153,"caption":"Le gouvernement veut mettre de l\u2019ordre dans le secteur des ONG et associations dans le pays"},{"@type":"BreadcrumbList","@id":"https:\/\/www.africa-press.net\/niger\/politique\/le-gouvernement-veut-mettre-de-lordre-dans-le-secteur-des-ong-et-associations-dans-le-pays#breadcrumb","itemListElement":[{"@type":"ListItem","position":1,"name":"Accueil","item":"https:\/\/www.africa-press.net\/niger\/"},{"@type":"ListItem","position":2,"name":"Le gouvernement veut mettre de l\u2019ordre dans le secteur des ONG et associations dans le pays"}]},{"@type":"WebSite","@id":"https:\/\/www.africa-press.net\/niger\/#website","url":"https:\/\/www.africa-press.net\/niger\/","name":"niger","description":"Just another Africa News Agency Sites site","potentialAction":[{"@type":"SearchAction","target":{"@type":"EntryPoint","urlTemplate":"https:\/\/www.africa-press.net\/niger\/?s={search_term_string}"},"query-input":{"@type":"PropertyValueSpecification","valueRequired":true,"valueName":"search_term_string"}}],"inLanguage":"fr-FR"},{"@type":"Person","@id":"https:\/\/www.africa-press.net\/niger\/#\/schema\/person\/2b1cf3cd81a31e3cd26889ca66d677f1","name":"cfeditorfr"}]}},"_links":{"self":[{"href":"https:\/\/www.africa-press.net\/niger\/wp-json\/wp\/v2\/posts\/60188","targetHints":{"allow":["GET"]}}],"collection":[{"href":"https:\/\/www.africa-press.net\/niger\/wp-json\/wp\/v2\/posts"}],"about":[{"href":"https:\/\/www.africa-press.net\/niger\/wp-json\/wp\/v2\/types\/post"}],"author":[{"embeddable":true,"href":"https:\/\/www.africa-press.net\/niger\/wp-json\/wp\/v2\/users\/82"}],"replies":[{"embeddable":true,"href":"https:\/\/www.africa-press.net\/niger\/wp-json\/wp\/v2\/comments?post=60188"}],"version-history":[{"count":0,"href":"https:\/\/www.africa-press.net\/niger\/wp-json\/wp\/v2\/posts\/60188\/revisions"}],"wp:featuredmedia":[{"embeddable":true,"href":"https:\/\/www.africa-press.net\/niger\/wp-json\/wp\/v2\/media\/60187"}],"wp:attachment":[{"href":"https:\/\/www.africa-press.net\/niger\/wp-json\/wp\/v2\/media?parent=60188"}],"wp:term":[{"taxonomy":"category","embeddable":true,"href":"https:\/\/www.africa-press.net\/niger\/wp-json\/wp\/v2\/categories?post=60188"},{"taxonomy":"post_tag","embeddable":true,"href":"https:\/\/www.africa-press.net\/niger\/wp-json\/wp\/v2\/tags?post=60188"}],"curies":[{"name":"wp","href":"https:\/\/api.w.org\/{rel}","templated":true}]}}