{"id":60191,"date":"2024-03-19T16:57:09","date_gmt":"2024-03-19T16:57:09","guid":{"rendered":"https:\/\/www.africa-press.net\/niger\/politique\/entretien-avec-lambassadeur-de-turkiye-au-niger-en-visite-a-agadez-la-priorite-du-niger-daujourdhui-ce-ne-sont-pas-les-aides-mais-plutot-le-developpement-des-capac"},"modified":"2024-03-19T16:57:09","modified_gmt":"2024-03-19T16:57:09","slug":"entretien-avec-lambassadeur-de-turkiye-au-niger-en-visite-a-agadez-la-priorite-du-niger-daujourdhui-ce-ne-sont-pas-les-aides-mais-plutot-le-developpement-des-capac","status":"publish","type":"post","link":"https:\/\/www.africa-press.net\/niger\/politique\/entretien-avec-lambassadeur-de-turkiye-au-niger-en-visite-a-agadez-la-priorite-du-niger-daujourdhui-ce-ne-sont-pas-les-aides-mais-plutot-le-developpement-des-capac","title":{"rendered":"Entretien avec l\u2019Ambassadeur de T\u00fcrkiye au Niger en visite \u00e0 Agadez : \u00ab La priorit\u00e9 du Niger d\u2019aujourd\u2019hui ce ne sont pas les aides, mais plut\u00f4t le d\u00e9veloppement des capacit\u00e9s de production et d\u2019investissements, Nous devons aussi, de notre c\u00f4t\u00e9 (\u2026) accompagner ce besoin \u00bb, a d\u00e9clar\u00e9 SEM Ozg\u00fcr \u00c7inar \u00e0 l\u2019issue de sa visite"},"content":{"rendered":"<p><span style=\"color: #ff6600\"><strong>Africa-Press &#8211; Niger. <\/strong><\/span><b>Apre\u0300s un se\u0301jour de 48 heures dans la capitale de l\u2019Ai\u0308r, Agadez, l\u2019ambassadeur de la Re\u0301publique de Tu\u0308rkiye au Niger, SE Ozgu\u0308r C\u0327inar est revenu sur la re\u0301cente redynamisation de la coope\u0301ration entre son pays et le Niger, en ge\u0301ne\u0301ral, et avec la ville d\u2019Agadez en particulier, cela dans plusieurs secteurs d\u2019activite\u0301s. Il a e\u0301galement profite\u0301 de son passage dans la re\u0301gion pour donner sa vision des futures actions de coope\u0301ration entre les deux peuples fre\u0300res et entre leurs pays qui font face au terrorisme alimente\u0301 par des forces obscures. Pour rappel, la visite de l\u2019ambassadeur s\u2019est de\u0301roule\u0301e en pleine canicule qui s\u2019est abattue sur la ville d\u2019Agadez en ce de\u0301but de Ramadan.<\/b><br \/>\n<b>Monsieur l\u2019ambassadeur, apre\u0300s 48h de visite dans l\u2019Ai\u0308r qui vous a conduit sur les sites d\u2019activite\u0301s de la Tika et au niveau des monuments historiques et touristiques de la ville, quelles sont vos impressions ?<\/b><\/p>\n<p>On a choisi cette date pour la visite pour qu\u2019elle coi\u0308ncide avec le mois be\u0301ni de Ramadan. On a voulu venir ici, a\u0300 Agadez en ce moment pour partager quelques jours avec les populations qui sont des fre\u0300res et amis. C\u2019est aussi pour voir l\u2019e\u0301tat de la mise en \u0153uvre au niveau de nos projets de coope\u0301ration. Il s\u2019agit de faire des constats et de re\u0301fle\u0301chir en vue de de\u0301velopper de nouvelles ide\u0301es et mettre en \u0153uvre de nouveaux projets. C\u2019est une ville a\u0300 laquelle nous tenons beaucoup et qui verra naitre de nouveaux projets de coope\u0301ration.<\/p>\n<p>A l\u2019occasion de cette visite, j\u2019ai eu la possibilite\u0301 de rendre visite aux autorite\u0301s locales, notamment le Gouverneur, le Sultan de l\u2019Ai\u0308r et le maire de la Commune urbaine d\u2019Agadez. Nous travaillons sur des projets de coope\u0301ration. J\u2019ai eu aussi une rencontre avec le Conseil Re\u0301gional de la Jeunesse et une autre avec des femmes entrepreneures. J\u2019ai eu a\u0300 visiter des me\u0301dias locaux et j\u2019ai eu l\u2019opportunite\u0301 de participer a\u0300 une diffusion, en direct, dans une radio.<\/p>\n<p>Tous ces contacts et ces entretiens nous ont donne\u0301 des ide\u0301es encore plus encourageantes parce que nous avons vu qu\u2019ici, nous avons des choses a\u0300 faire ensemble, comme nous l\u2019avions fait jusqu\u2019aujourd\u2019hui. Pour les anne\u0301es a\u0300 venir, bien su\u0302r on va continuer a\u0300 travailler. Mais, ce qui est rassurant pour moi, c\u2019est de voir que tous nos interlocuteurs partagent une vision commune avec nous, surtout en ce qui concerne le de\u0301veloppement de la capacite\u0301 de production dans toute la re\u0301gion en ge\u0301ne\u0301ral, et dans la ville d\u2019Agadez en particulier, en commenc\u0327ant par l\u2019agriculture.<\/p>\n<p>Aujourd\u2019hui, on a eu l\u2019opportunite\u0301 de visiter quelques projets qu\u2019on a commence\u0301 ici avec le Maire, et il s\u2019agit des e\u0301quipements, des forages qui seront prochainement utilise\u0301s pour l\u2019irrigation afin d\u2019augmenter les capacite\u0301s agricoles. Ceci parce que nous croyons que la production agricole, c\u2019est l\u2019un des moteurs de l\u2019e\u0301conomie. Dans tous les domaines nos relations bilate\u0301rales sont excellentes et nous allons bien su\u0302r les faire prospe\u0301rer dans plusieurs autres re\u0301gions du Niger, y compris Agadez.<\/p>\n<p>Comme vous le savez, entre la Tu\u0308rkiye et cette ville (Agadez) il y a des relations et des liens historiques. A ce titre nous avions eu l\u2019opportunite\u0301 de retourner au Sultanat pour voir les manuscrits qui constituent des documents importants, des archives d\u2019une valeur inestimable. Probablement, on va essayer de faire un nouveau projet destine\u0301 a\u0300 prote\u0301ger ces archives historiques.<\/p>\n<p>J\u2019ai visite\u0301 le marche\u0301 de l\u2019artisanat et nous avons releve\u0301 qu\u2019il y a toujours des opportunite\u0301s a\u0300 travailler ensemble pour ame\u0301liorer les choses et avancer. Cette visite au marche\u0301, c\u2019e\u0301tait pour avoir une ide\u0301e et nous avons constate\u0301 un nombre important d\u2019artisans qui ont besoin de soutien. J\u2019ai eu les me\u0302mes sentiments, comme si c\u2019e\u0301tait dans le passe\u0301, au temps des relations commerciales.<\/p>\n<p><b>Justement, la re\u0301gion d\u2019Agadez dispose d\u2019un important potentiel commercial et e\u0301conomique, ainsi que des opportunite\u0301s d\u2019investissements. Y a-t-il une opportunite\u0301 de de\u0301velopper cette coope\u0301ration et permettre aux producteurs et artisans re\u0301gionaux d\u2019acce\u0301der au marche\u0301 international, notamment au marche\u0301 turc ?<\/b><\/p>\n<p>Bien su\u0302r ! En fait, permettez-moi de revenir sur la production agricole parce que, dans la re\u0301gion d\u2019Agadez on a constate\u0301 qu\u2019il y a un potentiel assez important. Comment aider ces producteurs a\u0300 transporter leurs produits et avoir des de\u0301bouche\u0301s, surtout sur la question de transformation et de conservation des produits ? Cela ne\u0301cessite vraiment des projets de coope\u0301ration plus importants que ce que nous avons fait ensemble jusqu\u2019aujourd\u2019hui. C\u2019est pourquoi, actuellement nous sommes dans une phase primaire qui nous permet d\u2019essayer de voir d\u2019autres types de partenaires et partenariats qui travaillent dans ce domaine.<\/p>\n<p>Il s\u2019agit de voir ce qu\u2019on peut faire, par exemple a\u0300 Niamey, en tant que Capitale du Pays, et ce qu\u2019on peut faire a\u0300 Agadez en vue de de\u0301velopper toute une chaine de valeurs qui va nous permettre de relier Agadez a\u0300 Niamey, et bien su\u0302r avec les autres re\u0301gions du pays. Et si le marche\u0301 inte\u0301rieur est de\u0301ja\u0300 plein, on peut essayer de voir comment exporter les produits valorise\u0301s. Nous, en tant que Tu\u0308rkiye, on a un savoir-faire au niveau de l\u2019agriculture, surtout dans l\u2019industrie agroalimentaire.<\/p>\n<p>Prochainement, on va essayer de voir ce qu\u2019on peut faire et ce qu\u2019on va faire par l\u2019interme\u0301diaire des relations Etat-Etat, mais aussi par l\u2019interme\u0301diaire des investisseurs prive\u0301s turcs. Parce que, comme je viens de le dire, on a un potentiel important et une capacite\u0301 qui doit e\u0302tre de\u0301veloppe\u0301e, parce qu\u2019il y a le terrain, il y a aussi des ressources en eau souterraine tre\u0300s importantes et il faut les mettre ensemble pour choisir le bon produit et voir ce qu\u2019il est possible de faire. Mais, ce qui est tre\u0300s important c\u2019est l\u2019acce\u0300s au marche\u0301.<\/p>\n<p><b>Depuis plusieurs anne\u0301es, la Tu\u0308rkiye, a\u0300 travers l\u2019Agence Turque de Coope\u0301ration pour le De\u0301veloppement (Tika) et les autres ONG, intervient a\u0300 Agadez. A l\u2019occasion de cette visite quel impact avez-vous perc\u0327u de toutes ces interventions ?<\/b><\/p>\n<p>Nous avons fait des projets, oui ! Mais, cela n\u2019a pas donne\u0301 une re\u0301ponse a\u0300 ce dont on a besoin. Il faut penser a\u0300 des projets beaucoup plus importants que ce qu\u2019on a fait jusqu\u2019aujourd\u2019hui, et surtout de\u0301velopper les capacite\u0301s de production au niveau local. C\u2019est c\u0327a le mot cle\u0301 ! Je sais tre\u0300s bien qu\u2019actuellement la priorite\u0301 du Niger ce ne sont pas les aides, mais pluto\u0302t le de\u0301veloppement des capacite\u0301s de production et d\u2019investissements. Nous devons aussi, de notre co\u0302te\u0301, transformer et de\u0301velopper une capacite\u0301 pour accompagner ce besoin.<\/p>\n<p><b> <\/b><\/p>\n<p><strong>Pour plus d&rsquo;informations et d&rsquo;analyses sur la <a href=\"https:\/\/www.africa-press.net\/niger\">Niger<\/a>, suivez <a href=\"https:\/\/www.africa-press.net\/\">Africa-Press<\/a><\/strong><\/p>\n","protected":false},"excerpt":{"rendered":"<p>Africa-Press &#8211; Niger. Apre\u0300s un se\u0301jour de 48 heures dans la capitale de l\u2019Ai\u0308r, Agadez, l\u2019ambassadeur de la Re\u0301publique de Tu\u0308rkiye au Niger, SE Ozgu\u0308r C\u0327inar est revenu sur la re\u0301cente redynamisation de la coope\u0301ration entre son pays et le Niger, en ge\u0301ne\u0301ral, et avec la ville d\u2019Agadez en particulier, cela dans plusieurs secteurs d\u2019activite\u0301s. [&hellip;]<\/p>\n","protected":false},"author":82,"featured_media":60190,"comment_status":"open","ping_status":"closed","sticky":false,"template":"","format":"standard","meta":{"footnotes":""},"categories":[2,10],"tags":[55,60,29],"class_list":["post-60191","post","type-post","status-publish","format-standard","has-post-thumbnail","hentry","category-politique","category-toutes-les-actualites","tag-africa-press","tag-africa-press-niger","tag-niger"],"yoast_head":"<!-- This site is optimized with the Yoast SEO Premium plugin v26.1 (Yoast SEO v27.0) - https:\/\/yoast.com\/product\/yoast-seo-premium-wordpress\/ -->\n<title>Entretien avec l\u2019Ambassadeur de T\u00fcrkiye au Niger en visite \u00e0 Agadez : \u00ab La priorit\u00e9 du Niger d\u2019aujourd\u2019hui ce ne sont pas les aides, mais plut\u00f4t le d\u00e9veloppement des capacit\u00e9s de production et d\u2019investissements, Nous devons aussi, de notre c\u00f4t\u00e9 (\u2026) accompagner ce besoin \u00bb, a d\u00e9clar\u00e9 SEM Ozg\u00fcr \u00c7inar \u00e0 l\u2019issue de sa visite - niger<\/title>\n<meta name=\"robots\" content=\"index, follow, max-snippet:-1, max-image-preview:large, max-video-preview:-1\" \/>\n<link rel=\"canonical\" href=\"https:\/\/www.africa-press.net\/niger\/politique\/entretien-avec-lambassadeur-de-turkiye-au-niger-en-visite-a-agadez-la-priorite-du-niger-daujourdhui-ce-ne-sont-pas-les-aides-mais-plutot-le-developpement-des-capac\" \/>\n<meta property=\"og:locale\" content=\"fr_FR\" \/>\n<meta property=\"og:type\" content=\"article\" \/>\n<meta property=\"og:title\" content=\"Entretien avec l\u2019Ambassadeur de T\u00fcrkiye au Niger en visite \u00e0 Agadez : \u00ab La priorit\u00e9 du Niger d\u2019aujourd\u2019hui ce ne sont pas les aides, mais plut\u00f4t le d\u00e9veloppement des capacit\u00e9s de production et d\u2019investissements, Nous devons aussi, de notre c\u00f4t\u00e9 (\u2026) accompagner ce besoin \u00bb, a d\u00e9clar\u00e9 SEM Ozg\u00fcr \u00c7inar \u00e0 l\u2019issue de sa visite\" \/>\n<meta property=\"og:description\" content=\"Africa-Press &#8211; Niger. Apre\u0300s un se\u0301jour de 48 heures dans la capitale de l\u2019Ai\u0308r, Agadez, l\u2019ambassadeur de la Re\u0301publique de Tu\u0308rkiye au Niger, SE Ozgu\u0308r C\u0327inar est revenu sur la re\u0301cente redynamisation de la coope\u0301ration entre son pays et le Niger, en ge\u0301ne\u0301ral, et avec la ville d\u2019Agadez en particulier, cela dans plusieurs secteurs d\u2019activite\u0301s. [&hellip;]\" \/>\n<meta property=\"og:url\" content=\"https:\/\/www.africa-press.net\/niger\/politique\/entretien-avec-lambassadeur-de-turkiye-au-niger-en-visite-a-agadez-la-priorite-du-niger-daujourdhui-ce-ne-sont-pas-les-aides-mais-plutot-le-developpement-des-capac\" \/>\n<meta property=\"og:site_name\" content=\"niger\" \/>\n<meta property=\"article:published_time\" content=\"2024-03-19T16:57:09+00:00\" \/>\n<meta name=\"author\" content=\"cfeditorfr\" \/>\n<meta name=\"twitter:card\" content=\"summary_large_image\" \/>\n<meta name=\"twitter:label1\" content=\"\u00c9crit par\" \/>\n\t<meta name=\"twitter:data1\" content=\"cfeditorfr\" \/>\n\t<meta name=\"twitter:label2\" content=\"Dur\u00e9e de lecture estim\u00e9e\" \/>\n\t<meta name=\"twitter:data2\" content=\"6 minutes\" \/>\n<script type=\"application\/ld+json\" class=\"yoast-schema-graph\">{\"@context\":\"https:\/\/schema.org\",\"@graph\":[{\"@type\":\"Article\",\"@id\":\"https:\/\/www.africa-press.net\/niger\/politique\/entretien-avec-lambassadeur-de-turkiye-au-niger-en-visite-a-agadez-la-priorite-du-niger-daujourdhui-ce-ne-sont-pas-les-aides-mais-plutot-le-developpement-des-capac#article\",\"isPartOf\":{\"@id\":\"https:\/\/www.africa-press.net\/niger\/politique\/entretien-avec-lambassadeur-de-turkiye-au-niger-en-visite-a-agadez-la-priorite-du-niger-daujourdhui-ce-ne-sont-pas-les-aides-mais-plutot-le-developpement-des-capac\"},\"author\":{\"name\":\"cfeditorfr\",\"@id\":\"https:\/\/www.africa-press.net\/niger\/#\/schema\/person\/2b1cf3cd81a31e3cd26889ca66d677f1\"},\"headline\":\"Entretien avec l\u2019Ambassadeur de T\u00fcrkiye au Niger en visite \u00e0 Agadez : \u00ab La priorit\u00e9 du Niger d\u2019aujourd\u2019hui ce ne sont pas les aides, mais plut\u00f4t le d\u00e9veloppement des capacit\u00e9s de production et d\u2019investissements, Nous devons aussi, de notre c\u00f4t\u00e9 (\u2026) accompagner ce besoin \u00bb, a d\u00e9clar\u00e9 SEM Ozg\u00fcr \u00c7inar \u00e0 l\u2019issue de sa visite\",\"datePublished\":\"2024-03-19T16:57:09+00:00\",\"mainEntityOfPage\":{\"@id\":\"https:\/\/www.africa-press.net\/niger\/politique\/entretien-avec-lambassadeur-de-turkiye-au-niger-en-visite-a-agadez-la-priorite-du-niger-daujourdhui-ce-ne-sont-pas-les-aides-mais-plutot-le-developpement-des-capac\"},\"wordCount\":1311,\"commentCount\":0,\"image\":{\"@id\":\"https:\/\/www.africa-press.net\/niger\/politique\/entretien-avec-lambassadeur-de-turkiye-au-niger-en-visite-a-agadez-la-priorite-du-niger-daujourdhui-ce-ne-sont-pas-les-aides-mais-plutot-le-developpement-des-capac#primaryimage\"},\"thumbnailUrl\":\"https:\/\/static.africa-press.net\/niger\/sites\/40\/2024\/03\/sm_1710858292.176265.jpg\",\"keywords\":[\"Africa Press\",\"Africa Press-Niger\",\"Niger\"],\"articleSection\":[\"Politique\",\"Toutes les actualit\u00e9s\"],\"inLanguage\":\"fr-FR\",\"potentialAction\":[{\"@type\":\"CommentAction\",\"name\":\"Comment\",\"target\":[\"https:\/\/www.africa-press.net\/niger\/politique\/entretien-avec-lambassadeur-de-turkiye-au-niger-en-visite-a-agadez-la-priorite-du-niger-daujourdhui-ce-ne-sont-pas-les-aides-mais-plutot-le-developpement-des-capac#respond\"]}]},{\"@type\":\"WebPage\",\"@id\":\"https:\/\/www.africa-press.net\/niger\/politique\/entretien-avec-lambassadeur-de-turkiye-au-niger-en-visite-a-agadez-la-priorite-du-niger-daujourdhui-ce-ne-sont-pas-les-aides-mais-plutot-le-developpement-des-capac\",\"url\":\"https:\/\/www.africa-press.net\/niger\/politique\/entretien-avec-lambassadeur-de-turkiye-au-niger-en-visite-a-agadez-la-priorite-du-niger-daujourdhui-ce-ne-sont-pas-les-aides-mais-plutot-le-developpement-des-capac\",\"name\":\"Entretien avec l\u2019Ambassadeur de T\u00fcrkiye au Niger en visite \u00e0 Agadez : \u00ab La priorit\u00e9 du Niger d\u2019aujourd\u2019hui ce ne sont pas les aides, mais plut\u00f4t le d\u00e9veloppement des capacit\u00e9s de production et d\u2019investissements, Nous devons aussi, de notre c\u00f4t\u00e9 (\u2026) accompagner ce besoin \u00bb, a d\u00e9clar\u00e9 SEM Ozg\u00fcr \u00c7inar \u00e0 l\u2019issue de sa visite - niger\",\"isPartOf\":{\"@id\":\"https:\/\/www.africa-press.net\/niger\/#website\"},\"primaryImageOfPage\":{\"@id\":\"https:\/\/www.africa-press.net\/niger\/politique\/entretien-avec-lambassadeur-de-turkiye-au-niger-en-visite-a-agadez-la-priorite-du-niger-daujourdhui-ce-ne-sont-pas-les-aides-mais-plutot-le-developpement-des-capac#primaryimage\"},\"image\":{\"@id\":\"https:\/\/www.africa-press.net\/niger\/politique\/entretien-avec-lambassadeur-de-turkiye-au-niger-en-visite-a-agadez-la-priorite-du-niger-daujourdhui-ce-ne-sont-pas-les-aides-mais-plutot-le-developpement-des-capac#primaryimage\"},\"thumbnailUrl\":\"https:\/\/static.africa-press.net\/niger\/sites\/40\/2024\/03\/sm_1710858292.176265.jpg\",\"datePublished\":\"2024-03-19T16:57:09+00:00\",\"author\":{\"@id\":\"https:\/\/www.africa-press.net\/niger\/#\/schema\/person\/2b1cf3cd81a31e3cd26889ca66d677f1\"},\"breadcrumb\":{\"@id\":\"https:\/\/www.africa-press.net\/niger\/politique\/entretien-avec-lambassadeur-de-turkiye-au-niger-en-visite-a-agadez-la-priorite-du-niger-daujourdhui-ce-ne-sont-pas-les-aides-mais-plutot-le-developpement-des-capac#breadcrumb\"},\"inLanguage\":\"fr-FR\",\"potentialAction\":[{\"@type\":\"ReadAction\",\"target\":[\"https:\/\/www.africa-press.net\/niger\/politique\/entretien-avec-lambassadeur-de-turkiye-au-niger-en-visite-a-agadez-la-priorite-du-niger-daujourdhui-ce-ne-sont-pas-les-aides-mais-plutot-le-developpement-des-capac\"]}]},{\"@type\":\"ImageObject\",\"inLanguage\":\"fr-FR\",\"@id\":\"https:\/\/www.africa-press.net\/niger\/politique\/entretien-avec-lambassadeur-de-turkiye-au-niger-en-visite-a-agadez-la-priorite-du-niger-daujourdhui-ce-ne-sont-pas-les-aides-mais-plutot-le-developpement-des-capac#primaryimage\",\"url\":\"https:\/\/static.africa-press.net\/niger\/sites\/40\/2024\/03\/sm_1710858292.176265.jpg\",\"contentUrl\":\"https:\/\/static.africa-press.net\/niger\/sites\/40\/2024\/03\/sm_1710858292.176265.jpg\",\"width\":1024,\"height\":683,\"caption\":\"Entretien avec l\u2019Ambassadeur de T\u00fcrkiye au Niger en visite \u00e0 Agadez : \u00ab La priorit\u00e9 du Niger d\u2019aujourd\u2019hui ce ne sont pas les aides, mais plut\u00f4t le d\u00e9veloppement des capacit\u00e9s de production et d\u2019investissements, Nous devons aussi, de notre c\u00f4t\u00e9 (\u2026) accompagner ce besoin \u00bb, a d\u00e9clar\u00e9 SEM Ozg\u00fcr \u00c7inar \u00e0 l\u2019issue de sa visite\"},{\"@type\":\"BreadcrumbList\",\"@id\":\"https:\/\/www.africa-press.net\/niger\/politique\/entretien-avec-lambassadeur-de-turkiye-au-niger-en-visite-a-agadez-la-priorite-du-niger-daujourdhui-ce-ne-sont-pas-les-aides-mais-plutot-le-developpement-des-capac#breadcrumb\",\"itemListElement\":[{\"@type\":\"ListItem\",\"position\":1,\"name\":\"Accueil\",\"item\":\"https:\/\/www.africa-press.net\/niger\/\"},{\"@type\":\"ListItem\",\"position\":2,\"name\":\"Entretien avec l\u2019Ambassadeur de T\u00fcrkiye au Niger en visite \u00e0 Agadez : \u00ab La priorit\u00e9 du Niger d\u2019aujourd\u2019hui ce ne sont pas les aides, mais plut\u00f4t le d\u00e9veloppement des capacit\u00e9s de production et d\u2019investissements, Nous devons aussi, de notre c\u00f4t\u00e9 (\u2026) accompagner ce besoin \u00bb, a d\u00e9clar\u00e9 SEM Ozg\u00fcr \u00c7inar \u00e0 l\u2019issue de sa visite\"}]},{\"@type\":\"WebSite\",\"@id\":\"https:\/\/www.africa-press.net\/niger\/#website\",\"url\":\"https:\/\/www.africa-press.net\/niger\/\",\"name\":\"niger\",\"description\":\"Just another Africa News Agency Sites site\",\"potentialAction\":[{\"@type\":\"SearchAction\",\"target\":{\"@type\":\"EntryPoint\",\"urlTemplate\":\"https:\/\/www.africa-press.net\/niger\/?s={search_term_string}\"},\"query-input\":{\"@type\":\"PropertyValueSpecification\",\"valueRequired\":true,\"valueName\":\"search_term_string\"}}],\"inLanguage\":\"fr-FR\"},{\"@type\":\"Person\",\"@id\":\"https:\/\/www.africa-press.net\/niger\/#\/schema\/person\/2b1cf3cd81a31e3cd26889ca66d677f1\",\"name\":\"cfeditorfr\"}]}<\/script>\n<!-- \/ Yoast SEO Premium plugin. -->","yoast_head_json":{"title":"Entretien avec l\u2019Ambassadeur de T\u00fcrkiye au Niger en visite \u00e0 Agadez : \u00ab La priorit\u00e9 du Niger d\u2019aujourd\u2019hui ce ne sont pas les aides, mais plut\u00f4t le d\u00e9veloppement des capacit\u00e9s de production et d\u2019investissements, Nous devons aussi, de notre c\u00f4t\u00e9 (\u2026) accompagner ce besoin \u00bb, a d\u00e9clar\u00e9 SEM Ozg\u00fcr \u00c7inar \u00e0 l\u2019issue de sa visite - niger","robots":{"index":"index","follow":"follow","max-snippet":"max-snippet:-1","max-image-preview":"max-image-preview:large","max-video-preview":"max-video-preview:-1"},"canonical":"https:\/\/www.africa-press.net\/niger\/politique\/entretien-avec-lambassadeur-de-turkiye-au-niger-en-visite-a-agadez-la-priorite-du-niger-daujourdhui-ce-ne-sont-pas-les-aides-mais-plutot-le-developpement-des-capac","og_locale":"fr_FR","og_type":"article","og_title":"Entretien avec l\u2019Ambassadeur de T\u00fcrkiye au Niger en visite \u00e0 Agadez : \u00ab La priorit\u00e9 du Niger d\u2019aujourd\u2019hui ce ne sont pas les aides, mais plut\u00f4t le d\u00e9veloppement des capacit\u00e9s de production et d\u2019investissements, Nous devons aussi, de notre c\u00f4t\u00e9 (\u2026) accompagner ce besoin \u00bb, a d\u00e9clar\u00e9 SEM Ozg\u00fcr \u00c7inar \u00e0 l\u2019issue de sa visite","og_description":"Africa-Press &#8211; Niger. Apre\u0300s un se\u0301jour de 48 heures dans la capitale de l\u2019Ai\u0308r, Agadez, l\u2019ambassadeur de la Re\u0301publique de Tu\u0308rkiye au Niger, SE Ozgu\u0308r C\u0327inar est revenu sur la re\u0301cente redynamisation de la coope\u0301ration entre son pays et le Niger, en ge\u0301ne\u0301ral, et avec la ville d\u2019Agadez en particulier, cela dans plusieurs secteurs d\u2019activite\u0301s. [&hellip;]","og_url":"https:\/\/www.africa-press.net\/niger\/politique\/entretien-avec-lambassadeur-de-turkiye-au-niger-en-visite-a-agadez-la-priorite-du-niger-daujourdhui-ce-ne-sont-pas-les-aides-mais-plutot-le-developpement-des-capac","og_site_name":"niger","article_published_time":"2024-03-19T16:57:09+00:00","author":"cfeditorfr","twitter_card":"summary_large_image","twitter_misc":{"\u00c9crit par":"cfeditorfr","Dur\u00e9e de lecture estim\u00e9e":"6 minutes"},"schema":{"@context":"https:\/\/schema.org","@graph":[{"@type":"Article","@id":"https:\/\/www.africa-press.net\/niger\/politique\/entretien-avec-lambassadeur-de-turkiye-au-niger-en-visite-a-agadez-la-priorite-du-niger-daujourdhui-ce-ne-sont-pas-les-aides-mais-plutot-le-developpement-des-capac#article","isPartOf":{"@id":"https:\/\/www.africa-press.net\/niger\/politique\/entretien-avec-lambassadeur-de-turkiye-au-niger-en-visite-a-agadez-la-priorite-du-niger-daujourdhui-ce-ne-sont-pas-les-aides-mais-plutot-le-developpement-des-capac"},"author":{"name":"cfeditorfr","@id":"https:\/\/www.africa-press.net\/niger\/#\/schema\/person\/2b1cf3cd81a31e3cd26889ca66d677f1"},"headline":"Entretien avec l\u2019Ambassadeur de T\u00fcrkiye au Niger en visite \u00e0 Agadez : \u00ab La priorit\u00e9 du Niger d\u2019aujourd\u2019hui ce ne sont pas les aides, mais plut\u00f4t le d\u00e9veloppement des capacit\u00e9s de production et d\u2019investissements, Nous devons aussi, de notre c\u00f4t\u00e9 (\u2026) accompagner ce besoin \u00bb, a d\u00e9clar\u00e9 SEM Ozg\u00fcr \u00c7inar \u00e0 l\u2019issue de sa visite","datePublished":"2024-03-19T16:57:09+00:00","mainEntityOfPage":{"@id":"https:\/\/www.africa-press.net\/niger\/politique\/entretien-avec-lambassadeur-de-turkiye-au-niger-en-visite-a-agadez-la-priorite-du-niger-daujourdhui-ce-ne-sont-pas-les-aides-mais-plutot-le-developpement-des-capac"},"wordCount":1311,"commentCount":0,"image":{"@id":"https:\/\/www.africa-press.net\/niger\/politique\/entretien-avec-lambassadeur-de-turkiye-au-niger-en-visite-a-agadez-la-priorite-du-niger-daujourdhui-ce-ne-sont-pas-les-aides-mais-plutot-le-developpement-des-capac#primaryimage"},"thumbnailUrl":"https:\/\/static.africa-press.net\/niger\/sites\/40\/2024\/03\/sm_1710858292.176265.jpg","keywords":["Africa Press","Africa Press-Niger","Niger"],"articleSection":["Politique","Toutes les actualit\u00e9s"],"inLanguage":"fr-FR","potentialAction":[{"@type":"CommentAction","name":"Comment","target":["https:\/\/www.africa-press.net\/niger\/politique\/entretien-avec-lambassadeur-de-turkiye-au-niger-en-visite-a-agadez-la-priorite-du-niger-daujourdhui-ce-ne-sont-pas-les-aides-mais-plutot-le-developpement-des-capac#respond"]}]},{"@type":"WebPage","@id":"https:\/\/www.africa-press.net\/niger\/politique\/entretien-avec-lambassadeur-de-turkiye-au-niger-en-visite-a-agadez-la-priorite-du-niger-daujourdhui-ce-ne-sont-pas-les-aides-mais-plutot-le-developpement-des-capac","url":"https:\/\/www.africa-press.net\/niger\/politique\/entretien-avec-lambassadeur-de-turkiye-au-niger-en-visite-a-agadez-la-priorite-du-niger-daujourdhui-ce-ne-sont-pas-les-aides-mais-plutot-le-developpement-des-capac","name":"Entretien avec l\u2019Ambassadeur de T\u00fcrkiye au Niger en visite \u00e0 Agadez : \u00ab La priorit\u00e9 du Niger d\u2019aujourd\u2019hui ce ne sont pas les aides, mais plut\u00f4t le d\u00e9veloppement des capacit\u00e9s de production et d\u2019investissements, Nous devons aussi, de notre c\u00f4t\u00e9 (\u2026) accompagner ce besoin \u00bb, a d\u00e9clar\u00e9 SEM Ozg\u00fcr \u00c7inar \u00e0 l\u2019issue de sa visite - niger","isPartOf":{"@id":"https:\/\/www.africa-press.net\/niger\/#website"},"primaryImageOfPage":{"@id":"https:\/\/www.africa-press.net\/niger\/politique\/entretien-avec-lambassadeur-de-turkiye-au-niger-en-visite-a-agadez-la-priorite-du-niger-daujourdhui-ce-ne-sont-pas-les-aides-mais-plutot-le-developpement-des-capac#primaryimage"},"image":{"@id":"https:\/\/www.africa-press.net\/niger\/politique\/entretien-avec-lambassadeur-de-turkiye-au-niger-en-visite-a-agadez-la-priorite-du-niger-daujourdhui-ce-ne-sont-pas-les-aides-mais-plutot-le-developpement-des-capac#primaryimage"},"thumbnailUrl":"https:\/\/static.africa-press.net\/niger\/sites\/40\/2024\/03\/sm_1710858292.176265.jpg","datePublished":"2024-03-19T16:57:09+00:00","author":{"@id":"https:\/\/www.africa-press.net\/niger\/#\/schema\/person\/2b1cf3cd81a31e3cd26889ca66d677f1"},"breadcrumb":{"@id":"https:\/\/www.africa-press.net\/niger\/politique\/entretien-avec-lambassadeur-de-turkiye-au-niger-en-visite-a-agadez-la-priorite-du-niger-daujourdhui-ce-ne-sont-pas-les-aides-mais-plutot-le-developpement-des-capac#breadcrumb"},"inLanguage":"fr-FR","potentialAction":[{"@type":"ReadAction","target":["https:\/\/www.africa-press.net\/niger\/politique\/entretien-avec-lambassadeur-de-turkiye-au-niger-en-visite-a-agadez-la-priorite-du-niger-daujourdhui-ce-ne-sont-pas-les-aides-mais-plutot-le-developpement-des-capac"]}]},{"@type":"ImageObject","inLanguage":"fr-FR","@id":"https:\/\/www.africa-press.net\/niger\/politique\/entretien-avec-lambassadeur-de-turkiye-au-niger-en-visite-a-agadez-la-priorite-du-niger-daujourdhui-ce-ne-sont-pas-les-aides-mais-plutot-le-developpement-des-capac#primaryimage","url":"https:\/\/static.africa-press.net\/niger\/sites\/40\/2024\/03\/sm_1710858292.176265.jpg","contentUrl":"https:\/\/static.africa-press.net\/niger\/sites\/40\/2024\/03\/sm_1710858292.176265.jpg","width":1024,"height":683,"caption":"Entretien avec l\u2019Ambassadeur de T\u00fcrkiye au Niger en visite \u00e0 Agadez : \u00ab La priorit\u00e9 du Niger d\u2019aujourd\u2019hui ce ne sont pas les aides, mais plut\u00f4t le d\u00e9veloppement des capacit\u00e9s de production et d\u2019investissements, Nous devons aussi, de notre c\u00f4t\u00e9 (\u2026) accompagner ce besoin \u00bb, a d\u00e9clar\u00e9 SEM Ozg\u00fcr \u00c7inar \u00e0 l\u2019issue de sa visite"},{"@type":"BreadcrumbList","@id":"https:\/\/www.africa-press.net\/niger\/politique\/entretien-avec-lambassadeur-de-turkiye-au-niger-en-visite-a-agadez-la-priorite-du-niger-daujourdhui-ce-ne-sont-pas-les-aides-mais-plutot-le-developpement-des-capac#breadcrumb","itemListElement":[{"@type":"ListItem","position":1,"name":"Accueil","item":"https:\/\/www.africa-press.net\/niger\/"},{"@type":"ListItem","position":2,"name":"Entretien avec l\u2019Ambassadeur de T\u00fcrkiye au Niger en visite \u00e0 Agadez : \u00ab La priorit\u00e9 du Niger d\u2019aujourd\u2019hui ce ne sont pas les aides, mais plut\u00f4t le d\u00e9veloppement des capacit\u00e9s de production et d\u2019investissements, Nous devons aussi, de notre c\u00f4t\u00e9 (\u2026) accompagner ce besoin \u00bb, a d\u00e9clar\u00e9 SEM Ozg\u00fcr \u00c7inar \u00e0 l\u2019issue de sa visite"}]},{"@type":"WebSite","@id":"https:\/\/www.africa-press.net\/niger\/#website","url":"https:\/\/www.africa-press.net\/niger\/","name":"niger","description":"Just another Africa News Agency Sites site","potentialAction":[{"@type":"SearchAction","target":{"@type":"EntryPoint","urlTemplate":"https:\/\/www.africa-press.net\/niger\/?s={search_term_string}"},"query-input":{"@type":"PropertyValueSpecification","valueRequired":true,"valueName":"search_term_string"}}],"inLanguage":"fr-FR"},{"@type":"Person","@id":"https:\/\/www.africa-press.net\/niger\/#\/schema\/person\/2b1cf3cd81a31e3cd26889ca66d677f1","name":"cfeditorfr"}]}},"_links":{"self":[{"href":"https:\/\/www.africa-press.net\/niger\/wp-json\/wp\/v2\/posts\/60191","targetHints":{"allow":["GET"]}}],"collection":[{"href":"https:\/\/www.africa-press.net\/niger\/wp-json\/wp\/v2\/posts"}],"about":[{"href":"https:\/\/www.africa-press.net\/niger\/wp-json\/wp\/v2\/types\/post"}],"author":[{"embeddable":true,"href":"https:\/\/www.africa-press.net\/niger\/wp-json\/wp\/v2\/users\/82"}],"replies":[{"embeddable":true,"href":"https:\/\/www.africa-press.net\/niger\/wp-json\/wp\/v2\/comments?post=60191"}],"version-history":[{"count":0,"href":"https:\/\/www.africa-press.net\/niger\/wp-json\/wp\/v2\/posts\/60191\/revisions"}],"wp:featuredmedia":[{"embeddable":true,"href":"https:\/\/www.africa-press.net\/niger\/wp-json\/wp\/v2\/media\/60190"}],"wp:attachment":[{"href":"https:\/\/www.africa-press.net\/niger\/wp-json\/wp\/v2\/media?parent=60191"}],"wp:term":[{"taxonomy":"category","embeddable":true,"href":"https:\/\/www.africa-press.net\/niger\/wp-json\/wp\/v2\/categories?post=60191"},{"taxonomy":"post_tag","embeddable":true,"href":"https:\/\/www.africa-press.net\/niger\/wp-json\/wp\/v2\/tags?post=60191"}],"curies":[{"name":"wp","href":"https:\/\/api.w.org\/{rel}","templated":true}]}}