{"id":60269,"date":"2024-03-20T13:59:50","date_gmt":"2024-03-20T13:59:50","guid":{"rendered":"https:\/\/www.africa-press.net\/niger\/politique\/temoignages-les-patients-plaident-pour-une-reduction-des-frais-des-soins"},"modified":"2024-03-20T15:24:37","modified_gmt":"2024-03-20T15:24:37","slug":"temoignages-les-patients-plaident-pour-une-reduction-des-frais-des-soins","status":"publish","type":"post","link":"https:\/\/www.africa-press.net\/niger\/toutes-les-actualites\/temoignages-les-patients-plaident-pour-une-reduction-des-frais-des-soins","title":{"rendered":"T\u00e9moignages : Les patients plaident pour une r\u00e9duction des frais des soins"},"content":{"rendered":"<p><span style=\"color: #ff6600\"><strong>Africa-Press &#8211; Niger. <\/strong><\/span>Mlle Mariama, atteinte de carie dentaire, explique le calvaire qu\u2019elle vit au quotidien. \u00ab Je souffre de cette maladie depuis plusieurs anne\u0301es. Au total, j\u2019ai perdu six dents et la vie quotidienne est complique\u0301e. Je ne peux rien manger, je ne peux pas consommer des produits trop frais ou des boissons chaudes. La douleur est insupportable et parfois, je rate les cours pour c\u0327a \u00bb, confie-t-elle. La carie dentaire, poursuit-elle, ga\u0302che ma vie quotidienne mais depuis un temps elle est suivie par un dentiste et est sous traitement pour calmer les douleurs, faire le plombage des dents. La jeune fille met aussi l\u2019accent sur le cou\u0302t des consultations et des soins. \u00ab C\u2019est vraiment cher et c\u2019est certainement pour c\u0327a que les gens ne consultent pas les dentistes. Je dois me faire consulter apre\u0300s chaque fin de traitement et je peux de\u0301penser 50.000 a\u0300 plus pour tous les soins mais, ce prix peut varier en fonction des examens a\u0300 faire \u00bb, a-t-elle ajoute\u0301.<\/p>\n<p>Pour Mme Fati qui ame\u0300ne ses deux enfants en consultation, la ta\u0302che est encore plus difficile. En effet, ils souffrent tous de la carie dentaire. \u00ab Mes deux enfants a\u0300 bas a\u0302ge souffrent beaucoup. Nous dormons parfois tre\u0300s peu les nuits. Je fais attention a\u0300 ce qu\u2019ils mangent mais, une fois a\u0300 l\u2019e\u0301cole, on n\u2019a plus le contro\u0302le sur les enfants. En termes de de\u0301penses, c\u2019est e\u0301norme, sans oublier la surveillance quotidienne. Ils ont perdu des dents et actuellement, ils ont tous les deux (2) un appareil dentaire \u00bb, dit-elle.<\/p>\n<p>M. Salissou venu se faire consulter vit avec cette maladie depuis plus de 10 ans. \u00ab Au total, 9 dents m\u2019ont e\u0301te\u0301 retire\u0301es. Je n\u2019ai pratiquement plus de dents et c\u2019est en partie par ne\u0301gligence et par manque de consultation. J\u2019ai privile\u0301gie\u0301 les traitements traditionnels et c\u0327a aide a\u0300 calmer la douleur mais, la dent ne gue\u0301rit pas vraiment \u00bb, a-t-il explique\u0301.<\/p>\n<p>Toutes ces personnes submerge\u0301es par la douleur, l\u2019inconfort quotidien et les de\u0301penses, appellent la population a\u0300 un changement de mentalite\u0301 et de comportement en optant pour une bonne hygie\u0300ne bucco-dentaire et une consultation aupre\u0300s d\u2019un me\u0301decin traitant en cas de proble\u0300mes dentaires. A\u0300 l\u2019e\u0301gard des autorite\u0301s, ces personnes espe\u0300rent que les soins dentaires soient gratuits ou moins cou\u0302teux afin d\u2019encourager les Nige\u0301riens a\u0300 se rendre dans les formations sanitaires adapte\u0301es en cas de besoin. \u00ab Nous espe\u0301rons que les autorite\u0301s prennent en charge cette situation afin de soulager nos de\u0301penses et valoriser la noble ta\u0302che qu\u2019accomplissent les dentistes \u00bb, ont-ils espe\u0301re\u0301.<\/p>\n<p><strong>Pour plus d&rsquo;informations et d&rsquo;analyses sur la <a href=\"https:\/\/www.africa-press.net\/niger\">Niger<\/a>, suivez <a href=\"https:\/\/www.africa-press.net\/\">Africa-Press<\/a><\/strong><\/p>\n","protected":false},"excerpt":{"rendered":"<p>Africa-Press &#8211; Niger. Mlle Mariama, atteinte de carie dentaire, explique le calvaire qu\u2019elle vit au quotidien. \u00ab Je souffre de cette maladie depuis plusieurs anne\u0301es. Au total, j\u2019ai perdu six dents et la vie quotidienne est complique\u0301e. Je ne peux rien manger, je ne peux pas consommer des produits trop frais ou des boissons chaudes. [&hellip;]<\/p>\n","protected":false},"author":82,"featured_media":60268,"comment_status":"open","ping_status":"closed","sticky":false,"template":"","format":"standard","meta":{"footnotes":""},"categories":[22,10],"tags":[55,60,29],"class_list":["post-60269","post","type-post","status-publish","format-standard","has-post-thumbnail","hentry","category-divers","category-toutes-les-actualites","tag-africa-press","tag-africa-press-niger","tag-niger"],"yoast_head":"<!-- This site is optimized with the Yoast SEO Premium plugin v26.1 (Yoast SEO v27.0) - https:\/\/yoast.com\/product\/yoast-seo-premium-wordpress\/ -->\n<title>T\u00e9moignages : Les patients plaident pour une r\u00e9duction des frais des soins - niger<\/title>\n<meta name=\"description\" content=\"Mlle Mariama, atteinte de carie dentaire, explique le calvaire qu\u2019elle vit au quotidien. \u00ab Je souffre de cette maladie d ...\" \/>\n<meta name=\"robots\" content=\"index, follow, max-snippet:-1, max-image-preview:large, max-video-preview:-1\" \/>\n<link rel=\"canonical\" href=\"https:\/\/www.africa-press.net\/niger\/toutes-les-actualites\/temoignages-les-patients-plaident-pour-une-reduction-des-frais-des-soins\" \/>\n<meta property=\"og:locale\" content=\"fr_FR\" \/>\n<meta property=\"og:type\" content=\"article\" \/>\n<meta property=\"og:title\" content=\"T\u00e9moignages : Les patients plaident pour une r\u00e9duction des frais des soins\" \/>\n<meta property=\"og:description\" content=\"Mlle Mariama, atteinte de carie dentaire, explique le calvaire qu\u2019elle vit au quotidien. \u00ab Je souffre de cette maladie d ...\" \/>\n<meta property=\"og:url\" content=\"https:\/\/www.africa-press.net\/niger\/toutes-les-actualites\/temoignages-les-patients-plaident-pour-une-reduction-des-frais-des-soins\" \/>\n<meta property=\"og:site_name\" content=\"niger\" \/>\n<meta property=\"article:published_time\" content=\"2024-03-20T13:59:50+00:00\" \/>\n<meta property=\"article:modified_time\" content=\"2024-03-20T15:24:37+00:00\" \/>\n<meta property=\"og:image\" content=\"https:\/\/static.africa-press.net\/niger\/sites\/40\/2024\/03\/sm_1710935643.72678.jpg\" \/>\n\t<meta property=\"og:image:width\" content=\"900\" \/>\n\t<meta property=\"og:image:height\" content=\"539\" \/>\n\t<meta property=\"og:image:type\" content=\"image\/jpeg\" \/>\n<meta name=\"author\" content=\"cfeditorfr\" \/>\n<meta name=\"twitter:card\" content=\"summary_large_image\" \/>\n<meta name=\"twitter:label1\" content=\"\u00c9crit par\" \/>\n\t<meta name=\"twitter:data1\" content=\"cfeditorfr\" \/>\n\t<meta name=\"twitter:label2\" content=\"Dur\u00e9e de lecture estim\u00e9e\" \/>\n\t<meta name=\"twitter:data2\" content=\"2 minutes\" \/>\n<script type=\"application\/ld+json\" class=\"yoast-schema-graph\">{\"@context\":\"https:\/\/schema.org\",\"@graph\":[{\"@type\":\"Article\",\"@id\":\"https:\/\/www.africa-press.net\/niger\/toutes-les-actualites\/temoignages-les-patients-plaident-pour-une-reduction-des-frais-des-soins#article\",\"isPartOf\":{\"@id\":\"https:\/\/www.africa-press.net\/niger\/toutes-les-actualites\/temoignages-les-patients-plaident-pour-une-reduction-des-frais-des-soins\"},\"author\":{\"name\":\"cfeditorfr\",\"@id\":\"https:\/\/www.africa-press.net\/niger\/#\/schema\/person\/2b1cf3cd81a31e3cd26889ca66d677f1\"},\"headline\":\"T\u00e9moignages : Les patients plaident pour une r\u00e9duction des frais des soins\",\"datePublished\":\"2024-03-20T13:59:50+00:00\",\"dateModified\":\"2024-03-20T15:24:37+00:00\",\"mainEntityOfPage\":{\"@id\":\"https:\/\/www.africa-press.net\/niger\/toutes-les-actualites\/temoignages-les-patients-plaident-pour-une-reduction-des-frais-des-soins\"},\"wordCount\":487,\"commentCount\":0,\"image\":{\"@id\":\"https:\/\/www.africa-press.net\/niger\/toutes-les-actualites\/temoignages-les-patients-plaident-pour-une-reduction-des-frais-des-soins#primaryimage\"},\"thumbnailUrl\":\"https:\/\/static.africa-press.net\/niger\/sites\/40\/2024\/03\/sm_1710935643.72678.jpg\",\"keywords\":[\"Africa Press\",\"Africa Press-Niger\",\"Niger\"],\"articleSection\":[\"Divers\",\"Toutes les actualit\u00e9s\"],\"inLanguage\":\"fr-FR\",\"potentialAction\":[{\"@type\":\"CommentAction\",\"name\":\"Comment\",\"target\":[\"https:\/\/www.africa-press.net\/niger\/toutes-les-actualites\/temoignages-les-patients-plaident-pour-une-reduction-des-frais-des-soins#respond\"]}]},{\"@type\":\"WebPage\",\"@id\":\"https:\/\/www.africa-press.net\/niger\/toutes-les-actualites\/temoignages-les-patients-plaident-pour-une-reduction-des-frais-des-soins\",\"url\":\"https:\/\/www.africa-press.net\/niger\/toutes-les-actualites\/temoignages-les-patients-plaident-pour-une-reduction-des-frais-des-soins\",\"name\":\"T\u00e9moignages : Les patients plaident pour une r\u00e9duction des frais des soins - niger\",\"isPartOf\":{\"@id\":\"https:\/\/www.africa-press.net\/niger\/#website\"},\"primaryImageOfPage\":{\"@id\":\"https:\/\/www.africa-press.net\/niger\/toutes-les-actualites\/temoignages-les-patients-plaident-pour-une-reduction-des-frais-des-soins#primaryimage\"},\"image\":{\"@id\":\"https:\/\/www.africa-press.net\/niger\/toutes-les-actualites\/temoignages-les-patients-plaident-pour-une-reduction-des-frais-des-soins#primaryimage\"},\"thumbnailUrl\":\"https:\/\/static.africa-press.net\/niger\/sites\/40\/2024\/03\/sm_1710935643.72678.jpg\",\"datePublished\":\"2024-03-20T13:59:50+00:00\",\"dateModified\":\"2024-03-20T15:24:37+00:00\",\"author\":{\"@id\":\"https:\/\/www.africa-press.net\/niger\/#\/schema\/person\/2b1cf3cd81a31e3cd26889ca66d677f1\"},\"description\":\"Mlle Mariama, atteinte de carie dentaire, explique le calvaire qu\u2019elle vit au quotidien. \u00ab Je souffre de cette maladie d ...\",\"breadcrumb\":{\"@id\":\"https:\/\/www.africa-press.net\/niger\/toutes-les-actualites\/temoignages-les-patients-plaident-pour-une-reduction-des-frais-des-soins#breadcrumb\"},\"inLanguage\":\"fr-FR\",\"potentialAction\":[{\"@type\":\"ReadAction\",\"target\":[\"https:\/\/www.africa-press.net\/niger\/toutes-les-actualites\/temoignages-les-patients-plaident-pour-une-reduction-des-frais-des-soins\"]}]},{\"@type\":\"ImageObject\",\"inLanguage\":\"fr-FR\",\"@id\":\"https:\/\/www.africa-press.net\/niger\/toutes-les-actualites\/temoignages-les-patients-plaident-pour-une-reduction-des-frais-des-soins#primaryimage\",\"url\":\"https:\/\/static.africa-press.net\/niger\/sites\/40\/2024\/03\/sm_1710935643.72678.jpg\",\"contentUrl\":\"https:\/\/static.africa-press.net\/niger\/sites\/40\/2024\/03\/sm_1710935643.72678.jpg\",\"width\":900,\"height\":539,\"caption\":\"T\u00e9moignages : Les patients plaident pour une r\u00e9duction des frais des soins\"},{\"@type\":\"BreadcrumbList\",\"@id\":\"https:\/\/www.africa-press.net\/niger\/toutes-les-actualites\/temoignages-les-patients-plaident-pour-une-reduction-des-frais-des-soins#breadcrumb\",\"itemListElement\":[{\"@type\":\"ListItem\",\"position\":1,\"name\":\"Accueil\",\"item\":\"https:\/\/www.africa-press.net\/niger\/\"},{\"@type\":\"ListItem\",\"position\":2,\"name\":\"T\u00e9moignages : Les patients plaident pour une r\u00e9duction des frais des soins\"}]},{\"@type\":\"WebSite\",\"@id\":\"https:\/\/www.africa-press.net\/niger\/#website\",\"url\":\"https:\/\/www.africa-press.net\/niger\/\",\"name\":\"niger\",\"description\":\"Just another Africa News Agency Sites site\",\"potentialAction\":[{\"@type\":\"SearchAction\",\"target\":{\"@type\":\"EntryPoint\",\"urlTemplate\":\"https:\/\/www.africa-press.net\/niger\/?s={search_term_string}\"},\"query-input\":{\"@type\":\"PropertyValueSpecification\",\"valueRequired\":true,\"valueName\":\"search_term_string\"}}],\"inLanguage\":\"fr-FR\"},{\"@type\":\"Person\",\"@id\":\"https:\/\/www.africa-press.net\/niger\/#\/schema\/person\/2b1cf3cd81a31e3cd26889ca66d677f1\",\"name\":\"cfeditorfr\"}]}<\/script>\n<!-- \/ Yoast SEO Premium plugin. -->","yoast_head_json":{"title":"T\u00e9moignages : Les patients plaident pour une r\u00e9duction des frais des soins - niger","description":"Mlle Mariama, atteinte de carie dentaire, explique le calvaire qu\u2019elle vit au quotidien. \u00ab Je souffre de cette maladie d ...","robots":{"index":"index","follow":"follow","max-snippet":"max-snippet:-1","max-image-preview":"max-image-preview:large","max-video-preview":"max-video-preview:-1"},"canonical":"https:\/\/www.africa-press.net\/niger\/toutes-les-actualites\/temoignages-les-patients-plaident-pour-une-reduction-des-frais-des-soins","og_locale":"fr_FR","og_type":"article","og_title":"T\u00e9moignages : Les patients plaident pour une r\u00e9duction des frais des soins","og_description":"Mlle Mariama, atteinte de carie dentaire, explique le calvaire qu\u2019elle vit au quotidien. \u00ab Je souffre de cette maladie d ...","og_url":"https:\/\/www.africa-press.net\/niger\/toutes-les-actualites\/temoignages-les-patients-plaident-pour-une-reduction-des-frais-des-soins","og_site_name":"niger","article_published_time":"2024-03-20T13:59:50+00:00","article_modified_time":"2024-03-20T15:24:37+00:00","og_image":[{"width":900,"height":539,"url":"https:\/\/static.africa-press.net\/niger\/sites\/40\/2024\/03\/sm_1710935643.72678.jpg","type":"image\/jpeg"}],"author":"cfeditorfr","twitter_card":"summary_large_image","twitter_misc":{"\u00c9crit par":"cfeditorfr","Dur\u00e9e de lecture estim\u00e9e":"2 minutes"},"schema":{"@context":"https:\/\/schema.org","@graph":[{"@type":"Article","@id":"https:\/\/www.africa-press.net\/niger\/toutes-les-actualites\/temoignages-les-patients-plaident-pour-une-reduction-des-frais-des-soins#article","isPartOf":{"@id":"https:\/\/www.africa-press.net\/niger\/toutes-les-actualites\/temoignages-les-patients-plaident-pour-une-reduction-des-frais-des-soins"},"author":{"name":"cfeditorfr","@id":"https:\/\/www.africa-press.net\/niger\/#\/schema\/person\/2b1cf3cd81a31e3cd26889ca66d677f1"},"headline":"T\u00e9moignages : Les patients plaident pour une r\u00e9duction des frais des soins","datePublished":"2024-03-20T13:59:50+00:00","dateModified":"2024-03-20T15:24:37+00:00","mainEntityOfPage":{"@id":"https:\/\/www.africa-press.net\/niger\/toutes-les-actualites\/temoignages-les-patients-plaident-pour-une-reduction-des-frais-des-soins"},"wordCount":487,"commentCount":0,"image":{"@id":"https:\/\/www.africa-press.net\/niger\/toutes-les-actualites\/temoignages-les-patients-plaident-pour-une-reduction-des-frais-des-soins#primaryimage"},"thumbnailUrl":"https:\/\/static.africa-press.net\/niger\/sites\/40\/2024\/03\/sm_1710935643.72678.jpg","keywords":["Africa Press","Africa Press-Niger","Niger"],"articleSection":["Divers","Toutes les actualit\u00e9s"],"inLanguage":"fr-FR","potentialAction":[{"@type":"CommentAction","name":"Comment","target":["https:\/\/www.africa-press.net\/niger\/toutes-les-actualites\/temoignages-les-patients-plaident-pour-une-reduction-des-frais-des-soins#respond"]}]},{"@type":"WebPage","@id":"https:\/\/www.africa-press.net\/niger\/toutes-les-actualites\/temoignages-les-patients-plaident-pour-une-reduction-des-frais-des-soins","url":"https:\/\/www.africa-press.net\/niger\/toutes-les-actualites\/temoignages-les-patients-plaident-pour-une-reduction-des-frais-des-soins","name":"T\u00e9moignages : Les patients plaident pour une r\u00e9duction des frais des soins - niger","isPartOf":{"@id":"https:\/\/www.africa-press.net\/niger\/#website"},"primaryImageOfPage":{"@id":"https:\/\/www.africa-press.net\/niger\/toutes-les-actualites\/temoignages-les-patients-plaident-pour-une-reduction-des-frais-des-soins#primaryimage"},"image":{"@id":"https:\/\/www.africa-press.net\/niger\/toutes-les-actualites\/temoignages-les-patients-plaident-pour-une-reduction-des-frais-des-soins#primaryimage"},"thumbnailUrl":"https:\/\/static.africa-press.net\/niger\/sites\/40\/2024\/03\/sm_1710935643.72678.jpg","datePublished":"2024-03-20T13:59:50+00:00","dateModified":"2024-03-20T15:24:37+00:00","author":{"@id":"https:\/\/www.africa-press.net\/niger\/#\/schema\/person\/2b1cf3cd81a31e3cd26889ca66d677f1"},"description":"Mlle Mariama, atteinte de carie dentaire, explique le calvaire qu\u2019elle vit au quotidien. \u00ab Je souffre de cette maladie d ...","breadcrumb":{"@id":"https:\/\/www.africa-press.net\/niger\/toutes-les-actualites\/temoignages-les-patients-plaident-pour-une-reduction-des-frais-des-soins#breadcrumb"},"inLanguage":"fr-FR","potentialAction":[{"@type":"ReadAction","target":["https:\/\/www.africa-press.net\/niger\/toutes-les-actualites\/temoignages-les-patients-plaident-pour-une-reduction-des-frais-des-soins"]}]},{"@type":"ImageObject","inLanguage":"fr-FR","@id":"https:\/\/www.africa-press.net\/niger\/toutes-les-actualites\/temoignages-les-patients-plaident-pour-une-reduction-des-frais-des-soins#primaryimage","url":"https:\/\/static.africa-press.net\/niger\/sites\/40\/2024\/03\/sm_1710935643.72678.jpg","contentUrl":"https:\/\/static.africa-press.net\/niger\/sites\/40\/2024\/03\/sm_1710935643.72678.jpg","width":900,"height":539,"caption":"T\u00e9moignages : Les patients plaident pour une r\u00e9duction des frais des soins"},{"@type":"BreadcrumbList","@id":"https:\/\/www.africa-press.net\/niger\/toutes-les-actualites\/temoignages-les-patients-plaident-pour-une-reduction-des-frais-des-soins#breadcrumb","itemListElement":[{"@type":"ListItem","position":1,"name":"Accueil","item":"https:\/\/www.africa-press.net\/niger\/"},{"@type":"ListItem","position":2,"name":"T\u00e9moignages : Les patients plaident pour une r\u00e9duction des frais des soins"}]},{"@type":"WebSite","@id":"https:\/\/www.africa-press.net\/niger\/#website","url":"https:\/\/www.africa-press.net\/niger\/","name":"niger","description":"Just another Africa News Agency Sites site","potentialAction":[{"@type":"SearchAction","target":{"@type":"EntryPoint","urlTemplate":"https:\/\/www.africa-press.net\/niger\/?s={search_term_string}"},"query-input":{"@type":"PropertyValueSpecification","valueRequired":true,"valueName":"search_term_string"}}],"inLanguage":"fr-FR"},{"@type":"Person","@id":"https:\/\/www.africa-press.net\/niger\/#\/schema\/person\/2b1cf3cd81a31e3cd26889ca66d677f1","name":"cfeditorfr"}]}},"_links":{"self":[{"href":"https:\/\/www.africa-press.net\/niger\/wp-json\/wp\/v2\/posts\/60269","targetHints":{"allow":["GET"]}}],"collection":[{"href":"https:\/\/www.africa-press.net\/niger\/wp-json\/wp\/v2\/posts"}],"about":[{"href":"https:\/\/www.africa-press.net\/niger\/wp-json\/wp\/v2\/types\/post"}],"author":[{"embeddable":true,"href":"https:\/\/www.africa-press.net\/niger\/wp-json\/wp\/v2\/users\/82"}],"replies":[{"embeddable":true,"href":"https:\/\/www.africa-press.net\/niger\/wp-json\/wp\/v2\/comments?post=60269"}],"version-history":[{"count":0,"href":"https:\/\/www.africa-press.net\/niger\/wp-json\/wp\/v2\/posts\/60269\/revisions"}],"wp:featuredmedia":[{"embeddable":true,"href":"https:\/\/www.africa-press.net\/niger\/wp-json\/wp\/v2\/media\/60268"}],"wp:attachment":[{"href":"https:\/\/www.africa-press.net\/niger\/wp-json\/wp\/v2\/media?parent=60269"}],"wp:term":[{"taxonomy":"category","embeddable":true,"href":"https:\/\/www.africa-press.net\/niger\/wp-json\/wp\/v2\/categories?post=60269"},{"taxonomy":"post_tag","embeddable":true,"href":"https:\/\/www.africa-press.net\/niger\/wp-json\/wp\/v2\/tags?post=60269"}],"curies":[{"name":"wp","href":"https:\/\/api.w.org\/{rel}","templated":true}]}}