{"id":60271,"date":"2024-03-20T14:38:08","date_gmt":"2024-03-20T14:38:08","guid":{"rendered":"https:\/\/www.africa-press.net\/niger\/politique\/carie-dentaire-une-bonne-hygiene-alimentaire-et-buccale-comme-prevention-de-la-maladie"},"modified":"2024-03-20T15:24:58","modified_gmt":"2024-03-20T15:24:58","slug":"carie-dentaire-une-bonne-hygiene-alimentaire-et-buccale-comme-prevention-de-la-maladie","status":"publish","type":"post","link":"https:\/\/www.africa-press.net\/niger\/toutes-les-actualites\/carie-dentaire-une-bonne-hygiene-alimentaire-et-buccale-comme-prevention-de-la-maladie","title":{"rendered":"Carie dentaire : Une bonne hygi\u00e8ne alimentaire et buccale comme pr\u00e9vention de la maladie"},"content":{"rendered":"<p><span style=\"color: #ff6600\"><strong>Africa-Press &#8211; Niger. <\/strong><\/span>La carie dentaire constitue un de\u0301fi majeur de sante\u0301 publique au Niger. De plus en plus pre\u0301sente chez les Nige\u0301riens, cette pathologie est un ve\u0301ritable frein au bien-e\u0302tre des patients, rendant difficile le quotidien de ces derniers. Cette situation s\u2019explique par le manque ou l\u2019insuffisance des soins bucco-dentaires de la population. Selon une e\u0301tude re\u0301alise\u0301e en 2021 par le laboratoire Health Sciences and Disease, 223 patients, soit 69,9 % ont pre\u0301sente\u0301 des plaques dentaires, 49 patients, soit 15,1 % de\u0301veloppaient une gingivite. 201patients (63,6 %) avaient des le\u0301sions carieuses, 66 patients (20,68 %) avaient au moins une dent absente pour cause de carie dentaire et 52 patients (15,72 %) avaient des dents obture\u0301es. Cette e\u0301tude a permis de de\u0301nombrer 578 dents carie\u0301es, 154 dents absentes, et 73 dents obture\u0301es soit un indice CAO de la population examine\u0301e e\u0301gal a\u0300 2,52. Effectuer au moins une consultation par an chez le dentiste et avoir une bonne hygie\u0300ne bucco-dentaire permettrait de pre\u0301venir les caries dentaires.<\/p>\n<p>Maladie infectieuse non transmissible, la carie dentaire est cause\u0301e par un de\u0301se\u0301quilibre au niveau de la cavite\u0301 buccale lorsque les germes inoffensifs qui se trouvent dans la bouche deviennent dangereux et attaquent, la dent entrainant ainsi la destruction des tissus durs de celle-ci. Ces microbes de\u0301mine\u0301ralisent l\u2019e\u0301mail et la dentine. Cette maladie e\u0301volue en centripe\u0300te, c\u2019est-a\u0300-dire, elle se de\u0301veloppe de l\u2019exte\u0301rieur vers l\u2019inte\u0301rieur de la dent jusqu\u2019a\u0300 la pulpe, provoquant des douleurs et un abce\u0300s dentaire. Toutefois, l\u2019on peut la pre\u0301venir gra\u0302ce a\u0300 une bonne hygie\u0300ne alimentaire et buccale. Elle est aussi curable, voire e\u0301vitable gra\u0302ce a\u0300 une prise en charge a\u0300 temps.<\/p>\n<p>D\u2019apre\u0300s les explications de la chirurgienne-dentiste, Dr Goukoye Adiza Paraizo, promotrice du Cabinet dentaire du plateau, la carie est une maladie infectieuse de la dent qui est provoque\u0301e par des germes (microbes) qui, a\u0300 l\u2019origine, sont saprophytes, c\u2019est-a\u0300-dire qu\u2019ils rentrent me\u0302me dans la composition des e\u0301le\u0301ments de la bouche telle que la salive. En re\u0301alite\u0301, \u00ab ces germes ne sont pas pathoge\u0300nes, ils sont non dangereux dans un premier temps pour la bouche. Mais, a\u0300 l\u2019occasion des de\u0301se\u0301quilibres au niveau de la cavite\u0301 buccale, ces germes deviennent dangereux. C\u2019est ainsi qu\u2019ils de\u0301veloppent des substances qui attaquent la dent entrainant la destruction des tissus durs, des tissus mine\u0301ralise\u0301s de la dent a\u0300 savoir l\u2019e\u0301mail, la dentine, le nerf qui est au centre, etc. De la\u0300, il va re\u0301sulter une cavite\u0301, un trou dans la dent \u00bb, a-t-elle pre\u0301cise\u0301.<\/p>\n<p>La carie est cause\u0301e par les germes qui sont tre\u0300s nombreux dans la cavite\u0301 buccale. \u00ab A la faveur d\u2019un de\u0301se\u0301quilibre au niveau de la cavite\u0301 buccale lie\u0301 a\u0300 l\u2019hygie\u0300ne alimentaire, ces germes acquie\u0300rent une certaine virulence pour devenir dangereux pour la dent. Ils se nourrissent ge\u0301ne\u0301ralement du sucre que nous consommons. Ils produisent des acides qui menaceront et attaqueront la dent. Ces germes sont ge\u0301ne\u0301ralement pre\u0301sents dans la plaque dentaire, une couche blancha\u0302tre qui se de\u0301pose sur la dent. Cette plaque est colle\u0301e a\u0300 la surface dentaire. Lorsque ces germes sont nombreux dans cette plaque, ils attaquent la dent. En somme, une mauvaise hygie\u0300ne bucco-dentaire et une mauvaise hygie\u0300ne alimentaire peuvent e\u0302tre la cause de l\u2019apparition de la carie dentaire \u00bb, explique la chirurgienne dentiste.<\/p>\n<p>Selon Dr Goukoye Adiza Paraizo, lorsque la plaque dentaire reste longtemps dans la cavite\u0301 dentaire et qu\u2019elle n\u2019est pas de\u0301truite par le brossage, elle se transforme en tartre dentaire. \u00ab Ce tartre qui est colle\u0301 a\u0300 la dent et la gencive provoquera un proble\u0300me, le parodonte, c\u2019est la parodontopathie. Les caries dentaires et les parodontopathies constituent 80 % des maladies de la bouche \u00bb, pre\u0301cise-t-elle.<\/p>\n<p><b>Une maladie centripe\u0300te<\/b><\/p>\n<p>La dentiste explique que la maladie a une e\u0301volution centripe\u0300te, elle e\u0301volue de la pe\u0301riphe\u0301rie vers le centre. \u00ab Le but de ces germes (streptocoques et les staphylocoques), c\u2019est d\u2019atteindre la pulpe qui est le nerf, l\u2019appareil vivant de la dent. Le premier e\u0301le\u0301ment du tissu qui est attaque\u0301, c\u2019est l\u2019e\u0301mail, elle est inerte, donc pas vascularise\u0301e, opaque et solide, elle forme la protection supe\u0301rieure de la dent. Cette e\u0301tape est asymptomatique (pas de douleur), c\u2019est a\u0300 peine qu\u2019on arrive a\u0300 de\u0301celer une cavite\u0301. Elle est appele\u0301e carie de l\u2019e\u0301mail. Si la maladie n\u2019est pas prise en charge, elle e\u0301volue vers la dentine, deuxie\u0300me couche du tissu dur mine\u0301ralise\u0301 de la dent \u00bb, a-t-elle pre\u0301cise\u0301.<\/p>\n<p>La chirurgienne dentiste a pre\u0301cise\u0301 que contrairement a\u0300 l\u2019e\u0301mail, la dentine est vascularise\u0301e et innerve\u0301e. D\u2019apre\u0300s elle, lorsque la maladie atteint la dentine, les premiers sympto\u0302mes apparaissent, notamment la sensation de chaux, de froid et de douleur. L\u2019on parle de la carie de la dentine. \u00ab Si la maladie n\u2019est pas prise en charge, elle e\u0301volue jusqu\u2019au nerf qui est la pulpe dentaire, l\u2019e\u0301le\u0301ment vascularise\u0301 et innerve\u0301 de la dent. C\u2019est celui-ci qui donne la vitalite\u0301 a\u0300 la dent. En ce moment, il y aura des tre\u0300s grosses douleurs, en particulier la douleur nocturne. C\u2019est ce qu\u2019on appelle la rage des dents. Cette progression de la maladie est appele\u0301e e\u0301volution centripe\u0300te \u00bb, a-t-elle ajoute\u0301.<\/p>\n<p>Dr Goukoye Adiza Paraizo previent que lorsque la dent n\u2019est pas encore traite\u0301e, la carie e\u0301volue pour provoquer la ne\u0301crose, la mort de ce nerf ou putre\u0301faction, puis l\u2019apparition des gaz, ensuite l\u2019apparition d\u2019un acce\u0300s qui va aller a\u0300 l\u2019extre\u0301mite\u0301 de la racine de la dent. Une fois arrive\u0301 aux racines dentaires, ces germes vont se diffuser au niveau de la ma\u0302choire, provoquant une tume\u0301faction, un enflamment dans la bouche avec e\u0301vacuation des pus, ou l\u2019apparition d\u2019une fistule. Si les pus n\u2019arrivent a\u0300 s\u2019e\u0301vacuer, il y aura une tume\u0301faction ou gonflement au niveau de la bouche. L\u2019on parle de complication des voisinages. La carie va, de complication en complication, e\u0301voluer dans les tissus de voisinage, provoquer les flegmons, c\u2019est-a\u0300-dire les pus qui vont s\u2019infiltrer, puis migrer au niveau des muscles. En ce moment, l\u2019on va assister a\u0300 plusieurs flegmons ou cellulite. Cette dernie\u0300re va provoquer des proble\u0300mes me\u0301caniques. La situation peut conduire a\u0300 l\u2019asphyxie, voire a\u0300 la mort du patient. Une septice\u0301mie envahit l\u2019organisme du patient et la mort suivra \u00bb, a-t-elle explique\u0301.<\/p>\n<p><b>Des mesures pre\u0301ventives<\/b><\/p>\n<p>En face d\u2019une cavite\u0301 (trou), le dentiste pose le diagnostic. Il se pose entre autres questions: est-ce qu\u2019on peut re\u0301cupe\u0301rer l\u2019innervation de cette dent ? Est-ce que l\u2019infection a atteint le nerf ou entraine\u0301 sa mort ? Est-ce qu\u2019elle est alle\u0301e plus loin ? Si la dent a atteint un stade irre\u0301cupe\u0301rable son extraction est indique\u0301e.<\/p>\n<p>Dr Goukoye Adiza Paraizo a indique\u0301 que la pre\u0301vention se fait a\u0300 plusieurs niveaux. Au niveau primaire, \u00ab c\u2019est d\u2019adopter des conditions qui font en sorte que la carie n\u2019apparaisse pas dans la cavite\u0301 buccale. En re\u0301alite\u0301, tout tourne au niveau de l\u2019hygie\u0300ne bucco-dentaire. Il faut avoir l\u2019habitude de la bonne hygie\u0300ne depuis l\u2019enfance. Si l\u2019on acquiert ces habitudes de\u0300s le bas-a\u0302ge, l\u2019on a beaucoup de chance d\u2019e\u0301viter cette maladie \u00bb, a-t-elle ajoute\u0301. C\u2019est ainsi que la spe\u0301cialiste dentaire recommande le brossage de la dent et des gencives, trois fois par jour (apre\u0300s le petit de\u0301jeuner, le de\u0301jeuner et le diner), d\u2019utiliser une brosse souple, qu\u2019il faut changer re\u0301gulie\u0300rement chaque un a\u0300 deux mois. \u00ab Il faut avoir une pa\u0302te dentifrice fluore\u0301e car, le fluor joue un ro\u0302le important dans la protection de la dent. Il favorise e\u0301galement la remine\u0301ralisation (la re\u0301paration) des tissues durs de la dent, notamment l\u2019e\u0301mail, la dentine, le ce\u0301ma qui font partie des parodontes. Je conseillerais l\u2019utilisation du fil dentaire, un fil en soie, qu\u2019il faudrait placer entre les dents pour de\u0301loger la plaque dentaire, les re\u0301sidus alimentaires qui peuvent s\u2019incruster entre les dents \u00bb, a-t-elle conseille\u0301.<\/p>\n<p>La chirurgienne-dentiste recommande e\u0301galement a\u0300 la population de consulter re\u0301gulie\u0300rement un dentiste, deux visites par an, de faire l\u2019examen du cadre de la bouche pour essayer de diagnostiquer certaines anomalies ou le de\u0301but de la carie, d\u2019avoir une hygie\u0300ne buccale, un entretien de la cavite\u0301 buccale car, le brossage seulement ne permet pas d\u2019e\u0301liminer tous les de\u0301chets qui se de\u0301posent au niveau de la dent. Ceux qui sont dans la plaque, il faut de\u0301tartrer la dent et avoir aussi une bonne hygie\u0300ne alimentaire en e\u0301vitant la consommation excessive de sucre, c\u2019est un facteur qui favorise la carie.<\/p>\n<p>Selon la dentiste, lorsqu\u2019il y a l\u2019apparition de la cavite\u0301 au niveau de la dentine, le spe\u0301cialiste va faire un traitement conservateur qui consiste a\u0300 nettoyer la dent, faire une obturation permanente de la dent en tenant compte de la profondeur de la carie. S\u2019agissant de certains patients qui consultent chez les tradipraticiens, elle a de\u0301clare\u0301 que cela est un souci que les professionnels de sante\u0301 rencontrent au niveau des centres sanitaires. \u00ab Au niveau des tradipraticiens, ces patients ne sont pas pris en charge de manie\u0300re scientifique. D\u2019ailleurs, ces gue\u0301risseurs donnent une autre interpre\u0301tation de la maladie en imaginant des causes infonde\u0301es. Malheureusement, ces patients finissent a\u0300 l\u2019ho\u0302pital au stade terminal de la maladie. Ainsi, dans les meilleures des cas, il y aura l\u2019extraction de la dent et aux pires des cas on aura des complications re\u0301gionales avec une extension de l\u2019infection dentaire. C\u2019est pourquoi, nous invitons la population a\u0300 se faire consulter dans les centres approprie\u0301s afin d\u2019e\u0301viter ces complications \u00bb, a-t-elle pre\u0301venu.<\/p>\n<p>Dr Goukoye Adiza Paraizo souligne par ailleurs que les prothe\u0300ses dentaires consistent a\u0300 re\u0301habiliter la cavite\u0301 buccale en cas de perte de dents ou de leurs absences. \u00ab A la suite de l\u2019extraction ou la chute de la dent, il y aura un de\u0301se\u0301quilibre au niveau de mastication. Le but de la prothe\u0300se, c\u2019est de remplacer ces dents pour avoir un coefficient masticatoire acceptable. Avant de la poser, il faut re\u0301habiliter la cavite\u0301 buccale sans cela, il y aura un de\u0301se\u0301quilibre au niveau de la face. Ainsi, le patient ne pourra pas bien broyer les aliments. Cela peut entrainer des proble\u0300mes digestifs tels que l\u2019indigestion et la constipation \u00bb, a-t-il pre\u0301cise\u0301.<\/p>\n<p><strong>Pour plus d&rsquo;informations et d&rsquo;analyses sur la <a href=\"https:\/\/www.africa-press.net\/niger\">Niger<\/a>, suivez <a href=\"https:\/\/www.africa-press.net\/\">Africa-Press<\/a><\/strong><\/p>\n","protected":false},"excerpt":{"rendered":"<p>Africa-Press &#8211; Niger. La carie dentaire constitue un de\u0301fi majeur de sante\u0301 publique au Niger. De plus en plus pre\u0301sente chez les Nige\u0301riens, cette pathologie est un ve\u0301ritable frein au bien-e\u0302tre des patients, rendant difficile le quotidien de ces derniers. Cette situation s\u2019explique par le manque ou l\u2019insuffisance des soins bucco-dentaires de la population. Selon [&hellip;]<\/p>\n","protected":false},"author":82,"featured_media":60270,"comment_status":"open","ping_status":"closed","sticky":false,"template":"","format":"standard","meta":{"footnotes":""},"categories":[21,10],"tags":[55,60,29],"class_list":["post-60271","post","type-post","status-publish","format-standard","has-post-thumbnail","hentry","category-communaute","category-toutes-les-actualites","tag-africa-press","tag-africa-press-niger","tag-niger"],"yoast_head":"<!-- This site is optimized with the Yoast SEO Premium plugin v26.1 (Yoast SEO v27.0) - https:\/\/yoast.com\/product\/yoast-seo-premium-wordpress\/ -->\n<title>Carie dentaire : Une bonne hygi\u00e8ne alimentaire et buccale comme pr\u00e9vention de la maladie - niger<\/title>\n<meta name=\"description\" content=\"La carie dentaire constitue un de\u0301fi majeur de sante\u0301 publique au Niger. De plus en plus pre\u0301sente chez les Nige\u0301riens, ...\" \/>\n<meta name=\"robots\" content=\"index, follow, max-snippet:-1, max-image-preview:large, max-video-preview:-1\" \/>\n<link rel=\"canonical\" href=\"https:\/\/www.africa-press.net\/niger\/toutes-les-actualites\/carie-dentaire-une-bonne-hygiene-alimentaire-et-buccale-comme-prevention-de-la-maladie\" \/>\n<meta property=\"og:locale\" content=\"fr_FR\" \/>\n<meta property=\"og:type\" content=\"article\" \/>\n<meta property=\"og:title\" content=\"Carie dentaire : Une bonne hygi\u00e8ne alimentaire et buccale comme pr\u00e9vention de la maladie\" \/>\n<meta property=\"og:description\" content=\"La carie dentaire constitue un de\u0301fi majeur de sante\u0301 publique au Niger. De plus en plus pre\u0301sente chez les Nige\u0301riens, ...\" \/>\n<meta property=\"og:url\" content=\"https:\/\/www.africa-press.net\/niger\/toutes-les-actualites\/carie-dentaire-une-bonne-hygiene-alimentaire-et-buccale-comme-prevention-de-la-maladie\" \/>\n<meta property=\"og:site_name\" content=\"niger\" \/>\n<meta property=\"article:published_time\" content=\"2024-03-20T14:38:08+00:00\" \/>\n<meta property=\"article:modified_time\" content=\"2024-03-20T15:24:58+00:00\" \/>\n<meta property=\"og:image\" content=\"https:\/\/static.africa-press.net\/niger\/sites\/40\/2024\/03\/sm_1710935665.43402.jpg\" \/>\n\t<meta property=\"og:image:width\" content=\"1280\" \/>\n\t<meta property=\"og:image:height\" content=\"720\" \/>\n\t<meta property=\"og:image:type\" content=\"image\/jpeg\" \/>\n<meta name=\"author\" content=\"cfeditorfr\" \/>\n<meta name=\"twitter:card\" content=\"summary_large_image\" \/>\n<meta name=\"twitter:label1\" content=\"\u00c9crit par\" \/>\n\t<meta name=\"twitter:data1\" content=\"cfeditorfr\" \/>\n\t<meta name=\"twitter:label2\" content=\"Dur\u00e9e de lecture estim\u00e9e\" \/>\n\t<meta name=\"twitter:data2\" content=\"9 minutes\" \/>\n<script type=\"application\/ld+json\" class=\"yoast-schema-graph\">{\"@context\":\"https:\/\/schema.org\",\"@graph\":[{\"@type\":\"Article\",\"@id\":\"https:\/\/www.africa-press.net\/niger\/toutes-les-actualites\/carie-dentaire-une-bonne-hygiene-alimentaire-et-buccale-comme-prevention-de-la-maladie#article\",\"isPartOf\":{\"@id\":\"https:\/\/www.africa-press.net\/niger\/toutes-les-actualites\/carie-dentaire-une-bonne-hygiene-alimentaire-et-buccale-comme-prevention-de-la-maladie\"},\"author\":{\"name\":\"cfeditorfr\",\"@id\":\"https:\/\/www.africa-press.net\/niger\/#\/schema\/person\/2b1cf3cd81a31e3cd26889ca66d677f1\"},\"headline\":\"Carie dentaire : Une bonne hygi\u00e8ne alimentaire et buccale comme pr\u00e9vention de la maladie\",\"datePublished\":\"2024-03-20T14:38:08+00:00\",\"dateModified\":\"2024-03-20T15:24:58+00:00\",\"mainEntityOfPage\":{\"@id\":\"https:\/\/www.africa-press.net\/niger\/toutes-les-actualites\/carie-dentaire-une-bonne-hygiene-alimentaire-et-buccale-comme-prevention-de-la-maladie\"},\"wordCount\":1886,\"commentCount\":0,\"image\":{\"@id\":\"https:\/\/www.africa-press.net\/niger\/toutes-les-actualites\/carie-dentaire-une-bonne-hygiene-alimentaire-et-buccale-comme-prevention-de-la-maladie#primaryimage\"},\"thumbnailUrl\":\"https:\/\/static.africa-press.net\/niger\/sites\/40\/2024\/03\/sm_1710935665.43402.jpg\",\"keywords\":[\"Africa Press\",\"Africa Press-Niger\",\"Niger\"],\"articleSection\":[\"Communaut\u00e9\",\"Toutes les actualit\u00e9s\"],\"inLanguage\":\"fr-FR\",\"potentialAction\":[{\"@type\":\"CommentAction\",\"name\":\"Comment\",\"target\":[\"https:\/\/www.africa-press.net\/niger\/toutes-les-actualites\/carie-dentaire-une-bonne-hygiene-alimentaire-et-buccale-comme-prevention-de-la-maladie#respond\"]}]},{\"@type\":\"WebPage\",\"@id\":\"https:\/\/www.africa-press.net\/niger\/toutes-les-actualites\/carie-dentaire-une-bonne-hygiene-alimentaire-et-buccale-comme-prevention-de-la-maladie\",\"url\":\"https:\/\/www.africa-press.net\/niger\/toutes-les-actualites\/carie-dentaire-une-bonne-hygiene-alimentaire-et-buccale-comme-prevention-de-la-maladie\",\"name\":\"Carie dentaire : Une bonne hygi\u00e8ne alimentaire et buccale comme pr\u00e9vention de la maladie - niger\",\"isPartOf\":{\"@id\":\"https:\/\/www.africa-press.net\/niger\/#website\"},\"primaryImageOfPage\":{\"@id\":\"https:\/\/www.africa-press.net\/niger\/toutes-les-actualites\/carie-dentaire-une-bonne-hygiene-alimentaire-et-buccale-comme-prevention-de-la-maladie#primaryimage\"},\"image\":{\"@id\":\"https:\/\/www.africa-press.net\/niger\/toutes-les-actualites\/carie-dentaire-une-bonne-hygiene-alimentaire-et-buccale-comme-prevention-de-la-maladie#primaryimage\"},\"thumbnailUrl\":\"https:\/\/static.africa-press.net\/niger\/sites\/40\/2024\/03\/sm_1710935665.43402.jpg\",\"datePublished\":\"2024-03-20T14:38:08+00:00\",\"dateModified\":\"2024-03-20T15:24:58+00:00\",\"author\":{\"@id\":\"https:\/\/www.africa-press.net\/niger\/#\/schema\/person\/2b1cf3cd81a31e3cd26889ca66d677f1\"},\"description\":\"La carie dentaire constitue un de\u0301fi majeur de sante\u0301 publique au Niger. De plus en plus pre\u0301sente chez les Nige\u0301riens, ...\",\"breadcrumb\":{\"@id\":\"https:\/\/www.africa-press.net\/niger\/toutes-les-actualites\/carie-dentaire-une-bonne-hygiene-alimentaire-et-buccale-comme-prevention-de-la-maladie#breadcrumb\"},\"inLanguage\":\"fr-FR\",\"potentialAction\":[{\"@type\":\"ReadAction\",\"target\":[\"https:\/\/www.africa-press.net\/niger\/toutes-les-actualites\/carie-dentaire-une-bonne-hygiene-alimentaire-et-buccale-comme-prevention-de-la-maladie\"]}]},{\"@type\":\"ImageObject\",\"inLanguage\":\"fr-FR\",\"@id\":\"https:\/\/www.africa-press.net\/niger\/toutes-les-actualites\/carie-dentaire-une-bonne-hygiene-alimentaire-et-buccale-comme-prevention-de-la-maladie#primaryimage\",\"url\":\"https:\/\/static.africa-press.net\/niger\/sites\/40\/2024\/03\/sm_1710935665.43402.jpg\",\"contentUrl\":\"https:\/\/static.africa-press.net\/niger\/sites\/40\/2024\/03\/sm_1710935665.43402.jpg\",\"width\":1280,\"height\":720,\"caption\":\"Carie dentaire : Une bonne hygi\u00e8ne alimentaire et buccale comme pr\u00e9vention de la maladie\"},{\"@type\":\"BreadcrumbList\",\"@id\":\"https:\/\/www.africa-press.net\/niger\/toutes-les-actualites\/carie-dentaire-une-bonne-hygiene-alimentaire-et-buccale-comme-prevention-de-la-maladie#breadcrumb\",\"itemListElement\":[{\"@type\":\"ListItem\",\"position\":1,\"name\":\"Accueil\",\"item\":\"https:\/\/www.africa-press.net\/niger\/\"},{\"@type\":\"ListItem\",\"position\":2,\"name\":\"Carie dentaire : Une bonne hygi\u00e8ne alimentaire et buccale comme pr\u00e9vention de la maladie\"}]},{\"@type\":\"WebSite\",\"@id\":\"https:\/\/www.africa-press.net\/niger\/#website\",\"url\":\"https:\/\/www.africa-press.net\/niger\/\",\"name\":\"niger\",\"description\":\"Just another Africa News Agency Sites site\",\"potentialAction\":[{\"@type\":\"SearchAction\",\"target\":{\"@type\":\"EntryPoint\",\"urlTemplate\":\"https:\/\/www.africa-press.net\/niger\/?s={search_term_string}\"},\"query-input\":{\"@type\":\"PropertyValueSpecification\",\"valueRequired\":true,\"valueName\":\"search_term_string\"}}],\"inLanguage\":\"fr-FR\"},{\"@type\":\"Person\",\"@id\":\"https:\/\/www.africa-press.net\/niger\/#\/schema\/person\/2b1cf3cd81a31e3cd26889ca66d677f1\",\"name\":\"cfeditorfr\"}]}<\/script>\n<!-- \/ Yoast SEO Premium plugin. -->","yoast_head_json":{"title":"Carie dentaire : Une bonne hygi\u00e8ne alimentaire et buccale comme pr\u00e9vention de la maladie - niger","description":"La carie dentaire constitue un de\u0301fi majeur de sante\u0301 publique au Niger. De plus en plus pre\u0301sente chez les Nige\u0301riens, ...","robots":{"index":"index","follow":"follow","max-snippet":"max-snippet:-1","max-image-preview":"max-image-preview:large","max-video-preview":"max-video-preview:-1"},"canonical":"https:\/\/www.africa-press.net\/niger\/toutes-les-actualites\/carie-dentaire-une-bonne-hygiene-alimentaire-et-buccale-comme-prevention-de-la-maladie","og_locale":"fr_FR","og_type":"article","og_title":"Carie dentaire : Une bonne hygi\u00e8ne alimentaire et buccale comme pr\u00e9vention de la maladie","og_description":"La carie dentaire constitue un de\u0301fi majeur de sante\u0301 publique au Niger. De plus en plus pre\u0301sente chez les Nige\u0301riens, ...","og_url":"https:\/\/www.africa-press.net\/niger\/toutes-les-actualites\/carie-dentaire-une-bonne-hygiene-alimentaire-et-buccale-comme-prevention-de-la-maladie","og_site_name":"niger","article_published_time":"2024-03-20T14:38:08+00:00","article_modified_time":"2024-03-20T15:24:58+00:00","og_image":[{"width":1280,"height":720,"url":"https:\/\/static.africa-press.net\/niger\/sites\/40\/2024\/03\/sm_1710935665.43402.jpg","type":"image\/jpeg"}],"author":"cfeditorfr","twitter_card":"summary_large_image","twitter_misc":{"\u00c9crit par":"cfeditorfr","Dur\u00e9e de lecture estim\u00e9e":"9 minutes"},"schema":{"@context":"https:\/\/schema.org","@graph":[{"@type":"Article","@id":"https:\/\/www.africa-press.net\/niger\/toutes-les-actualites\/carie-dentaire-une-bonne-hygiene-alimentaire-et-buccale-comme-prevention-de-la-maladie#article","isPartOf":{"@id":"https:\/\/www.africa-press.net\/niger\/toutes-les-actualites\/carie-dentaire-une-bonne-hygiene-alimentaire-et-buccale-comme-prevention-de-la-maladie"},"author":{"name":"cfeditorfr","@id":"https:\/\/www.africa-press.net\/niger\/#\/schema\/person\/2b1cf3cd81a31e3cd26889ca66d677f1"},"headline":"Carie dentaire : Une bonne hygi\u00e8ne alimentaire et buccale comme pr\u00e9vention de la maladie","datePublished":"2024-03-20T14:38:08+00:00","dateModified":"2024-03-20T15:24:58+00:00","mainEntityOfPage":{"@id":"https:\/\/www.africa-press.net\/niger\/toutes-les-actualites\/carie-dentaire-une-bonne-hygiene-alimentaire-et-buccale-comme-prevention-de-la-maladie"},"wordCount":1886,"commentCount":0,"image":{"@id":"https:\/\/www.africa-press.net\/niger\/toutes-les-actualites\/carie-dentaire-une-bonne-hygiene-alimentaire-et-buccale-comme-prevention-de-la-maladie#primaryimage"},"thumbnailUrl":"https:\/\/static.africa-press.net\/niger\/sites\/40\/2024\/03\/sm_1710935665.43402.jpg","keywords":["Africa Press","Africa Press-Niger","Niger"],"articleSection":["Communaut\u00e9","Toutes les actualit\u00e9s"],"inLanguage":"fr-FR","potentialAction":[{"@type":"CommentAction","name":"Comment","target":["https:\/\/www.africa-press.net\/niger\/toutes-les-actualites\/carie-dentaire-une-bonne-hygiene-alimentaire-et-buccale-comme-prevention-de-la-maladie#respond"]}]},{"@type":"WebPage","@id":"https:\/\/www.africa-press.net\/niger\/toutes-les-actualites\/carie-dentaire-une-bonne-hygiene-alimentaire-et-buccale-comme-prevention-de-la-maladie","url":"https:\/\/www.africa-press.net\/niger\/toutes-les-actualites\/carie-dentaire-une-bonne-hygiene-alimentaire-et-buccale-comme-prevention-de-la-maladie","name":"Carie dentaire : Une bonne hygi\u00e8ne alimentaire et buccale comme pr\u00e9vention de la maladie - niger","isPartOf":{"@id":"https:\/\/www.africa-press.net\/niger\/#website"},"primaryImageOfPage":{"@id":"https:\/\/www.africa-press.net\/niger\/toutes-les-actualites\/carie-dentaire-une-bonne-hygiene-alimentaire-et-buccale-comme-prevention-de-la-maladie#primaryimage"},"image":{"@id":"https:\/\/www.africa-press.net\/niger\/toutes-les-actualites\/carie-dentaire-une-bonne-hygiene-alimentaire-et-buccale-comme-prevention-de-la-maladie#primaryimage"},"thumbnailUrl":"https:\/\/static.africa-press.net\/niger\/sites\/40\/2024\/03\/sm_1710935665.43402.jpg","datePublished":"2024-03-20T14:38:08+00:00","dateModified":"2024-03-20T15:24:58+00:00","author":{"@id":"https:\/\/www.africa-press.net\/niger\/#\/schema\/person\/2b1cf3cd81a31e3cd26889ca66d677f1"},"description":"La carie dentaire constitue un de\u0301fi majeur de sante\u0301 publique au Niger. De plus en plus pre\u0301sente chez les Nige\u0301riens, ...","breadcrumb":{"@id":"https:\/\/www.africa-press.net\/niger\/toutes-les-actualites\/carie-dentaire-une-bonne-hygiene-alimentaire-et-buccale-comme-prevention-de-la-maladie#breadcrumb"},"inLanguage":"fr-FR","potentialAction":[{"@type":"ReadAction","target":["https:\/\/www.africa-press.net\/niger\/toutes-les-actualites\/carie-dentaire-une-bonne-hygiene-alimentaire-et-buccale-comme-prevention-de-la-maladie"]}]},{"@type":"ImageObject","inLanguage":"fr-FR","@id":"https:\/\/www.africa-press.net\/niger\/toutes-les-actualites\/carie-dentaire-une-bonne-hygiene-alimentaire-et-buccale-comme-prevention-de-la-maladie#primaryimage","url":"https:\/\/static.africa-press.net\/niger\/sites\/40\/2024\/03\/sm_1710935665.43402.jpg","contentUrl":"https:\/\/static.africa-press.net\/niger\/sites\/40\/2024\/03\/sm_1710935665.43402.jpg","width":1280,"height":720,"caption":"Carie dentaire : Une bonne hygi\u00e8ne alimentaire et buccale comme pr\u00e9vention de la maladie"},{"@type":"BreadcrumbList","@id":"https:\/\/www.africa-press.net\/niger\/toutes-les-actualites\/carie-dentaire-une-bonne-hygiene-alimentaire-et-buccale-comme-prevention-de-la-maladie#breadcrumb","itemListElement":[{"@type":"ListItem","position":1,"name":"Accueil","item":"https:\/\/www.africa-press.net\/niger\/"},{"@type":"ListItem","position":2,"name":"Carie dentaire : Une bonne hygi\u00e8ne alimentaire et buccale comme pr\u00e9vention de la maladie"}]},{"@type":"WebSite","@id":"https:\/\/www.africa-press.net\/niger\/#website","url":"https:\/\/www.africa-press.net\/niger\/","name":"niger","description":"Just another Africa News Agency Sites site","potentialAction":[{"@type":"SearchAction","target":{"@type":"EntryPoint","urlTemplate":"https:\/\/www.africa-press.net\/niger\/?s={search_term_string}"},"query-input":{"@type":"PropertyValueSpecification","valueRequired":true,"valueName":"search_term_string"}}],"inLanguage":"fr-FR"},{"@type":"Person","@id":"https:\/\/www.africa-press.net\/niger\/#\/schema\/person\/2b1cf3cd81a31e3cd26889ca66d677f1","name":"cfeditorfr"}]}},"_links":{"self":[{"href":"https:\/\/www.africa-press.net\/niger\/wp-json\/wp\/v2\/posts\/60271","targetHints":{"allow":["GET"]}}],"collection":[{"href":"https:\/\/www.africa-press.net\/niger\/wp-json\/wp\/v2\/posts"}],"about":[{"href":"https:\/\/www.africa-press.net\/niger\/wp-json\/wp\/v2\/types\/post"}],"author":[{"embeddable":true,"href":"https:\/\/www.africa-press.net\/niger\/wp-json\/wp\/v2\/users\/82"}],"replies":[{"embeddable":true,"href":"https:\/\/www.africa-press.net\/niger\/wp-json\/wp\/v2\/comments?post=60271"}],"version-history":[{"count":0,"href":"https:\/\/www.africa-press.net\/niger\/wp-json\/wp\/v2\/posts\/60271\/revisions"}],"wp:featuredmedia":[{"embeddable":true,"href":"https:\/\/www.africa-press.net\/niger\/wp-json\/wp\/v2\/media\/60270"}],"wp:attachment":[{"href":"https:\/\/www.africa-press.net\/niger\/wp-json\/wp\/v2\/media?parent=60271"}],"wp:term":[{"taxonomy":"category","embeddable":true,"href":"https:\/\/www.africa-press.net\/niger\/wp-json\/wp\/v2\/categories?post=60271"},{"taxonomy":"post_tag","embeddable":true,"href":"https:\/\/www.africa-press.net\/niger\/wp-json\/wp\/v2\/tags?post=60271"}],"curies":[{"name":"wp","href":"https:\/\/api.w.org\/{rel}","templated":true}]}}