{"id":60287,"date":"2024-03-20T14:41:04","date_gmt":"2024-03-20T14:41:04","guid":{"rendered":"https:\/\/www.africa-press.net\/niger\/politique\/point-de-presse-du-ministere-en-charge-de-linterieur-recadrer-les-activites-des-ongs-et-associations-au-profit-de-la-population"},"modified":"2024-03-20T15:26:25","modified_gmt":"2024-03-20T15:26:25","slug":"point-de-presse-du-ministere-en-charge-de-linterieur-recadrer-les-activites-des-ongs-et-associations-au-profit-de-la-population","status":"publish","type":"post","link":"https:\/\/www.africa-press.net\/niger\/politique\/point-de-presse-du-ministere-en-charge-de-linterieur-recadrer-les-activites-des-ongs-et-associations-au-profit-de-la-population","title":{"rendered":"Point de presse du Minist\u00e8re en charge de l\u2019Int\u00e9rieur : Recadrer les activit\u00e9s des ONGs et Associations au profit de la population"},"content":{"rendered":"<p><span style=\"color: #ff6600\"><strong>Africa-Press &#8211; Niger. <\/strong><\/span><b>Le Secre\u0301taire ge\u0301ne\u0301ral du Ministe\u0300re de l\u2019Inte\u0301rieur, de la Se\u0301curite\u0301 Publique et de l\u2019Administration du Territoire, M. Samaila Idi Dan Bouzou, a anime\u0301 hier mardi 19 mars 2024, un point de presse sur la situation des ONGs et Associations de de\u0301veloppement au Niger. A cette occasion plusieurs points ont e\u0301te\u0301 de\u0301veloppe\u0301s, dont le cadre juridique des ONGs et Associations de de\u0301veloppement et leur e\u0301volution au Niger, leurs missions, le rapport entre l\u2019Etat et ces structures, les solutions et les mesures pour e\u0301tablir une bonne relation entre ces structures et la tutelle.<\/b><\/p>\n<p>A la date du 22 janvier 2022, le Niger comptait 3.257 ONGs et Associations de de\u0301veloppement reconnues par l\u2019Etat. Sur instruction du Ministre d\u2019Etat, ministre de l\u2019Inte\u0301rieur, de la Se\u0301curite\u0301 Publique et de l\u2019Administration du Territoire, le Ge\u0301ne\u0301ral de Brigade Mohamed Toumba, un travail a e\u0301te\u0301 mene\u0301 pour faire la situation exhaustive de toutes ces structures. Dans ce point de presse, le Secre\u0301taire ge\u0301ne\u0301ral du Ministe\u0300re en charge de l\u2019Inte\u0301rieur a rappele\u0301 qu\u2019il est opportun et essentiel de recadrer les actions de ces ONGs et Associations de de\u0301veloppement pour qu\u2019elles puissent ve\u0301ritablement accompagner les autorite\u0301s actuelles a\u0300 re\u0301ussir leur mission en matie\u0300re de se\u0301curite\u0301 et de de\u0301veloppement.<\/p>\n<p>\u00ab Quand on a des structures qui naissent tous les jours, il est important de poser les difficulte\u0301s que ces structures cre\u0301ent dans le fonctionnement de l\u2019Etat pour qu\u2019ensemble on puisse e\u0301changer autour des questions. Dieu seul sait, dans le fonctionnement de ces ONGs les difficulte\u0301s sur lesquelles le Ministe\u0300re a mis le doigt. Il faut qu\u2019on cadre et qu\u2019on recadre ve\u0301ritablement ce que chacune de ces ONGs et Associations doit faire, surtout en lien avec le contexte actuel, en mettant surtout le doigt sur les ONGs e\u0301trange\u0300res. Notre pays a des orientations politiques nouvelles. Il faut que les ONGs et Associations soient en harmonie et en conformite\u0301 avec les orientations du CNSP \u00bb, a explique\u0301 M. Samaila Idi Dan Bouzou.<\/p>\n<p>S\u2019agissant des insuffisances releve\u0301es par la tutelle, il y a le faible alignement des ONGs aux politiques nationales et locales ; l\u2019opacite\u0301 et la non transparence dans la recherche de financement ; la mauvaise re\u0301partition des ONGs sur le territoire nige\u0301rien, cre\u0301ant ainsi un de\u0301se\u0301quilibre dans le processus de de\u0301veloppement, le non-respect des textes qui re\u0301gissent le fonctionnement des ONGs et Associations ; la non-exe\u0301cution des cahiers de charge, etc.<\/p>\n<p>Selon le Secre\u0301taire ge\u0301ne\u0301ral du Ministe\u0300re en charge de l\u2019Inte\u0301rieur, la principale mission des ONGs re\u0301side dans les actions de comple\u0301mentarite\u0301, l\u2019accompagnement de l\u2019Etat dans ses actions de de\u0301veloppement, l\u2019e\u0301closion et le renforcement de l\u2019unite\u0301, la liberte\u0301 et la solidarite\u0301 entre les citoyens. \u00ab Aujourd\u2019hui le Ministe\u0300re en charge de l\u2019Inte\u0301rieur a les yeux ouverts sur ce que font les ONGs et Associations. Et dans le contro\u0302le que le Ministe\u0300re me\u0300ne au quotidien, nous nous sommes rendus compte qu\u2019il y a un certain nombre d\u2019insuffisances qu\u2019il est important de partager avec la population. Aujourd\u2019hui, les ONGs, bien su\u0302r il y en a celles qui ont des comportements positifs mais il y en a aussi celles qui ont des comportements qui me\u0301ritent qu\u2019on s\u2019y penche. Le Ministe\u0300re s\u2019y penche sur ces grandes insuffisances qu\u2019on constate dans le fonctionnement des ONGs. Nous sommes dans un Etat organise\u0301 et les ONGs doivent s\u2019aligner aux politiques publiques de l\u2019Etat. Il y a des ONGs qui laissent carre\u0301ment leurs cahiers de charge pour faire autre chose. Et aujourd\u2019hui, dans le contexte se\u0301curitaire de notre pays, ces ONGs constituent un danger pour notre socie\u0301te\u0301 \u00bb, a regrette\u0301 M. Samaila Idi Dan Bouzou.<\/p>\n<p>A l\u2019endroit de ces ONGs et Associations \u00ab dangereuses \u00bb, qui ne respectent pas les normes, toutes les dispositions ont e\u0301te\u0301 prises pour les mettre hors d\u2019e\u0301tat de nuire. \u00ab Toutes ces ONGs qui font ce qu\u2019elles ne doivent pas faire seront de\u0301niche\u0301es ; connues et sanctionne\u0301es conformement a\u0300 la re\u0301glementation en vigueur \u00bb, a de\u0301clare\u0301 le Secre\u0301taire ge\u0301ne\u0301ral du Ministe\u0300re de l\u2019Inte\u0301rieur.<\/p>\n<p>&nbsp;<\/p>\n<p><strong>Pour plus d&rsquo;informations et d&rsquo;analyses sur la <a href=\"https:\/\/www.africa-press.net\/niger\">Niger<\/a>, suivez <a href=\"https:\/\/www.africa-press.net\/\">Africa-Press<\/a><\/strong><\/p>\n","protected":false},"excerpt":{"rendered":"<p>Africa-Press &#8211; Niger. Le Secre\u0301taire ge\u0301ne\u0301ral du Ministe\u0300re de l\u2019Inte\u0301rieur, de la Se\u0301curite\u0301 Publique et de l\u2019Administration du Territoire, M. Samaila Idi Dan Bouzou, a anime\u0301 hier mardi 19 mars 2024, un point de presse sur la situation des ONGs et Associations de de\u0301veloppement au Niger. A cette occasion plusieurs points ont e\u0301te\u0301 de\u0301veloppe\u0301s, dont [&hellip;]<\/p>\n","protected":false},"author":82,"featured_media":60285,"comment_status":"open","ping_status":"closed","sticky":false,"template":"","format":"standard","meta":{"footnotes":""},"categories":[2,10],"tags":[55,60,29],"class_list":["post-60287","post","type-post","status-publish","format-standard","has-post-thumbnail","hentry","category-politique","category-toutes-les-actualites","tag-africa-press","tag-africa-press-niger","tag-niger"],"yoast_head":"<!-- This site is optimized with the Yoast SEO Premium plugin v26.1 (Yoast SEO v27.0) - https:\/\/yoast.com\/product\/yoast-seo-premium-wordpress\/ -->\n<title>Point de presse du Minist\u00e8re en charge de l\u2019Int\u00e9rieur : Recadrer les activit\u00e9s des ONGs et Associations au profit de la population - niger<\/title>\n<meta name=\"description\" content=\"Le Secre\u0301taire ge\u0301ne\u0301ral du Ministe\u0300re de l\u2019Inte\u0301rieur, de la Se\u0301curite\u0301 Publique et de l\u2019Administration du Territoir ...\" \/>\n<meta name=\"robots\" content=\"index, follow, max-snippet:-1, max-image-preview:large, max-video-preview:-1\" \/>\n<link rel=\"canonical\" href=\"https:\/\/www.africa-press.net\/niger\/politique\/point-de-presse-du-ministere-en-charge-de-linterieur-recadrer-les-activites-des-ongs-et-associations-au-profit-de-la-population\" \/>\n<meta property=\"og:locale\" content=\"fr_FR\" \/>\n<meta property=\"og:type\" content=\"article\" \/>\n<meta property=\"og:title\" content=\"Point de presse du Minist\u00e8re en charge de l\u2019Int\u00e9rieur : Recadrer les activit\u00e9s des ONGs et Associations au profit de la population\" \/>\n<meta property=\"og:description\" content=\"Le Secre\u0301taire ge\u0301ne\u0301ral du Ministe\u0300re de l\u2019Inte\u0301rieur, de la Se\u0301curite\u0301 Publique et de l\u2019Administration du Territoir ...\" \/>\n<meta property=\"og:url\" content=\"https:\/\/www.africa-press.net\/niger\/politique\/point-de-presse-du-ministere-en-charge-de-linterieur-recadrer-les-activites-des-ongs-et-associations-au-profit-de-la-population\" \/>\n<meta property=\"og:site_name\" content=\"niger\" \/>\n<meta property=\"article:published_time\" content=\"2024-03-20T14:41:04+00:00\" \/>\n<meta property=\"article:modified_time\" content=\"2024-03-20T15:26:25+00:00\" \/>\n<meta property=\"og:image\" content=\"https:\/\/static.africa-press.net\/niger\/sites\/40\/2024\/03\/sm_1710935757.576665.jpg\" \/>\n\t<meta property=\"og:image:width\" content=\"1024\" \/>\n\t<meta property=\"og:image:height\" content=\"683\" \/>\n\t<meta property=\"og:image:type\" content=\"image\/jpeg\" \/>\n<meta name=\"author\" content=\"cfeditorfr\" \/>\n<meta name=\"twitter:card\" content=\"summary_large_image\" \/>\n<meta name=\"twitter:label1\" content=\"\u00c9crit par\" \/>\n\t<meta name=\"twitter:data1\" content=\"cfeditorfr\" \/>\n\t<meta name=\"twitter:label2\" content=\"Dur\u00e9e de lecture estim\u00e9e\" \/>\n\t<meta name=\"twitter:data2\" content=\"4 minutes\" \/>\n<script type=\"application\/ld+json\" class=\"yoast-schema-graph\">{\"@context\":\"https:\/\/schema.org\",\"@graph\":[{\"@type\":\"Article\",\"@id\":\"https:\/\/www.africa-press.net\/niger\/politique\/point-de-presse-du-ministere-en-charge-de-linterieur-recadrer-les-activites-des-ongs-et-associations-au-profit-de-la-population#article\",\"isPartOf\":{\"@id\":\"https:\/\/www.africa-press.net\/niger\/politique\/point-de-presse-du-ministere-en-charge-de-linterieur-recadrer-les-activites-des-ongs-et-associations-au-profit-de-la-population\"},\"author\":{\"name\":\"cfeditorfr\",\"@id\":\"https:\/\/www.africa-press.net\/niger\/#\/schema\/person\/2b1cf3cd81a31e3cd26889ca66d677f1\"},\"headline\":\"Point de presse du Minist\u00e8re en charge de l\u2019Int\u00e9rieur : Recadrer les activit\u00e9s des ONGs et Associations au profit de la population\",\"datePublished\":\"2024-03-20T14:41:04+00:00\",\"dateModified\":\"2024-03-20T15:26:25+00:00\",\"mainEntityOfPage\":{\"@id\":\"https:\/\/www.africa-press.net\/niger\/politique\/point-de-presse-du-ministere-en-charge-de-linterieur-recadrer-les-activites-des-ongs-et-associations-au-profit-de-la-population\"},\"wordCount\":790,\"commentCount\":0,\"image\":{\"@id\":\"https:\/\/www.africa-press.net\/niger\/politique\/point-de-presse-du-ministere-en-charge-de-linterieur-recadrer-les-activites-des-ongs-et-associations-au-profit-de-la-population#primaryimage\"},\"thumbnailUrl\":\"https:\/\/static.africa-press.net\/niger\/sites\/40\/2024\/03\/sm_1710935757.576665.jpg\",\"keywords\":[\"Africa Press\",\"Africa Press-Niger\",\"Niger\"],\"articleSection\":[\"Politique\",\"Toutes les actualit\u00e9s\"],\"inLanguage\":\"fr-FR\",\"potentialAction\":[{\"@type\":\"CommentAction\",\"name\":\"Comment\",\"target\":[\"https:\/\/www.africa-press.net\/niger\/politique\/point-de-presse-du-ministere-en-charge-de-linterieur-recadrer-les-activites-des-ongs-et-associations-au-profit-de-la-population#respond\"]}]},{\"@type\":\"WebPage\",\"@id\":\"https:\/\/www.africa-press.net\/niger\/politique\/point-de-presse-du-ministere-en-charge-de-linterieur-recadrer-les-activites-des-ongs-et-associations-au-profit-de-la-population\",\"url\":\"https:\/\/www.africa-press.net\/niger\/politique\/point-de-presse-du-ministere-en-charge-de-linterieur-recadrer-les-activites-des-ongs-et-associations-au-profit-de-la-population\",\"name\":\"Point de presse du Minist\u00e8re en charge de l\u2019Int\u00e9rieur : Recadrer les activit\u00e9s des ONGs et Associations au profit de la population - niger\",\"isPartOf\":{\"@id\":\"https:\/\/www.africa-press.net\/niger\/#website\"},\"primaryImageOfPage\":{\"@id\":\"https:\/\/www.africa-press.net\/niger\/politique\/point-de-presse-du-ministere-en-charge-de-linterieur-recadrer-les-activites-des-ongs-et-associations-au-profit-de-la-population#primaryimage\"},\"image\":{\"@id\":\"https:\/\/www.africa-press.net\/niger\/politique\/point-de-presse-du-ministere-en-charge-de-linterieur-recadrer-les-activites-des-ongs-et-associations-au-profit-de-la-population#primaryimage\"},\"thumbnailUrl\":\"https:\/\/static.africa-press.net\/niger\/sites\/40\/2024\/03\/sm_1710935757.576665.jpg\",\"datePublished\":\"2024-03-20T14:41:04+00:00\",\"dateModified\":\"2024-03-20T15:26:25+00:00\",\"author\":{\"@id\":\"https:\/\/www.africa-press.net\/niger\/#\/schema\/person\/2b1cf3cd81a31e3cd26889ca66d677f1\"},\"description\":\"Le Secre\u0301taire ge\u0301ne\u0301ral du Ministe\u0300re de l\u2019Inte\u0301rieur, de la Se\u0301curite\u0301 Publique et de l\u2019Administration du Territoir ...\",\"breadcrumb\":{\"@id\":\"https:\/\/www.africa-press.net\/niger\/politique\/point-de-presse-du-ministere-en-charge-de-linterieur-recadrer-les-activites-des-ongs-et-associations-au-profit-de-la-population#breadcrumb\"},\"inLanguage\":\"fr-FR\",\"potentialAction\":[{\"@type\":\"ReadAction\",\"target\":[\"https:\/\/www.africa-press.net\/niger\/politique\/point-de-presse-du-ministere-en-charge-de-linterieur-recadrer-les-activites-des-ongs-et-associations-au-profit-de-la-population\"]}]},{\"@type\":\"ImageObject\",\"inLanguage\":\"fr-FR\",\"@id\":\"https:\/\/www.africa-press.net\/niger\/politique\/point-de-presse-du-ministere-en-charge-de-linterieur-recadrer-les-activites-des-ongs-et-associations-au-profit-de-la-population#primaryimage\",\"url\":\"https:\/\/static.africa-press.net\/niger\/sites\/40\/2024\/03\/sm_1710935757.576665.jpg\",\"contentUrl\":\"https:\/\/static.africa-press.net\/niger\/sites\/40\/2024\/03\/sm_1710935757.576665.jpg\",\"width\":1024,\"height\":683,\"caption\":\"Point de presse du Minist\u00e8re en charge de l\u2019Int\u00e9rieur : Recadrer les activit\u00e9s des ONGs et Associations au profit de la population\"},{\"@type\":\"BreadcrumbList\",\"@id\":\"https:\/\/www.africa-press.net\/niger\/politique\/point-de-presse-du-ministere-en-charge-de-linterieur-recadrer-les-activites-des-ongs-et-associations-au-profit-de-la-population#breadcrumb\",\"itemListElement\":[{\"@type\":\"ListItem\",\"position\":1,\"name\":\"Accueil\",\"item\":\"https:\/\/www.africa-press.net\/niger\/\"},{\"@type\":\"ListItem\",\"position\":2,\"name\":\"Point de presse du Minist\u00e8re en charge de l\u2019Int\u00e9rieur : Recadrer les activit\u00e9s des ONGs et Associations au profit de la population\"}]},{\"@type\":\"WebSite\",\"@id\":\"https:\/\/www.africa-press.net\/niger\/#website\",\"url\":\"https:\/\/www.africa-press.net\/niger\/\",\"name\":\"niger\",\"description\":\"Just another Africa News Agency Sites site\",\"potentialAction\":[{\"@type\":\"SearchAction\",\"target\":{\"@type\":\"EntryPoint\",\"urlTemplate\":\"https:\/\/www.africa-press.net\/niger\/?s={search_term_string}\"},\"query-input\":{\"@type\":\"PropertyValueSpecification\",\"valueRequired\":true,\"valueName\":\"search_term_string\"}}],\"inLanguage\":\"fr-FR\"},{\"@type\":\"Person\",\"@id\":\"https:\/\/www.africa-press.net\/niger\/#\/schema\/person\/2b1cf3cd81a31e3cd26889ca66d677f1\",\"name\":\"cfeditorfr\"}]}<\/script>\n<!-- \/ Yoast SEO Premium plugin. -->","yoast_head_json":{"title":"Point de presse du Minist\u00e8re en charge de l\u2019Int\u00e9rieur : Recadrer les activit\u00e9s des ONGs et Associations au profit de la population - niger","description":"Le Secre\u0301taire ge\u0301ne\u0301ral du Ministe\u0300re de l\u2019Inte\u0301rieur, de la Se\u0301curite\u0301 Publique et de l\u2019Administration du Territoir ...","robots":{"index":"index","follow":"follow","max-snippet":"max-snippet:-1","max-image-preview":"max-image-preview:large","max-video-preview":"max-video-preview:-1"},"canonical":"https:\/\/www.africa-press.net\/niger\/politique\/point-de-presse-du-ministere-en-charge-de-linterieur-recadrer-les-activites-des-ongs-et-associations-au-profit-de-la-population","og_locale":"fr_FR","og_type":"article","og_title":"Point de presse du Minist\u00e8re en charge de l\u2019Int\u00e9rieur : Recadrer les activit\u00e9s des ONGs et Associations au profit de la population","og_description":"Le Secre\u0301taire ge\u0301ne\u0301ral du Ministe\u0300re de l\u2019Inte\u0301rieur, de la Se\u0301curite\u0301 Publique et de l\u2019Administration du Territoir ...","og_url":"https:\/\/www.africa-press.net\/niger\/politique\/point-de-presse-du-ministere-en-charge-de-linterieur-recadrer-les-activites-des-ongs-et-associations-au-profit-de-la-population","og_site_name":"niger","article_published_time":"2024-03-20T14:41:04+00:00","article_modified_time":"2024-03-20T15:26:25+00:00","og_image":[{"width":1024,"height":683,"url":"https:\/\/static.africa-press.net\/niger\/sites\/40\/2024\/03\/sm_1710935757.576665.jpg","type":"image\/jpeg"}],"author":"cfeditorfr","twitter_card":"summary_large_image","twitter_misc":{"\u00c9crit par":"cfeditorfr","Dur\u00e9e de lecture estim\u00e9e":"4 minutes"},"schema":{"@context":"https:\/\/schema.org","@graph":[{"@type":"Article","@id":"https:\/\/www.africa-press.net\/niger\/politique\/point-de-presse-du-ministere-en-charge-de-linterieur-recadrer-les-activites-des-ongs-et-associations-au-profit-de-la-population#article","isPartOf":{"@id":"https:\/\/www.africa-press.net\/niger\/politique\/point-de-presse-du-ministere-en-charge-de-linterieur-recadrer-les-activites-des-ongs-et-associations-au-profit-de-la-population"},"author":{"name":"cfeditorfr","@id":"https:\/\/www.africa-press.net\/niger\/#\/schema\/person\/2b1cf3cd81a31e3cd26889ca66d677f1"},"headline":"Point de presse du Minist\u00e8re en charge de l\u2019Int\u00e9rieur : Recadrer les activit\u00e9s des ONGs et Associations au profit de la population","datePublished":"2024-03-20T14:41:04+00:00","dateModified":"2024-03-20T15:26:25+00:00","mainEntityOfPage":{"@id":"https:\/\/www.africa-press.net\/niger\/politique\/point-de-presse-du-ministere-en-charge-de-linterieur-recadrer-les-activites-des-ongs-et-associations-au-profit-de-la-population"},"wordCount":790,"commentCount":0,"image":{"@id":"https:\/\/www.africa-press.net\/niger\/politique\/point-de-presse-du-ministere-en-charge-de-linterieur-recadrer-les-activites-des-ongs-et-associations-au-profit-de-la-population#primaryimage"},"thumbnailUrl":"https:\/\/static.africa-press.net\/niger\/sites\/40\/2024\/03\/sm_1710935757.576665.jpg","keywords":["Africa Press","Africa Press-Niger","Niger"],"articleSection":["Politique","Toutes les actualit\u00e9s"],"inLanguage":"fr-FR","potentialAction":[{"@type":"CommentAction","name":"Comment","target":["https:\/\/www.africa-press.net\/niger\/politique\/point-de-presse-du-ministere-en-charge-de-linterieur-recadrer-les-activites-des-ongs-et-associations-au-profit-de-la-population#respond"]}]},{"@type":"WebPage","@id":"https:\/\/www.africa-press.net\/niger\/politique\/point-de-presse-du-ministere-en-charge-de-linterieur-recadrer-les-activites-des-ongs-et-associations-au-profit-de-la-population","url":"https:\/\/www.africa-press.net\/niger\/politique\/point-de-presse-du-ministere-en-charge-de-linterieur-recadrer-les-activites-des-ongs-et-associations-au-profit-de-la-population","name":"Point de presse du Minist\u00e8re en charge de l\u2019Int\u00e9rieur : Recadrer les activit\u00e9s des ONGs et Associations au profit de la population - niger","isPartOf":{"@id":"https:\/\/www.africa-press.net\/niger\/#website"},"primaryImageOfPage":{"@id":"https:\/\/www.africa-press.net\/niger\/politique\/point-de-presse-du-ministere-en-charge-de-linterieur-recadrer-les-activites-des-ongs-et-associations-au-profit-de-la-population#primaryimage"},"image":{"@id":"https:\/\/www.africa-press.net\/niger\/politique\/point-de-presse-du-ministere-en-charge-de-linterieur-recadrer-les-activites-des-ongs-et-associations-au-profit-de-la-population#primaryimage"},"thumbnailUrl":"https:\/\/static.africa-press.net\/niger\/sites\/40\/2024\/03\/sm_1710935757.576665.jpg","datePublished":"2024-03-20T14:41:04+00:00","dateModified":"2024-03-20T15:26:25+00:00","author":{"@id":"https:\/\/www.africa-press.net\/niger\/#\/schema\/person\/2b1cf3cd81a31e3cd26889ca66d677f1"},"description":"Le Secre\u0301taire ge\u0301ne\u0301ral du Ministe\u0300re de l\u2019Inte\u0301rieur, de la Se\u0301curite\u0301 Publique et de l\u2019Administration du Territoir ...","breadcrumb":{"@id":"https:\/\/www.africa-press.net\/niger\/politique\/point-de-presse-du-ministere-en-charge-de-linterieur-recadrer-les-activites-des-ongs-et-associations-au-profit-de-la-population#breadcrumb"},"inLanguage":"fr-FR","potentialAction":[{"@type":"ReadAction","target":["https:\/\/www.africa-press.net\/niger\/politique\/point-de-presse-du-ministere-en-charge-de-linterieur-recadrer-les-activites-des-ongs-et-associations-au-profit-de-la-population"]}]},{"@type":"ImageObject","inLanguage":"fr-FR","@id":"https:\/\/www.africa-press.net\/niger\/politique\/point-de-presse-du-ministere-en-charge-de-linterieur-recadrer-les-activites-des-ongs-et-associations-au-profit-de-la-population#primaryimage","url":"https:\/\/static.africa-press.net\/niger\/sites\/40\/2024\/03\/sm_1710935757.576665.jpg","contentUrl":"https:\/\/static.africa-press.net\/niger\/sites\/40\/2024\/03\/sm_1710935757.576665.jpg","width":1024,"height":683,"caption":"Point de presse du Minist\u00e8re en charge de l\u2019Int\u00e9rieur : Recadrer les activit\u00e9s des ONGs et Associations au profit de la population"},{"@type":"BreadcrumbList","@id":"https:\/\/www.africa-press.net\/niger\/politique\/point-de-presse-du-ministere-en-charge-de-linterieur-recadrer-les-activites-des-ongs-et-associations-au-profit-de-la-population#breadcrumb","itemListElement":[{"@type":"ListItem","position":1,"name":"Accueil","item":"https:\/\/www.africa-press.net\/niger\/"},{"@type":"ListItem","position":2,"name":"Point de presse du Minist\u00e8re en charge de l\u2019Int\u00e9rieur : Recadrer les activit\u00e9s des ONGs et Associations au profit de la population"}]},{"@type":"WebSite","@id":"https:\/\/www.africa-press.net\/niger\/#website","url":"https:\/\/www.africa-press.net\/niger\/","name":"niger","description":"Just another Africa News Agency Sites site","potentialAction":[{"@type":"SearchAction","target":{"@type":"EntryPoint","urlTemplate":"https:\/\/www.africa-press.net\/niger\/?s={search_term_string}"},"query-input":{"@type":"PropertyValueSpecification","valueRequired":true,"valueName":"search_term_string"}}],"inLanguage":"fr-FR"},{"@type":"Person","@id":"https:\/\/www.africa-press.net\/niger\/#\/schema\/person\/2b1cf3cd81a31e3cd26889ca66d677f1","name":"cfeditorfr"}]}},"_links":{"self":[{"href":"https:\/\/www.africa-press.net\/niger\/wp-json\/wp\/v2\/posts\/60287","targetHints":{"allow":["GET"]}}],"collection":[{"href":"https:\/\/www.africa-press.net\/niger\/wp-json\/wp\/v2\/posts"}],"about":[{"href":"https:\/\/www.africa-press.net\/niger\/wp-json\/wp\/v2\/types\/post"}],"author":[{"embeddable":true,"href":"https:\/\/www.africa-press.net\/niger\/wp-json\/wp\/v2\/users\/82"}],"replies":[{"embeddable":true,"href":"https:\/\/www.africa-press.net\/niger\/wp-json\/wp\/v2\/comments?post=60287"}],"version-history":[{"count":0,"href":"https:\/\/www.africa-press.net\/niger\/wp-json\/wp\/v2\/posts\/60287\/revisions"}],"wp:featuredmedia":[{"embeddable":true,"href":"https:\/\/www.africa-press.net\/niger\/wp-json\/wp\/v2\/media\/60285"}],"wp:attachment":[{"href":"https:\/\/www.africa-press.net\/niger\/wp-json\/wp\/v2\/media?parent=60287"}],"wp:term":[{"taxonomy":"category","embeddable":true,"href":"https:\/\/www.africa-press.net\/niger\/wp-json\/wp\/v2\/categories?post=60287"},{"taxonomy":"post_tag","embeddable":true,"href":"https:\/\/www.africa-press.net\/niger\/wp-json\/wp\/v2\/tags?post=60287"}],"curies":[{"name":"wp","href":"https:\/\/api.w.org\/{rel}","templated":true}]}}