{"id":60289,"date":"2024-03-20T14:41:29","date_gmt":"2024-03-20T14:41:29","guid":{"rendered":"https:\/\/www.africa-press.net\/niger\/politique\/lancement-des-activites-de-la-2eme-phase-du-projet-avenir-pour-un-acces-plus-equitable-a-la-therapie-contre-les-infections-bacteriennes-chez-les-enfants-de-moins-de-5-ans"},"modified":"2024-03-20T15:26:52","modified_gmt":"2024-03-20T15:26:52","slug":"lancement-des-activites-de-la-2eme-phase-du-projet-avenir-pour-un-acces-plus-equitable-a-la-therapie-contre-les-infections-bacteriennes-chez-les-enfants-de-moins-de-5-ans","status":"publish","type":"post","link":"https:\/\/www.africa-press.net\/niger\/toutes-les-actualites\/lancement-des-activites-de-la-2eme-phase-du-projet-avenir-pour-un-acces-plus-equitable-a-la-therapie-contre-les-infections-bacteriennes-chez-les-enfants-de-moins-de-5-ans","title":{"rendered":"Lancement des activit\u00e9s de la 2\u00e8me phase du projet AVENIR : Pour un acc\u00e8s plus \u00e9quitable \u00e0 la th\u00e9rapie contre les infections bact\u00e9riennes chez les enfants de moins de 5 ans"},"content":{"rendered":"<p><span style=\"color: #ff6600\"><strong>Africa-Press &#8211; Niger. <\/strong><\/span><b>Le ministre de la Sante\u0301 Publique, de la Population et des Affaires Sociales, le Me\u0301decin-Colonel-Major Garba Hakimi a pre\u0301side\u0301, hier matin a\u0300 Niamey, la ce\u0301re\u0301monie de lancement des activite\u0301s de la phase 2 du Projet Azithromycine pour la Vie des Enfants au Niger (AVENIR). Les activite\u0301s portent notamment sur la distribution de l\u2019Azithromycine, un antibiotique contre diverses infections bacte\u0301riennes chez les enfants de 1 a\u0300 59 mois. En effet, la deuxie\u0300me phase, vient e\u0301largir la porte\u0301e du de\u0301ploiement de l\u2019arsenal the\u0301rapeutique, tout en impliquant une collaboration e\u0301troite avec les autorite\u0301s locales et d\u2019autres partenaires cle\u0301s, afin de contribuer a\u0300 re\u0301duire davantage la mortalite\u0301 des enfants de moins de 5 ans. Ceci apre\u0300s que la premie\u0300re phase du projet ait fait baisser ce taux de mortalite\u0301 de 14 %.<\/b><\/p>\n<p>La ce\u0301re\u0301monie s\u2019est de\u0301roule\u0301e en pre\u0301sence des responsables, des partenaires techniques et financiers de la mise en \u0153uvre du projet, notamment le Programme national de sante\u0301 oculaire (PNSO), la fondation Proctor de l\u2019universite\u0301 de Californie a\u0300 San Francisco et la Fondation Bill et Melinda Gate. L\u2019Azithromycine est un antibiotique qui, selon les autorite\u0301s sanitaires, a de\u0301montre\u0301 son efficacite\u0301 dans le traitement de diverses infections bacte\u0301riennes, de certaines maladies respiratoires, et en ge\u0301ne\u0301ral dans la re\u0301duction de la mortalite\u0301 des enfants ces dernie\u0300res anne\u0301es. Suite a\u0300 une re\u0301duction significative de la mortalite\u0301 de 25 % chez les nourrissons de 1 a\u0300 11 mois, le traitement est pre\u0301conise\u0301 par les recommandations d\u2019aou\u0302t 2020 de l\u2019Organisation mondiale de la Sante\u0301, dans les pays ou\u0300 la mortalite\u0301 infantile est tre\u0300s e\u0301leve\u0301e. Aussi, rappelle-t-on, notre pays est, depuis 4 ans aujourd\u2019hui, membre du re\u0301seau REACH (Re\u0301silience a\u0300 travers l\u2019Azithromycine pour les enfants). Ce re\u0301seau regroupe tous les pays dans lesquels s\u2019effectue la distribution de l\u2019Azithromycine.<\/p>\n<p>Pour le ministre de la Sante\u0301 Publique, de la Population et des Affaires Sociales, la premie\u0300re phase du projet AVENIR a e\u0301te\u0301 une re\u0301ussite. Le Me\u0301decin Colonel-major Garba Hakimi engage les acteurs a\u0300 faire de la pre\u0301sente phase \u00ab un succe\u0300s tout aussi grand, sinon plus \u00bb. Ce qui correspond aux hautes orientations du Pre\u0301sident du Conseil National pour la Sauvegarde de la Patrie, Chef de l\u2019Etat, le Ge\u0301ne\u0301ral de Brigade Abdourahamane Tiani et qui font de la sante\u0301 de la population une priorite\u0301 absolue. Le ministre se dit fier des re\u0301sultats obtenus jusqu\u2019a\u0300 pre\u0301sent et de l\u2019impact positif que cette initiative a eu sur la sante\u0301 des populations.<\/p>\n<p>Les enseignements de la premie\u0300re phase intervenue dans les re\u0301gions de Dosso, Maradi et Tahoua sont capitalise\u0301s pour maximiser l\u2019efficacite\u0301 de la seconde phase qui concerne les re\u0301gions d\u2019Agadez, de Diffa, de Tillabe\u0301ri et de Zinder. \u00ab La distribution de l\u2019Azithromycine est plus efficace chez les enfants de 1 a\u0300 59 mois que si celle-ci se faisait uniquement chez les enfants de 1 a\u0300 11 mois \u00bb, a releve\u0301 le Me\u0301decin Colonel-major Garba Hakimi, soulignant que la lutte contre les infections bacte\u0301riennes ne\u0301cessite une approche coordonne\u0301e et inte\u0301gre\u0301e. \u00ab C\u2019est dans cet esprit que nous travaillerons main dans la main avec les acteurs locaux et nationaux \u00bb, a rassure\u0301 le ministre de la Sante\u0301 Publique.<\/p>\n<p>&nbsp;<\/p>\n<p><strong>Pour plus d&rsquo;informations et d&rsquo;analyses sur la <a href=\"https:\/\/www.africa-press.net\/niger\">Niger<\/a>, suivez <a href=\"https:\/\/www.africa-press.net\/\">Africa-Press<\/a><\/strong><\/p>\n","protected":false},"excerpt":{"rendered":"<p>Africa-Press &#8211; Niger. Le ministre de la Sante\u0301 Publique, de la Population et des Affaires Sociales, le Me\u0301decin-Colonel-Major Garba Hakimi a pre\u0301side\u0301, hier matin a\u0300 Niamey, la ce\u0301re\u0301monie de lancement des activite\u0301s de la phase 2 du Projet Azithromycine pour la Vie des Enfants au Niger (AVENIR). Les activite\u0301s portent notamment sur la distribution de [&hellip;]<\/p>\n","protected":false},"author":82,"featured_media":60288,"comment_status":"open","ping_status":"closed","sticky":false,"template":"","format":"standard","meta":{"footnotes":""},"categories":[21,10],"tags":[55,60,29],"class_list":["post-60289","post","type-post","status-publish","format-standard","has-post-thumbnail","hentry","category-communaute","category-toutes-les-actualites","tag-africa-press","tag-africa-press-niger","tag-niger"],"yoast_head":"<!-- This site is optimized with the Yoast SEO Premium plugin v26.1 (Yoast SEO v27.0) - https:\/\/yoast.com\/product\/yoast-seo-premium-wordpress\/ -->\n<title>Lancement des activit\u00e9s de la 2\u00e8me phase du projet AVENIR : Pour un acc\u00e8s plus \u00e9quitable \u00e0 la th\u00e9rapie contre les infections bact\u00e9riennes chez les enfants de moins de 5 ans - niger<\/title>\n<meta name=\"description\" content=\"Le ministre de la Sante\u0301 Publique, de la Population et des Affaires Sociales, le Me\u0301decin-Colonel-Major Garba Hakimi ...\" \/>\n<meta name=\"robots\" content=\"index, follow, max-snippet:-1, max-image-preview:large, max-video-preview:-1\" \/>\n<link rel=\"canonical\" href=\"https:\/\/www.africa-press.net\/niger\/toutes-les-actualites\/lancement-des-activites-de-la-2eme-phase-du-projet-avenir-pour-un-acces-plus-equitable-a-la-therapie-contre-les-infections-bacteriennes-chez-les-enfants-de-moins-de-5-ans\" \/>\n<meta property=\"og:locale\" content=\"fr_FR\" \/>\n<meta property=\"og:type\" content=\"article\" \/>\n<meta property=\"og:title\" content=\"Lancement des activit\u00e9s de la 2\u00e8me phase du projet AVENIR : Pour un acc\u00e8s plus \u00e9quitable \u00e0 la th\u00e9rapie contre les infections bact\u00e9riennes chez les enfants de moins de 5 ans\" \/>\n<meta property=\"og:description\" content=\"Le ministre de la Sante\u0301 Publique, de la Population et des Affaires Sociales, le Me\u0301decin-Colonel-Major Garba Hakimi ...\" \/>\n<meta property=\"og:url\" content=\"https:\/\/www.africa-press.net\/niger\/toutes-les-actualites\/lancement-des-activites-de-la-2eme-phase-du-projet-avenir-pour-un-acces-plus-equitable-a-la-therapie-contre-les-infections-bacteriennes-chez-les-enfants-de-moins-de-5-ans\" \/>\n<meta property=\"og:site_name\" content=\"niger\" \/>\n<meta property=\"article:published_time\" content=\"2024-03-20T14:41:29+00:00\" \/>\n<meta property=\"article:modified_time\" content=\"2024-03-20T15:26:52+00:00\" \/>\n<meta property=\"og:image\" content=\"https:\/\/static.africa-press.net\/niger\/sites\/40\/2024\/03\/sm_1710935774.904237.jpg\" \/>\n\t<meta property=\"og:image:width\" content=\"800\" \/>\n\t<meta property=\"og:image:height\" content=\"533\" \/>\n\t<meta property=\"og:image:type\" content=\"image\/jpeg\" \/>\n<meta name=\"author\" content=\"cfeditorfr\" \/>\n<meta name=\"twitter:card\" content=\"summary_large_image\" \/>\n<meta name=\"twitter:label1\" content=\"\u00c9crit par\" \/>\n\t<meta name=\"twitter:data1\" content=\"cfeditorfr\" \/>\n\t<meta name=\"twitter:label2\" content=\"Dur\u00e9e de lecture estim\u00e9e\" \/>\n\t<meta name=\"twitter:data2\" content=\"3 minutes\" \/>\n<script type=\"application\/ld+json\" class=\"yoast-schema-graph\">{\"@context\":\"https:\/\/schema.org\",\"@graph\":[{\"@type\":\"Article\",\"@id\":\"https:\/\/www.africa-press.net\/niger\/toutes-les-actualites\/lancement-des-activites-de-la-2eme-phase-du-projet-avenir-pour-un-acces-plus-equitable-a-la-therapie-contre-les-infections-bacteriennes-chez-les-enfants-de-moins-de-5-ans#article\",\"isPartOf\":{\"@id\":\"https:\/\/www.africa-press.net\/niger\/toutes-les-actualites\/lancement-des-activites-de-la-2eme-phase-du-projet-avenir-pour-un-acces-plus-equitable-a-la-therapie-contre-les-infections-bacteriennes-chez-les-enfants-de-moins-de-5-ans\"},\"author\":{\"name\":\"cfeditorfr\",\"@id\":\"https:\/\/www.africa-press.net\/niger\/#\/schema\/person\/2b1cf3cd81a31e3cd26889ca66d677f1\"},\"headline\":\"Lancement des activit\u00e9s de la 2\u00e8me phase du projet AVENIR : Pour un acc\u00e8s plus \u00e9quitable \u00e0 la th\u00e9rapie contre les infections bact\u00e9riennes chez les enfants de moins de 5 ans\",\"datePublished\":\"2024-03-20T14:41:29+00:00\",\"dateModified\":\"2024-03-20T15:26:52+00:00\",\"mainEntityOfPage\":{\"@id\":\"https:\/\/www.africa-press.net\/niger\/toutes-les-actualites\/lancement-des-activites-de-la-2eme-phase-du-projet-avenir-pour-un-acces-plus-equitable-a-la-therapie-contre-les-infections-bacteriennes-chez-les-enfants-de-moins-de-5-ans\"},\"wordCount\":619,\"commentCount\":0,\"image\":{\"@id\":\"https:\/\/www.africa-press.net\/niger\/toutes-les-actualites\/lancement-des-activites-de-la-2eme-phase-du-projet-avenir-pour-un-acces-plus-equitable-a-la-therapie-contre-les-infections-bacteriennes-chez-les-enfants-de-moins-de-5-ans#primaryimage\"},\"thumbnailUrl\":\"https:\/\/static.africa-press.net\/niger\/sites\/40\/2024\/03\/sm_1710935774.904237.jpg\",\"keywords\":[\"Africa Press\",\"Africa Press-Niger\",\"Niger\"],\"articleSection\":[\"Communaut\u00e9\",\"Toutes les actualit\u00e9s\"],\"inLanguage\":\"fr-FR\",\"potentialAction\":[{\"@type\":\"CommentAction\",\"name\":\"Comment\",\"target\":[\"https:\/\/www.africa-press.net\/niger\/toutes-les-actualites\/lancement-des-activites-de-la-2eme-phase-du-projet-avenir-pour-un-acces-plus-equitable-a-la-therapie-contre-les-infections-bacteriennes-chez-les-enfants-de-moins-de-5-ans#respond\"]}]},{\"@type\":\"WebPage\",\"@id\":\"https:\/\/www.africa-press.net\/niger\/toutes-les-actualites\/lancement-des-activites-de-la-2eme-phase-du-projet-avenir-pour-un-acces-plus-equitable-a-la-therapie-contre-les-infections-bacteriennes-chez-les-enfants-de-moins-de-5-ans\",\"url\":\"https:\/\/www.africa-press.net\/niger\/toutes-les-actualites\/lancement-des-activites-de-la-2eme-phase-du-projet-avenir-pour-un-acces-plus-equitable-a-la-therapie-contre-les-infections-bacteriennes-chez-les-enfants-de-moins-de-5-ans\",\"name\":\"Lancement des activit\u00e9s de la 2\u00e8me phase du projet AVENIR : Pour un acc\u00e8s plus \u00e9quitable \u00e0 la th\u00e9rapie contre les infections bact\u00e9riennes chez les enfants de moins de 5 ans - niger\",\"isPartOf\":{\"@id\":\"https:\/\/www.africa-press.net\/niger\/#website\"},\"primaryImageOfPage\":{\"@id\":\"https:\/\/www.africa-press.net\/niger\/toutes-les-actualites\/lancement-des-activites-de-la-2eme-phase-du-projet-avenir-pour-un-acces-plus-equitable-a-la-therapie-contre-les-infections-bacteriennes-chez-les-enfants-de-moins-de-5-ans#primaryimage\"},\"image\":{\"@id\":\"https:\/\/www.africa-press.net\/niger\/toutes-les-actualites\/lancement-des-activites-de-la-2eme-phase-du-projet-avenir-pour-un-acces-plus-equitable-a-la-therapie-contre-les-infections-bacteriennes-chez-les-enfants-de-moins-de-5-ans#primaryimage\"},\"thumbnailUrl\":\"https:\/\/static.africa-press.net\/niger\/sites\/40\/2024\/03\/sm_1710935774.904237.jpg\",\"datePublished\":\"2024-03-20T14:41:29+00:00\",\"dateModified\":\"2024-03-20T15:26:52+00:00\",\"author\":{\"@id\":\"https:\/\/www.africa-press.net\/niger\/#\/schema\/person\/2b1cf3cd81a31e3cd26889ca66d677f1\"},\"description\":\"Le ministre de la Sante\u0301 Publique, de la Population et des Affaires Sociales, le Me\u0301decin-Colonel-Major Garba Hakimi ...\",\"breadcrumb\":{\"@id\":\"https:\/\/www.africa-press.net\/niger\/toutes-les-actualites\/lancement-des-activites-de-la-2eme-phase-du-projet-avenir-pour-un-acces-plus-equitable-a-la-therapie-contre-les-infections-bacteriennes-chez-les-enfants-de-moins-de-5-ans#breadcrumb\"},\"inLanguage\":\"fr-FR\",\"potentialAction\":[{\"@type\":\"ReadAction\",\"target\":[\"https:\/\/www.africa-press.net\/niger\/toutes-les-actualites\/lancement-des-activites-de-la-2eme-phase-du-projet-avenir-pour-un-acces-plus-equitable-a-la-therapie-contre-les-infections-bacteriennes-chez-les-enfants-de-moins-de-5-ans\"]}]},{\"@type\":\"ImageObject\",\"inLanguage\":\"fr-FR\",\"@id\":\"https:\/\/www.africa-press.net\/niger\/toutes-les-actualites\/lancement-des-activites-de-la-2eme-phase-du-projet-avenir-pour-un-acces-plus-equitable-a-la-therapie-contre-les-infections-bacteriennes-chez-les-enfants-de-moins-de-5-ans#primaryimage\",\"url\":\"https:\/\/static.africa-press.net\/niger\/sites\/40\/2024\/03\/sm_1710935774.904237.jpg\",\"contentUrl\":\"https:\/\/static.africa-press.net\/niger\/sites\/40\/2024\/03\/sm_1710935774.904237.jpg\",\"width\":800,\"height\":533,\"caption\":\"Lancement des activit\u00e9s de la 2\u00e8me phase du projet AVENIR : Pour un acc\u00e8s plus \u00e9quitable \u00e0 la th\u00e9rapie contre les infections bact\u00e9riennes chez les enfants de moins de 5 ans\"},{\"@type\":\"BreadcrumbList\",\"@id\":\"https:\/\/www.africa-press.net\/niger\/toutes-les-actualites\/lancement-des-activites-de-la-2eme-phase-du-projet-avenir-pour-un-acces-plus-equitable-a-la-therapie-contre-les-infections-bacteriennes-chez-les-enfants-de-moins-de-5-ans#breadcrumb\",\"itemListElement\":[{\"@type\":\"ListItem\",\"position\":1,\"name\":\"Accueil\",\"item\":\"https:\/\/www.africa-press.net\/niger\/\"},{\"@type\":\"ListItem\",\"position\":2,\"name\":\"Lancement des activit\u00e9s de la 2\u00e8me phase du projet AVENIR : Pour un acc\u00e8s plus \u00e9quitable \u00e0 la th\u00e9rapie contre les infections bact\u00e9riennes chez les enfants de moins de 5 ans\"}]},{\"@type\":\"WebSite\",\"@id\":\"https:\/\/www.africa-press.net\/niger\/#website\",\"url\":\"https:\/\/www.africa-press.net\/niger\/\",\"name\":\"niger\",\"description\":\"Just another Africa News Agency Sites site\",\"potentialAction\":[{\"@type\":\"SearchAction\",\"target\":{\"@type\":\"EntryPoint\",\"urlTemplate\":\"https:\/\/www.africa-press.net\/niger\/?s={search_term_string}\"},\"query-input\":{\"@type\":\"PropertyValueSpecification\",\"valueRequired\":true,\"valueName\":\"search_term_string\"}}],\"inLanguage\":\"fr-FR\"},{\"@type\":\"Person\",\"@id\":\"https:\/\/www.africa-press.net\/niger\/#\/schema\/person\/2b1cf3cd81a31e3cd26889ca66d677f1\",\"name\":\"cfeditorfr\"}]}<\/script>\n<!-- \/ Yoast SEO Premium plugin. -->","yoast_head_json":{"title":"Lancement des activit\u00e9s de la 2\u00e8me phase du projet AVENIR : Pour un acc\u00e8s plus \u00e9quitable \u00e0 la th\u00e9rapie contre les infections bact\u00e9riennes chez les enfants de moins de 5 ans - niger","description":"Le ministre de la Sante\u0301 Publique, de la Population et des Affaires Sociales, le Me\u0301decin-Colonel-Major Garba Hakimi ...","robots":{"index":"index","follow":"follow","max-snippet":"max-snippet:-1","max-image-preview":"max-image-preview:large","max-video-preview":"max-video-preview:-1"},"canonical":"https:\/\/www.africa-press.net\/niger\/toutes-les-actualites\/lancement-des-activites-de-la-2eme-phase-du-projet-avenir-pour-un-acces-plus-equitable-a-la-therapie-contre-les-infections-bacteriennes-chez-les-enfants-de-moins-de-5-ans","og_locale":"fr_FR","og_type":"article","og_title":"Lancement des activit\u00e9s de la 2\u00e8me phase du projet AVENIR : Pour un acc\u00e8s plus \u00e9quitable \u00e0 la th\u00e9rapie contre les infections bact\u00e9riennes chez les enfants de moins de 5 ans","og_description":"Le ministre de la Sante\u0301 Publique, de la Population et des Affaires Sociales, le Me\u0301decin-Colonel-Major Garba Hakimi ...","og_url":"https:\/\/www.africa-press.net\/niger\/toutes-les-actualites\/lancement-des-activites-de-la-2eme-phase-du-projet-avenir-pour-un-acces-plus-equitable-a-la-therapie-contre-les-infections-bacteriennes-chez-les-enfants-de-moins-de-5-ans","og_site_name":"niger","article_published_time":"2024-03-20T14:41:29+00:00","article_modified_time":"2024-03-20T15:26:52+00:00","og_image":[{"width":800,"height":533,"url":"https:\/\/static.africa-press.net\/niger\/sites\/40\/2024\/03\/sm_1710935774.904237.jpg","type":"image\/jpeg"}],"author":"cfeditorfr","twitter_card":"summary_large_image","twitter_misc":{"\u00c9crit par":"cfeditorfr","Dur\u00e9e de lecture estim\u00e9e":"3 minutes"},"schema":{"@context":"https:\/\/schema.org","@graph":[{"@type":"Article","@id":"https:\/\/www.africa-press.net\/niger\/toutes-les-actualites\/lancement-des-activites-de-la-2eme-phase-du-projet-avenir-pour-un-acces-plus-equitable-a-la-therapie-contre-les-infections-bacteriennes-chez-les-enfants-de-moins-de-5-ans#article","isPartOf":{"@id":"https:\/\/www.africa-press.net\/niger\/toutes-les-actualites\/lancement-des-activites-de-la-2eme-phase-du-projet-avenir-pour-un-acces-plus-equitable-a-la-therapie-contre-les-infections-bacteriennes-chez-les-enfants-de-moins-de-5-ans"},"author":{"name":"cfeditorfr","@id":"https:\/\/www.africa-press.net\/niger\/#\/schema\/person\/2b1cf3cd81a31e3cd26889ca66d677f1"},"headline":"Lancement des activit\u00e9s de la 2\u00e8me phase du projet AVENIR : Pour un acc\u00e8s plus \u00e9quitable \u00e0 la th\u00e9rapie contre les infections bact\u00e9riennes chez les enfants de moins de 5 ans","datePublished":"2024-03-20T14:41:29+00:00","dateModified":"2024-03-20T15:26:52+00:00","mainEntityOfPage":{"@id":"https:\/\/www.africa-press.net\/niger\/toutes-les-actualites\/lancement-des-activites-de-la-2eme-phase-du-projet-avenir-pour-un-acces-plus-equitable-a-la-therapie-contre-les-infections-bacteriennes-chez-les-enfants-de-moins-de-5-ans"},"wordCount":619,"commentCount":0,"image":{"@id":"https:\/\/www.africa-press.net\/niger\/toutes-les-actualites\/lancement-des-activites-de-la-2eme-phase-du-projet-avenir-pour-un-acces-plus-equitable-a-la-therapie-contre-les-infections-bacteriennes-chez-les-enfants-de-moins-de-5-ans#primaryimage"},"thumbnailUrl":"https:\/\/static.africa-press.net\/niger\/sites\/40\/2024\/03\/sm_1710935774.904237.jpg","keywords":["Africa Press","Africa Press-Niger","Niger"],"articleSection":["Communaut\u00e9","Toutes les actualit\u00e9s"],"inLanguage":"fr-FR","potentialAction":[{"@type":"CommentAction","name":"Comment","target":["https:\/\/www.africa-press.net\/niger\/toutes-les-actualites\/lancement-des-activites-de-la-2eme-phase-du-projet-avenir-pour-un-acces-plus-equitable-a-la-therapie-contre-les-infections-bacteriennes-chez-les-enfants-de-moins-de-5-ans#respond"]}]},{"@type":"WebPage","@id":"https:\/\/www.africa-press.net\/niger\/toutes-les-actualites\/lancement-des-activites-de-la-2eme-phase-du-projet-avenir-pour-un-acces-plus-equitable-a-la-therapie-contre-les-infections-bacteriennes-chez-les-enfants-de-moins-de-5-ans","url":"https:\/\/www.africa-press.net\/niger\/toutes-les-actualites\/lancement-des-activites-de-la-2eme-phase-du-projet-avenir-pour-un-acces-plus-equitable-a-la-therapie-contre-les-infections-bacteriennes-chez-les-enfants-de-moins-de-5-ans","name":"Lancement des activit\u00e9s de la 2\u00e8me phase du projet AVENIR : Pour un acc\u00e8s plus \u00e9quitable \u00e0 la th\u00e9rapie contre les infections bact\u00e9riennes chez les enfants de moins de 5 ans - niger","isPartOf":{"@id":"https:\/\/www.africa-press.net\/niger\/#website"},"primaryImageOfPage":{"@id":"https:\/\/www.africa-press.net\/niger\/toutes-les-actualites\/lancement-des-activites-de-la-2eme-phase-du-projet-avenir-pour-un-acces-plus-equitable-a-la-therapie-contre-les-infections-bacteriennes-chez-les-enfants-de-moins-de-5-ans#primaryimage"},"image":{"@id":"https:\/\/www.africa-press.net\/niger\/toutes-les-actualites\/lancement-des-activites-de-la-2eme-phase-du-projet-avenir-pour-un-acces-plus-equitable-a-la-therapie-contre-les-infections-bacteriennes-chez-les-enfants-de-moins-de-5-ans#primaryimage"},"thumbnailUrl":"https:\/\/static.africa-press.net\/niger\/sites\/40\/2024\/03\/sm_1710935774.904237.jpg","datePublished":"2024-03-20T14:41:29+00:00","dateModified":"2024-03-20T15:26:52+00:00","author":{"@id":"https:\/\/www.africa-press.net\/niger\/#\/schema\/person\/2b1cf3cd81a31e3cd26889ca66d677f1"},"description":"Le ministre de la Sante\u0301 Publique, de la Population et des Affaires Sociales, le Me\u0301decin-Colonel-Major Garba Hakimi ...","breadcrumb":{"@id":"https:\/\/www.africa-press.net\/niger\/toutes-les-actualites\/lancement-des-activites-de-la-2eme-phase-du-projet-avenir-pour-un-acces-plus-equitable-a-la-therapie-contre-les-infections-bacteriennes-chez-les-enfants-de-moins-de-5-ans#breadcrumb"},"inLanguage":"fr-FR","potentialAction":[{"@type":"ReadAction","target":["https:\/\/www.africa-press.net\/niger\/toutes-les-actualites\/lancement-des-activites-de-la-2eme-phase-du-projet-avenir-pour-un-acces-plus-equitable-a-la-therapie-contre-les-infections-bacteriennes-chez-les-enfants-de-moins-de-5-ans"]}]},{"@type":"ImageObject","inLanguage":"fr-FR","@id":"https:\/\/www.africa-press.net\/niger\/toutes-les-actualites\/lancement-des-activites-de-la-2eme-phase-du-projet-avenir-pour-un-acces-plus-equitable-a-la-therapie-contre-les-infections-bacteriennes-chez-les-enfants-de-moins-de-5-ans#primaryimage","url":"https:\/\/static.africa-press.net\/niger\/sites\/40\/2024\/03\/sm_1710935774.904237.jpg","contentUrl":"https:\/\/static.africa-press.net\/niger\/sites\/40\/2024\/03\/sm_1710935774.904237.jpg","width":800,"height":533,"caption":"Lancement des activit\u00e9s de la 2\u00e8me phase du projet AVENIR : Pour un acc\u00e8s plus \u00e9quitable \u00e0 la th\u00e9rapie contre les infections bact\u00e9riennes chez les enfants de moins de 5 ans"},{"@type":"BreadcrumbList","@id":"https:\/\/www.africa-press.net\/niger\/toutes-les-actualites\/lancement-des-activites-de-la-2eme-phase-du-projet-avenir-pour-un-acces-plus-equitable-a-la-therapie-contre-les-infections-bacteriennes-chez-les-enfants-de-moins-de-5-ans#breadcrumb","itemListElement":[{"@type":"ListItem","position":1,"name":"Accueil","item":"https:\/\/www.africa-press.net\/niger\/"},{"@type":"ListItem","position":2,"name":"Lancement des activit\u00e9s de la 2\u00e8me phase du projet AVENIR : Pour un acc\u00e8s plus \u00e9quitable \u00e0 la th\u00e9rapie contre les infections bact\u00e9riennes chez les enfants de moins de 5 ans"}]},{"@type":"WebSite","@id":"https:\/\/www.africa-press.net\/niger\/#website","url":"https:\/\/www.africa-press.net\/niger\/","name":"niger","description":"Just another Africa News Agency Sites site","potentialAction":[{"@type":"SearchAction","target":{"@type":"EntryPoint","urlTemplate":"https:\/\/www.africa-press.net\/niger\/?s={search_term_string}"},"query-input":{"@type":"PropertyValueSpecification","valueRequired":true,"valueName":"search_term_string"}}],"inLanguage":"fr-FR"},{"@type":"Person","@id":"https:\/\/www.africa-press.net\/niger\/#\/schema\/person\/2b1cf3cd81a31e3cd26889ca66d677f1","name":"cfeditorfr"}]}},"_links":{"self":[{"href":"https:\/\/www.africa-press.net\/niger\/wp-json\/wp\/v2\/posts\/60289","targetHints":{"allow":["GET"]}}],"collection":[{"href":"https:\/\/www.africa-press.net\/niger\/wp-json\/wp\/v2\/posts"}],"about":[{"href":"https:\/\/www.africa-press.net\/niger\/wp-json\/wp\/v2\/types\/post"}],"author":[{"embeddable":true,"href":"https:\/\/www.africa-press.net\/niger\/wp-json\/wp\/v2\/users\/82"}],"replies":[{"embeddable":true,"href":"https:\/\/www.africa-press.net\/niger\/wp-json\/wp\/v2\/comments?post=60289"}],"version-history":[{"count":0,"href":"https:\/\/www.africa-press.net\/niger\/wp-json\/wp\/v2\/posts\/60289\/revisions"}],"wp:featuredmedia":[{"embeddable":true,"href":"https:\/\/www.africa-press.net\/niger\/wp-json\/wp\/v2\/media\/60288"}],"wp:attachment":[{"href":"https:\/\/www.africa-press.net\/niger\/wp-json\/wp\/v2\/media?parent=60289"}],"wp:term":[{"taxonomy":"category","embeddable":true,"href":"https:\/\/www.africa-press.net\/niger\/wp-json\/wp\/v2\/categories?post=60289"},{"taxonomy":"post_tag","embeddable":true,"href":"https:\/\/www.africa-press.net\/niger\/wp-json\/wp\/v2\/tags?post=60289"}],"curies":[{"name":"wp","href":"https:\/\/api.w.org\/{rel}","templated":true}]}}