{"id":60301,"date":"2024-03-21T18:02:22","date_gmt":"2024-03-21T18:02:22","guid":{"rendered":"https:\/\/www.africa-press.net\/niger\/politique\/niamey-le-premier-ministre-lamine-zeine-recoit-une-delegation-du-fonds-mondial"},"modified":"2024-03-21T18:42:28","modified_gmt":"2024-03-21T18:42:28","slug":"niamey-le-premier-ministre-lamine-zeine-recoit-une-delegation-du-fonds-mondial","status":"publish","type":"post","link":"https:\/\/www.africa-press.net\/niger\/politique\/niamey-le-premier-ministre-lamine-zeine-recoit-une-delegation-du-fonds-mondial","title":{"rendered":"Niamey : Le Premier Ministre Lamine Zeine re\u00e7oit une d\u00e9l\u00e9gation du Fonds Mondial"},"content":{"rendered":"<p><span style=\"color: #ff6600\"><strong>Africa-Press &#8211; Niger. <\/strong><\/span>Le Premier Ministre de la Transition du Niger, M. Ali Mahaman Lamine Zeine a rec\u0327u, ce jeudi 21 Mars 2024 a\u0300 son cabinet, une de\u0301le\u0301gation du Fonds Mondial, conduite par le Directeur Re\u0301gional dudit Fonds, M. Ibrahim Faria.<\/p>\n<p>\u2018\u2019L\u2019objectif de cette audience est de discuter avec le Premier Ministre et de lui pre\u0301senter aussi les objectifs de la mission du Fonds Mondial au Niger. C\u2019est une mission qui est venue faire le point de l\u2019ensemble des projets que le Fonds Mondial finance au Niger\u2019\u2019a de\u0301clare\u0301 a\u0300 la presse, a\u0300 l\u2019issue de l\u2019audience, le Directeur Re\u0301gional dudit Fonds, M. Ibrahim Faria.<\/p>\n<p>Pour l\u2019exercice 2023-2026, le Directeur Re\u0301gional a fait savoir que \u2019\u2019le Fonds Mondial engage des ressources d\u2019environ 171 Millions d\u2019euros pour appuyer la lutte contre le VIH Sida, la Tuberculose, la Malaria, le paludisme et aussi pour renforcer le syste\u0300me de la sante\u0301\u2019\u2019.<\/p>\n<p>Dans un contexte comme celui du Niger, a-t-il souligne\u0301, \u2019\u2019ces financements sont extre\u0302mement importants, et nous avons rendu compte au Premier Ministre des discussions que nous avions eues avec l\u2019ensemble des secteurs notamment le Ministe\u0300re de la sante\u0301 pour voir ensemble comment ces ressources vont e\u0302tre utilise\u0301es au be\u0301ne\u0301fice de la population et aussi comment le gouvernement du Niger va assurer un co-financement de ces ressources\u2019\u2019.<\/p>\n<p>Enfin, le Directeur Regional du Fonds Mondial a tenu a\u0300 remercier le gouvernement du Niger pour \u2018\u2019son leadership dans la lutte contre ces trois(3) maladies et aussi pour ces investissements dans le secteur de la Sante\u0301\u2019\u2019.<\/p>\n<p>Notons que cette audience s\u2019est de\u0301roule\u0301e en pre\u0301sence du Ministre de la Sante\u0301 Publique, de la Population et des Affaires Sociales du Niger.<\/p>\n<p><strong>Pour plus d&rsquo;informations et d&rsquo;analyses sur la <a href=\"https:\/\/www.africa-press.net\/niger\">Niger<\/a>, suivez <a href=\"https:\/\/www.africa-press.net\/\">Africa-Press<\/a><\/strong><\/p>\n","protected":false},"excerpt":{"rendered":"<p>Africa-Press &#8211; Niger. Le Premier Ministre de la Transition du Niger, M. Ali Mahaman Lamine Zeine a rec\u0327u, ce jeudi 21 Mars 2024 a\u0300 son cabinet, une de\u0301le\u0301gation du Fonds Mondial, conduite par le Directeur Re\u0301gional dudit Fonds, M. Ibrahim Faria. \u2018\u2019L\u2019objectif de cette audience est de discuter avec le Premier Ministre et de lui [&hellip;]<\/p>\n","protected":false},"author":82,"featured_media":60300,"comment_status":"open","ping_status":"closed","sticky":false,"template":"","format":"standard","meta":{"footnotes":""},"categories":[2,20,10],"tags":[55,60,29],"class_list":["post-60301","post","type-post","status-publish","format-standard","has-post-thumbnail","hentry","category-politique","category-top-nouvelles","category-toutes-les-actualites","tag-africa-press","tag-africa-press-niger","tag-niger"],"yoast_head":"<!-- This site is optimized with the Yoast SEO Premium plugin v26.1 (Yoast SEO v27.0) - https:\/\/yoast.com\/product\/yoast-seo-premium-wordpress\/ -->\n<title>Niamey : Le Premier Ministre Lamine Zeine re\u00e7oit une d\u00e9l\u00e9gation du Fonds Mondial - niger<\/title>\n<meta name=\"description\" content=\"Le Premier Ministre de la Transition du Niger, M. Ali Mahaman Lamine Zeine a rec\u0327u, ce jeudi 21 Mars 2024 a\u0300 son cabinet ...\" \/>\n<meta name=\"robots\" content=\"index, follow, max-snippet:-1, max-image-preview:large, max-video-preview:-1\" \/>\n<link rel=\"canonical\" href=\"https:\/\/www.africa-press.net\/niger\/politique\/niamey-le-premier-ministre-lamine-zeine-recoit-une-delegation-du-fonds-mondial\" \/>\n<meta property=\"og:locale\" content=\"fr_FR\" \/>\n<meta property=\"og:type\" content=\"article\" \/>\n<meta property=\"og:title\" content=\"Niamey : Le Premier Ministre Lamine Zeine re\u00e7oit une d\u00e9l\u00e9gation du Fonds Mondial\" \/>\n<meta property=\"og:description\" content=\"Le Premier Ministre de la Transition du Niger, M. Ali Mahaman Lamine Zeine a rec\u0327u, ce jeudi 21 Mars 2024 a\u0300 son cabinet ...\" \/>\n<meta property=\"og:url\" content=\"https:\/\/www.africa-press.net\/niger\/politique\/niamey-le-premier-ministre-lamine-zeine-recoit-une-delegation-du-fonds-mondial\" \/>\n<meta property=\"og:site_name\" content=\"niger\" \/>\n<meta property=\"article:published_time\" content=\"2024-03-21T18:02:22+00:00\" \/>\n<meta property=\"article:modified_time\" content=\"2024-03-21T18:42:28+00:00\" \/>\n<meta property=\"og:image\" content=\"https:\/\/static.africa-press.net\/niger\/sites\/40\/2024\/03\/sm_1711033728.210402.jpg\" \/>\n\t<meta property=\"og:image:width\" content=\"1080\" \/>\n\t<meta property=\"og:image:height\" content=\"720\" \/>\n\t<meta property=\"og:image:type\" content=\"image\/jpeg\" \/>\n<meta name=\"author\" content=\"cfeditorfr\" \/>\n<meta name=\"twitter:card\" content=\"summary_large_image\" \/>\n<meta name=\"twitter:label1\" content=\"\u00c9crit par\" \/>\n\t<meta name=\"twitter:data1\" content=\"cfeditorfr\" \/>\n\t<meta name=\"twitter:label2\" content=\"Dur\u00e9e de lecture estim\u00e9e\" \/>\n\t<meta name=\"twitter:data2\" content=\"2 minutes\" \/>\n<script type=\"application\/ld+json\" class=\"yoast-schema-graph\">{\"@context\":\"https:\/\/schema.org\",\"@graph\":[{\"@type\":\"Article\",\"@id\":\"https:\/\/www.africa-press.net\/niger\/politique\/niamey-le-premier-ministre-lamine-zeine-recoit-une-delegation-du-fonds-mondial#article\",\"isPartOf\":{\"@id\":\"https:\/\/www.africa-press.net\/niger\/politique\/niamey-le-premier-ministre-lamine-zeine-recoit-une-delegation-du-fonds-mondial\"},\"author\":{\"name\":\"cfeditorfr\",\"@id\":\"https:\/\/www.africa-press.net\/niger\/#\/schema\/person\/2b1cf3cd81a31e3cd26889ca66d677f1\"},\"headline\":\"Niamey : Le Premier Ministre Lamine Zeine re\u00e7oit une d\u00e9l\u00e9gation du Fonds Mondial\",\"datePublished\":\"2024-03-21T18:02:22+00:00\",\"dateModified\":\"2024-03-21T18:42:28+00:00\",\"mainEntityOfPage\":{\"@id\":\"https:\/\/www.africa-press.net\/niger\/politique\/niamey-le-premier-ministre-lamine-zeine-recoit-une-delegation-du-fonds-mondial\"},\"wordCount\":324,\"commentCount\":0,\"image\":{\"@id\":\"https:\/\/www.africa-press.net\/niger\/politique\/niamey-le-premier-ministre-lamine-zeine-recoit-une-delegation-du-fonds-mondial#primaryimage\"},\"thumbnailUrl\":\"https:\/\/static.africa-press.net\/niger\/sites\/40\/2024\/03\/sm_1711033728.210402.jpg\",\"keywords\":[\"Africa Press\",\"Africa Press-Niger\",\"Niger\"],\"articleSection\":[\"Politique\",\"Top Nouvelles\",\"Toutes les actualit\u00e9s\"],\"inLanguage\":\"fr-FR\",\"potentialAction\":[{\"@type\":\"CommentAction\",\"name\":\"Comment\",\"target\":[\"https:\/\/www.africa-press.net\/niger\/politique\/niamey-le-premier-ministre-lamine-zeine-recoit-une-delegation-du-fonds-mondial#respond\"]}]},{\"@type\":\"WebPage\",\"@id\":\"https:\/\/www.africa-press.net\/niger\/politique\/niamey-le-premier-ministre-lamine-zeine-recoit-une-delegation-du-fonds-mondial\",\"url\":\"https:\/\/www.africa-press.net\/niger\/politique\/niamey-le-premier-ministre-lamine-zeine-recoit-une-delegation-du-fonds-mondial\",\"name\":\"Niamey : Le Premier Ministre Lamine Zeine re\u00e7oit une d\u00e9l\u00e9gation du Fonds Mondial - niger\",\"isPartOf\":{\"@id\":\"https:\/\/www.africa-press.net\/niger\/#website\"},\"primaryImageOfPage\":{\"@id\":\"https:\/\/www.africa-press.net\/niger\/politique\/niamey-le-premier-ministre-lamine-zeine-recoit-une-delegation-du-fonds-mondial#primaryimage\"},\"image\":{\"@id\":\"https:\/\/www.africa-press.net\/niger\/politique\/niamey-le-premier-ministre-lamine-zeine-recoit-une-delegation-du-fonds-mondial#primaryimage\"},\"thumbnailUrl\":\"https:\/\/static.africa-press.net\/niger\/sites\/40\/2024\/03\/sm_1711033728.210402.jpg\",\"datePublished\":\"2024-03-21T18:02:22+00:00\",\"dateModified\":\"2024-03-21T18:42:28+00:00\",\"author\":{\"@id\":\"https:\/\/www.africa-press.net\/niger\/#\/schema\/person\/2b1cf3cd81a31e3cd26889ca66d677f1\"},\"description\":\"Le Premier Ministre de la Transition du Niger, M. Ali Mahaman Lamine Zeine a rec\u0327u, ce jeudi 21 Mars 2024 a\u0300 son cabinet ...\",\"breadcrumb\":{\"@id\":\"https:\/\/www.africa-press.net\/niger\/politique\/niamey-le-premier-ministre-lamine-zeine-recoit-une-delegation-du-fonds-mondial#breadcrumb\"},\"inLanguage\":\"fr-FR\",\"potentialAction\":[{\"@type\":\"ReadAction\",\"target\":[\"https:\/\/www.africa-press.net\/niger\/politique\/niamey-le-premier-ministre-lamine-zeine-recoit-une-delegation-du-fonds-mondial\"]}]},{\"@type\":\"ImageObject\",\"inLanguage\":\"fr-FR\",\"@id\":\"https:\/\/www.africa-press.net\/niger\/politique\/niamey-le-premier-ministre-lamine-zeine-recoit-une-delegation-du-fonds-mondial#primaryimage\",\"url\":\"https:\/\/static.africa-press.net\/niger\/sites\/40\/2024\/03\/sm_1711033728.210402.jpg\",\"contentUrl\":\"https:\/\/static.africa-press.net\/niger\/sites\/40\/2024\/03\/sm_1711033728.210402.jpg\",\"width\":1080,\"height\":720,\"caption\":\"Niamey : Le Premier Ministre Lamine Zeine re\u00e7oit une d\u00e9l\u00e9gation du Fonds Mondial\"},{\"@type\":\"BreadcrumbList\",\"@id\":\"https:\/\/www.africa-press.net\/niger\/politique\/niamey-le-premier-ministre-lamine-zeine-recoit-une-delegation-du-fonds-mondial#breadcrumb\",\"itemListElement\":[{\"@type\":\"ListItem\",\"position\":1,\"name\":\"Accueil\",\"item\":\"https:\/\/www.africa-press.net\/niger\/\"},{\"@type\":\"ListItem\",\"position\":2,\"name\":\"Niamey : Le Premier Ministre Lamine Zeine re\u00e7oit une d\u00e9l\u00e9gation du Fonds Mondial\"}]},{\"@type\":\"WebSite\",\"@id\":\"https:\/\/www.africa-press.net\/niger\/#website\",\"url\":\"https:\/\/www.africa-press.net\/niger\/\",\"name\":\"niger\",\"description\":\"Just another Africa News Agency Sites site\",\"potentialAction\":[{\"@type\":\"SearchAction\",\"target\":{\"@type\":\"EntryPoint\",\"urlTemplate\":\"https:\/\/www.africa-press.net\/niger\/?s={search_term_string}\"},\"query-input\":{\"@type\":\"PropertyValueSpecification\",\"valueRequired\":true,\"valueName\":\"search_term_string\"}}],\"inLanguage\":\"fr-FR\"},{\"@type\":\"Person\",\"@id\":\"https:\/\/www.africa-press.net\/niger\/#\/schema\/person\/2b1cf3cd81a31e3cd26889ca66d677f1\",\"name\":\"cfeditorfr\"}]}<\/script>\n<!-- \/ Yoast SEO Premium plugin. -->","yoast_head_json":{"title":"Niamey : Le Premier Ministre Lamine Zeine re\u00e7oit une d\u00e9l\u00e9gation du Fonds Mondial - niger","description":"Le Premier Ministre de la Transition du Niger, M. Ali Mahaman Lamine Zeine a rec\u0327u, ce jeudi 21 Mars 2024 a\u0300 son cabinet ...","robots":{"index":"index","follow":"follow","max-snippet":"max-snippet:-1","max-image-preview":"max-image-preview:large","max-video-preview":"max-video-preview:-1"},"canonical":"https:\/\/www.africa-press.net\/niger\/politique\/niamey-le-premier-ministre-lamine-zeine-recoit-une-delegation-du-fonds-mondial","og_locale":"fr_FR","og_type":"article","og_title":"Niamey : Le Premier Ministre Lamine Zeine re\u00e7oit une d\u00e9l\u00e9gation du Fonds Mondial","og_description":"Le Premier Ministre de la Transition du Niger, M. Ali Mahaman Lamine Zeine a rec\u0327u, ce jeudi 21 Mars 2024 a\u0300 son cabinet ...","og_url":"https:\/\/www.africa-press.net\/niger\/politique\/niamey-le-premier-ministre-lamine-zeine-recoit-une-delegation-du-fonds-mondial","og_site_name":"niger","article_published_time":"2024-03-21T18:02:22+00:00","article_modified_time":"2024-03-21T18:42:28+00:00","og_image":[{"width":1080,"height":720,"url":"https:\/\/static.africa-press.net\/niger\/sites\/40\/2024\/03\/sm_1711033728.210402.jpg","type":"image\/jpeg"}],"author":"cfeditorfr","twitter_card":"summary_large_image","twitter_misc":{"\u00c9crit par":"cfeditorfr","Dur\u00e9e de lecture estim\u00e9e":"2 minutes"},"schema":{"@context":"https:\/\/schema.org","@graph":[{"@type":"Article","@id":"https:\/\/www.africa-press.net\/niger\/politique\/niamey-le-premier-ministre-lamine-zeine-recoit-une-delegation-du-fonds-mondial#article","isPartOf":{"@id":"https:\/\/www.africa-press.net\/niger\/politique\/niamey-le-premier-ministre-lamine-zeine-recoit-une-delegation-du-fonds-mondial"},"author":{"name":"cfeditorfr","@id":"https:\/\/www.africa-press.net\/niger\/#\/schema\/person\/2b1cf3cd81a31e3cd26889ca66d677f1"},"headline":"Niamey : Le Premier Ministre Lamine Zeine re\u00e7oit une d\u00e9l\u00e9gation du Fonds Mondial","datePublished":"2024-03-21T18:02:22+00:00","dateModified":"2024-03-21T18:42:28+00:00","mainEntityOfPage":{"@id":"https:\/\/www.africa-press.net\/niger\/politique\/niamey-le-premier-ministre-lamine-zeine-recoit-une-delegation-du-fonds-mondial"},"wordCount":324,"commentCount":0,"image":{"@id":"https:\/\/www.africa-press.net\/niger\/politique\/niamey-le-premier-ministre-lamine-zeine-recoit-une-delegation-du-fonds-mondial#primaryimage"},"thumbnailUrl":"https:\/\/static.africa-press.net\/niger\/sites\/40\/2024\/03\/sm_1711033728.210402.jpg","keywords":["Africa Press","Africa Press-Niger","Niger"],"articleSection":["Politique","Top Nouvelles","Toutes les actualit\u00e9s"],"inLanguage":"fr-FR","potentialAction":[{"@type":"CommentAction","name":"Comment","target":["https:\/\/www.africa-press.net\/niger\/politique\/niamey-le-premier-ministre-lamine-zeine-recoit-une-delegation-du-fonds-mondial#respond"]}]},{"@type":"WebPage","@id":"https:\/\/www.africa-press.net\/niger\/politique\/niamey-le-premier-ministre-lamine-zeine-recoit-une-delegation-du-fonds-mondial","url":"https:\/\/www.africa-press.net\/niger\/politique\/niamey-le-premier-ministre-lamine-zeine-recoit-une-delegation-du-fonds-mondial","name":"Niamey : Le Premier Ministre Lamine Zeine re\u00e7oit une d\u00e9l\u00e9gation du Fonds Mondial - niger","isPartOf":{"@id":"https:\/\/www.africa-press.net\/niger\/#website"},"primaryImageOfPage":{"@id":"https:\/\/www.africa-press.net\/niger\/politique\/niamey-le-premier-ministre-lamine-zeine-recoit-une-delegation-du-fonds-mondial#primaryimage"},"image":{"@id":"https:\/\/www.africa-press.net\/niger\/politique\/niamey-le-premier-ministre-lamine-zeine-recoit-une-delegation-du-fonds-mondial#primaryimage"},"thumbnailUrl":"https:\/\/static.africa-press.net\/niger\/sites\/40\/2024\/03\/sm_1711033728.210402.jpg","datePublished":"2024-03-21T18:02:22+00:00","dateModified":"2024-03-21T18:42:28+00:00","author":{"@id":"https:\/\/www.africa-press.net\/niger\/#\/schema\/person\/2b1cf3cd81a31e3cd26889ca66d677f1"},"description":"Le Premier Ministre de la Transition du Niger, M. Ali Mahaman Lamine Zeine a rec\u0327u, ce jeudi 21 Mars 2024 a\u0300 son cabinet ...","breadcrumb":{"@id":"https:\/\/www.africa-press.net\/niger\/politique\/niamey-le-premier-ministre-lamine-zeine-recoit-une-delegation-du-fonds-mondial#breadcrumb"},"inLanguage":"fr-FR","potentialAction":[{"@type":"ReadAction","target":["https:\/\/www.africa-press.net\/niger\/politique\/niamey-le-premier-ministre-lamine-zeine-recoit-une-delegation-du-fonds-mondial"]}]},{"@type":"ImageObject","inLanguage":"fr-FR","@id":"https:\/\/www.africa-press.net\/niger\/politique\/niamey-le-premier-ministre-lamine-zeine-recoit-une-delegation-du-fonds-mondial#primaryimage","url":"https:\/\/static.africa-press.net\/niger\/sites\/40\/2024\/03\/sm_1711033728.210402.jpg","contentUrl":"https:\/\/static.africa-press.net\/niger\/sites\/40\/2024\/03\/sm_1711033728.210402.jpg","width":1080,"height":720,"caption":"Niamey : Le Premier Ministre Lamine Zeine re\u00e7oit une d\u00e9l\u00e9gation du Fonds Mondial"},{"@type":"BreadcrumbList","@id":"https:\/\/www.africa-press.net\/niger\/politique\/niamey-le-premier-ministre-lamine-zeine-recoit-une-delegation-du-fonds-mondial#breadcrumb","itemListElement":[{"@type":"ListItem","position":1,"name":"Accueil","item":"https:\/\/www.africa-press.net\/niger\/"},{"@type":"ListItem","position":2,"name":"Niamey : Le Premier Ministre Lamine Zeine re\u00e7oit une d\u00e9l\u00e9gation du Fonds Mondial"}]},{"@type":"WebSite","@id":"https:\/\/www.africa-press.net\/niger\/#website","url":"https:\/\/www.africa-press.net\/niger\/","name":"niger","description":"Just another Africa News Agency Sites site","potentialAction":[{"@type":"SearchAction","target":{"@type":"EntryPoint","urlTemplate":"https:\/\/www.africa-press.net\/niger\/?s={search_term_string}"},"query-input":{"@type":"PropertyValueSpecification","valueRequired":true,"valueName":"search_term_string"}}],"inLanguage":"fr-FR"},{"@type":"Person","@id":"https:\/\/www.africa-press.net\/niger\/#\/schema\/person\/2b1cf3cd81a31e3cd26889ca66d677f1","name":"cfeditorfr"}]}},"_links":{"self":[{"href":"https:\/\/www.africa-press.net\/niger\/wp-json\/wp\/v2\/posts\/60301","targetHints":{"allow":["GET"]}}],"collection":[{"href":"https:\/\/www.africa-press.net\/niger\/wp-json\/wp\/v2\/posts"}],"about":[{"href":"https:\/\/www.africa-press.net\/niger\/wp-json\/wp\/v2\/types\/post"}],"author":[{"embeddable":true,"href":"https:\/\/www.africa-press.net\/niger\/wp-json\/wp\/v2\/users\/82"}],"replies":[{"embeddable":true,"href":"https:\/\/www.africa-press.net\/niger\/wp-json\/wp\/v2\/comments?post=60301"}],"version-history":[{"count":0,"href":"https:\/\/www.africa-press.net\/niger\/wp-json\/wp\/v2\/posts\/60301\/revisions"}],"wp:featuredmedia":[{"embeddable":true,"href":"https:\/\/www.africa-press.net\/niger\/wp-json\/wp\/v2\/media\/60300"}],"wp:attachment":[{"href":"https:\/\/www.africa-press.net\/niger\/wp-json\/wp\/v2\/media?parent=60301"}],"wp:term":[{"taxonomy":"category","embeddable":true,"href":"https:\/\/www.africa-press.net\/niger\/wp-json\/wp\/v2\/categories?post=60301"},{"taxonomy":"post_tag","embeddable":true,"href":"https:\/\/www.africa-press.net\/niger\/wp-json\/wp\/v2\/tags?post=60301"}],"curies":[{"name":"wp","href":"https:\/\/api.w.org\/{rel}","templated":true}]}}