{"id":60320,"date":"2024-03-21T18:01:36","date_gmt":"2024-03-21T18:01:36","guid":{"rendered":"https:\/\/www.africa-press.net\/niger\/politique\/niamey-le-premier-ministre-recoit-une-delegation-chinoise"},"modified":"2024-03-22T07:00:39","modified_gmt":"2024-03-22T07:00:39","slug":"niamey-le-premier-ministre-recoit-une-delegation-chinoise","status":"publish","type":"post","link":"https:\/\/www.africa-press.net\/niger\/politique\/niamey-le-premier-ministre-recoit-une-delegation-chinoise","title":{"rendered":"Niamey : Le Premier Ministre re\u00e7oit une d\u00e9l\u00e9gation chinoise"},"content":{"rendered":"<p><span style=\"color: #ff6600\"><strong>Africa-Press &#8211; Niger. <\/strong><\/span>Le Premier Ministre, M. Lamine Zeine Ali Mahaman s\u2019est entretenu, ce mercredi 20 mars 2024, avec une de\u0301le\u0301gation chinoise conduite par le repre\u0301sentant spe\u0301cial du gouvernement chinois pour les affaires africaines. M. Liu Yuxi.<\/p>\n<p>Au terme de l\u2019entretien, le repre\u0301sentant spe\u0301cial du gouvernement chinois pour les affaires africaines M. Liu Yuxi s\u2019est re\u0301joui d\u2019avoir \u00abe\u0301voque\u0301 notre belle relation, notre amitie\u0301 et notre coope\u0301ration entre les deux pays, et nous avons toutes les deux parties la ferme volonte\u0301 de raffermir notre amitie\u0301 et de continuer tous les projets de notre coope\u0301ration qui correspondent aux inte\u0301re\u0302ts de nos deux peuples\u00bb.<\/p>\n<p>M. Liu Yuxi a annonce\u0301 que \u00abcette anne\u0301e il y\u2019aura un forum de la coope\u0301ration entre la chine et les pays africains ou\u0300 nous avons lance\u0301 une invitation aux dirigeants nige\u0301riens pour participer a\u0300 ce sommet qui se tiendra en aout 2024 \u00bb.<\/p>\n<p>Notons que cette audience s\u2019est de\u0301roule\u0301e en pre\u0301sence du Ministre de Affaires Etrange\u0300res et de la coope\u0301ration et des Nige\u0301riens a\u0300 l\u2019Exte\u0301rieur, M. Bakary Yaou Sangare\u0301.<\/p>\n<p><strong>Pour plus d&rsquo;informations et d&rsquo;analyses sur la <a href=\"https:\/\/www.africa-press.net\/niger\">Niger<\/a>, suivez <a href=\"https:\/\/www.africa-press.net\/\">Africa-Press<\/a><\/strong><\/p>\n","protected":false},"excerpt":{"rendered":"<p>Africa-Press &#8211; Niger. Le Premier Ministre, M. Lamine Zeine Ali Mahaman s\u2019est entretenu, ce mercredi 20 mars 2024, avec une de\u0301le\u0301gation chinoise conduite par le repre\u0301sentant spe\u0301cial du gouvernement chinois pour les affaires africaines. M. Liu Yuxi. Au terme de l\u2019entretien, le repre\u0301sentant spe\u0301cial du gouvernement chinois pour les affaires africaines M. Liu Yuxi s\u2019est [&hellip;]<\/p>\n","protected":false},"author":82,"featured_media":60319,"comment_status":"open","ping_status":"closed","sticky":false,"template":"","format":"standard","meta":{"footnotes":""},"categories":[2,20,10],"tags":[55,60,29],"class_list":["post-60320","post","type-post","status-publish","format-standard","has-post-thumbnail","hentry","category-politique","category-top-nouvelles","category-toutes-les-actualites","tag-africa-press","tag-africa-press-niger","tag-niger"],"yoast_head":"<!-- This site is optimized with the Yoast SEO Premium plugin v26.1 (Yoast SEO v27.0) - https:\/\/yoast.com\/product\/yoast-seo-premium-wordpress\/ -->\n<title>Niamey : Le Premier Ministre re\u00e7oit une d\u00e9l\u00e9gation chinoise - niger<\/title>\n<meta name=\"description\" content=\"Le Premier Ministre, M. Lamine Zeine Ali Mahaman s\u2019est entretenu, ce mercredi 20 mars 2024, avec une de\u0301le\u0301gation chinoi ...\" \/>\n<meta name=\"robots\" content=\"index, follow, max-snippet:-1, max-image-preview:large, max-video-preview:-1\" \/>\n<link rel=\"canonical\" href=\"https:\/\/www.africa-press.net\/niger\/politique\/niamey-le-premier-ministre-recoit-une-delegation-chinoise\" \/>\n<meta property=\"og:locale\" content=\"fr_FR\" \/>\n<meta property=\"og:type\" content=\"article\" \/>\n<meta property=\"og:title\" content=\"Niamey : Le Premier Ministre re\u00e7oit une d\u00e9l\u00e9gation chinoise\" \/>\n<meta property=\"og:description\" content=\"Le Premier Ministre, M. Lamine Zeine Ali Mahaman s\u2019est entretenu, ce mercredi 20 mars 2024, avec une de\u0301le\u0301gation chinoi ...\" \/>\n<meta property=\"og:url\" content=\"https:\/\/www.africa-press.net\/niger\/politique\/niamey-le-premier-ministre-recoit-une-delegation-chinoise\" \/>\n<meta property=\"og:site_name\" content=\"niger\" \/>\n<meta property=\"article:published_time\" content=\"2024-03-21T18:01:36+00:00\" \/>\n<meta property=\"article:modified_time\" content=\"2024-03-22T07:00:39+00:00\" \/>\n<meta property=\"og:image\" content=\"https:\/\/static.africa-press.net\/niger\/sites\/40\/2024\/03\/sm_1711037473.361584.jpg\" \/>\n\t<meta property=\"og:image:width\" content=\"720\" \/>\n\t<meta property=\"og:image:height\" content=\"401\" \/>\n\t<meta property=\"og:image:type\" content=\"image\/jpeg\" \/>\n<meta name=\"author\" content=\"cfeditorfr\" \/>\n<meta name=\"twitter:card\" content=\"summary_large_image\" \/>\n<meta name=\"twitter:label1\" content=\"\u00c9crit par\" \/>\n\t<meta name=\"twitter:data1\" content=\"cfeditorfr\" \/>\n\t<meta name=\"twitter:label2\" content=\"Dur\u00e9e de lecture estim\u00e9e\" \/>\n\t<meta name=\"twitter:data2\" content=\"2 minutes\" \/>\n<script type=\"application\/ld+json\" class=\"yoast-schema-graph\">{\"@context\":\"https:\/\/schema.org\",\"@graph\":[{\"@type\":\"Article\",\"@id\":\"https:\/\/www.africa-press.net\/niger\/politique\/niamey-le-premier-ministre-recoit-une-delegation-chinoise#article\",\"isPartOf\":{\"@id\":\"https:\/\/www.africa-press.net\/niger\/politique\/niamey-le-premier-ministre-recoit-une-delegation-chinoise\"},\"author\":{\"name\":\"cfeditorfr\",\"@id\":\"https:\/\/www.africa-press.net\/niger\/#\/schema\/person\/2b1cf3cd81a31e3cd26889ca66d677f1\"},\"headline\":\"Niamey : Le Premier Ministre re\u00e7oit une d\u00e9l\u00e9gation chinoise\",\"datePublished\":\"2024-03-21T18:01:36+00:00\",\"dateModified\":\"2024-03-22T07:00:39+00:00\",\"mainEntityOfPage\":{\"@id\":\"https:\/\/www.africa-press.net\/niger\/politique\/niamey-le-premier-ministre-recoit-une-delegation-chinoise\"},\"wordCount\":218,\"commentCount\":0,\"image\":{\"@id\":\"https:\/\/www.africa-press.net\/niger\/politique\/niamey-le-premier-ministre-recoit-une-delegation-chinoise#primaryimage\"},\"thumbnailUrl\":\"https:\/\/static.africa-press.net\/niger\/sites\/40\/2024\/03\/sm_1711037473.361584.jpg\",\"keywords\":[\"Africa Press\",\"Africa Press-Niger\",\"Niger\"],\"articleSection\":[\"Politique\",\"Top Nouvelles\",\"Toutes les actualit\u00e9s\"],\"inLanguage\":\"fr-FR\",\"potentialAction\":[{\"@type\":\"CommentAction\",\"name\":\"Comment\",\"target\":[\"https:\/\/www.africa-press.net\/niger\/politique\/niamey-le-premier-ministre-recoit-une-delegation-chinoise#respond\"]}]},{\"@type\":\"WebPage\",\"@id\":\"https:\/\/www.africa-press.net\/niger\/politique\/niamey-le-premier-ministre-recoit-une-delegation-chinoise\",\"url\":\"https:\/\/www.africa-press.net\/niger\/politique\/niamey-le-premier-ministre-recoit-une-delegation-chinoise\",\"name\":\"Niamey : Le Premier Ministre re\u00e7oit une d\u00e9l\u00e9gation chinoise - niger\",\"isPartOf\":{\"@id\":\"https:\/\/www.africa-press.net\/niger\/#website\"},\"primaryImageOfPage\":{\"@id\":\"https:\/\/www.africa-press.net\/niger\/politique\/niamey-le-premier-ministre-recoit-une-delegation-chinoise#primaryimage\"},\"image\":{\"@id\":\"https:\/\/www.africa-press.net\/niger\/politique\/niamey-le-premier-ministre-recoit-une-delegation-chinoise#primaryimage\"},\"thumbnailUrl\":\"https:\/\/static.africa-press.net\/niger\/sites\/40\/2024\/03\/sm_1711037473.361584.jpg\",\"datePublished\":\"2024-03-21T18:01:36+00:00\",\"dateModified\":\"2024-03-22T07:00:39+00:00\",\"author\":{\"@id\":\"https:\/\/www.africa-press.net\/niger\/#\/schema\/person\/2b1cf3cd81a31e3cd26889ca66d677f1\"},\"description\":\"Le Premier Ministre, M. Lamine Zeine Ali Mahaman s\u2019est entretenu, ce mercredi 20 mars 2024, avec une de\u0301le\u0301gation chinoi ...\",\"breadcrumb\":{\"@id\":\"https:\/\/www.africa-press.net\/niger\/politique\/niamey-le-premier-ministre-recoit-une-delegation-chinoise#breadcrumb\"},\"inLanguage\":\"fr-FR\",\"potentialAction\":[{\"@type\":\"ReadAction\",\"target\":[\"https:\/\/www.africa-press.net\/niger\/politique\/niamey-le-premier-ministre-recoit-une-delegation-chinoise\"]}]},{\"@type\":\"ImageObject\",\"inLanguage\":\"fr-FR\",\"@id\":\"https:\/\/www.africa-press.net\/niger\/politique\/niamey-le-premier-ministre-recoit-une-delegation-chinoise#primaryimage\",\"url\":\"https:\/\/static.africa-press.net\/niger\/sites\/40\/2024\/03\/sm_1711037473.361584.jpg\",\"contentUrl\":\"https:\/\/static.africa-press.net\/niger\/sites\/40\/2024\/03\/sm_1711037473.361584.jpg\",\"width\":720,\"height\":401,\"caption\":\"Niamey : Le Premier Ministre re\u00e7oit une d\u00e9l\u00e9gation chinoise\"},{\"@type\":\"BreadcrumbList\",\"@id\":\"https:\/\/www.africa-press.net\/niger\/politique\/niamey-le-premier-ministre-recoit-une-delegation-chinoise#breadcrumb\",\"itemListElement\":[{\"@type\":\"ListItem\",\"position\":1,\"name\":\"Accueil\",\"item\":\"https:\/\/www.africa-press.net\/niger\/\"},{\"@type\":\"ListItem\",\"position\":2,\"name\":\"Niamey : Le Premier Ministre re\u00e7oit une d\u00e9l\u00e9gation chinoise\"}]},{\"@type\":\"WebSite\",\"@id\":\"https:\/\/www.africa-press.net\/niger\/#website\",\"url\":\"https:\/\/www.africa-press.net\/niger\/\",\"name\":\"niger\",\"description\":\"Just another Africa News Agency Sites site\",\"potentialAction\":[{\"@type\":\"SearchAction\",\"target\":{\"@type\":\"EntryPoint\",\"urlTemplate\":\"https:\/\/www.africa-press.net\/niger\/?s={search_term_string}\"},\"query-input\":{\"@type\":\"PropertyValueSpecification\",\"valueRequired\":true,\"valueName\":\"search_term_string\"}}],\"inLanguage\":\"fr-FR\"},{\"@type\":\"Person\",\"@id\":\"https:\/\/www.africa-press.net\/niger\/#\/schema\/person\/2b1cf3cd81a31e3cd26889ca66d677f1\",\"name\":\"cfeditorfr\"}]}<\/script>\n<!-- \/ Yoast SEO Premium plugin. -->","yoast_head_json":{"title":"Niamey : Le Premier Ministre re\u00e7oit une d\u00e9l\u00e9gation chinoise - niger","description":"Le Premier Ministre, M. Lamine Zeine Ali Mahaman s\u2019est entretenu, ce mercredi 20 mars 2024, avec une de\u0301le\u0301gation chinoi ...","robots":{"index":"index","follow":"follow","max-snippet":"max-snippet:-1","max-image-preview":"max-image-preview:large","max-video-preview":"max-video-preview:-1"},"canonical":"https:\/\/www.africa-press.net\/niger\/politique\/niamey-le-premier-ministre-recoit-une-delegation-chinoise","og_locale":"fr_FR","og_type":"article","og_title":"Niamey : Le Premier Ministre re\u00e7oit une d\u00e9l\u00e9gation chinoise","og_description":"Le Premier Ministre, M. Lamine Zeine Ali Mahaman s\u2019est entretenu, ce mercredi 20 mars 2024, avec une de\u0301le\u0301gation chinoi ...","og_url":"https:\/\/www.africa-press.net\/niger\/politique\/niamey-le-premier-ministre-recoit-une-delegation-chinoise","og_site_name":"niger","article_published_time":"2024-03-21T18:01:36+00:00","article_modified_time":"2024-03-22T07:00:39+00:00","og_image":[{"width":720,"height":401,"url":"https:\/\/static.africa-press.net\/niger\/sites\/40\/2024\/03\/sm_1711037473.361584.jpg","type":"image\/jpeg"}],"author":"cfeditorfr","twitter_card":"summary_large_image","twitter_misc":{"\u00c9crit par":"cfeditorfr","Dur\u00e9e de lecture estim\u00e9e":"2 minutes"},"schema":{"@context":"https:\/\/schema.org","@graph":[{"@type":"Article","@id":"https:\/\/www.africa-press.net\/niger\/politique\/niamey-le-premier-ministre-recoit-une-delegation-chinoise#article","isPartOf":{"@id":"https:\/\/www.africa-press.net\/niger\/politique\/niamey-le-premier-ministre-recoit-une-delegation-chinoise"},"author":{"name":"cfeditorfr","@id":"https:\/\/www.africa-press.net\/niger\/#\/schema\/person\/2b1cf3cd81a31e3cd26889ca66d677f1"},"headline":"Niamey : Le Premier Ministre re\u00e7oit une d\u00e9l\u00e9gation chinoise","datePublished":"2024-03-21T18:01:36+00:00","dateModified":"2024-03-22T07:00:39+00:00","mainEntityOfPage":{"@id":"https:\/\/www.africa-press.net\/niger\/politique\/niamey-le-premier-ministre-recoit-une-delegation-chinoise"},"wordCount":218,"commentCount":0,"image":{"@id":"https:\/\/www.africa-press.net\/niger\/politique\/niamey-le-premier-ministre-recoit-une-delegation-chinoise#primaryimage"},"thumbnailUrl":"https:\/\/static.africa-press.net\/niger\/sites\/40\/2024\/03\/sm_1711037473.361584.jpg","keywords":["Africa Press","Africa Press-Niger","Niger"],"articleSection":["Politique","Top Nouvelles","Toutes les actualit\u00e9s"],"inLanguage":"fr-FR","potentialAction":[{"@type":"CommentAction","name":"Comment","target":["https:\/\/www.africa-press.net\/niger\/politique\/niamey-le-premier-ministre-recoit-une-delegation-chinoise#respond"]}]},{"@type":"WebPage","@id":"https:\/\/www.africa-press.net\/niger\/politique\/niamey-le-premier-ministre-recoit-une-delegation-chinoise","url":"https:\/\/www.africa-press.net\/niger\/politique\/niamey-le-premier-ministre-recoit-une-delegation-chinoise","name":"Niamey : Le Premier Ministre re\u00e7oit une d\u00e9l\u00e9gation chinoise - niger","isPartOf":{"@id":"https:\/\/www.africa-press.net\/niger\/#website"},"primaryImageOfPage":{"@id":"https:\/\/www.africa-press.net\/niger\/politique\/niamey-le-premier-ministre-recoit-une-delegation-chinoise#primaryimage"},"image":{"@id":"https:\/\/www.africa-press.net\/niger\/politique\/niamey-le-premier-ministre-recoit-une-delegation-chinoise#primaryimage"},"thumbnailUrl":"https:\/\/static.africa-press.net\/niger\/sites\/40\/2024\/03\/sm_1711037473.361584.jpg","datePublished":"2024-03-21T18:01:36+00:00","dateModified":"2024-03-22T07:00:39+00:00","author":{"@id":"https:\/\/www.africa-press.net\/niger\/#\/schema\/person\/2b1cf3cd81a31e3cd26889ca66d677f1"},"description":"Le Premier Ministre, M. Lamine Zeine Ali Mahaman s\u2019est entretenu, ce mercredi 20 mars 2024, avec une de\u0301le\u0301gation chinoi ...","breadcrumb":{"@id":"https:\/\/www.africa-press.net\/niger\/politique\/niamey-le-premier-ministre-recoit-une-delegation-chinoise#breadcrumb"},"inLanguage":"fr-FR","potentialAction":[{"@type":"ReadAction","target":["https:\/\/www.africa-press.net\/niger\/politique\/niamey-le-premier-ministre-recoit-une-delegation-chinoise"]}]},{"@type":"ImageObject","inLanguage":"fr-FR","@id":"https:\/\/www.africa-press.net\/niger\/politique\/niamey-le-premier-ministre-recoit-une-delegation-chinoise#primaryimage","url":"https:\/\/static.africa-press.net\/niger\/sites\/40\/2024\/03\/sm_1711037473.361584.jpg","contentUrl":"https:\/\/static.africa-press.net\/niger\/sites\/40\/2024\/03\/sm_1711037473.361584.jpg","width":720,"height":401,"caption":"Niamey : Le Premier Ministre re\u00e7oit une d\u00e9l\u00e9gation chinoise"},{"@type":"BreadcrumbList","@id":"https:\/\/www.africa-press.net\/niger\/politique\/niamey-le-premier-ministre-recoit-une-delegation-chinoise#breadcrumb","itemListElement":[{"@type":"ListItem","position":1,"name":"Accueil","item":"https:\/\/www.africa-press.net\/niger\/"},{"@type":"ListItem","position":2,"name":"Niamey : Le Premier Ministre re\u00e7oit une d\u00e9l\u00e9gation chinoise"}]},{"@type":"WebSite","@id":"https:\/\/www.africa-press.net\/niger\/#website","url":"https:\/\/www.africa-press.net\/niger\/","name":"niger","description":"Just another Africa News Agency Sites site","potentialAction":[{"@type":"SearchAction","target":{"@type":"EntryPoint","urlTemplate":"https:\/\/www.africa-press.net\/niger\/?s={search_term_string}"},"query-input":{"@type":"PropertyValueSpecification","valueRequired":true,"valueName":"search_term_string"}}],"inLanguage":"fr-FR"},{"@type":"Person","@id":"https:\/\/www.africa-press.net\/niger\/#\/schema\/person\/2b1cf3cd81a31e3cd26889ca66d677f1","name":"cfeditorfr"}]}},"_links":{"self":[{"href":"https:\/\/www.africa-press.net\/niger\/wp-json\/wp\/v2\/posts\/60320","targetHints":{"allow":["GET"]}}],"collection":[{"href":"https:\/\/www.africa-press.net\/niger\/wp-json\/wp\/v2\/posts"}],"about":[{"href":"https:\/\/www.africa-press.net\/niger\/wp-json\/wp\/v2\/types\/post"}],"author":[{"embeddable":true,"href":"https:\/\/www.africa-press.net\/niger\/wp-json\/wp\/v2\/users\/82"}],"replies":[{"embeddable":true,"href":"https:\/\/www.africa-press.net\/niger\/wp-json\/wp\/v2\/comments?post=60320"}],"version-history":[{"count":0,"href":"https:\/\/www.africa-press.net\/niger\/wp-json\/wp\/v2\/posts\/60320\/revisions"}],"wp:featuredmedia":[{"embeddable":true,"href":"https:\/\/www.africa-press.net\/niger\/wp-json\/wp\/v2\/media\/60319"}],"wp:attachment":[{"href":"https:\/\/www.africa-press.net\/niger\/wp-json\/wp\/v2\/media?parent=60320"}],"wp:term":[{"taxonomy":"category","embeddable":true,"href":"https:\/\/www.africa-press.net\/niger\/wp-json\/wp\/v2\/categories?post=60320"},{"taxonomy":"post_tag","embeddable":true,"href":"https:\/\/www.africa-press.net\/niger\/wp-json\/wp\/v2\/tags?post=60320"}],"curies":[{"name":"wp","href":"https:\/\/api.w.org\/{rel}","templated":true}]}}