{"id":60322,"date":"2024-03-21T18:02:43","date_gmt":"2024-03-21T18:02:43","guid":{"rendered":"https:\/\/www.africa-press.net\/niger\/politique\/education-les-avis-sont-partages-pour-les-conges-de-fin-du-deuxieme-trimestre"},"modified":"2024-03-22T07:01:08","modified_gmt":"2024-03-22T07:01:08","slug":"education-les-avis-sont-partages-pour-les-conges-de-fin-du-deuxieme-trimestre","status":"publish","type":"post","link":"https:\/\/www.africa-press.net\/niger\/culture-et-art\/education-les-avis-sont-partages-pour-les-conges-de-fin-du-deuxieme-trimestre","title":{"rendered":"Education : Les avis sont partag\u00e9s pour les cong\u00e9s de fin du deuxi\u00e8me trimestre"},"content":{"rendered":"<p><span style=\"color: #ff6600\"><strong>Africa-Press &#8211; Niger. <\/strong><\/span>L\u2019anne\u0301e scolaire 2023-2024 se de\u0301roule normalement dans la re\u0301gion de Dosso. Le deuxie\u0300me trimestre qui s\u2019ache\u0300ve, s\u2019est de\u0301roule\u0301 dans de bonnes conditions parce que le programme\u0301 a e\u0301te\u0301 exe\u0301cute\u0301 dans de bonnes conditions a fait remarquer le directeur re\u0301gional de l\u2019e\u0301ducation nationale, de l\u2019alphabe\u0301tisation, de l\u2019enseignement professionnel et de la promotion des langues nationales de Dosso M. Awaly Barmou. L\u2019anne\u0301e 2023-2024 a-t-il explique\u0301, est l\u2019anne\u0301e la plus calme de ces deux dernie\u0300res de\u0301cennies en niveau de la re\u0301gion de Dosso en ce sens que depuis la rentre\u0301e, il y a eu moins de mouvement d\u2019e\u0301le\u0300ves, il n\u2019y a pas eu aussi de mouvements d\u2019enseignant. C\u2019est en somme la parfaite compre\u0301hension des citoyens qui a pre\u0301valu autour de la question e\u0301ducative a\u0300 travers toute la re\u0301gion. Le temps scolaire est presque a\u0300 95 voire 100% dans certains e\u0301tablissements.<\/p>\n<p>De fac\u0327on ge\u0301ne\u0301rale, le deuxie\u0300me trimestre s\u2019est tre\u0300s bien passe\u0301 ; tous les e\u0301le\u0300ves e\u0301taient en classe durant tout le temps scolaire. L\u2019e\u0301valuation a tre\u0300s bien donne\u0301 et tourne autour de 80% du taux d\u2019exe\u0301cution des programmes. Par rapport aux conge\u0301s qui s\u2019annoncent, le directeur re\u0301gional de l\u2019e\u0301ducation nationale de Dosso estime qu\u2019il s\u2019agit d\u2019un ame\u0301nagement qui a e\u0301te\u0301 fait pendant le temps de repos des e\u0301le\u0300ves en fin de trimestre qui a-t-il reconnu est la bienvenue non seulement est un temps consacre\u0301 pour des prie\u0300res surtout pendant la dernie\u0300re de\u0301cade du mois de ramadan. C\u2019est me\u0302me a\u0300 la demande des enseignants que cette de\u0301cision a e\u0301te\u0301 prise par la ministre de l\u2019e\u0301ducation nationale a indique\u0301 M. Awaly Barmou. Les e\u0301le\u0300ves auront e\u0301galement a\u0300 aider leurs parents en cette pe\u0301riode ou\u0300 ils en ont besoin.<\/p>\n<p>Les enseignants ont de leur co\u0302te\u0301 salue\u0301 le bon de\u0301roulement de l\u2019anne\u0301e scolaire. La directrice de l\u2019e\u0301cole primaire Guaranke\u0301 1 de Dosso Mme Rakia Ali Soumai\u0308la estime que le programme du deuxie\u0300me trimestre a e\u0301te\u0301 respecte\u0301. Les e\u0301valuations ont e\u0301te\u0301 faites et dans l\u2019ensemble ce deuxie\u0300me trimestre qui touche a\u0300 sa fin est a\u0300 80% d\u2019exe\u0301cution. Il ne reste que 20% pour le troisie\u0300me trimestre. Les e\u0301le\u0300ves ont e\u0301te\u0301 e\u0301value\u0301s, les notes sont bonnes et les cours se de\u0301roulent normalement.<\/p>\n<p>Parlant du report des conge\u0301s pour les dix derniers jours du ramadan, Mme Rakia Ali Soumai\u0308la en tant que syndicaliste estime qu\u2019on devrait garder la me\u0302me forme de conge\u0301s parce que si on prend les dix derniers jours du ramadan cela veut dire qu\u2019a\u0300 chaque anne\u0301e il faut recommencer car ces conge\u0301s ne sont pas fixes comme les conge\u0301s de fin du premier ou du deuxie\u0300me trimestre. Il arrivera ou\u0300 nous serons oblige\u0301s de revenir a\u0300 ces conge\u0301s-la\u0300. Mme Rakia Ali Soumai\u0308la ne voit pas pourquoi l\u2019enseignant sera particulier aux autres fonctionnaires pour qu\u2019on lui donne d\u2019autres conge\u0301s. On devrait a-t-elle pre\u0301cise\u0301 laisser l\u2019enseignant exe\u0301cuter son programme et ses conge\u0301s comme d\u2019habitude.<\/p>\n<p><strong>Pour plus d&rsquo;informations et d&rsquo;analyses sur la <a href=\"https:\/\/www.africa-press.net\/niger\">Niger<\/a>, suivez <a href=\"https:\/\/www.africa-press.net\/\">Africa-Press<\/a><\/strong><\/p>\n","protected":false},"excerpt":{"rendered":"<p>Africa-Press &#8211; Niger. L\u2019anne\u0301e scolaire 2023-2024 se de\u0301roule normalement dans la re\u0301gion de Dosso. Le deuxie\u0300me trimestre qui s\u2019ache\u0300ve, s\u2019est de\u0301roule\u0301 dans de bonnes conditions parce que le programme\u0301 a e\u0301te\u0301 exe\u0301cute\u0301 dans de bonnes conditions a fait remarquer le directeur re\u0301gional de l\u2019e\u0301ducation nationale, de l\u2019alphabe\u0301tisation, de l\u2019enseignement professionnel et de la promotion des [&hellip;]<\/p>\n","protected":false},"author":82,"featured_media":60321,"comment_status":"open","ping_status":"closed","sticky":false,"template":"","format":"standard","meta":{"footnotes":""},"categories":[5,10],"tags":[55,60,29],"class_list":["post-60322","post","type-post","status-publish","format-standard","has-post-thumbnail","hentry","category-culture-et-art","category-toutes-les-actualites","tag-africa-press","tag-africa-press-niger","tag-niger"],"yoast_head":"<!-- This site is optimized with the Yoast SEO Premium plugin v26.1 (Yoast SEO v27.0) - https:\/\/yoast.com\/product\/yoast-seo-premium-wordpress\/ -->\n<title>Education : Les avis sont partag\u00e9s pour les cong\u00e9s de fin du deuxi\u00e8me trimestre - niger<\/title>\n<meta name=\"description\" content=\"L\u2019anne\u0301e scolaire 2023-2024 se de\u0301roule normalement dans la re\u0301gion de Dosso. Le deuxie\u0300me trimestre qui s\u2019ache\u0300ve, s\u2019es ...\" \/>\n<meta name=\"robots\" content=\"index, follow, max-snippet:-1, max-image-preview:large, max-video-preview:-1\" \/>\n<link rel=\"canonical\" href=\"https:\/\/www.africa-press.net\/niger\/culture-et-art\/education-les-avis-sont-partages-pour-les-conges-de-fin-du-deuxieme-trimestre\" \/>\n<meta property=\"og:locale\" content=\"fr_FR\" \/>\n<meta property=\"og:type\" content=\"article\" \/>\n<meta property=\"og:title\" content=\"Education : Les avis sont partag\u00e9s pour les cong\u00e9s de fin du deuxi\u00e8me trimestre\" \/>\n<meta property=\"og:description\" content=\"L\u2019anne\u0301e scolaire 2023-2024 se de\u0301roule normalement dans la re\u0301gion de Dosso. Le deuxie\u0300me trimestre qui s\u2019ache\u0300ve, s\u2019es ...\" \/>\n<meta property=\"og:url\" content=\"https:\/\/www.africa-press.net\/niger\/culture-et-art\/education-les-avis-sont-partages-pour-les-conges-de-fin-du-deuxieme-trimestre\" \/>\n<meta property=\"og:site_name\" content=\"niger\" \/>\n<meta property=\"article:published_time\" content=\"2024-03-21T18:02:43+00:00\" \/>\n<meta property=\"article:modified_time\" content=\"2024-03-22T07:01:08+00:00\" \/>\n<meta property=\"og:image\" content=\"https:\/\/static.africa-press.net\/niger\/sites\/40\/2024\/03\/sm_1711037503.67911.jpg\" \/>\n\t<meta property=\"og:image:width\" content=\"720\" \/>\n\t<meta property=\"og:image:height\" content=\"479\" \/>\n\t<meta property=\"og:image:type\" content=\"image\/jpeg\" \/>\n<meta name=\"author\" content=\"cfeditorfr\" \/>\n<meta name=\"twitter:card\" content=\"summary_large_image\" \/>\n<meta name=\"twitter:label1\" content=\"\u00c9crit par\" \/>\n\t<meta name=\"twitter:data1\" content=\"cfeditorfr\" \/>\n\t<meta name=\"twitter:label2\" content=\"Dur\u00e9e de lecture estim\u00e9e\" \/>\n\t<meta name=\"twitter:data2\" content=\"3 minutes\" \/>\n<script type=\"application\/ld+json\" class=\"yoast-schema-graph\">{\"@context\":\"https:\/\/schema.org\",\"@graph\":[{\"@type\":\"Article\",\"@id\":\"https:\/\/www.africa-press.net\/niger\/culture-et-art\/education-les-avis-sont-partages-pour-les-conges-de-fin-du-deuxieme-trimestre#article\",\"isPartOf\":{\"@id\":\"https:\/\/www.africa-press.net\/niger\/culture-et-art\/education-les-avis-sont-partages-pour-les-conges-de-fin-du-deuxieme-trimestre\"},\"author\":{\"name\":\"cfeditorfr\",\"@id\":\"https:\/\/www.africa-press.net\/niger\/#\/schema\/person\/2b1cf3cd81a31e3cd26889ca66d677f1\"},\"headline\":\"Education : Les avis sont partag\u00e9s pour les cong\u00e9s de fin du deuxi\u00e8me trimestre\",\"datePublished\":\"2024-03-21T18:02:43+00:00\",\"dateModified\":\"2024-03-22T07:01:08+00:00\",\"mainEntityOfPage\":{\"@id\":\"https:\/\/www.africa-press.net\/niger\/culture-et-art\/education-les-avis-sont-partages-pour-les-conges-de-fin-du-deuxieme-trimestre\"},\"wordCount\":607,\"commentCount\":0,\"image\":{\"@id\":\"https:\/\/www.africa-press.net\/niger\/culture-et-art\/education-les-avis-sont-partages-pour-les-conges-de-fin-du-deuxieme-trimestre#primaryimage\"},\"thumbnailUrl\":\"https:\/\/static.africa-press.net\/niger\/sites\/40\/2024\/03\/sm_1711037503.67911.jpg\",\"keywords\":[\"Africa Press\",\"Africa Press-Niger\",\"Niger\"],\"articleSection\":[\"Culture et Art\",\"Toutes les actualit\u00e9s\"],\"inLanguage\":\"fr-FR\",\"potentialAction\":[{\"@type\":\"CommentAction\",\"name\":\"Comment\",\"target\":[\"https:\/\/www.africa-press.net\/niger\/culture-et-art\/education-les-avis-sont-partages-pour-les-conges-de-fin-du-deuxieme-trimestre#respond\"]}]},{\"@type\":\"WebPage\",\"@id\":\"https:\/\/www.africa-press.net\/niger\/culture-et-art\/education-les-avis-sont-partages-pour-les-conges-de-fin-du-deuxieme-trimestre\",\"url\":\"https:\/\/www.africa-press.net\/niger\/culture-et-art\/education-les-avis-sont-partages-pour-les-conges-de-fin-du-deuxieme-trimestre\",\"name\":\"Education : Les avis sont partag\u00e9s pour les cong\u00e9s de fin du deuxi\u00e8me trimestre - niger\",\"isPartOf\":{\"@id\":\"https:\/\/www.africa-press.net\/niger\/#website\"},\"primaryImageOfPage\":{\"@id\":\"https:\/\/www.africa-press.net\/niger\/culture-et-art\/education-les-avis-sont-partages-pour-les-conges-de-fin-du-deuxieme-trimestre#primaryimage\"},\"image\":{\"@id\":\"https:\/\/www.africa-press.net\/niger\/culture-et-art\/education-les-avis-sont-partages-pour-les-conges-de-fin-du-deuxieme-trimestre#primaryimage\"},\"thumbnailUrl\":\"https:\/\/static.africa-press.net\/niger\/sites\/40\/2024\/03\/sm_1711037503.67911.jpg\",\"datePublished\":\"2024-03-21T18:02:43+00:00\",\"dateModified\":\"2024-03-22T07:01:08+00:00\",\"author\":{\"@id\":\"https:\/\/www.africa-press.net\/niger\/#\/schema\/person\/2b1cf3cd81a31e3cd26889ca66d677f1\"},\"description\":\"L\u2019anne\u0301e scolaire 2023-2024 se de\u0301roule normalement dans la re\u0301gion de Dosso. Le deuxie\u0300me trimestre qui s\u2019ache\u0300ve, s\u2019es ...\",\"breadcrumb\":{\"@id\":\"https:\/\/www.africa-press.net\/niger\/culture-et-art\/education-les-avis-sont-partages-pour-les-conges-de-fin-du-deuxieme-trimestre#breadcrumb\"},\"inLanguage\":\"fr-FR\",\"potentialAction\":[{\"@type\":\"ReadAction\",\"target\":[\"https:\/\/www.africa-press.net\/niger\/culture-et-art\/education-les-avis-sont-partages-pour-les-conges-de-fin-du-deuxieme-trimestre\"]}]},{\"@type\":\"ImageObject\",\"inLanguage\":\"fr-FR\",\"@id\":\"https:\/\/www.africa-press.net\/niger\/culture-et-art\/education-les-avis-sont-partages-pour-les-conges-de-fin-du-deuxieme-trimestre#primaryimage\",\"url\":\"https:\/\/static.africa-press.net\/niger\/sites\/40\/2024\/03\/sm_1711037503.67911.jpg\",\"contentUrl\":\"https:\/\/static.africa-press.net\/niger\/sites\/40\/2024\/03\/sm_1711037503.67911.jpg\",\"width\":720,\"height\":479,\"caption\":\"Education : Les avis sont partag\u00e9s pour les cong\u00e9s de fin du deuxi\u00e8me trimestre\"},{\"@type\":\"BreadcrumbList\",\"@id\":\"https:\/\/www.africa-press.net\/niger\/culture-et-art\/education-les-avis-sont-partages-pour-les-conges-de-fin-du-deuxieme-trimestre#breadcrumb\",\"itemListElement\":[{\"@type\":\"ListItem\",\"position\":1,\"name\":\"Accueil\",\"item\":\"https:\/\/www.africa-press.net\/niger\/\"},{\"@type\":\"ListItem\",\"position\":2,\"name\":\"Education : Les avis sont partag\u00e9s pour les cong\u00e9s de fin du deuxi\u00e8me trimestre\"}]},{\"@type\":\"WebSite\",\"@id\":\"https:\/\/www.africa-press.net\/niger\/#website\",\"url\":\"https:\/\/www.africa-press.net\/niger\/\",\"name\":\"niger\",\"description\":\"Just another Africa News Agency Sites site\",\"potentialAction\":[{\"@type\":\"SearchAction\",\"target\":{\"@type\":\"EntryPoint\",\"urlTemplate\":\"https:\/\/www.africa-press.net\/niger\/?s={search_term_string}\"},\"query-input\":{\"@type\":\"PropertyValueSpecification\",\"valueRequired\":true,\"valueName\":\"search_term_string\"}}],\"inLanguage\":\"fr-FR\"},{\"@type\":\"Person\",\"@id\":\"https:\/\/www.africa-press.net\/niger\/#\/schema\/person\/2b1cf3cd81a31e3cd26889ca66d677f1\",\"name\":\"cfeditorfr\"}]}<\/script>\n<!-- \/ Yoast SEO Premium plugin. -->","yoast_head_json":{"title":"Education : Les avis sont partag\u00e9s pour les cong\u00e9s de fin du deuxi\u00e8me trimestre - niger","description":"L\u2019anne\u0301e scolaire 2023-2024 se de\u0301roule normalement dans la re\u0301gion de Dosso. Le deuxie\u0300me trimestre qui s\u2019ache\u0300ve, s\u2019es ...","robots":{"index":"index","follow":"follow","max-snippet":"max-snippet:-1","max-image-preview":"max-image-preview:large","max-video-preview":"max-video-preview:-1"},"canonical":"https:\/\/www.africa-press.net\/niger\/culture-et-art\/education-les-avis-sont-partages-pour-les-conges-de-fin-du-deuxieme-trimestre","og_locale":"fr_FR","og_type":"article","og_title":"Education : Les avis sont partag\u00e9s pour les cong\u00e9s de fin du deuxi\u00e8me trimestre","og_description":"L\u2019anne\u0301e scolaire 2023-2024 se de\u0301roule normalement dans la re\u0301gion de Dosso. Le deuxie\u0300me trimestre qui s\u2019ache\u0300ve, s\u2019es ...","og_url":"https:\/\/www.africa-press.net\/niger\/culture-et-art\/education-les-avis-sont-partages-pour-les-conges-de-fin-du-deuxieme-trimestre","og_site_name":"niger","article_published_time":"2024-03-21T18:02:43+00:00","article_modified_time":"2024-03-22T07:01:08+00:00","og_image":[{"width":720,"height":479,"url":"https:\/\/static.africa-press.net\/niger\/sites\/40\/2024\/03\/sm_1711037503.67911.jpg","type":"image\/jpeg"}],"author":"cfeditorfr","twitter_card":"summary_large_image","twitter_misc":{"\u00c9crit par":"cfeditorfr","Dur\u00e9e de lecture estim\u00e9e":"3 minutes"},"schema":{"@context":"https:\/\/schema.org","@graph":[{"@type":"Article","@id":"https:\/\/www.africa-press.net\/niger\/culture-et-art\/education-les-avis-sont-partages-pour-les-conges-de-fin-du-deuxieme-trimestre#article","isPartOf":{"@id":"https:\/\/www.africa-press.net\/niger\/culture-et-art\/education-les-avis-sont-partages-pour-les-conges-de-fin-du-deuxieme-trimestre"},"author":{"name":"cfeditorfr","@id":"https:\/\/www.africa-press.net\/niger\/#\/schema\/person\/2b1cf3cd81a31e3cd26889ca66d677f1"},"headline":"Education : Les avis sont partag\u00e9s pour les cong\u00e9s de fin du deuxi\u00e8me trimestre","datePublished":"2024-03-21T18:02:43+00:00","dateModified":"2024-03-22T07:01:08+00:00","mainEntityOfPage":{"@id":"https:\/\/www.africa-press.net\/niger\/culture-et-art\/education-les-avis-sont-partages-pour-les-conges-de-fin-du-deuxieme-trimestre"},"wordCount":607,"commentCount":0,"image":{"@id":"https:\/\/www.africa-press.net\/niger\/culture-et-art\/education-les-avis-sont-partages-pour-les-conges-de-fin-du-deuxieme-trimestre#primaryimage"},"thumbnailUrl":"https:\/\/static.africa-press.net\/niger\/sites\/40\/2024\/03\/sm_1711037503.67911.jpg","keywords":["Africa Press","Africa Press-Niger","Niger"],"articleSection":["Culture et Art","Toutes les actualit\u00e9s"],"inLanguage":"fr-FR","potentialAction":[{"@type":"CommentAction","name":"Comment","target":["https:\/\/www.africa-press.net\/niger\/culture-et-art\/education-les-avis-sont-partages-pour-les-conges-de-fin-du-deuxieme-trimestre#respond"]}]},{"@type":"WebPage","@id":"https:\/\/www.africa-press.net\/niger\/culture-et-art\/education-les-avis-sont-partages-pour-les-conges-de-fin-du-deuxieme-trimestre","url":"https:\/\/www.africa-press.net\/niger\/culture-et-art\/education-les-avis-sont-partages-pour-les-conges-de-fin-du-deuxieme-trimestre","name":"Education : Les avis sont partag\u00e9s pour les cong\u00e9s de fin du deuxi\u00e8me trimestre - niger","isPartOf":{"@id":"https:\/\/www.africa-press.net\/niger\/#website"},"primaryImageOfPage":{"@id":"https:\/\/www.africa-press.net\/niger\/culture-et-art\/education-les-avis-sont-partages-pour-les-conges-de-fin-du-deuxieme-trimestre#primaryimage"},"image":{"@id":"https:\/\/www.africa-press.net\/niger\/culture-et-art\/education-les-avis-sont-partages-pour-les-conges-de-fin-du-deuxieme-trimestre#primaryimage"},"thumbnailUrl":"https:\/\/static.africa-press.net\/niger\/sites\/40\/2024\/03\/sm_1711037503.67911.jpg","datePublished":"2024-03-21T18:02:43+00:00","dateModified":"2024-03-22T07:01:08+00:00","author":{"@id":"https:\/\/www.africa-press.net\/niger\/#\/schema\/person\/2b1cf3cd81a31e3cd26889ca66d677f1"},"description":"L\u2019anne\u0301e scolaire 2023-2024 se de\u0301roule normalement dans la re\u0301gion de Dosso. Le deuxie\u0300me trimestre qui s\u2019ache\u0300ve, s\u2019es ...","breadcrumb":{"@id":"https:\/\/www.africa-press.net\/niger\/culture-et-art\/education-les-avis-sont-partages-pour-les-conges-de-fin-du-deuxieme-trimestre#breadcrumb"},"inLanguage":"fr-FR","potentialAction":[{"@type":"ReadAction","target":["https:\/\/www.africa-press.net\/niger\/culture-et-art\/education-les-avis-sont-partages-pour-les-conges-de-fin-du-deuxieme-trimestre"]}]},{"@type":"ImageObject","inLanguage":"fr-FR","@id":"https:\/\/www.africa-press.net\/niger\/culture-et-art\/education-les-avis-sont-partages-pour-les-conges-de-fin-du-deuxieme-trimestre#primaryimage","url":"https:\/\/static.africa-press.net\/niger\/sites\/40\/2024\/03\/sm_1711037503.67911.jpg","contentUrl":"https:\/\/static.africa-press.net\/niger\/sites\/40\/2024\/03\/sm_1711037503.67911.jpg","width":720,"height":479,"caption":"Education : Les avis sont partag\u00e9s pour les cong\u00e9s de fin du deuxi\u00e8me trimestre"},{"@type":"BreadcrumbList","@id":"https:\/\/www.africa-press.net\/niger\/culture-et-art\/education-les-avis-sont-partages-pour-les-conges-de-fin-du-deuxieme-trimestre#breadcrumb","itemListElement":[{"@type":"ListItem","position":1,"name":"Accueil","item":"https:\/\/www.africa-press.net\/niger\/"},{"@type":"ListItem","position":2,"name":"Education : Les avis sont partag\u00e9s pour les cong\u00e9s de fin du deuxi\u00e8me trimestre"}]},{"@type":"WebSite","@id":"https:\/\/www.africa-press.net\/niger\/#website","url":"https:\/\/www.africa-press.net\/niger\/","name":"niger","description":"Just another Africa News Agency Sites site","potentialAction":[{"@type":"SearchAction","target":{"@type":"EntryPoint","urlTemplate":"https:\/\/www.africa-press.net\/niger\/?s={search_term_string}"},"query-input":{"@type":"PropertyValueSpecification","valueRequired":true,"valueName":"search_term_string"}}],"inLanguage":"fr-FR"},{"@type":"Person","@id":"https:\/\/www.africa-press.net\/niger\/#\/schema\/person\/2b1cf3cd81a31e3cd26889ca66d677f1","name":"cfeditorfr"}]}},"_links":{"self":[{"href":"https:\/\/www.africa-press.net\/niger\/wp-json\/wp\/v2\/posts\/60322","targetHints":{"allow":["GET"]}}],"collection":[{"href":"https:\/\/www.africa-press.net\/niger\/wp-json\/wp\/v2\/posts"}],"about":[{"href":"https:\/\/www.africa-press.net\/niger\/wp-json\/wp\/v2\/types\/post"}],"author":[{"embeddable":true,"href":"https:\/\/www.africa-press.net\/niger\/wp-json\/wp\/v2\/users\/82"}],"replies":[{"embeddable":true,"href":"https:\/\/www.africa-press.net\/niger\/wp-json\/wp\/v2\/comments?post=60322"}],"version-history":[{"count":0,"href":"https:\/\/www.africa-press.net\/niger\/wp-json\/wp\/v2\/posts\/60322\/revisions"}],"wp:featuredmedia":[{"embeddable":true,"href":"https:\/\/www.africa-press.net\/niger\/wp-json\/wp\/v2\/media\/60321"}],"wp:attachment":[{"href":"https:\/\/www.africa-press.net\/niger\/wp-json\/wp\/v2\/media?parent=60322"}],"wp:term":[{"taxonomy":"category","embeddable":true,"href":"https:\/\/www.africa-press.net\/niger\/wp-json\/wp\/v2\/categories?post=60322"},{"taxonomy":"post_tag","embeddable":true,"href":"https:\/\/www.africa-press.net\/niger\/wp-json\/wp\/v2\/tags?post=60322"}],"curies":[{"name":"wp","href":"https:\/\/api.w.org\/{rel}","templated":true}]}}