{"id":60324,"date":"2024-03-21T18:03:07","date_gmt":"2024-03-21T18:03:07","guid":{"rendered":"https:\/\/www.africa-press.net\/niger\/politique\/lancement-a-tahoua-de-loperation-de-vente-des-cereales-a-prix-modere"},"modified":"2024-03-22T07:01:29","modified_gmt":"2024-03-22T07:01:29","slug":"lancement-a-tahoua-de-loperation-de-vente-des-cereales-a-prix-modere","status":"publish","type":"post","link":"https:\/\/www.africa-press.net\/niger\/toutes-les-actualites\/lancement-a-tahoua-de-loperation-de-vente-des-cereales-a-prix-modere","title":{"rendered":"Lancement \u00e0 Tahoua de l&rsquo;op\u00e9ration de vente des c\u00e9r\u00e9ales \u00e0 prix mod\u00e9r\u00e9"},"content":{"rendered":"<p><span style=\"color: #ff6600\"><strong>Africa-Press &#8211; Niger. <\/strong><\/span>Le Gouverneur de la re\u0301gion de Tahoua Colonel Major Oumarou Tawaye\u0301 en compagnie de ses proches collaborateurs a proce\u0301de\u0301 ce jeudi 21 mars 2024 au lancement de l&rsquo;ope\u0301ration de vente des ce\u0301re\u0301ales a\u0300 prix mode\u0301re\u0301 au quartier Zoulanke\u0301 de la ville de Tahoua.<\/p>\n<p>Cette ope\u0301ration vise a\u0300 permettre aux me\u0301nages en inse\u0301curite\u0301 alimentaire mode\u0301re\u0301 d&rsquo;acce\u0301der plus facilement aux ce\u0301re\u0301ales et a\u0300 prote\u0301ger leurs moyens d&rsquo;existence. Ainsi au niveau de la re\u0301gion de Tahoua toutes les 44 communes des 12 de\u0301partements et de la ville de Tahoua sont be\u0301ne\u0301ficiaires de cette ope\u0301ration dans la premie\u0300re phase avec 2800 tonnes en faveur de 28200 me\u0301nages soit 197400 personnes. Cette quantite\u0301 augmentera a\u0300 partir du mois de mai pour atteindre 3700 tonnes et touchera 37000 me\u0301nages soit 259000 personnes par mois dans la re\u0301gion.<\/p>\n<p>Dans son intervention a\u0300 cette occasion le Gouverneur de la re\u0301gion de Tahoua s&rsquo;est re\u0301joui de prendre part a\u0300 cette importante ce\u0301re\u0301monie qui consacre le lancement de vente des ce\u0301re\u0301ales a\u0300 prix mode\u0301re\u0301 mis en \u0153uvre par le Dispositif National de pre\u0301vention et de gestion des crises alimentaires (DNPGCA).Il a par la suite adresse\u0301 ses remerciements aux plus hautes autorite\u0301s nige\u0301riennes pour cet important appui en faveur des populations vulne\u0301rables de notre re\u0301gion. Le Gouverneur a aussi rappele\u0301 les modalite\u0301s de mise en \u0153uvre de cette ope\u0301ration en pre\u0301cisant que les stocks seront place\u0301s au niveau des chefs-lieux des communes par l&rsquo;Office des produits vivriers du Niger (OPVN) et seront par la suite achemine\u0301s au niveau des diffe\u0301rents centres secondaires de vente sous la responsabilite\u0301 des pre\u0301fets. Le Gouverneur a e\u0301galement rappele\u0301 conforme\u0301ment aux directives du Gouvernement les ventes doivent se faire a\u0300 l&rsquo;unite\u0301 de mesure locale et s&rsquo;e\u0301taler dans le temps afin de favoriser une re\u0301gulation des prix sur les marche\u0301s. Le prix de vente e\u0301tabli a\u030013.000 FCFA le sac de ce\u0301re\u0301ales de 100 Kg (mil, sorgho, mai\u0308s) a-t-il annonce\u0301. Chaque chef-lieu de commune constitue un lieu de vente et d&rsquo;autres centres secondaires de vente seront cre\u0301e\u0301s pour rapprocher les stocks des be\u0301ne\u0301ficiaires a fait savoir le Gouverneur. Il a souligne\u0301 que cette ope\u0301ration vient a\u0300 point nomme\u0301 car elle s&rsquo;inte\u0300gre dans le plan de re\u0301silience pour la sauvegarde de la patrie des autorite\u0301s de la Transition a\u0300 leur te\u0302te le Pre\u0301sident du CNSP, Chef de l&rsquo;E\u0301tat le Ge\u0301ne\u0301ral Abdourahamane Tiani et le Premier Ministre Ali Mahamane Lamine Zeine. Enfin, le Gouverneur a souhaite\u0301 plein succe\u0300s a\u0300 cette ope\u0301ration et prie\u0301 pour la paix au pays en ce mois be\u0301ni de Ramadan.<\/p>\n<p><strong>Pour plus d&rsquo;informations et d&rsquo;analyses sur la <a href=\"https:\/\/www.africa-press.net\/niger\">Niger<\/a>, suivez <a href=\"https:\/\/www.africa-press.net\/\">Africa-Press<\/a><\/strong><\/p>\n","protected":false},"excerpt":{"rendered":"<p>Africa-Press &#8211; Niger. Le Gouverneur de la re\u0301gion de Tahoua Colonel Major Oumarou Tawaye\u0301 en compagnie de ses proches collaborateurs a proce\u0301de\u0301 ce jeudi 21 mars 2024 au lancement de l&rsquo;ope\u0301ration de vente des ce\u0301re\u0301ales a\u0300 prix mode\u0301re\u0301 au quartier Zoulanke\u0301 de la ville de Tahoua. Cette ope\u0301ration vise a\u0300 permettre aux me\u0301nages en inse\u0301curite\u0301 [&hellip;]<\/p>\n","protected":false},"author":82,"featured_media":60323,"comment_status":"open","ping_status":"closed","sticky":false,"template":"","format":"standard","meta":{"footnotes":""},"categories":[21,10],"tags":[55,60,29],"class_list":["post-60324","post","type-post","status-publish","format-standard","has-post-thumbnail","hentry","category-communaute","category-toutes-les-actualites","tag-africa-press","tag-africa-press-niger","tag-niger"],"yoast_head":"<!-- This site is optimized with the Yoast SEO Premium plugin v26.1 (Yoast SEO v27.0) - https:\/\/yoast.com\/product\/yoast-seo-premium-wordpress\/ -->\n<title>Lancement \u00e0 Tahoua de l&#039;op\u00e9ration de vente des c\u00e9r\u00e9ales \u00e0 prix mod\u00e9r\u00e9 - niger<\/title>\n<meta name=\"description\" content=\"Le Gouverneur de la re\u0301gion de Tahoua Colonel Major Oumarou Tawaye\u0301 en compagnie de ses proches collaborateurs a proce\u0301d ...\" \/>\n<meta name=\"robots\" content=\"index, follow, max-snippet:-1, max-image-preview:large, max-video-preview:-1\" \/>\n<link rel=\"canonical\" href=\"https:\/\/www.africa-press.net\/niger\/toutes-les-actualites\/lancement-a-tahoua-de-loperation-de-vente-des-cereales-a-prix-modere\" \/>\n<meta property=\"og:locale\" content=\"fr_FR\" \/>\n<meta property=\"og:type\" content=\"article\" \/>\n<meta property=\"og:title\" content=\"Lancement \u00e0 Tahoua de l&#039;op\u00e9ration de vente des c\u00e9r\u00e9ales \u00e0 prix mod\u00e9r\u00e9\" \/>\n<meta property=\"og:description\" content=\"Le Gouverneur de la re\u0301gion de Tahoua Colonel Major Oumarou Tawaye\u0301 en compagnie de ses proches collaborateurs a proce\u0301d ...\" \/>\n<meta property=\"og:url\" content=\"https:\/\/www.africa-press.net\/niger\/toutes-les-actualites\/lancement-a-tahoua-de-loperation-de-vente-des-cereales-a-prix-modere\" \/>\n<meta property=\"og:site_name\" content=\"niger\" \/>\n<meta property=\"article:published_time\" content=\"2024-03-21T18:03:07+00:00\" \/>\n<meta property=\"article:modified_time\" content=\"2024-03-22T07:01:29+00:00\" \/>\n<meta property=\"og:image\" content=\"https:\/\/static.africa-press.net\/niger\/sites\/40\/2024\/03\/sm_1711037553.023297.jpg\" \/>\n\t<meta property=\"og:image:width\" content=\"1024\" \/>\n\t<meta property=\"og:image:height\" content=\"768\" \/>\n\t<meta property=\"og:image:type\" content=\"image\/jpeg\" \/>\n<meta name=\"author\" content=\"cfeditorfr\" \/>\n<meta name=\"twitter:card\" content=\"summary_large_image\" \/>\n<meta name=\"twitter:label1\" content=\"\u00c9crit par\" \/>\n\t<meta name=\"twitter:data1\" content=\"cfeditorfr\" \/>\n\t<meta name=\"twitter:label2\" content=\"Dur\u00e9e de lecture estim\u00e9e\" \/>\n\t<meta name=\"twitter:data2\" content=\"2 minutes\" \/>\n<script type=\"application\/ld+json\" class=\"yoast-schema-graph\">{\"@context\":\"https:\/\/schema.org\",\"@graph\":[{\"@type\":\"Article\",\"@id\":\"https:\/\/www.africa-press.net\/niger\/toutes-les-actualites\/lancement-a-tahoua-de-loperation-de-vente-des-cereales-a-prix-modere#article\",\"isPartOf\":{\"@id\":\"https:\/\/www.africa-press.net\/niger\/toutes-les-actualites\/lancement-a-tahoua-de-loperation-de-vente-des-cereales-a-prix-modere\"},\"author\":{\"name\":\"cfeditorfr\",\"@id\":\"https:\/\/www.africa-press.net\/niger\/#\/schema\/person\/2b1cf3cd81a31e3cd26889ca66d677f1\"},\"headline\":\"Lancement \u00e0 Tahoua de l&rsquo;op\u00e9ration de vente des c\u00e9r\u00e9ales \u00e0 prix mod\u00e9r\u00e9\",\"datePublished\":\"2024-03-21T18:03:07+00:00\",\"dateModified\":\"2024-03-22T07:01:29+00:00\",\"mainEntityOfPage\":{\"@id\":\"https:\/\/www.africa-press.net\/niger\/toutes-les-actualites\/lancement-a-tahoua-de-loperation-de-vente-des-cereales-a-prix-modere\"},\"wordCount\":511,\"commentCount\":0,\"image\":{\"@id\":\"https:\/\/www.africa-press.net\/niger\/toutes-les-actualites\/lancement-a-tahoua-de-loperation-de-vente-des-cereales-a-prix-modere#primaryimage\"},\"thumbnailUrl\":\"https:\/\/static.africa-press.net\/niger\/sites\/40\/2024\/03\/sm_1711037553.023297.jpg\",\"keywords\":[\"Africa Press\",\"Africa Press-Niger\",\"Niger\"],\"articleSection\":[\"Communaut\u00e9\",\"Toutes les actualit\u00e9s\"],\"inLanguage\":\"fr-FR\",\"potentialAction\":[{\"@type\":\"CommentAction\",\"name\":\"Comment\",\"target\":[\"https:\/\/www.africa-press.net\/niger\/toutes-les-actualites\/lancement-a-tahoua-de-loperation-de-vente-des-cereales-a-prix-modere#respond\"]}]},{\"@type\":\"WebPage\",\"@id\":\"https:\/\/www.africa-press.net\/niger\/toutes-les-actualites\/lancement-a-tahoua-de-loperation-de-vente-des-cereales-a-prix-modere\",\"url\":\"https:\/\/www.africa-press.net\/niger\/toutes-les-actualites\/lancement-a-tahoua-de-loperation-de-vente-des-cereales-a-prix-modere\",\"name\":\"Lancement \u00e0 Tahoua de l'op\u00e9ration de vente des c\u00e9r\u00e9ales \u00e0 prix mod\u00e9r\u00e9 - niger\",\"isPartOf\":{\"@id\":\"https:\/\/www.africa-press.net\/niger\/#website\"},\"primaryImageOfPage\":{\"@id\":\"https:\/\/www.africa-press.net\/niger\/toutes-les-actualites\/lancement-a-tahoua-de-loperation-de-vente-des-cereales-a-prix-modere#primaryimage\"},\"image\":{\"@id\":\"https:\/\/www.africa-press.net\/niger\/toutes-les-actualites\/lancement-a-tahoua-de-loperation-de-vente-des-cereales-a-prix-modere#primaryimage\"},\"thumbnailUrl\":\"https:\/\/static.africa-press.net\/niger\/sites\/40\/2024\/03\/sm_1711037553.023297.jpg\",\"datePublished\":\"2024-03-21T18:03:07+00:00\",\"dateModified\":\"2024-03-22T07:01:29+00:00\",\"author\":{\"@id\":\"https:\/\/www.africa-press.net\/niger\/#\/schema\/person\/2b1cf3cd81a31e3cd26889ca66d677f1\"},\"description\":\"Le Gouverneur de la re\u0301gion de Tahoua Colonel Major Oumarou Tawaye\u0301 en compagnie de ses proches collaborateurs a proce\u0301d ...\",\"breadcrumb\":{\"@id\":\"https:\/\/www.africa-press.net\/niger\/toutes-les-actualites\/lancement-a-tahoua-de-loperation-de-vente-des-cereales-a-prix-modere#breadcrumb\"},\"inLanguage\":\"fr-FR\",\"potentialAction\":[{\"@type\":\"ReadAction\",\"target\":[\"https:\/\/www.africa-press.net\/niger\/toutes-les-actualites\/lancement-a-tahoua-de-loperation-de-vente-des-cereales-a-prix-modere\"]}]},{\"@type\":\"ImageObject\",\"inLanguage\":\"fr-FR\",\"@id\":\"https:\/\/www.africa-press.net\/niger\/toutes-les-actualites\/lancement-a-tahoua-de-loperation-de-vente-des-cereales-a-prix-modere#primaryimage\",\"url\":\"https:\/\/static.africa-press.net\/niger\/sites\/40\/2024\/03\/sm_1711037553.023297.jpg\",\"contentUrl\":\"https:\/\/static.africa-press.net\/niger\/sites\/40\/2024\/03\/sm_1711037553.023297.jpg\",\"width\":1024,\"height\":768,\"caption\":\"Lancement \u00e0 Tahoua de l'op\u00e9ration de vente des c\u00e9r\u00e9ales \u00e0 prix mod\u00e9r\u00e9\"},{\"@type\":\"BreadcrumbList\",\"@id\":\"https:\/\/www.africa-press.net\/niger\/toutes-les-actualites\/lancement-a-tahoua-de-loperation-de-vente-des-cereales-a-prix-modere#breadcrumb\",\"itemListElement\":[{\"@type\":\"ListItem\",\"position\":1,\"name\":\"Accueil\",\"item\":\"https:\/\/www.africa-press.net\/niger\/\"},{\"@type\":\"ListItem\",\"position\":2,\"name\":\"Lancement \u00e0 Tahoua de l&#8217;op\u00e9ration de vente des c\u00e9r\u00e9ales \u00e0 prix mod\u00e9r\u00e9\"}]},{\"@type\":\"WebSite\",\"@id\":\"https:\/\/www.africa-press.net\/niger\/#website\",\"url\":\"https:\/\/www.africa-press.net\/niger\/\",\"name\":\"niger\",\"description\":\"Just another Africa News Agency Sites site\",\"potentialAction\":[{\"@type\":\"SearchAction\",\"target\":{\"@type\":\"EntryPoint\",\"urlTemplate\":\"https:\/\/www.africa-press.net\/niger\/?s={search_term_string}\"},\"query-input\":{\"@type\":\"PropertyValueSpecification\",\"valueRequired\":true,\"valueName\":\"search_term_string\"}}],\"inLanguage\":\"fr-FR\"},{\"@type\":\"Person\",\"@id\":\"https:\/\/www.africa-press.net\/niger\/#\/schema\/person\/2b1cf3cd81a31e3cd26889ca66d677f1\",\"name\":\"cfeditorfr\"}]}<\/script>\n<!-- \/ Yoast SEO Premium plugin. -->","yoast_head_json":{"title":"Lancement \u00e0 Tahoua de l'op\u00e9ration de vente des c\u00e9r\u00e9ales \u00e0 prix mod\u00e9r\u00e9 - niger","description":"Le Gouverneur de la re\u0301gion de Tahoua Colonel Major Oumarou Tawaye\u0301 en compagnie de ses proches collaborateurs a proce\u0301d ...","robots":{"index":"index","follow":"follow","max-snippet":"max-snippet:-1","max-image-preview":"max-image-preview:large","max-video-preview":"max-video-preview:-1"},"canonical":"https:\/\/www.africa-press.net\/niger\/toutes-les-actualites\/lancement-a-tahoua-de-loperation-de-vente-des-cereales-a-prix-modere","og_locale":"fr_FR","og_type":"article","og_title":"Lancement \u00e0 Tahoua de l'op\u00e9ration de vente des c\u00e9r\u00e9ales \u00e0 prix mod\u00e9r\u00e9","og_description":"Le Gouverneur de la re\u0301gion de Tahoua Colonel Major Oumarou Tawaye\u0301 en compagnie de ses proches collaborateurs a proce\u0301d ...","og_url":"https:\/\/www.africa-press.net\/niger\/toutes-les-actualites\/lancement-a-tahoua-de-loperation-de-vente-des-cereales-a-prix-modere","og_site_name":"niger","article_published_time":"2024-03-21T18:03:07+00:00","article_modified_time":"2024-03-22T07:01:29+00:00","og_image":[{"width":1024,"height":768,"url":"https:\/\/static.africa-press.net\/niger\/sites\/40\/2024\/03\/sm_1711037553.023297.jpg","type":"image\/jpeg"}],"author":"cfeditorfr","twitter_card":"summary_large_image","twitter_misc":{"\u00c9crit par":"cfeditorfr","Dur\u00e9e de lecture estim\u00e9e":"2 minutes"},"schema":{"@context":"https:\/\/schema.org","@graph":[{"@type":"Article","@id":"https:\/\/www.africa-press.net\/niger\/toutes-les-actualites\/lancement-a-tahoua-de-loperation-de-vente-des-cereales-a-prix-modere#article","isPartOf":{"@id":"https:\/\/www.africa-press.net\/niger\/toutes-les-actualites\/lancement-a-tahoua-de-loperation-de-vente-des-cereales-a-prix-modere"},"author":{"name":"cfeditorfr","@id":"https:\/\/www.africa-press.net\/niger\/#\/schema\/person\/2b1cf3cd81a31e3cd26889ca66d677f1"},"headline":"Lancement \u00e0 Tahoua de l&rsquo;op\u00e9ration de vente des c\u00e9r\u00e9ales \u00e0 prix mod\u00e9r\u00e9","datePublished":"2024-03-21T18:03:07+00:00","dateModified":"2024-03-22T07:01:29+00:00","mainEntityOfPage":{"@id":"https:\/\/www.africa-press.net\/niger\/toutes-les-actualites\/lancement-a-tahoua-de-loperation-de-vente-des-cereales-a-prix-modere"},"wordCount":511,"commentCount":0,"image":{"@id":"https:\/\/www.africa-press.net\/niger\/toutes-les-actualites\/lancement-a-tahoua-de-loperation-de-vente-des-cereales-a-prix-modere#primaryimage"},"thumbnailUrl":"https:\/\/static.africa-press.net\/niger\/sites\/40\/2024\/03\/sm_1711037553.023297.jpg","keywords":["Africa Press","Africa Press-Niger","Niger"],"articleSection":["Communaut\u00e9","Toutes les actualit\u00e9s"],"inLanguage":"fr-FR","potentialAction":[{"@type":"CommentAction","name":"Comment","target":["https:\/\/www.africa-press.net\/niger\/toutes-les-actualites\/lancement-a-tahoua-de-loperation-de-vente-des-cereales-a-prix-modere#respond"]}]},{"@type":"WebPage","@id":"https:\/\/www.africa-press.net\/niger\/toutes-les-actualites\/lancement-a-tahoua-de-loperation-de-vente-des-cereales-a-prix-modere","url":"https:\/\/www.africa-press.net\/niger\/toutes-les-actualites\/lancement-a-tahoua-de-loperation-de-vente-des-cereales-a-prix-modere","name":"Lancement \u00e0 Tahoua de l'op\u00e9ration de vente des c\u00e9r\u00e9ales \u00e0 prix mod\u00e9r\u00e9 - niger","isPartOf":{"@id":"https:\/\/www.africa-press.net\/niger\/#website"},"primaryImageOfPage":{"@id":"https:\/\/www.africa-press.net\/niger\/toutes-les-actualites\/lancement-a-tahoua-de-loperation-de-vente-des-cereales-a-prix-modere#primaryimage"},"image":{"@id":"https:\/\/www.africa-press.net\/niger\/toutes-les-actualites\/lancement-a-tahoua-de-loperation-de-vente-des-cereales-a-prix-modere#primaryimage"},"thumbnailUrl":"https:\/\/static.africa-press.net\/niger\/sites\/40\/2024\/03\/sm_1711037553.023297.jpg","datePublished":"2024-03-21T18:03:07+00:00","dateModified":"2024-03-22T07:01:29+00:00","author":{"@id":"https:\/\/www.africa-press.net\/niger\/#\/schema\/person\/2b1cf3cd81a31e3cd26889ca66d677f1"},"description":"Le Gouverneur de la re\u0301gion de Tahoua Colonel Major Oumarou Tawaye\u0301 en compagnie de ses proches collaborateurs a proce\u0301d ...","breadcrumb":{"@id":"https:\/\/www.africa-press.net\/niger\/toutes-les-actualites\/lancement-a-tahoua-de-loperation-de-vente-des-cereales-a-prix-modere#breadcrumb"},"inLanguage":"fr-FR","potentialAction":[{"@type":"ReadAction","target":["https:\/\/www.africa-press.net\/niger\/toutes-les-actualites\/lancement-a-tahoua-de-loperation-de-vente-des-cereales-a-prix-modere"]}]},{"@type":"ImageObject","inLanguage":"fr-FR","@id":"https:\/\/www.africa-press.net\/niger\/toutes-les-actualites\/lancement-a-tahoua-de-loperation-de-vente-des-cereales-a-prix-modere#primaryimage","url":"https:\/\/static.africa-press.net\/niger\/sites\/40\/2024\/03\/sm_1711037553.023297.jpg","contentUrl":"https:\/\/static.africa-press.net\/niger\/sites\/40\/2024\/03\/sm_1711037553.023297.jpg","width":1024,"height":768,"caption":"Lancement \u00e0 Tahoua de l'op\u00e9ration de vente des c\u00e9r\u00e9ales \u00e0 prix mod\u00e9r\u00e9"},{"@type":"BreadcrumbList","@id":"https:\/\/www.africa-press.net\/niger\/toutes-les-actualites\/lancement-a-tahoua-de-loperation-de-vente-des-cereales-a-prix-modere#breadcrumb","itemListElement":[{"@type":"ListItem","position":1,"name":"Accueil","item":"https:\/\/www.africa-press.net\/niger\/"},{"@type":"ListItem","position":2,"name":"Lancement \u00e0 Tahoua de l&#8217;op\u00e9ration de vente des c\u00e9r\u00e9ales \u00e0 prix mod\u00e9r\u00e9"}]},{"@type":"WebSite","@id":"https:\/\/www.africa-press.net\/niger\/#website","url":"https:\/\/www.africa-press.net\/niger\/","name":"niger","description":"Just another Africa News Agency Sites site","potentialAction":[{"@type":"SearchAction","target":{"@type":"EntryPoint","urlTemplate":"https:\/\/www.africa-press.net\/niger\/?s={search_term_string}"},"query-input":{"@type":"PropertyValueSpecification","valueRequired":true,"valueName":"search_term_string"}}],"inLanguage":"fr-FR"},{"@type":"Person","@id":"https:\/\/www.africa-press.net\/niger\/#\/schema\/person\/2b1cf3cd81a31e3cd26889ca66d677f1","name":"cfeditorfr"}]}},"_links":{"self":[{"href":"https:\/\/www.africa-press.net\/niger\/wp-json\/wp\/v2\/posts\/60324","targetHints":{"allow":["GET"]}}],"collection":[{"href":"https:\/\/www.africa-press.net\/niger\/wp-json\/wp\/v2\/posts"}],"about":[{"href":"https:\/\/www.africa-press.net\/niger\/wp-json\/wp\/v2\/types\/post"}],"author":[{"embeddable":true,"href":"https:\/\/www.africa-press.net\/niger\/wp-json\/wp\/v2\/users\/82"}],"replies":[{"embeddable":true,"href":"https:\/\/www.africa-press.net\/niger\/wp-json\/wp\/v2\/comments?post=60324"}],"version-history":[{"count":0,"href":"https:\/\/www.africa-press.net\/niger\/wp-json\/wp\/v2\/posts\/60324\/revisions"}],"wp:featuredmedia":[{"embeddable":true,"href":"https:\/\/www.africa-press.net\/niger\/wp-json\/wp\/v2\/media\/60323"}],"wp:attachment":[{"href":"https:\/\/www.africa-press.net\/niger\/wp-json\/wp\/v2\/media?parent=60324"}],"wp:term":[{"taxonomy":"category","embeddable":true,"href":"https:\/\/www.africa-press.net\/niger\/wp-json\/wp\/v2\/categories?post=60324"},{"taxonomy":"post_tag","embeddable":true,"href":"https:\/\/www.africa-press.net\/niger\/wp-json\/wp\/v2\/tags?post=60324"}],"curies":[{"name":"wp","href":"https:\/\/api.w.org\/{rel}","templated":true}]}}